{"id":102782,"date":"2024-06-05T15:40:13","date_gmt":"2024-06-05T18:40:13","guid":{"rendered":"https:\/\/cebb.org.br\/?p=102782"},"modified":"2024-06-26T17:53:19","modified_gmt":"2024-06-26T20:53:19","slug":"palestra-com-lama-padma-samten-as-cinco-sabedorias-a-sabedoria-discriminativa","status":"publish","type":"post","link":"https:\/\/cebb.org.br\/en\/palestra-com-lama-padma-samten-as-cinco-sabedorias-a-sabedoria-discriminativa\/","title":{"rendered":"Palestra com Lama Padma Samten &#8211; As Cinco Sabedorias | A Sabedoria Discriminativa"},"content":{"rendered":"<p>Neste terceiro encontro, mergulharemos na Sabedoria Discriminativa. Esta sabedoria investiga e compreende cada elemento do mundo como um n\u00f3 que tece as realidades em que habitamos. \u00c9 a sabedoria que estrutura a nossa vida quando queremos ajudar.<\/p>\n<p>Esta palestra \u00e9 realizada em colabora\u00e7\u00e3o com a Escola Caminho do Meio, que visa o desenvolvimento integral das crian\u00e7as, baseada nessas sabedorias. Em cada palestra, teremos a participa\u00e7\u00e3o de uma pessoa do corpo docente da escola, compartilhando como essas sabedorias se manifestam no cotidiano escolar.<\/p>\n<p>&nbsp;<\/p>\n<p><em>\u201cExistem cinco qualidades b\u00fadicas que se conectam diretamente com a felicidade: sabedoria do espelho; sabedoria da igualdade; sabedoria discriminativa, no sentido da realidade das coisas; sabedoria da causalidade, em que n\u00f3s entendemos que a\u00e7\u00f5es de um tipo s\u00e3o favor\u00e1veis porque produzir\u00e3o felicidade, e a\u00e7\u00f5es de outro tipo s\u00e3o desfavor\u00e1veis porque causar\u00e3o problema; e, finalmente, a sabedoria de Darmata, que \u00e9 a sabedoria da natureza espiritual de todos os seres, da natureza transcendente, daquilo que n\u00e3o nasce e n\u00e3o morre dentro de cada ser que se manifesta num mundo amplo e complexo. Essa \u00e9 a vis\u00e3o que \u00e9 apresentada, no budismo, como um caminho que nos leva \u00e0 felicidade e nos retira da dimens\u00e3o de sofrimento.\u201d<\/em><\/p>\n<p><i>Lama Padma Samten no Semin\u00e1rio Internacional da Paz, em setembro de 2021. (<\/i><a href=\"https:\/\/bodisatva.com.br\/as-cinco-sabedorias-no-caminho-budista\/\"><i>https:\/\/bodisatva.com.br\/as-cinco-sabedorias-no-caminho-budista\/<\/i><\/a><i>)<\/i><\/p>\n<p>&nbsp;<\/p>\n<h4>Sobre a Escola Caminho do Meio<\/h4>\n<p>A Escola Caminho do Meio nasceu a partir do sonho de Lama Padma Samten, dentro da comunidade budista e ao lado do templo do <b>Bodhisattva Center for Buddhist Studies<\/b>. Buscando traduzir essa base espiritual de forma n\u00e3o-religiosa, a Escola visa, desde a primeira inf\u00e2ncia, o contato de cada crian\u00e7a com suas dimens\u00f5es mais profundas e, com isso, uma rela\u00e7\u00e3o com o mundo que seja saud\u00e1vel, interessada, criativa e transformadora.<\/p>\n<p>Entendemos que as atividades da escola, incluindo os conte\u00fados e as habilidades, precisam estar ancoradas em uma vis\u00e3o mais profunda de mundo e de sujeito. Na Escola Caminho do Meio, a base da vis\u00e3o s\u00e3o as Cinco Sabedorias do Budismo Tibetano, como cinco faces da liberdade e da compaix\u00e3o fundamentais da nossa mente. Elas se estruturam como os cinco eixos pedag\u00f3gicos da escola, que tamb\u00e9m definem o ritmo escolar, estruturam os projetos e s\u00e3o oferecidas regularmente nas forma\u00e7\u00f5es para a equipe e para as fam\u00edlias.<\/p>\n<h4>Palestra com Lama Padma Samten<\/h4>\n<p>\u00c9 com alegria que anunciamos que, neste ano, Lama Padma Samten dar\u00e1 cinco palestras, cada encontro sobre uma das sabedorias. As palestras acontecer\u00e3o de forma online, na mesma \u00e9poca em que a Escola Caminho do Meio tamb\u00e9m estar\u00e1 vivenciando o bimestre espec\u00edfico daquela sabedoria.<\/p>\n<p>Lama Samten \u00e9 fundador da Escola Caminho do Meio e orientou, desde o in\u00edcio, a proposta pedag\u00f3gica, escolhendo As Cinco Sabedorias como eixo principal para a organiza\u00e7\u00e3o do plano anual.<\/p>\n<p>Em cada palestra haver\u00e1 a presen\u00e7a de uma pessoa da equipe da ECM que dar\u00e1 a sua contribui\u00e7\u00e3o sobre como acontece a pr\u00e1tica dessas sabedorias no cotidiano escolar.<\/p>\n<p>A palestra sobre a Sabedoria do Igualdade vai acontecer no dia 11 de abril, \u00e0s 20h. E as outras datas ser\u00e3o divulgadas ao longo do ano.<\/p>\n<blockquote><p><strong>Tema: <\/strong>A Sabedoria da Discriminativa<br \/>\n<strong>Data: <\/strong>13 de junho de 2024, \u00e0s 20h<\/p><\/blockquote>\n<p>&nbsp;<\/p>\n<h4><strong>Inscri\u00e7\u00e3o e Pr\u00e1tica de Generosidade<\/strong><\/h4>\n<p><b>Contribui\u00e7\u00e3o sugerida e pr\u00e1tica de generosidade<br \/>\n<\/b>Sua inscri\u00e7\u00e3o e acesso online para as palestras independe de contribui\u00e7\u00e3o financeira. Caso lhe seja poss\u00edvel contribuir, o valor sugerido \u00e9 de R$60,00.<b><br \/>\n<\/b><\/p>\n<blockquote><p>Contribui\u00e7\u00e3o para:<br \/>\nInstituto Caminho do Meio<br \/>\nCNPJ: 09.661.172\/0001-80<br \/>\nBanco do Brasil S. A.<br \/>\nChave PIX: (51)99123-0530<\/p><\/blockquote>\n<p><strong>Para se inscrever, clique aqui: <\/strong><a href=\"https:\/\/forms.gle\/2P6AiCXUM332kGxTA\">https:\/\/forms.gle\/2P6AiCXUM332kGxTA<\/a><\/p>\n<p>Sua contribui\u00e7\u00e3o apoiar\u00e1 as atividades da Escola Caminho do Meio.<br \/>\n<em>The practice of Dana Paramita - perfection of generosity - makes it possible to continue the teachings from the time of the Buddha. The six paramitas - generosity, morality, peace, constant energy, concentration and wisdom - inspire the practice and are the generative and sustaining basis of the CEBB Sangha's centers for study, meditation, hospitality and initiatives for education, environmental protection, Pure Lands and the Culture of Peace.<\/em><\/p>","protected":false},"excerpt":{"rendered":"<p>13 de junho de 2024, \u00e0s 20h<\/p>","protected":false},"author":48,"featured_media":102828,"comment_status":"open","ping_status":"open","sticky":false,"template":"","format":"standard","meta":{"footnotes":""},"categories":[341],"tags":[],"class_list":["post-102782","post","type-post","status-publish","format-standard","has-post-thumbnail","hentry","category-eventos-passados"],"yoast_head":"<!-- This site is optimized with the Yoast SEO plugin v27.5 - https:\/\/yoast.com\/product\/yoast-seo-wordpress\/ -->\n<title>Palestra com Lama Padma Samten - As Cinco Sabedorias | A Sabedoria Discriminativa - Centro de Estudos Budistas Bodisatva<\/title>\n<meta name=\"robots\" content=\"index, follow, max-snippet:-1, max-image-preview:large, max-video-preview:-1\" \/>\n<link rel=\"canonical\" href=\"https:\/\/cebb.org.br\/en\/palestra-com-lama-padma-samten-as-cinco-sabedorias-a-sabedoria-discriminativa\/\" \/>\n<meta property=\"og:locale\" content=\"en_GB\" \/>\n<meta property=\"og:type\" content=\"article\" \/>\n<meta property=\"og:title\" content=\"Palestra com Lama Padma Samten - As Cinco Sabedorias | A Sabedoria Discriminativa - Centro de Estudos Budistas Bodisatva\" \/>\n<meta property=\"og:description\" content=\"13 de junho de 2024, \u00e0s 20h\" \/>\n<meta property=\"og:url\" content=\"https:\/\/cebb.org.br\/en\/palestra-com-lama-padma-samten-as-cinco-sabedorias-a-sabedoria-discriminativa\/\" \/>\n<meta property=\"og:site_name\" content=\"Centro de Estudos Budistas Bodisatva\" \/>\n<meta property=\"article:publisher\" content=\"https:\/\/pt-br.facebook.com\/cebb108\" \/>\n<meta property=\"article:published_time\" content=\"2024-06-05T18:40:13+00:00\" \/>\n<meta property=\"article:modified_time\" content=\"2024-06-26T20:53:19+00:00\" \/>\n<meta property=\"og:image\" content=\"https:\/\/cebb.org.br\/wp-content\/uploads\/2021\/06\/Imagem-do-WhatsApp-de-2024-06-04-as-19.46.39_2a709d2e.jpg\" \/>\n\t<meta property=\"og:image:width\" content=\"1080\" \/>\n\t<meta property=\"og:image:height\" content=\"1080\" \/>\n\t<meta property=\"og:image:type\" content=\"image\/jpeg\" \/>\n<meta name=\"author\" content=\"elencezar\" \/>\n<meta name=\"twitter:card\" content=\"summary_large_image\" \/>\n<meta name=\"twitter:label1\" content=\"Written by\" \/>\n\t<meta name=\"twitter:data1\" content=\"elencezar\" \/>\n\t<meta name=\"twitter:label2\" content=\"Estimated reading time\" \/>\n\t<meta name=\"twitter:data2\" content=\"4 minutes\" \/>\n<script type=\"application\/ld+json\" class=\"yoast-schema-graph\">{\"@context\":\"https:\\\/\\\/schema.org\",\"@graph\":[{\"@type\":\"Article\",\"@id\":\"https:\\\/\\\/cebb.org.br\\\/en\\\/palestra-com-lama-padma-samten-as-cinco-sabedorias-a-sabedoria-discriminativa\\\/#article\",\"isPartOf\":{\"@id\":\"https:\\\/\\\/cebb.org.br\\\/en\\\/palestra-com-lama-padma-samten-as-cinco-sabedorias-a-sabedoria-discriminativa\\\/\"},\"author\":{\"name\":\"elencezar\",\"@id\":\"https:\\\/\\\/cebb.org.br\\\/#\\\/schema\\\/person\\\/bb00a956f52df380e5f2544b21327767\"},\"headline\":\"Palestra com Lama Padma Samten &#8211; As Cinco Sabedorias | A Sabedoria Discriminativa\",\"datePublished\":\"2024-06-05T18:40:13+00:00\",\"dateModified\":\"2024-06-26T20:53:19+00:00\",\"mainEntityOfPage\":{\"@id\":\"https:\\\/\\\/cebb.org.br\\\/en\\\/palestra-com-lama-padma-samten-as-cinco-sabedorias-a-sabedoria-discriminativa\\\/\"},\"wordCount\":717,\"commentCount\":0,\"publisher\":{\"@id\":\"https:\\\/\\\/cebb.org.br\\\/#organization\"},\"image\":{\"@id\":\"https:\\\/\\\/cebb.org.br\\\/en\\\/palestra-com-lama-padma-samten-as-cinco-sabedorias-a-sabedoria-discriminativa\\\/#primaryimage\"},\"thumbnailUrl\":\"https:\\\/\\\/cebb.org.br\\\/wp-content\\\/uploads\\\/2021\\\/06\\\/Imagem-do-WhatsApp-de-2024-06-04-as-19.46.39_2a709d2e.jpg\",\"articleSection\":[\"Eventos Passados\"],\"inLanguage\":\"en-GB\",\"potentialAction\":[{\"@type\":\"CommentAction\",\"name\":\"Comment\",\"target\":[\"https:\\\/\\\/cebb.org.br\\\/en\\\/palestra-com-lama-padma-samten-as-cinco-sabedorias-a-sabedoria-discriminativa\\\/#respond\"]}]},{\"@type\":\"WebPage\",\"@id\":\"https:\\\/\\\/cebb.org.br\\\/en\\\/palestra-com-lama-padma-samten-as-cinco-sabedorias-a-sabedoria-discriminativa\\\/\",\"url\":\"https:\\\/\\\/cebb.org.br\\\/en\\\/palestra-com-lama-padma-samten-as-cinco-sabedorias-a-sabedoria-discriminativa\\\/\",\"name\":\"Palestra com Lama Padma Samten - As Cinco Sabedorias | A Sabedoria Discriminativa - Centro de Estudos Budistas Bodisatva\",\"isPartOf\":{\"@id\":\"https:\\\/\\\/cebb.org.br\\\/#website\"},\"primaryImageOfPage\":{\"@id\":\"https:\\\/\\\/cebb.org.br\\\/en\\\/palestra-com-lama-padma-samten-as-cinco-sabedorias-a-sabedoria-discriminativa\\\/#primaryimage\"},\"image\":{\"@id\":\"https:\\\/\\\/cebb.org.br\\\/en\\\/palestra-com-lama-padma-samten-as-cinco-sabedorias-a-sabedoria-discriminativa\\\/#primaryimage\"},\"thumbnailUrl\":\"https:\\\/\\\/cebb.org.br\\\/wp-content\\\/uploads\\\/2021\\\/06\\\/Imagem-do-WhatsApp-de-2024-06-04-as-19.46.39_2a709d2e.jpg\",\"datePublished\":\"2024-06-05T18:40:13+00:00\",\"dateModified\":\"2024-06-26T20:53:19+00:00\",\"breadcrumb\":{\"@id\":\"https:\\\/\\\/cebb.org.br\\\/en\\\/palestra-com-lama-padma-samten-as-cinco-sabedorias-a-sabedoria-discriminativa\\\/#breadcrumb\"},\"inLanguage\":\"en-GB\",\"potentialAction\":[{\"@type\":\"ReadAction\",\"target\":[\"https:\\\/\\\/cebb.org.br\\\/en\\\/palestra-com-lama-padma-samten-as-cinco-sabedorias-a-sabedoria-discriminativa\\\/\"]}]},{\"@type\":\"ImageObject\",\"inLanguage\":\"en-GB\",\"@id\":\"https:\\\/\\\/cebb.org.br\\\/en\\\/palestra-com-lama-padma-samten-as-cinco-sabedorias-a-sabedoria-discriminativa\\\/#primaryimage\",\"url\":\"https:\\\/\\\/cebb.org.br\\\/wp-content\\\/uploads\\\/2021\\\/06\\\/Imagem-do-WhatsApp-de-2024-06-04-as-19.46.39_2a709d2e.jpg\",\"contentUrl\":\"https:\\\/\\\/cebb.org.br\\\/wp-content\\\/uploads\\\/2021\\\/06\\\/Imagem-do-WhatsApp-de-2024-06-04-as-19.46.39_2a709d2e.jpg\",\"width\":1080,\"height\":1080},{\"@type\":\"BreadcrumbList\",\"@id\":\"https:\\\/\\\/cebb.org.br\\\/en\\\/palestra-com-lama-padma-samten-as-cinco-sabedorias-a-sabedoria-discriminativa\\\/#breadcrumb\",\"itemListElement\":[{\"@type\":\"ListItem\",\"position\":1,\"name\":\"Home\",\"item\":\"https:\\\/\\\/cebb.org.br\\\/\"},{\"@type\":\"ListItem\",\"position\":2,\"name\":\"Palestra com Lama Padma Samten &#8211; As Cinco Sabedorias | A Sabedoria Discriminativa\"}]},{\"@type\":\"WebSite\",\"@id\":\"https:\\\/\\\/cebb.org.br\\\/#website\",\"url\":\"https:\\\/\\\/cebb.org.br\\\/\",\"name\":\"Centro de Estudos Budistas Bodisatva\",\"description\":\"Budismo, medita\u00e7\u00e3o e cultura de paz | Lama Padma Samten\",\"publisher\":{\"@id\":\"https:\\\/\\\/cebb.org.br\\\/#organization\"},\"potentialAction\":[{\"@type\":\"SearchAction\",\"target\":{\"@type\":\"EntryPoint\",\"urlTemplate\":\"https:\\\/\\\/cebb.org.br\\\/?s={search_term_string}\"},\"query-input\":{\"@type\":\"PropertyValueSpecification\",\"valueRequired\":true,\"valueName\":\"search_term_string\"}}],\"inLanguage\":\"en-GB\"},{\"@type\":\"Organization\",\"@id\":\"https:\\\/\\\/cebb.org.br\\\/#organization\",\"name\":\"Centro de Estudos Budistas Bodisatva\",\"url\":\"https:\\\/\\\/cebb.org.br\\\/\",\"logo\":{\"@type\":\"ImageObject\",\"inLanguage\":\"en-GB\",\"@id\":\"https:\\\/\\\/cebb.org.br\\\/#\\\/schema\\\/logo\\\/image\\\/\",\"url\":\"http:\\\/\\\/18.230.164.79\\\/wp-content\\\/uploads\\\/2011\\\/03\\\/logosalvador-peq-e1660064979551.jpg\",\"contentUrl\":\"http:\\\/\\\/18.230.164.79\\\/wp-content\\\/uploads\\\/2011\\\/03\\\/logosalvador-peq-e1660064979551.jpg\",\"width\":280,\"height\":231,\"caption\":\"Centro de Estudos Budistas Bodisatva\"},\"image\":{\"@id\":\"https:\\\/\\\/cebb.org.br\\\/#\\\/schema\\\/logo\\\/image\\\/\"},\"sameAs\":[\"https:\\\/\\\/pt-br.facebook.com\\\/cebb108\",\"https:\\\/\\\/www.instagram.com\\\/cebbcaminhodomeio\\\/\"]},{\"@type\":\"Person\",\"@id\":\"https:\\\/\\\/cebb.org.br\\\/#\\\/schema\\\/person\\\/bb00a956f52df380e5f2544b21327767\",\"name\":\"elencezar\",\"image\":{\"@type\":\"ImageObject\",\"inLanguage\":\"en-GB\",\"@id\":\"https:\\\/\\\/secure.gravatar.com\\\/avatar\\\/4a448ad17d8302d4ba8e5c7be6583cd414ebe1e4f0061c9944fe74729a74863a?s=96&d=mm&r=g\",\"url\":\"https:\\\/\\\/secure.gravatar.com\\\/avatar\\\/4a448ad17d8302d4ba8e5c7be6583cd414ebe1e4f0061c9944fe74729a74863a?s=96&d=mm&r=g\",\"contentUrl\":\"https:\\\/\\\/secure.gravatar.com\\\/avatar\\\/4a448ad17d8302d4ba8e5c7be6583cd414ebe1e4f0061c9944fe74729a74863a?s=96&d=mm&r=g\",\"caption\":\"elencezar\"},\"url\":\"https:\\\/\\\/cebb.org.br\\\/en\\\/author\\\/elencezar\\\/\"}]}<\/script>\n<!-- \/ Yoast SEO plugin. -->","yoast_head_json":{"title":"Palestra com Lama Padma Samten - As Cinco Sabedorias | A Sabedoria Discriminativa - Centro de Estudos Budistas Bodisatva","robots":{"index":"index","follow":"follow","max-snippet":"max-snippet:-1","max-image-preview":"max-image-preview:large","max-video-preview":"max-video-preview:-1"},"canonical":"https:\/\/cebb.org.br\/en\/palestra-com-lama-padma-samten-as-cinco-sabedorias-a-sabedoria-discriminativa\/","og_locale":"en_GB","og_type":"article","og_title":"Palestra com Lama Padma Samten - As Cinco Sabedorias | A Sabedoria Discriminativa - Centro de Estudos Budistas Bodisatva","og_description":"13 de junho de 2024, \u00e0s 20h","og_url":"https:\/\/cebb.org.br\/en\/palestra-com-lama-padma-samten-as-cinco-sabedorias-a-sabedoria-discriminativa\/","og_site_name":"Centro de Estudos Budistas Bodisatva","article_publisher":"https:\/\/pt-br.facebook.com\/cebb108","article_published_time":"2024-06-05T18:40:13+00:00","article_modified_time":"2024-06-26T20:53:19+00:00","og_image":[{"width":1080,"height":1080,"url":"https:\/\/cebb.org.br\/wp-content\/uploads\/2021\/06\/Imagem-do-WhatsApp-de-2024-06-04-as-19.46.39_2a709d2e.jpg","type":"image\/jpeg"}],"author":"elencezar","twitter_card":"summary_large_image","twitter_misc":{"Written by":"elencezar","Estimated reading time":"4 minutes"},"schema":{"@context":"https:\/\/schema.org","@graph":[{"@type":"Article","@id":"https:\/\/cebb.org.br\/en\/palestra-com-lama-padma-samten-as-cinco-sabedorias-a-sabedoria-discriminativa\/#article","isPartOf":{"@id":"https:\/\/cebb.org.br\/en\/palestra-com-lama-padma-samten-as-cinco-sabedorias-a-sabedoria-discriminativa\/"},"author":{"name":"elencezar","@id":"https:\/\/cebb.org.br\/#\/schema\/person\/bb00a956f52df380e5f2544b21327767"},"headline":"Palestra com Lama Padma Samten &#8211; As Cinco Sabedorias | A Sabedoria Discriminativa","datePublished":"2024-06-05T18:40:13+00:00","dateModified":"2024-06-26T20:53:19+00:00","mainEntityOfPage":{"@id":"https:\/\/cebb.org.br\/en\/palestra-com-lama-padma-samten-as-cinco-sabedorias-a-sabedoria-discriminativa\/"},"wordCount":717,"commentCount":0,"publisher":{"@id":"https:\/\/cebb.org.br\/#organization"},"image":{"@id":"https:\/\/cebb.org.br\/en\/palestra-com-lama-padma-samten-as-cinco-sabedorias-a-sabedoria-discriminativa\/#primaryimage"},"thumbnailUrl":"https:\/\/cebb.org.br\/wp-content\/uploads\/2021\/06\/Imagem-do-WhatsApp-de-2024-06-04-as-19.46.39_2a709d2e.jpg","articleSection":["Eventos Passados"],"inLanguage":"en-GB","potentialAction":[{"@type":"CommentAction","name":"Comment","target":["https:\/\/cebb.org.br\/en\/palestra-com-lama-padma-samten-as-cinco-sabedorias-a-sabedoria-discriminativa\/#respond"]}]},{"@type":"WebPage","@id":"https:\/\/cebb.org.br\/en\/palestra-com-lama-padma-samten-as-cinco-sabedorias-a-sabedoria-discriminativa\/","url":"https:\/\/cebb.org.br\/en\/palestra-com-lama-padma-samten-as-cinco-sabedorias-a-sabedoria-discriminativa\/","name":"Palestra com Lama Padma Samten - As Cinco Sabedorias | A Sabedoria Discriminativa - Centro de Estudos Budistas Bodisatva","isPartOf":{"@id":"https:\/\/cebb.org.br\/#website"},"primaryImageOfPage":{"@id":"https:\/\/cebb.org.br\/en\/palestra-com-lama-padma-samten-as-cinco-sabedorias-a-sabedoria-discriminativa\/#primaryimage"},"image":{"@id":"https:\/\/cebb.org.br\/en\/palestra-com-lama-padma-samten-as-cinco-sabedorias-a-sabedoria-discriminativa\/#primaryimage"},"thumbnailUrl":"https:\/\/cebb.org.br\/wp-content\/uploads\/2021\/06\/Imagem-do-WhatsApp-de-2024-06-04-as-19.46.39_2a709d2e.jpg","datePublished":"2024-06-05T18:40:13+00:00","dateModified":"2024-06-26T20:53:19+00:00","breadcrumb":{"@id":"https:\/\/cebb.org.br\/en\/palestra-com-lama-padma-samten-as-cinco-sabedorias-a-sabedoria-discriminativa\/#breadcrumb"},"inLanguage":"en-GB","potentialAction":[{"@type":"ReadAction","target":["https:\/\/cebb.org.br\/en\/palestra-com-lama-padma-samten-as-cinco-sabedorias-a-sabedoria-discriminativa\/"]}]},{"@type":"ImageObject","inLanguage":"en-GB","@id":"https:\/\/cebb.org.br\/en\/palestra-com-lama-padma-samten-as-cinco-sabedorias-a-sabedoria-discriminativa\/#primaryimage","url":"https:\/\/cebb.org.br\/wp-content\/uploads\/2021\/06\/Imagem-do-WhatsApp-de-2024-06-04-as-19.46.39_2a709d2e.jpg","contentUrl":"https:\/\/cebb.org.br\/wp-content\/uploads\/2021\/06\/Imagem-do-WhatsApp-de-2024-06-04-as-19.46.39_2a709d2e.jpg","width":1080,"height":1080},{"@type":"BreadcrumbList","@id":"https:\/\/cebb.org.br\/en\/palestra-com-lama-padma-samten-as-cinco-sabedorias-a-sabedoria-discriminativa\/#breadcrumb","itemListElement":[{"@type":"ListItem","position":1,"name":"Home","item":"https:\/\/cebb.org.br\/"},{"@type":"ListItem","position":2,"name":"Palestra com Lama Padma Samten &#8211; As Cinco Sabedorias | A Sabedoria Discriminativa"}]},{"@type":"WebSite","@id":"https:\/\/cebb.org.br\/#website","url":"https:\/\/cebb.org.br\/","name":"Bodhisattva Center for Buddhist Studies","description":"Budismo, medita\u00e7\u00e3o e cultura de paz | Lama Padma Samten","publisher":{"@id":"https:\/\/cebb.org.br\/#organization"},"potentialAction":[{"@type":"SearchAction","target":{"@type":"EntryPoint","urlTemplate":"https:\/\/cebb.org.br\/?s={search_term_string}"},"query-input":{"@type":"PropertyValueSpecification","valueRequired":true,"valueName":"search_term_string"}}],"inLanguage":"en-GB"},{"@type":"Organization","@id":"https:\/\/cebb.org.br\/#organization","name":"Bodhisattva Center for Buddhist Studies","url":"https:\/\/cebb.org.br\/","logo":{"@type":"ImageObject","inLanguage":"en-GB","@id":"https:\/\/cebb.org.br\/#\/schema\/logo\/image\/","url":"http:\/\/18.230.164.79\/wp-content\/uploads\/2011\/03\/logosalvador-peq-e1660064979551.jpg","contentUrl":"http:\/\/18.230.164.79\/wp-content\/uploads\/2011\/03\/logosalvador-peq-e1660064979551.jpg","width":280,"height":231,"caption":"Centro de Estudos Budistas Bodisatva"},"image":{"@id":"https:\/\/cebb.org.br\/#\/schema\/logo\/image\/"},"sameAs":["https:\/\/pt-br.facebook.com\/cebb108","https:\/\/www.instagram.com\/cebbcaminhodomeio\/"]},{"@type":"Person","@id":"https:\/\/cebb.org.br\/#\/schema\/person\/bb00a956f52df380e5f2544b21327767","name":"elencezar","image":{"@type":"ImageObject","inLanguage":"en-GB","@id":"https:\/\/secure.gravatar.com\/avatar\/4a448ad17d8302d4ba8e5c7be6583cd414ebe1e4f0061c9944fe74729a74863a?s=96&d=mm&r=g","url":"https:\/\/secure.gravatar.com\/avatar\/4a448ad17d8302d4ba8e5c7be6583cd414ebe1e4f0061c9944fe74729a74863a?s=96&d=mm&r=g","contentUrl":"https:\/\/secure.gravatar.com\/avatar\/4a448ad17d8302d4ba8e5c7be6583cd414ebe1e4f0061c9944fe74729a74863a?s=96&d=mm&r=g","caption":"elencezar"},"url":"https:\/\/cebb.org.br\/en\/author\/elencezar\/"}]}},"_links":{"self":[{"href":"https:\/\/cebb.org.br\/en\/wp-json\/wp\/v2\/posts\/102782","targetHints":{"allow":["GET"]}}],"collection":[{"href":"https:\/\/cebb.org.br\/en\/wp-json\/wp\/v2\/posts"}],"about":[{"href":"https:\/\/cebb.org.br\/en\/wp-json\/wp\/v2\/types\/post"}],"author":[{"embeddable":true,"href":"https:\/\/cebb.org.br\/en\/wp-json\/wp\/v2\/users\/48"}],"replies":[{"embeddable":true,"href":"https:\/\/cebb.org.br\/en\/wp-json\/wp\/v2\/comments?post=102782"}],"version-history":[{"count":2,"href":"https:\/\/cebb.org.br\/en\/wp-json\/wp\/v2\/posts\/102782\/revisions"}],"predecessor-version":[{"id":102829,"href":"https:\/\/cebb.org.br\/en\/wp-json\/wp\/v2\/posts\/102782\/revisions\/102829"}],"wp:featuredmedia":[{"embeddable":true,"href":"https:\/\/cebb.org.br\/en\/wp-json\/wp\/v2\/media\/102828"}],"wp:attachment":[{"href":"https:\/\/cebb.org.br\/en\/wp-json\/wp\/v2\/media?parent=102782"}],"wp:term":[{"taxonomy":"category","embeddable":true,"href":"https:\/\/cebb.org.br\/en\/wp-json\/wp\/v2\/categories?post=102782"},{"taxonomy":"post_tag","embeddable":true,"href":"https:\/\/cebb.org.br\/en\/wp-json\/wp\/v2\/tags?post=102782"}],"curies":[{"name":"wp","href":"https:\/\/api.w.org\/{rel}","templated":true}]}}