{"id":105997,"date":"2024-08-29T09:40:58","date_gmt":"2024-08-29T12:40:58","guid":{"rendered":"https:\/\/cebb.org.br\/?p=105997"},"modified":"2024-12-16T14:51:01","modified_gmt":"2024-12-16T17:51:01","slug":"retiro-da-iluminacao-do-buda-2024","status":"publish","type":"post","link":"https:\/\/cebb.org.br\/en\/retiro-da-iluminacao-do-buda-2024\/","title":{"rendered":"Retiro da Ilumina\u00e7\u00e3o do Buda 2024"},"content":{"rendered":"<p><strong><span style=\"color: #000000;\">Retiro da Ilumina\u00e7\u00e3o do Buda<br \/>\ncom Lama Padma Samten<br \/>\n1 a 8 de dezembro de 2024<br \/>\nCEBB Caminho do Meio<\/span><\/strong><\/p>\n<p><!--more--><\/p>\n<p>&nbsp;<\/p>\n<p>O Retiro da Ilumina\u00e7\u00e3o do Buda inicia no dia 1\u00ba de dezembro e culmina no momento em que, no dia 8 de dezembro, a estrela da manh\u00e3 surge no horizonte, o momento simb\u00f3lico no qual, nas tradi\u00e7\u00f5es budistas chinesas e japonesas, o Buda hist\u00f3rico (Buda Shakiamuni &#8211; Sidarta Gautama) atinge a ilumina\u00e7\u00e3o.<\/p>\n<p>&nbsp;<\/p>\n<p>Neste retiro tradicional, Lama Padma Samten oferecer\u00e1 ensinamentos sobre a natureza da mente e sobre como podemos desenvolver lucidez em meio \u00e0s circunst\u00e2ncias da vida a partir de um dos mais importantes ensinamentos do Buda: o <strong>Surangama Sutra<\/strong>.<\/p>\n<p>&nbsp;<\/p>\n<p>Nele, o Buda apresenta como praticar a partir da forma direta de ver e operar a mente, partindo da pr\u00f3pria vis\u00e3o e opera\u00e7\u00e3o comuns da mente, descortinando o caminho de lucidez direta que leva \u00e0 vis\u00e3o \u00faltima. Trata-se de um conjunto abrangente e multifacetado de ensinamentos em um \u00fanico corpo que dialoga perfeitamente com os ensinamentos da tradi\u00e7\u00e3o Pali, Mahayana e da Grande Perfei\u00e7\u00e3o, e com o roteiro de 21 itens do CEBB.<\/p>\n<p>&nbsp;<\/p>\n<h3>Programa\u00e7\u00e3o do Retiro<\/h3>\n<p><strong>In\u00edcio:<\/strong> domingo, dia 01\/12<br \/>\n<strong>T\u00e9rmino:<\/strong> domingo, dia 08\/12<\/p>\n<p>&nbsp;<\/p>\n<p><strong>De 1 a 7 de dezembro<\/strong><\/p>\n<ul>\n<li>5h30 &#8211; 7h | Medita\u00e7\u00e3o e Puja<\/li>\n<li>9h \u2013 12h | Medita\u00e7\u00e3o e Ensinamentos<\/li>\n<li>14h \u2013 17h | Medita\u00e7\u00e3o e Ensinamentos<\/li>\n<li>19h \u2013 20h | Puja da noite<\/li>\n<li>20h \u2013 21h30 | Perguntas e Respostas<\/li>\n<\/ul>\n<p>&nbsp;<\/p>\n<p><strong>Dia 8 de dezembro<\/strong><\/p>\n<ul>\n<li>5h30 &#8211; 6h10 | Medita\u00e7\u00e3o e Puja<\/li>\n<li>9h \u2013 12h | Medita\u00e7\u00e3o, Ensinamentos e Despedida<\/li>\n<\/ul>\n<p>&nbsp;<\/p>\n<p><em>(Aten\u00e7\u00e3o: os hor\u00e1rios e a programa\u00e7\u00e3o dos retiros est\u00e3o sujeitos a altera\u00e7\u00f5es.)<\/em><\/p>\n<p>&nbsp;<\/p>\n<p>&nbsp;<\/p>\n<h3>Inscri\u00e7\u00e3o Presencial &#8211; Retiro Aberto<\/h3>\n<a href=\"https:\/\/caminhodomeio.org.br\/product\/retiro-da-iluminacao-do-buda-1-a-8-12-2024\" class=\"su-button su-button-style-default\" style=\"color:#FFFFFF;background-color:#b8190d;border-color:#94140b;border-radius:5px\" target=\"_blank\" rel=\"noopener noreferrer\"><span style=\"color:#FFFFFF;padding:0px 16px;font-size:13px;line-height:26px;border-color:#ce5e56;border-radius:5px;text-shadow:none\"> Inscri\u00e7\u00e3o PRESENCIAL<\/span><\/a>\n<p>&nbsp;<\/p>\n<p>Contato referente \u00e0s inscri\u00e7\u00f5es presenciais:<\/p>\n<p>cebbcm@gmail.com | (51) 99799 8184 (WhatsApp) (atendimento de 2\u00aa a 6\u00aa das 13h30 \u00e0s 18h).<\/p>\n<p>&nbsp;<\/p>\n<h3><strong>Inscri\u00e7\u00e3o Online e Pr\u00e1tica de Generosidade<\/strong><\/h3>\n<p><em>Your registration and participation ONLINE are independent of any financial contribution.<\/em><\/p>\n<p><em>The practice of Dana Paramita - perfection of generosity - makes it possible to continue the teachings from the time of the Buddha. The six paramitas - generosity, morality, peace, constant energy, concentration and wisdom - inspire the practice and are the generative and sustaining basis of the CEBB Sangha's centers for study, meditation, hospitality and initiatives for education, environmental protection, Pure Lands and the Culture of Peace.<\/em><\/p>\n<p>&nbsp;<\/p>\n<a href=\"https:\/\/acaoparamita.com.br\/ensinamentos\/inscricao-retiro-iluminacao-buda-2024\/\" class=\"su-button su-button-style-default\" style=\"color:#FFFFFF;background-color:#b8190d;border-color:#94140b;border-radius:5px\" target=\"_blank\" rel=\"noopener noreferrer\"><span style=\"color:#FFFFFF;padding:0px 16px;font-size:13px;line-height:26px;border-color:#ce5e56;border-radius:5px;text-shadow:none\"> Inscri\u00e7\u00e3o ON-LINE<\/span><\/a>\n<p>&nbsp;<\/p>\n<p>Contato referente \u00e0s inscri\u00e7\u00f5es online:<\/p>\n<p>acaoparamita@gmail.com<\/p>\n<p>&nbsp;<\/p>\n<h3><strong>ONLINE Streaming<\/strong><\/h3>\n<p>O estudo ocorrer\u00e1 por transmiss\u00e3o online direta do CEBB Caminho do Meio, pelo Zoom e pelo canal Youtube do Lama Padma Samten. O link para a p\u00e1gina de acompanhamento do estudo, onde ser\u00e3o informados os links de cada per\u00edodo do estudo, ser\u00e1 enviado por um email-resposta ap\u00f3s o envio do formul\u00e1rio de inscri\u00e7\u00e3o. Caso n\u00e3o encontre o email-resposta em sua caixa de entrada, VERIFIQUE NA CAIXA DE SPAM ou em \u201cPROMO\u00c7\u00d5ES\u201d e marque como n\u00e3o-spam (caso esteja no SPAM). Pode ser \u00fatil incluir o endere\u00e7o (acaoparamita@gmail.com) na sua lista de contatos.<\/p>\n<p>&nbsp;<\/p>\n<p><img decoding=\"async\" class=\"alignleft wp-image-97115\" src=\"https:\/\/cebb.org.br\/wp-content\/uploads\/2023\/03\/whasapp-2-1-169x169.jpeg\" alt=\"\" width=\"43\" height=\"43\" srcset=\"https:\/\/cebb.org.br\/wp-content\/uploads\/2023\/03\/whasapp-2-1-169x169.jpeg 169w, https:\/\/cebb.org.br\/wp-content\/uploads\/2023\/03\/whasapp-2-1.jpeg 224w\" sizes=\"(max-width: 43px) 100vw, 43px\" \/><\/p>\n<h6><strong>Para receber a divulga\u00e7\u00e3o do CEBB CM por Whatsapp entre no grupo <a href=\"https:\/\/chat.whatsapp.com\/CfarsV8s391Kr8tUja6VE5\" target=\"_blank\" rel=\"noopener\">https:\/\/chat.whatsapp.com\/CfarsV8s391Kr8tUja6VE5<\/a><\/strong> (somente administradores podem enviar msgs)<br \/>\nOrganiza\u00e7\u00e3o: A\u00e7\u00e3o Paramita e CEBBs Caminho do Meio e Akanishta.<\/h6>\n<p>&nbsp;<\/p>","protected":false},"excerpt":{"rendered":"<p>1 a 8 de dezembro de 2024, Presencial (aberto e fechado) e Online<\/p>","protected":false},"author":79,"featured_media":110088,"comment_status":"open","ping_status":"open","sticky":false,"template":"","format":"standard","meta":{"footnotes":""},"categories":[365,377,341,344,356,364],"tags":[],"class_list":["post-105997","post","type-post","status-publish","format-standard","has-post-thumbnail","hentry","category-agenda","category-viamao","category-eventos-passados","category-lamasamten","category-retiro-sanga","category-treinamento"],"yoast_head":"<!-- This site is optimized with the Yoast SEO plugin v27.5 - https:\/\/yoast.com\/product\/yoast-seo-wordpress\/ -->\n<title>Retiro da Ilumina\u00e7\u00e3o do Buda 2024 - Centro de Estudos Budistas Bodisatva<\/title>\n<meta name=\"description\" content=\"Retiro da Ilumina\u00e7\u00e3o do Buda, com Lama Padma Samten, de 1 a 8 de dezembro, no CEBB Caminho do Meio, em Viam\u00e3o.\" \/>\n<meta name=\"robots\" content=\"index, follow, max-snippet:-1, max-image-preview:large, max-video-preview:-1\" \/>\n<link rel=\"canonical\" href=\"https:\/\/cebb.org.br\/en\/retiro-da-iluminacao-do-buda-2024\/\" \/>\n<meta property=\"og:locale\" content=\"en_GB\" \/>\n<meta property=\"og:type\" content=\"article\" \/>\n<meta property=\"og:title\" content=\"Retiro da Ilumina\u00e7\u00e3o do Buda 2024 - Centro de Estudos Budistas Bodisatva\" \/>\n<meta property=\"og:description\" content=\"Retiro da Ilumina\u00e7\u00e3o do Buda, com Lama Padma Samten, de 1 a 8 de dezembro, no CEBB Caminho do Meio, em Viam\u00e3o.\" \/>\n<meta property=\"og:url\" content=\"https:\/\/cebb.org.br\/en\/retiro-da-iluminacao-do-buda-2024\/\" \/>\n<meta property=\"og:site_name\" content=\"Centro de Estudos Budistas Bodisatva\" \/>\n<meta property=\"article:publisher\" content=\"https:\/\/pt-br.facebook.com\/cebb108\" \/>\n<meta property=\"article:published_time\" content=\"2024-08-29T12:40:58+00:00\" \/>\n<meta property=\"article:modified_time\" content=\"2024-12-16T17:51:01+00:00\" \/>\n<meta property=\"og:image\" content=\"https:\/\/cebb.org.br\/wp-content\/uploads\/2024\/08\/Iluminacao-Buda-2024.png\" \/>\n\t<meta property=\"og:image:width\" content=\"1192\" \/>\n\t<meta property=\"og:image:height\" content=\"662\" \/>\n\t<meta property=\"og:image:type\" content=\"image\/png\" \/>\n<meta name=\"author\" content=\"Coletivo Intersomos\" \/>\n<meta name=\"twitter:card\" content=\"summary_large_image\" \/>\n<meta name=\"twitter:label1\" content=\"Written by\" \/>\n\t<meta name=\"twitter:data1\" content=\"Coletivo Intersomos\" \/>\n\t<meta name=\"twitter:label2\" content=\"Estimated reading time\" \/>\n\t<meta name=\"twitter:data2\" content=\"4 minutes\" \/>\n<script type=\"application\/ld+json\" class=\"yoast-schema-graph\">{\"@context\":\"https:\\\/\\\/schema.org\",\"@graph\":[{\"@type\":\"Article\",\"@id\":\"https:\\\/\\\/cebb.org.br\\\/retiro-da-iluminacao-do-buda-2024\\\/#article\",\"isPartOf\":{\"@id\":\"https:\\\/\\\/cebb.org.br\\\/retiro-da-iluminacao-do-buda-2024\\\/\"},\"author\":{\"name\":\"Coletivo Intersomos\",\"@id\":\"https:\\\/\\\/cebb.org.br\\\/#\\\/schema\\\/person\\\/05a696a76f72d472c540f3d7a905f39c\"},\"headline\":\"Retiro da Ilumina\u00e7\u00e3o do Buda 2024\",\"datePublished\":\"2024-08-29T12:40:58+00:00\",\"dateModified\":\"2024-12-16T17:51:01+00:00\",\"mainEntityOfPage\":{\"@id\":\"https:\\\/\\\/cebb.org.br\\\/retiro-da-iluminacao-do-buda-2024\\\/\"},\"wordCount\":600,\"commentCount\":0,\"publisher\":{\"@id\":\"https:\\\/\\\/cebb.org.br\\\/#organization\"},\"image\":{\"@id\":\"https:\\\/\\\/cebb.org.br\\\/retiro-da-iluminacao-do-buda-2024\\\/#primaryimage\"},\"thumbnailUrl\":\"https:\\\/\\\/cebb.org.br\\\/wp-content\\\/uploads\\\/2024\\\/08\\\/Iluminacao-Buda-2024.png\",\"articleSection\":[\"Agenda do Lama Padma Samten\",\"CEBB Caminho do Meio\",\"Eventos Passados\",\"Lama Padma Samten\",\"Retiro\",\"Treinamento em vis\u00e3o e medita\u00e7\u00e3o\"],\"inLanguage\":\"en-GB\",\"potentialAction\":[{\"@type\":\"CommentAction\",\"name\":\"Comment\",\"target\":[\"https:\\\/\\\/cebb.org.br\\\/retiro-da-iluminacao-do-buda-2024\\\/#respond\"]}]},{\"@type\":\"WebPage\",\"@id\":\"https:\\\/\\\/cebb.org.br\\\/retiro-da-iluminacao-do-buda-2024\\\/\",\"url\":\"https:\\\/\\\/cebb.org.br\\\/retiro-da-iluminacao-do-buda-2024\\\/\",\"name\":\"Retiro da Ilumina\u00e7\u00e3o do Buda 2024 - Centro de Estudos Budistas Bodisatva\",\"isPartOf\":{\"@id\":\"https:\\\/\\\/cebb.org.br\\\/#website\"},\"primaryImageOfPage\":{\"@id\":\"https:\\\/\\\/cebb.org.br\\\/retiro-da-iluminacao-do-buda-2024\\\/#primaryimage\"},\"image\":{\"@id\":\"https:\\\/\\\/cebb.org.br\\\/retiro-da-iluminacao-do-buda-2024\\\/#primaryimage\"},\"thumbnailUrl\":\"https:\\\/\\\/cebb.org.br\\\/wp-content\\\/uploads\\\/2024\\\/08\\\/Iluminacao-Buda-2024.png\",\"datePublished\":\"2024-08-29T12:40:58+00:00\",\"dateModified\":\"2024-12-16T17:51:01+00:00\",\"description\":\"Retiro da Ilumina\u00e7\u00e3o do Buda, com Lama Padma Samten, de 1 a 8 de dezembro, no CEBB Caminho do Meio, em Viam\u00e3o.\",\"breadcrumb\":{\"@id\":\"https:\\\/\\\/cebb.org.br\\\/retiro-da-iluminacao-do-buda-2024\\\/#breadcrumb\"},\"inLanguage\":\"en-GB\",\"potentialAction\":[{\"@type\":\"ReadAction\",\"target\":[\"https:\\\/\\\/cebb.org.br\\\/retiro-da-iluminacao-do-buda-2024\\\/\"]}]},{\"@type\":\"ImageObject\",\"inLanguage\":\"en-GB\",\"@id\":\"https:\\\/\\\/cebb.org.br\\\/retiro-da-iluminacao-do-buda-2024\\\/#primaryimage\",\"url\":\"https:\\\/\\\/cebb.org.br\\\/wp-content\\\/uploads\\\/2024\\\/08\\\/Iluminacao-Buda-2024.png\",\"contentUrl\":\"https:\\\/\\\/cebb.org.br\\\/wp-content\\\/uploads\\\/2024\\\/08\\\/Iluminacao-Buda-2024.png\",\"width\":1192,\"height\":662},{\"@type\":\"BreadcrumbList\",\"@id\":\"https:\\\/\\\/cebb.org.br\\\/retiro-da-iluminacao-do-buda-2024\\\/#breadcrumb\",\"itemListElement\":[{\"@type\":\"ListItem\",\"position\":1,\"name\":\"Home\",\"item\":\"https:\\\/\\\/cebb.org.br\\\/\"},{\"@type\":\"ListItem\",\"position\":2,\"name\":\"Retiro da Ilumina\u00e7\u00e3o do Buda 2024\"}]},{\"@type\":\"WebSite\",\"@id\":\"https:\\\/\\\/cebb.org.br\\\/#website\",\"url\":\"https:\\\/\\\/cebb.org.br\\\/\",\"name\":\"Centro de Estudos Budistas Bodisatva\",\"description\":\"Budismo, medita\u00e7\u00e3o e cultura de paz | Lama Padma Samten\",\"publisher\":{\"@id\":\"https:\\\/\\\/cebb.org.br\\\/#organization\"},\"potentialAction\":[{\"@type\":\"SearchAction\",\"target\":{\"@type\":\"EntryPoint\",\"urlTemplate\":\"https:\\\/\\\/cebb.org.br\\\/?s={search_term_string}\"},\"query-input\":{\"@type\":\"PropertyValueSpecification\",\"valueRequired\":true,\"valueName\":\"search_term_string\"}}],\"inLanguage\":\"en-GB\"},{\"@type\":\"Organization\",\"@id\":\"https:\\\/\\\/cebb.org.br\\\/#organization\",\"name\":\"Centro de Estudos Budistas Bodisatva\",\"url\":\"https:\\\/\\\/cebb.org.br\\\/\",\"logo\":{\"@type\":\"ImageObject\",\"inLanguage\":\"en-GB\",\"@id\":\"https:\\\/\\\/cebb.org.br\\\/#\\\/schema\\\/logo\\\/image\\\/\",\"url\":\"http:\\\/\\\/18.230.164.79\\\/wp-content\\\/uploads\\\/2011\\\/03\\\/logosalvador-peq-e1660064979551.jpg\",\"contentUrl\":\"http:\\\/\\\/18.230.164.79\\\/wp-content\\\/uploads\\\/2011\\\/03\\\/logosalvador-peq-e1660064979551.jpg\",\"width\":280,\"height\":231,\"caption\":\"Centro de Estudos Budistas Bodisatva\"},\"image\":{\"@id\":\"https:\\\/\\\/cebb.org.br\\\/#\\\/schema\\\/logo\\\/image\\\/\"},\"sameAs\":[\"https:\\\/\\\/pt-br.facebook.com\\\/cebb108\",\"https:\\\/\\\/www.instagram.com\\\/cebbcaminhodomeio\\\/\"]},{\"@type\":\"Person\",\"@id\":\"https:\\\/\\\/cebb.org.br\\\/#\\\/schema\\\/person\\\/05a696a76f72d472c540f3d7a905f39c\",\"name\":\"Coletivo Intersomos\",\"image\":{\"@type\":\"ImageObject\",\"inLanguage\":\"en-GB\",\"@id\":\"https:\\\/\\\/secure.gravatar.com\\\/avatar\\\/5b3268ebf7c1516b7910dc782a9ef52986a33844353256fce20260189c5f6b83?s=96&d=mm&r=g\",\"url\":\"https:\\\/\\\/secure.gravatar.com\\\/avatar\\\/5b3268ebf7c1516b7910dc782a9ef52986a33844353256fce20260189c5f6b83?s=96&d=mm&r=g\",\"contentUrl\":\"https:\\\/\\\/secure.gravatar.com\\\/avatar\\\/5b3268ebf7c1516b7910dc782a9ef52986a33844353256fce20260189c5f6b83?s=96&d=mm&r=g\",\"caption\":\"Coletivo Intersomos\"},\"url\":\"https:\\\/\\\/cebb.org.br\\\/en\\\/author\\\/coletivo-intersomos\\\/\"}]}<\/script>\n<!-- \/ Yoast SEO plugin. -->","yoast_head_json":{"title":"Retiro da Ilumina\u00e7\u00e3o do Buda 2024 - Centro de Estudos Budistas Bodisatva","description":"Retiro da Ilumina\u00e7\u00e3o do Buda, com Lama Padma Samten, de 1 a 8 de dezembro, no CEBB Caminho do Meio, em Viam\u00e3o.","robots":{"index":"index","follow":"follow","max-snippet":"max-snippet:-1","max-image-preview":"max-image-preview:large","max-video-preview":"max-video-preview:-1"},"canonical":"https:\/\/cebb.org.br\/en\/retiro-da-iluminacao-do-buda-2024\/","og_locale":"en_GB","og_type":"article","og_title":"Retiro da Ilumina\u00e7\u00e3o do Buda 2024 - Centro de Estudos Budistas Bodisatva","og_description":"Retiro da Ilumina\u00e7\u00e3o do Buda, com Lama Padma Samten, de 1 a 8 de dezembro, no CEBB Caminho do Meio, em Viam\u00e3o.","og_url":"https:\/\/cebb.org.br\/en\/retiro-da-iluminacao-do-buda-2024\/","og_site_name":"Centro de Estudos Budistas Bodisatva","article_publisher":"https:\/\/pt-br.facebook.com\/cebb108","article_published_time":"2024-08-29T12:40:58+00:00","article_modified_time":"2024-12-16T17:51:01+00:00","og_image":[{"width":1192,"height":662,"url":"https:\/\/cebb.org.br\/wp-content\/uploads\/2024\/08\/Iluminacao-Buda-2024.png","type":"image\/png"}],"author":"Coletivo Intersomos","twitter_card":"summary_large_image","twitter_misc":{"Written by":"Coletivo Intersomos","Estimated reading time":"4 minutes"},"schema":{"@context":"https:\/\/schema.org","@graph":[{"@type":"Article","@id":"https:\/\/cebb.org.br\/retiro-da-iluminacao-do-buda-2024\/#article","isPartOf":{"@id":"https:\/\/cebb.org.br\/retiro-da-iluminacao-do-buda-2024\/"},"author":{"name":"Coletivo Intersomos","@id":"https:\/\/cebb.org.br\/#\/schema\/person\/05a696a76f72d472c540f3d7a905f39c"},"headline":"Retiro da Ilumina\u00e7\u00e3o do Buda 2024","datePublished":"2024-08-29T12:40:58+00:00","dateModified":"2024-12-16T17:51:01+00:00","mainEntityOfPage":{"@id":"https:\/\/cebb.org.br\/retiro-da-iluminacao-do-buda-2024\/"},"wordCount":600,"commentCount":0,"publisher":{"@id":"https:\/\/cebb.org.br\/#organization"},"image":{"@id":"https:\/\/cebb.org.br\/retiro-da-iluminacao-do-buda-2024\/#primaryimage"},"thumbnailUrl":"https:\/\/cebb.org.br\/wp-content\/uploads\/2024\/08\/Iluminacao-Buda-2024.png","articleSection":["Agenda do Lama Padma Samten","CEBB Caminho do Meio","Eventos Passados","Lama Padma Samten","Retiro","Treinamento em vis\u00e3o e medita\u00e7\u00e3o"],"inLanguage":"en-GB","potentialAction":[{"@type":"CommentAction","name":"Comment","target":["https:\/\/cebb.org.br\/retiro-da-iluminacao-do-buda-2024\/#respond"]}]},{"@type":"WebPage","@id":"https:\/\/cebb.org.br\/retiro-da-iluminacao-do-buda-2024\/","url":"https:\/\/cebb.org.br\/retiro-da-iluminacao-do-buda-2024\/","name":"Retiro da Ilumina\u00e7\u00e3o do Buda 2024 - Centro de Estudos Budistas Bodisatva","isPartOf":{"@id":"https:\/\/cebb.org.br\/#website"},"primaryImageOfPage":{"@id":"https:\/\/cebb.org.br\/retiro-da-iluminacao-do-buda-2024\/#primaryimage"},"image":{"@id":"https:\/\/cebb.org.br\/retiro-da-iluminacao-do-buda-2024\/#primaryimage"},"thumbnailUrl":"https:\/\/cebb.org.br\/wp-content\/uploads\/2024\/08\/Iluminacao-Buda-2024.png","datePublished":"2024-08-29T12:40:58+00:00","dateModified":"2024-12-16T17:51:01+00:00","description":"Retiro da Ilumina\u00e7\u00e3o do Buda, com Lama Padma Samten, de 1 a 8 de dezembro, no CEBB Caminho do Meio, em Viam\u00e3o.","breadcrumb":{"@id":"https:\/\/cebb.org.br\/retiro-da-iluminacao-do-buda-2024\/#breadcrumb"},"inLanguage":"en-GB","potentialAction":[{"@type":"ReadAction","target":["https:\/\/cebb.org.br\/retiro-da-iluminacao-do-buda-2024\/"]}]},{"@type":"ImageObject","inLanguage":"en-GB","@id":"https:\/\/cebb.org.br\/retiro-da-iluminacao-do-buda-2024\/#primaryimage","url":"https:\/\/cebb.org.br\/wp-content\/uploads\/2024\/08\/Iluminacao-Buda-2024.png","contentUrl":"https:\/\/cebb.org.br\/wp-content\/uploads\/2024\/08\/Iluminacao-Buda-2024.png","width":1192,"height":662},{"@type":"BreadcrumbList","@id":"https:\/\/cebb.org.br\/retiro-da-iluminacao-do-buda-2024\/#breadcrumb","itemListElement":[{"@type":"ListItem","position":1,"name":"Home","item":"https:\/\/cebb.org.br\/"},{"@type":"ListItem","position":2,"name":"Retiro da Ilumina\u00e7\u00e3o do Buda 2024"}]},{"@type":"WebSite","@id":"https:\/\/cebb.org.br\/#website","url":"https:\/\/cebb.org.br\/","name":"Bodhisattva Center for Buddhist Studies","description":"Budismo, medita\u00e7\u00e3o e cultura de paz | Lama Padma Samten","publisher":{"@id":"https:\/\/cebb.org.br\/#organization"},"potentialAction":[{"@type":"SearchAction","target":{"@type":"EntryPoint","urlTemplate":"https:\/\/cebb.org.br\/?s={search_term_string}"},"query-input":{"@type":"PropertyValueSpecification","valueRequired":true,"valueName":"search_term_string"}}],"inLanguage":"en-GB"},{"@type":"Organization","@id":"https:\/\/cebb.org.br\/#organization","name":"Bodhisattva Center for Buddhist Studies","url":"https:\/\/cebb.org.br\/","logo":{"@type":"ImageObject","inLanguage":"en-GB","@id":"https:\/\/cebb.org.br\/#\/schema\/logo\/image\/","url":"http:\/\/18.230.164.79\/wp-content\/uploads\/2011\/03\/logosalvador-peq-e1660064979551.jpg","contentUrl":"http:\/\/18.230.164.79\/wp-content\/uploads\/2011\/03\/logosalvador-peq-e1660064979551.jpg","width":280,"height":231,"caption":"Centro de Estudos Budistas Bodisatva"},"image":{"@id":"https:\/\/cebb.org.br\/#\/schema\/logo\/image\/"},"sameAs":["https:\/\/pt-br.facebook.com\/cebb108","https:\/\/www.instagram.com\/cebbcaminhodomeio\/"]},{"@type":"Person","@id":"https:\/\/cebb.org.br\/#\/schema\/person\/05a696a76f72d472c540f3d7a905f39c","name":"Coletivo Intersomos","image":{"@type":"ImageObject","inLanguage":"en-GB","@id":"https:\/\/secure.gravatar.com\/avatar\/5b3268ebf7c1516b7910dc782a9ef52986a33844353256fce20260189c5f6b83?s=96&d=mm&r=g","url":"https:\/\/secure.gravatar.com\/avatar\/5b3268ebf7c1516b7910dc782a9ef52986a33844353256fce20260189c5f6b83?s=96&d=mm&r=g","contentUrl":"https:\/\/secure.gravatar.com\/avatar\/5b3268ebf7c1516b7910dc782a9ef52986a33844353256fce20260189c5f6b83?s=96&d=mm&r=g","caption":"Coletivo Intersomos"},"url":"https:\/\/cebb.org.br\/en\/author\/coletivo-intersomos\/"}]}},"_links":{"self":[{"href":"https:\/\/cebb.org.br\/en\/wp-json\/wp\/v2\/posts\/105997","targetHints":{"allow":["GET"]}}],"collection":[{"href":"https:\/\/cebb.org.br\/en\/wp-json\/wp\/v2\/posts"}],"about":[{"href":"https:\/\/cebb.org.br\/en\/wp-json\/wp\/v2\/types\/post"}],"author":[{"embeddable":true,"href":"https:\/\/cebb.org.br\/en\/wp-json\/wp\/v2\/users\/79"}],"replies":[{"embeddable":true,"href":"https:\/\/cebb.org.br\/en\/wp-json\/wp\/v2\/comments?post=105997"}],"version-history":[{"count":25,"href":"https:\/\/cebb.org.br\/en\/wp-json\/wp\/v2\/posts\/105997\/revisions"}],"predecessor-version":[{"id":110147,"href":"https:\/\/cebb.org.br\/en\/wp-json\/wp\/v2\/posts\/105997\/revisions\/110147"}],"wp:featuredmedia":[{"embeddable":true,"href":"https:\/\/cebb.org.br\/en\/wp-json\/wp\/v2\/media\/110088"}],"wp:attachment":[{"href":"https:\/\/cebb.org.br\/en\/wp-json\/wp\/v2\/media?parent=105997"}],"wp:term":[{"taxonomy":"category","embeddable":true,"href":"https:\/\/cebb.org.br\/en\/wp-json\/wp\/v2\/categories?post=105997"},{"taxonomy":"post_tag","embeddable":true,"href":"https:\/\/cebb.org.br\/en\/wp-json\/wp\/v2\/tags?post=105997"}],"curies":[{"name":"wp","href":"https:\/\/api.w.org\/{rel}","templated":true}]}}