{"id":111903,"date":"2025-02-23T19:51:48","date_gmt":"2025-02-23T22:51:48","guid":{"rendered":"https:\/\/cebb.org.br\/?p=111903"},"modified":"2025-03-11T11:19:48","modified_gmt":"2025-03-11T14:19:48","slug":"retiro-de-verao-2025-cebb-akanishta-bacupari","status":"publish","type":"post","link":"https:\/\/cebb.org.br\/en\/retiro-de-verao-2025-cebb-akanishta-bacupari\/","title":{"rendered":"Retiro de Ver\u00e3o 2025 | CEBB Akanishta\/Bacupari"},"content":{"rendered":"<p><strong> 28\/02 a 09\/03 de 2025 | Retiro de Ver\u00e3o | CEBB Akanishta<br \/>\nA Pr\u00e1tica da Lucidez Rigpa, Prajna e Sati<br \/>\n<\/strong><!--more--><\/p>\n<p>&nbsp;<\/p>\n<p>O tema deste Retiro ser\u00e1 a pr\u00e1tica de medita\u00e7\u00e3o com foco na lucidez interna. Em seus ensinamentos, Lama Padma Samten oferecer\u00e1 tamb\u00e9m para nossas <strong>contempla\u00e7\u00f5es e pr\u00e1ticas a vis\u00e3o de Buddhagosa, em seu texto tradicional, Visudhhimagga<\/strong>.<\/p>\n<p>Ser\u00e1 um tempo para ouvir instru\u00e7\u00f5es diretas, realizar pr\u00e1ticas e usufruir das sess\u00f5es de perguntas e respostas. O retiro acontecer\u00e1 de forma online e est\u00e1 sendo organizado pela A\u00e7\u00e3o Paramita e pelo CEBB Akanishta. N\u00e3o h\u00e1 pr\u00e9-requisitos, \u00e9 um tempo certo para adentrar e aprofundar nos ensinamentos budistas que nos ajudam a viver a vida em todas as suas circunst\u00e2ncias.<\/p>\n<p>&nbsp;<\/p>\n<h2><strong>Programa\u00e7\u00e3o do Retiro<\/strong><\/h2>\n<p>Aten\u00e7\u00e3o: Os hor\u00e1rios e a programa\u00e7\u00e3o dos retiros est\u00e3o sujeitos a altera\u00e7\u00f5es<\/p>\n<p>&nbsp;<\/p>\n<p style=\"padding-left: 40px;\"><strong>28 de fevereiro<i><\/i><b><i><br \/>\n<\/i><\/b><\/strong>19h \u2013 20h: Puja da Noite (Zoom e Youtube)<br \/>\n20h \u2013 21h30: Perguntas e Respostas (Zoom e Youtube)<strong><b><i><br \/>\n<\/i><\/b><br \/>\n01 a 08 de mar\u00e7o<br \/>\n<\/strong>5h30 &#8211; 6h10 | Medita\u00e7\u00e3o<br \/>\n6h10 &#8211; 07h | Puja da manh\u00e3<br \/>\n9h &#8211; 12h | Ensinamentos<br \/>\n14h \u2013 17h |\u00a0 Medita\u00e7\u00e3o ou Ensinamentos<br \/>\n19h &#8211; 20h | Puja da noite<br \/>\n20h &#8211; 20h30 | Perguntas e Respostas<\/p>\n<p>&nbsp;<\/p>\n<p style=\"padding-left: 40px;\"><strong>09 de mar\u00e7o<br \/>\n<\/strong>5h30 &#8211; 6h10 | Medita\u00e7\u00e3o<br \/>\n6h10 &#8211; 7h | Puja da manh\u00e3<br \/>\n9h &#8211; 12h | Ensinamentos e Medita\u00e7\u00e3o<\/p>\n<p style=\"padding-left: 40px;\"><a href=\"https:\/\/cebb.org.br\/en\/vida-e-morte\/linha-com-no-infinto\/\" rel=\"attachment wp-att-83907\"><img decoding=\"async\" class=\"aligncenter wp-image-83907 size-full\" title=\"linha com n\u00f3 infinto\" src=\"https:\/\/cebb.org.br\/wp-content\/uploads\/2021\/05\/linha-com-no-infinto.png\" alt=\"\" width=\"150\" height=\"23\" \/><\/a><\/p>\n<p>&nbsp;<\/p>\n<h2><strong>Online Enrolment<\/strong><\/h2>\n<p>Sua inscri\u00e7\u00e3o e participa\u00e7\u00e3o ONLINE independem de contribui\u00e7\u00e3o financeira. Caso aspire e lhe seja poss\u00edvel contribuir, sinta-se livre para definir o valor. Como refer\u00eancia, sugerimos o valor de R$400,00. Sua contribui\u00e7\u00e3o apoiar\u00e1 as atividades do Lama Padma Samten.<\/p>\n<blockquote><p><em>The practice of Dana Paramita - perfection of generosity - makes it possible to continue the teachings from the time of the Buddha. The six paramitas - generosity, morality, peace, constant energy, concentration and wisdom - inspire the practice and are the generative and sustaining basis of the CEBB Sangha's centers for study, meditation, hospitality and initiatives for education, environmental protection, Pure Lands and the Culture of Peace.<\/em><\/p><\/blockquote>\n<h6><a href=\"https:\/\/acaoparamita.com.br\/ensinamentos\/inscricao-retiro-verao-2025-akanishta\/\" class=\"su-button su-button-style-default\" style=\"color:#FFFFFF;background-color:#b8190d;border-color:#94140b;border-radius:5px\" target=\"_blank\" rel=\"noopener noreferrer\"><span style=\"color:#FFFFFF;padding:0px 16px;font-size:13px;line-height:26px;border-color:#ce5e56;border-radius:5px;text-shadow:none\"> Inscri\u00e7\u00e3o ONLINE <\/span><\/a><\/h6>\n<p><strong>ONLINE Streaming<\/strong><\/p>\n<p>O retiro ocorrer\u00e1 por transmiss\u00e3o online direta do CEBB Akanishta, pelo Zoom e pelo canal Youtube do Lama Padma Samten.<br \/>\n<strong>A p\u00e1gina de acompanhamento do retiro, onde ser\u00e3o informados os links de cada per\u00edodo do retiro, ser\u00e1 enviado por um email-resposta ap\u00f3s a inscri\u00e7\u00e3o.<\/strong><br \/>\nIf you can't find the reply email in your inbox, CHECK THE SPAM BOX or \u201cPROMOTIONS\u201d and mark it as non-spam (if it's in SPAM). It may be useful to include the address (acaoparamita@gmail.com) in your contact list.<\/p>\n<h2>Contact<\/h2>\n<p>Em caso de d\u00favidas, entre em contato com <strong>acaoparamita@gmail.com<\/strong>.<\/p>\n<p>&nbsp;<\/p>\n<p>&nbsp;<\/p>\n<p>&nbsp;<\/p>","protected":false},"excerpt":{"rendered":"<p>28\/02 a 09\/03 de 2025<\/p>","protected":false},"author":79,"featured_media":111928,"comment_status":"open","ping_status":"open","sticky":false,"template":"","format":"standard","meta":{"footnotes":""},"categories":[365,372,341],"tags":[],"class_list":["post-111903","post","type-post","status-publish","format-standard","has-post-thumbnail","hentry","category-agenda","category-akanishta","category-eventos-passados"],"yoast_head":"<!-- This site is optimized with the Yoast SEO plugin v27.5 - https:\/\/yoast.com\/product\/yoast-seo-wordpress\/ -->\n<title>Retiro de Ver\u00e3o 2025 | CEBB Akanishta\/Bacupari - Centro de Estudos Budistas Bodisatva<\/title>\n<meta name=\"robots\" content=\"index, follow, max-snippet:-1, max-image-preview:large, max-video-preview:-1\" \/>\n<link rel=\"canonical\" href=\"https:\/\/cebb.org.br\/en\/retiro-de-verao-2025-cebb-akanishta-bacupari\/\" \/>\n<meta property=\"og:locale\" content=\"en_GB\" \/>\n<meta property=\"og:type\" content=\"article\" \/>\n<meta property=\"og:title\" content=\"Retiro de Ver\u00e3o 2025 | CEBB Akanishta\/Bacupari - Centro de Estudos Budistas Bodisatva\" \/>\n<meta property=\"og:description\" content=\"28\/02 a 09\/03 de 2025\" \/>\n<meta property=\"og:url\" content=\"https:\/\/cebb.org.br\/en\/retiro-de-verao-2025-cebb-akanishta-bacupari\/\" \/>\n<meta property=\"og:site_name\" content=\"Centro de Estudos Budistas Bodisatva\" \/>\n<meta property=\"article:publisher\" content=\"https:\/\/pt-br.facebook.com\/cebb108\" \/>\n<meta property=\"article:published_time\" content=\"2025-02-23T22:51:48+00:00\" \/>\n<meta property=\"article:modified_time\" content=\"2025-03-11T14:19:48+00:00\" \/>\n<meta property=\"og:image\" content=\"https:\/\/cebb.org.br\/wp-content\/uploads\/2025\/02\/A-Lenda-da-Grande-Stupa-1.png\" \/>\n\t<meta property=\"og:image:width\" content=\"1280\" \/>\n\t<meta property=\"og:image:height\" content=\"720\" \/>\n\t<meta property=\"og:image:type\" content=\"image\/png\" \/>\n<meta name=\"author\" content=\"Coletivo Intersomos\" \/>\n<meta name=\"twitter:card\" content=\"summary_large_image\" \/>\n<meta name=\"twitter:label1\" content=\"Written by\" \/>\n\t<meta name=\"twitter:data1\" content=\"Coletivo Intersomos\" \/>\n\t<meta name=\"twitter:label2\" content=\"Estimated reading time\" \/>\n\t<meta name=\"twitter:data2\" content=\"3 minutes\" \/>\n<script type=\"application\/ld+json\" class=\"yoast-schema-graph\">{\"@context\":\"https:\\\/\\\/schema.org\",\"@graph\":[{\"@type\":\"Article\",\"@id\":\"https:\\\/\\\/cebb.org.br\\\/retiro-de-verao-2025-cebb-akanishta-bacupari\\\/#article\",\"isPartOf\":{\"@id\":\"https:\\\/\\\/cebb.org.br\\\/retiro-de-verao-2025-cebb-akanishta-bacupari\\\/\"},\"author\":{\"name\":\"Coletivo Intersomos\",\"@id\":\"https:\\\/\\\/cebb.org.br\\\/#\\\/schema\\\/person\\\/05a696a76f72d472c540f3d7a905f39c\"},\"headline\":\"Retiro de Ver\u00e3o 2025 | CEBB Akanishta\\\/Bacupari\",\"datePublished\":\"2025-02-23T22:51:48+00:00\",\"dateModified\":\"2025-03-11T14:19:48+00:00\",\"mainEntityOfPage\":{\"@id\":\"https:\\\/\\\/cebb.org.br\\\/retiro-de-verao-2025-cebb-akanishta-bacupari\\\/\"},\"wordCount\":485,\"commentCount\":0,\"publisher\":{\"@id\":\"https:\\\/\\\/cebb.org.br\\\/#organization\"},\"image\":{\"@id\":\"https:\\\/\\\/cebb.org.br\\\/retiro-de-verao-2025-cebb-akanishta-bacupari\\\/#primaryimage\"},\"thumbnailUrl\":\"https:\\\/\\\/cebb.org.br\\\/wp-content\\\/uploads\\\/2025\\\/02\\\/A-Lenda-da-Grande-Stupa-1.png\",\"articleSection\":[\"Agenda do Lama Padma Samten\",\"CEBB Akanishta\",\"Eventos Passados\"],\"inLanguage\":\"en-GB\",\"potentialAction\":[{\"@type\":\"CommentAction\",\"name\":\"Comment\",\"target\":[\"https:\\\/\\\/cebb.org.br\\\/retiro-de-verao-2025-cebb-akanishta-bacupari\\\/#respond\"]}]},{\"@type\":\"WebPage\",\"@id\":\"https:\\\/\\\/cebb.org.br\\\/retiro-de-verao-2025-cebb-akanishta-bacupari\\\/\",\"url\":\"https:\\\/\\\/cebb.org.br\\\/retiro-de-verao-2025-cebb-akanishta-bacupari\\\/\",\"name\":\"Retiro de Ver\u00e3o 2025 | CEBB Akanishta\\\/Bacupari - Centro de Estudos Budistas Bodisatva\",\"isPartOf\":{\"@id\":\"https:\\\/\\\/cebb.org.br\\\/#website\"},\"primaryImageOfPage\":{\"@id\":\"https:\\\/\\\/cebb.org.br\\\/retiro-de-verao-2025-cebb-akanishta-bacupari\\\/#primaryimage\"},\"image\":{\"@id\":\"https:\\\/\\\/cebb.org.br\\\/retiro-de-verao-2025-cebb-akanishta-bacupari\\\/#primaryimage\"},\"thumbnailUrl\":\"https:\\\/\\\/cebb.org.br\\\/wp-content\\\/uploads\\\/2025\\\/02\\\/A-Lenda-da-Grande-Stupa-1.png\",\"datePublished\":\"2025-02-23T22:51:48+00:00\",\"dateModified\":\"2025-03-11T14:19:48+00:00\",\"breadcrumb\":{\"@id\":\"https:\\\/\\\/cebb.org.br\\\/retiro-de-verao-2025-cebb-akanishta-bacupari\\\/#breadcrumb\"},\"inLanguage\":\"en-GB\",\"potentialAction\":[{\"@type\":\"ReadAction\",\"target\":[\"https:\\\/\\\/cebb.org.br\\\/retiro-de-verao-2025-cebb-akanishta-bacupari\\\/\"]}]},{\"@type\":\"ImageObject\",\"inLanguage\":\"en-GB\",\"@id\":\"https:\\\/\\\/cebb.org.br\\\/retiro-de-verao-2025-cebb-akanishta-bacupari\\\/#primaryimage\",\"url\":\"https:\\\/\\\/cebb.org.br\\\/wp-content\\\/uploads\\\/2025\\\/02\\\/A-Lenda-da-Grande-Stupa-1.png\",\"contentUrl\":\"https:\\\/\\\/cebb.org.br\\\/wp-content\\\/uploads\\\/2025\\\/02\\\/A-Lenda-da-Grande-Stupa-1.png\",\"width\":1280,\"height\":720},{\"@type\":\"BreadcrumbList\",\"@id\":\"https:\\\/\\\/cebb.org.br\\\/retiro-de-verao-2025-cebb-akanishta-bacupari\\\/#breadcrumb\",\"itemListElement\":[{\"@type\":\"ListItem\",\"position\":1,\"name\":\"Home\",\"item\":\"https:\\\/\\\/cebb.org.br\\\/\"},{\"@type\":\"ListItem\",\"position\":2,\"name\":\"Retiro de Ver\u00e3o 2025 | CEBB Akanishta\\\/Bacupari\"}]},{\"@type\":\"WebSite\",\"@id\":\"https:\\\/\\\/cebb.org.br\\\/#website\",\"url\":\"https:\\\/\\\/cebb.org.br\\\/\",\"name\":\"Centro de Estudos Budistas Bodisatva\",\"description\":\"Budismo, medita\u00e7\u00e3o e cultura de paz | Lama Padma Samten\",\"publisher\":{\"@id\":\"https:\\\/\\\/cebb.org.br\\\/#organization\"},\"potentialAction\":[{\"@type\":\"SearchAction\",\"target\":{\"@type\":\"EntryPoint\",\"urlTemplate\":\"https:\\\/\\\/cebb.org.br\\\/?s={search_term_string}\"},\"query-input\":{\"@type\":\"PropertyValueSpecification\",\"valueRequired\":true,\"valueName\":\"search_term_string\"}}],\"inLanguage\":\"en-GB\"},{\"@type\":\"Organization\",\"@id\":\"https:\\\/\\\/cebb.org.br\\\/#organization\",\"name\":\"Centro de Estudos Budistas Bodisatva\",\"url\":\"https:\\\/\\\/cebb.org.br\\\/\",\"logo\":{\"@type\":\"ImageObject\",\"inLanguage\":\"en-GB\",\"@id\":\"https:\\\/\\\/cebb.org.br\\\/#\\\/schema\\\/logo\\\/image\\\/\",\"url\":\"http:\\\/\\\/18.230.164.79\\\/wp-content\\\/uploads\\\/2011\\\/03\\\/logosalvador-peq-e1660064979551.jpg\",\"contentUrl\":\"http:\\\/\\\/18.230.164.79\\\/wp-content\\\/uploads\\\/2011\\\/03\\\/logosalvador-peq-e1660064979551.jpg\",\"width\":280,\"height\":231,\"caption\":\"Centro de Estudos Budistas Bodisatva\"},\"image\":{\"@id\":\"https:\\\/\\\/cebb.org.br\\\/#\\\/schema\\\/logo\\\/image\\\/\"},\"sameAs\":[\"https:\\\/\\\/pt-br.facebook.com\\\/cebb108\",\"https:\\\/\\\/www.instagram.com\\\/cebbcaminhodomeio\\\/\"]},{\"@type\":\"Person\",\"@id\":\"https:\\\/\\\/cebb.org.br\\\/#\\\/schema\\\/person\\\/05a696a76f72d472c540f3d7a905f39c\",\"name\":\"Coletivo Intersomos\",\"image\":{\"@type\":\"ImageObject\",\"inLanguage\":\"en-GB\",\"@id\":\"https:\\\/\\\/secure.gravatar.com\\\/avatar\\\/5b3268ebf7c1516b7910dc782a9ef52986a33844353256fce20260189c5f6b83?s=96&d=mm&r=g\",\"url\":\"https:\\\/\\\/secure.gravatar.com\\\/avatar\\\/5b3268ebf7c1516b7910dc782a9ef52986a33844353256fce20260189c5f6b83?s=96&d=mm&r=g\",\"contentUrl\":\"https:\\\/\\\/secure.gravatar.com\\\/avatar\\\/5b3268ebf7c1516b7910dc782a9ef52986a33844353256fce20260189c5f6b83?s=96&d=mm&r=g\",\"caption\":\"Coletivo Intersomos\"},\"url\":\"https:\\\/\\\/cebb.org.br\\\/en\\\/author\\\/coletivo-intersomos\\\/\"}]}<\/script>\n<!-- \/ Yoast SEO plugin. -->","yoast_head_json":{"title":"Retiro de Ver\u00e3o 2025 | CEBB Akanishta\/Bacupari - Centro de Estudos Budistas Bodisatva","robots":{"index":"index","follow":"follow","max-snippet":"max-snippet:-1","max-image-preview":"max-image-preview:large","max-video-preview":"max-video-preview:-1"},"canonical":"https:\/\/cebb.org.br\/en\/retiro-de-verao-2025-cebb-akanishta-bacupari\/","og_locale":"en_GB","og_type":"article","og_title":"Retiro de Ver\u00e3o 2025 | CEBB Akanishta\/Bacupari - Centro de Estudos Budistas Bodisatva","og_description":"28\/02 a 09\/03 de 2025","og_url":"https:\/\/cebb.org.br\/en\/retiro-de-verao-2025-cebb-akanishta-bacupari\/","og_site_name":"Centro de Estudos Budistas Bodisatva","article_publisher":"https:\/\/pt-br.facebook.com\/cebb108","article_published_time":"2025-02-23T22:51:48+00:00","article_modified_time":"2025-03-11T14:19:48+00:00","og_image":[{"width":1280,"height":720,"url":"https:\/\/cebb.org.br\/wp-content\/uploads\/2025\/02\/A-Lenda-da-Grande-Stupa-1.png","type":"image\/png"}],"author":"Coletivo Intersomos","twitter_card":"summary_large_image","twitter_misc":{"Written by":"Coletivo Intersomos","Estimated reading time":"3 minutes"},"schema":{"@context":"https:\/\/schema.org","@graph":[{"@type":"Article","@id":"https:\/\/cebb.org.br\/retiro-de-verao-2025-cebb-akanishta-bacupari\/#article","isPartOf":{"@id":"https:\/\/cebb.org.br\/retiro-de-verao-2025-cebb-akanishta-bacupari\/"},"author":{"name":"Coletivo Intersomos","@id":"https:\/\/cebb.org.br\/#\/schema\/person\/05a696a76f72d472c540f3d7a905f39c"},"headline":"Retiro de Ver\u00e3o 2025 | CEBB Akanishta\/Bacupari","datePublished":"2025-02-23T22:51:48+00:00","dateModified":"2025-03-11T14:19:48+00:00","mainEntityOfPage":{"@id":"https:\/\/cebb.org.br\/retiro-de-verao-2025-cebb-akanishta-bacupari\/"},"wordCount":485,"commentCount":0,"publisher":{"@id":"https:\/\/cebb.org.br\/#organization"},"image":{"@id":"https:\/\/cebb.org.br\/retiro-de-verao-2025-cebb-akanishta-bacupari\/#primaryimage"},"thumbnailUrl":"https:\/\/cebb.org.br\/wp-content\/uploads\/2025\/02\/A-Lenda-da-Grande-Stupa-1.png","articleSection":["Agenda do Lama Padma Samten","CEBB Akanishta","Eventos Passados"],"inLanguage":"en-GB","potentialAction":[{"@type":"CommentAction","name":"Comment","target":["https:\/\/cebb.org.br\/retiro-de-verao-2025-cebb-akanishta-bacupari\/#respond"]}]},{"@type":"WebPage","@id":"https:\/\/cebb.org.br\/retiro-de-verao-2025-cebb-akanishta-bacupari\/","url":"https:\/\/cebb.org.br\/retiro-de-verao-2025-cebb-akanishta-bacupari\/","name":"Retiro de Ver\u00e3o 2025 | CEBB Akanishta\/Bacupari - Centro de Estudos Budistas Bodisatva","isPartOf":{"@id":"https:\/\/cebb.org.br\/#website"},"primaryImageOfPage":{"@id":"https:\/\/cebb.org.br\/retiro-de-verao-2025-cebb-akanishta-bacupari\/#primaryimage"},"image":{"@id":"https:\/\/cebb.org.br\/retiro-de-verao-2025-cebb-akanishta-bacupari\/#primaryimage"},"thumbnailUrl":"https:\/\/cebb.org.br\/wp-content\/uploads\/2025\/02\/A-Lenda-da-Grande-Stupa-1.png","datePublished":"2025-02-23T22:51:48+00:00","dateModified":"2025-03-11T14:19:48+00:00","breadcrumb":{"@id":"https:\/\/cebb.org.br\/retiro-de-verao-2025-cebb-akanishta-bacupari\/#breadcrumb"},"inLanguage":"en-GB","potentialAction":[{"@type":"ReadAction","target":["https:\/\/cebb.org.br\/retiro-de-verao-2025-cebb-akanishta-bacupari\/"]}]},{"@type":"ImageObject","inLanguage":"en-GB","@id":"https:\/\/cebb.org.br\/retiro-de-verao-2025-cebb-akanishta-bacupari\/#primaryimage","url":"https:\/\/cebb.org.br\/wp-content\/uploads\/2025\/02\/A-Lenda-da-Grande-Stupa-1.png","contentUrl":"https:\/\/cebb.org.br\/wp-content\/uploads\/2025\/02\/A-Lenda-da-Grande-Stupa-1.png","width":1280,"height":720},{"@type":"BreadcrumbList","@id":"https:\/\/cebb.org.br\/retiro-de-verao-2025-cebb-akanishta-bacupari\/#breadcrumb","itemListElement":[{"@type":"ListItem","position":1,"name":"Home","item":"https:\/\/cebb.org.br\/"},{"@type":"ListItem","position":2,"name":"Retiro de Ver\u00e3o 2025 | CEBB Akanishta\/Bacupari"}]},{"@type":"WebSite","@id":"https:\/\/cebb.org.br\/#website","url":"https:\/\/cebb.org.br\/","name":"Bodhisattva Center for Buddhist Studies","description":"Budismo, medita\u00e7\u00e3o e cultura de paz | Lama Padma Samten","publisher":{"@id":"https:\/\/cebb.org.br\/#organization"},"potentialAction":[{"@type":"SearchAction","target":{"@type":"EntryPoint","urlTemplate":"https:\/\/cebb.org.br\/?s={search_term_string}"},"query-input":{"@type":"PropertyValueSpecification","valueRequired":true,"valueName":"search_term_string"}}],"inLanguage":"en-GB"},{"@type":"Organization","@id":"https:\/\/cebb.org.br\/#organization","name":"Bodhisattva Center for Buddhist Studies","url":"https:\/\/cebb.org.br\/","logo":{"@type":"ImageObject","inLanguage":"en-GB","@id":"https:\/\/cebb.org.br\/#\/schema\/logo\/image\/","url":"http:\/\/18.230.164.79\/wp-content\/uploads\/2011\/03\/logosalvador-peq-e1660064979551.jpg","contentUrl":"http:\/\/18.230.164.79\/wp-content\/uploads\/2011\/03\/logosalvador-peq-e1660064979551.jpg","width":280,"height":231,"caption":"Centro de Estudos Budistas Bodisatva"},"image":{"@id":"https:\/\/cebb.org.br\/#\/schema\/logo\/image\/"},"sameAs":["https:\/\/pt-br.facebook.com\/cebb108","https:\/\/www.instagram.com\/cebbcaminhodomeio\/"]},{"@type":"Person","@id":"https:\/\/cebb.org.br\/#\/schema\/person\/05a696a76f72d472c540f3d7a905f39c","name":"Coletivo Intersomos","image":{"@type":"ImageObject","inLanguage":"en-GB","@id":"https:\/\/secure.gravatar.com\/avatar\/5b3268ebf7c1516b7910dc782a9ef52986a33844353256fce20260189c5f6b83?s=96&d=mm&r=g","url":"https:\/\/secure.gravatar.com\/avatar\/5b3268ebf7c1516b7910dc782a9ef52986a33844353256fce20260189c5f6b83?s=96&d=mm&r=g","contentUrl":"https:\/\/secure.gravatar.com\/avatar\/5b3268ebf7c1516b7910dc782a9ef52986a33844353256fce20260189c5f6b83?s=96&d=mm&r=g","caption":"Coletivo Intersomos"},"url":"https:\/\/cebb.org.br\/en\/author\/coletivo-intersomos\/"}]}},"_links":{"self":[{"href":"https:\/\/cebb.org.br\/en\/wp-json\/wp\/v2\/posts\/111903","targetHints":{"allow":["GET"]}}],"collection":[{"href":"https:\/\/cebb.org.br\/en\/wp-json\/wp\/v2\/posts"}],"about":[{"href":"https:\/\/cebb.org.br\/en\/wp-json\/wp\/v2\/types\/post"}],"author":[{"embeddable":true,"href":"https:\/\/cebb.org.br\/en\/wp-json\/wp\/v2\/users\/79"}],"replies":[{"embeddable":true,"href":"https:\/\/cebb.org.br\/en\/wp-json\/wp\/v2\/comments?post=111903"}],"version-history":[{"count":14,"href":"https:\/\/cebb.org.br\/en\/wp-json\/wp\/v2\/posts\/111903\/revisions"}],"predecessor-version":[{"id":112207,"href":"https:\/\/cebb.org.br\/en\/wp-json\/wp\/v2\/posts\/111903\/revisions\/112207"}],"wp:featuredmedia":[{"embeddable":true,"href":"https:\/\/cebb.org.br\/en\/wp-json\/wp\/v2\/media\/111928"}],"wp:attachment":[{"href":"https:\/\/cebb.org.br\/en\/wp-json\/wp\/v2\/media?parent=111903"}],"wp:term":[{"taxonomy":"category","embeddable":true,"href":"https:\/\/cebb.org.br\/en\/wp-json\/wp\/v2\/categories?post=111903"},{"taxonomy":"post_tag","embeddable":true,"href":"https:\/\/cebb.org.br\/en\/wp-json\/wp\/v2\/tags?post=111903"}],"curies":[{"name":"wp","href":"https:\/\/api.w.org\/{rel}","templated":true}]}}