{"id":114541,"date":"2025-05-18T00:28:10","date_gmt":"2025-05-18T03:28:10","guid":{"rendered":"https:\/\/cebb.org.br\/?p=114541"},"modified":"2025-05-18T00:30:14","modified_gmt":"2025-05-18T03:30:14","slug":"vigilia-pela-terra-encontro","status":"publish","type":"post","link":"https:\/\/cebb.org.br\/en\/vigilia-pela-terra-encontro\/","title":{"rendered":"Vig\u00edlia pela Terra"},"content":{"rendered":"<p><!DOCTYPE html><br \/>\n<html lang=\"pt-BR\"><br \/>\n<head><br \/>\n    <meta charset=\"UTF-8\"><br \/>\n    <meta name=\"viewport\" content=\"width=device-width, initial-scale=1.0\"><br \/>\n    <title>Vig\u00edlia pela Terra \u2013 Porto Alegre<\/title><\/p>\n<style>\n        body {\n            font-family: 'Roboto', Arial, Helvetica, sans-serif;\n            margin: 0;\n            padding: 0;\n            background: #f9f9f9;\n            color: #333;\n        }\n        .header {\n            background: #8D2431;\n            color: #FFF;\n            padding: 3rem;\n            text-align: full-widght;\n            border-radius: 10px;\n        }\n        .content {\n            max-width: 800px;\n            background: #fff;\n            margin: 20px auto;\n            box-shadow: 0 6px 20px rgba(0,0,0,0.1);\n            border-radius: 10px;\n            padding: 2rem;\n        }\n        .gallery {\n            display: flex;\n            flex-wrap: wrap;\n            gap: 10px;\n            justify-content: center;\n        }\n        .gallery a {\n            width: 100%;\n            max-width: 150px;\n        }\n        .gallery img {\n            width: 100%;\n            border-radius: 8px;\n            box-shadow: 0 4px 8px rgba(0,0,0,0.1);\n        }\n        h2 {\n            font-family: 'Montserrat', sans-serif;\n            margin-top: 30px;\n            color: #8D2431;\n        }\n        .transcription {\n            background: #F9ECEB;\n            border-radius: 10px;\n            padding: 1.5rem;\n            margin-top: 20px;\n        }\n        .transcription p {\n            margin: 0.5rem 0;\n        }\n        @media(max-width: 768px) {\n            .content {\n                padding: 1rem;\n            }\n            .gallery a {\n                max-width: 100px;\n            }\n        }\n    <\/style>\n<p><\/head><br \/>\n<body><\/p>\n<div class=\"header\"><\/div>\n<div class=\"content\">\n<div class=\"presentation\">\n<h2>\ud83c\udf0e\ud83c\udf3f\ud83d\ude4f Vig\u00edlia pela Terra \u2013 Porto Alegre<\/h2>\n<p>No dia 17 de maio, Porto Alegre foi palco da Vig\u00edlia pela Terra, um encontro inter-religioso que marcou um ano das enchentes que devastaram o Rio Grande do Sul. O evento prop\u00f4s uma jornada de mem\u00f3ria, espiritualidade e mobiliza\u00e7\u00e3o em defesa do Bioma Pampa, do combate \u00e0s mudan\u00e7as clim\u00e1ticas e rumo \u00e0 COP30.<\/p>\n<p>\ud83d\udccd A vig\u00edlia reuniu diversas comunidades na Orla, pr\u00f3ximo \u00e0 Usina do Gas\u00f4metro.<\/p>\n<p>\u2733\ufe0f Mobilizaram-se vozes e cora\u00e7\u00f5es em um ato de espiritualidade e defesa da nossa Casa Comum, semeando um futuro mais justo e sustent\u00e1vel. Veja a inspiradora fala do Lama Samten e sua vis\u00e3o sobre transforma\u00e7\u00e3o consciente e espiritualidade.<\/p>\n<\/p><\/div>\n<h2>Mensagem do Lama Samten<\/h2>\n<p>    <audio controls><source src=\"https:\/\/cebb.org.br\/wp-content\/uploads\/2025\/05\/Lama-guaiba-.mp3\" type=\"audio\/mpeg\">Seu navegador n\u00e3o suporta a tag de \u00e1udio.<\/audio><\/p>\n<div class=\"transcription\">\n<p><body><br \/>\n  Boa tarde, pessoal.<br \/>\n  Nenhuma parte do nosso corpo \u00e9 nossa. Todas as partes do nosso corpo j\u00e1 foram partes de corpos de outros seres vivos.<br \/>\n  Sua Santidade, o Dalai Lama enviou uma carta para esse evento, apoiando a nossa iniciativa e destacando a import\u00e2ncia da COP30.<br \/>\n  Ele esteve em 1992, na Eco 92, no Rio. De l\u00e1 para c\u00e1, muitas palavras se derramaram. Mas, efetivamente, n\u00f3s n\u00e3o tivemos nenhuma novidade.<br \/>\n  A novidade que a gente teve de l\u00e1 para c\u00e1 \u00e9 que n\u00f3s estamos nos conscientizando que as palavras n\u00e3o s\u00e3o suficientes.<br \/>\n  Porque n\u00f3s entendemos todas as coisas, mas a humanidade segue impulsionada de um modo destrutivo.<br \/>\n  N\u00f3s estamos aqui reunidos dando um exemplo. N\u00f3s pertencemos a diferentes tradi\u00e7\u00f5es religiosas, pela iniciativa do ISER e pela iniciativa das religi\u00f5es do clima.<br \/>\n  N\u00f3s buscamos a transforma\u00e7\u00e3o de consci\u00eancia. Se n\u00f3s n\u00e3o obtivermos as transforma\u00e7\u00f5es de consci\u00eancia, n\u00f3s n\u00e3o temos nenhuma mudan\u00e7a efetiva a partir das leis ou a partir das normas.<br \/>\n  N\u00f3s temos muita dificuldade de, mesmo que tudo seja entendido, transformar isso em comportamentos efetivos.<br \/>\n  O petr\u00f3leo que n\u00f3s j\u00e1 descobrimos, que n\u00f3s j\u00e1 encontramos, se queimado, vai transformar a nossa atmosfera em algo irrespir\u00e1vel.<br \/>\n  Eu convido a cada um, na sua conex\u00e3o com as suas fontes de ref\u00fagio, que rezem, pe\u00e7am que n\u00f3s possamos tomar outro rumo.<br \/>\n  Quando n\u00f3s rezamos, o nosso cora\u00e7\u00e3o se abre. Quando n\u00f3s imaginamos que as normas v\u00e3o resolver, o nosso cora\u00e7\u00e3o se fecha.<br \/>\n  N\u00f3s precisamos abrir o nosso cora\u00e7\u00e3o, abrir a nossa vis\u00e3o, tanto de espa\u00e7o como de tempo.<br \/>\n  N\u00f3s n\u00e3o vamos aspirar a ser a \u00faltima gera\u00e7\u00e3o de seres humanos desse tempo. Esse tempo j\u00e1 tem um nome, que \u00e9 antropoceno.<br \/>\n<br \/>\n  \u00c9 o tempo no qual a destrui\u00e7\u00e3o vem, e a destrui\u00e7\u00e3o vem. \u00c9 o tempo no qual a destrui\u00e7\u00e3o vem pelos pr\u00f3prios seres humanos.<br \/>\n  Mas n\u00f3s ainda podemos fazer essas transforma\u00e7\u00f5es. De um lado, todos n\u00f3s acreditamos que as transforma\u00e7\u00f5es sejam poss\u00edveis.<br \/>\n  Ent\u00e3o que a gente abra o cora\u00e7\u00e3o, que a gente reze, que a gente convide os outros para abrirem o cora\u00e7\u00e3o.<br \/>\n  Porque pelas normas, pelas regras, pela legisla\u00e7\u00e3o, n\u00f3s n\u00e3o vamos conseguir fazer as transforma\u00e7\u00f5es.<br \/>\n  Ent\u00e3o, a organiza\u00e7\u00e3o me pediu que eu conduzisse uma medita\u00e7\u00e3o.<br \/>\n  Eu vou convid\u00e1-los a recitar o mantra de Tara.<br \/>\n  Ent\u00e3o no budismo se fala do Buda, mas h\u00e1 o Buda em corpo feminino tamb\u00e9m.<br \/>\n  O Buda em corpo feminino \u00e9 como a m\u00e3e que nos socorre.<br \/>\n  Ent\u00e3o se n\u00f3s abrirmos nossos cora\u00e7\u00f5es e pedirmos para a grande m\u00e3e Terra, para a grande m\u00e3e compassiva, que todos n\u00f3s sabemos quem \u00e9, aquilo que a gente acredita \u00e9 que a grande m\u00e3e \u00e9 a grande m\u00e3e.<br \/>\n  A grande m\u00e3e tem muitas faces.<br \/>\n<br \/>\n  Ent\u00e3o esse \u00e9 o tempo em que n\u00f3s dever\u00edamos rezar para a grande m\u00e3e.<br \/>\n  Ent\u00e3o eu vou fazer a recita\u00e7\u00e3o, inicialmente as preces em tibetano, como eu aprendi com o meu mestre.<br \/>\n  E voc\u00eas se souberem acompanhem. Depois eu vou recitar o mantra.<br \/>\n  O mantra \u00e9 repetitivo, ent\u00e3o n\u00f3s podemos facilmente seguir isso.<br \/>\n  Eu acho que algu\u00e9m podia me ajudar aqui tamb\u00e9m. O Henrique que est\u00e1 a\u00ed por perto.<br \/>\n  Eu acho que as meninas podiam vir, n\u00e9? Ent\u00e3o, obrigado.<br \/>\nDJE TSUM PAG MA DROL MA TCHED TCHEN NO<br \/>\nGAL TCHIEN KUN SEL SAM DON NIUR DRUB DZOD<br \/>\n <br \/>\n  OM TARE TAM SOHA OM TARE TAM SOHA OM TARE TAM SOHA OM TARE TA SOHA<br \/>\n  Bom&#8230;<br \/>\n<br \/>\n  GATE GATE PARAGATE PARASAMGATE BODI SOHA<\/p>\n<p> Que os m\u00e9ritos desse encontro se expandam e toquem a todos.<br \/>\nQue o mestre universal da paz e da compaix\u00e3o, sua Santidade o Dalai Lama, juntamente com todos os mestres de todas as tradi\u00e7\u00f5es que veiculam essa mensagem, tenham longa vida.<br \/>\nQue todos estejam a salvo de gerar pensamentos negativos, o obst\u00e1culo mais destrutivo.<br \/>\nQue estes pensamentos nunca surjam em nossa mente, e que todos os seres tambp\u00e9m estejam livres de pensamentos negativos.<\/p><\/div>\n<h2>Galeria do Evento<\/h2>\n<div class=\"gallery\">\n<a href=\"https:\/\/cebb.org.br\/wp-content\/uploads\/2025\/05\/WhatsApp-Image-2025-05-17-at-18.09.44.jpeg\" target=\"_blank\" rel=\"noopener\"><br \/>\n    <img decoding=\"async\" src=\"https:\/\/cebb.org.br\/wp-content\/uploads\/2025\/05\/WhatsApp-Image-2025-05-17-at-18.09.44.jpeg\" alt=\"Imagem 1\"><br \/>\n<\/a><br \/>\n<a href=\"https:\/\/cebb.org.br\/wp-content\/uploads\/2025\/05\/WhatsApp-Image-2025-05-17-at-21.53.57.jpeg\" target=\"_blank\" rel=\"noopener\"><br \/>\n    <img decoding=\"async\" src=\"https:\/\/cebb.org.br\/wp-content\/uploads\/2025\/05\/WhatsApp-Image-2025-05-17-at-21.53.57.jpeg\" alt=\"Imagem 2\"><br \/>\n<\/a><br \/>\n<a href=\"https:\/\/cebb.org.br\/wp-content\/uploads\/2025\/05\/WhatsApp-Image-2025-05-17-at-21.54.02.jpeg\" target=\"_blank\" rel=\"noopener\"><br \/>\n    <img decoding=\"async\" src=\"https:\/\/cebb.org.br\/wp-content\/uploads\/2025\/05\/WhatsApp-Image-2025-05-17-at-21.54.02.jpeg\" alt=\"Imagem 3\"><br \/>\n<\/a><br \/>\n<a href=\"https:\/\/cebb.org.br\/wp-content\/uploads\/2025\/05\/WhatsApp-Image-2025-05-17-at-21.54.28-1.jpeg\" target=\"_blank\" rel=\"noopener\"><br \/>\n    <img decoding=\"async\" src=\"https:\/\/cebb.org.br\/wp-content\/uploads\/2025\/05\/WhatsApp-Image-2025-05-17-at-21.54.28-1.jpeg\" alt=\"Imagem 4\"><br \/>\n<\/a><br \/>\n<a href=\"https:\/\/cebb.org.br\/wp-content\/uploads\/2025\/05\/WhatsApp-Image-2025-05-17-at-21.54.28-2.jpeg\" target=\"_blank\" rel=\"noopener\"><br \/>\n    <img decoding=\"async\" src=\"https:\/\/cebb.org.br\/wp-content\/uploads\/2025\/05\/WhatsApp-Image-2025-05-17-at-21.54.28-2.jpeg\" alt=\"Imagem 5\"><br \/>\n<\/a><br \/>\n<a href=\"https:\/\/cebb.org.br\/wp-content\/uploads\/2025\/05\/WhatsApp-Image-2025-05-17-at-21.54.28.jpeg\" target=\"_blank\" rel=\"noopener\"><br \/>\n    <img decoding=\"async\" src=\"https:\/\/cebb.org.br\/wp-content\/uploads\/2025\/05\/WhatsApp-Image-2025-05-17-at-21.54.28.jpeg\" alt=\"Imagem 6\"><br \/>\n<\/a><br \/>\n<a href=\"https:\/\/cebb.org.br\/wp-content\/uploads\/2025\/05\/WhatsApp-Image-2025-05-17-at-21.54.29-1.jpeg\" target=\"_blank\" rel=\"noopener\"><br \/>\n    <img decoding=\"async\" src=\"https:\/\/cebb.org.br\/wp-content\/uploads\/2025\/05\/WhatsApp-Image-2025-05-17-at-21.54.29-1.jpeg\" alt=\"Imagem 7\"><br \/>\n<\/a><br \/>\n<a href=\"https:\/\/cebb.org.br\/wp-content\/uploads\/2025\/05\/WhatsApp-Image-2025-05-17-at-21.54.29.jpeg\" target=\"_blank\" rel=\"noopener\"><br \/>\n    <img decoding=\"async\" src=\"https:\/\/cebb.org.br\/wp-content\/uploads\/2025\/05\/WhatsApp-Image-2025-05-17-at-21.54.29.jpeg\" alt=\"Imagem 8\"><br \/>\n<\/a><br \/>\n<a href=\"https:\/\/cebb.org.br\/wp-content\/uploads\/2025\/05\/WhatsApp-Image-2025-05-17-at-21.54.30-1.jpeg\" target=\"_blank\" rel=\"noopener\"><br \/>\n    <img decoding=\"async\" src=\"https:\/\/cebb.org.br\/wp-content\/uploads\/2025\/05\/WhatsApp-Image-2025-05-17-at-21.54.30-1.jpeg\" alt=\"Imagem 9\"><br \/>\n<\/a><br \/>\n<a href=\"https:\/\/cebb.org.br\/wp-content\/uploads\/2025\/05\/WhatsApp-Image-2025-05-17-at-21.54.30-2.jpeg\" target=\"_blank\" rel=\"noopener\"><br \/>\n    <img decoding=\"async\" src=\"https:\/\/cebb.org.br\/wp-content\/uploads\/2025\/05\/WhatsApp-Image-2025-05-17-at-21.54.30-2.jpeg\" alt=\"Imagem 10\"><br \/>\n<\/a><br \/>\n<a href=\"https:\/\/cebb.org.br\/wp-content\/uploads\/2025\/05\/WhatsApp-Image-2025-05-17-at-21.54.30-3.jpeg\" target=\"_blank\" rel=\"noopener\"><br \/>\n    <img decoding=\"async\" src=\"https:\/\/cebb.org.br\/wp-content\/uploads\/2025\/05\/WhatsApp-Image-2025-05-17-at-21.54.30-3.jpeg\" alt=\"Imagem 11\"><br \/>\n<\/a><br \/>\n<a href=\"https:\/\/cebb.org.br\/wp-content\/uploads\/2025\/05\/WhatsApp-Image-2025-05-17-at-21.54.30.jpeg\" target=\"_blank\" rel=\"noopener\"><br \/>\n    <img decoding=\"async\" src=\"https:\/\/cebb.org.br\/wp-content\/uploads\/2025\/05\/WhatsApp-Image-2025-05-17-at-21.54.30.jpeg\" alt=\"Imagem 12\"><br \/>\n<\/a><br \/>\n<a href=\"https:\/\/cebb.org.br\/wp-content\/uploads\/2025\/05\/WhatsApp-Image-2025-05-17-at-21.54.31-1.jpeg\" target=\"_blank\" rel=\"noopener\"><br \/>\n    <img decoding=\"async\" src=\"https:\/\/cebb.org.br\/wp-content\/uploads\/2025\/05\/WhatsApp-Image-2025-05-17-at-21.54.31-1.jpeg\" alt=\"Imagem 13\"><br \/>\n<\/a><br \/>\n<a href=\"https:\/\/cebb.org.br\/wp-content\/uploads\/2025\/05\/WhatsApp-Image-2025-05-17-at-21.54.31-2.jpeg\" target=\"_blank\" rel=\"noopener\"><br \/>\n    <img decoding=\"async\" src=\"https:\/\/cebb.org.br\/wp-content\/uploads\/2025\/05\/WhatsApp-Image-2025-05-17-at-21.54.31-2.jpeg\" alt=\"Imagem 14\"><br \/>\n<\/a><br \/>\n<a href=\"https:\/\/cebb.org.br\/wp-content\/uploads\/2025\/05\/WhatsApp-Image-2025-05-17-at-21.54.31-3.jpeg\" target=\"_blank\" rel=\"noopener\"><br \/>\n    <img decoding=\"async\" src=\"https:\/\/cebb.org.br\/wp-content\/uploads\/2025\/05\/WhatsApp-Image-2025-05-17-at-21.54.31-3.jpeg\" alt=\"Imagem 15\"><br \/>\n<\/a><br \/>\n<a href=\"https:\/\/cebb.org.br\/wp-content\/uploads\/2025\/05\/WhatsApp-Image-2025-05-17-at-21.54.31.jpeg\" target=\"_blank\" rel=\"noopener\"><br \/>\n    <img decoding=\"async\" src=\"https:\/\/cebb.org.br\/wp-content\/uploads\/2025\/05\/WhatsApp-Image-2025-05-17-at-21.54.31.jpeg\" alt=\"Imagem 16\"><br \/>\n<\/a><br \/>\n<a href=\"https:\/\/cebb.org.br\/wp-content\/uploads\/2025\/05\/WhatsApp-Video-2025-05-17-at-21.54.28.mp4\" target=\"_blank\" rel=\"noopener\"><br \/>\n    <video src=\"https:\/\/cebb.org.br\/wp-content\/uploads\/2025\/05\/WhatsApp-Video-2025-05-17-at-21.54.28.mp4\" controls alt=\"V\u00eddeo do evento\"><\/video><br \/>\n<\/a><br \/>\n        <\/a>\n    <\/div>\n<div class=\"cta\">\n<h2>Saiba mais sobre Lama Padma Samten<\/h2>\n<p>        <a href=\"https:\/\/acaoparamita.com.br\/\" target=\"_blank\" rel=\"noopener\">Visite o Site<\/a>\n    <\/div>\n<\/div>\n<p><\/body><br \/>\n<\/html><\/p>","protected":false},"excerpt":{"rendered":"<p>Vig\u00edlia pela Terra \u2013 Porto Alegre \ud83c\udf0e\ud83c\udf3f\ud83d\ude4f Vig\u00edlia pela Terra \u2013 Porto Alegre No dia 17 de maio, Porto Alegre foi palco da Vig\u00edlia pela Terra, um encontro inter-religioso que marcou um ano das enchentes que devastaram o Rio Grande do Sul. O evento prop\u00f4s uma jornada de mem\u00f3ria, espiritualidade e mobiliza\u00e7\u00e3o em defesa do [&hellip;]<\/p>\n","protected":false},"author":79,"featured_media":114526,"comment_status":"open","ping_status":"open","sticky":false,"template":"","format":"standard","meta":{"footnotes":""},"categories":[],"tags":[],"class_list":["post-114541","post","type-post","status-publish","format-standard","has-post-thumbnail","hentry"],"yoast_head":"<!-- This site is optimized with the Yoast SEO plugin v27.5 - https:\/\/yoast.com\/product\/yoast-seo-wordpress\/ -->\n<title>Vig\u00edlia pela Terra - Centro de Estudos Budistas Bodisatva<\/title>\n<meta name=\"robots\" content=\"index, follow, max-snippet:-1, max-image-preview:large, max-video-preview:-1\" \/>\n<link rel=\"canonical\" href=\"https:\/\/cebb.org.br\/en\/vigilia-pela-terra-encontro\/\" \/>\n<meta property=\"og:locale\" content=\"en_GB\" \/>\n<meta property=\"og:type\" content=\"article\" \/>\n<meta property=\"og:title\" content=\"Vig\u00edlia pela Terra - Centro de Estudos Budistas Bodisatva\" \/>\n<meta property=\"og:description\" content=\"Vig\u00edlia pela Terra \u2013 Porto Alegre \ud83c\udf0e\ud83c\udf3f\ud83d\ude4f Vig\u00edlia pela Terra \u2013 Porto Alegre No dia 17 de maio, Porto Alegre foi palco da Vig\u00edlia pela Terra, um encontro inter-religioso que marcou um ano das enchentes que devastaram o Rio Grande do Sul. O evento prop\u00f4s uma jornada de mem\u00f3ria, espiritualidade e mobiliza\u00e7\u00e3o em defesa do [&hellip;]\" \/>\n<meta property=\"og:url\" content=\"https:\/\/cebb.org.br\/en\/vigilia-pela-terra-encontro\/\" \/>\n<meta property=\"og:site_name\" content=\"Centro de Estudos Budistas Bodisatva\" \/>\n<meta property=\"article:publisher\" content=\"https:\/\/pt-br.facebook.com\/cebb108\" \/>\n<meta property=\"article:published_time\" content=\"2025-05-18T03:28:10+00:00\" \/>\n<meta property=\"article:modified_time\" content=\"2025-05-18T03:30:14+00:00\" \/>\n<meta property=\"og:image\" content=\"https:\/\/cebb.org.br\/wp-content\/uploads\/2025\/05\/WhatsApp-Image-2025-05-17-at-21.54.28-1.jpeg\" \/>\n\t<meta property=\"og:image:width\" content=\"1200\" \/>\n\t<meta property=\"og:image:height\" content=\"1600\" \/>\n\t<meta property=\"og:image:type\" content=\"image\/jpeg\" \/>\n<meta name=\"author\" content=\"Coletivo Intersomos\" \/>\n<meta name=\"twitter:card\" content=\"summary_large_image\" \/>\n<meta name=\"twitter:label1\" content=\"Written by\" \/>\n\t<meta name=\"twitter:data1\" content=\"Coletivo Intersomos\" \/>\n\t<meta name=\"twitter:label2\" content=\"Estimated reading time\" \/>\n\t<meta name=\"twitter:data2\" content=\"8 minutes\" \/>\n<script type=\"application\/ld+json\" class=\"yoast-schema-graph\">{\"@context\":\"https:\\\/\\\/schema.org\",\"@graph\":[{\"@type\":\"Article\",\"@id\":\"https:\\\/\\\/cebb.org.br\\\/vigilia-pela-terra-encontro\\\/#article\",\"isPartOf\":{\"@id\":\"https:\\\/\\\/cebb.org.br\\\/vigilia-pela-terra-encontro\\\/\"},\"author\":{\"name\":\"Coletivo Intersomos\",\"@id\":\"https:\\\/\\\/cebb.org.br\\\/#\\\/schema\\\/person\\\/05a696a76f72d472c540f3d7a905f39c\"},\"headline\":\"Vig\u00edlia pela Terra\",\"datePublished\":\"2025-05-18T03:28:10+00:00\",\"dateModified\":\"2025-05-18T03:30:14+00:00\",\"mainEntityOfPage\":{\"@id\":\"https:\\\/\\\/cebb.org.br\\\/vigilia-pela-terra-encontro\\\/\"},\"wordCount\":869,\"commentCount\":0,\"publisher\":{\"@id\":\"https:\\\/\\\/cebb.org.br\\\/#organization\"},\"image\":{\"@id\":\"https:\\\/\\\/cebb.org.br\\\/vigilia-pela-terra-encontro\\\/#primaryimage\"},\"thumbnailUrl\":\"https:\\\/\\\/cebb.org.br\\\/wp-content\\\/uploads\\\/2025\\\/05\\\/WhatsApp-Image-2025-05-17-at-21.54.28-1.jpeg\",\"inLanguage\":\"en-GB\",\"potentialAction\":[{\"@type\":\"CommentAction\",\"name\":\"Comment\",\"target\":[\"https:\\\/\\\/cebb.org.br\\\/vigilia-pela-terra-encontro\\\/#respond\"]}]},{\"@type\":\"WebPage\",\"@id\":\"https:\\\/\\\/cebb.org.br\\\/vigilia-pela-terra-encontro\\\/\",\"url\":\"https:\\\/\\\/cebb.org.br\\\/vigilia-pela-terra-encontro\\\/\",\"name\":\"Vig\u00edlia pela Terra - Centro de Estudos Budistas Bodisatva\",\"isPartOf\":{\"@id\":\"https:\\\/\\\/cebb.org.br\\\/#website\"},\"primaryImageOfPage\":{\"@id\":\"https:\\\/\\\/cebb.org.br\\\/vigilia-pela-terra-encontro\\\/#primaryimage\"},\"image\":{\"@id\":\"https:\\\/\\\/cebb.org.br\\\/vigilia-pela-terra-encontro\\\/#primaryimage\"},\"thumbnailUrl\":\"https:\\\/\\\/cebb.org.br\\\/wp-content\\\/uploads\\\/2025\\\/05\\\/WhatsApp-Image-2025-05-17-at-21.54.28-1.jpeg\",\"datePublished\":\"2025-05-18T03:28:10+00:00\",\"dateModified\":\"2025-05-18T03:30:14+00:00\",\"breadcrumb\":{\"@id\":\"https:\\\/\\\/cebb.org.br\\\/vigilia-pela-terra-encontro\\\/#breadcrumb\"},\"inLanguage\":\"en-GB\",\"potentialAction\":[{\"@type\":\"ReadAction\",\"target\":[\"https:\\\/\\\/cebb.org.br\\\/vigilia-pela-terra-encontro\\\/\"]}]},{\"@type\":\"ImageObject\",\"inLanguage\":\"en-GB\",\"@id\":\"https:\\\/\\\/cebb.org.br\\\/vigilia-pela-terra-encontro\\\/#primaryimage\",\"url\":\"https:\\\/\\\/cebb.org.br\\\/wp-content\\\/uploads\\\/2025\\\/05\\\/WhatsApp-Image-2025-05-17-at-21.54.28-1.jpeg\",\"contentUrl\":\"https:\\\/\\\/cebb.org.br\\\/wp-content\\\/uploads\\\/2025\\\/05\\\/WhatsApp-Image-2025-05-17-at-21.54.28-1.jpeg\",\"width\":1200,\"height\":1600},{\"@type\":\"BreadcrumbList\",\"@id\":\"https:\\\/\\\/cebb.org.br\\\/vigilia-pela-terra-encontro\\\/#breadcrumb\",\"itemListElement\":[{\"@type\":\"ListItem\",\"position\":1,\"name\":\"Home\",\"item\":\"https:\\\/\\\/cebb.org.br\\\/\"},{\"@type\":\"ListItem\",\"position\":2,\"name\":\"Vig\u00edlia pela Terra\"}]},{\"@type\":\"WebSite\",\"@id\":\"https:\\\/\\\/cebb.org.br\\\/#website\",\"url\":\"https:\\\/\\\/cebb.org.br\\\/\",\"name\":\"Centro de Estudos Budistas Bodisatva\",\"description\":\"Budismo, medita\u00e7\u00e3o e cultura de paz | Lama Padma Samten\",\"publisher\":{\"@id\":\"https:\\\/\\\/cebb.org.br\\\/#organization\"},\"potentialAction\":[{\"@type\":\"SearchAction\",\"target\":{\"@type\":\"EntryPoint\",\"urlTemplate\":\"https:\\\/\\\/cebb.org.br\\\/?s={search_term_string}\"},\"query-input\":{\"@type\":\"PropertyValueSpecification\",\"valueRequired\":true,\"valueName\":\"search_term_string\"}}],\"inLanguage\":\"en-GB\"},{\"@type\":\"Organization\",\"@id\":\"https:\\\/\\\/cebb.org.br\\\/#organization\",\"name\":\"Centro de Estudos Budistas Bodisatva\",\"url\":\"https:\\\/\\\/cebb.org.br\\\/\",\"logo\":{\"@type\":\"ImageObject\",\"inLanguage\":\"en-GB\",\"@id\":\"https:\\\/\\\/cebb.org.br\\\/#\\\/schema\\\/logo\\\/image\\\/\",\"url\":\"http:\\\/\\\/18.230.164.79\\\/wp-content\\\/uploads\\\/2011\\\/03\\\/logosalvador-peq-e1660064979551.jpg\",\"contentUrl\":\"http:\\\/\\\/18.230.164.79\\\/wp-content\\\/uploads\\\/2011\\\/03\\\/logosalvador-peq-e1660064979551.jpg\",\"width\":280,\"height\":231,\"caption\":\"Centro de Estudos Budistas Bodisatva\"},\"image\":{\"@id\":\"https:\\\/\\\/cebb.org.br\\\/#\\\/schema\\\/logo\\\/image\\\/\"},\"sameAs\":[\"https:\\\/\\\/pt-br.facebook.com\\\/cebb108\",\"https:\\\/\\\/www.instagram.com\\\/cebbcaminhodomeio\\\/\"]},{\"@type\":\"Person\",\"@id\":\"https:\\\/\\\/cebb.org.br\\\/#\\\/schema\\\/person\\\/05a696a76f72d472c540f3d7a905f39c\",\"name\":\"Coletivo Intersomos\",\"image\":{\"@type\":\"ImageObject\",\"inLanguage\":\"en-GB\",\"@id\":\"https:\\\/\\\/secure.gravatar.com\\\/avatar\\\/5b3268ebf7c1516b7910dc782a9ef52986a33844353256fce20260189c5f6b83?s=96&d=mm&r=g\",\"url\":\"https:\\\/\\\/secure.gravatar.com\\\/avatar\\\/5b3268ebf7c1516b7910dc782a9ef52986a33844353256fce20260189c5f6b83?s=96&d=mm&r=g\",\"contentUrl\":\"https:\\\/\\\/secure.gravatar.com\\\/avatar\\\/5b3268ebf7c1516b7910dc782a9ef52986a33844353256fce20260189c5f6b83?s=96&d=mm&r=g\",\"caption\":\"Coletivo Intersomos\"},\"url\":\"https:\\\/\\\/cebb.org.br\\\/en\\\/author\\\/coletivo-intersomos\\\/\"}]}<\/script>\n<!-- \/ Yoast SEO plugin. -->","yoast_head_json":{"title":"Vig\u00edlia pela Terra - Centro de Estudos Budistas Bodisatva","robots":{"index":"index","follow":"follow","max-snippet":"max-snippet:-1","max-image-preview":"max-image-preview:large","max-video-preview":"max-video-preview:-1"},"canonical":"https:\/\/cebb.org.br\/en\/vigilia-pela-terra-encontro\/","og_locale":"en_GB","og_type":"article","og_title":"Vig\u00edlia pela Terra - Centro de Estudos Budistas Bodisatva","og_description":"Vig\u00edlia pela Terra \u2013 Porto Alegre \ud83c\udf0e\ud83c\udf3f\ud83d\ude4f Vig\u00edlia pela Terra \u2013 Porto Alegre No dia 17 de maio, Porto Alegre foi palco da Vig\u00edlia pela Terra, um encontro inter-religioso que marcou um ano das enchentes que devastaram o Rio Grande do Sul. O evento prop\u00f4s uma jornada de mem\u00f3ria, espiritualidade e mobiliza\u00e7\u00e3o em defesa do [&hellip;]","og_url":"https:\/\/cebb.org.br\/en\/vigilia-pela-terra-encontro\/","og_site_name":"Centro de Estudos Budistas Bodisatva","article_publisher":"https:\/\/pt-br.facebook.com\/cebb108","article_published_time":"2025-05-18T03:28:10+00:00","article_modified_time":"2025-05-18T03:30:14+00:00","og_image":[{"width":1200,"height":1600,"url":"https:\/\/cebb.org.br\/wp-content\/uploads\/2025\/05\/WhatsApp-Image-2025-05-17-at-21.54.28-1.jpeg","type":"image\/jpeg"}],"author":"Coletivo Intersomos","twitter_card":"summary_large_image","twitter_misc":{"Written by":"Coletivo Intersomos","Estimated reading time":"8 minutes"},"schema":{"@context":"https:\/\/schema.org","@graph":[{"@type":"Article","@id":"https:\/\/cebb.org.br\/vigilia-pela-terra-encontro\/#article","isPartOf":{"@id":"https:\/\/cebb.org.br\/vigilia-pela-terra-encontro\/"},"author":{"name":"Coletivo Intersomos","@id":"https:\/\/cebb.org.br\/#\/schema\/person\/05a696a76f72d472c540f3d7a905f39c"},"headline":"Vig\u00edlia pela Terra","datePublished":"2025-05-18T03:28:10+00:00","dateModified":"2025-05-18T03:30:14+00:00","mainEntityOfPage":{"@id":"https:\/\/cebb.org.br\/vigilia-pela-terra-encontro\/"},"wordCount":869,"commentCount":0,"publisher":{"@id":"https:\/\/cebb.org.br\/#organization"},"image":{"@id":"https:\/\/cebb.org.br\/vigilia-pela-terra-encontro\/#primaryimage"},"thumbnailUrl":"https:\/\/cebb.org.br\/wp-content\/uploads\/2025\/05\/WhatsApp-Image-2025-05-17-at-21.54.28-1.jpeg","inLanguage":"en-GB","potentialAction":[{"@type":"CommentAction","name":"Comment","target":["https:\/\/cebb.org.br\/vigilia-pela-terra-encontro\/#respond"]}]},{"@type":"WebPage","@id":"https:\/\/cebb.org.br\/vigilia-pela-terra-encontro\/","url":"https:\/\/cebb.org.br\/vigilia-pela-terra-encontro\/","name":"Vig\u00edlia pela Terra - Centro de Estudos Budistas Bodisatva","isPartOf":{"@id":"https:\/\/cebb.org.br\/#website"},"primaryImageOfPage":{"@id":"https:\/\/cebb.org.br\/vigilia-pela-terra-encontro\/#primaryimage"},"image":{"@id":"https:\/\/cebb.org.br\/vigilia-pela-terra-encontro\/#primaryimage"},"thumbnailUrl":"https:\/\/cebb.org.br\/wp-content\/uploads\/2025\/05\/WhatsApp-Image-2025-05-17-at-21.54.28-1.jpeg","datePublished":"2025-05-18T03:28:10+00:00","dateModified":"2025-05-18T03:30:14+00:00","breadcrumb":{"@id":"https:\/\/cebb.org.br\/vigilia-pela-terra-encontro\/#breadcrumb"},"inLanguage":"en-GB","potentialAction":[{"@type":"ReadAction","target":["https:\/\/cebb.org.br\/vigilia-pela-terra-encontro\/"]}]},{"@type":"ImageObject","inLanguage":"en-GB","@id":"https:\/\/cebb.org.br\/vigilia-pela-terra-encontro\/#primaryimage","url":"https:\/\/cebb.org.br\/wp-content\/uploads\/2025\/05\/WhatsApp-Image-2025-05-17-at-21.54.28-1.jpeg","contentUrl":"https:\/\/cebb.org.br\/wp-content\/uploads\/2025\/05\/WhatsApp-Image-2025-05-17-at-21.54.28-1.jpeg","width":1200,"height":1600},{"@type":"BreadcrumbList","@id":"https:\/\/cebb.org.br\/vigilia-pela-terra-encontro\/#breadcrumb","itemListElement":[{"@type":"ListItem","position":1,"name":"Home","item":"https:\/\/cebb.org.br\/"},{"@type":"ListItem","position":2,"name":"Vig\u00edlia pela Terra"}]},{"@type":"WebSite","@id":"https:\/\/cebb.org.br\/#website","url":"https:\/\/cebb.org.br\/","name":"Bodhisattva Center for Buddhist Studies","description":"Budismo, medita\u00e7\u00e3o e cultura de paz | Lama Padma Samten","publisher":{"@id":"https:\/\/cebb.org.br\/#organization"},"potentialAction":[{"@type":"SearchAction","target":{"@type":"EntryPoint","urlTemplate":"https:\/\/cebb.org.br\/?s={search_term_string}"},"query-input":{"@type":"PropertyValueSpecification","valueRequired":true,"valueName":"search_term_string"}}],"inLanguage":"en-GB"},{"@type":"Organization","@id":"https:\/\/cebb.org.br\/#organization","name":"Bodhisattva Center for Buddhist Studies","url":"https:\/\/cebb.org.br\/","logo":{"@type":"ImageObject","inLanguage":"en-GB","@id":"https:\/\/cebb.org.br\/#\/schema\/logo\/image\/","url":"http:\/\/18.230.164.79\/wp-content\/uploads\/2011\/03\/logosalvador-peq-e1660064979551.jpg","contentUrl":"http:\/\/18.230.164.79\/wp-content\/uploads\/2011\/03\/logosalvador-peq-e1660064979551.jpg","width":280,"height":231,"caption":"Centro de Estudos Budistas Bodisatva"},"image":{"@id":"https:\/\/cebb.org.br\/#\/schema\/logo\/image\/"},"sameAs":["https:\/\/pt-br.facebook.com\/cebb108","https:\/\/www.instagram.com\/cebbcaminhodomeio\/"]},{"@type":"Person","@id":"https:\/\/cebb.org.br\/#\/schema\/person\/05a696a76f72d472c540f3d7a905f39c","name":"Coletivo Intersomos","image":{"@type":"ImageObject","inLanguage":"en-GB","@id":"https:\/\/secure.gravatar.com\/avatar\/5b3268ebf7c1516b7910dc782a9ef52986a33844353256fce20260189c5f6b83?s=96&d=mm&r=g","url":"https:\/\/secure.gravatar.com\/avatar\/5b3268ebf7c1516b7910dc782a9ef52986a33844353256fce20260189c5f6b83?s=96&d=mm&r=g","contentUrl":"https:\/\/secure.gravatar.com\/avatar\/5b3268ebf7c1516b7910dc782a9ef52986a33844353256fce20260189c5f6b83?s=96&d=mm&r=g","caption":"Coletivo Intersomos"},"url":"https:\/\/cebb.org.br\/en\/author\/coletivo-intersomos\/"}]}},"_links":{"self":[{"href":"https:\/\/cebb.org.br\/en\/wp-json\/wp\/v2\/posts\/114541","targetHints":{"allow":["GET"]}}],"collection":[{"href":"https:\/\/cebb.org.br\/en\/wp-json\/wp\/v2\/posts"}],"about":[{"href":"https:\/\/cebb.org.br\/en\/wp-json\/wp\/v2\/types\/post"}],"author":[{"embeddable":true,"href":"https:\/\/cebb.org.br\/en\/wp-json\/wp\/v2\/users\/79"}],"replies":[{"embeddable":true,"href":"https:\/\/cebb.org.br\/en\/wp-json\/wp\/v2\/comments?post=114541"}],"version-history":[{"count":46,"href":"https:\/\/cebb.org.br\/en\/wp-json\/wp\/v2\/posts\/114541\/revisions"}],"predecessor-version":[{"id":114587,"href":"https:\/\/cebb.org.br\/en\/wp-json\/wp\/v2\/posts\/114541\/revisions\/114587"}],"wp:featuredmedia":[{"embeddable":true,"href":"https:\/\/cebb.org.br\/en\/wp-json\/wp\/v2\/media\/114526"}],"wp:attachment":[{"href":"https:\/\/cebb.org.br\/en\/wp-json\/wp\/v2\/media?parent=114541"}],"wp:term":[{"taxonomy":"category","embeddable":true,"href":"https:\/\/cebb.org.br\/en\/wp-json\/wp\/v2\/categories?post=114541"},{"taxonomy":"post_tag","embeddable":true,"href":"https:\/\/cebb.org.br\/en\/wp-json\/wp\/v2\/tags?post=114541"}],"curies":[{"name":"wp","href":"https:\/\/api.w.org\/{rel}","templated":true}]}}