{"id":115710,"date":"2025-06-17T16:48:35","date_gmt":"2025-06-17T19:48:35","guid":{"rendered":"https:\/\/cebb.org.br\/?p=115710"},"modified":"2025-06-18T08:30:51","modified_gmt":"2025-06-18T11:30:51","slug":"campinagrande","status":"publish","type":"post","link":"https:\/\/cebb.org.br\/en\/campinagrande\/","title":{"rendered":"Pr\u00e1ticas regulares | CEBB Campina Grande do Sul"},"content":{"rendered":"<p>O CEBB (Centro de Estudos Budistas Bodisatva) Campina Grande do Sul foi inaugurado no dia 25 de Abril de 2025, com a presen\u00e7a do Lama Padma Samten. Desde ent\u00e3o, oferece pr\u00e1ticas de estudo e medita\u00e7\u00e3o para a comunidade do entorno.<\/p>\n<p>&nbsp;<\/p>\n<p><!--more--><\/p>\n<h3 id=\"programacao\">Schedule<\/h3>\n<h6><span style=\"font-weight: 400;\"><strong>Ter\u00e7as-feiras, \u00e0s 19h30<\/strong><\/span><\/h6>\n<h5><span style=\"font-weight: 400;\">Estudo do livro <strong>&#8220;<em>Roda da Vida como caminho para a lucidez&#8221;<\/em><\/strong><\/span><\/h5>\n<p>&nbsp;<\/p>\n<h6><strong>Quintas-feiras, \u00e0s 19h<\/strong><\/h6>\n<h5><span style=\"font-weight: 400;\">Estudo do livro <em><strong>&#8220;Meditando a Vida&#8221;\u00a0<\/strong><\/em><\/span><\/h5>\n<p>&nbsp;<\/p>\n<h6><strong>1\u00ba Domingo do m\u00eas, \u00e0s 10h<\/strong><\/h6>\n<h5>Puja de Prajnaparamita<\/h5>\n<p>&nbsp;<\/p>\n<p>&nbsp;<\/p>\n<p><b>CEBB Campina Grande do Sul<\/b><\/p>\n<p>R. Alderico Bandeira de Lima, <span style=\"font-weight: 400;\">624 sala 6B &#8211; Jardim Paulista &#8211; <\/span><span style=\"font-weight: 400;\">Campina Grande do Sul &#8211; PR<\/span><\/p>\n<p>Mapa: <a href=\"https:\/\/maps.app.goo.gl\/JjoEBtpgR8ZTjiyJA\">https:\/\/maps.app.goo.gl\/JjoEBtpgR8ZTjiyJA<\/a><\/p>\n<p><strong>Contact<\/strong>: Carolina <a href=\"https:\/\/wa.me\/5541987400002?text=Quero%20conhecer%20o%20CEBB%20Campina%20Grande%20do%20Sul\">41 98740-0002<\/a><\/p>\n<p>&nbsp;<\/p>\n<h3 id=\"contribuicao\">Contribui\u00e7\u00e3o<\/h3>\n<p>As atividades dos CEBBs s\u00e3o sustentadas pela generosidade da sanga, por meio de doa\u00e7\u00f5es livres e espont\u00e2neas.<\/p>\n<p>A contribui\u00e7\u00e3o \u00e9 um convite para apoiar o florescimento do Darma. Para doar:<\/p>\n<blockquote>\n<h5 style=\"line-height: 19px;\">CEBB \u2013 Centro de Estudos Budistas Bodisatva<br \/>\nCNPJ (PIX):\u00a0<strong>02.779.838\/0001-50<\/strong><br \/>\n<small>Voc\u00ea pode enviar seu comprovante para: financeiro.cebbsukhavati@gmail.com<\/small><\/h5>\n<\/blockquote>\n<p><em>&#8220;Que muitos seres possam ser beneficiados&#8221;<\/em><\/p>\n<p>&nbsp;<\/p>\n<p>&nbsp;<\/p>","protected":false},"excerpt":{"rendered":"<p>O CEBB (Centro de Estudos Budistas Bodisatva) Campina Grande do Sul foi inaugurado no dia 25 de Abril de 2025, com a presen\u00e7a do Lama Padma Samten. Desde ent\u00e3o, oferece pr\u00e1ticas de estudo e medita\u00e7\u00e3o para a comunidade do entorno. &nbsp;<\/p>","protected":false},"author":27,"featured_media":115711,"comment_status":"open","ping_status":"open","sticky":false,"template":"","format":"standard","meta":{"footnotes":""},"categories":[353,663],"tags":[],"class_list":["post-115710","post","type-post","status-publish","format-standard","has-post-thumbnail","hentry","category-pr","category-praticas-regulares"],"yoast_head":"<!-- This site is optimized with the Yoast SEO plugin v27.5 - https:\/\/yoast.com\/product\/yoast-seo-wordpress\/ -->\n<title>Pr\u00e1ticas regulares | CEBB Campina Grande do Sul - Centro de Estudos Budistas Bodisatva<\/title>\n<meta name=\"description\" content=\"CEBB Campina Grande so Sul. Centro budista no PR. Aprenda e pratique medita\u00e7\u00e3o e budismo. Endere\u00e7o, programa\u00e7\u00e3o e contato.\" \/>\n<meta name=\"robots\" content=\"index, follow, max-snippet:-1, max-image-preview:large, max-video-preview:-1\" \/>\n<link rel=\"canonical\" href=\"https:\/\/cebb.org.br\/en\/campinagrande\/\" \/>\n<meta property=\"og:locale\" content=\"en_GB\" \/>\n<meta property=\"og:type\" content=\"article\" \/>\n<meta property=\"og:title\" content=\"Pr\u00e1ticas regulares | CEBB Campina Grande do Sul - Centro de Estudos Budistas Bodisatva\" \/>\n<meta property=\"og:description\" content=\"CEBB Campina Grande so Sul. Centro budista no PR. Aprenda e pratique medita\u00e7\u00e3o e budismo. Endere\u00e7o, programa\u00e7\u00e3o e contato.\" \/>\n<meta property=\"og:url\" content=\"https:\/\/cebb.org.br\/en\/campinagrande\/\" \/>\n<meta property=\"og:site_name\" content=\"Centro de Estudos Budistas Bodisatva\" \/>\n<meta property=\"article:publisher\" content=\"https:\/\/pt-br.facebook.com\/cebb108\" \/>\n<meta property=\"article:published_time\" content=\"2025-06-17T19:48:35+00:00\" \/>\n<meta property=\"article:modified_time\" content=\"2025-06-18T11:30:51+00:00\" \/>\n<meta property=\"og:image\" content=\"https:\/\/cebb.org.br\/wp-content\/uploads\/2025\/06\/WhatsApp-Image-2025-06-16-at-15.57.49-e1750189322672.jpeg\" \/>\n\t<meta property=\"og:image:width\" content=\"1200\" \/>\n\t<meta property=\"og:image:height\" content=\"877\" \/>\n\t<meta property=\"og:image:type\" content=\"image\/jpeg\" \/>\n<meta name=\"author\" content=\"andrefeijo\" \/>\n<meta name=\"twitter:card\" content=\"summary_large_image\" \/>\n<meta name=\"twitter:label1\" content=\"Written by\" \/>\n\t<meta name=\"twitter:data1\" content=\"andrefeijo\" \/>\n\t<meta name=\"twitter:label2\" content=\"Estimated reading time\" \/>\n\t<meta name=\"twitter:data2\" content=\"1 minute\" \/>\n<script type=\"application\/ld+json\" class=\"yoast-schema-graph\">{\"@context\":\"https:\\\/\\\/schema.org\",\"@graph\":[{\"@type\":\"Article\",\"@id\":\"https:\\\/\\\/cebb.org.br\\\/campinagrande\\\/#article\",\"isPartOf\":{\"@id\":\"https:\\\/\\\/cebb.org.br\\\/campinagrande\\\/\"},\"author\":{\"name\":\"andrefeijo\",\"@id\":\"https:\\\/\\\/cebb.org.br\\\/#\\\/schema\\\/person\\\/2dc22db8f37fb02f54a4463a29d0d833\"},\"headline\":\"Pr\u00e1ticas regulares | CEBB Campina Grande do Sul\",\"datePublished\":\"2025-06-17T19:48:35+00:00\",\"dateModified\":\"2025-06-18T11:30:51+00:00\",\"mainEntityOfPage\":{\"@id\":\"https:\\\/\\\/cebb.org.br\\\/campinagrande\\\/\"},\"wordCount\":186,\"commentCount\":0,\"publisher\":{\"@id\":\"https:\\\/\\\/cebb.org.br\\\/#organization\"},\"image\":{\"@id\":\"https:\\\/\\\/cebb.org.br\\\/campinagrande\\\/#primaryimage\"},\"thumbnailUrl\":\"https:\\\/\\\/cebb.org.br\\\/wp-content\\\/uploads\\\/2025\\\/06\\\/WhatsApp-Image-2025-06-16-at-15.57.49-e1750189322672.jpeg\",\"articleSection\":[\"PR\",\"Praticas Regulares\"],\"inLanguage\":\"en-GB\",\"potentialAction\":[{\"@type\":\"CommentAction\",\"name\":\"Comment\",\"target\":[\"https:\\\/\\\/cebb.org.br\\\/campinagrande\\\/#respond\"]}]},{\"@type\":\"WebPage\",\"@id\":\"https:\\\/\\\/cebb.org.br\\\/campinagrande\\\/\",\"url\":\"https:\\\/\\\/cebb.org.br\\\/campinagrande\\\/\",\"name\":\"Pr\u00e1ticas regulares | CEBB Campina Grande do Sul - Centro de Estudos Budistas Bodisatva\",\"isPartOf\":{\"@id\":\"https:\\\/\\\/cebb.org.br\\\/#website\"},\"primaryImageOfPage\":{\"@id\":\"https:\\\/\\\/cebb.org.br\\\/campinagrande\\\/#primaryimage\"},\"image\":{\"@id\":\"https:\\\/\\\/cebb.org.br\\\/campinagrande\\\/#primaryimage\"},\"thumbnailUrl\":\"https:\\\/\\\/cebb.org.br\\\/wp-content\\\/uploads\\\/2025\\\/06\\\/WhatsApp-Image-2025-06-16-at-15.57.49-e1750189322672.jpeg\",\"datePublished\":\"2025-06-17T19:48:35+00:00\",\"dateModified\":\"2025-06-18T11:30:51+00:00\",\"description\":\"CEBB Campina Grande so Sul. Centro budista no PR. Aprenda e pratique medita\u00e7\u00e3o e budismo. Endere\u00e7o, programa\u00e7\u00e3o e contato.\",\"breadcrumb\":{\"@id\":\"https:\\\/\\\/cebb.org.br\\\/campinagrande\\\/#breadcrumb\"},\"inLanguage\":\"en-GB\",\"potentialAction\":[{\"@type\":\"ReadAction\",\"target\":[\"https:\\\/\\\/cebb.org.br\\\/campinagrande\\\/\"]}]},{\"@type\":\"ImageObject\",\"inLanguage\":\"en-GB\",\"@id\":\"https:\\\/\\\/cebb.org.br\\\/campinagrande\\\/#primaryimage\",\"url\":\"https:\\\/\\\/cebb.org.br\\\/wp-content\\\/uploads\\\/2025\\\/06\\\/WhatsApp-Image-2025-06-16-at-15.57.49-e1750189322672.jpeg\",\"contentUrl\":\"https:\\\/\\\/cebb.org.br\\\/wp-content\\\/uploads\\\/2025\\\/06\\\/WhatsApp-Image-2025-06-16-at-15.57.49-e1750189322672.jpeg\",\"width\":1200,\"height\":877},{\"@type\":\"BreadcrumbList\",\"@id\":\"https:\\\/\\\/cebb.org.br\\\/campinagrande\\\/#breadcrumb\",\"itemListElement\":[{\"@type\":\"ListItem\",\"position\":1,\"name\":\"Home\",\"item\":\"https:\\\/\\\/cebb.org.br\\\/\"},{\"@type\":\"ListItem\",\"position\":2,\"name\":\"Pr\u00e1ticas regulares | CEBB Campina Grande do Sul\"}]},{\"@type\":\"WebSite\",\"@id\":\"https:\\\/\\\/cebb.org.br\\\/#website\",\"url\":\"https:\\\/\\\/cebb.org.br\\\/\",\"name\":\"Centro de Estudos Budistas Bodisatva\",\"description\":\"Budismo, medita\u00e7\u00e3o e cultura de paz | Lama Padma Samten\",\"publisher\":{\"@id\":\"https:\\\/\\\/cebb.org.br\\\/#organization\"},\"potentialAction\":[{\"@type\":\"SearchAction\",\"target\":{\"@type\":\"EntryPoint\",\"urlTemplate\":\"https:\\\/\\\/cebb.org.br\\\/?s={search_term_string}\"},\"query-input\":{\"@type\":\"PropertyValueSpecification\",\"valueRequired\":true,\"valueName\":\"search_term_string\"}}],\"inLanguage\":\"en-GB\"},{\"@type\":\"Organization\",\"@id\":\"https:\\\/\\\/cebb.org.br\\\/#organization\",\"name\":\"Centro de Estudos Budistas Bodisatva\",\"url\":\"https:\\\/\\\/cebb.org.br\\\/\",\"logo\":{\"@type\":\"ImageObject\",\"inLanguage\":\"en-GB\",\"@id\":\"https:\\\/\\\/cebb.org.br\\\/#\\\/schema\\\/logo\\\/image\\\/\",\"url\":\"http:\\\/\\\/18.230.164.79\\\/wp-content\\\/uploads\\\/2011\\\/03\\\/logosalvador-peq-e1660064979551.jpg\",\"contentUrl\":\"http:\\\/\\\/18.230.164.79\\\/wp-content\\\/uploads\\\/2011\\\/03\\\/logosalvador-peq-e1660064979551.jpg\",\"width\":280,\"height\":231,\"caption\":\"Centro de Estudos Budistas Bodisatva\"},\"image\":{\"@id\":\"https:\\\/\\\/cebb.org.br\\\/#\\\/schema\\\/logo\\\/image\\\/\"},\"sameAs\":[\"https:\\\/\\\/pt-br.facebook.com\\\/cebb108\",\"https:\\\/\\\/www.instagram.com\\\/cebbcaminhodomeio\\\/\"]},{\"@type\":\"Person\",\"@id\":\"https:\\\/\\\/cebb.org.br\\\/#\\\/schema\\\/person\\\/2dc22db8f37fb02f54a4463a29d0d833\",\"name\":\"andrefeijo\",\"image\":{\"@type\":\"ImageObject\",\"inLanguage\":\"en-GB\",\"@id\":\"https:\\\/\\\/secure.gravatar.com\\\/avatar\\\/1ee7cb1f8d7ac35730fbd2e2ef68a804b745833ab90cf5b91ac5cb139000c057?s=96&d=mm&r=g\",\"url\":\"https:\\\/\\\/secure.gravatar.com\\\/avatar\\\/1ee7cb1f8d7ac35730fbd2e2ef68a804b745833ab90cf5b91ac5cb139000c057?s=96&d=mm&r=g\",\"contentUrl\":\"https:\\\/\\\/secure.gravatar.com\\\/avatar\\\/1ee7cb1f8d7ac35730fbd2e2ef68a804b745833ab90cf5b91ac5cb139000c057?s=96&d=mm&r=g\",\"caption\":\"andrefeijo\"},\"url\":\"https:\\\/\\\/cebb.org.br\\\/en\\\/author\\\/andrefeijo\\\/\"}]}<\/script>\n<!-- \/ Yoast SEO plugin. -->","yoast_head_json":{"title":"Pr\u00e1ticas regulares | CEBB Campina Grande do Sul - Centro de Estudos Budistas Bodisatva","description":"CEBB Campina Grande so Sul. Centro budista no PR. Aprenda e pratique medita\u00e7\u00e3o e budismo. Endere\u00e7o, programa\u00e7\u00e3o e contato.","robots":{"index":"index","follow":"follow","max-snippet":"max-snippet:-1","max-image-preview":"max-image-preview:large","max-video-preview":"max-video-preview:-1"},"canonical":"https:\/\/cebb.org.br\/en\/campinagrande\/","og_locale":"en_GB","og_type":"article","og_title":"Pr\u00e1ticas regulares | CEBB Campina Grande do Sul - Centro de Estudos Budistas Bodisatva","og_description":"CEBB Campina Grande so Sul. Centro budista no PR. Aprenda e pratique medita\u00e7\u00e3o e budismo. Endere\u00e7o, programa\u00e7\u00e3o e contato.","og_url":"https:\/\/cebb.org.br\/en\/campinagrande\/","og_site_name":"Centro de Estudos Budistas Bodisatva","article_publisher":"https:\/\/pt-br.facebook.com\/cebb108","article_published_time":"2025-06-17T19:48:35+00:00","article_modified_time":"2025-06-18T11:30:51+00:00","og_image":[{"width":1200,"height":877,"url":"https:\/\/cebb.org.br\/wp-content\/uploads\/2025\/06\/WhatsApp-Image-2025-06-16-at-15.57.49-e1750189322672.jpeg","type":"image\/jpeg"}],"author":"andrefeijo","twitter_card":"summary_large_image","twitter_misc":{"Written by":"andrefeijo","Estimated reading time":"1 minute"},"schema":{"@context":"https:\/\/schema.org","@graph":[{"@type":"Article","@id":"https:\/\/cebb.org.br\/campinagrande\/#article","isPartOf":{"@id":"https:\/\/cebb.org.br\/campinagrande\/"},"author":{"name":"andrefeijo","@id":"https:\/\/cebb.org.br\/#\/schema\/person\/2dc22db8f37fb02f54a4463a29d0d833"},"headline":"Pr\u00e1ticas regulares | CEBB Campina Grande do Sul","datePublished":"2025-06-17T19:48:35+00:00","dateModified":"2025-06-18T11:30:51+00:00","mainEntityOfPage":{"@id":"https:\/\/cebb.org.br\/campinagrande\/"},"wordCount":186,"commentCount":0,"publisher":{"@id":"https:\/\/cebb.org.br\/#organization"},"image":{"@id":"https:\/\/cebb.org.br\/campinagrande\/#primaryimage"},"thumbnailUrl":"https:\/\/cebb.org.br\/wp-content\/uploads\/2025\/06\/WhatsApp-Image-2025-06-16-at-15.57.49-e1750189322672.jpeg","articleSection":["PR","Praticas Regulares"],"inLanguage":"en-GB","potentialAction":[{"@type":"CommentAction","name":"Comment","target":["https:\/\/cebb.org.br\/campinagrande\/#respond"]}]},{"@type":"WebPage","@id":"https:\/\/cebb.org.br\/campinagrande\/","url":"https:\/\/cebb.org.br\/campinagrande\/","name":"Pr\u00e1ticas regulares | CEBB Campina Grande do Sul - Centro de Estudos Budistas Bodisatva","isPartOf":{"@id":"https:\/\/cebb.org.br\/#website"},"primaryImageOfPage":{"@id":"https:\/\/cebb.org.br\/campinagrande\/#primaryimage"},"image":{"@id":"https:\/\/cebb.org.br\/campinagrande\/#primaryimage"},"thumbnailUrl":"https:\/\/cebb.org.br\/wp-content\/uploads\/2025\/06\/WhatsApp-Image-2025-06-16-at-15.57.49-e1750189322672.jpeg","datePublished":"2025-06-17T19:48:35+00:00","dateModified":"2025-06-18T11:30:51+00:00","description":"CEBB Campina Grande so Sul. Centro budista no PR. Aprenda e pratique medita\u00e7\u00e3o e budismo. Endere\u00e7o, programa\u00e7\u00e3o e contato.","breadcrumb":{"@id":"https:\/\/cebb.org.br\/campinagrande\/#breadcrumb"},"inLanguage":"en-GB","potentialAction":[{"@type":"ReadAction","target":["https:\/\/cebb.org.br\/campinagrande\/"]}]},{"@type":"ImageObject","inLanguage":"en-GB","@id":"https:\/\/cebb.org.br\/campinagrande\/#primaryimage","url":"https:\/\/cebb.org.br\/wp-content\/uploads\/2025\/06\/WhatsApp-Image-2025-06-16-at-15.57.49-e1750189322672.jpeg","contentUrl":"https:\/\/cebb.org.br\/wp-content\/uploads\/2025\/06\/WhatsApp-Image-2025-06-16-at-15.57.49-e1750189322672.jpeg","width":1200,"height":877},{"@type":"BreadcrumbList","@id":"https:\/\/cebb.org.br\/campinagrande\/#breadcrumb","itemListElement":[{"@type":"ListItem","position":1,"name":"Home","item":"https:\/\/cebb.org.br\/"},{"@type":"ListItem","position":2,"name":"Pr\u00e1ticas regulares | CEBB Campina Grande do Sul"}]},{"@type":"WebSite","@id":"https:\/\/cebb.org.br\/#website","url":"https:\/\/cebb.org.br\/","name":"Bodhisattva Center for Buddhist Studies","description":"Budismo, medita\u00e7\u00e3o e cultura de paz | Lama Padma Samten","publisher":{"@id":"https:\/\/cebb.org.br\/#organization"},"potentialAction":[{"@type":"SearchAction","target":{"@type":"EntryPoint","urlTemplate":"https:\/\/cebb.org.br\/?s={search_term_string}"},"query-input":{"@type":"PropertyValueSpecification","valueRequired":true,"valueName":"search_term_string"}}],"inLanguage":"en-GB"},{"@type":"Organization","@id":"https:\/\/cebb.org.br\/#organization","name":"Bodhisattva Center for Buddhist Studies","url":"https:\/\/cebb.org.br\/","logo":{"@type":"ImageObject","inLanguage":"en-GB","@id":"https:\/\/cebb.org.br\/#\/schema\/logo\/image\/","url":"http:\/\/18.230.164.79\/wp-content\/uploads\/2011\/03\/logosalvador-peq-e1660064979551.jpg","contentUrl":"http:\/\/18.230.164.79\/wp-content\/uploads\/2011\/03\/logosalvador-peq-e1660064979551.jpg","width":280,"height":231,"caption":"Centro de Estudos Budistas Bodisatva"},"image":{"@id":"https:\/\/cebb.org.br\/#\/schema\/logo\/image\/"},"sameAs":["https:\/\/pt-br.facebook.com\/cebb108","https:\/\/www.instagram.com\/cebbcaminhodomeio\/"]},{"@type":"Person","@id":"https:\/\/cebb.org.br\/#\/schema\/person\/2dc22db8f37fb02f54a4463a29d0d833","name":"andrefeijo","image":{"@type":"ImageObject","inLanguage":"en-GB","@id":"https:\/\/secure.gravatar.com\/avatar\/1ee7cb1f8d7ac35730fbd2e2ef68a804b745833ab90cf5b91ac5cb139000c057?s=96&d=mm&r=g","url":"https:\/\/secure.gravatar.com\/avatar\/1ee7cb1f8d7ac35730fbd2e2ef68a804b745833ab90cf5b91ac5cb139000c057?s=96&d=mm&r=g","contentUrl":"https:\/\/secure.gravatar.com\/avatar\/1ee7cb1f8d7ac35730fbd2e2ef68a804b745833ab90cf5b91ac5cb139000c057?s=96&d=mm&r=g","caption":"andrefeijo"},"url":"https:\/\/cebb.org.br\/en\/author\/andrefeijo\/"}]}},"_links":{"self":[{"href":"https:\/\/cebb.org.br\/en\/wp-json\/wp\/v2\/posts\/115710","targetHints":{"allow":["GET"]}}],"collection":[{"href":"https:\/\/cebb.org.br\/en\/wp-json\/wp\/v2\/posts"}],"about":[{"href":"https:\/\/cebb.org.br\/en\/wp-json\/wp\/v2\/types\/post"}],"author":[{"embeddable":true,"href":"https:\/\/cebb.org.br\/en\/wp-json\/wp\/v2\/users\/27"}],"replies":[{"embeddable":true,"href":"https:\/\/cebb.org.br\/en\/wp-json\/wp\/v2\/comments?post=115710"}],"version-history":[{"count":19,"href":"https:\/\/cebb.org.br\/en\/wp-json\/wp\/v2\/posts\/115710\/revisions"}],"predecessor-version":[{"id":115733,"href":"https:\/\/cebb.org.br\/en\/wp-json\/wp\/v2\/posts\/115710\/revisions\/115733"}],"wp:featuredmedia":[{"embeddable":true,"href":"https:\/\/cebb.org.br\/en\/wp-json\/wp\/v2\/media\/115711"}],"wp:attachment":[{"href":"https:\/\/cebb.org.br\/en\/wp-json\/wp\/v2\/media?parent=115710"}],"wp:term":[{"taxonomy":"category","embeddable":true,"href":"https:\/\/cebb.org.br\/en\/wp-json\/wp\/v2\/categories?post=115710"},{"taxonomy":"post_tag","embeddable":true,"href":"https:\/\/cebb.org.br\/en\/wp-json\/wp\/v2\/tags?post=115710"}],"curies":[{"name":"wp","href":"https:\/\/api.w.org\/{rel}","templated":true}]}}