{"id":117527,"date":"2025-09-03T10:21:08","date_gmt":"2025-09-03T13:21:08","guid":{"rendered":"https:\/\/cebb.org.br\/?p=117527"},"modified":"2025-09-08T16:23:55","modified_gmt":"2025-09-08T19:23:55","slug":"lama-padma-samten-em-lisboa-2025","status":"publish","type":"post","link":"https:\/\/cebb.org.br\/en\/lama-padma-samten-em-lisboa-2025\/","title":{"rendered":"Lama Padma Samten em Lisboa (2025)"},"content":{"rendered":"<p><strong>06 a 09 setembro 2025<\/strong><\/p>\n<h2><strong>Agenda<\/strong><\/h2>\n<h3><strong>6 de setembro (s\u00e1bado)<\/strong><\/h3>\n<p><strong>Time: <\/strong>17h30 (Hor\u00e1rio de Portugal)<strong><br \/>\nPlace: <\/strong>Rua de Campolide 109 &#8211; 2D, Campolide, Lisboa<\/p>\n<p><strong><strong>In person:<\/strong><\/strong><\/p>\n<ul>\n<li>Encontro na casa do Jo\u00e3o Vale para a sangha local. Conversa aberta. Vagas limitadas devido ao tamanho do espa\u00e7o.<br \/>\nInscri\u00e7\u00f5es +351 917 744 364 (Yara). Levar sua pr\u00f3pria almofada.<\/li>\n<li>Contribui\u00e7\u00e3o: donativo.<\/li>\n<\/ul>\n<p>&gt; <strong>Online:<\/strong> N\u00e3o haver\u00e1.<\/p>\n<p>&#8212;<\/p>\n<h3><strong>7 de setembro (domingo)<\/strong><\/h3>\n<p><strong>Time: <\/strong>10h \u00e0s 18h\u00a0 (Hor\u00e1rio de Portugal)<strong> | <\/strong>06h \u00e0s 14h (Hor\u00e1rio de Bras\u00edlia)<strong><br \/>\nPlace: <\/strong>Centro Upaya, Cal\u00e7ada dos Sete Moinhos 143, Campolide, Lisboa (Intagram: <a href=\"https:\/\/www.instagram.com\/centroupaya\/\">centroupaya<\/a>)<br \/>\n<strong>Tema:<\/strong> Retiro &#8220;O caminho budista da moralidade, medita\u00e7\u00e3o, lucidez e cura&#8221;<\/p>\n<p><em><br \/>\n&#8220;Todos aspiram a felicidade e ultrapassar as situa\u00e7\u00f5es de sofrimento. Estabelecer m\u00e9ritos e evitar criar carmas \u00e9 a base da medita\u00e7\u00e3o. Ent\u00e3o, estabilizar a mente e reconhecer a mente livre de condicionamentos. Chegar \u00e0 vis\u00e3o de sabedoria e descortinar o natural encantamento da vida. Frui\u00e7\u00e3o sem palavras.&#8221;<\/em><\/p>\n<p><strong><br \/>\n<strong>In person:<\/strong><br \/>\n<\/strong><\/p>\n<ul>\n<li>Retiro de um dia, aberto ao p\u00fablico, com almo\u00e7o partilhado.<\/li>\n<li>Contribui\u00e7\u00e3o (sugerida): Eur 45,00<\/li>\n<li>Inscri\u00e7\u00f5es: presenciais +351 917 744 364 (Yara)<\/li>\n<\/ul>\n<p><strong>&gt; Online: <\/strong><a href=\"https:\/\/acaoparamita.com.br\/ensinamentos\/inscricao-retiro-o-caminho-budista-da-moralidade-meditacao-lucidez-e-cura-lisboa\/\"><strong>Inscreva-se aqui!<\/strong><\/a><br \/>\n(<strong>Aten\u00e7\u00e3o!<\/strong> Se voc\u00ea fora mora fora do Brasil e n\u00e3o tem PIX, entre em contato com <strong>acaoparamita@gmail.com<\/strong> para efetivar a sua inscri\u00e7\u00e3o)<\/p>\n<p>&#8212;<\/p>\n<h3><strong>8 de setembro (segunda-feira)<\/strong><\/h3>\n<p><strong>Time: <\/strong>19h (Hor\u00e1rio de Portugal) | 15h (Hor\u00e1rio de Bras\u00edlia)<strong><br \/>\nPlace: <\/strong>Livraria Inquieta, Rua de Campolide 94b, Campolide, Lisboa (Instagram: <a href=\"https:\/\/www.instagram.com\/inquietalivraria\/\">inquietalivraria<\/a>)<br \/>\n<strong>TEMA:<\/strong> Palestra &#8220;Como praticar em meio aos desafios da vida cotidiana&#8221;<\/p>\n<p><strong>&gt; Presencial<\/strong><\/p>\n<ul>\n<li>Contribui\u00e7\u00e3o (sugerida): Eur 15,00<\/li>\n<li>Inscri\u00e7\u00f5es: presenciais +351 917 744 364 (yara)<\/li>\n<\/ul>\n<p><strong>&gt; Online: <a href=\"https:\/\/acaoparamita.com.br\/ensinamentos\/inscricao-como-praticar-em-meio-aos-desafios-da-vida-cotidiana\/\">Inscreva-se aqui!<\/a><\/strong><br \/>\n(<strong>Aten\u00e7\u00e3o!<\/strong> Se voc\u00ea fora mora fora do Brasil e n\u00e3o tem PIX, entre em contato com <strong>acaoparamita@gmail.com<\/strong> para efetivar a sua inscri\u00e7\u00e3o)<\/p>\n<p>&#8212;<\/p>\n<h3><strong>9 setembro (ter\u00e7a-feira)<\/strong><\/h3>\n<p><strong>Time: <\/strong>16h <strong><br \/>\nPlace:<\/strong>Rua Rio 6, Lourel &#8211; Sintra<strong><br \/>\n<\/strong><strong>TEMA:<\/strong> Conversa aberta: &#8220;O que na nossa vida do Darma est\u00e1 andando bem e como fazer para melhorar&#8221;<\/p>\n<p><strong>&gt; Presencial<\/strong><\/p>\n<ul>\n<li>Contribui\u00e7\u00e3o (sugerida): Eur 15,00<\/li>\n<li>Inscri\u00e7\u00f5es: presenciais +351 917 744 364 (yara)<\/li>\n<\/ul>\n<p>&gt;<strong> N\u00e3o haver\u00e1 transmiss\u00e3o online<\/strong><\/p>","protected":false},"excerpt":{"rendered":"<p>De 06 a 09 setembro 2025<\/p>","protected":false},"author":79,"featured_media":117532,"comment_status":"open","ping_status":"open","sticky":false,"template":"","format":"standard","meta":{"footnotes":""},"categories":[365],"tags":[],"class_list":["post-117527","post","type-post","status-publish","format-standard","has-post-thumbnail","hentry","category-agenda"],"yoast_head":"<!-- This site is optimized with the Yoast SEO plugin v27.5 - https:\/\/yoast.com\/product\/yoast-seo-wordpress\/ -->\n<title>Lama Padma Samten em Lisboa (2025) - Centro de Estudos Budistas Bodisatva<\/title>\n<meta name=\"robots\" content=\"index, follow, max-snippet:-1, max-image-preview:large, max-video-preview:-1\" \/>\n<link rel=\"canonical\" href=\"https:\/\/cebb.org.br\/en\/lama-padma-samten-em-lisboa-2025\/\" \/>\n<meta property=\"og:locale\" content=\"en_GB\" \/>\n<meta property=\"og:type\" content=\"article\" \/>\n<meta property=\"og:title\" content=\"Lama Padma Samten em Lisboa (2025) - Centro de Estudos Budistas Bodisatva\" \/>\n<meta property=\"og:description\" content=\"De 06 a 09 setembro 2025\" \/>\n<meta property=\"og:url\" content=\"https:\/\/cebb.org.br\/en\/lama-padma-samten-em-lisboa-2025\/\" \/>\n<meta property=\"og:site_name\" content=\"Centro de Estudos Budistas Bodisatva\" \/>\n<meta property=\"article:publisher\" content=\"https:\/\/pt-br.facebook.com\/cebb108\" \/>\n<meta property=\"article:published_time\" content=\"2025-09-03T13:21:08+00:00\" \/>\n<meta property=\"article:modified_time\" content=\"2025-09-08T19:23:55+00:00\" \/>\n<meta property=\"og:image\" content=\"https:\/\/cebb.org.br\/wp-content\/uploads\/2025\/09\/54468495981_c71eacf8f0_c.jpg\" \/>\n\t<meta property=\"og:image:width\" content=\"799\" \/>\n\t<meta property=\"og:image:height\" content=\"533\" \/>\n\t<meta property=\"og:image:type\" content=\"image\/jpeg\" \/>\n<meta name=\"author\" content=\"Coletivo Intersomos\" \/>\n<meta name=\"twitter:card\" content=\"summary_large_image\" \/>\n<meta name=\"twitter:label1\" content=\"Written by\" \/>\n\t<meta name=\"twitter:data1\" content=\"Coletivo Intersomos\" \/>\n\t<meta name=\"twitter:label2\" content=\"Estimated reading time\" \/>\n\t<meta name=\"twitter:data2\" content=\"2 minutes\" \/>\n<script type=\"application\/ld+json\" class=\"yoast-schema-graph\">{\"@context\":\"https:\\\/\\\/schema.org\",\"@graph\":[{\"@type\":\"Article\",\"@id\":\"https:\\\/\\\/cebb.org.br\\\/lama-padma-samten-em-lisboa-2025\\\/#article\",\"isPartOf\":{\"@id\":\"https:\\\/\\\/cebb.org.br\\\/lama-padma-samten-em-lisboa-2025\\\/\"},\"author\":{\"name\":\"Coletivo Intersomos\",\"@id\":\"https:\\\/\\\/cebb.org.br\\\/#\\\/schema\\\/person\\\/05a696a76f72d472c540f3d7a905f39c\"},\"headline\":\"Lama Padma Samten em Lisboa (2025)\",\"datePublished\":\"2025-09-03T13:21:08+00:00\",\"dateModified\":\"2025-09-08T19:23:55+00:00\",\"mainEntityOfPage\":{\"@id\":\"https:\\\/\\\/cebb.org.br\\\/lama-padma-samten-em-lisboa-2025\\\/\"},\"wordCount\":343,\"commentCount\":0,\"publisher\":{\"@id\":\"https:\\\/\\\/cebb.org.br\\\/#organization\"},\"image\":{\"@id\":\"https:\\\/\\\/cebb.org.br\\\/lama-padma-samten-em-lisboa-2025\\\/#primaryimage\"},\"thumbnailUrl\":\"https:\\\/\\\/cebb.org.br\\\/wp-content\\\/uploads\\\/2025\\\/09\\\/54468495981_c71eacf8f0_c.jpg\",\"articleSection\":[\"Agenda do Lama Padma Samten\"],\"inLanguage\":\"en-GB\",\"potentialAction\":[{\"@type\":\"CommentAction\",\"name\":\"Comment\",\"target\":[\"https:\\\/\\\/cebb.org.br\\\/lama-padma-samten-em-lisboa-2025\\\/#respond\"]}]},{\"@type\":\"WebPage\",\"@id\":\"https:\\\/\\\/cebb.org.br\\\/lama-padma-samten-em-lisboa-2025\\\/\",\"url\":\"https:\\\/\\\/cebb.org.br\\\/lama-padma-samten-em-lisboa-2025\\\/\",\"name\":\"Lama Padma Samten em Lisboa (2025) - Centro de Estudos Budistas Bodisatva\",\"isPartOf\":{\"@id\":\"https:\\\/\\\/cebb.org.br\\\/#website\"},\"primaryImageOfPage\":{\"@id\":\"https:\\\/\\\/cebb.org.br\\\/lama-padma-samten-em-lisboa-2025\\\/#primaryimage\"},\"image\":{\"@id\":\"https:\\\/\\\/cebb.org.br\\\/lama-padma-samten-em-lisboa-2025\\\/#primaryimage\"},\"thumbnailUrl\":\"https:\\\/\\\/cebb.org.br\\\/wp-content\\\/uploads\\\/2025\\\/09\\\/54468495981_c71eacf8f0_c.jpg\",\"datePublished\":\"2025-09-03T13:21:08+00:00\",\"dateModified\":\"2025-09-08T19:23:55+00:00\",\"breadcrumb\":{\"@id\":\"https:\\\/\\\/cebb.org.br\\\/lama-padma-samten-em-lisboa-2025\\\/#breadcrumb\"},\"inLanguage\":\"en-GB\",\"potentialAction\":[{\"@type\":\"ReadAction\",\"target\":[\"https:\\\/\\\/cebb.org.br\\\/lama-padma-samten-em-lisboa-2025\\\/\"]}]},{\"@type\":\"ImageObject\",\"inLanguage\":\"en-GB\",\"@id\":\"https:\\\/\\\/cebb.org.br\\\/lama-padma-samten-em-lisboa-2025\\\/#primaryimage\",\"url\":\"https:\\\/\\\/cebb.org.br\\\/wp-content\\\/uploads\\\/2025\\\/09\\\/54468495981_c71eacf8f0_c.jpg\",\"contentUrl\":\"https:\\\/\\\/cebb.org.br\\\/wp-content\\\/uploads\\\/2025\\\/09\\\/54468495981_c71eacf8f0_c.jpg\",\"width\":799,\"height\":533},{\"@type\":\"BreadcrumbList\",\"@id\":\"https:\\\/\\\/cebb.org.br\\\/lama-padma-samten-em-lisboa-2025\\\/#breadcrumb\",\"itemListElement\":[{\"@type\":\"ListItem\",\"position\":1,\"name\":\"Home\",\"item\":\"https:\\\/\\\/cebb.org.br\\\/\"},{\"@type\":\"ListItem\",\"position\":2,\"name\":\"Lama Padma Samten em Lisboa (2025)\"}]},{\"@type\":\"WebSite\",\"@id\":\"https:\\\/\\\/cebb.org.br\\\/#website\",\"url\":\"https:\\\/\\\/cebb.org.br\\\/\",\"name\":\"Centro de Estudos Budistas Bodisatva\",\"description\":\"Budismo, medita\u00e7\u00e3o e cultura de paz | Lama Padma Samten\",\"publisher\":{\"@id\":\"https:\\\/\\\/cebb.org.br\\\/#organization\"},\"potentialAction\":[{\"@type\":\"SearchAction\",\"target\":{\"@type\":\"EntryPoint\",\"urlTemplate\":\"https:\\\/\\\/cebb.org.br\\\/?s={search_term_string}\"},\"query-input\":{\"@type\":\"PropertyValueSpecification\",\"valueRequired\":true,\"valueName\":\"search_term_string\"}}],\"inLanguage\":\"en-GB\"},{\"@type\":\"Organization\",\"@id\":\"https:\\\/\\\/cebb.org.br\\\/#organization\",\"name\":\"Centro de Estudos Budistas Bodisatva\",\"url\":\"https:\\\/\\\/cebb.org.br\\\/\",\"logo\":{\"@type\":\"ImageObject\",\"inLanguage\":\"en-GB\",\"@id\":\"https:\\\/\\\/cebb.org.br\\\/#\\\/schema\\\/logo\\\/image\\\/\",\"url\":\"http:\\\/\\\/18.230.164.79\\\/wp-content\\\/uploads\\\/2011\\\/03\\\/logosalvador-peq-e1660064979551.jpg\",\"contentUrl\":\"http:\\\/\\\/18.230.164.79\\\/wp-content\\\/uploads\\\/2011\\\/03\\\/logosalvador-peq-e1660064979551.jpg\",\"width\":280,\"height\":231,\"caption\":\"Centro de Estudos Budistas Bodisatva\"},\"image\":{\"@id\":\"https:\\\/\\\/cebb.org.br\\\/#\\\/schema\\\/logo\\\/image\\\/\"},\"sameAs\":[\"https:\\\/\\\/pt-br.facebook.com\\\/cebb108\",\"https:\\\/\\\/www.instagram.com\\\/cebbcaminhodomeio\\\/\"]},{\"@type\":\"Person\",\"@id\":\"https:\\\/\\\/cebb.org.br\\\/#\\\/schema\\\/person\\\/05a696a76f72d472c540f3d7a905f39c\",\"name\":\"Coletivo Intersomos\",\"image\":{\"@type\":\"ImageObject\",\"inLanguage\":\"en-GB\",\"@id\":\"https:\\\/\\\/secure.gravatar.com\\\/avatar\\\/5b3268ebf7c1516b7910dc782a9ef52986a33844353256fce20260189c5f6b83?s=96&d=mm&r=g\",\"url\":\"https:\\\/\\\/secure.gravatar.com\\\/avatar\\\/5b3268ebf7c1516b7910dc782a9ef52986a33844353256fce20260189c5f6b83?s=96&d=mm&r=g\",\"contentUrl\":\"https:\\\/\\\/secure.gravatar.com\\\/avatar\\\/5b3268ebf7c1516b7910dc782a9ef52986a33844353256fce20260189c5f6b83?s=96&d=mm&r=g\",\"caption\":\"Coletivo Intersomos\"},\"url\":\"https:\\\/\\\/cebb.org.br\\\/en\\\/author\\\/coletivo-intersomos\\\/\"}]}<\/script>\n<!-- \/ Yoast SEO plugin. -->","yoast_head_json":{"title":"Lama Padma Samten em Lisboa (2025) - Centro de Estudos Budistas Bodisatva","robots":{"index":"index","follow":"follow","max-snippet":"max-snippet:-1","max-image-preview":"max-image-preview:large","max-video-preview":"max-video-preview:-1"},"canonical":"https:\/\/cebb.org.br\/en\/lama-padma-samten-em-lisboa-2025\/","og_locale":"en_GB","og_type":"article","og_title":"Lama Padma Samten em Lisboa (2025) - Centro de Estudos Budistas Bodisatva","og_description":"De 06 a 09 setembro 2025","og_url":"https:\/\/cebb.org.br\/en\/lama-padma-samten-em-lisboa-2025\/","og_site_name":"Centro de Estudos Budistas Bodisatva","article_publisher":"https:\/\/pt-br.facebook.com\/cebb108","article_published_time":"2025-09-03T13:21:08+00:00","article_modified_time":"2025-09-08T19:23:55+00:00","og_image":[{"width":799,"height":533,"url":"https:\/\/cebb.org.br\/wp-content\/uploads\/2025\/09\/54468495981_c71eacf8f0_c.jpg","type":"image\/jpeg"}],"author":"Coletivo Intersomos","twitter_card":"summary_large_image","twitter_misc":{"Written by":"Coletivo Intersomos","Estimated reading time":"2 minutes"},"schema":{"@context":"https:\/\/schema.org","@graph":[{"@type":"Article","@id":"https:\/\/cebb.org.br\/lama-padma-samten-em-lisboa-2025\/#article","isPartOf":{"@id":"https:\/\/cebb.org.br\/lama-padma-samten-em-lisboa-2025\/"},"author":{"name":"Coletivo Intersomos","@id":"https:\/\/cebb.org.br\/#\/schema\/person\/05a696a76f72d472c540f3d7a905f39c"},"headline":"Lama Padma Samten em Lisboa (2025)","datePublished":"2025-09-03T13:21:08+00:00","dateModified":"2025-09-08T19:23:55+00:00","mainEntityOfPage":{"@id":"https:\/\/cebb.org.br\/lama-padma-samten-em-lisboa-2025\/"},"wordCount":343,"commentCount":0,"publisher":{"@id":"https:\/\/cebb.org.br\/#organization"},"image":{"@id":"https:\/\/cebb.org.br\/lama-padma-samten-em-lisboa-2025\/#primaryimage"},"thumbnailUrl":"https:\/\/cebb.org.br\/wp-content\/uploads\/2025\/09\/54468495981_c71eacf8f0_c.jpg","articleSection":["Agenda do Lama Padma Samten"],"inLanguage":"en-GB","potentialAction":[{"@type":"CommentAction","name":"Comment","target":["https:\/\/cebb.org.br\/lama-padma-samten-em-lisboa-2025\/#respond"]}]},{"@type":"WebPage","@id":"https:\/\/cebb.org.br\/lama-padma-samten-em-lisboa-2025\/","url":"https:\/\/cebb.org.br\/lama-padma-samten-em-lisboa-2025\/","name":"Lama Padma Samten em Lisboa (2025) - Centro de Estudos Budistas Bodisatva","isPartOf":{"@id":"https:\/\/cebb.org.br\/#website"},"primaryImageOfPage":{"@id":"https:\/\/cebb.org.br\/lama-padma-samten-em-lisboa-2025\/#primaryimage"},"image":{"@id":"https:\/\/cebb.org.br\/lama-padma-samten-em-lisboa-2025\/#primaryimage"},"thumbnailUrl":"https:\/\/cebb.org.br\/wp-content\/uploads\/2025\/09\/54468495981_c71eacf8f0_c.jpg","datePublished":"2025-09-03T13:21:08+00:00","dateModified":"2025-09-08T19:23:55+00:00","breadcrumb":{"@id":"https:\/\/cebb.org.br\/lama-padma-samten-em-lisboa-2025\/#breadcrumb"},"inLanguage":"en-GB","potentialAction":[{"@type":"ReadAction","target":["https:\/\/cebb.org.br\/lama-padma-samten-em-lisboa-2025\/"]}]},{"@type":"ImageObject","inLanguage":"en-GB","@id":"https:\/\/cebb.org.br\/lama-padma-samten-em-lisboa-2025\/#primaryimage","url":"https:\/\/cebb.org.br\/wp-content\/uploads\/2025\/09\/54468495981_c71eacf8f0_c.jpg","contentUrl":"https:\/\/cebb.org.br\/wp-content\/uploads\/2025\/09\/54468495981_c71eacf8f0_c.jpg","width":799,"height":533},{"@type":"BreadcrumbList","@id":"https:\/\/cebb.org.br\/lama-padma-samten-em-lisboa-2025\/#breadcrumb","itemListElement":[{"@type":"ListItem","position":1,"name":"Home","item":"https:\/\/cebb.org.br\/"},{"@type":"ListItem","position":2,"name":"Lama Padma Samten em Lisboa (2025)"}]},{"@type":"WebSite","@id":"https:\/\/cebb.org.br\/#website","url":"https:\/\/cebb.org.br\/","name":"Bodhisattva Center for Buddhist Studies","description":"Budismo, medita\u00e7\u00e3o e cultura de paz | Lama Padma Samten","publisher":{"@id":"https:\/\/cebb.org.br\/#organization"},"potentialAction":[{"@type":"SearchAction","target":{"@type":"EntryPoint","urlTemplate":"https:\/\/cebb.org.br\/?s={search_term_string}"},"query-input":{"@type":"PropertyValueSpecification","valueRequired":true,"valueName":"search_term_string"}}],"inLanguage":"en-GB"},{"@type":"Organization","@id":"https:\/\/cebb.org.br\/#organization","name":"Bodhisattva Center for Buddhist Studies","url":"https:\/\/cebb.org.br\/","logo":{"@type":"ImageObject","inLanguage":"en-GB","@id":"https:\/\/cebb.org.br\/#\/schema\/logo\/image\/","url":"http:\/\/18.230.164.79\/wp-content\/uploads\/2011\/03\/logosalvador-peq-e1660064979551.jpg","contentUrl":"http:\/\/18.230.164.79\/wp-content\/uploads\/2011\/03\/logosalvador-peq-e1660064979551.jpg","width":280,"height":231,"caption":"Centro de Estudos Budistas Bodisatva"},"image":{"@id":"https:\/\/cebb.org.br\/#\/schema\/logo\/image\/"},"sameAs":["https:\/\/pt-br.facebook.com\/cebb108","https:\/\/www.instagram.com\/cebbcaminhodomeio\/"]},{"@type":"Person","@id":"https:\/\/cebb.org.br\/#\/schema\/person\/05a696a76f72d472c540f3d7a905f39c","name":"Coletivo Intersomos","image":{"@type":"ImageObject","inLanguage":"en-GB","@id":"https:\/\/secure.gravatar.com\/avatar\/5b3268ebf7c1516b7910dc782a9ef52986a33844353256fce20260189c5f6b83?s=96&d=mm&r=g","url":"https:\/\/secure.gravatar.com\/avatar\/5b3268ebf7c1516b7910dc782a9ef52986a33844353256fce20260189c5f6b83?s=96&d=mm&r=g","contentUrl":"https:\/\/secure.gravatar.com\/avatar\/5b3268ebf7c1516b7910dc782a9ef52986a33844353256fce20260189c5f6b83?s=96&d=mm&r=g","caption":"Coletivo Intersomos"},"url":"https:\/\/cebb.org.br\/en\/author\/coletivo-intersomos\/"}]}},"_links":{"self":[{"href":"https:\/\/cebb.org.br\/en\/wp-json\/wp\/v2\/posts\/117527","targetHints":{"allow":["GET"]}}],"collection":[{"href":"https:\/\/cebb.org.br\/en\/wp-json\/wp\/v2\/posts"}],"about":[{"href":"https:\/\/cebb.org.br\/en\/wp-json\/wp\/v2\/types\/post"}],"author":[{"embeddable":true,"href":"https:\/\/cebb.org.br\/en\/wp-json\/wp\/v2\/users\/79"}],"replies":[{"embeddable":true,"href":"https:\/\/cebb.org.br\/en\/wp-json\/wp\/v2\/comments?post=117527"}],"version-history":[{"count":17,"href":"https:\/\/cebb.org.br\/en\/wp-json\/wp\/v2\/posts\/117527\/revisions"}],"predecessor-version":[{"id":117762,"href":"https:\/\/cebb.org.br\/en\/wp-json\/wp\/v2\/posts\/117527\/revisions\/117762"}],"wp:featuredmedia":[{"embeddable":true,"href":"https:\/\/cebb.org.br\/en\/wp-json\/wp\/v2\/media\/117532"}],"wp:attachment":[{"href":"https:\/\/cebb.org.br\/en\/wp-json\/wp\/v2\/media?parent=117527"}],"wp:term":[{"taxonomy":"category","embeddable":true,"href":"https:\/\/cebb.org.br\/en\/wp-json\/wp\/v2\/categories?post=117527"},{"taxonomy":"post_tag","embeddable":true,"href":"https:\/\/cebb.org.br\/en\/wp-json\/wp\/v2\/tags?post=117527"}],"curies":[{"name":"wp","href":"https:\/\/api.w.org\/{rel}","templated":true}]}}