{"id":117735,"date":"2025-09-07T20:34:05","date_gmt":"2025-09-07T23:34:05","guid":{"rendered":"https:\/\/cebb.org.br\/?p=117735"},"modified":"2025-09-22T14:06:48","modified_gmt":"2025-09-22T17:06:48","slug":"lama-padma-samten-na-espanha-2025","status":"publish","type":"post","link":"https:\/\/cebb.org.br\/en\/lama-padma-samten-na-espanha-2025\/","title":{"rendered":"Lama Padma Samten na Espanha (2025)"},"content":{"rendered":"<h2><strong>Agenda<\/strong><\/h2>\n<h3><strong>23 de setembro (ter\u00e7a-feira) <em>(Cancelado!)<\/em><\/strong><\/h3>\n<p><strong>Time: <\/strong>19h (hor\u00e1rio Espanha) \/ 14h (hor\u00e1rio Brasil)<\/p>\n<p><strong>Place:<\/strong> Casa del T\u00edbet Barcelona &#8211; Carrer del Rossell\u00f3, 181, Eixample, Barcelona<\/p>\n<p><strong>Tema:<\/strong> Palestra &#8220;Cultura de Paz na Vis\u00e3o Budista&#8221;<br \/>\n<em><br \/>\nComo compreender e acreditar num mundo pac\u00edfico diante de tantos desafios e desentendimentos vivenciados todos os dias nos tempos atuais? Ser\u00e1 que construir e viver sob uma Cultura de Paz \u00e9 realmente poss\u00edvel? Qual o caminho para desenvolver boas rela\u00e7\u00f5es entre os seres e seu entorno?<\/em><\/p>\n<p><em>A partir da vis\u00e3o budista das Mandalas de Sabedoria, nosso convidado brasileiro Lama Padma Samten oferecer\u00e1 ensinamentos que podem ajudar a encontrar algumas respostas para essas perguntas.<\/em><\/p>\n<p><em>Atrav\u00e9s do reconhecimento das mandalas, que s\u00e3o mundos puros e intelig\u00eancias puras, livres dos condicionamentos e carmas sams\u00e1ricos, as a\u00e7\u00f5es positivas e pac\u00edficas afloram em cada pessoa ou comunidade, sem esfor\u00e7o ou contradi\u00e7\u00e3o.<\/em><\/p>\n<p><em>Quando nos inserimos em um Mandala de Sabedoria, adquirimos as condi\u00e7\u00f5es para realmente fazer o que \u00e9 melhor para n\u00f3s, para os outros, para a humanidade e para o meio ambiente, pacificando tudo ao nosso redor. Somos capazes de viver o amor e a compaix\u00e3o com alegria e equanimidade, sem nos deixarmos abater pelas dificuldades que surgirem.<\/em><\/p>\n<p>&nbsp;<\/p>\n<p>&nbsp;<\/p>\n<p><strong>&gt; Participa\u00e7\u00e3o Presencial: <em>(CANCELADO!)<\/em><\/strong><\/p>\n<ul>\n<li>N\u00e3o \u00e9 necess\u00e1rio fazer inscri\u00e7\u00e3o, basta chegar.<\/li>\n<li>Contribui\u00e7\u00e3o sugerida: 20\u20ac<\/li>\n<li>Informa\u00e7\u00f5es: com Juliana: jricci@gmail.com<\/li>\n<\/ul>\n<p>&nbsp;<\/p>\n<p>&gt; <strong>Participa\u00e7\u00e3o<\/strong> <strong>Online: <\/strong>Inscreva-se aqui! <em><strong> (CANCELADO!)<\/strong><\/em><br \/>\n(<strong>Aten\u00e7\u00e3o!<\/strong> Se voc\u00ea fora mora fora do Brasil e n\u00e3o tem PIX, entre em contato com <strong>acaoparamita@gmail.com<\/strong> para efetivar a sua inscri\u00e7\u00e3o)<\/p>","protected":false},"excerpt":{"rendered":"<p>Dia 23 setembro de 2025<\/p>","protected":false},"author":79,"featured_media":117754,"comment_status":"open","ping_status":"open","sticky":false,"template":"","format":"standard","meta":{"footnotes":""},"categories":[365],"tags":[],"class_list":["post-117735","post","type-post","status-publish","format-standard","has-post-thumbnail","hentry","category-agenda"],"yoast_head":"<!-- This site is optimized with the Yoast SEO plugin v27.5 - https:\/\/yoast.com\/product\/yoast-seo-wordpress\/ -->\n<title>Lama Padma Samten na Espanha (2025) - Centro de Estudos Budistas Bodisatva<\/title>\n<meta name=\"robots\" content=\"index, follow, max-snippet:-1, max-image-preview:large, max-video-preview:-1\" \/>\n<link rel=\"canonical\" href=\"https:\/\/cebb.org.br\/en\/lama-padma-samten-na-espanha-2025\/\" \/>\n<meta property=\"og:locale\" content=\"en_GB\" \/>\n<meta property=\"og:type\" content=\"article\" \/>\n<meta property=\"og:title\" content=\"Lama Padma Samten na Espanha (2025) - Centro de Estudos Budistas Bodisatva\" \/>\n<meta property=\"og:description\" content=\"Dia 23 setembro de 2025\" \/>\n<meta property=\"og:url\" content=\"https:\/\/cebb.org.br\/en\/lama-padma-samten-na-espanha-2025\/\" \/>\n<meta property=\"og:site_name\" content=\"Centro de Estudos Budistas Bodisatva\" \/>\n<meta property=\"article:publisher\" content=\"https:\/\/pt-br.facebook.com\/cebb108\" \/>\n<meta property=\"article:published_time\" content=\"2025-09-07T23:34:05+00:00\" \/>\n<meta property=\"article:modified_time\" content=\"2025-09-22T17:06:48+00:00\" \/>\n<meta property=\"og:image\" content=\"https:\/\/cebb.org.br\/wp-content\/uploads\/2025\/09\/54194175585_58e267f513_c.jpg\" \/>\n\t<meta property=\"og:image:width\" content=\"800\" \/>\n\t<meta property=\"og:image:height\" content=\"450\" \/>\n\t<meta property=\"og:image:type\" content=\"image\/jpeg\" \/>\n<meta name=\"author\" content=\"Coletivo Intersomos\" \/>\n<meta name=\"twitter:card\" content=\"summary_large_image\" \/>\n<meta name=\"twitter:label1\" content=\"Written by\" \/>\n\t<meta name=\"twitter:data1\" content=\"Coletivo Intersomos\" \/>\n\t<meta name=\"twitter:label2\" content=\"Estimated reading time\" \/>\n\t<meta name=\"twitter:data2\" content=\"2 minutes\" \/>\n<script type=\"application\/ld+json\" class=\"yoast-schema-graph\">{\"@context\":\"https:\\\/\\\/schema.org\",\"@graph\":[{\"@type\":\"Article\",\"@id\":\"https:\\\/\\\/cebb.org.br\\\/lama-padma-samten-na-espanha-2025\\\/#article\",\"isPartOf\":{\"@id\":\"https:\\\/\\\/cebb.org.br\\\/lama-padma-samten-na-espanha-2025\\\/\"},\"author\":{\"name\":\"Coletivo Intersomos\",\"@id\":\"https:\\\/\\\/cebb.org.br\\\/#\\\/schema\\\/person\\\/05a696a76f72d472c540f3d7a905f39c\"},\"headline\":\"Lama Padma Samten na Espanha (2025)\",\"datePublished\":\"2025-09-07T23:34:05+00:00\",\"dateModified\":\"2025-09-22T17:06:48+00:00\",\"mainEntityOfPage\":{\"@id\":\"https:\\\/\\\/cebb.org.br\\\/lama-padma-samten-na-espanha-2025\\\/\"},\"wordCount\":279,\"commentCount\":0,\"publisher\":{\"@id\":\"https:\\\/\\\/cebb.org.br\\\/#organization\"},\"image\":{\"@id\":\"https:\\\/\\\/cebb.org.br\\\/lama-padma-samten-na-espanha-2025\\\/#primaryimage\"},\"thumbnailUrl\":\"https:\\\/\\\/cebb.org.br\\\/wp-content\\\/uploads\\\/2025\\\/09\\\/54194175585_58e267f513_c.jpg\",\"articleSection\":[\"Agenda do Lama Padma Samten\"],\"inLanguage\":\"en-GB\",\"potentialAction\":[{\"@type\":\"CommentAction\",\"name\":\"Comment\",\"target\":[\"https:\\\/\\\/cebb.org.br\\\/lama-padma-samten-na-espanha-2025\\\/#respond\"]}]},{\"@type\":\"WebPage\",\"@id\":\"https:\\\/\\\/cebb.org.br\\\/lama-padma-samten-na-espanha-2025\\\/\",\"url\":\"https:\\\/\\\/cebb.org.br\\\/lama-padma-samten-na-espanha-2025\\\/\",\"name\":\"Lama Padma Samten na Espanha (2025) - Centro de Estudos Budistas Bodisatva\",\"isPartOf\":{\"@id\":\"https:\\\/\\\/cebb.org.br\\\/#website\"},\"primaryImageOfPage\":{\"@id\":\"https:\\\/\\\/cebb.org.br\\\/lama-padma-samten-na-espanha-2025\\\/#primaryimage\"},\"image\":{\"@id\":\"https:\\\/\\\/cebb.org.br\\\/lama-padma-samten-na-espanha-2025\\\/#primaryimage\"},\"thumbnailUrl\":\"https:\\\/\\\/cebb.org.br\\\/wp-content\\\/uploads\\\/2025\\\/09\\\/54194175585_58e267f513_c.jpg\",\"datePublished\":\"2025-09-07T23:34:05+00:00\",\"dateModified\":\"2025-09-22T17:06:48+00:00\",\"breadcrumb\":{\"@id\":\"https:\\\/\\\/cebb.org.br\\\/lama-padma-samten-na-espanha-2025\\\/#breadcrumb\"},\"inLanguage\":\"en-GB\",\"potentialAction\":[{\"@type\":\"ReadAction\",\"target\":[\"https:\\\/\\\/cebb.org.br\\\/lama-padma-samten-na-espanha-2025\\\/\"]}]},{\"@type\":\"ImageObject\",\"inLanguage\":\"en-GB\",\"@id\":\"https:\\\/\\\/cebb.org.br\\\/lama-padma-samten-na-espanha-2025\\\/#primaryimage\",\"url\":\"https:\\\/\\\/cebb.org.br\\\/wp-content\\\/uploads\\\/2025\\\/09\\\/54194175585_58e267f513_c.jpg\",\"contentUrl\":\"https:\\\/\\\/cebb.org.br\\\/wp-content\\\/uploads\\\/2025\\\/09\\\/54194175585_58e267f513_c.jpg\",\"width\":800,\"height\":450},{\"@type\":\"BreadcrumbList\",\"@id\":\"https:\\\/\\\/cebb.org.br\\\/lama-padma-samten-na-espanha-2025\\\/#breadcrumb\",\"itemListElement\":[{\"@type\":\"ListItem\",\"position\":1,\"name\":\"Home\",\"item\":\"https:\\\/\\\/cebb.org.br\\\/\"},{\"@type\":\"ListItem\",\"position\":2,\"name\":\"Lama Padma Samten na Espanha (2025)\"}]},{\"@type\":\"WebSite\",\"@id\":\"https:\\\/\\\/cebb.org.br\\\/#website\",\"url\":\"https:\\\/\\\/cebb.org.br\\\/\",\"name\":\"Centro de Estudos Budistas Bodisatva\",\"description\":\"Budismo, medita\u00e7\u00e3o e cultura de paz | Lama Padma Samten\",\"publisher\":{\"@id\":\"https:\\\/\\\/cebb.org.br\\\/#organization\"},\"potentialAction\":[{\"@type\":\"SearchAction\",\"target\":{\"@type\":\"EntryPoint\",\"urlTemplate\":\"https:\\\/\\\/cebb.org.br\\\/?s={search_term_string}\"},\"query-input\":{\"@type\":\"PropertyValueSpecification\",\"valueRequired\":true,\"valueName\":\"search_term_string\"}}],\"inLanguage\":\"en-GB\"},{\"@type\":\"Organization\",\"@id\":\"https:\\\/\\\/cebb.org.br\\\/#organization\",\"name\":\"Centro de Estudos Budistas Bodisatva\",\"url\":\"https:\\\/\\\/cebb.org.br\\\/\",\"logo\":{\"@type\":\"ImageObject\",\"inLanguage\":\"en-GB\",\"@id\":\"https:\\\/\\\/cebb.org.br\\\/#\\\/schema\\\/logo\\\/image\\\/\",\"url\":\"http:\\\/\\\/18.230.164.79\\\/wp-content\\\/uploads\\\/2011\\\/03\\\/logosalvador-peq-e1660064979551.jpg\",\"contentUrl\":\"http:\\\/\\\/18.230.164.79\\\/wp-content\\\/uploads\\\/2011\\\/03\\\/logosalvador-peq-e1660064979551.jpg\",\"width\":280,\"height\":231,\"caption\":\"Centro de Estudos Budistas Bodisatva\"},\"image\":{\"@id\":\"https:\\\/\\\/cebb.org.br\\\/#\\\/schema\\\/logo\\\/image\\\/\"},\"sameAs\":[\"https:\\\/\\\/pt-br.facebook.com\\\/cebb108\",\"https:\\\/\\\/www.instagram.com\\\/cebbcaminhodomeio\\\/\"]},{\"@type\":\"Person\",\"@id\":\"https:\\\/\\\/cebb.org.br\\\/#\\\/schema\\\/person\\\/05a696a76f72d472c540f3d7a905f39c\",\"name\":\"Coletivo Intersomos\",\"image\":{\"@type\":\"ImageObject\",\"inLanguage\":\"en-GB\",\"@id\":\"https:\\\/\\\/secure.gravatar.com\\\/avatar\\\/5b3268ebf7c1516b7910dc782a9ef52986a33844353256fce20260189c5f6b83?s=96&d=mm&r=g\",\"url\":\"https:\\\/\\\/secure.gravatar.com\\\/avatar\\\/5b3268ebf7c1516b7910dc782a9ef52986a33844353256fce20260189c5f6b83?s=96&d=mm&r=g\",\"contentUrl\":\"https:\\\/\\\/secure.gravatar.com\\\/avatar\\\/5b3268ebf7c1516b7910dc782a9ef52986a33844353256fce20260189c5f6b83?s=96&d=mm&r=g\",\"caption\":\"Coletivo Intersomos\"},\"url\":\"https:\\\/\\\/cebb.org.br\\\/en\\\/author\\\/coletivo-intersomos\\\/\"}]}<\/script>\n<!-- \/ Yoast SEO plugin. -->","yoast_head_json":{"title":"Lama Padma Samten na Espanha (2025) - Centro de Estudos Budistas Bodisatva","robots":{"index":"index","follow":"follow","max-snippet":"max-snippet:-1","max-image-preview":"max-image-preview:large","max-video-preview":"max-video-preview:-1"},"canonical":"https:\/\/cebb.org.br\/en\/lama-padma-samten-na-espanha-2025\/","og_locale":"en_GB","og_type":"article","og_title":"Lama Padma Samten na Espanha (2025) - Centro de Estudos Budistas Bodisatva","og_description":"Dia 23 setembro de 2025","og_url":"https:\/\/cebb.org.br\/en\/lama-padma-samten-na-espanha-2025\/","og_site_name":"Centro de Estudos Budistas Bodisatva","article_publisher":"https:\/\/pt-br.facebook.com\/cebb108","article_published_time":"2025-09-07T23:34:05+00:00","article_modified_time":"2025-09-22T17:06:48+00:00","og_image":[{"width":800,"height":450,"url":"https:\/\/cebb.org.br\/wp-content\/uploads\/2025\/09\/54194175585_58e267f513_c.jpg","type":"image\/jpeg"}],"author":"Coletivo Intersomos","twitter_card":"summary_large_image","twitter_misc":{"Written by":"Coletivo Intersomos","Estimated reading time":"2 minutes"},"schema":{"@context":"https:\/\/schema.org","@graph":[{"@type":"Article","@id":"https:\/\/cebb.org.br\/lama-padma-samten-na-espanha-2025\/#article","isPartOf":{"@id":"https:\/\/cebb.org.br\/lama-padma-samten-na-espanha-2025\/"},"author":{"name":"Coletivo Intersomos","@id":"https:\/\/cebb.org.br\/#\/schema\/person\/05a696a76f72d472c540f3d7a905f39c"},"headline":"Lama Padma Samten na Espanha (2025)","datePublished":"2025-09-07T23:34:05+00:00","dateModified":"2025-09-22T17:06:48+00:00","mainEntityOfPage":{"@id":"https:\/\/cebb.org.br\/lama-padma-samten-na-espanha-2025\/"},"wordCount":279,"commentCount":0,"publisher":{"@id":"https:\/\/cebb.org.br\/#organization"},"image":{"@id":"https:\/\/cebb.org.br\/lama-padma-samten-na-espanha-2025\/#primaryimage"},"thumbnailUrl":"https:\/\/cebb.org.br\/wp-content\/uploads\/2025\/09\/54194175585_58e267f513_c.jpg","articleSection":["Agenda do Lama Padma Samten"],"inLanguage":"en-GB","potentialAction":[{"@type":"CommentAction","name":"Comment","target":["https:\/\/cebb.org.br\/lama-padma-samten-na-espanha-2025\/#respond"]}]},{"@type":"WebPage","@id":"https:\/\/cebb.org.br\/lama-padma-samten-na-espanha-2025\/","url":"https:\/\/cebb.org.br\/lama-padma-samten-na-espanha-2025\/","name":"Lama Padma Samten na Espanha (2025) - Centro de Estudos Budistas Bodisatva","isPartOf":{"@id":"https:\/\/cebb.org.br\/#website"},"primaryImageOfPage":{"@id":"https:\/\/cebb.org.br\/lama-padma-samten-na-espanha-2025\/#primaryimage"},"image":{"@id":"https:\/\/cebb.org.br\/lama-padma-samten-na-espanha-2025\/#primaryimage"},"thumbnailUrl":"https:\/\/cebb.org.br\/wp-content\/uploads\/2025\/09\/54194175585_58e267f513_c.jpg","datePublished":"2025-09-07T23:34:05+00:00","dateModified":"2025-09-22T17:06:48+00:00","breadcrumb":{"@id":"https:\/\/cebb.org.br\/lama-padma-samten-na-espanha-2025\/#breadcrumb"},"inLanguage":"en-GB","potentialAction":[{"@type":"ReadAction","target":["https:\/\/cebb.org.br\/lama-padma-samten-na-espanha-2025\/"]}]},{"@type":"ImageObject","inLanguage":"en-GB","@id":"https:\/\/cebb.org.br\/lama-padma-samten-na-espanha-2025\/#primaryimage","url":"https:\/\/cebb.org.br\/wp-content\/uploads\/2025\/09\/54194175585_58e267f513_c.jpg","contentUrl":"https:\/\/cebb.org.br\/wp-content\/uploads\/2025\/09\/54194175585_58e267f513_c.jpg","width":800,"height":450},{"@type":"BreadcrumbList","@id":"https:\/\/cebb.org.br\/lama-padma-samten-na-espanha-2025\/#breadcrumb","itemListElement":[{"@type":"ListItem","position":1,"name":"Home","item":"https:\/\/cebb.org.br\/"},{"@type":"ListItem","position":2,"name":"Lama Padma Samten na Espanha (2025)"}]},{"@type":"WebSite","@id":"https:\/\/cebb.org.br\/#website","url":"https:\/\/cebb.org.br\/","name":"Bodhisattva Center for Buddhist Studies","description":"Budismo, medita\u00e7\u00e3o e cultura de paz | Lama Padma Samten","publisher":{"@id":"https:\/\/cebb.org.br\/#organization"},"potentialAction":[{"@type":"SearchAction","target":{"@type":"EntryPoint","urlTemplate":"https:\/\/cebb.org.br\/?s={search_term_string}"},"query-input":{"@type":"PropertyValueSpecification","valueRequired":true,"valueName":"search_term_string"}}],"inLanguage":"en-GB"},{"@type":"Organization","@id":"https:\/\/cebb.org.br\/#organization","name":"Bodhisattva Center for Buddhist Studies","url":"https:\/\/cebb.org.br\/","logo":{"@type":"ImageObject","inLanguage":"en-GB","@id":"https:\/\/cebb.org.br\/#\/schema\/logo\/image\/","url":"http:\/\/18.230.164.79\/wp-content\/uploads\/2011\/03\/logosalvador-peq-e1660064979551.jpg","contentUrl":"http:\/\/18.230.164.79\/wp-content\/uploads\/2011\/03\/logosalvador-peq-e1660064979551.jpg","width":280,"height":231,"caption":"Centro de Estudos Budistas Bodisatva"},"image":{"@id":"https:\/\/cebb.org.br\/#\/schema\/logo\/image\/"},"sameAs":["https:\/\/pt-br.facebook.com\/cebb108","https:\/\/www.instagram.com\/cebbcaminhodomeio\/"]},{"@type":"Person","@id":"https:\/\/cebb.org.br\/#\/schema\/person\/05a696a76f72d472c540f3d7a905f39c","name":"Coletivo Intersomos","image":{"@type":"ImageObject","inLanguage":"en-GB","@id":"https:\/\/secure.gravatar.com\/avatar\/5b3268ebf7c1516b7910dc782a9ef52986a33844353256fce20260189c5f6b83?s=96&d=mm&r=g","url":"https:\/\/secure.gravatar.com\/avatar\/5b3268ebf7c1516b7910dc782a9ef52986a33844353256fce20260189c5f6b83?s=96&d=mm&r=g","contentUrl":"https:\/\/secure.gravatar.com\/avatar\/5b3268ebf7c1516b7910dc782a9ef52986a33844353256fce20260189c5f6b83?s=96&d=mm&r=g","caption":"Coletivo Intersomos"},"url":"https:\/\/cebb.org.br\/en\/author\/coletivo-intersomos\/"}]}},"_links":{"self":[{"href":"https:\/\/cebb.org.br\/en\/wp-json\/wp\/v2\/posts\/117735","targetHints":{"allow":["GET"]}}],"collection":[{"href":"https:\/\/cebb.org.br\/en\/wp-json\/wp\/v2\/posts"}],"about":[{"href":"https:\/\/cebb.org.br\/en\/wp-json\/wp\/v2\/types\/post"}],"author":[{"embeddable":true,"href":"https:\/\/cebb.org.br\/en\/wp-json\/wp\/v2\/users\/79"}],"replies":[{"embeddable":true,"href":"https:\/\/cebb.org.br\/en\/wp-json\/wp\/v2\/comments?post=117735"}],"version-history":[{"count":14,"href":"https:\/\/cebb.org.br\/en\/wp-json\/wp\/v2\/posts\/117735\/revisions"}],"predecessor-version":[{"id":118554,"href":"https:\/\/cebb.org.br\/en\/wp-json\/wp\/v2\/posts\/117735\/revisions\/118554"}],"wp:featuredmedia":[{"embeddable":true,"href":"https:\/\/cebb.org.br\/en\/wp-json\/wp\/v2\/media\/117754"}],"wp:attachment":[{"href":"https:\/\/cebb.org.br\/en\/wp-json\/wp\/v2\/media?parent=117735"}],"wp:term":[{"taxonomy":"category","embeddable":true,"href":"https:\/\/cebb.org.br\/en\/wp-json\/wp\/v2\/categories?post=117735"},{"taxonomy":"post_tag","embeddable":true,"href":"https:\/\/cebb.org.br\/en\/wp-json\/wp\/v2\/tags?post=117735"}],"curies":[{"name":"wp","href":"https:\/\/api.w.org\/{rel}","templated":true}]}}