{"id":118909,"date":"2025-09-18T17:08:57","date_gmt":"2025-09-18T20:08:57","guid":{"rendered":"https:\/\/cebb.org.br\/?p=118909"},"modified":"2025-10-28T11:39:05","modified_gmt":"2025-10-28T14:39:05","slug":"lama-mendjila-2025","status":"publish","type":"post","link":"https:\/\/cebb.org.br\/en\/lama-mendjila-2025\/","title":{"rendered":"Retiro Os Cinco Elementos e o Processo de Cura do Corpo, Fala e Mente | CEBB Mendjila"},"content":{"rendered":"<p><strong>Retiro com Lama Padma Samten<br \/>\nComemora\u00e7\u00e3o dos 10 anos do Templo do CEBB Mendjila<br \/>\n<\/strong><strong>CEBB Mendjila &#8211; Canelinha\/SC<\/strong><br \/>\n<strong>24 e 26 de outubro (sexta-feira a domingo)<\/strong><\/p>\n<p><!--more--><\/p>\n<p>&nbsp;<\/p>\n<p><em>Quando a energia dos cinco elementos cessa, os materiais do corpo n\u00e3o permanecem mais no corpo; eles simplesmente se espalham no ambiente de onde vieram e para onde est\u00e3o constantemente fluindo. N\u00f3s somos, essencialmente, um movimento energ\u00e9tico, e n\u00e3o uma manifesta\u00e7\u00e3o densa. Nossa vida n\u00e3o \u00e9 explicada pelo aspecto denso, mas pelo aspecto energ\u00e9tico. O verdadeiro sustentador do nosso corpo n\u00e3o s\u00e3o os ossos, nem as c\u00e9lulas que o mant\u00eam, mas a energia que propicia essa sustenta\u00e7\u00e3o.<\/em><\/p>\n<p>\u2014 Lama Padma Samten<\/p>\n<p>&nbsp;<\/p>\n<p>Neste retiro tamb\u00e9m estaremos comemorando <strong>10 anos da constru\u00e7\u00e3o do templo do CEBB Mendjila<\/strong>! Ser\u00e1 uma alegria poder comemorar com Lama Samten e toda a sanga este momento. Veja aqui como foi a <a href=\"https:\/\/cebb.org.br\/en\/inauguracao-templo-mendjila\/\">celebra\u00e7\u00e3o de inaugura\u00e7\u00e3o do templo<\/a>, em 2015.<\/p>\n<p>&nbsp;<\/p>\n<p>Antes do in\u00edcio do retiro, na sexta-feira, durante o dia Lama Samten far\u00e1 um <strong>Curso de Instru\u00e7\u00e3o e Pr\u00e1tica da Sadana do Buda da Medicina<\/strong>. Veja como participar tamb\u00e9m deste dia de pr\u00e1tica auspicioso <a href=\"https:\/\/cebb.org.br\/en\/instrucao-buda-medicina-2025\/\">neste link aqui <!--StartFragment --><span class=\"cf1\">\u2192<\/span><\/a><\/p>\n<p><!--EndFragment --><\/p>\n<p><!--StartFragment --><span class=\"cf0\">\u3164<\/span><!--EndFragment --><\/p>\n<h2>Schedule<\/h2>\n<div>\n<p><b>SEXTA (24\/outubro)<\/b><\/p>\n<p>17:00 &#8211; In\u00edcio do check in<br \/>\n18:00 &#8211; Jantar<br \/>\n19:00 &#8211; Puja<br \/>\n20:00 &#8211; Conversa livre com Lama Padma Samten<\/p>\n<p>\u3164<\/p>\n<p><b>S\u00c1BADO (25\/outubro)<\/b><\/p>\n<p>05:00 &#8211; Montagem do Altar<br \/>\n05:30 &#8211; Medita\u00e7\u00e3o silenciosa no Templo<br \/>\n06:00 &#8211; Puja<br \/>\n07:00 &#8211; Caf\u00e9 da manh\u00e3<br \/>\n07:45 &#8211; Atividades volunt\u00e1rias<br \/>\n09:00 \u00e0s 12:00 &#8211; Inicio do Retiro com Lama Padma Samten<br \/>\n12:00 &#8211; Almo\u00e7o<br \/>\n12:45 &#8211; Atividades volunt\u00e1rias<br \/>\n14:00 \u00e0s 17:00 &#8211; Continua\u00e7\u00e3o do Retiro com Lama Padma Samten<br \/>\n17:00 &#8211; Atividade f\u00edsica<br \/>\n18:00 &#8211; Jantar<br \/>\n19:00 &#8211; Puja<br \/>\n20:00 &#8211;\u00a0Continua\u00e7\u00e3o\u00a0Retiro com Lama Padma Samten<\/p>\n<p>\u3164<\/p>\n<\/div>\n<div><b>DOMINGO (26\/outubro)<\/b><br \/>\n05:00 &#8211; Montagem do Altar<br \/>\n05:30 &#8211; Medita\u00e7\u00e3o Silenciosa no Templo<br \/>\n06:00 &#8211; Puja<br \/>\n07:00 &#8211; Caf\u00e9 da manh\u00e3<br \/>\n07:45 &#8211; Atividades volunt\u00e1rias<br \/>\n09:00 \u00e0s 12:00 &#8211; Continua\u00e7\u00e3o do Retiro com Lama Padma Samten<br \/>\n12:00 &#8211; Almo\u00e7o<br \/>\n12:45 &#8211; Atividades volunt\u00e1rias e encerramento do evento.<\/div>\n<p class=\"LC20lb MBeuO DKV0Md\">\u3164<\/p>\n<p class=\"LC20lb MBeuO DKV0Md\">\u3164<\/p>\n<h2>Atividades Volunt\u00e1rias (Samu)<\/h2>\n<div>Os participantes dos eventos no CEBB s\u00e3o convidados a praticarem desenvolvendo atividades de limpeza e organiza\u00e7\u00e3o (Samu). As atividades volunt\u00e1rias para manuten\u00e7\u00e3o dos espa\u00e7os durante os eventos fazem parte do treinamento da mente e da energia e contribuem para a realiza\u00e7\u00e3o dos eventos de forma participativa e coletiva. No formu\u00e1rio voc\u00ea poder\u00e1 escolher que atividade realizar.<\/div>\n<p class=\"LC20lb MBeuO DKV0Md\">\u3164<\/p>\n<h2>In-person Enrolment<\/h2>\n<p><em>A pr\u00e1tica da Dana Paramita \u2013 perfei\u00e7\u00e3o da generosidade \u2013 torna poss\u00edvel a continuidade dos ensinamentos desde os tempos do Buda. As seis paramitas \u2013 generosidade, moralidade, paz, energia constante, concentra\u00e7\u00e3o e sabedoria \u2013 inspiram a pr\u00e1tica e s\u00e3o a base geradora e sustentadora dos centros de estudos, medita\u00e7\u00e3o, acolhimento e das iniciativas de educa\u00e7\u00e3o, prote\u00e7\u00e3o ambiental, Terras Puras e Cultura de\u00a0Paz\u00a0da\u00a0Sanga.<\/em><\/p>\n<p>Sua inscri\u00e7\u00e3o e participa\u00e7\u00e3o independem de contribui\u00e7\u00e3o financeira. Caso aspire participar e seja poss\u00edvel contribuir, os valores de refer\u00eancia est\u00e3o no formul\u00e1rio. Sua contribui\u00e7\u00e3o apoiar\u00e1 as atividades do Lama Padma Samten e do CEBB Mendjila.<\/p>\n<p>&nbsp;<\/p>\n<a href=\"https:\/\/forms.gle\/t9jCM2VPUk3197dc7\" class=\"su-button su-button-style-default\" style=\"color:#FFFFFF;background-color:#b8190d;border-color:#94140b;border-radius:5px\" target=\"_blank\" rel=\"noopener noreferrer\"><span style=\"color:#FFFFFF;padding:0px 16px;font-size:13px;line-height:26px;border-color:#ce5e56;border-radius:5px;text-shadow:none\"> Inscri\u00e7\u00e3o participa\u00e7\u00e3o PRESENCIAL<\/span><\/a>\n<p>\u3164<\/p>\n<p>\u3164<\/p>\n<h2>Contact<\/h2>\n<p>Se tiver d\u00favidas ou algum tipo de necessidade especial, por favor, nos contate atrav\u00e9s de mensagens via WhatsApp: (48) 999434194 ou por e-mail para cebbcanelinha.eventos@gmail.com<\/p>\n<p>\u3164<\/p>\n<p>\u3164<\/p>\n<h2>Online Enrolment<\/h2>\n<p>O retiro ocorrer\u00e1 por transmiss\u00e3o online direta do CEBB Mendjila, pelo Zoom e pelo canal Youtube do CEBB. O link para a p\u00e1gina de acompanhamento do retiro, onde ser\u00e3o informados os links de cada per\u00edodo do retiro, ser\u00e1 enviado por um email-resposta ap\u00f3s o envio do formul\u00e1rio de inscri\u00e7\u00e3o.<br \/>\nIf you can't find the reply email in your inbox, CHECK THE SPAM BOX or \u201cPROMOTIONS\u201d and mark it as non-spam (if it's in SPAM). It may be useful to include the address (acaoparamita@gmail.com) in your contact list.<\/p>\n<p>\u3164<\/p>\n<a href=\"https:\/\/acaoparamita.com.br\/ensinamentos\/retiro-os-cinco-elementos-e-o-processo-de-cura-do-corpo-fala-e-mente\" class=\"su-button su-button-style-default\" style=\"color:#FFFFFF;background-color:#b8190d;border-color:#94140b;border-radius:5px\" target=\"_blank\" rel=\"noopener noreferrer\"><span style=\"color:#FFFFFF;padding:0px 16px;font-size:13px;line-height:26px;border-color:#ce5e56;border-radius:5px;text-shadow:none\"> Inscri\u00e7\u00e3o participa\u00e7\u00e3o ONLINE<\/span><\/a>\n<p>\u3164<\/p>\n<p>\u3164<\/p>\n<h2>Local<\/h2>\n<p>Estrada Geral Urussanga 2607, Canelinha\/SC<\/p>\n<p><a href=\"https:\/\/maps.app.goo.gl\/rFRnzrnosxLQU93B7\">Localiza\u00e7\u00e3o no google maps <em>\u2192<\/em><\/a><\/p>","protected":false},"excerpt":{"rendered":"<p>Retiro com Lama Padma Samten | 24 a 26 de outubro (sexta a domingo) | CEBB Mendjila | Comemora\u00e7\u00e3o dos 10 anos do Templo do CEBB Mendjila<\/p>","protected":false},"author":41,"featured_media":118952,"comment_status":"open","ping_status":"open","sticky":false,"template":"","format":"standard","meta":{"footnotes":""},"categories":[420,383,385,389,392,400,335,361],"tags":[],"class_list":["post-118909","post","type-post","status-publish","format-standard","has-post-thumbnail","hentry","category-criciuma","category-floripa","category-garopaba","category-itajai","category-joinville","category-mendjila","category-cultura-de-paz","category-sc"],"yoast_head":"<!-- This site is optimized with the Yoast SEO plugin v27.5 - https:\/\/yoast.com\/product\/yoast-seo-wordpress\/ -->\n<title>Retiro Os Cinco Elementos e o Processo de Cura do Corpo, Fala e Mente | CEBB Mendjila - Centro de Estudos Budistas Bodisatva<\/title>\n<meta name=\"description\" content=\"Retiro com Lama Padma Samten | 24 a 26 de outubro (sexta a domingo) | CEBB Mendjila | Comemora\u00e7\u00e3o dos 10 anos do Templo do CEBB Mendjila\" \/>\n<meta name=\"robots\" content=\"index, follow, max-snippet:-1, max-image-preview:large, max-video-preview:-1\" \/>\n<link rel=\"canonical\" href=\"https:\/\/cebb.org.br\/en\/lama-mendjila-2025\/\" \/>\n<meta property=\"og:locale\" content=\"en_GB\" \/>\n<meta property=\"og:type\" content=\"article\" \/>\n<meta property=\"og:title\" content=\"Retiro Os Cinco Elementos e o Processo de Cura do Corpo, Fala e Mente | CEBB Mendjila - Centro de Estudos Budistas Bodisatva\" \/>\n<meta property=\"og:description\" content=\"Retiro com Lama Padma Samten | 24 a 26 de outubro (sexta a domingo) | CEBB Mendjila | Comemora\u00e7\u00e3o dos 10 anos do Templo do CEBB Mendjila\" \/>\n<meta property=\"og:url\" content=\"https:\/\/cebb.org.br\/en\/lama-mendjila-2025\/\" \/>\n<meta property=\"og:site_name\" content=\"Centro de Estudos Budistas Bodisatva\" \/>\n<meta property=\"article:publisher\" content=\"https:\/\/pt-br.facebook.com\/cebb108\" \/>\n<meta property=\"article:published_time\" content=\"2025-09-18T20:08:57+00:00\" \/>\n<meta property=\"article:modified_time\" content=\"2025-10-28T14:39:05+00:00\" \/>\n<meta property=\"og:image\" content=\"https:\/\/cebb.org.br\/wp-content\/uploads\/2020\/09\/templo-mendjila-e-lama.jpg\" \/>\n\t<meta property=\"og:image:width\" content=\"1080\" \/>\n\t<meta property=\"og:image:height\" content=\"720\" \/>\n\t<meta property=\"og:image:type\" content=\"image\/jpeg\" \/>\n<meta name=\"author\" content=\"polliana\" \/>\n<meta name=\"twitter:card\" content=\"summary_large_image\" \/>\n<meta name=\"twitter:label1\" content=\"Written by\" \/>\n\t<meta name=\"twitter:data1\" content=\"polliana\" \/>\n\t<meta name=\"twitter:label2\" content=\"Estimated reading time\" \/>\n\t<meta name=\"twitter:data2\" content=\"4 minutes\" \/>\n<script type=\"application\/ld+json\" class=\"yoast-schema-graph\">{\"@context\":\"https:\\\/\\\/schema.org\",\"@graph\":[{\"@type\":\"Article\",\"@id\":\"https:\\\/\\\/cebb.org.br\\\/lama-mendjila-2025\\\/#article\",\"isPartOf\":{\"@id\":\"https:\\\/\\\/cebb.org.br\\\/lama-mendjila-2025\\\/\"},\"author\":{\"name\":\"polliana\",\"@id\":\"https:\\\/\\\/cebb.org.br\\\/#\\\/schema\\\/person\\\/2123fd62b5ce97d67a4cc0849bd7b645\"},\"headline\":\"Retiro Os Cinco Elementos e o Processo de Cura do Corpo, Fala e Mente | CEBB Mendjila\",\"datePublished\":\"2025-09-18T20:08:57+00:00\",\"dateModified\":\"2025-10-28T14:39:05+00:00\",\"mainEntityOfPage\":{\"@id\":\"https:\\\/\\\/cebb.org.br\\\/lama-mendjila-2025\\\/\"},\"wordCount\":721,\"commentCount\":0,\"publisher\":{\"@id\":\"https:\\\/\\\/cebb.org.br\\\/#organization\"},\"image\":{\"@id\":\"https:\\\/\\\/cebb.org.br\\\/lama-mendjila-2025\\\/#primaryimage\"},\"thumbnailUrl\":\"https:\\\/\\\/cebb.org.br\\\/wp-content\\\/uploads\\\/2020\\\/09\\\/templo-mendjila-e-lama.jpg\",\"articleSection\":[\"CEBB Crici\u00fama\",\"CEBB Florian\u00f3polis\",\"CEBB Garopaba\",\"CEBB Itaja\u00ed\",\"CEBB Joinville\",\"CEBB Mendjila\",\"Cultura de paz\",\"SC\"],\"inLanguage\":\"en-GB\",\"potentialAction\":[{\"@type\":\"CommentAction\",\"name\":\"Comment\",\"target\":[\"https:\\\/\\\/cebb.org.br\\\/lama-mendjila-2025\\\/#respond\"]}]},{\"@type\":\"WebPage\",\"@id\":\"https:\\\/\\\/cebb.org.br\\\/lama-mendjila-2025\\\/\",\"url\":\"https:\\\/\\\/cebb.org.br\\\/lama-mendjila-2025\\\/\",\"name\":\"Retiro Os Cinco Elementos e o Processo de Cura do Corpo, Fala e Mente | CEBB Mendjila - Centro de Estudos Budistas Bodisatva\",\"isPartOf\":{\"@id\":\"https:\\\/\\\/cebb.org.br\\\/#website\"},\"primaryImageOfPage\":{\"@id\":\"https:\\\/\\\/cebb.org.br\\\/lama-mendjila-2025\\\/#primaryimage\"},\"image\":{\"@id\":\"https:\\\/\\\/cebb.org.br\\\/lama-mendjila-2025\\\/#primaryimage\"},\"thumbnailUrl\":\"https:\\\/\\\/cebb.org.br\\\/wp-content\\\/uploads\\\/2020\\\/09\\\/templo-mendjila-e-lama.jpg\",\"datePublished\":\"2025-09-18T20:08:57+00:00\",\"dateModified\":\"2025-10-28T14:39:05+00:00\",\"description\":\"Retiro com Lama Padma Samten | 24 a 26 de outubro (sexta a domingo) | CEBB Mendjila | Comemora\u00e7\u00e3o dos 10 anos do Templo do CEBB Mendjila\",\"breadcrumb\":{\"@id\":\"https:\\\/\\\/cebb.org.br\\\/lama-mendjila-2025\\\/#breadcrumb\"},\"inLanguage\":\"en-GB\",\"potentialAction\":[{\"@type\":\"ReadAction\",\"target\":[\"https:\\\/\\\/cebb.org.br\\\/lama-mendjila-2025\\\/\"]}]},{\"@type\":\"ImageObject\",\"inLanguage\":\"en-GB\",\"@id\":\"https:\\\/\\\/cebb.org.br\\\/lama-mendjila-2025\\\/#primaryimage\",\"url\":\"https:\\\/\\\/cebb.org.br\\\/wp-content\\\/uploads\\\/2020\\\/09\\\/templo-mendjila-e-lama.jpg\",\"contentUrl\":\"https:\\\/\\\/cebb.org.br\\\/wp-content\\\/uploads\\\/2020\\\/09\\\/templo-mendjila-e-lama.jpg\",\"width\":1080,\"height\":720,\"caption\":\"CEEB Mendjila (Centro de Estudos Budistas Bodisatva), Canelinha, Santa Catarina, Brasil, foto de Ze Paiva, Vista Imagens.\"},{\"@type\":\"BreadcrumbList\",\"@id\":\"https:\\\/\\\/cebb.org.br\\\/lama-mendjila-2025\\\/#breadcrumb\",\"itemListElement\":[{\"@type\":\"ListItem\",\"position\":1,\"name\":\"Home\",\"item\":\"https:\\\/\\\/cebb.org.br\\\/\"},{\"@type\":\"ListItem\",\"position\":2,\"name\":\"Retiro Os Cinco Elementos e o Processo de Cura do Corpo, Fala e Mente | CEBB Mendjila\"}]},{\"@type\":\"WebSite\",\"@id\":\"https:\\\/\\\/cebb.org.br\\\/#website\",\"url\":\"https:\\\/\\\/cebb.org.br\\\/\",\"name\":\"Centro de Estudos Budistas Bodisatva\",\"description\":\"Budismo, medita\u00e7\u00e3o e cultura de paz | Lama Padma Samten\",\"publisher\":{\"@id\":\"https:\\\/\\\/cebb.org.br\\\/#organization\"},\"potentialAction\":[{\"@type\":\"SearchAction\",\"target\":{\"@type\":\"EntryPoint\",\"urlTemplate\":\"https:\\\/\\\/cebb.org.br\\\/?s={search_term_string}\"},\"query-input\":{\"@type\":\"PropertyValueSpecification\",\"valueRequired\":true,\"valueName\":\"search_term_string\"}}],\"inLanguage\":\"en-GB\"},{\"@type\":\"Organization\",\"@id\":\"https:\\\/\\\/cebb.org.br\\\/#organization\",\"name\":\"Centro de Estudos Budistas Bodisatva\",\"url\":\"https:\\\/\\\/cebb.org.br\\\/\",\"logo\":{\"@type\":\"ImageObject\",\"inLanguage\":\"en-GB\",\"@id\":\"https:\\\/\\\/cebb.org.br\\\/#\\\/schema\\\/logo\\\/image\\\/\",\"url\":\"http:\\\/\\\/18.230.164.79\\\/wp-content\\\/uploads\\\/2011\\\/03\\\/logosalvador-peq-e1660064979551.jpg\",\"contentUrl\":\"http:\\\/\\\/18.230.164.79\\\/wp-content\\\/uploads\\\/2011\\\/03\\\/logosalvador-peq-e1660064979551.jpg\",\"width\":280,\"height\":231,\"caption\":\"Centro de Estudos Budistas Bodisatva\"},\"image\":{\"@id\":\"https:\\\/\\\/cebb.org.br\\\/#\\\/schema\\\/logo\\\/image\\\/\"},\"sameAs\":[\"https:\\\/\\\/pt-br.facebook.com\\\/cebb108\",\"https:\\\/\\\/www.instagram.com\\\/cebbcaminhodomeio\\\/\"]},{\"@type\":\"Person\",\"@id\":\"https:\\\/\\\/cebb.org.br\\\/#\\\/schema\\\/person\\\/2123fd62b5ce97d67a4cc0849bd7b645\",\"name\":\"polliana\",\"image\":{\"@type\":\"ImageObject\",\"inLanguage\":\"en-GB\",\"@id\":\"https:\\\/\\\/secure.gravatar.com\\\/avatar\\\/48e49773e97caa564e8e265beba0401f438954d77e33d1a2663f8eba92920800?s=96&d=mm&r=g\",\"url\":\"https:\\\/\\\/secure.gravatar.com\\\/avatar\\\/48e49773e97caa564e8e265beba0401f438954d77e33d1a2663f8eba92920800?s=96&d=mm&r=g\",\"contentUrl\":\"https:\\\/\\\/secure.gravatar.com\\\/avatar\\\/48e49773e97caa564e8e265beba0401f438954d77e33d1a2663f8eba92920800?s=96&d=mm&r=g\",\"caption\":\"polliana\"},\"url\":\"https:\\\/\\\/cebb.org.br\\\/en\\\/author\\\/polliana\\\/\"}]}<\/script>\n<!-- \/ Yoast SEO plugin. -->","yoast_head_json":{"title":"Retiro Os Cinco Elementos e o Processo de Cura do Corpo, Fala e Mente | CEBB Mendjila - Centro de Estudos Budistas Bodisatva","description":"Retiro com Lama Padma Samten | 24 a 26 de outubro (sexta a domingo) | CEBB Mendjila | Comemora\u00e7\u00e3o dos 10 anos do Templo do CEBB Mendjila","robots":{"index":"index","follow":"follow","max-snippet":"max-snippet:-1","max-image-preview":"max-image-preview:large","max-video-preview":"max-video-preview:-1"},"canonical":"https:\/\/cebb.org.br\/en\/lama-mendjila-2025\/","og_locale":"en_GB","og_type":"article","og_title":"Retiro Os Cinco Elementos e o Processo de Cura do Corpo, Fala e Mente | CEBB Mendjila - Centro de Estudos Budistas Bodisatva","og_description":"Retiro com Lama Padma Samten | 24 a 26 de outubro (sexta a domingo) | CEBB Mendjila | Comemora\u00e7\u00e3o dos 10 anos do Templo do CEBB Mendjila","og_url":"https:\/\/cebb.org.br\/en\/lama-mendjila-2025\/","og_site_name":"Centro de Estudos Budistas Bodisatva","article_publisher":"https:\/\/pt-br.facebook.com\/cebb108","article_published_time":"2025-09-18T20:08:57+00:00","article_modified_time":"2025-10-28T14:39:05+00:00","og_image":[{"width":1080,"height":720,"url":"https:\/\/cebb.org.br\/wp-content\/uploads\/2020\/09\/templo-mendjila-e-lama.jpg","type":"image\/jpeg"}],"author":"polliana","twitter_card":"summary_large_image","twitter_misc":{"Written by":"polliana","Estimated reading time":"4 minutes"},"schema":{"@context":"https:\/\/schema.org","@graph":[{"@type":"Article","@id":"https:\/\/cebb.org.br\/lama-mendjila-2025\/#article","isPartOf":{"@id":"https:\/\/cebb.org.br\/lama-mendjila-2025\/"},"author":{"name":"polliana","@id":"https:\/\/cebb.org.br\/#\/schema\/person\/2123fd62b5ce97d67a4cc0849bd7b645"},"headline":"Retiro Os Cinco Elementos e o Processo de Cura do Corpo, Fala e Mente | CEBB Mendjila","datePublished":"2025-09-18T20:08:57+00:00","dateModified":"2025-10-28T14:39:05+00:00","mainEntityOfPage":{"@id":"https:\/\/cebb.org.br\/lama-mendjila-2025\/"},"wordCount":721,"commentCount":0,"publisher":{"@id":"https:\/\/cebb.org.br\/#organization"},"image":{"@id":"https:\/\/cebb.org.br\/lama-mendjila-2025\/#primaryimage"},"thumbnailUrl":"https:\/\/cebb.org.br\/wp-content\/uploads\/2020\/09\/templo-mendjila-e-lama.jpg","articleSection":["CEBB Crici\u00fama","CEBB Florian\u00f3polis","CEBB Garopaba","CEBB Itaja\u00ed","CEBB Joinville","CEBB Mendjila","Cultura de paz","SC"],"inLanguage":"en-GB","potentialAction":[{"@type":"CommentAction","name":"Comment","target":["https:\/\/cebb.org.br\/lama-mendjila-2025\/#respond"]}]},{"@type":"WebPage","@id":"https:\/\/cebb.org.br\/lama-mendjila-2025\/","url":"https:\/\/cebb.org.br\/lama-mendjila-2025\/","name":"Retiro Os Cinco Elementos e o Processo de Cura do Corpo, Fala e Mente | CEBB Mendjila - Centro de Estudos Budistas Bodisatva","isPartOf":{"@id":"https:\/\/cebb.org.br\/#website"},"primaryImageOfPage":{"@id":"https:\/\/cebb.org.br\/lama-mendjila-2025\/#primaryimage"},"image":{"@id":"https:\/\/cebb.org.br\/lama-mendjila-2025\/#primaryimage"},"thumbnailUrl":"https:\/\/cebb.org.br\/wp-content\/uploads\/2020\/09\/templo-mendjila-e-lama.jpg","datePublished":"2025-09-18T20:08:57+00:00","dateModified":"2025-10-28T14:39:05+00:00","description":"Retiro com Lama Padma Samten | 24 a 26 de outubro (sexta a domingo) | CEBB Mendjila | Comemora\u00e7\u00e3o dos 10 anos do Templo do CEBB Mendjila","breadcrumb":{"@id":"https:\/\/cebb.org.br\/lama-mendjila-2025\/#breadcrumb"},"inLanguage":"en-GB","potentialAction":[{"@type":"ReadAction","target":["https:\/\/cebb.org.br\/lama-mendjila-2025\/"]}]},{"@type":"ImageObject","inLanguage":"en-GB","@id":"https:\/\/cebb.org.br\/lama-mendjila-2025\/#primaryimage","url":"https:\/\/cebb.org.br\/wp-content\/uploads\/2020\/09\/templo-mendjila-e-lama.jpg","contentUrl":"https:\/\/cebb.org.br\/wp-content\/uploads\/2020\/09\/templo-mendjila-e-lama.jpg","width":1080,"height":720,"caption":"CEEB Mendjila (Centro de Estudos Budistas Bodisatva), Canelinha, Santa Catarina, Brasil, foto de Ze Paiva, Vista Imagens."},{"@type":"BreadcrumbList","@id":"https:\/\/cebb.org.br\/lama-mendjila-2025\/#breadcrumb","itemListElement":[{"@type":"ListItem","position":1,"name":"Home","item":"https:\/\/cebb.org.br\/"},{"@type":"ListItem","position":2,"name":"Retiro Os Cinco Elementos e o Processo de Cura do Corpo, Fala e Mente | CEBB Mendjila"}]},{"@type":"WebSite","@id":"https:\/\/cebb.org.br\/#website","url":"https:\/\/cebb.org.br\/","name":"Bodhisattva Center for Buddhist Studies","description":"Budismo, medita\u00e7\u00e3o e cultura de paz | Lama Padma Samten","publisher":{"@id":"https:\/\/cebb.org.br\/#organization"},"potentialAction":[{"@type":"SearchAction","target":{"@type":"EntryPoint","urlTemplate":"https:\/\/cebb.org.br\/?s={search_term_string}"},"query-input":{"@type":"PropertyValueSpecification","valueRequired":true,"valueName":"search_term_string"}}],"inLanguage":"en-GB"},{"@type":"Organization","@id":"https:\/\/cebb.org.br\/#organization","name":"Bodhisattva Center for Buddhist Studies","url":"https:\/\/cebb.org.br\/","logo":{"@type":"ImageObject","inLanguage":"en-GB","@id":"https:\/\/cebb.org.br\/#\/schema\/logo\/image\/","url":"http:\/\/18.230.164.79\/wp-content\/uploads\/2011\/03\/logosalvador-peq-e1660064979551.jpg","contentUrl":"http:\/\/18.230.164.79\/wp-content\/uploads\/2011\/03\/logosalvador-peq-e1660064979551.jpg","width":280,"height":231,"caption":"Centro de Estudos Budistas Bodisatva"},"image":{"@id":"https:\/\/cebb.org.br\/#\/schema\/logo\/image\/"},"sameAs":["https:\/\/pt-br.facebook.com\/cebb108","https:\/\/www.instagram.com\/cebbcaminhodomeio\/"]},{"@type":"Person","@id":"https:\/\/cebb.org.br\/#\/schema\/person\/2123fd62b5ce97d67a4cc0849bd7b645","name":"polliana","image":{"@type":"ImageObject","inLanguage":"en-GB","@id":"https:\/\/secure.gravatar.com\/avatar\/48e49773e97caa564e8e265beba0401f438954d77e33d1a2663f8eba92920800?s=96&d=mm&r=g","url":"https:\/\/secure.gravatar.com\/avatar\/48e49773e97caa564e8e265beba0401f438954d77e33d1a2663f8eba92920800?s=96&d=mm&r=g","contentUrl":"https:\/\/secure.gravatar.com\/avatar\/48e49773e97caa564e8e265beba0401f438954d77e33d1a2663f8eba92920800?s=96&d=mm&r=g","caption":"polliana"},"url":"https:\/\/cebb.org.br\/en\/author\/polliana\/"}]}},"_links":{"self":[{"href":"https:\/\/cebb.org.br\/en\/wp-json\/wp\/v2\/posts\/118909","targetHints":{"allow":["GET"]}}],"collection":[{"href":"https:\/\/cebb.org.br\/en\/wp-json\/wp\/v2\/posts"}],"about":[{"href":"https:\/\/cebb.org.br\/en\/wp-json\/wp\/v2\/types\/post"}],"author":[{"embeddable":true,"href":"https:\/\/cebb.org.br\/en\/wp-json\/wp\/v2\/users\/41"}],"replies":[{"embeddable":true,"href":"https:\/\/cebb.org.br\/en\/wp-json\/wp\/v2\/comments?post=118909"}],"version-history":[{"count":15,"href":"https:\/\/cebb.org.br\/en\/wp-json\/wp\/v2\/posts\/118909\/revisions"}],"predecessor-version":[{"id":119472,"href":"https:\/\/cebb.org.br\/en\/wp-json\/wp\/v2\/posts\/118909\/revisions\/119472"}],"wp:featuredmedia":[{"embeddable":true,"href":"https:\/\/cebb.org.br\/en\/wp-json\/wp\/v2\/media\/118952"}],"wp:attachment":[{"href":"https:\/\/cebb.org.br\/en\/wp-json\/wp\/v2\/media?parent=118909"}],"wp:term":[{"taxonomy":"category","embeddable":true,"href":"https:\/\/cebb.org.br\/en\/wp-json\/wp\/v2\/categories?post=118909"},{"taxonomy":"post_tag","embeddable":true,"href":"https:\/\/cebb.org.br\/en\/wp-json\/wp\/v2\/tags?post=118909"}],"curies":[{"name":"wp","href":"https:\/\/api.w.org\/{rel}","templated":true}]}}