{"id":119040,"date":"2025-10-14T15:25:20","date_gmt":"2025-10-14T18:25:20","guid":{"rendered":"https:\/\/cebb.org.br\/?p=119040"},"modified":"2025-10-19T16:24:05","modified_gmt":"2025-10-19T19:24:05","slug":"educacao-budista","status":"publish","type":"post","link":"https:\/\/cebb.org.br\/en\/educacao-budista\/","title":{"rendered":"#23 Educa\u00e7\u00e3o Budista | Di\u00e1logos Budismo e Sociedade &#8211; 108 Horas de Paz"},"content":{"rendered":"<p><strong>S\u00e9rie Di\u00e1logos Budismo e Sociedade com Lama Padma Samten e convidados<\/strong><br \/>\n<strong><em>Educa\u00e7\u00e3o Budista<br \/>\n<\/em><\/strong><strong>16 de outubro (quinta), \u00e0s 20h, no CEBB Caminho do Meio<br \/>\nAtividade presencial e on-line<\/strong><br \/>\n<!--more--><\/p>\n<p>&nbsp;<\/p>\n<blockquote>\n<article class=\"text-token-text-primary w-full\" dir=\"auto\" data-testid=\"conversation-turn-2\" data-scroll-anchor=\"true\">\n<div class=\"text-base my-auto mx-auto py-5 [--thread-content-margin:--spacing(4)] @[37rem]:[--thread-content-margin:--spacing(6)] @[70rem]:[--thread-content-margin:--spacing(12)] px-(--thread-content-margin)\">\n<div class=\"[--thread-content-max-width:32rem] @[34rem]:[--thread-content-max-width:40rem] @[64rem]:[--thread-content-max-width:48rem] mx-auto flex max-w-(--thread-content-max-width) flex-1 text-base gap-4 md:gap-5 lg:gap-6 group\/turn-messages focus-visible:outline-hidden\" tabindex=\"-1\">\n<div class=\"group\/conversation-turn relative flex w-full min-w-0 flex-col agent-turn\">\n<div class=\"relative flex-col gap-1 md:gap-3\">\n<div class=\"flex max-w-full flex-col grow\">\n<div class=\"min-h-8 text-message relative flex w-full flex-col items-end gap-2 text-start break-words whitespace-normal [.text-message+&amp;]:mt-5\" dir=\"auto\" data-message-author-role=\"assistant\" data-message-id=\"a31a1e64-239e-4c81-a10f-6311aab56a5b\" data-message-model-slug=\"gpt-4o\">\n<div class=\"flex w-full flex-col gap-1 empty:hidden first:pt-[3px]\">\n<div class=\"markdown prose dark:prose-invert w-full break-words dark\">\n<p class=\"\" data-start=\"0\" data-end=\"656\"><em>Quando voc\u00eas pensarem educa\u00e7\u00e3o, educa\u00e7\u00e3o \u00e9 mais ou menos assim: Como que o budismo poderia ajudar as pessoas a ampliarem as suas vis\u00f5es e se apossarem dessa riqueza e dignidade de uma vis\u00e3o mais ampla? Como que isso pode ser \u00fatil pra sociedade, pras vidas das pessoas, pras comunidades? Houve um tempo em que n\u00f3s fizemos muitos diferentes encontros sobre budismo e educa\u00e7\u00e3o, ou seja, como que a vis\u00e3o budista poderia ser oferecida para enriquecer a vida das pessoas? \u00c9 como se n\u00f3s f\u00f4ssemos dedicar este dia \u00e0 Ratnasambava.<\/em><\/p>\n<\/div>\n<\/div>\n<\/div>\n<\/div>\n<\/div>\n<\/div>\n<\/div>\n<\/div>\n<\/article>\n<\/blockquote>\n<p>&nbsp;<\/p>\n<hr \/>\n<p>Na s\u00e9rie\u00a0<strong>\u201cDi\u00e1logos Budismo e Sociedade\u201d<\/strong>, o Lama Padma Samten conduz conversas com convidados e tamb\u00e9m compartilha reflex\u00f5es sobre o Budismo e temas socialmente relevantes, como Educa\u00e7\u00e3o, Di\u00e1logo Inter-religioso, Economia, Cultura Contempor\u00e2nea, Psicologia, Ci\u00eancia, Ecologia, e os Povos Origin\u00e1rios, entre outros. <a href=\"https:\/\/cebb.org.br\/dialogos-budismo-sociedade\/\">Saiba mais aqui <strong><em>\u202d\u2192<\/em><\/strong><\/a><\/p>\n<p>&nbsp;<\/p>\n<h3><strong style=\"font-size: 16px;\"><span class=\"OYPEnA text-decoration-none text-strikethrough-none\"><img decoding=\"async\" class=\"wp-image-113938 size-full alignleft\" src=\"https:\/\/cebb.org.br\/wp-content\/uploads\/2025\/05\/Lama.png\" alt=\"\" width=\"150\" height=\"150\" srcset=\"https:\/\/cebb.org.br\/wp-content\/uploads\/2025\/05\/Lama.png 150w, https:\/\/cebb.org.br\/wp-content\/uploads\/2025\/05\/Lama-12x12.png 12w\" sizes=\"(max-width: 150px) 100vw, 150px\" \/><\/span><\/strong><\/h3>\n<p><strong><span class=\"OYPEnA text-decoration-none text-strikethrough-none\">Lama Padma Samten <\/span><\/strong><span class=\"OYPEnA text-decoration-none text-strikethrough-none\">\u00e9 f<\/span><span class=\"OYPEnA text-decoration-none text-strikethrough-none\">\u00edsico pela UFRGS, Alfredo Aveline deu aulas na universidade por 20 anos. Ativista ambiental, fundou em 1986 o CEBB (Centro de Estudos Budistas Bodisatva) e largou a doc\u00eancia para dedicar-se \u00e0 espiritualidade. Em 1996 foi ordenado Lama budista por seu mestre, Chagdud Rinpoche, tibetano fundador do Templo de Tr\u00eas Coroas. Hoje, Lama Padma Samten \u2013 dedica-se \u00e0 ci\u00eancia, \u00e0 espiritualidade e ao movimento ecol\u00f3gico.<\/span><\/p>\n<p>&nbsp;<\/p>\n<h3><\/h3>\n<h3><strong>Mediadora<\/strong><\/h3>\n<p><strong><img decoding=\"async\" class=\"wp-image-119181 alignleft\" src=\"https:\/\/cebb.org.br\/wp-content\/uploads\/2025\/10\/van-269x300.png\" alt=\"\" width=\"150\" height=\"168\" srcset=\"https:\/\/cebb.org.br\/wp-content\/uploads\/2025\/10\/van-269x300.png 269w, https:\/\/cebb.org.br\/wp-content\/uploads\/2025\/10\/van-917x1024.png 917w, https:\/\/cebb.org.br\/wp-content\/uploads\/2025\/10\/van-768x858.png 768w, https:\/\/cebb.org.br\/wp-content\/uploads\/2025\/10\/van-11x12.png 11w, https:\/\/cebb.org.br\/wp-content\/uploads\/2025\/10\/van.png 1011w\" sizes=\"(max-width: 150px) 100vw, 150px\" \/>Vanessa Cristina Francisco <\/strong>\u00e9 paulista, pedagoga e educadora, atuando h\u00e1 24 anos em escolas p\u00fablicas e particulares, na educa\u00e7\u00e3o infantil e ensino fundamental. Dan\u00e7arina desde a inf\u00e2ncia e Educadora Brincante, formada pelo Instituto Brincante de S\u00e3o Paulo. \u00c9 integrante do Grupo Toque de Comadre, coletivo de mulheres, m\u00e3es e brincantes inspiradas nas manifesta\u00e7\u00f5es da cultura popular. Atuou na Escola Caminho do Meio como professora e tamb\u00e9m na coordena\u00e7\u00e3o pedag\u00f3gica, contribuindo para as forma\u00e7\u00f5es da equipe. Atualmente \u00e9 professora de um 1\u00b0 ano na Escola Rural Estrela da Terra. \u00c9 aluna do Lama Padma Samten h\u00e1 20 anos, participando de retiros e recebendo instru\u00e7\u00f5es de medita\u00e7\u00e3o e ensinamentos budistas. Iniciou a sanga kids do CEBB S\u00e3o Paulo em 2008, oferecendo \u00e0s crian\u00e7as pr\u00e1ticas de medita\u00e7\u00e3o sob orienta\u00e7\u00e3o do Lama Samten. Acredita nas pr\u00e1ticas que integram corpo, mente e cora\u00e7\u00e3o para atuar no mundo de forma ben\u00e9fica e revolucion\u00e1ria. \u00c9 comprometida com sua auto educa\u00e7\u00e3o, entendendo que aprendizagem \u00e9 postura aberta e em movimento. Mora no CEBB Caminho do Meio com seu filho Ant\u00f4nio e com a fam\u00edlia de sanga.<\/p>\n<p>&nbsp;<\/p>\n<h3><strong>Convidadas<\/strong><\/h3>\n<p><strong><img decoding=\"async\" class=\"alignleft wp-image-119112\" src=\"https:\/\/cebb.org.br\/wp-content\/uploads\/2024\/10\/Imagem-do-WhatsApp-de-2025-10-05-as-16.32.39_5c80e849-e1759775214108-300x300.jpg\" alt=\"\" width=\"125\" height=\"125\" srcset=\"https:\/\/cebb.org.br\/wp-content\/uploads\/2024\/10\/Imagem-do-WhatsApp-de-2025-10-05-as-16.32.39_5c80e849-e1759775214108-300x300.jpg 300w, https:\/\/cebb.org.br\/wp-content\/uploads\/2024\/10\/Imagem-do-WhatsApp-de-2025-10-05-as-16.32.39_5c80e849-e1759775214108-169x169.jpg 169w, https:\/\/cebb.org.br\/wp-content\/uploads\/2024\/10\/Imagem-do-WhatsApp-de-2025-10-05-as-16.32.39_5c80e849-e1759775214108-768x768.jpg 768w, https:\/\/cebb.org.br\/wp-content\/uploads\/2024\/10\/Imagem-do-WhatsApp-de-2025-10-05-as-16.32.39_5c80e849-e1759775214108-12x12.jpg 12w, https:\/\/cebb.org.br\/wp-content\/uploads\/2024\/10\/Imagem-do-WhatsApp-de-2025-10-05-as-16.32.39_5c80e849-e1759775214108.jpg 917w\" sizes=\"(max-width: 125px) 100vw, 125px\" \/>Juliana Colluron <\/strong>\u00e9 Mestre em Pediatria, Terapeuta Ocupacional e Educadora, foi coordenadora e diretora das Escolas Caminho do Meio e Janela (em Goi\u00e1s). Aluna do Lama Samten desde 2005, escreveu o livro Educar na Felicidade, onde trabalha de forma did\u00e1tica como colocar em pr\u00e1tica as 5 sabedorias na educa\u00e7\u00e3o tradicional. Escritora e ex-professora universit\u00e1ria, atualmente orienta o Kumon Viam\u00e3o e ministra cursos de Forma\u00e7\u00e3o de Educadores e fam\u00edlias atrav\u00e9s da Cultura de Paz em todo Brasil. Em 2025 lan\u00e7a o livro Uma Mala de Significados, fic\u00e7\u00e3o que tem como pano de fundo a vis\u00e3o budista sobre a vida e a morte.<\/p>\n<p>&nbsp;<\/p>\n<p><strong><img loading=\"lazy\" decoding=\"async\" class=\"alignleft wp-image-119182\" src=\"https:\/\/cebb.org.br\/wp-content\/uploads\/2025\/10\/Imagem-do-WhatsApp-de-2025-10-06-as-20.44.52_e685436b-225x300.jpg\" alt=\"\" width=\"150\" height=\"200\" srcset=\"https:\/\/cebb.org.br\/wp-content\/uploads\/2025\/10\/Imagem-do-WhatsApp-de-2025-10-06-as-20.44.52_e685436b-225x300.jpg 225w, https:\/\/cebb.org.br\/wp-content\/uploads\/2025\/10\/Imagem-do-WhatsApp-de-2025-10-06-as-20.44.52_e685436b-768x1024.jpg 768w, https:\/\/cebb.org.br\/wp-content\/uploads\/2025\/10\/Imagem-do-WhatsApp-de-2025-10-06-as-20.44.52_e685436b-9x12.jpg 9w, https:\/\/cebb.org.br\/wp-content\/uploads\/2025\/10\/Imagem-do-WhatsApp-de-2025-10-06-as-20.44.52_e685436b.jpg 924w\" sizes=\"(max-width: 150px) 100vw, 150px\" \/>Carolina Senna <\/strong>\u00e9 pedagoga e professora, com gradua\u00e7\u00e3o e mestrado em Comunica\u00e7\u00e3o Social pela UPFE. Iniciou sua atua\u00e7\u00e3o como educadora popular em movimentos sociais em Recife, sua cidade natal. Aluna do Lama Padma Samten desde 2008, residiu no CEBB Darmata em 2010, e mudou-se para o CEBB Caminho do Meio em 2012, onde atuou por 10 anos em diferentes fun\u00e7\u00f5es como professora, diretora e tutora na Escola Caminho do Meio. Atualmente \u00e9 professora de ensino fundamental na Escola Waldorf Querencia, em Porto Alegre. \u00c9 m\u00e3e de dois meninos, e escreveu 4 livros infantis inspirados nas cinco sabedorias atrav\u00e9s do projeto Luzeirim, que aproxima a vis\u00e3o budista da cultura popular brasileira.<\/p>\n<p>&nbsp;<\/p>\n<p>&nbsp;<\/p>\n<p><strong><img loading=\"lazy\" decoding=\"async\" class=\"wp-image-119265 alignleft\" src=\"https:\/\/cebb.org.br\/wp-content\/uploads\/2025\/10\/Modelo-Budismo-e-Sociedade-1-280x300.png\" alt=\"\" width=\"125\" height=\"134\" srcset=\"https:\/\/cebb.org.br\/wp-content\/uploads\/2025\/10\/Modelo-Budismo-e-Sociedade-1-280x300.png 280w, https:\/\/cebb.org.br\/wp-content\/uploads\/2025\/10\/Modelo-Budismo-e-Sociedade-1-11x12.png 11w, https:\/\/cebb.org.br\/wp-content\/uploads\/2025\/10\/Modelo-Budismo-e-Sociedade-1.png 554w\" sizes=\"(max-width: 125px) 100vw, 125px\" \/>Josiane Fontana <\/strong>\u00e9 aluna do Lama Padma Samten e moradora da aldeia Cebb Caminho do Meio, Viam\u00e3o, h\u00e1 14 anos, per\u00edodo em que se dedicou aos estudos das cinco sabedorias a partir da pr\u00e1tica pedag\u00f3gica da Escola Caminho do Meio, como professora.\u00a0Sua motiva\u00e7\u00e3o \u00e9 oferecer viv\u00eancias para as crian\u00e7as, jovens e adultos realizando atividades com base nas cinco sabedorias.\u00a0Pedagoga, tem experi\u00eancia na realiza\u00e7\u00e3o de acampamentos, interc\u00e2mbios e viagens pedag\u00f3gicas.<\/p>\n<p>&nbsp;<\/p>\n<p>&nbsp;<\/p>\n<h3><span style=\"color: #ffffff;\">.<\/span><\/h3>\n<h3><span style=\"color: #ffffff;\">.<\/span><strong>Pr\u00e1tica de Generosidade<\/strong><\/h3>\n<p>Sua inscri\u00e7\u00e3o e participa\u00e7\u00e3o ONLINE independem de contribui\u00e7\u00e3o financeira. Caso aspire e lhe seja poss\u00edvel contribuir, sinta-se livre para definir o valor. Como refer\u00eancia, sugerimos os valores de R$ 60,00. Sua contribui\u00e7\u00e3o apoiar\u00e1 o CEBB Caminho do Meio.<\/p>\n<blockquote><p><em>A pr\u00e1tica da Dana Paramita \u2013 perfei\u00e7\u00e3o da generosidade \u2013 torna poss\u00edvel a continuidade dos ensinamentos desde os tempos do Buda. As seis paramitas \u2013 generosidade, moralidade, paz, energia constante, concentra\u00e7\u00e3o e sabedoria \u2013 inspiram a pr\u00e1tica e s\u00e3o a base geradora e sustentadora dos centros de estudos, medita\u00e7\u00e3o, acolhimento e das iniciativas de educa\u00e7\u00e3o, prote\u00e7\u00e3o ambiental, Terras Puras e Cultura de Paz da Sanga CEBB.<\/em><\/p><\/blockquote>\n<p><span style=\"color: #ffffff;\">.<\/span><\/p>\n<h3><strong>Fa\u00e7a a sua inscri\u00e7\u00e3o aqui<\/strong><\/h3>\n<a href=\"https:\/\/caminhodomeio.org.br\/evento\/educacao-budista-sociedade\/\" class=\"su-button su-button-style-flat\" style=\"color:#FFFFFF;background-color:#b8190d;border-color:#94140b;border-radius:4px\" target=\"_blank\" rel=\"noopener noreferrer\"><span style=\"color:#FFFFFF;padding:5px 14px;font-size:12px;line-height:18px;border-color:#ce5e56;border-radius:4px;text-shadow:none\"><i class=\"sui sui-map-marker\" style=\"font-size:12px;color:#FFFFFF\"><\/i> INSCRI\u00c7\u00c3O ONLINE <\/span><\/a>\n<p>Ao fazer sua inscri\u00e7\u00e3o, voc\u00ea receber\u00e1 o link de acesso ao Zoom e ao Youtube (ao vivo).<\/p>\n<p>&nbsp;<\/p>\n<h3>Contato<\/h3>\n<p>Se tiver alguma d\u00favida, por favor, envie um email para <strong>acaoparamita@gmail.com <\/strong>ou entre em contato (51) 99799 8184 (apenas WhatsApp).<\/p>\n","protected":false},"excerpt":{"rendered":"<p>Educa\u00e7\u00e3o Budista, 16 de outubro (quinta), \u00e0s 20h, no CEBB Caminho do Meio<\/p>","protected":false},"author":79,"featured_media":119190,"comment_status":"open","ping_status":"open","sticky":false,"template":"","format":"standard","meta":{"footnotes":""},"categories":[719,365,654,377,344],"tags":[],"class_list":["post-119040","post","type-post","status-publish","format-standard","has-post-thumbnail","hentry","category-online","category-agenda","category-budismo-e-sociedade","category-viamao","category-lamasamten"],"yoast_head":"<!-- This site is optimized with the Yoast SEO plugin v27.5 - https:\/\/yoast.com\/product\/yoast-seo-wordpress\/ -->\n<title>#23 Educa\u00e7\u00e3o Budista | Di\u00e1logos Budismo e Sociedade - 108 Horas de Paz - Centro de Estudos Budistas Bodisatva<\/title>\n<meta name=\"description\" content=\"Lama Samten e convidados no CEBB Caminho do Meio, 16 de outubro, \u00e0s 20h\" \/>\n<meta name=\"robots\" content=\"index, follow, max-snippet:-1, max-image-preview:large, max-video-preview:-1\" \/>\n<link rel=\"canonical\" href=\"https:\/\/cebb.org.br\/en\/educacao-budista\/\" \/>\n<meta property=\"og:locale\" content=\"en_GB\" \/>\n<meta property=\"og:type\" content=\"article\" \/>\n<meta property=\"og:title\" content=\"#23 Educa\u00e7\u00e3o Budista | Di\u00e1logos Budismo e Sociedade - 108 Horas de Paz - Centro de Estudos Budistas Bodisatva\" \/>\n<meta property=\"og:description\" content=\"Lama Samten e convidados no CEBB Caminho do Meio, 16 de outubro, \u00e0s 20h\" \/>\n<meta property=\"og:url\" content=\"https:\/\/cebb.org.br\/en\/educacao-budista\/\" \/>\n<meta property=\"og:site_name\" content=\"Centro de Estudos Budistas Bodisatva\" \/>\n<meta property=\"article:publisher\" content=\"https:\/\/pt-br.facebook.com\/cebb108\" \/>\n<meta property=\"article:published_time\" content=\"2025-10-14T18:25:20+00:00\" \/>\n<meta property=\"article:modified_time\" content=\"2025-10-19T19:24:05+00:00\" \/>\n<meta property=\"og:image\" content=\"https:\/\/cebb.org.br\/wp-content\/uploads\/2025\/10\/IMG-20251009-WA0021.jpg\" \/>\n\t<meta property=\"og:image:width\" content=\"1280\" \/>\n\t<meta property=\"og:image:height\" content=\"720\" \/>\n\t<meta property=\"og:image:type\" content=\"image\/jpeg\" \/>\n<meta name=\"author\" content=\"Coletivo Intersomos\" \/>\n<meta name=\"twitter:card\" content=\"summary_large_image\" \/>\n<meta name=\"twitter:label1\" content=\"Written by\" \/>\n\t<meta name=\"twitter:data1\" content=\"Coletivo Intersomos\" \/>\n\t<meta name=\"twitter:label2\" content=\"Estimated reading time\" \/>\n\t<meta name=\"twitter:data2\" content=\"6 minutes\" \/>\n<script type=\"application\/ld+json\" class=\"yoast-schema-graph\">{\"@context\":\"https:\\\/\\\/schema.org\",\"@graph\":[{\"@type\":\"Article\",\"@id\":\"https:\\\/\\\/cebb.org.br\\\/educacao-budista\\\/#article\",\"isPartOf\":{\"@id\":\"https:\\\/\\\/cebb.org.br\\\/educacao-budista\\\/\"},\"author\":{\"name\":\"Coletivo Intersomos\",\"@id\":\"https:\\\/\\\/cebb.org.br\\\/#\\\/schema\\\/person\\\/05a696a76f72d472c540f3d7a905f39c\"},\"headline\":\"#23 Educa\u00e7\u00e3o Budista | Di\u00e1logos Budismo e Sociedade &#8211; 108 Horas de Paz\",\"datePublished\":\"2025-10-14T18:25:20+00:00\",\"dateModified\":\"2025-10-19T19:24:05+00:00\",\"mainEntityOfPage\":{\"@id\":\"https:\\\/\\\/cebb.org.br\\\/educacao-budista\\\/\"},\"wordCount\":948,\"commentCount\":0,\"publisher\":{\"@id\":\"https:\\\/\\\/cebb.org.br\\\/#organization\"},\"image\":{\"@id\":\"https:\\\/\\\/cebb.org.br\\\/educacao-budista\\\/#primaryimage\"},\"thumbnailUrl\":\"https:\\\/\\\/cebb.org.br\\\/wp-content\\\/uploads\\\/2025\\\/10\\\/IMG-20251009-WA0021.jpg\",\"articleSection\":[\".online\",\"Agenda do Lama Padma Samten\",\"Budismo e Sociedade\",\"CEBB Caminho do Meio\",\"Lama Padma Samten\"],\"inLanguage\":\"en-GB\",\"potentialAction\":[{\"@type\":\"CommentAction\",\"name\":\"Comment\",\"target\":[\"https:\\\/\\\/cebb.org.br\\\/educacao-budista\\\/#respond\"]}]},{\"@type\":\"WebPage\",\"@id\":\"https:\\\/\\\/cebb.org.br\\\/educacao-budista\\\/\",\"url\":\"https:\\\/\\\/cebb.org.br\\\/educacao-budista\\\/\",\"name\":\"#23 Educa\u00e7\u00e3o Budista | Di\u00e1logos Budismo e Sociedade - 108 Horas de Paz - Centro de Estudos Budistas Bodisatva\",\"isPartOf\":{\"@id\":\"https:\\\/\\\/cebb.org.br\\\/#website\"},\"primaryImageOfPage\":{\"@id\":\"https:\\\/\\\/cebb.org.br\\\/educacao-budista\\\/#primaryimage\"},\"image\":{\"@id\":\"https:\\\/\\\/cebb.org.br\\\/educacao-budista\\\/#primaryimage\"},\"thumbnailUrl\":\"https:\\\/\\\/cebb.org.br\\\/wp-content\\\/uploads\\\/2025\\\/10\\\/IMG-20251009-WA0021.jpg\",\"datePublished\":\"2025-10-14T18:25:20+00:00\",\"dateModified\":\"2025-10-19T19:24:05+00:00\",\"description\":\"Lama Samten e convidados no CEBB Caminho do Meio, 16 de outubro, \u00e0s 20h\",\"breadcrumb\":{\"@id\":\"https:\\\/\\\/cebb.org.br\\\/educacao-budista\\\/#breadcrumb\"},\"inLanguage\":\"en-GB\",\"potentialAction\":[{\"@type\":\"ReadAction\",\"target\":[\"https:\\\/\\\/cebb.org.br\\\/educacao-budista\\\/\"]}]},{\"@type\":\"ImageObject\",\"inLanguage\":\"en-GB\",\"@id\":\"https:\\\/\\\/cebb.org.br\\\/educacao-budista\\\/#primaryimage\",\"url\":\"https:\\\/\\\/cebb.org.br\\\/wp-content\\\/uploads\\\/2025\\\/10\\\/IMG-20251009-WA0021.jpg\",\"contentUrl\":\"https:\\\/\\\/cebb.org.br\\\/wp-content\\\/uploads\\\/2025\\\/10\\\/IMG-20251009-WA0021.jpg\",\"width\":1280,\"height\":720},{\"@type\":\"BreadcrumbList\",\"@id\":\"https:\\\/\\\/cebb.org.br\\\/educacao-budista\\\/#breadcrumb\",\"itemListElement\":[{\"@type\":\"ListItem\",\"position\":1,\"name\":\"Home\",\"item\":\"https:\\\/\\\/cebb.org.br\\\/\"},{\"@type\":\"ListItem\",\"position\":2,\"name\":\"#23 Educa\u00e7\u00e3o Budista | Di\u00e1logos Budismo e Sociedade &#8211; 108 Horas de Paz\"}]},{\"@type\":\"WebSite\",\"@id\":\"https:\\\/\\\/cebb.org.br\\\/#website\",\"url\":\"https:\\\/\\\/cebb.org.br\\\/\",\"name\":\"Centro de Estudos Budistas Bodisatva\",\"description\":\"Budismo, medita\u00e7\u00e3o e cultura de paz | Lama Padma Samten\",\"publisher\":{\"@id\":\"https:\\\/\\\/cebb.org.br\\\/#organization\"},\"potentialAction\":[{\"@type\":\"SearchAction\",\"target\":{\"@type\":\"EntryPoint\",\"urlTemplate\":\"https:\\\/\\\/cebb.org.br\\\/?s={search_term_string}\"},\"query-input\":{\"@type\":\"PropertyValueSpecification\",\"valueRequired\":true,\"valueName\":\"search_term_string\"}}],\"inLanguage\":\"en-GB\"},{\"@type\":\"Organization\",\"@id\":\"https:\\\/\\\/cebb.org.br\\\/#organization\",\"name\":\"Centro de Estudos Budistas Bodisatva\",\"url\":\"https:\\\/\\\/cebb.org.br\\\/\",\"logo\":{\"@type\":\"ImageObject\",\"inLanguage\":\"en-GB\",\"@id\":\"https:\\\/\\\/cebb.org.br\\\/#\\\/schema\\\/logo\\\/image\\\/\",\"url\":\"http:\\\/\\\/18.230.164.79\\\/wp-content\\\/uploads\\\/2011\\\/03\\\/logosalvador-peq-e1660064979551.jpg\",\"contentUrl\":\"http:\\\/\\\/18.230.164.79\\\/wp-content\\\/uploads\\\/2011\\\/03\\\/logosalvador-peq-e1660064979551.jpg\",\"width\":280,\"height\":231,\"caption\":\"Centro de Estudos Budistas Bodisatva\"},\"image\":{\"@id\":\"https:\\\/\\\/cebb.org.br\\\/#\\\/schema\\\/logo\\\/image\\\/\"},\"sameAs\":[\"https:\\\/\\\/pt-br.facebook.com\\\/cebb108\",\"https:\\\/\\\/www.instagram.com\\\/cebbcaminhodomeio\\\/\"]},{\"@type\":\"Person\",\"@id\":\"https:\\\/\\\/cebb.org.br\\\/#\\\/schema\\\/person\\\/05a696a76f72d472c540f3d7a905f39c\",\"name\":\"Coletivo Intersomos\",\"image\":{\"@type\":\"ImageObject\",\"inLanguage\":\"en-GB\",\"@id\":\"https:\\\/\\\/secure.gravatar.com\\\/avatar\\\/5b3268ebf7c1516b7910dc782a9ef52986a33844353256fce20260189c5f6b83?s=96&d=mm&r=g\",\"url\":\"https:\\\/\\\/secure.gravatar.com\\\/avatar\\\/5b3268ebf7c1516b7910dc782a9ef52986a33844353256fce20260189c5f6b83?s=96&d=mm&r=g\",\"contentUrl\":\"https:\\\/\\\/secure.gravatar.com\\\/avatar\\\/5b3268ebf7c1516b7910dc782a9ef52986a33844353256fce20260189c5f6b83?s=96&d=mm&r=g\",\"caption\":\"Coletivo Intersomos\"},\"url\":\"https:\\\/\\\/cebb.org.br\\\/en\\\/author\\\/coletivo-intersomos\\\/\"}]}<\/script>\n<!-- \/ Yoast SEO plugin. -->","yoast_head_json":{"title":"#23 Educa\u00e7\u00e3o Budista | Di\u00e1logos Budismo e Sociedade - 108 Horas de Paz - Centro de Estudos Budistas Bodisatva","description":"Lama Samten e convidados no CEBB Caminho do Meio, 16 de outubro, \u00e0s 20h","robots":{"index":"index","follow":"follow","max-snippet":"max-snippet:-1","max-image-preview":"max-image-preview:large","max-video-preview":"max-video-preview:-1"},"canonical":"https:\/\/cebb.org.br\/en\/educacao-budista\/","og_locale":"en_GB","og_type":"article","og_title":"#23 Educa\u00e7\u00e3o Budista | Di\u00e1logos Budismo e Sociedade - 108 Horas de Paz - Centro de Estudos Budistas Bodisatva","og_description":"Lama Samten e convidados no CEBB Caminho do Meio, 16 de outubro, \u00e0s 20h","og_url":"https:\/\/cebb.org.br\/en\/educacao-budista\/","og_site_name":"Centro de Estudos Budistas Bodisatva","article_publisher":"https:\/\/pt-br.facebook.com\/cebb108","article_published_time":"2025-10-14T18:25:20+00:00","article_modified_time":"2025-10-19T19:24:05+00:00","og_image":[{"width":1280,"height":720,"url":"https:\/\/cebb.org.br\/wp-content\/uploads\/2025\/10\/IMG-20251009-WA0021.jpg","type":"image\/jpeg"}],"author":"Coletivo Intersomos","twitter_card":"summary_large_image","twitter_misc":{"Written by":"Coletivo Intersomos","Estimated reading time":"6 minutes"},"schema":{"@context":"https:\/\/schema.org","@graph":[{"@type":"Article","@id":"https:\/\/cebb.org.br\/educacao-budista\/#article","isPartOf":{"@id":"https:\/\/cebb.org.br\/educacao-budista\/"},"author":{"name":"Coletivo Intersomos","@id":"https:\/\/cebb.org.br\/#\/schema\/person\/05a696a76f72d472c540f3d7a905f39c"},"headline":"#23 Educa\u00e7\u00e3o Budista | Di\u00e1logos Budismo e Sociedade &#8211; 108 Horas de Paz","datePublished":"2025-10-14T18:25:20+00:00","dateModified":"2025-10-19T19:24:05+00:00","mainEntityOfPage":{"@id":"https:\/\/cebb.org.br\/educacao-budista\/"},"wordCount":948,"commentCount":0,"publisher":{"@id":"https:\/\/cebb.org.br\/#organization"},"image":{"@id":"https:\/\/cebb.org.br\/educacao-budista\/#primaryimage"},"thumbnailUrl":"https:\/\/cebb.org.br\/wp-content\/uploads\/2025\/10\/IMG-20251009-WA0021.jpg","articleSection":[".online","Agenda do Lama Padma Samten","Budismo e Sociedade","CEBB Caminho do Meio","Lama Padma Samten"],"inLanguage":"en-GB","potentialAction":[{"@type":"CommentAction","name":"Comment","target":["https:\/\/cebb.org.br\/educacao-budista\/#respond"]}]},{"@type":"WebPage","@id":"https:\/\/cebb.org.br\/educacao-budista\/","url":"https:\/\/cebb.org.br\/educacao-budista\/","name":"#23 Educa\u00e7\u00e3o Budista | Di\u00e1logos Budismo e Sociedade - 108 Horas de Paz - Centro de Estudos Budistas Bodisatva","isPartOf":{"@id":"https:\/\/cebb.org.br\/#website"},"primaryImageOfPage":{"@id":"https:\/\/cebb.org.br\/educacao-budista\/#primaryimage"},"image":{"@id":"https:\/\/cebb.org.br\/educacao-budista\/#primaryimage"},"thumbnailUrl":"https:\/\/cebb.org.br\/wp-content\/uploads\/2025\/10\/IMG-20251009-WA0021.jpg","datePublished":"2025-10-14T18:25:20+00:00","dateModified":"2025-10-19T19:24:05+00:00","description":"Lama Samten e convidados no CEBB Caminho do Meio, 16 de outubro, \u00e0s 20h","breadcrumb":{"@id":"https:\/\/cebb.org.br\/educacao-budista\/#breadcrumb"},"inLanguage":"en-GB","potentialAction":[{"@type":"ReadAction","target":["https:\/\/cebb.org.br\/educacao-budista\/"]}]},{"@type":"ImageObject","inLanguage":"en-GB","@id":"https:\/\/cebb.org.br\/educacao-budista\/#primaryimage","url":"https:\/\/cebb.org.br\/wp-content\/uploads\/2025\/10\/IMG-20251009-WA0021.jpg","contentUrl":"https:\/\/cebb.org.br\/wp-content\/uploads\/2025\/10\/IMG-20251009-WA0021.jpg","width":1280,"height":720},{"@type":"BreadcrumbList","@id":"https:\/\/cebb.org.br\/educacao-budista\/#breadcrumb","itemListElement":[{"@type":"ListItem","position":1,"name":"Home","item":"https:\/\/cebb.org.br\/"},{"@type":"ListItem","position":2,"name":"#23 Educa\u00e7\u00e3o Budista | Di\u00e1logos Budismo e Sociedade &#8211; 108 Horas de Paz"}]},{"@type":"WebSite","@id":"https:\/\/cebb.org.br\/#website","url":"https:\/\/cebb.org.br\/","name":"Bodhisattva Center for Buddhist Studies","description":"Budismo, medita\u00e7\u00e3o e cultura de paz | Lama Padma Samten","publisher":{"@id":"https:\/\/cebb.org.br\/#organization"},"potentialAction":[{"@type":"SearchAction","target":{"@type":"EntryPoint","urlTemplate":"https:\/\/cebb.org.br\/?s={search_term_string}"},"query-input":{"@type":"PropertyValueSpecification","valueRequired":true,"valueName":"search_term_string"}}],"inLanguage":"en-GB"},{"@type":"Organization","@id":"https:\/\/cebb.org.br\/#organization","name":"Bodhisattva Center for Buddhist Studies","url":"https:\/\/cebb.org.br\/","logo":{"@type":"ImageObject","inLanguage":"en-GB","@id":"https:\/\/cebb.org.br\/#\/schema\/logo\/image\/","url":"http:\/\/18.230.164.79\/wp-content\/uploads\/2011\/03\/logosalvador-peq-e1660064979551.jpg","contentUrl":"http:\/\/18.230.164.79\/wp-content\/uploads\/2011\/03\/logosalvador-peq-e1660064979551.jpg","width":280,"height":231,"caption":"Centro de Estudos Budistas Bodisatva"},"image":{"@id":"https:\/\/cebb.org.br\/#\/schema\/logo\/image\/"},"sameAs":["https:\/\/pt-br.facebook.com\/cebb108","https:\/\/www.instagram.com\/cebbcaminhodomeio\/"]},{"@type":"Person","@id":"https:\/\/cebb.org.br\/#\/schema\/person\/05a696a76f72d472c540f3d7a905f39c","name":"Coletivo Intersomos","image":{"@type":"ImageObject","inLanguage":"en-GB","@id":"https:\/\/secure.gravatar.com\/avatar\/5b3268ebf7c1516b7910dc782a9ef52986a33844353256fce20260189c5f6b83?s=96&d=mm&r=g","url":"https:\/\/secure.gravatar.com\/avatar\/5b3268ebf7c1516b7910dc782a9ef52986a33844353256fce20260189c5f6b83?s=96&d=mm&r=g","contentUrl":"https:\/\/secure.gravatar.com\/avatar\/5b3268ebf7c1516b7910dc782a9ef52986a33844353256fce20260189c5f6b83?s=96&d=mm&r=g","caption":"Coletivo Intersomos"},"url":"https:\/\/cebb.org.br\/en\/author\/coletivo-intersomos\/"}]}},"_links":{"self":[{"href":"https:\/\/cebb.org.br\/en\/wp-json\/wp\/v2\/posts\/119040","targetHints":{"allow":["GET"]}}],"collection":[{"href":"https:\/\/cebb.org.br\/en\/wp-json\/wp\/v2\/posts"}],"about":[{"href":"https:\/\/cebb.org.br\/en\/wp-json\/wp\/v2\/types\/post"}],"author":[{"embeddable":true,"href":"https:\/\/cebb.org.br\/en\/wp-json\/wp\/v2\/users\/79"}],"replies":[{"embeddable":true,"href":"https:\/\/cebb.org.br\/en\/wp-json\/wp\/v2\/comments?post=119040"}],"version-history":[{"count":13,"href":"https:\/\/cebb.org.br\/en\/wp-json\/wp\/v2\/posts\/119040\/revisions"}],"predecessor-version":[{"id":119266,"href":"https:\/\/cebb.org.br\/en\/wp-json\/wp\/v2\/posts\/119040\/revisions\/119266"}],"wp:featuredmedia":[{"embeddable":true,"href":"https:\/\/cebb.org.br\/en\/wp-json\/wp\/v2\/media\/119190"}],"wp:attachment":[{"href":"https:\/\/cebb.org.br\/en\/wp-json\/wp\/v2\/media?parent=119040"}],"wp:term":[{"taxonomy":"category","embeddable":true,"href":"https:\/\/cebb.org.br\/en\/wp-json\/wp\/v2\/categories?post=119040"},{"taxonomy":"post_tag","embeddable":true,"href":"https:\/\/cebb.org.br\/en\/wp-json\/wp\/v2\/tags?post=119040"}],"curies":[{"name":"wp","href":"https:\/\/api.w.org\/{rel}","templated":true}]}}