{"id":119990,"date":"2025-12-08T11:00:34","date_gmt":"2025-12-08T14:00:34","guid":{"rendered":"https:\/\/cebb.org.br\/?p=119990"},"modified":"2026-01-30T22:36:59","modified_gmt":"2026-01-31T01:36:59","slug":"aprofundamento-dezembro","status":"publish","type":"post","link":"https:\/\/cebb.org.br\/en\/aprofundamento-dezembro\/","title":{"rendered":"Estudo de Aprofundamento | Milarepa, Sua Vida e Realiza\u00e7\u00f5es"},"content":{"rendered":"<p><strong>Estudo de Aprofundamento com Lama Padma Samten<br \/>\n<\/strong><strong>De 9 a 19 de dezembro das 09h \u00e0s 11h (n\u00e3o inclui os fins de semana)<br \/>\nCEBB Caminho do Meio<br \/>\n<\/strong><strong>ONLINE e PRESENCIAL<\/strong><br \/>\n<!--more--><\/p>\n<p><strong><img decoding=\"async\" class=\"size-full wp-image-83907 aligncenter\" src=\"https:\/\/cebb.org.br\/wp-content\/uploads\/2021\/05\/linha-com-no-infinto.png\" alt=\"\" width=\"150\" height=\"23\" \/><\/strong><\/p>\n<p>&nbsp;<\/p>\n<p>O \u00faltimo estudo de aprofundamento do ano com o Lama Padma Samten, <strong>Milarepa, Sua Vida e Realiza\u00e7\u00f5es<\/strong>, vai acontecer no CEBB Caminho do Meio entre os dias 9 e 19 de dezembro, das 9h \u00e0s 11h. Nele, Lama Samten percorrer\u00e1 o livro <em>Milarepa: Li\u00e7\u00f5es da vida e das can\u00e7\u00f5es do grande iogue do Tibete <\/em>que compila ensinamentos de Ch\u00f6gyam Trungpa Rinpoche sobre este grande mestre da linhagem Kagy\u00fc.<\/p>\n<p><strong>Obs. 1:<\/strong> <em>Todos os encontros s\u00e3o gravados e ficam dispon\u00edveis para acesso posterior<\/em>.<br \/>\n<b><\/b><\/p>\n<p>&nbsp;<\/p>\n<p>&nbsp;<\/p>\n<h3><strong>Programa\u00e7\u00e3o do Estudo de Aprofundamento<\/strong><\/h3>\n<p><strong>Aten\u00e7\u00e3o: <\/strong>Os hor\u00e1rios e a programa\u00e7\u00e3o do estudo est\u00e3o sujeitos a altera\u00e7\u00f5es<br \/>\n<strong>Per\u00edodo:<\/strong> De 9 a 19 de dezembro, das 09h \u00e0s 11h (n\u00e3o inclui os fins de semana)<\/p>\n<p>&nbsp;<\/p>\n<h3><strong>Inscri\u00e7\u00e3o Presencial &#8211; Viv\u00eancia no CEBB Caminho do Meio<\/strong><\/h3>\n<p>Confira a programa\u00e7\u00e3o para a viv\u00eancia com estudo de aprofundamento no CEBB Caminho do Meio.<\/p>\n<p><strong>5:30 &#8211; 7:00<\/strong> Puja manh\u00e3<br \/>\n<strong>7:00 &#8211; 8:00<\/strong> Caf\u00e9 da manh\u00e3<br \/>\n<strong>09:00 &#8211; 11:00<\/strong> Estudo de aprofundamento<br \/>\n<strong>12:00 &#8211; 13:00<\/strong> Almo\u00e7o <em>(auto-organizado pelas pessoas da viv\u00eancia)<\/em><br \/>\n<strong>14:00 &#8211; 17:00<\/strong> Atividades <em>(pessoais e volunt\u00e1rias)<\/em><br \/>\n<strong>17:00 &#8211; 18:00<\/strong> Atividade f\u00edsica livre<br \/>\n<strong>18:00 &#8211; 19:00<\/strong> Jantar<br \/>\n<strong>19:00 &#8211; 20:30<\/strong> Puja<\/p>\n<p>&nbsp;<\/p>\n<p>A inscri\u00e7\u00e3o para participar presencialmente desta atividade \u00e9 feita via whatsapp pelo n\u00famero (51) 994118664. Falar com Jo\u00e3o Marcelo.<\/p>\n<a href=\"https:\/\/wa.me\/+5551994118664\" class=\"su-button su-button-style-default\" style=\"color:#FFFFFF;background-color:#b8190d;border-color:#94140b;border-radius:5px\" target=\"_blank\" rel=\"noopener noreferrer\"><span style=\"color:#FFFFFF;padding:0px 16px;font-size:13px;line-height:26px;border-color:#ce5e56;border-radius:5px;text-shadow:none\"> Fa\u00e7a sua inscri\u00e7\u00e3o PRESENCIAL<\/span><\/a>\n<p>&nbsp;<\/p>\n<p>&nbsp;<\/p>\n<h3><strong>Inscri\u00e7\u00e3o Online e Pr\u00e1tica de Generosidade<\/strong><\/h3>\n<p><em>Your registration and participation ONLINE are independent of any financial contribution.<\/em> Caso aspire e lhe seja poss\u00edvel contribuir, o valor de refer\u00eancia \u00e9 R$400,00. Sua contribui\u00e7\u00e3o apoiar\u00e1 as atividades do Lama Padma Samten.<\/p>\n<p><em>The practice of Dana Paramita - perfection of generosity - makes it possible to continue the teachings from the time of the Buddha. The six paramitas - generosity, morality, peace, constant energy, concentration and wisdom - inspire the practice and are the generative and sustaining basis of the CEBB Sangha's centers for study, meditation, hospitality and initiatives for education, environmental protection, Pure Lands and the Culture of Peace.<\/em><\/p>\n<p>&nbsp;<\/p>\n<a href=\"https:\/\/acaoparamita.com.br\/ensinamentos\/inscricao-para-o-estudo-de-aprofundamento-dezembro-25\/\" class=\"su-button su-button-style-default\" style=\"color:#FFFFFF;background-color:#b8190d;border-color:#94140b;border-radius:5px\" target=\"_blank\" rel=\"noopener noreferrer\"><span style=\"color:#FFFFFF;padding:0px 16px;font-size:13px;line-height:26px;border-color:#ce5e56;border-radius:5px;text-shadow:none\"> Inscri\u00e7\u00e3o ON-LINE<\/span><\/a>\n<h3><\/h3>\n<p>&nbsp;<\/p>\n<h3><strong>ONLINE Streaming<\/strong><\/h3>\n<p>O estudo ocorrer\u00e1 por transmiss\u00e3o online direta do CEBB Sukhavati, pelo Zoom e pelo canal Youtube do Lama Padma Samten. O link para a p\u00e1gina de acompanhamento do estudo, onde ser\u00e3o informados os links de cada per\u00edodo do estudo, ser\u00e1 enviado por um email-resposta ap\u00f3s o envio do formul\u00e1rio de inscri\u00e7\u00e3o. Caso n\u00e3o encontre o email-resposta em sua caixa de entrada, VERIFIQUE NA CAIXA DE SPAM ou em \u201cPROMO\u00c7\u00d5ES\u201d e marque como n\u00e3o-spam (caso esteja no SPAM). Pode ser \u00fatil incluir o endere\u00e7o (acaoparamita@gmail.com) na sua lista de contatos.<\/p>\n<h3><\/h3>\n<h3><strong>Contact<\/strong><\/h3>\n<p>acaoparamita@gmail.com | (51) 9799-8184 (WhatsApp) (atendimento de segunda a sexta das 13h30 \u00e0s 18h).<br \/>\nOrganiza\u00e7\u00e3o: A\u00e7\u00e3o Paramita e CEBB Caminho do Meio<\/p>\n<p>&nbsp;<\/p>\n<p><img decoding=\"async\" class=\"alignleft wp-image-97115\" src=\"https:\/\/cebb.org.br\/wp-content\/uploads\/2023\/03\/whasapp-2-1-169x169.jpeg\" alt=\"\" width=\"43\" height=\"43\" srcset=\"https:\/\/cebb.org.br\/wp-content\/uploads\/2023\/03\/whasapp-2-1-169x169.jpeg 169w, https:\/\/cebb.org.br\/wp-content\/uploads\/2023\/03\/whasapp-2-1.jpeg 224w\" sizes=\"(max-width: 43px) 100vw, 43px\" \/><\/p>\n<h5><strong>Para receber a divulga\u00e7\u00e3o do CEBB Caminho do Meio por Whatsapp entre no <a href=\"https:\/\/chat.whatsapp.com\/CfarsV8s391Kr8tUja6VE5\">grupo!<\/a><\/strong>\u00a0(somente administradores podem enviar msgs)<\/h5>\n<p>&nbsp;<\/p>\n<p>&nbsp;<\/p>\n<p><strong><img decoding=\"async\" class=\"size-full wp-image-83907 aligncenter\" src=\"https:\/\/cebb.org.br\/wp-content\/uploads\/2021\/05\/linha-com-no-infinto.png\" alt=\"\" width=\"150\" height=\"23\" \/><\/strong><\/p>","protected":false},"excerpt":{"rendered":"<p>De 9 a 19 de dezembro de 2025, das 9h \u00e0s 11h (n\u00e3o inclui os fins de semana)<\/p>","protected":false},"author":79,"featured_media":120068,"comment_status":"open","ping_status":"open","sticky":false,"template":"","format":"standard","meta":{"footnotes":""},"categories":[719,341],"tags":[],"class_list":["post-119990","post","type-post","status-publish","format-standard","has-post-thumbnail","hentry","category-online","category-eventos-passados"],"yoast_head":"<!-- This site is optimized with the Yoast SEO plugin v27.5 - https:\/\/yoast.com\/product\/yoast-seo-wordpress\/ -->\n<title>Estudo de Aprofundamento | Milarepa, Sua Vida e Realiza\u00e7\u00f5es - Centro de Estudos Budistas Bodisatva<\/title>\n<meta name=\"description\" content=\"O \u00faltimo estudo de aprofundamento do ano com o Lama Padma Samten acontecer\u00e1 no CEBB Caminho do Meio entre os dias 9 e 19 de dezembro!\" \/>\n<meta name=\"robots\" content=\"index, follow, max-snippet:-1, max-image-preview:large, max-video-preview:-1\" \/>\n<link rel=\"canonical\" href=\"https:\/\/cebb.org.br\/en\/aprofundamento-dezembro\/\" \/>\n<meta property=\"og:locale\" content=\"en_GB\" \/>\n<meta property=\"og:type\" content=\"article\" \/>\n<meta property=\"og:title\" content=\"Estudo de Aprofundamento | Milarepa, Sua Vida e Realiza\u00e7\u00f5es - Centro de Estudos Budistas Bodisatva\" \/>\n<meta property=\"og:description\" content=\"O \u00faltimo estudo de aprofundamento do ano com o Lama Padma Samten acontecer\u00e1 no CEBB Caminho do Meio entre os dias 9 e 19 de dezembro!\" \/>\n<meta property=\"og:url\" content=\"https:\/\/cebb.org.br\/en\/aprofundamento-dezembro\/\" \/>\n<meta property=\"og:site_name\" content=\"Centro de Estudos Budistas Bodisatva\" \/>\n<meta property=\"article:publisher\" content=\"https:\/\/pt-br.facebook.com\/cebb108\" \/>\n<meta property=\"article:published_time\" content=\"2025-12-08T14:00:34+00:00\" \/>\n<meta property=\"article:modified_time\" content=\"2026-01-31T01:36:59+00:00\" \/>\n<meta property=\"og:image\" content=\"https:\/\/cebb.org.br\/wp-content\/uploads\/2025\/11\/Atividades-do-Lama-Miniatura-do-YouTube.png\" \/>\n\t<meta property=\"og:image:width\" content=\"1280\" \/>\n\t<meta property=\"og:image:height\" content=\"720\" \/>\n\t<meta property=\"og:image:type\" content=\"image\/png\" \/>\n<meta name=\"author\" content=\"Coletivo Intersomos\" \/>\n<meta name=\"twitter:card\" content=\"summary_large_image\" \/>\n<meta name=\"twitter:label1\" content=\"Written by\" \/>\n\t<meta name=\"twitter:data1\" content=\"Coletivo Intersomos\" \/>\n\t<meta name=\"twitter:label2\" content=\"Estimated reading time\" \/>\n\t<meta name=\"twitter:data2\" content=\"4 minutes\" \/>\n<script type=\"application\/ld+json\" class=\"yoast-schema-graph\">{\"@context\":\"https:\\\/\\\/schema.org\",\"@graph\":[{\"@type\":\"Article\",\"@id\":\"https:\\\/\\\/cebb.org.br\\\/aprofundamento-dezembro\\\/#article\",\"isPartOf\":{\"@id\":\"https:\\\/\\\/cebb.org.br\\\/aprofundamento-dezembro\\\/\"},\"author\":{\"name\":\"Coletivo Intersomos\",\"@id\":\"https:\\\/\\\/cebb.org.br\\\/#\\\/schema\\\/person\\\/05a696a76f72d472c540f3d7a905f39c\"},\"headline\":\"Estudo de Aprofundamento | Milarepa, Sua Vida e Realiza\u00e7\u00f5es\",\"datePublished\":\"2025-12-08T14:00:34+00:00\",\"dateModified\":\"2026-01-31T01:36:59+00:00\",\"mainEntityOfPage\":{\"@id\":\"https:\\\/\\\/cebb.org.br\\\/aprofundamento-dezembro\\\/\"},\"wordCount\":559,\"commentCount\":0,\"publisher\":{\"@id\":\"https:\\\/\\\/cebb.org.br\\\/#organization\"},\"image\":{\"@id\":\"https:\\\/\\\/cebb.org.br\\\/aprofundamento-dezembro\\\/#primaryimage\"},\"thumbnailUrl\":\"https:\\\/\\\/cebb.org.br\\\/wp-content\\\/uploads\\\/2025\\\/11\\\/Atividades-do-Lama-Miniatura-do-YouTube.png\",\"articleSection\":[\".online\",\"Eventos Passados\"],\"inLanguage\":\"en-GB\",\"potentialAction\":[{\"@type\":\"CommentAction\",\"name\":\"Comment\",\"target\":[\"https:\\\/\\\/cebb.org.br\\\/aprofundamento-dezembro\\\/#respond\"]}]},{\"@type\":\"WebPage\",\"@id\":\"https:\\\/\\\/cebb.org.br\\\/aprofundamento-dezembro\\\/\",\"url\":\"https:\\\/\\\/cebb.org.br\\\/aprofundamento-dezembro\\\/\",\"name\":\"Estudo de Aprofundamento | Milarepa, Sua Vida e Realiza\u00e7\u00f5es - Centro de Estudos Budistas Bodisatva\",\"isPartOf\":{\"@id\":\"https:\\\/\\\/cebb.org.br\\\/#website\"},\"primaryImageOfPage\":{\"@id\":\"https:\\\/\\\/cebb.org.br\\\/aprofundamento-dezembro\\\/#primaryimage\"},\"image\":{\"@id\":\"https:\\\/\\\/cebb.org.br\\\/aprofundamento-dezembro\\\/#primaryimage\"},\"thumbnailUrl\":\"https:\\\/\\\/cebb.org.br\\\/wp-content\\\/uploads\\\/2025\\\/11\\\/Atividades-do-Lama-Miniatura-do-YouTube.png\",\"datePublished\":\"2025-12-08T14:00:34+00:00\",\"dateModified\":\"2026-01-31T01:36:59+00:00\",\"description\":\"O \u00faltimo estudo de aprofundamento do ano com o Lama Padma Samten acontecer\u00e1 no CEBB Caminho do Meio entre os dias 9 e 19 de dezembro!\",\"breadcrumb\":{\"@id\":\"https:\\\/\\\/cebb.org.br\\\/aprofundamento-dezembro\\\/#breadcrumb\"},\"inLanguage\":\"en-GB\",\"potentialAction\":[{\"@type\":\"ReadAction\",\"target\":[\"https:\\\/\\\/cebb.org.br\\\/aprofundamento-dezembro\\\/\"]}]},{\"@type\":\"ImageObject\",\"inLanguage\":\"en-GB\",\"@id\":\"https:\\\/\\\/cebb.org.br\\\/aprofundamento-dezembro\\\/#primaryimage\",\"url\":\"https:\\\/\\\/cebb.org.br\\\/wp-content\\\/uploads\\\/2025\\\/11\\\/Atividades-do-Lama-Miniatura-do-YouTube.png\",\"contentUrl\":\"https:\\\/\\\/cebb.org.br\\\/wp-content\\\/uploads\\\/2025\\\/11\\\/Atividades-do-Lama-Miniatura-do-YouTube.png\",\"width\":1280,\"height\":720},{\"@type\":\"BreadcrumbList\",\"@id\":\"https:\\\/\\\/cebb.org.br\\\/aprofundamento-dezembro\\\/#breadcrumb\",\"itemListElement\":[{\"@type\":\"ListItem\",\"position\":1,\"name\":\"Home\",\"item\":\"https:\\\/\\\/cebb.org.br\\\/\"},{\"@type\":\"ListItem\",\"position\":2,\"name\":\"Estudo de Aprofundamento | Milarepa, Sua Vida e Realiza\u00e7\u00f5es\"}]},{\"@type\":\"WebSite\",\"@id\":\"https:\\\/\\\/cebb.org.br\\\/#website\",\"url\":\"https:\\\/\\\/cebb.org.br\\\/\",\"name\":\"Centro de Estudos Budistas Bodisatva\",\"description\":\"Budismo, medita\u00e7\u00e3o e cultura de paz | Lama Padma Samten\",\"publisher\":{\"@id\":\"https:\\\/\\\/cebb.org.br\\\/#organization\"},\"potentialAction\":[{\"@type\":\"SearchAction\",\"target\":{\"@type\":\"EntryPoint\",\"urlTemplate\":\"https:\\\/\\\/cebb.org.br\\\/?s={search_term_string}\"},\"query-input\":{\"@type\":\"PropertyValueSpecification\",\"valueRequired\":true,\"valueName\":\"search_term_string\"}}],\"inLanguage\":\"en-GB\"},{\"@type\":\"Organization\",\"@id\":\"https:\\\/\\\/cebb.org.br\\\/#organization\",\"name\":\"Centro de Estudos Budistas Bodisatva\",\"url\":\"https:\\\/\\\/cebb.org.br\\\/\",\"logo\":{\"@type\":\"ImageObject\",\"inLanguage\":\"en-GB\",\"@id\":\"https:\\\/\\\/cebb.org.br\\\/#\\\/schema\\\/logo\\\/image\\\/\",\"url\":\"http:\\\/\\\/18.230.164.79\\\/wp-content\\\/uploads\\\/2011\\\/03\\\/logosalvador-peq-e1660064979551.jpg\",\"contentUrl\":\"http:\\\/\\\/18.230.164.79\\\/wp-content\\\/uploads\\\/2011\\\/03\\\/logosalvador-peq-e1660064979551.jpg\",\"width\":280,\"height\":231,\"caption\":\"Centro de Estudos Budistas Bodisatva\"},\"image\":{\"@id\":\"https:\\\/\\\/cebb.org.br\\\/#\\\/schema\\\/logo\\\/image\\\/\"},\"sameAs\":[\"https:\\\/\\\/pt-br.facebook.com\\\/cebb108\",\"https:\\\/\\\/www.instagram.com\\\/cebbcaminhodomeio\\\/\"]},{\"@type\":\"Person\",\"@id\":\"https:\\\/\\\/cebb.org.br\\\/#\\\/schema\\\/person\\\/05a696a76f72d472c540f3d7a905f39c\",\"name\":\"Coletivo Intersomos\",\"image\":{\"@type\":\"ImageObject\",\"inLanguage\":\"en-GB\",\"@id\":\"https:\\\/\\\/secure.gravatar.com\\\/avatar\\\/5b3268ebf7c1516b7910dc782a9ef52986a33844353256fce20260189c5f6b83?s=96&d=mm&r=g\",\"url\":\"https:\\\/\\\/secure.gravatar.com\\\/avatar\\\/5b3268ebf7c1516b7910dc782a9ef52986a33844353256fce20260189c5f6b83?s=96&d=mm&r=g\",\"contentUrl\":\"https:\\\/\\\/secure.gravatar.com\\\/avatar\\\/5b3268ebf7c1516b7910dc782a9ef52986a33844353256fce20260189c5f6b83?s=96&d=mm&r=g\",\"caption\":\"Coletivo Intersomos\"},\"url\":\"https:\\\/\\\/cebb.org.br\\\/en\\\/author\\\/coletivo-intersomos\\\/\"}]}<\/script>\n<!-- \/ Yoast SEO plugin. -->","yoast_head_json":{"title":"Estudo de Aprofundamento | Milarepa, Sua Vida e Realiza\u00e7\u00f5es - Centro de Estudos Budistas Bodisatva","description":"O \u00faltimo estudo de aprofundamento do ano com o Lama Padma Samten acontecer\u00e1 no CEBB Caminho do Meio entre os dias 9 e 19 de dezembro!","robots":{"index":"index","follow":"follow","max-snippet":"max-snippet:-1","max-image-preview":"max-image-preview:large","max-video-preview":"max-video-preview:-1"},"canonical":"https:\/\/cebb.org.br\/en\/aprofundamento-dezembro\/","og_locale":"en_GB","og_type":"article","og_title":"Estudo de Aprofundamento | Milarepa, Sua Vida e Realiza\u00e7\u00f5es - Centro de Estudos Budistas Bodisatva","og_description":"O \u00faltimo estudo de aprofundamento do ano com o Lama Padma Samten acontecer\u00e1 no CEBB Caminho do Meio entre os dias 9 e 19 de dezembro!","og_url":"https:\/\/cebb.org.br\/en\/aprofundamento-dezembro\/","og_site_name":"Centro de Estudos Budistas Bodisatva","article_publisher":"https:\/\/pt-br.facebook.com\/cebb108","article_published_time":"2025-12-08T14:00:34+00:00","article_modified_time":"2026-01-31T01:36:59+00:00","og_image":[{"width":1280,"height":720,"url":"https:\/\/cebb.org.br\/wp-content\/uploads\/2025\/11\/Atividades-do-Lama-Miniatura-do-YouTube.png","type":"image\/png"}],"author":"Coletivo Intersomos","twitter_card":"summary_large_image","twitter_misc":{"Written by":"Coletivo Intersomos","Estimated reading time":"4 minutes"},"schema":{"@context":"https:\/\/schema.org","@graph":[{"@type":"Article","@id":"https:\/\/cebb.org.br\/aprofundamento-dezembro\/#article","isPartOf":{"@id":"https:\/\/cebb.org.br\/aprofundamento-dezembro\/"},"author":{"name":"Coletivo Intersomos","@id":"https:\/\/cebb.org.br\/#\/schema\/person\/05a696a76f72d472c540f3d7a905f39c"},"headline":"Estudo de Aprofundamento | Milarepa, Sua Vida e Realiza\u00e7\u00f5es","datePublished":"2025-12-08T14:00:34+00:00","dateModified":"2026-01-31T01:36:59+00:00","mainEntityOfPage":{"@id":"https:\/\/cebb.org.br\/aprofundamento-dezembro\/"},"wordCount":559,"commentCount":0,"publisher":{"@id":"https:\/\/cebb.org.br\/#organization"},"image":{"@id":"https:\/\/cebb.org.br\/aprofundamento-dezembro\/#primaryimage"},"thumbnailUrl":"https:\/\/cebb.org.br\/wp-content\/uploads\/2025\/11\/Atividades-do-Lama-Miniatura-do-YouTube.png","articleSection":[".online","Eventos Passados"],"inLanguage":"en-GB","potentialAction":[{"@type":"CommentAction","name":"Comment","target":["https:\/\/cebb.org.br\/aprofundamento-dezembro\/#respond"]}]},{"@type":"WebPage","@id":"https:\/\/cebb.org.br\/aprofundamento-dezembro\/","url":"https:\/\/cebb.org.br\/aprofundamento-dezembro\/","name":"Estudo de Aprofundamento | Milarepa, Sua Vida e Realiza\u00e7\u00f5es - Centro de Estudos Budistas Bodisatva","isPartOf":{"@id":"https:\/\/cebb.org.br\/#website"},"primaryImageOfPage":{"@id":"https:\/\/cebb.org.br\/aprofundamento-dezembro\/#primaryimage"},"image":{"@id":"https:\/\/cebb.org.br\/aprofundamento-dezembro\/#primaryimage"},"thumbnailUrl":"https:\/\/cebb.org.br\/wp-content\/uploads\/2025\/11\/Atividades-do-Lama-Miniatura-do-YouTube.png","datePublished":"2025-12-08T14:00:34+00:00","dateModified":"2026-01-31T01:36:59+00:00","description":"O \u00faltimo estudo de aprofundamento do ano com o Lama Padma Samten acontecer\u00e1 no CEBB Caminho do Meio entre os dias 9 e 19 de dezembro!","breadcrumb":{"@id":"https:\/\/cebb.org.br\/aprofundamento-dezembro\/#breadcrumb"},"inLanguage":"en-GB","potentialAction":[{"@type":"ReadAction","target":["https:\/\/cebb.org.br\/aprofundamento-dezembro\/"]}]},{"@type":"ImageObject","inLanguage":"en-GB","@id":"https:\/\/cebb.org.br\/aprofundamento-dezembro\/#primaryimage","url":"https:\/\/cebb.org.br\/wp-content\/uploads\/2025\/11\/Atividades-do-Lama-Miniatura-do-YouTube.png","contentUrl":"https:\/\/cebb.org.br\/wp-content\/uploads\/2025\/11\/Atividades-do-Lama-Miniatura-do-YouTube.png","width":1280,"height":720},{"@type":"BreadcrumbList","@id":"https:\/\/cebb.org.br\/aprofundamento-dezembro\/#breadcrumb","itemListElement":[{"@type":"ListItem","position":1,"name":"Home","item":"https:\/\/cebb.org.br\/"},{"@type":"ListItem","position":2,"name":"Estudo de Aprofundamento | Milarepa, Sua Vida e Realiza\u00e7\u00f5es"}]},{"@type":"WebSite","@id":"https:\/\/cebb.org.br\/#website","url":"https:\/\/cebb.org.br\/","name":"Bodhisattva Center for Buddhist Studies","description":"Budismo, medita\u00e7\u00e3o e cultura de paz | Lama Padma Samten","publisher":{"@id":"https:\/\/cebb.org.br\/#organization"},"potentialAction":[{"@type":"SearchAction","target":{"@type":"EntryPoint","urlTemplate":"https:\/\/cebb.org.br\/?s={search_term_string}"},"query-input":{"@type":"PropertyValueSpecification","valueRequired":true,"valueName":"search_term_string"}}],"inLanguage":"en-GB"},{"@type":"Organization","@id":"https:\/\/cebb.org.br\/#organization","name":"Bodhisattva Center for Buddhist Studies","url":"https:\/\/cebb.org.br\/","logo":{"@type":"ImageObject","inLanguage":"en-GB","@id":"https:\/\/cebb.org.br\/#\/schema\/logo\/image\/","url":"http:\/\/18.230.164.79\/wp-content\/uploads\/2011\/03\/logosalvador-peq-e1660064979551.jpg","contentUrl":"http:\/\/18.230.164.79\/wp-content\/uploads\/2011\/03\/logosalvador-peq-e1660064979551.jpg","width":280,"height":231,"caption":"Centro de Estudos Budistas Bodisatva"},"image":{"@id":"https:\/\/cebb.org.br\/#\/schema\/logo\/image\/"},"sameAs":["https:\/\/pt-br.facebook.com\/cebb108","https:\/\/www.instagram.com\/cebbcaminhodomeio\/"]},{"@type":"Person","@id":"https:\/\/cebb.org.br\/#\/schema\/person\/05a696a76f72d472c540f3d7a905f39c","name":"Coletivo Intersomos","image":{"@type":"ImageObject","inLanguage":"en-GB","@id":"https:\/\/secure.gravatar.com\/avatar\/5b3268ebf7c1516b7910dc782a9ef52986a33844353256fce20260189c5f6b83?s=96&d=mm&r=g","url":"https:\/\/secure.gravatar.com\/avatar\/5b3268ebf7c1516b7910dc782a9ef52986a33844353256fce20260189c5f6b83?s=96&d=mm&r=g","contentUrl":"https:\/\/secure.gravatar.com\/avatar\/5b3268ebf7c1516b7910dc782a9ef52986a33844353256fce20260189c5f6b83?s=96&d=mm&r=g","caption":"Coletivo Intersomos"},"url":"https:\/\/cebb.org.br\/en\/author\/coletivo-intersomos\/"}]}},"_links":{"self":[{"href":"https:\/\/cebb.org.br\/en\/wp-json\/wp\/v2\/posts\/119990","targetHints":{"allow":["GET"]}}],"collection":[{"href":"https:\/\/cebb.org.br\/en\/wp-json\/wp\/v2\/posts"}],"about":[{"href":"https:\/\/cebb.org.br\/en\/wp-json\/wp\/v2\/types\/post"}],"author":[{"embeddable":true,"href":"https:\/\/cebb.org.br\/en\/wp-json\/wp\/v2\/users\/79"}],"replies":[{"embeddable":true,"href":"https:\/\/cebb.org.br\/en\/wp-json\/wp\/v2\/comments?post=119990"}],"version-history":[{"count":15,"href":"https:\/\/cebb.org.br\/en\/wp-json\/wp\/v2\/posts\/119990\/revisions"}],"predecessor-version":[{"id":120281,"href":"https:\/\/cebb.org.br\/en\/wp-json\/wp\/v2\/posts\/119990\/revisions\/120281"}],"wp:featuredmedia":[{"embeddable":true,"href":"https:\/\/cebb.org.br\/en\/wp-json\/wp\/v2\/media\/120068"}],"wp:attachment":[{"href":"https:\/\/cebb.org.br\/en\/wp-json\/wp\/v2\/media?parent=119990"}],"wp:term":[{"taxonomy":"category","embeddable":true,"href":"https:\/\/cebb.org.br\/en\/wp-json\/wp\/v2\/categories?post=119990"},{"taxonomy":"post_tag","embeddable":true,"href":"https:\/\/cebb.org.br\/en\/wp-json\/wp\/v2\/tags?post=119990"}],"curies":[{"name":"wp","href":"https:\/\/api.w.org\/{rel}","templated":true}]}}