{"id":121072,"date":"2026-03-04T21:35:23","date_gmt":"2026-03-05T00:35:23","guid":{"rendered":"https:\/\/cebb.org.br\/?p=121072"},"modified":"2026-03-16T16:57:10","modified_gmt":"2026-03-16T19:57:10","slug":"medita-joinville","status":"publish","type":"post","link":"https:\/\/cebb.org.br\/en\/medita-joinville\/","title":{"rendered":"Oficina de introdu\u00e7\u00e3o \u00e0 medita\u00e7\u00e3o"},"content":{"rendered":"<p>No s\u00e1bado, dia 14, receberemos a tutora Polliana Zocche no CEBB Joinville para uma oficina de introdu\u00e7\u00e3o \u00e0 medita\u00e7\u00e3o.<\/p>\n<p><!--more--><\/p>\n<h2><\/h2>\n<h2>Oficina de introdu\u00e7\u00e3o \u00e0 medita\u00e7\u00e3o<\/h2>\n<p>Independente das condi\u00e7\u00f5es, situa\u00e7\u00f5es favor\u00e1veis ou desfavor\u00e1veis que estamos vivendo, temos algo em comum: a mente. Aprender a lidar com nossa mente \u00e9 fundamental para o cultivo de uma sanidade b\u00e1sica que nos capacita a andar pelo mundo com mais lucidez. Para isso, utilizamos a medita\u00e7\u00e3o como uma plataforma de observa\u00e7\u00e3o que ilumina todas as formas de opera\u00e7\u00e3o da nossa mente.<\/p>\n<p>&nbsp;<\/p>\n<p>Sabemos tamb\u00e9m que muitos desafios surgem quando nos sentamos para meditar. Nestes dia vamos praticar e observar que aspectos de corpo, fala, mente e paisagem s\u00e3o relevantes para que a medita\u00e7\u00e3o aconte\u00e7a com leveza. Quais pontos s\u00e3o importantes termos em mente para facilitar a nossa pr\u00e1tica desde a primeira sess\u00e3o? Que obst\u00e1culos podemos encontrar \u00e0 medida que nos familiarizarmos com o sil\u00eancio e como lidar com eles?<\/p>\n<p>&nbsp;<\/p>\n<p><strong>O que vamos abordar:<\/strong><br \/>\n\u2022 Preparando corpo, fala, mente e paisagem<br \/>\n\u2022 Motiva\u00e7\u00e3o<br \/>\n\u2022 Shamatha impura<br \/>\n\u2022 Shamatha pura<br \/>\n\u2022 Metabavana<br \/>\n\u2022 Introdu\u00e7\u00e3o a Prajnaparamita<br \/>\n\u2022 Obst\u00e1culos comuns<br \/>\n\u2022 Espa\u00e7o de troca, perguntas e respostas<\/p>\n<p>&nbsp;<\/p>\n<p><strong>\u23f0 Estrutura do encontro:<\/strong><br \/>\n8-9h Pr\u00e1tica de ioga<br \/>\n9-12h Preparando corpo, fala, mente e paisagem; motiva\u00e7\u00e3o, shamatha impura, shamatha pura seguidos de sess\u00f5es de pr\u00e1tica silenciosa<br \/>\n14-17h Metabavana, introdu\u00e7\u00e3o a Prajnaparamita, obst\u00e1culos comuns<br \/>\n17-18h Espa\u00e7o de troca, perguntas e respostas e encerramento<\/p>\n<p>&nbsp;<\/p>\n<p><strong>\ud83d\uddd3\ufe0f Informa\u00e7\u00f5es Gerais:<\/strong><br \/>\n\u2022 Data: 14 de mar\u00e7o, s\u00e1bado<br \/>\n\u2022 Hor\u00e1rio: 8h \u00e0s 12h e das 14h \u00e0s 18h<br \/>\n\u2022 Local: CEBB Joinville (Rua Pedro Mayerle, 107 &#8211; Anita Garibaldi)<\/p>\n<p>&nbsp;<\/p>\n<p>\u27a1\ufe0f Inscreva-se: <a href=\"https:\/\/forms.gle\/4hCbYUNf4gU5Qytk8\"><strong>https:\/\/forms.gle\/4hCbYUNf4gU5Qytk8<\/strong><\/a><\/p>\n<p>&nbsp;<\/p>\n<p><em>Tanto as pessoas que querem aprender a meditar ou que j\u00e1 tem familiaridade e querem praticar em grupo s\u00e3o igualmente bem-vindas.<\/em><\/p>","protected":false},"excerpt":{"rendered":"<p>No s\u00e1bado, dia 14, receberemos a tutora Polliana Zocche no CEBB Joinville para uma oficina de introdu\u00e7\u00e3o \u00e0 medita\u00e7\u00e3o.<\/p>","protected":false},"author":41,"featured_media":121069,"comment_status":"open","ping_status":"open","sticky":false,"template":"","format":"standard","meta":{"footnotes":""},"categories":[719,392,336],"tags":[],"class_list":["post-121072","post","type-post","status-publish","format-standard","has-post-thumbnail","hentry","category-online","category-joinville","category-cursos-com-tutores"],"yoast_head":"<!-- This site is optimized with the Yoast SEO plugin v27.5 - https:\/\/yoast.com\/product\/yoast-seo-wordpress\/ -->\n<title>Oficina de introdu\u00e7\u00e3o \u00e0 medita\u00e7\u00e3o - Centro de Estudos Budistas Bodisatva<\/title>\n<meta name=\"description\" content=\"No s\u00e1bado, dia 14, receberemos a tutora Polliana Zocche no CEBB Joinville para uma oficina de introdu\u00e7\u00e3o \u00e0 medita\u00e7\u00e3o.\" \/>\n<meta name=\"robots\" content=\"index, follow, max-snippet:-1, max-image-preview:large, max-video-preview:-1\" \/>\n<link rel=\"canonical\" href=\"https:\/\/cebb.org.br\/en\/medita-joinville\/\" \/>\n<meta property=\"og:locale\" content=\"en_GB\" \/>\n<meta property=\"og:type\" content=\"article\" \/>\n<meta property=\"og:title\" content=\"Oficina de introdu\u00e7\u00e3o \u00e0 medita\u00e7\u00e3o - Centro de Estudos Budistas Bodisatva\" \/>\n<meta property=\"og:description\" content=\"No s\u00e1bado, dia 14, receberemos a tutora Polliana Zocche no CEBB Joinville para uma oficina de introdu\u00e7\u00e3o \u00e0 medita\u00e7\u00e3o.\" \/>\n<meta property=\"og:url\" content=\"https:\/\/cebb.org.br\/en\/medita-joinville\/\" \/>\n<meta property=\"og:site_name\" content=\"Centro de Estudos Budistas Bodisatva\" \/>\n<meta property=\"article:publisher\" content=\"https:\/\/pt-br.facebook.com\/cebb108\" \/>\n<meta property=\"article:published_time\" content=\"2026-03-05T00:35:23+00:00\" \/>\n<meta property=\"article:modified_time\" content=\"2026-03-16T19:57:10+00:00\" \/>\n<meta property=\"og:image\" content=\"https:\/\/cebb.org.br\/wp-content\/uploads\/2026\/03\/medita-joinville.jpeg\" \/>\n\t<meta property=\"og:image:width\" content=\"1025\" \/>\n\t<meta property=\"og:image:height\" content=\"1280\" \/>\n\t<meta property=\"og:image:type\" content=\"image\/jpeg\" \/>\n<meta name=\"author\" content=\"polliana\" \/>\n<meta name=\"twitter:card\" content=\"summary_large_image\" \/>\n<meta name=\"twitter:label1\" content=\"Written by\" \/>\n\t<meta name=\"twitter:data1\" content=\"polliana\" \/>\n\t<meta name=\"twitter:label2\" content=\"Estimated reading time\" \/>\n\t<meta name=\"twitter:data2\" content=\"2 minutes\" \/>\n<script type=\"application\/ld+json\" class=\"yoast-schema-graph\">{\"@context\":\"https:\\\/\\\/schema.org\",\"@graph\":[{\"@type\":\"Article\",\"@id\":\"https:\\\/\\\/cebb.org.br\\\/medita-joinville\\\/#article\",\"isPartOf\":{\"@id\":\"https:\\\/\\\/cebb.org.br\\\/medita-joinville\\\/\"},\"author\":{\"name\":\"polliana\",\"@id\":\"https:\\\/\\\/cebb.org.br\\\/#\\\/schema\\\/person\\\/2123fd62b5ce97d67a4cc0849bd7b645\"},\"headline\":\"Oficina de introdu\u00e7\u00e3o \u00e0 medita\u00e7\u00e3o\",\"datePublished\":\"2026-03-05T00:35:23+00:00\",\"dateModified\":\"2026-03-16T19:57:10+00:00\",\"mainEntityOfPage\":{\"@id\":\"https:\\\/\\\/cebb.org.br\\\/medita-joinville\\\/\"},\"wordCount\":321,\"commentCount\":0,\"publisher\":{\"@id\":\"https:\\\/\\\/cebb.org.br\\\/#organization\"},\"image\":{\"@id\":\"https:\\\/\\\/cebb.org.br\\\/medita-joinville\\\/#primaryimage\"},\"thumbnailUrl\":\"https:\\\/\\\/cebb.org.br\\\/wp-content\\\/uploads\\\/2026\\\/03\\\/medita-joinville.jpeg\",\"articleSection\":[\".online\",\"CEBB Joinville\",\"Cursos com tutores\"],\"inLanguage\":\"en-GB\",\"potentialAction\":[{\"@type\":\"CommentAction\",\"name\":\"Comment\",\"target\":[\"https:\\\/\\\/cebb.org.br\\\/medita-joinville\\\/#respond\"]}]},{\"@type\":\"WebPage\",\"@id\":\"https:\\\/\\\/cebb.org.br\\\/medita-joinville\\\/\",\"url\":\"https:\\\/\\\/cebb.org.br\\\/medita-joinville\\\/\",\"name\":\"Oficina de introdu\u00e7\u00e3o \u00e0 medita\u00e7\u00e3o - Centro de Estudos Budistas Bodisatva\",\"isPartOf\":{\"@id\":\"https:\\\/\\\/cebb.org.br\\\/#website\"},\"primaryImageOfPage\":{\"@id\":\"https:\\\/\\\/cebb.org.br\\\/medita-joinville\\\/#primaryimage\"},\"image\":{\"@id\":\"https:\\\/\\\/cebb.org.br\\\/medita-joinville\\\/#primaryimage\"},\"thumbnailUrl\":\"https:\\\/\\\/cebb.org.br\\\/wp-content\\\/uploads\\\/2026\\\/03\\\/medita-joinville.jpeg\",\"datePublished\":\"2026-03-05T00:35:23+00:00\",\"dateModified\":\"2026-03-16T19:57:10+00:00\",\"description\":\"No s\u00e1bado, dia 14, receberemos a tutora Polliana Zocche no CEBB Joinville para uma oficina de introdu\u00e7\u00e3o \u00e0 medita\u00e7\u00e3o.\",\"breadcrumb\":{\"@id\":\"https:\\\/\\\/cebb.org.br\\\/medita-joinville\\\/#breadcrumb\"},\"inLanguage\":\"en-GB\",\"potentialAction\":[{\"@type\":\"ReadAction\",\"target\":[\"https:\\\/\\\/cebb.org.br\\\/medita-joinville\\\/\"]}]},{\"@type\":\"ImageObject\",\"inLanguage\":\"en-GB\",\"@id\":\"https:\\\/\\\/cebb.org.br\\\/medita-joinville\\\/#primaryimage\",\"url\":\"https:\\\/\\\/cebb.org.br\\\/wp-content\\\/uploads\\\/2026\\\/03\\\/medita-joinville.jpeg\",\"contentUrl\":\"https:\\\/\\\/cebb.org.br\\\/wp-content\\\/uploads\\\/2026\\\/03\\\/medita-joinville.jpeg\",\"width\":1025,\"height\":1280},{\"@type\":\"BreadcrumbList\",\"@id\":\"https:\\\/\\\/cebb.org.br\\\/medita-joinville\\\/#breadcrumb\",\"itemListElement\":[{\"@type\":\"ListItem\",\"position\":1,\"name\":\"Home\",\"item\":\"https:\\\/\\\/cebb.org.br\\\/\"},{\"@type\":\"ListItem\",\"position\":2,\"name\":\"Oficina de introdu\u00e7\u00e3o \u00e0 medita\u00e7\u00e3o\"}]},{\"@type\":\"WebSite\",\"@id\":\"https:\\\/\\\/cebb.org.br\\\/#website\",\"url\":\"https:\\\/\\\/cebb.org.br\\\/\",\"name\":\"Centro de Estudos Budistas Bodisatva\",\"description\":\"Budismo, medita\u00e7\u00e3o e cultura de paz | Lama Padma Samten\",\"publisher\":{\"@id\":\"https:\\\/\\\/cebb.org.br\\\/#organization\"},\"potentialAction\":[{\"@type\":\"SearchAction\",\"target\":{\"@type\":\"EntryPoint\",\"urlTemplate\":\"https:\\\/\\\/cebb.org.br\\\/?s={search_term_string}\"},\"query-input\":{\"@type\":\"PropertyValueSpecification\",\"valueRequired\":true,\"valueName\":\"search_term_string\"}}],\"inLanguage\":\"en-GB\"},{\"@type\":\"Organization\",\"@id\":\"https:\\\/\\\/cebb.org.br\\\/#organization\",\"name\":\"Centro de Estudos Budistas Bodisatva\",\"url\":\"https:\\\/\\\/cebb.org.br\\\/\",\"logo\":{\"@type\":\"ImageObject\",\"inLanguage\":\"en-GB\",\"@id\":\"https:\\\/\\\/cebb.org.br\\\/#\\\/schema\\\/logo\\\/image\\\/\",\"url\":\"http:\\\/\\\/18.230.164.79\\\/wp-content\\\/uploads\\\/2011\\\/03\\\/logosalvador-peq-e1660064979551.jpg\",\"contentUrl\":\"http:\\\/\\\/18.230.164.79\\\/wp-content\\\/uploads\\\/2011\\\/03\\\/logosalvador-peq-e1660064979551.jpg\",\"width\":280,\"height\":231,\"caption\":\"Centro de Estudos Budistas Bodisatva\"},\"image\":{\"@id\":\"https:\\\/\\\/cebb.org.br\\\/#\\\/schema\\\/logo\\\/image\\\/\"},\"sameAs\":[\"https:\\\/\\\/pt-br.facebook.com\\\/cebb108\",\"https:\\\/\\\/www.instagram.com\\\/cebbcaminhodomeio\\\/\"]},{\"@type\":\"Person\",\"@id\":\"https:\\\/\\\/cebb.org.br\\\/#\\\/schema\\\/person\\\/2123fd62b5ce97d67a4cc0849bd7b645\",\"name\":\"polliana\",\"image\":{\"@type\":\"ImageObject\",\"inLanguage\":\"en-GB\",\"@id\":\"https:\\\/\\\/secure.gravatar.com\\\/avatar\\\/48e49773e97caa564e8e265beba0401f438954d77e33d1a2663f8eba92920800?s=96&d=mm&r=g\",\"url\":\"https:\\\/\\\/secure.gravatar.com\\\/avatar\\\/48e49773e97caa564e8e265beba0401f438954d77e33d1a2663f8eba92920800?s=96&d=mm&r=g\",\"contentUrl\":\"https:\\\/\\\/secure.gravatar.com\\\/avatar\\\/48e49773e97caa564e8e265beba0401f438954d77e33d1a2663f8eba92920800?s=96&d=mm&r=g\",\"caption\":\"polliana\"},\"url\":\"https:\\\/\\\/cebb.org.br\\\/en\\\/author\\\/polliana\\\/\"}]}<\/script>\n<!-- \/ Yoast SEO plugin. -->","yoast_head_json":{"title":"Oficina de introdu\u00e7\u00e3o \u00e0 medita\u00e7\u00e3o - Centro de Estudos Budistas Bodisatva","description":"No s\u00e1bado, dia 14, receberemos a tutora Polliana Zocche no CEBB Joinville para uma oficina de introdu\u00e7\u00e3o \u00e0 medita\u00e7\u00e3o.","robots":{"index":"index","follow":"follow","max-snippet":"max-snippet:-1","max-image-preview":"max-image-preview:large","max-video-preview":"max-video-preview:-1"},"canonical":"https:\/\/cebb.org.br\/en\/medita-joinville\/","og_locale":"en_GB","og_type":"article","og_title":"Oficina de introdu\u00e7\u00e3o \u00e0 medita\u00e7\u00e3o - Centro de Estudos Budistas Bodisatva","og_description":"No s\u00e1bado, dia 14, receberemos a tutora Polliana Zocche no CEBB Joinville para uma oficina de introdu\u00e7\u00e3o \u00e0 medita\u00e7\u00e3o.","og_url":"https:\/\/cebb.org.br\/en\/medita-joinville\/","og_site_name":"Centro de Estudos Budistas Bodisatva","article_publisher":"https:\/\/pt-br.facebook.com\/cebb108","article_published_time":"2026-03-05T00:35:23+00:00","article_modified_time":"2026-03-16T19:57:10+00:00","og_image":[{"width":1025,"height":1280,"url":"https:\/\/cebb.org.br\/wp-content\/uploads\/2026\/03\/medita-joinville.jpeg","type":"image\/jpeg"}],"author":"polliana","twitter_card":"summary_large_image","twitter_misc":{"Written by":"polliana","Estimated reading time":"2 minutes"},"schema":{"@context":"https:\/\/schema.org","@graph":[{"@type":"Article","@id":"https:\/\/cebb.org.br\/medita-joinville\/#article","isPartOf":{"@id":"https:\/\/cebb.org.br\/medita-joinville\/"},"author":{"name":"polliana","@id":"https:\/\/cebb.org.br\/#\/schema\/person\/2123fd62b5ce97d67a4cc0849bd7b645"},"headline":"Oficina de introdu\u00e7\u00e3o \u00e0 medita\u00e7\u00e3o","datePublished":"2026-03-05T00:35:23+00:00","dateModified":"2026-03-16T19:57:10+00:00","mainEntityOfPage":{"@id":"https:\/\/cebb.org.br\/medita-joinville\/"},"wordCount":321,"commentCount":0,"publisher":{"@id":"https:\/\/cebb.org.br\/#organization"},"image":{"@id":"https:\/\/cebb.org.br\/medita-joinville\/#primaryimage"},"thumbnailUrl":"https:\/\/cebb.org.br\/wp-content\/uploads\/2026\/03\/medita-joinville.jpeg","articleSection":[".online","CEBB Joinville","Cursos com tutores"],"inLanguage":"en-GB","potentialAction":[{"@type":"CommentAction","name":"Comment","target":["https:\/\/cebb.org.br\/medita-joinville\/#respond"]}]},{"@type":"WebPage","@id":"https:\/\/cebb.org.br\/medita-joinville\/","url":"https:\/\/cebb.org.br\/medita-joinville\/","name":"Oficina de introdu\u00e7\u00e3o \u00e0 medita\u00e7\u00e3o - Centro de Estudos Budistas Bodisatva","isPartOf":{"@id":"https:\/\/cebb.org.br\/#website"},"primaryImageOfPage":{"@id":"https:\/\/cebb.org.br\/medita-joinville\/#primaryimage"},"image":{"@id":"https:\/\/cebb.org.br\/medita-joinville\/#primaryimage"},"thumbnailUrl":"https:\/\/cebb.org.br\/wp-content\/uploads\/2026\/03\/medita-joinville.jpeg","datePublished":"2026-03-05T00:35:23+00:00","dateModified":"2026-03-16T19:57:10+00:00","description":"No s\u00e1bado, dia 14, receberemos a tutora Polliana Zocche no CEBB Joinville para uma oficina de introdu\u00e7\u00e3o \u00e0 medita\u00e7\u00e3o.","breadcrumb":{"@id":"https:\/\/cebb.org.br\/medita-joinville\/#breadcrumb"},"inLanguage":"en-GB","potentialAction":[{"@type":"ReadAction","target":["https:\/\/cebb.org.br\/medita-joinville\/"]}]},{"@type":"ImageObject","inLanguage":"en-GB","@id":"https:\/\/cebb.org.br\/medita-joinville\/#primaryimage","url":"https:\/\/cebb.org.br\/wp-content\/uploads\/2026\/03\/medita-joinville.jpeg","contentUrl":"https:\/\/cebb.org.br\/wp-content\/uploads\/2026\/03\/medita-joinville.jpeg","width":1025,"height":1280},{"@type":"BreadcrumbList","@id":"https:\/\/cebb.org.br\/medita-joinville\/#breadcrumb","itemListElement":[{"@type":"ListItem","position":1,"name":"Home","item":"https:\/\/cebb.org.br\/"},{"@type":"ListItem","position":2,"name":"Oficina de introdu\u00e7\u00e3o \u00e0 medita\u00e7\u00e3o"}]},{"@type":"WebSite","@id":"https:\/\/cebb.org.br\/#website","url":"https:\/\/cebb.org.br\/","name":"Bodhisattva Center for Buddhist Studies","description":"Budismo, medita\u00e7\u00e3o e cultura de paz | Lama Padma Samten","publisher":{"@id":"https:\/\/cebb.org.br\/#organization"},"potentialAction":[{"@type":"SearchAction","target":{"@type":"EntryPoint","urlTemplate":"https:\/\/cebb.org.br\/?s={search_term_string}"},"query-input":{"@type":"PropertyValueSpecification","valueRequired":true,"valueName":"search_term_string"}}],"inLanguage":"en-GB"},{"@type":"Organization","@id":"https:\/\/cebb.org.br\/#organization","name":"Bodhisattva Center for Buddhist Studies","url":"https:\/\/cebb.org.br\/","logo":{"@type":"ImageObject","inLanguage":"en-GB","@id":"https:\/\/cebb.org.br\/#\/schema\/logo\/image\/","url":"http:\/\/18.230.164.79\/wp-content\/uploads\/2011\/03\/logosalvador-peq-e1660064979551.jpg","contentUrl":"http:\/\/18.230.164.79\/wp-content\/uploads\/2011\/03\/logosalvador-peq-e1660064979551.jpg","width":280,"height":231,"caption":"Centro de Estudos Budistas Bodisatva"},"image":{"@id":"https:\/\/cebb.org.br\/#\/schema\/logo\/image\/"},"sameAs":["https:\/\/pt-br.facebook.com\/cebb108","https:\/\/www.instagram.com\/cebbcaminhodomeio\/"]},{"@type":"Person","@id":"https:\/\/cebb.org.br\/#\/schema\/person\/2123fd62b5ce97d67a4cc0849bd7b645","name":"polliana","image":{"@type":"ImageObject","inLanguage":"en-GB","@id":"https:\/\/secure.gravatar.com\/avatar\/48e49773e97caa564e8e265beba0401f438954d77e33d1a2663f8eba92920800?s=96&d=mm&r=g","url":"https:\/\/secure.gravatar.com\/avatar\/48e49773e97caa564e8e265beba0401f438954d77e33d1a2663f8eba92920800?s=96&d=mm&r=g","contentUrl":"https:\/\/secure.gravatar.com\/avatar\/48e49773e97caa564e8e265beba0401f438954d77e33d1a2663f8eba92920800?s=96&d=mm&r=g","caption":"polliana"},"url":"https:\/\/cebb.org.br\/en\/author\/polliana\/"}]}},"_links":{"self":[{"href":"https:\/\/cebb.org.br\/en\/wp-json\/wp\/v2\/posts\/121072","targetHints":{"allow":["GET"]}}],"collection":[{"href":"https:\/\/cebb.org.br\/en\/wp-json\/wp\/v2\/posts"}],"about":[{"href":"https:\/\/cebb.org.br\/en\/wp-json\/wp\/v2\/types\/post"}],"author":[{"embeddable":true,"href":"https:\/\/cebb.org.br\/en\/wp-json\/wp\/v2\/users\/41"}],"replies":[{"embeddable":true,"href":"https:\/\/cebb.org.br\/en\/wp-json\/wp\/v2\/comments?post=121072"}],"version-history":[{"count":4,"href":"https:\/\/cebb.org.br\/en\/wp-json\/wp\/v2\/posts\/121072\/revisions"}],"predecessor-version":[{"id":121082,"href":"https:\/\/cebb.org.br\/en\/wp-json\/wp\/v2\/posts\/121072\/revisions\/121082"}],"wp:featuredmedia":[{"embeddable":true,"href":"https:\/\/cebb.org.br\/en\/wp-json\/wp\/v2\/media\/121069"}],"wp:attachment":[{"href":"https:\/\/cebb.org.br\/en\/wp-json\/wp\/v2\/media?parent=121072"}],"wp:term":[{"taxonomy":"category","embeddable":true,"href":"https:\/\/cebb.org.br\/en\/wp-json\/wp\/v2\/categories?post=121072"},{"taxonomy":"post_tag","embeddable":true,"href":"https:\/\/cebb.org.br\/en\/wp-json\/wp\/v2\/tags?post=121072"}],"curies":[{"name":"wp","href":"https:\/\/api.w.org\/{rel}","templated":true}]}}