{"id":121841,"date":"2026-04-24T22:27:50","date_gmt":"2026-04-25T01:27:50","guid":{"rendered":"https:\/\/cebb.org.br\/?p=121841"},"modified":"2026-04-24T22:32:08","modified_gmt":"2026-04-25T01:32:08","slug":"marcelo-nicolodi-em-bh-2026","status":"publish","type":"post","link":"https:\/\/cebb.org.br\/en\/marcelo-nicolodi-em-bh-2026\/","title":{"rendered":"Marcelo Nicolodi em BH &#8211; 2026"},"content":{"rendered":"<p><span style=\"color: #3366ff;\"><strong>Palestras e Curso<br \/>\n<\/strong><\/span><span style=\"color: #3366ff;\"><strong>De 21 a 24 de maio<\/strong><\/span><br \/>\n<!--more--><span style=\"color: #3366ff;\"><strong>&#8212;&#8212;&#8212;&#8212;&#8212;&#8212;&#8212;&#8211;<\/strong><\/span><\/p>\n<p>&nbsp;<\/p>\n<p><span style=\"color: #993366;\"><strong>Palestra 1 (presencial &amp; on-line)<br \/>\nCultivando o amor e a compaix\u00e3o para estabelecer rela\u00e7\u00f5es mais saud\u00e1veis<br \/>\n<span style=\"color: #3366ff;\">. 21 de maio, quinta-feira, 19h30-21h<\/span><br \/>\n<\/strong><\/span><\/p>\n<p>&nbsp;<\/p>\n<p>Em tempos de extremo materialismo, intelig\u00eancia artificial e culto ao ego, de que forma os ensinamentos milenares do budismo podem nos ajudar a criar e sustentar rela\u00e7\u00f5es mais saud\u00e1veis?<\/p>\n<p>O Buda ensinou que amor e compaix\u00e3o n\u00e3o s\u00e3o apenas \u2018sentimentos\u2019, mas sim sabedorias que surgem a partir de uma vis\u00e3o de mundo e que podem ser cultivados e aperfei\u00e7oados. Neste encontro, conversaremos sobre esse tema t\u00e3o urgente para nossos tempos atuais.<\/p>\n<p>&nbsp;<\/p>\n<p><strong>Contribui\u00e7\u00e3o sugerida (on-line ou presencial):<\/strong> R$ 50,00<\/p>\n<p>&nbsp;<\/p>\n<hr \/>\n<p>&nbsp;<\/p>\n<p><span style=\"color: #993366;\"><strong>Palestra 2 (presencial &amp; on-line)<br \/>\nA sabedoria libertadora ensinada pelo Buda &#8211; O Sutra do Diamante<br \/>\n<span style=\"color: #3366ff;\">. 22 de maio, sexta-feira, 19h30-21h<\/span><br \/>\n<\/strong><\/span><\/p>\n<p>&nbsp;<\/p>\n<p>Sofrimento, ang\u00fastia e ansiedade podem ser superados? No Sutra do Diamante, um antigo texto budista com mais de dois mil anos de exist\u00eancia, o Buda ensina o caminho que pode nos conduzir al\u00e9m do sofrimento. Toda a confus\u00e3o \u00e9 vista como resultado da incompreens\u00e3o da realidade que nos cerca. Assim, a liberdade pode ser alcan\u00e7ada atrav\u00e9s da sabedoria que reconhece as coisas como elas realmente s\u00e3o. Neste encontro, faremos uma introdu\u00e7\u00e3o ao estudo do final de semana desse texto maravilhoso e enigm\u00e1tico que guia os praticantes budistas h\u00e1 tantos s\u00e9culos.<\/p>\n<p>&nbsp;<\/p>\n<p><strong>Contribui\u00e7\u00e3o sugerida (on-line ou presencial):<\/strong> R$ 50,00<\/p>\n<p>&nbsp;<\/p>\n<hr \/>\n<p>&nbsp;<\/p>\n<p><span style=\"color: #993366;\"><strong>Curso (presencial &amp; on-line)<br \/>\nEstudo do Sutra do Diamante, o Vajra Cortante<\/strong><\/span><br \/>\n<span style=\"color: #3366ff;\"><strong>. 23 de maio, s\u00e1bado, 9h \u00e0s 12h e 14h \u00e0s 17h<br \/>\n. 24 de maio, domingo, 9h \u00e0s 12h<\/strong><\/span><\/p>\n<p>&nbsp;<\/p>\n<p>O Buda nos ensinou que apenas a sabedoria que enxerga atrav\u00e9s da confus\u00e3o do samsara \u00e9 capaz de nos levar \u00e0 libera\u00e7\u00e3o do sofrimento e \u00e0 paz definitiva.<\/p>\n<p>Essa sabedoria Prajna foi ensinada em muitos textos sagrados (sutras), detalhando o que dever\u00edamos entender e como pratic\u00e1-la e cultiv\u00e1-la.<\/p>\n<p>Entre os textos mais reverenciados no budismo Mahayana para elucidar esse tema, o Sutra do Vajra Cortante (Diamante) \u00e9 um dos mais conhecidos e ensinados pelos mestres, sendo frequentemente estudado e comentado pelo Lama Samten.<\/p>\n<p>Neste encontro de final de semana, estudaremos este texto maravilhoso e conversaremos sobre como praticar a partir do seu ensinamento.<\/p>\n<p>&nbsp;<\/p>\n<p><strong>Contribui\u00e7\u00e3o sugerida modo presencial:<\/strong> R$ 150,00<br \/>\n<strong>Contribui\u00e7\u00e3o sugerida modo on-line:<\/strong> R$ 100,00<\/p>\n<p>&nbsp;<\/p>\n<hr \/>\n<p>&nbsp;<\/p>\n<p><strong>Place: <\/strong>O modo presencial de todos os eventos ocorrer\u00e1 na <strong><span style=\"color: #ff0000;\"><a style=\"color: #ff0000;\" href=\"https:\/\/cebb.org.br\/en\/cebb-bh\/#contato\">sala do CEBB BH<\/a><\/span><\/strong> \u00e0 R. Cear\u00e1, 741 &#8211; Sala 208 &#8211; Funcion\u00e1rios.<\/p>\n<p>&nbsp;<\/p>\n<p><strong>Inscri\u00e7\u00f5es:<\/strong><br \/>\nPara se inscrever em qualquer uma das atividades, <strong><span style=\"color: #ff0000;\"><a style=\"color: #ff0000;\" href=\"https:\/\/forms.gle\/Fe6eUSftWvx88WZk9\" target=\"_blank\" rel=\"noopener\">clique aqui<\/a><\/span><\/strong>. Voc\u00ea poder\u00e1 optar por <em>Presencial<\/em> ou <em>On-line<\/em> em cada atividade. Entre tamb\u00e9m para o <strong><span style=\"color: #ff0000;\"><a style=\"color: #ff0000;\" href=\"https:\/\/chat.whatsapp.com\/CWmqaVz4zZrElvosp3JZtf\">grupo de WhatsApp<\/a><\/span><\/strong> do ciclo de eventos para receber os links de acesso e das grava\u00e7\u00f5es e se manter atualizado.<\/p>\n<p>&nbsp;<\/p>\n<p><strong>Mais informa\u00e7\u00f5es:<\/strong><br \/>\n(31) 98833-2250<br \/>\n(31) 99844-0341<br \/>\nbh@cebb.org.br<\/p>\n<p>&nbsp;<\/p>\n<p><strong>Dados banc\u00e1rios para as contribui\u00e7\u00f5es:<\/strong><br \/>\nChave PIX: bh@cebb.org.br<br \/>\n(CENTRO DE ESTUDOS BUDISTAS BODISATVA BH)<br \/>\nCNPJ: 54.038.091\/0001-83<br \/>\nBco Sicoob (756)<br \/>\nAg. 3140 (Credplus)<br \/>\nC\/C: 75.684-9<\/p>\n<p>&nbsp;<\/p>\n<hr \/>\n<p>&nbsp;<\/p>\n<p>&nbsp;<\/p>\n<p><img decoding=\"async\" class=\"alignnone wp-image-121844\" src=\"https:\/\/cebb.org.br\/wp-content\/uploads\/2026\/04\/Foto-Marcelo-Nicolodi-1-270x300.jpeg\" alt=\"\" width=\"194\" height=\"215\" srcset=\"https:\/\/cebb.org.br\/wp-content\/uploads\/2026\/04\/Foto-Marcelo-Nicolodi-1-270x300.jpeg 270w, https:\/\/cebb.org.br\/wp-content\/uploads\/2026\/04\/Foto-Marcelo-Nicolodi-1-921x1024.jpeg 921w, https:\/\/cebb.org.br\/wp-content\/uploads\/2026\/04\/Foto-Marcelo-Nicolodi-1-768x854.jpeg 768w, https:\/\/cebb.org.br\/wp-content\/uploads\/2026\/04\/Foto-Marcelo-Nicolodi-1-11x12.jpeg 11w, https:\/\/cebb.org.br\/wp-content\/uploads\/2026\/04\/Foto-Marcelo-Nicolodi-1.jpeg 959w\" sizes=\"(max-width: 194px) 100vw, 194px\" \/><\/p>\n<p><strong>Marcelo Nicolodi<\/strong> \u00e9 aluno do Lama Padma Samten e tutor dos referenciais de estudo e pr\u00e1tica do CEBB. \u00c9 um dos tutores mais experientes do CEBB, tendo feito v\u00e1rios retiros longos e ministrado in\u00fameros cursos e palestras sobre temas budistas variados, al\u00e9m de ter traduzido diversas obras budistas de grande relev\u00e2ncia. Marcelo tamb\u00e9m \u00e9 o coordenador do CEBB rural Abhirati em Juiz de Fora\/MG, onde reside atualmente.<\/p>\n<p>&nbsp;<\/p>\n<p>&nbsp;<\/p>","protected":false},"excerpt":{"rendered":"<p>Palestras e Curso De 21 a 24 de maio<\/p>","protected":false},"author":40,"featured_media":121851,"comment_status":"open","ping_status":"open","sticky":false,"template":"","format":"standard","meta":{"footnotes":""},"categories":[374,356,364],"tags":[],"class_list":["post-121841","post","type-post","status-publish","format-standard","has-post-thumbnail","hentry","category-bh","category-retiro-sanga","category-treinamento"],"yoast_head":"<!-- This site is optimized with the Yoast SEO plugin v27.4 - https:\/\/yoast.com\/product\/yoast-seo-wordpress\/ -->\n<title>Marcelo Nicolodi em BH - 2026 - Centro de Estudos Budistas Bodisatva<\/title>\n<meta name=\"robots\" content=\"index, follow, max-snippet:-1, max-image-preview:large, max-video-preview:-1\" \/>\n<link rel=\"canonical\" href=\"https:\/\/cebb.org.br\/en\/marcelo-nicolodi-em-bh-2026\/\" \/>\n<meta property=\"og:locale\" content=\"en_GB\" \/>\n<meta property=\"og:type\" content=\"article\" \/>\n<meta property=\"og:title\" content=\"Marcelo Nicolodi em BH - 2026 - Centro de Estudos Budistas Bodisatva\" \/>\n<meta property=\"og:description\" content=\"Palestras e Curso De 21 a 24 de maio\" \/>\n<meta property=\"og:url\" content=\"https:\/\/cebb.org.br\/en\/marcelo-nicolodi-em-bh-2026\/\" \/>\n<meta property=\"og:site_name\" content=\"Centro de Estudos Budistas Bodisatva\" \/>\n<meta property=\"article:publisher\" content=\"https:\/\/pt-br.facebook.com\/cebb108\" \/>\n<meta property=\"article:published_time\" content=\"2026-04-25T01:27:50+00:00\" \/>\n<meta property=\"article:modified_time\" content=\"2026-04-25T01:32:08+00:00\" \/>\n<meta property=\"og:image\" content=\"https:\/\/cebb.org.br\/wp-content\/uploads\/2026\/04\/EYtG2ue.jpeg\" \/>\n\t<meta property=\"og:image:width\" content=\"700\" \/>\n\t<meta property=\"og:image:height\" content=\"467\" \/>\n\t<meta property=\"og:image:type\" content=\"image\/jpeg\" \/>\n<meta name=\"author\" content=\"cebbbh\" \/>\n<meta name=\"twitter:card\" content=\"summary_large_image\" \/>\n<meta name=\"twitter:label1\" content=\"Written by\" \/>\n\t<meta name=\"twitter:data1\" content=\"cebbbh\" \/>\n\t<meta name=\"twitter:label2\" content=\"Estimated reading time\" \/>\n\t<meta name=\"twitter:data2\" content=\"4 minutes\" \/>\n<script type=\"application\/ld+json\" class=\"yoast-schema-graph\">{\"@context\":\"https:\\\/\\\/schema.org\",\"@graph\":[{\"@type\":\"Article\",\"@id\":\"https:\\\/\\\/cebb.org.br\\\/marcelo-nicolodi-em-bh-2026\\\/#article\",\"isPartOf\":{\"@id\":\"https:\\\/\\\/cebb.org.br\\\/marcelo-nicolodi-em-bh-2026\\\/\"},\"author\":{\"name\":\"cebbbh\",\"@id\":\"https:\\\/\\\/cebb.org.br\\\/#\\\/schema\\\/person\\\/c5fd8be3ea6656923b58979ad506101f\"},\"headline\":\"Marcelo Nicolodi em BH &#8211; 2026\",\"datePublished\":\"2026-04-25T01:27:50+00:00\",\"dateModified\":\"2026-04-25T01:32:08+00:00\",\"mainEntityOfPage\":{\"@id\":\"https:\\\/\\\/cebb.org.br\\\/marcelo-nicolodi-em-bh-2026\\\/\"},\"wordCount\":596,\"commentCount\":0,\"publisher\":{\"@id\":\"https:\\\/\\\/cebb.org.br\\\/#organization\"},\"image\":{\"@id\":\"https:\\\/\\\/cebb.org.br\\\/marcelo-nicolodi-em-bh-2026\\\/#primaryimage\"},\"thumbnailUrl\":\"https:\\\/\\\/cebb.org.br\\\/wp-content\\\/uploads\\\/2026\\\/04\\\/EYtG2ue.jpeg\",\"articleSection\":[\"CEBB Belo Horizonte\",\"Retiro\",\"Treinamento em vis\u00e3o e medita\u00e7\u00e3o\"],\"inLanguage\":\"en-GB\",\"potentialAction\":[{\"@type\":\"CommentAction\",\"name\":\"Comment\",\"target\":[\"https:\\\/\\\/cebb.org.br\\\/marcelo-nicolodi-em-bh-2026\\\/#respond\"]}]},{\"@type\":\"WebPage\",\"@id\":\"https:\\\/\\\/cebb.org.br\\\/marcelo-nicolodi-em-bh-2026\\\/\",\"url\":\"https:\\\/\\\/cebb.org.br\\\/marcelo-nicolodi-em-bh-2026\\\/\",\"name\":\"Marcelo Nicolodi em BH - 2026 - Centro de Estudos Budistas Bodisatva\",\"isPartOf\":{\"@id\":\"https:\\\/\\\/cebb.org.br\\\/#website\"},\"primaryImageOfPage\":{\"@id\":\"https:\\\/\\\/cebb.org.br\\\/marcelo-nicolodi-em-bh-2026\\\/#primaryimage\"},\"image\":{\"@id\":\"https:\\\/\\\/cebb.org.br\\\/marcelo-nicolodi-em-bh-2026\\\/#primaryimage\"},\"thumbnailUrl\":\"https:\\\/\\\/cebb.org.br\\\/wp-content\\\/uploads\\\/2026\\\/04\\\/EYtG2ue.jpeg\",\"datePublished\":\"2026-04-25T01:27:50+00:00\",\"dateModified\":\"2026-04-25T01:32:08+00:00\",\"breadcrumb\":{\"@id\":\"https:\\\/\\\/cebb.org.br\\\/marcelo-nicolodi-em-bh-2026\\\/#breadcrumb\"},\"inLanguage\":\"en-GB\",\"potentialAction\":[{\"@type\":\"ReadAction\",\"target\":[\"https:\\\/\\\/cebb.org.br\\\/marcelo-nicolodi-em-bh-2026\\\/\"]}]},{\"@type\":\"ImageObject\",\"inLanguage\":\"en-GB\",\"@id\":\"https:\\\/\\\/cebb.org.br\\\/marcelo-nicolodi-em-bh-2026\\\/#primaryimage\",\"url\":\"https:\\\/\\\/cebb.org.br\\\/wp-content\\\/uploads\\\/2026\\\/04\\\/EYtG2ue.jpeg\",\"contentUrl\":\"https:\\\/\\\/cebb.org.br\\\/wp-content\\\/uploads\\\/2026\\\/04\\\/EYtG2ue.jpeg\",\"width\":700,\"height\":467},{\"@type\":\"BreadcrumbList\",\"@id\":\"https:\\\/\\\/cebb.org.br\\\/marcelo-nicolodi-em-bh-2026\\\/#breadcrumb\",\"itemListElement\":[{\"@type\":\"ListItem\",\"position\":1,\"name\":\"Home\",\"item\":\"https:\\\/\\\/cebb.org.br\\\/\"},{\"@type\":\"ListItem\",\"position\":2,\"name\":\"Marcelo Nicolodi em BH &#8211; 2026\"}]},{\"@type\":\"WebSite\",\"@id\":\"https:\\\/\\\/cebb.org.br\\\/#website\",\"url\":\"https:\\\/\\\/cebb.org.br\\\/\",\"name\":\"Centro de Estudos Budistas Bodisatva\",\"description\":\"Budismo, medita\u00e7\u00e3o e cultura de paz | Lama Padma Samten\",\"publisher\":{\"@id\":\"https:\\\/\\\/cebb.org.br\\\/#organization\"},\"potentialAction\":[{\"@type\":\"SearchAction\",\"target\":{\"@type\":\"EntryPoint\",\"urlTemplate\":\"https:\\\/\\\/cebb.org.br\\\/?s={search_term_string}\"},\"query-input\":{\"@type\":\"PropertyValueSpecification\",\"valueRequired\":true,\"valueName\":\"search_term_string\"}}],\"inLanguage\":\"en-GB\"},{\"@type\":\"Organization\",\"@id\":\"https:\\\/\\\/cebb.org.br\\\/#organization\",\"name\":\"Centro de Estudos Budistas Bodisatva\",\"url\":\"https:\\\/\\\/cebb.org.br\\\/\",\"logo\":{\"@type\":\"ImageObject\",\"inLanguage\":\"en-GB\",\"@id\":\"https:\\\/\\\/cebb.org.br\\\/#\\\/schema\\\/logo\\\/image\\\/\",\"url\":\"http:\\\/\\\/18.230.164.79\\\/wp-content\\\/uploads\\\/2011\\\/03\\\/logosalvador-peq-e1660064979551.jpg\",\"contentUrl\":\"http:\\\/\\\/18.230.164.79\\\/wp-content\\\/uploads\\\/2011\\\/03\\\/logosalvador-peq-e1660064979551.jpg\",\"width\":280,\"height\":231,\"caption\":\"Centro de Estudos Budistas Bodisatva\"},\"image\":{\"@id\":\"https:\\\/\\\/cebb.org.br\\\/#\\\/schema\\\/logo\\\/image\\\/\"},\"sameAs\":[\"https:\\\/\\\/pt-br.facebook.com\\\/cebb108\",\"https:\\\/\\\/www.instagram.com\\\/cebbcaminhodomeio\\\/\"]},{\"@type\":\"Person\",\"@id\":\"https:\\\/\\\/cebb.org.br\\\/#\\\/schema\\\/person\\\/c5fd8be3ea6656923b58979ad506101f\",\"name\":\"cebbbh\",\"image\":{\"@type\":\"ImageObject\",\"inLanguage\":\"en-GB\",\"@id\":\"https:\\\/\\\/secure.gravatar.com\\\/avatar\\\/1fc9ba7064bd0564d750ce917db650c045717f2b04445b19e4d69981a71d55c9?s=96&d=mm&r=g\",\"url\":\"https:\\\/\\\/secure.gravatar.com\\\/avatar\\\/1fc9ba7064bd0564d750ce917db650c045717f2b04445b19e4d69981a71d55c9?s=96&d=mm&r=g\",\"contentUrl\":\"https:\\\/\\\/secure.gravatar.com\\\/avatar\\\/1fc9ba7064bd0564d750ce917db650c045717f2b04445b19e4d69981a71d55c9?s=96&d=mm&r=g\",\"caption\":\"cebbbh\"},\"url\":\"https:\\\/\\\/cebb.org.br\\\/en\\\/author\\\/cebbbh\\\/\"}]}<\/script>\n<!-- \/ Yoast SEO plugin. -->","yoast_head_json":{"title":"Marcelo Nicolodi em BH - 2026 - Centro de Estudos Budistas Bodisatva","robots":{"index":"index","follow":"follow","max-snippet":"max-snippet:-1","max-image-preview":"max-image-preview:large","max-video-preview":"max-video-preview:-1"},"canonical":"https:\/\/cebb.org.br\/en\/marcelo-nicolodi-em-bh-2026\/","og_locale":"en_GB","og_type":"article","og_title":"Marcelo Nicolodi em BH - 2026 - Centro de Estudos Budistas Bodisatva","og_description":"Palestras e Curso De 21 a 24 de maio","og_url":"https:\/\/cebb.org.br\/en\/marcelo-nicolodi-em-bh-2026\/","og_site_name":"Centro de Estudos Budistas Bodisatva","article_publisher":"https:\/\/pt-br.facebook.com\/cebb108","article_published_time":"2026-04-25T01:27:50+00:00","article_modified_time":"2026-04-25T01:32:08+00:00","og_image":[{"width":700,"height":467,"url":"https:\/\/cebb.org.br\/wp-content\/uploads\/2026\/04\/EYtG2ue.jpeg","type":"image\/jpeg"}],"author":"cebbbh","twitter_card":"summary_large_image","twitter_misc":{"Written by":"cebbbh","Estimated reading time":"4 minutes"},"schema":{"@context":"https:\/\/schema.org","@graph":[{"@type":"Article","@id":"https:\/\/cebb.org.br\/marcelo-nicolodi-em-bh-2026\/#article","isPartOf":{"@id":"https:\/\/cebb.org.br\/marcelo-nicolodi-em-bh-2026\/"},"author":{"name":"cebbbh","@id":"https:\/\/cebb.org.br\/#\/schema\/person\/c5fd8be3ea6656923b58979ad506101f"},"headline":"Marcelo Nicolodi em BH &#8211; 2026","datePublished":"2026-04-25T01:27:50+00:00","dateModified":"2026-04-25T01:32:08+00:00","mainEntityOfPage":{"@id":"https:\/\/cebb.org.br\/marcelo-nicolodi-em-bh-2026\/"},"wordCount":596,"commentCount":0,"publisher":{"@id":"https:\/\/cebb.org.br\/#organization"},"image":{"@id":"https:\/\/cebb.org.br\/marcelo-nicolodi-em-bh-2026\/#primaryimage"},"thumbnailUrl":"https:\/\/cebb.org.br\/wp-content\/uploads\/2026\/04\/EYtG2ue.jpeg","articleSection":["CEBB Belo Horizonte","Retiro","Treinamento em vis\u00e3o e medita\u00e7\u00e3o"],"inLanguage":"en-GB","potentialAction":[{"@type":"CommentAction","name":"Comment","target":["https:\/\/cebb.org.br\/marcelo-nicolodi-em-bh-2026\/#respond"]}]},{"@type":"WebPage","@id":"https:\/\/cebb.org.br\/marcelo-nicolodi-em-bh-2026\/","url":"https:\/\/cebb.org.br\/marcelo-nicolodi-em-bh-2026\/","name":"Marcelo Nicolodi em BH - 2026 - Centro de Estudos Budistas Bodisatva","isPartOf":{"@id":"https:\/\/cebb.org.br\/#website"},"primaryImageOfPage":{"@id":"https:\/\/cebb.org.br\/marcelo-nicolodi-em-bh-2026\/#primaryimage"},"image":{"@id":"https:\/\/cebb.org.br\/marcelo-nicolodi-em-bh-2026\/#primaryimage"},"thumbnailUrl":"https:\/\/cebb.org.br\/wp-content\/uploads\/2026\/04\/EYtG2ue.jpeg","datePublished":"2026-04-25T01:27:50+00:00","dateModified":"2026-04-25T01:32:08+00:00","breadcrumb":{"@id":"https:\/\/cebb.org.br\/marcelo-nicolodi-em-bh-2026\/#breadcrumb"},"inLanguage":"en-GB","potentialAction":[{"@type":"ReadAction","target":["https:\/\/cebb.org.br\/marcelo-nicolodi-em-bh-2026\/"]}]},{"@type":"ImageObject","inLanguage":"en-GB","@id":"https:\/\/cebb.org.br\/marcelo-nicolodi-em-bh-2026\/#primaryimage","url":"https:\/\/cebb.org.br\/wp-content\/uploads\/2026\/04\/EYtG2ue.jpeg","contentUrl":"https:\/\/cebb.org.br\/wp-content\/uploads\/2026\/04\/EYtG2ue.jpeg","width":700,"height":467},{"@type":"BreadcrumbList","@id":"https:\/\/cebb.org.br\/marcelo-nicolodi-em-bh-2026\/#breadcrumb","itemListElement":[{"@type":"ListItem","position":1,"name":"Home","item":"https:\/\/cebb.org.br\/"},{"@type":"ListItem","position":2,"name":"Marcelo Nicolodi em BH &#8211; 2026"}]},{"@type":"WebSite","@id":"https:\/\/cebb.org.br\/#website","url":"https:\/\/cebb.org.br\/","name":"Bodhisattva Center for Buddhist Studies","description":"Budismo, medita\u00e7\u00e3o e cultura de paz | Lama Padma Samten","publisher":{"@id":"https:\/\/cebb.org.br\/#organization"},"potentialAction":[{"@type":"SearchAction","target":{"@type":"EntryPoint","urlTemplate":"https:\/\/cebb.org.br\/?s={search_term_string}"},"query-input":{"@type":"PropertyValueSpecification","valueRequired":true,"valueName":"search_term_string"}}],"inLanguage":"en-GB"},{"@type":"Organization","@id":"https:\/\/cebb.org.br\/#organization","name":"Bodhisattva Center for Buddhist Studies","url":"https:\/\/cebb.org.br\/","logo":{"@type":"ImageObject","inLanguage":"en-GB","@id":"https:\/\/cebb.org.br\/#\/schema\/logo\/image\/","url":"http:\/\/18.230.164.79\/wp-content\/uploads\/2011\/03\/logosalvador-peq-e1660064979551.jpg","contentUrl":"http:\/\/18.230.164.79\/wp-content\/uploads\/2011\/03\/logosalvador-peq-e1660064979551.jpg","width":280,"height":231,"caption":"Centro de Estudos Budistas Bodisatva"},"image":{"@id":"https:\/\/cebb.org.br\/#\/schema\/logo\/image\/"},"sameAs":["https:\/\/pt-br.facebook.com\/cebb108","https:\/\/www.instagram.com\/cebbcaminhodomeio\/"]},{"@type":"Person","@id":"https:\/\/cebb.org.br\/#\/schema\/person\/c5fd8be3ea6656923b58979ad506101f","name":"cebbbh","image":{"@type":"ImageObject","inLanguage":"en-GB","@id":"https:\/\/secure.gravatar.com\/avatar\/1fc9ba7064bd0564d750ce917db650c045717f2b04445b19e4d69981a71d55c9?s=96&d=mm&r=g","url":"https:\/\/secure.gravatar.com\/avatar\/1fc9ba7064bd0564d750ce917db650c045717f2b04445b19e4d69981a71d55c9?s=96&d=mm&r=g","contentUrl":"https:\/\/secure.gravatar.com\/avatar\/1fc9ba7064bd0564d750ce917db650c045717f2b04445b19e4d69981a71d55c9?s=96&d=mm&r=g","caption":"cebbbh"},"url":"https:\/\/cebb.org.br\/en\/author\/cebbbh\/"}]}},"_links":{"self":[{"href":"https:\/\/cebb.org.br\/en\/wp-json\/wp\/v2\/posts\/121841","targetHints":{"allow":["GET"]}}],"collection":[{"href":"https:\/\/cebb.org.br\/en\/wp-json\/wp\/v2\/posts"}],"about":[{"href":"https:\/\/cebb.org.br\/en\/wp-json\/wp\/v2\/types\/post"}],"author":[{"embeddable":true,"href":"https:\/\/cebb.org.br\/en\/wp-json\/wp\/v2\/users\/40"}],"replies":[{"embeddable":true,"href":"https:\/\/cebb.org.br\/en\/wp-json\/wp\/v2\/comments?post=121841"}],"version-history":[{"count":7,"href":"https:\/\/cebb.org.br\/en\/wp-json\/wp\/v2\/posts\/121841\/revisions"}],"predecessor-version":[{"id":121853,"href":"https:\/\/cebb.org.br\/en\/wp-json\/wp\/v2\/posts\/121841\/revisions\/121853"}],"wp:featuredmedia":[{"embeddable":true,"href":"https:\/\/cebb.org.br\/en\/wp-json\/wp\/v2\/media\/121851"}],"wp:attachment":[{"href":"https:\/\/cebb.org.br\/en\/wp-json\/wp\/v2\/media?parent=121841"}],"wp:term":[{"taxonomy":"category","embeddable":true,"href":"https:\/\/cebb.org.br\/en\/wp-json\/wp\/v2\/categories?post=121841"},{"taxonomy":"post_tag","embeddable":true,"href":"https:\/\/cebb.org.br\/en\/wp-json\/wp\/v2\/tags?post=121841"}],"curies":[{"name":"wp","href":"https:\/\/api.w.org\/{rel}","templated":true}]}}