{"id":121875,"date":"2026-04-28T15:09:08","date_gmt":"2026-04-28T18:09:08","guid":{"rendered":"https:\/\/cebb.org.br\/?p=121875"},"modified":"2026-04-28T15:09:51","modified_gmt":"2026-04-28T18:09:51","slug":"medicinatibetanacuritiba","status":"publish","type":"post","link":"https:\/\/cebb.org.br\/en\/medicinatibetanacuritiba\/","title":{"rendered":"Palestra com Dr. Nida Chenagtsang em Curitiba"},"content":{"rendered":"<p><strong>Palestra com Dr. Nida Chenagtsang em Curitiba<br \/>\n25 de junho de 2026<br \/>\n<\/strong><!--more--><\/p>\n<p>&nbsp;<\/p>\n<p>Convidamos a comunidade acad\u00eamica, colaboradores e visitantes para uma oportunidade \u00fanica: um encontro com o m\u00e9dico tibetano Dr. Nida Chenagtsang, refer\u00eancia internacional em Sowa Rigpa \u2014 o sistema tradicional de sa\u00fade conhecido como Medicina Tibetana.<\/p>\n<p>Reconhecido por seu trabalho de resgate e tradu\u00e7\u00e3o de textos cl\u00e1ssicos tibetanos, Dr. Nida atua como diretor e professor de escolas internacionais de Sowa Rigpa e \u00e9 conhecido por sua did\u00e1tica leve, sens\u00edvel e adaptada ao contexto contempor\u00e2neo \u2014 fruto de mais de 25 anos de viv\u00eancia no Ocidente.<\/p>\n<p>Esta visita de Dr. Nida ao Brasil marca um momento especial de interc\u00e2mbio entre saberes tradicionais e o ambiente acad\u00eamico. Uma oportunidade imperd\u00edvel para todos os interessados em sa\u00fade integrativa, medicina tradicional e di\u00e1logo intercultural.<\/p>\n<p>&nbsp;<\/p>\n<hr \/>\n<div>\n<p>&nbsp;<\/p>\n<p><strong>In\u00edcio:<\/strong> 25 de junho (quinta)<br \/>\n<strong>Time:<\/strong> 7:30pm (BRT)<br \/>\n<strong>Place:<\/strong> A definir<\/p>\n<p>&nbsp;<\/p>\n<hr \/>\n<\/div>\n<p>&nbsp;<\/p>\n<h2>Inscri\u00e7\u00f5es<\/h2>\n<p><em>The practice of Dana Paramita - perfection of generosity - makes it possible to continue the teachings from the time of the Buddha. The six paramitas - generosity, morality, peace, constant energy, concentration and wisdom - inspire the practice and are the generative and sustaining basis of the CEBB Sangha's centers for study, meditation, hospitality and initiatives for education, environmental protection, Pure Lands and the Culture of Peace.<\/em><\/p>\n<div>\n<a href=\"http:\/\/x\" class=\"su-button su-button-style-flat\" style=\"color:#FFFFFF;background-color:#b8190d;border-color:#94140b;border-radius:4px\" target=\"_blank\" rel=\"noopener noreferrer\"><span style=\"color:#FFFFFF;padding:5px 14px;font-size:12px;line-height:18px;border-color:#ce5e56;border-radius:4px;text-shadow:none\"><i class=\"sui sui-map-marker\" style=\"font-size:12px;color:#FFFFFF\"><\/i> In-person enrolment <em>(Em breve)<\/em><\/span><\/a>\n<\/div>\n<p>&nbsp;<\/p>\n<h4>Contato para d\u00favidas sobre o retiro presencial<\/h4>\n<div>\n<p>cebbsukhavati@gmail.com | 41 99641-9649 (WhatsApp)<\/p>\n<\/div>\n<p>&nbsp;<\/p>\n<p>&nbsp;<\/p>\n<div>\n<h2><strong>Inscri\u00e7\u00e3o online<\/strong><\/h2>\n<a href=\"http:\/\/x\" class=\"su-button su-button-style-flat\" style=\"color:#FFFFFF;background-color:#b8190d;border-color:#94140b;border-radius:4px\" target=\"_blank\" rel=\"noopener noreferrer\"><span style=\"color:#FFFFFF;padding:5px 14px;font-size:12px;line-height:18px;border-color:#ce5e56;border-radius:4px;text-shadow:none\"><i class=\"sui sui-map-marker\" style=\"font-size:12px;color:#FFFFFF\"><\/i> Online Enrolment for people inside Brazil <em>(Em breve)<\/em> <\/span><\/a>\n<p>&nbsp;<\/p>\n<\/div>\n<p>&nbsp;<\/p>\n<div>\n<h2><strong>ONLINE Streaming<\/strong><\/h2>\n<p>O retiro ocorrer\u00e1 por transmiss\u00e3o online direta do CEBB Sukhavati, pelo Zoom e pelo canal Youtube do Lama Padma Samten.\u00a0A p\u00e1gina de acompanhamento do retiro ser\u00e1 enviada por um email-resposta ap\u00f3s a inscri\u00e7\u00e3o.<\/p>\n<p>Caso n\u00e3o encontre o email-resposta em sua caixa de entrada, VERIFIQUE NA CAIXA DE SPAM ou em \u201cPROMO\u00c7\u00d5ES\u201d e marque como n\u00e3o-spam (caso esteja no SPAM). Pode ser \u00fatil incluir o endere\u00e7o (cebbsukhavati@gmail.com) na sua lista de contatos.<\/p>\n<\/div>\n<p>&nbsp;<\/p>\n<div>\n<h4><em>Contato para d\u00favidas sobre o retiro online<\/em><\/h4>\n<p>acaoparamita@gmail.com<\/p>\n<\/div>\n<hr \/>\n<p><img decoding=\"async\" class=\"alignleft wp-image-97115\" src=\"https:\/\/cebb.org.br\/wp-content\/uploads\/2023\/03\/whasapp-2-1-169x169.jpeg\" alt=\"\" width=\"43\" height=\"43\" srcset=\"https:\/\/cebb.org.br\/wp-content\/uploads\/2023\/03\/whasapp-2-1-169x169.jpeg 169w, https:\/\/cebb.org.br\/wp-content\/uploads\/2023\/03\/whasapp-2-1.jpeg 224w\" sizes=\"(max-width: 43px) 100vw, 43px\" \/><\/p>\n<h5><strong>Para receber a divulga\u00e7\u00e3o do CEBB Sukhavati por Whatsapp entre no <a href=\"https:\/\/chat.whatsapp.com\/EdugvQvTZoxKjZQSYT3ie5\">grupo!<\/a><\/strong>\u00a0(somente administradores podem enviar msgs)<\/h5>","protected":false},"excerpt":{"rendered":"<p>25 de junho | Palestra com Dr. Nida Chenagtsang em Curitiba<\/p>","protected":false},"author":79,"featured_media":121879,"comment_status":"open","ping_status":"open","sticky":false,"template":"","format":"standard","meta":{"footnotes":""},"categories":[380,396,655,415,418,356,364],"tags":[522],"class_list":["post-121875","post","type-post","status-publish","format-standard","has-post-thumbnail","hentry","category-curitiba","category-londrina","category-maringa","category-sukhavati","category-araucaria","category-retiro-sanga","category-treinamento","tag-eventos"],"yoast_head":"<!-- This site is optimized with the Yoast SEO plugin v27.4 - https:\/\/yoast.com\/product\/yoast-seo-wordpress\/ -->\n<title>Palestra com Dr. Nida Chenagtsang em Curitiba - Centro de Estudos Budistas Bodisatva<\/title>\n<meta name=\"description\" content=\"Palestra sobre medicina tibetana com Dr Nida Chenagtsang em Curitiba. Dia 25 de junho na UFPR.\" \/>\n<meta name=\"robots\" content=\"index, follow, max-snippet:-1, max-image-preview:large, max-video-preview:-1\" \/>\n<link rel=\"canonical\" href=\"https:\/\/cebb.org.br\/en\/medicinatibetanacuritiba\/\" \/>\n<meta property=\"og:locale\" content=\"en_GB\" \/>\n<meta property=\"og:type\" content=\"article\" \/>\n<meta property=\"og:title\" content=\"Palestra com Dr. Nida Chenagtsang em Curitiba - Centro de Estudos Budistas Bodisatva\" \/>\n<meta property=\"og:description\" content=\"Palestra sobre medicina tibetana com Dr Nida Chenagtsang em Curitiba. Dia 25 de junho na UFPR.\" \/>\n<meta property=\"og:url\" content=\"https:\/\/cebb.org.br\/en\/medicinatibetanacuritiba\/\" \/>\n<meta property=\"og:site_name\" content=\"Centro de Estudos Budistas Bodisatva\" \/>\n<meta property=\"article:publisher\" content=\"https:\/\/pt-br.facebook.com\/cebb108\" \/>\n<meta property=\"article:published_time\" content=\"2026-04-28T18:09:08+00:00\" \/>\n<meta property=\"article:modified_time\" content=\"2026-04-28T18:09:51+00:00\" \/>\n<meta property=\"og:image\" content=\"https:\/\/cebb.org.br\/wp-content\/uploads\/2026\/04\/637410729_1428272192427099_7971428316814180867_n.jpg\" \/>\n\t<meta property=\"og:image:width\" content=\"1080\" \/>\n\t<meta property=\"og:image:height\" content=\"1616\" \/>\n\t<meta property=\"og:image:type\" content=\"image\/jpeg\" \/>\n<meta name=\"author\" content=\"Coletivo Intersomos\" \/>\n<meta name=\"twitter:card\" content=\"summary_large_image\" \/>\n<meta name=\"twitter:label1\" content=\"Written by\" \/>\n\t<meta name=\"twitter:data1\" content=\"Coletivo Intersomos\" \/>\n\t<meta name=\"twitter:label2\" content=\"Estimated reading time\" \/>\n\t<meta name=\"twitter:data2\" content=\"3 minutes\" \/>\n<script type=\"application\/ld+json\" class=\"yoast-schema-graph\">{\"@context\":\"https:\\\/\\\/schema.org\",\"@graph\":[{\"@type\":\"Article\",\"@id\":\"https:\\\/\\\/cebb.org.br\\\/medicinatibetanacuritiba\\\/#article\",\"isPartOf\":{\"@id\":\"https:\\\/\\\/cebb.org.br\\\/medicinatibetanacuritiba\\\/\"},\"author\":{\"name\":\"Coletivo Intersomos\",\"@id\":\"https:\\\/\\\/cebb.org.br\\\/#\\\/schema\\\/person\\\/05a696a76f72d472c540f3d7a905f39c\"},\"headline\":\"Palestra com Dr. Nida Chenagtsang em Curitiba\",\"datePublished\":\"2026-04-28T18:09:08+00:00\",\"dateModified\":\"2026-04-28T18:09:51+00:00\",\"mainEntityOfPage\":{\"@id\":\"https:\\\/\\\/cebb.org.br\\\/medicinatibetanacuritiba\\\/\"},\"wordCount\":416,\"commentCount\":0,\"publisher\":{\"@id\":\"https:\\\/\\\/cebb.org.br\\\/#organization\"},\"image\":{\"@id\":\"https:\\\/\\\/cebb.org.br\\\/medicinatibetanacuritiba\\\/#primaryimage\"},\"thumbnailUrl\":\"https:\\\/\\\/cebb.org.br\\\/wp-content\\\/uploads\\\/2026\\\/04\\\/637410729_1428272192427099_7971428316814180867_n.jpg\",\"keywords\":[\"Eventos\"],\"articleSection\":[\"CEBB Curitiba\",\"CEBB Londrina\",\"CEBB Maring\u00e1\",\"CEBB Sukhavati\",\"GEBB Arauc\u00e1ria\",\"Retiro\",\"Treinamento em vis\u00e3o e medita\u00e7\u00e3o\"],\"inLanguage\":\"en-GB\",\"potentialAction\":[{\"@type\":\"CommentAction\",\"name\":\"Comment\",\"target\":[\"https:\\\/\\\/cebb.org.br\\\/medicinatibetanacuritiba\\\/#respond\"]}]},{\"@type\":\"WebPage\",\"@id\":\"https:\\\/\\\/cebb.org.br\\\/medicinatibetanacuritiba\\\/\",\"url\":\"https:\\\/\\\/cebb.org.br\\\/medicinatibetanacuritiba\\\/\",\"name\":\"Palestra com Dr. Nida Chenagtsang em Curitiba - Centro de Estudos Budistas Bodisatva\",\"isPartOf\":{\"@id\":\"https:\\\/\\\/cebb.org.br\\\/#website\"},\"primaryImageOfPage\":{\"@id\":\"https:\\\/\\\/cebb.org.br\\\/medicinatibetanacuritiba\\\/#primaryimage\"},\"image\":{\"@id\":\"https:\\\/\\\/cebb.org.br\\\/medicinatibetanacuritiba\\\/#primaryimage\"},\"thumbnailUrl\":\"https:\\\/\\\/cebb.org.br\\\/wp-content\\\/uploads\\\/2026\\\/04\\\/637410729_1428272192427099_7971428316814180867_n.jpg\",\"datePublished\":\"2026-04-28T18:09:08+00:00\",\"dateModified\":\"2026-04-28T18:09:51+00:00\",\"description\":\"Palestra sobre medicina tibetana com Dr Nida Chenagtsang em Curitiba. Dia 25 de junho na UFPR.\",\"breadcrumb\":{\"@id\":\"https:\\\/\\\/cebb.org.br\\\/medicinatibetanacuritiba\\\/#breadcrumb\"},\"inLanguage\":\"en-GB\",\"potentialAction\":[{\"@type\":\"ReadAction\",\"target\":[\"https:\\\/\\\/cebb.org.br\\\/medicinatibetanacuritiba\\\/\"]}]},{\"@type\":\"ImageObject\",\"inLanguage\":\"en-GB\",\"@id\":\"https:\\\/\\\/cebb.org.br\\\/medicinatibetanacuritiba\\\/#primaryimage\",\"url\":\"https:\\\/\\\/cebb.org.br\\\/wp-content\\\/uploads\\\/2026\\\/04\\\/637410729_1428272192427099_7971428316814180867_n.jpg\",\"contentUrl\":\"https:\\\/\\\/cebb.org.br\\\/wp-content\\\/uploads\\\/2026\\\/04\\\/637410729_1428272192427099_7971428316814180867_n.jpg\",\"width\":1080,\"height\":1616},{\"@type\":\"BreadcrumbList\",\"@id\":\"https:\\\/\\\/cebb.org.br\\\/medicinatibetanacuritiba\\\/#breadcrumb\",\"itemListElement\":[{\"@type\":\"ListItem\",\"position\":1,\"name\":\"Home\",\"item\":\"https:\\\/\\\/cebb.org.br\\\/\"},{\"@type\":\"ListItem\",\"position\":2,\"name\":\"Palestra com Dr. Nida Chenagtsang em Curitiba\"}]},{\"@type\":\"WebSite\",\"@id\":\"https:\\\/\\\/cebb.org.br\\\/#website\",\"url\":\"https:\\\/\\\/cebb.org.br\\\/\",\"name\":\"Centro de Estudos Budistas Bodisatva\",\"description\":\"Budismo, medita\u00e7\u00e3o e cultura de paz | Lama Padma Samten\",\"publisher\":{\"@id\":\"https:\\\/\\\/cebb.org.br\\\/#organization\"},\"potentialAction\":[{\"@type\":\"SearchAction\",\"target\":{\"@type\":\"EntryPoint\",\"urlTemplate\":\"https:\\\/\\\/cebb.org.br\\\/?s={search_term_string}\"},\"query-input\":{\"@type\":\"PropertyValueSpecification\",\"valueRequired\":true,\"valueName\":\"search_term_string\"}}],\"inLanguage\":\"en-GB\"},{\"@type\":\"Organization\",\"@id\":\"https:\\\/\\\/cebb.org.br\\\/#organization\",\"name\":\"Centro de Estudos Budistas Bodisatva\",\"url\":\"https:\\\/\\\/cebb.org.br\\\/\",\"logo\":{\"@type\":\"ImageObject\",\"inLanguage\":\"en-GB\",\"@id\":\"https:\\\/\\\/cebb.org.br\\\/#\\\/schema\\\/logo\\\/image\\\/\",\"url\":\"http:\\\/\\\/18.230.164.79\\\/wp-content\\\/uploads\\\/2011\\\/03\\\/logosalvador-peq-e1660064979551.jpg\",\"contentUrl\":\"http:\\\/\\\/18.230.164.79\\\/wp-content\\\/uploads\\\/2011\\\/03\\\/logosalvador-peq-e1660064979551.jpg\",\"width\":280,\"height\":231,\"caption\":\"Centro de Estudos Budistas Bodisatva\"},\"image\":{\"@id\":\"https:\\\/\\\/cebb.org.br\\\/#\\\/schema\\\/logo\\\/image\\\/\"},\"sameAs\":[\"https:\\\/\\\/pt-br.facebook.com\\\/cebb108\",\"https:\\\/\\\/www.instagram.com\\\/cebbcaminhodomeio\\\/\"]},{\"@type\":\"Person\",\"@id\":\"https:\\\/\\\/cebb.org.br\\\/#\\\/schema\\\/person\\\/05a696a76f72d472c540f3d7a905f39c\",\"name\":\"Coletivo Intersomos\",\"image\":{\"@type\":\"ImageObject\",\"inLanguage\":\"en-GB\",\"@id\":\"https:\\\/\\\/secure.gravatar.com\\\/avatar\\\/5b3268ebf7c1516b7910dc782a9ef52986a33844353256fce20260189c5f6b83?s=96&d=mm&r=g\",\"url\":\"https:\\\/\\\/secure.gravatar.com\\\/avatar\\\/5b3268ebf7c1516b7910dc782a9ef52986a33844353256fce20260189c5f6b83?s=96&d=mm&r=g\",\"contentUrl\":\"https:\\\/\\\/secure.gravatar.com\\\/avatar\\\/5b3268ebf7c1516b7910dc782a9ef52986a33844353256fce20260189c5f6b83?s=96&d=mm&r=g\",\"caption\":\"Coletivo Intersomos\"},\"url\":\"https:\\\/\\\/cebb.org.br\\\/en\\\/author\\\/coletivo-intersomos\\\/\"}]}<\/script>\n<!-- \/ Yoast SEO plugin. -->","yoast_head_json":{"title":"Palestra com Dr. Nida Chenagtsang em Curitiba - Centro de Estudos Budistas Bodisatva","description":"Palestra sobre medicina tibetana com Dr Nida Chenagtsang em Curitiba. Dia 25 de junho na UFPR.","robots":{"index":"index","follow":"follow","max-snippet":"max-snippet:-1","max-image-preview":"max-image-preview:large","max-video-preview":"max-video-preview:-1"},"canonical":"https:\/\/cebb.org.br\/en\/medicinatibetanacuritiba\/","og_locale":"en_GB","og_type":"article","og_title":"Palestra com Dr. Nida Chenagtsang em Curitiba - Centro de Estudos Budistas Bodisatva","og_description":"Palestra sobre medicina tibetana com Dr Nida Chenagtsang em Curitiba. Dia 25 de junho na UFPR.","og_url":"https:\/\/cebb.org.br\/en\/medicinatibetanacuritiba\/","og_site_name":"Centro de Estudos Budistas Bodisatva","article_publisher":"https:\/\/pt-br.facebook.com\/cebb108","article_published_time":"2026-04-28T18:09:08+00:00","article_modified_time":"2026-04-28T18:09:51+00:00","og_image":[{"width":1080,"height":1616,"url":"https:\/\/cebb.org.br\/wp-content\/uploads\/2026\/04\/637410729_1428272192427099_7971428316814180867_n.jpg","type":"image\/jpeg"}],"author":"Coletivo Intersomos","twitter_card":"summary_large_image","twitter_misc":{"Written by":"Coletivo Intersomos","Estimated reading time":"3 minutes"},"schema":{"@context":"https:\/\/schema.org","@graph":[{"@type":"Article","@id":"https:\/\/cebb.org.br\/medicinatibetanacuritiba\/#article","isPartOf":{"@id":"https:\/\/cebb.org.br\/medicinatibetanacuritiba\/"},"author":{"name":"Coletivo Intersomos","@id":"https:\/\/cebb.org.br\/#\/schema\/person\/05a696a76f72d472c540f3d7a905f39c"},"headline":"Palestra com Dr. Nida Chenagtsang em Curitiba","datePublished":"2026-04-28T18:09:08+00:00","dateModified":"2026-04-28T18:09:51+00:00","mainEntityOfPage":{"@id":"https:\/\/cebb.org.br\/medicinatibetanacuritiba\/"},"wordCount":416,"commentCount":0,"publisher":{"@id":"https:\/\/cebb.org.br\/#organization"},"image":{"@id":"https:\/\/cebb.org.br\/medicinatibetanacuritiba\/#primaryimage"},"thumbnailUrl":"https:\/\/cebb.org.br\/wp-content\/uploads\/2026\/04\/637410729_1428272192427099_7971428316814180867_n.jpg","keywords":["Eventos"],"articleSection":["CEBB Curitiba","CEBB Londrina","CEBB Maring\u00e1","CEBB Sukhavati","GEBB Arauc\u00e1ria","Retiro","Treinamento em vis\u00e3o e medita\u00e7\u00e3o"],"inLanguage":"en-GB","potentialAction":[{"@type":"CommentAction","name":"Comment","target":["https:\/\/cebb.org.br\/medicinatibetanacuritiba\/#respond"]}]},{"@type":"WebPage","@id":"https:\/\/cebb.org.br\/medicinatibetanacuritiba\/","url":"https:\/\/cebb.org.br\/medicinatibetanacuritiba\/","name":"Palestra com Dr. Nida Chenagtsang em Curitiba - Centro de Estudos Budistas Bodisatva","isPartOf":{"@id":"https:\/\/cebb.org.br\/#website"},"primaryImageOfPage":{"@id":"https:\/\/cebb.org.br\/medicinatibetanacuritiba\/#primaryimage"},"image":{"@id":"https:\/\/cebb.org.br\/medicinatibetanacuritiba\/#primaryimage"},"thumbnailUrl":"https:\/\/cebb.org.br\/wp-content\/uploads\/2026\/04\/637410729_1428272192427099_7971428316814180867_n.jpg","datePublished":"2026-04-28T18:09:08+00:00","dateModified":"2026-04-28T18:09:51+00:00","description":"Palestra sobre medicina tibetana com Dr Nida Chenagtsang em Curitiba. Dia 25 de junho na UFPR.","breadcrumb":{"@id":"https:\/\/cebb.org.br\/medicinatibetanacuritiba\/#breadcrumb"},"inLanguage":"en-GB","potentialAction":[{"@type":"ReadAction","target":["https:\/\/cebb.org.br\/medicinatibetanacuritiba\/"]}]},{"@type":"ImageObject","inLanguage":"en-GB","@id":"https:\/\/cebb.org.br\/medicinatibetanacuritiba\/#primaryimage","url":"https:\/\/cebb.org.br\/wp-content\/uploads\/2026\/04\/637410729_1428272192427099_7971428316814180867_n.jpg","contentUrl":"https:\/\/cebb.org.br\/wp-content\/uploads\/2026\/04\/637410729_1428272192427099_7971428316814180867_n.jpg","width":1080,"height":1616},{"@type":"BreadcrumbList","@id":"https:\/\/cebb.org.br\/medicinatibetanacuritiba\/#breadcrumb","itemListElement":[{"@type":"ListItem","position":1,"name":"Home","item":"https:\/\/cebb.org.br\/"},{"@type":"ListItem","position":2,"name":"Palestra com Dr. Nida Chenagtsang em Curitiba"}]},{"@type":"WebSite","@id":"https:\/\/cebb.org.br\/#website","url":"https:\/\/cebb.org.br\/","name":"Bodhisattva Center for Buddhist Studies","description":"Budismo, medita\u00e7\u00e3o e cultura de paz | Lama Padma Samten","publisher":{"@id":"https:\/\/cebb.org.br\/#organization"},"potentialAction":[{"@type":"SearchAction","target":{"@type":"EntryPoint","urlTemplate":"https:\/\/cebb.org.br\/?s={search_term_string}"},"query-input":{"@type":"PropertyValueSpecification","valueRequired":true,"valueName":"search_term_string"}}],"inLanguage":"en-GB"},{"@type":"Organization","@id":"https:\/\/cebb.org.br\/#organization","name":"Bodhisattva Center for Buddhist Studies","url":"https:\/\/cebb.org.br\/","logo":{"@type":"ImageObject","inLanguage":"en-GB","@id":"https:\/\/cebb.org.br\/#\/schema\/logo\/image\/","url":"http:\/\/18.230.164.79\/wp-content\/uploads\/2011\/03\/logosalvador-peq-e1660064979551.jpg","contentUrl":"http:\/\/18.230.164.79\/wp-content\/uploads\/2011\/03\/logosalvador-peq-e1660064979551.jpg","width":280,"height":231,"caption":"Centro de Estudos Budistas Bodisatva"},"image":{"@id":"https:\/\/cebb.org.br\/#\/schema\/logo\/image\/"},"sameAs":["https:\/\/pt-br.facebook.com\/cebb108","https:\/\/www.instagram.com\/cebbcaminhodomeio\/"]},{"@type":"Person","@id":"https:\/\/cebb.org.br\/#\/schema\/person\/05a696a76f72d472c540f3d7a905f39c","name":"Coletivo Intersomos","image":{"@type":"ImageObject","inLanguage":"en-GB","@id":"https:\/\/secure.gravatar.com\/avatar\/5b3268ebf7c1516b7910dc782a9ef52986a33844353256fce20260189c5f6b83?s=96&d=mm&r=g","url":"https:\/\/secure.gravatar.com\/avatar\/5b3268ebf7c1516b7910dc782a9ef52986a33844353256fce20260189c5f6b83?s=96&d=mm&r=g","contentUrl":"https:\/\/secure.gravatar.com\/avatar\/5b3268ebf7c1516b7910dc782a9ef52986a33844353256fce20260189c5f6b83?s=96&d=mm&r=g","caption":"Coletivo Intersomos"},"url":"https:\/\/cebb.org.br\/en\/author\/coletivo-intersomos\/"}]}},"_links":{"self":[{"href":"https:\/\/cebb.org.br\/en\/wp-json\/wp\/v2\/posts\/121875","targetHints":{"allow":["GET"]}}],"collection":[{"href":"https:\/\/cebb.org.br\/en\/wp-json\/wp\/v2\/posts"}],"about":[{"href":"https:\/\/cebb.org.br\/en\/wp-json\/wp\/v2\/types\/post"}],"author":[{"embeddable":true,"href":"https:\/\/cebb.org.br\/en\/wp-json\/wp\/v2\/users\/79"}],"replies":[{"embeddable":true,"href":"https:\/\/cebb.org.br\/en\/wp-json\/wp\/v2\/comments?post=121875"}],"version-history":[{"count":2,"href":"https:\/\/cebb.org.br\/en\/wp-json\/wp\/v2\/posts\/121875\/revisions"}],"predecessor-version":[{"id":121881,"href":"https:\/\/cebb.org.br\/en\/wp-json\/wp\/v2\/posts\/121875\/revisions\/121881"}],"wp:featuredmedia":[{"embeddable":true,"href":"https:\/\/cebb.org.br\/en\/wp-json\/wp\/v2\/media\/121879"}],"wp:attachment":[{"href":"https:\/\/cebb.org.br\/en\/wp-json\/wp\/v2\/media?parent=121875"}],"wp:term":[{"taxonomy":"category","embeddable":true,"href":"https:\/\/cebb.org.br\/en\/wp-json\/wp\/v2\/categories?post=121875"},{"taxonomy":"post_tag","embeddable":true,"href":"https:\/\/cebb.org.br\/en\/wp-json\/wp\/v2\/tags?post=121875"}],"curies":[{"name":"wp","href":"https:\/\/api.w.org\/{rel}","templated":true}]}}