{"id":1784,"date":"2013-02-11T00:14:21","date_gmt":"2013-02-11T02:14:21","guid":{"rendered":"http:\/\/www.cebb.org.br\/novo\/?p=1784"},"modified":"2013-02-11T00:14:21","modified_gmt":"2013-02-11T02:14:21","slug":"editar-bolhas-de-realidade","status":"publish","type":"post","link":"https:\/\/cebb.org.br\/en\/editar-bolhas-de-realidade\/","title":{"rendered":"Bolhas de realidade"},"content":{"rendered":"<p><em>Trecho de um ensinamento de\u00a0Lama Padma Samten\u00a0sobre Prajnaparamita durante um retiro em S\u00e3o Paulo (agosto de 2011):<\/em><!--more--><br \/>\n&#8220;Todos os seres tem a natureza primordial, estamos na mandala primordial, tudo bem, n\u00e3o tem perigo nenhum. A nossa dificuldade \u00e9 que, n\u00f3s constru\u00edmos as bolhas de realidade, n\u00e3o percebemos que estamos fazendo isto, penetramos em bolhas espec\u00edficas, e ali dentro, temos a experi\u00eancia do que \u00e9 chamado Samsara.<br \/>\nNesta Roda da Vida n\u00f3s penetramos atrav\u00e9s dos elementos, constru\u00edmos coisas artificiais, tentamos sustentar aquilo de qualquer jeito, nos identificamos com aquilo que aspiramos. Surge uma identidade que opera de forma cada vez mais h\u00e1bil, ou seja, cada vez mais responsiva, cada vez menos consciente, no sentido de ter uma avalia\u00e7\u00e3o sobre sua pr\u00f3pria opera\u00e7\u00e3o.&#8221;<\/p>","protected":false},"excerpt":{"rendered":"<p>Trecho de um ensinamento de\u00a0Lama Padma Samten\u00a0sobre Prajnaparamita durante um retiro em S\u00e3o Paulo (agosto de 2011):<\/p>","protected":false},"author":114,"featured_media":3222,"comment_status":"open","ping_status":"open","sticky":false,"template":"","format":"standard","meta":{"footnotes":""},"categories":[417],"tags":[],"class_list":["post-1784","post","type-post","status-publish","format-standard","has-post-thumbnail","hentry","category-ensinamentos"],"yoast_head":"<!-- This site is optimized with the Yoast SEO plugin v27.4 - https:\/\/yoast.com\/product\/yoast-seo-wordpress\/ -->\n<title>Bolhas de realidade - Centro de Estudos Budistas Bodisatva<\/title>\n<meta name=\"description\" content=\"Todos os seres tem a natureza primordial, estamos na mandala primordial, tudo bem, n\u00e3o tem perigo nenhum. A nossa dificuldade \u00e9 que, n\u00f3s constru\u00edmos as bolhas de realidade...\" \/>\n<meta name=\"robots\" content=\"index, follow, max-snippet:-1, max-image-preview:large, max-video-preview:-1\" \/>\n<link rel=\"canonical\" href=\"https:\/\/cebb.org.br\/en\/editar-bolhas-de-realidade\/\" \/>\n<meta property=\"og:locale\" content=\"en_GB\" \/>\n<meta property=\"og:type\" content=\"article\" \/>\n<meta property=\"og:title\" content=\"Bolhas de realidade - Centro de Estudos Budistas Bodisatva\" \/>\n<meta property=\"og:description\" content=\"Todos os seres tem a natureza primordial, estamos na mandala primordial, tudo bem, n\u00e3o tem perigo nenhum. A nossa dificuldade \u00e9 que, n\u00f3s constru\u00edmos as bolhas de realidade...\" \/>\n<meta property=\"og:url\" content=\"https:\/\/cebb.org.br\/en\/editar-bolhas-de-realidade\/\" \/>\n<meta property=\"og:site_name\" content=\"Centro de Estudos Budistas Bodisatva\" \/>\n<meta property=\"article:publisher\" content=\"https:\/\/pt-br.facebook.com\/cebb108\" \/>\n<meta property=\"article:published_time\" content=\"2013-02-11T02:14:21+00:00\" \/>\n<meta property=\"og:image\" content=\"https:\/\/cebb.org.br\/wp-content\/uploads\/2013\/01\/buddha.jpg\" \/>\n\t<meta property=\"og:image:width\" content=\"1600\" \/>\n\t<meta property=\"og:image:height\" content=\"900\" \/>\n\t<meta property=\"og:image:type\" content=\"image\/jpeg\" \/>\n<meta name=\"twitter:card\" content=\"summary_large_image\" \/>\n<meta name=\"twitter:label1\" content=\"Written by\" \/>\n\t<meta name=\"twitter:data1\" content=\"\" \/>\n\t<meta name=\"twitter:label2\" content=\"Estimated reading time\" \/>\n\t<meta name=\"twitter:data2\" content=\"1 minute\" \/>\n<script type=\"application\/ld+json\" class=\"yoast-schema-graph\">{\"@context\":\"https:\\\/\\\/schema.org\",\"@graph\":[{\"@type\":\"Article\",\"@id\":\"https:\\\/\\\/cebb.org.br\\\/editar-bolhas-de-realidade\\\/#article\",\"isPartOf\":{\"@id\":\"https:\\\/\\\/cebb.org.br\\\/editar-bolhas-de-realidade\\\/\"},\"author\":{\"name\":\"\",\"@id\":\"\"},\"headline\":\"Bolhas de realidade\",\"datePublished\":\"2013-02-11T02:14:21+00:00\",\"mainEntityOfPage\":{\"@id\":\"https:\\\/\\\/cebb.org.br\\\/editar-bolhas-de-realidade\\\/\"},\"wordCount\":137,\"commentCount\":0,\"publisher\":{\"@id\":\"https:\\\/\\\/cebb.org.br\\\/#organization\"},\"image\":{\"@id\":\"https:\\\/\\\/cebb.org.br\\\/editar-bolhas-de-realidade\\\/#primaryimage\"},\"thumbnailUrl\":\"https:\\\/\\\/cebb.org.br\\\/wp-content\\\/uploads\\\/2013\\\/01\\\/buddha.jpg\",\"articleSection\":[\"Ensinamentos\"],\"inLanguage\":\"en-GB\",\"potentialAction\":[{\"@type\":\"CommentAction\",\"name\":\"Comment\",\"target\":[\"https:\\\/\\\/cebb.org.br\\\/editar-bolhas-de-realidade\\\/#respond\"]}]},{\"@type\":\"WebPage\",\"@id\":\"https:\\\/\\\/cebb.org.br\\\/editar-bolhas-de-realidade\\\/\",\"url\":\"https:\\\/\\\/cebb.org.br\\\/editar-bolhas-de-realidade\\\/\",\"name\":\"Bolhas de realidade - Centro de Estudos Budistas Bodisatva\",\"isPartOf\":{\"@id\":\"https:\\\/\\\/cebb.org.br\\\/#website\"},\"primaryImageOfPage\":{\"@id\":\"https:\\\/\\\/cebb.org.br\\\/editar-bolhas-de-realidade\\\/#primaryimage\"},\"image\":{\"@id\":\"https:\\\/\\\/cebb.org.br\\\/editar-bolhas-de-realidade\\\/#primaryimage\"},\"thumbnailUrl\":\"https:\\\/\\\/cebb.org.br\\\/wp-content\\\/uploads\\\/2013\\\/01\\\/buddha.jpg\",\"datePublished\":\"2013-02-11T02:14:21+00:00\",\"description\":\"Todos os seres tem a natureza primordial, estamos na mandala primordial, tudo bem, n\u00e3o tem perigo nenhum. A nossa dificuldade \u00e9 que, n\u00f3s constru\u00edmos as bolhas de realidade...\",\"breadcrumb\":{\"@id\":\"https:\\\/\\\/cebb.org.br\\\/editar-bolhas-de-realidade\\\/#breadcrumb\"},\"inLanguage\":\"en-GB\",\"potentialAction\":[{\"@type\":\"ReadAction\",\"target\":[\"https:\\\/\\\/cebb.org.br\\\/editar-bolhas-de-realidade\\\/\"]}]},{\"@type\":\"ImageObject\",\"inLanguage\":\"en-GB\",\"@id\":\"https:\\\/\\\/cebb.org.br\\\/editar-bolhas-de-realidade\\\/#primaryimage\",\"url\":\"https:\\\/\\\/cebb.org.br\\\/wp-content\\\/uploads\\\/2013\\\/01\\\/buddha.jpg\",\"contentUrl\":\"https:\\\/\\\/cebb.org.br\\\/wp-content\\\/uploads\\\/2013\\\/01\\\/buddha.jpg\",\"width\":1600,\"height\":900},{\"@type\":\"BreadcrumbList\",\"@id\":\"https:\\\/\\\/cebb.org.br\\\/editar-bolhas-de-realidade\\\/#breadcrumb\",\"itemListElement\":[{\"@type\":\"ListItem\",\"position\":1,\"name\":\"Home\",\"item\":\"https:\\\/\\\/cebb.org.br\\\/\"},{\"@type\":\"ListItem\",\"position\":2,\"name\":\"Bolhas de realidade\"}]},{\"@type\":\"WebSite\",\"@id\":\"https:\\\/\\\/cebb.org.br\\\/#website\",\"url\":\"https:\\\/\\\/cebb.org.br\\\/\",\"name\":\"Centro de Estudos Budistas Bodisatva\",\"description\":\"Budismo, medita\u00e7\u00e3o e cultura de paz | Lama Padma Samten\",\"publisher\":{\"@id\":\"https:\\\/\\\/cebb.org.br\\\/#organization\"},\"potentialAction\":[{\"@type\":\"SearchAction\",\"target\":{\"@type\":\"EntryPoint\",\"urlTemplate\":\"https:\\\/\\\/cebb.org.br\\\/?s={search_term_string}\"},\"query-input\":{\"@type\":\"PropertyValueSpecification\",\"valueRequired\":true,\"valueName\":\"search_term_string\"}}],\"inLanguage\":\"en-GB\"},{\"@type\":\"Organization\",\"@id\":\"https:\\\/\\\/cebb.org.br\\\/#organization\",\"name\":\"Centro de Estudos Budistas Bodisatva\",\"url\":\"https:\\\/\\\/cebb.org.br\\\/\",\"logo\":{\"@type\":\"ImageObject\",\"inLanguage\":\"en-GB\",\"@id\":\"https:\\\/\\\/cebb.org.br\\\/#\\\/schema\\\/logo\\\/image\\\/\",\"url\":\"http:\\\/\\\/18.230.164.79\\\/wp-content\\\/uploads\\\/2011\\\/03\\\/logosalvador-peq-e1660064979551.jpg\",\"contentUrl\":\"http:\\\/\\\/18.230.164.79\\\/wp-content\\\/uploads\\\/2011\\\/03\\\/logosalvador-peq-e1660064979551.jpg\",\"width\":280,\"height\":231,\"caption\":\"Centro de Estudos Budistas Bodisatva\"},\"image\":{\"@id\":\"https:\\\/\\\/cebb.org.br\\\/#\\\/schema\\\/logo\\\/image\\\/\"},\"sameAs\":[\"https:\\\/\\\/pt-br.facebook.com\\\/cebb108\",\"https:\\\/\\\/www.instagram.com\\\/cebbcaminhodomeio\\\/\"]},{\"@type\":\"Person\",\"@id\":\"\",\"url\":\"https:\\\/\\\/cebb.org.br\\\/en\\\/author\\\/\"}]}<\/script>\n<!-- \/ Yoast SEO plugin. -->","yoast_head_json":{"title":"Bolhas de realidade - Centro de Estudos Budistas Bodisatva","description":"Todos os seres tem a natureza primordial, estamos na mandala primordial, tudo bem, n\u00e3o tem perigo nenhum. A nossa dificuldade \u00e9 que, n\u00f3s constru\u00edmos as bolhas de realidade...","robots":{"index":"index","follow":"follow","max-snippet":"max-snippet:-1","max-image-preview":"max-image-preview:large","max-video-preview":"max-video-preview:-1"},"canonical":"https:\/\/cebb.org.br\/en\/editar-bolhas-de-realidade\/","og_locale":"en_GB","og_type":"article","og_title":"Bolhas de realidade - Centro de Estudos Budistas Bodisatva","og_description":"Todos os seres tem a natureza primordial, estamos na mandala primordial, tudo bem, n\u00e3o tem perigo nenhum. A nossa dificuldade \u00e9 que, n\u00f3s constru\u00edmos as bolhas de realidade...","og_url":"https:\/\/cebb.org.br\/en\/editar-bolhas-de-realidade\/","og_site_name":"Centro de Estudos Budistas Bodisatva","article_publisher":"https:\/\/pt-br.facebook.com\/cebb108","article_published_time":"2013-02-11T02:14:21+00:00","og_image":[{"width":1600,"height":900,"url":"https:\/\/cebb.org.br\/wp-content\/uploads\/2013\/01\/buddha.jpg","type":"image\/jpeg"}],"twitter_card":"summary_large_image","twitter_misc":{"Written by":"","Estimated reading time":"1 minute"},"schema":{"@context":"https:\/\/schema.org","@graph":[{"@type":"Article","@id":"https:\/\/cebb.org.br\/editar-bolhas-de-realidade\/#article","isPartOf":{"@id":"https:\/\/cebb.org.br\/editar-bolhas-de-realidade\/"},"author":{"name":"","@id":""},"headline":"Bolhas de realidade","datePublished":"2013-02-11T02:14:21+00:00","mainEntityOfPage":{"@id":"https:\/\/cebb.org.br\/editar-bolhas-de-realidade\/"},"wordCount":137,"commentCount":0,"publisher":{"@id":"https:\/\/cebb.org.br\/#organization"},"image":{"@id":"https:\/\/cebb.org.br\/editar-bolhas-de-realidade\/#primaryimage"},"thumbnailUrl":"https:\/\/cebb.org.br\/wp-content\/uploads\/2013\/01\/buddha.jpg","articleSection":["Ensinamentos"],"inLanguage":"en-GB","potentialAction":[{"@type":"CommentAction","name":"Comment","target":["https:\/\/cebb.org.br\/editar-bolhas-de-realidade\/#respond"]}]},{"@type":"WebPage","@id":"https:\/\/cebb.org.br\/editar-bolhas-de-realidade\/","url":"https:\/\/cebb.org.br\/editar-bolhas-de-realidade\/","name":"Bolhas de realidade - Centro de Estudos Budistas Bodisatva","isPartOf":{"@id":"https:\/\/cebb.org.br\/#website"},"primaryImageOfPage":{"@id":"https:\/\/cebb.org.br\/editar-bolhas-de-realidade\/#primaryimage"},"image":{"@id":"https:\/\/cebb.org.br\/editar-bolhas-de-realidade\/#primaryimage"},"thumbnailUrl":"https:\/\/cebb.org.br\/wp-content\/uploads\/2013\/01\/buddha.jpg","datePublished":"2013-02-11T02:14:21+00:00","description":"Todos os seres tem a natureza primordial, estamos na mandala primordial, tudo bem, n\u00e3o tem perigo nenhum. A nossa dificuldade \u00e9 que, n\u00f3s constru\u00edmos as bolhas de realidade...","breadcrumb":{"@id":"https:\/\/cebb.org.br\/editar-bolhas-de-realidade\/#breadcrumb"},"inLanguage":"en-GB","potentialAction":[{"@type":"ReadAction","target":["https:\/\/cebb.org.br\/editar-bolhas-de-realidade\/"]}]},{"@type":"ImageObject","inLanguage":"en-GB","@id":"https:\/\/cebb.org.br\/editar-bolhas-de-realidade\/#primaryimage","url":"https:\/\/cebb.org.br\/wp-content\/uploads\/2013\/01\/buddha.jpg","contentUrl":"https:\/\/cebb.org.br\/wp-content\/uploads\/2013\/01\/buddha.jpg","width":1600,"height":900},{"@type":"BreadcrumbList","@id":"https:\/\/cebb.org.br\/editar-bolhas-de-realidade\/#breadcrumb","itemListElement":[{"@type":"ListItem","position":1,"name":"Home","item":"https:\/\/cebb.org.br\/"},{"@type":"ListItem","position":2,"name":"Bolhas de realidade"}]},{"@type":"WebSite","@id":"https:\/\/cebb.org.br\/#website","url":"https:\/\/cebb.org.br\/","name":"Bodhisattva Center for Buddhist Studies","description":"Budismo, medita\u00e7\u00e3o e cultura de paz | Lama Padma Samten","publisher":{"@id":"https:\/\/cebb.org.br\/#organization"},"potentialAction":[{"@type":"SearchAction","target":{"@type":"EntryPoint","urlTemplate":"https:\/\/cebb.org.br\/?s={search_term_string}"},"query-input":{"@type":"PropertyValueSpecification","valueRequired":true,"valueName":"search_term_string"}}],"inLanguage":"en-GB"},{"@type":"Organization","@id":"https:\/\/cebb.org.br\/#organization","name":"Bodhisattva Center for Buddhist Studies","url":"https:\/\/cebb.org.br\/","logo":{"@type":"ImageObject","inLanguage":"en-GB","@id":"https:\/\/cebb.org.br\/#\/schema\/logo\/image\/","url":"http:\/\/18.230.164.79\/wp-content\/uploads\/2011\/03\/logosalvador-peq-e1660064979551.jpg","contentUrl":"http:\/\/18.230.164.79\/wp-content\/uploads\/2011\/03\/logosalvador-peq-e1660064979551.jpg","width":280,"height":231,"caption":"Centro de Estudos Budistas Bodisatva"},"image":{"@id":"https:\/\/cebb.org.br\/#\/schema\/logo\/image\/"},"sameAs":["https:\/\/pt-br.facebook.com\/cebb108","https:\/\/www.instagram.com\/cebbcaminhodomeio\/"]},{"@type":"Person","@id":"","url":"https:\/\/cebb.org.br\/en\/author\/"}]}},"_links":{"self":[{"href":"https:\/\/cebb.org.br\/en\/wp-json\/wp\/v2\/posts\/1784","targetHints":{"allow":["GET"]}}],"collection":[{"href":"https:\/\/cebb.org.br\/en\/wp-json\/wp\/v2\/posts"}],"about":[{"href":"https:\/\/cebb.org.br\/en\/wp-json\/wp\/v2\/types\/post"}],"author":[{"embeddable":true,"href":"https:\/\/cebb.org.br\/en\/wp-json\/wp\/v2\/users\/114"}],"replies":[{"embeddable":true,"href":"https:\/\/cebb.org.br\/en\/wp-json\/wp\/v2\/comments?post=1784"}],"version-history":[{"count":0,"href":"https:\/\/cebb.org.br\/en\/wp-json\/wp\/v2\/posts\/1784\/revisions"}],"wp:featuredmedia":[{"embeddable":true,"href":"https:\/\/cebb.org.br\/en\/wp-json\/wp\/v2\/media\/3222"}],"wp:attachment":[{"href":"https:\/\/cebb.org.br\/en\/wp-json\/wp\/v2\/media?parent=1784"}],"wp:term":[{"taxonomy":"category","embeddable":true,"href":"https:\/\/cebb.org.br\/en\/wp-json\/wp\/v2\/categories?post=1784"},{"taxonomy":"post_tag","embeddable":true,"href":"https:\/\/cebb.org.br\/en\/wp-json\/wp\/v2\/tags?post=1784"}],"curies":[{"name":"wp","href":"https:\/\/api.w.org\/{rel}","templated":true}]}}