{"id":21706,"date":"2026-01-29T22:00:39","date_gmt":"2026-01-30T01:00:39","guid":{"rendered":"http:\/\/www.cebb.org.br\/?p=21706"},"modified":"2026-03-12T11:08:24","modified_gmt":"2026-03-12T14:08:24","slug":"para-abrir-o-coracao","status":"publish","type":"post","link":"https:\/\/cebb.org.br\/en\/para-abrir-o-coracao\/","title":{"rendered":"Para Abrir o Cora\u00e7\u00e3o | CEBB PoA"},"content":{"rendered":"<p><strong>Segundas | 15h \u00e0s 16h30 | presencialmente<\/strong><br \/>\n<!--more--><br \/>\n&nbsp;<\/p>\n<blockquote><p><em>\u201cUm bom cora\u00e7\u00e3o \u00e9 o rem\u00e9dio que cura todos os conflitos, o grande ant\u00eddoto para o ego\u00edsmo e para os problemas dele decorrentes.\u00a0Faz brotar naturalmente a compreens\u00e3o e a compaix\u00e3o; nos torna mais abertos para escutar, mais h\u00e1beis para reconhecer a causa de nossos problemas com as pessoas e como solucion\u00e1-los. \u00c0 medida que o bom cora\u00e7\u00e3o emerge, vemos o florescer da felicidade pessoal e coletiva.\u201d<\/em><br \/>\n<em>\u201cA morte n\u00e3o me amedronta, pois tenho confian\u00e7a em minha pr\u00e1tica espiritual e tenho tentado ajudar os outros o quanto posso. Sei, por experi\u00eancia pr\u00f3pria, que esses ensinamentos beneficiar\u00e3o quem quer que os aplique, n\u00e3o apenas nesta vida, mas no momento da morte e em vidas futuras. Do fundo do cora\u00e7\u00e3o, eu lhe digo: um momento de bondade para com um outro ser ou um ato com inten\u00e7\u00e3o pura valer\u00e3o mais do que toda a riqueza do mundo na hora da morte. Portanto, pratiquem agora, enquanto podem, da maneira mais ampla poss\u00edvel em cada situa\u00e7\u00e3o. Isso realizar\u00e1 o prop\u00f3sito supremo de suas vidas e, na hora da morte, voc\u00ea n\u00e3o sentir\u00e1 remorso.\u201d<\/em><br \/>\nTrecho do livro &#8220;Para abrir o Cora\u00e7\u00e3o&#8221;, de Sua Emin\u00eancia Chagdud Tulku Rinpoche<br \/>\n&nbsp;<\/p><\/blockquote>\n<p><strong>Segundas-feiras<\/strong><br \/>\n<strong>15h \u2013 16h30<\/strong><br \/>\n<strong>estudo do livro <em>Para abrir o Cora\u00e7\u00e3o<\/em>, de Sua Emin\u00eancia Chagdud Tulku Rinpoche<\/strong><\/p>\n<p><strong>Via Zen<\/strong><br \/>\nRua Professor Ivo Corseuil, 169, bairro Petr\u00f3polis, Porto Alegre<\/p>\n<p>N\u00e3o \u00e9 necess\u00e1rio se inscrever.<\/p>\n<p><strong>Facilitadora<\/strong><br \/>\nCristiane Traiber, sob orienta\u00e7\u00e3o de Lama Padma Samten<\/p>\n<p><strong>Contribui\u00e7\u00e3o<\/strong><br \/>\nSinta-se \u00e0 vontade para contribuir da forma que for confort\u00e1vel pra voc\u00ea. Tenha em mente que as contribui\u00e7\u00f5es s\u00e3o a \u00fanica e tradicional forma de sustenta\u00e7\u00e3o dos centros budistas \u2014 oferecer sustento \u00e9 uma pr\u00e1tica direta de compaix\u00e3o e generosidade. Ao contribuir, voc\u00ea apoia a sustenta\u00e7\u00e3o do CEBB Porto Alegre.<\/p>\n<p>Neste <a href=\"https:\/\/cebb.org.br\/en\/cebb-poa-doacoes-e-contato\/\" target=\"_blank\" rel=\"noopener\">link<\/a>, voc\u00ea tem os dados da conta para dep\u00f3sito.<\/p>","protected":false},"excerpt":{"rendered":"<p>Segundas | 15h \u00e0s 16h30 | presencialmente<\/p>","protected":false},"author":97,"featured_media":1473,"comment_status":"closed","ping_status":"open","sticky":false,"template":"","format":"standard","meta":{"footnotes":""},"categories":[404,364],"tags":[],"class_list":["post-21706","post","type-post","status-publish","format-standard","has-post-thumbnail","hentry","category-portoalegre","category-treinamento"],"yoast_head":"<!-- This site is optimized with the Yoast SEO plugin v27.5 - https:\/\/yoast.com\/product\/yoast-seo-wordpress\/ -->\n<title>Para Abrir o Cora\u00e7\u00e3o | CEBB PoA - Centro de Estudos Budistas Bodisatva<\/title>\n<meta name=\"robots\" content=\"index, follow, max-snippet:-1, max-image-preview:large, max-video-preview:-1\" \/>\n<link rel=\"canonical\" href=\"https:\/\/cebb.org.br\/en\/para-abrir-o-coracao\/\" \/>\n<meta property=\"og:locale\" content=\"en_GB\" \/>\n<meta property=\"og:type\" content=\"article\" \/>\n<meta property=\"og:title\" content=\"Para Abrir o Cora\u00e7\u00e3o | CEBB PoA - Centro de Estudos Budistas Bodisatva\" \/>\n<meta property=\"og:description\" content=\"Segundas | 15h \u00e0s 16h30 | presencialmente\" \/>\n<meta property=\"og:url\" content=\"https:\/\/cebb.org.br\/en\/para-abrir-o-coracao\/\" \/>\n<meta property=\"og:site_name\" content=\"Centro de Estudos Budistas Bodisatva\" \/>\n<meta property=\"article:publisher\" content=\"https:\/\/pt-br.facebook.com\/cebb108\" \/>\n<meta property=\"article:published_time\" content=\"2026-01-30T01:00:39+00:00\" \/>\n<meta property=\"article:modified_time\" content=\"2026-03-12T14:08:24+00:00\" \/>\n<meta property=\"og:image\" content=\"https:\/\/cebb.org.br\/wp-content\/uploads\/2008\/12\/chagdud-tulku-rinpoche2-1.png\" \/>\n\t<meta property=\"og:image:width\" content=\"620\" \/>\n\t<meta property=\"og:image:height\" content=\"410\" \/>\n\t<meta property=\"og:image:type\" content=\"image\/png\" \/>\n<meta name=\"author\" content=\"admincebb\" \/>\n<meta name=\"twitter:card\" content=\"summary_large_image\" \/>\n<meta name=\"twitter:label1\" content=\"Written by\" \/>\n\t<meta name=\"twitter:data1\" content=\"admincebb\" \/>\n\t<meta name=\"twitter:label2\" content=\"Estimated reading time\" \/>\n\t<meta name=\"twitter:data2\" content=\"1 minute\" \/>\n<script type=\"application\/ld+json\" class=\"yoast-schema-graph\">{\"@context\":\"https:\\\/\\\/schema.org\",\"@graph\":[{\"@type\":\"Article\",\"@id\":\"https:\\\/\\\/cebb.org.br\\\/para-abrir-o-coracao\\\/#article\",\"isPartOf\":{\"@id\":\"https:\\\/\\\/cebb.org.br\\\/para-abrir-o-coracao\\\/\"},\"author\":{\"name\":\"admincebb\",\"@id\":\"https:\\\/\\\/cebb.org.br\\\/#\\\/schema\\\/person\\\/b3e274b0b565c77848134d6f13b973b9\"},\"headline\":\"Para Abrir o Cora\u00e7\u00e3o | CEBB PoA\",\"datePublished\":\"2026-01-30T01:00:39+00:00\",\"dateModified\":\"2026-03-12T14:08:24+00:00\",\"mainEntityOfPage\":{\"@id\":\"https:\\\/\\\/cebb.org.br\\\/para-abrir-o-coracao\\\/\"},\"wordCount\":341,\"publisher\":{\"@id\":\"https:\\\/\\\/cebb.org.br\\\/#organization\"},\"image\":{\"@id\":\"https:\\\/\\\/cebb.org.br\\\/para-abrir-o-coracao\\\/#primaryimage\"},\"thumbnailUrl\":\"https:\\\/\\\/cebb.org.br\\\/wp-content\\\/uploads\\\/2008\\\/12\\\/chagdud-tulku-rinpoche2-1.png\",\"articleSection\":[\"CEBB Porto Alegre\",\"Treinamento em vis\u00e3o e medita\u00e7\u00e3o\"],\"inLanguage\":\"en-GB\"},{\"@type\":\"WebPage\",\"@id\":\"https:\\\/\\\/cebb.org.br\\\/para-abrir-o-coracao\\\/\",\"url\":\"https:\\\/\\\/cebb.org.br\\\/para-abrir-o-coracao\\\/\",\"name\":\"Para Abrir o Cora\u00e7\u00e3o | CEBB PoA - Centro de Estudos Budistas Bodisatva\",\"isPartOf\":{\"@id\":\"https:\\\/\\\/cebb.org.br\\\/#website\"},\"primaryImageOfPage\":{\"@id\":\"https:\\\/\\\/cebb.org.br\\\/para-abrir-o-coracao\\\/#primaryimage\"},\"image\":{\"@id\":\"https:\\\/\\\/cebb.org.br\\\/para-abrir-o-coracao\\\/#primaryimage\"},\"thumbnailUrl\":\"https:\\\/\\\/cebb.org.br\\\/wp-content\\\/uploads\\\/2008\\\/12\\\/chagdud-tulku-rinpoche2-1.png\",\"datePublished\":\"2026-01-30T01:00:39+00:00\",\"dateModified\":\"2026-03-12T14:08:24+00:00\",\"breadcrumb\":{\"@id\":\"https:\\\/\\\/cebb.org.br\\\/para-abrir-o-coracao\\\/#breadcrumb\"},\"inLanguage\":\"en-GB\",\"potentialAction\":[{\"@type\":\"ReadAction\",\"target\":[\"https:\\\/\\\/cebb.org.br\\\/para-abrir-o-coracao\\\/\"]}]},{\"@type\":\"ImageObject\",\"inLanguage\":\"en-GB\",\"@id\":\"https:\\\/\\\/cebb.org.br\\\/para-abrir-o-coracao\\\/#primaryimage\",\"url\":\"https:\\\/\\\/cebb.org.br\\\/wp-content\\\/uploads\\\/2008\\\/12\\\/chagdud-tulku-rinpoche2-1.png\",\"contentUrl\":\"https:\\\/\\\/cebb.org.br\\\/wp-content\\\/uploads\\\/2008\\\/12\\\/chagdud-tulku-rinpoche2-1.png\",\"width\":620,\"height\":410},{\"@type\":\"BreadcrumbList\",\"@id\":\"https:\\\/\\\/cebb.org.br\\\/para-abrir-o-coracao\\\/#breadcrumb\",\"itemListElement\":[{\"@type\":\"ListItem\",\"position\":1,\"name\":\"Home\",\"item\":\"https:\\\/\\\/cebb.org.br\\\/\"},{\"@type\":\"ListItem\",\"position\":2,\"name\":\"Para Abrir o Cora\u00e7\u00e3o | CEBB PoA\"}]},{\"@type\":\"WebSite\",\"@id\":\"https:\\\/\\\/cebb.org.br\\\/#website\",\"url\":\"https:\\\/\\\/cebb.org.br\\\/\",\"name\":\"Centro de Estudos Budistas Bodisatva\",\"description\":\"Budismo, medita\u00e7\u00e3o e cultura de paz | Lama Padma Samten\",\"publisher\":{\"@id\":\"https:\\\/\\\/cebb.org.br\\\/#organization\"},\"potentialAction\":[{\"@type\":\"SearchAction\",\"target\":{\"@type\":\"EntryPoint\",\"urlTemplate\":\"https:\\\/\\\/cebb.org.br\\\/?s={search_term_string}\"},\"query-input\":{\"@type\":\"PropertyValueSpecification\",\"valueRequired\":true,\"valueName\":\"search_term_string\"}}],\"inLanguage\":\"en-GB\"},{\"@type\":\"Organization\",\"@id\":\"https:\\\/\\\/cebb.org.br\\\/#organization\",\"name\":\"Centro de Estudos Budistas Bodisatva\",\"url\":\"https:\\\/\\\/cebb.org.br\\\/\",\"logo\":{\"@type\":\"ImageObject\",\"inLanguage\":\"en-GB\",\"@id\":\"https:\\\/\\\/cebb.org.br\\\/#\\\/schema\\\/logo\\\/image\\\/\",\"url\":\"http:\\\/\\\/18.230.164.79\\\/wp-content\\\/uploads\\\/2011\\\/03\\\/logosalvador-peq-e1660064979551.jpg\",\"contentUrl\":\"http:\\\/\\\/18.230.164.79\\\/wp-content\\\/uploads\\\/2011\\\/03\\\/logosalvador-peq-e1660064979551.jpg\",\"width\":280,\"height\":231,\"caption\":\"Centro de Estudos Budistas Bodisatva\"},\"image\":{\"@id\":\"https:\\\/\\\/cebb.org.br\\\/#\\\/schema\\\/logo\\\/image\\\/\"},\"sameAs\":[\"https:\\\/\\\/pt-br.facebook.com\\\/cebb108\",\"https:\\\/\\\/www.instagram.com\\\/cebbcaminhodomeio\\\/\"]},{\"@type\":\"Person\",\"@id\":\"https:\\\/\\\/cebb.org.br\\\/#\\\/schema\\\/person\\\/b3e274b0b565c77848134d6f13b973b9\",\"name\":\"admincebb\",\"image\":{\"@type\":\"ImageObject\",\"inLanguage\":\"en-GB\",\"@id\":\"https:\\\/\\\/secure.gravatar.com\\\/avatar\\\/5359476d548defdffdf8d0aa219a355e585f3afdba74733fd236eb023d00f048?s=96&d=mm&r=g\",\"url\":\"https:\\\/\\\/secure.gravatar.com\\\/avatar\\\/5359476d548defdffdf8d0aa219a355e585f3afdba74733fd236eb023d00f048?s=96&d=mm&r=g\",\"contentUrl\":\"https:\\\/\\\/secure.gravatar.com\\\/avatar\\\/5359476d548defdffdf8d0aa219a355e585f3afdba74733fd236eb023d00f048?s=96&d=mm&r=g\",\"caption\":\"admincebb\"},\"url\":\"https:\\\/\\\/cebb.org.br\\\/en\\\/author\\\/admincebb\\\/\"}]}<\/script>\n<!-- \/ Yoast SEO plugin. -->","yoast_head_json":{"title":"Para Abrir o Cora\u00e7\u00e3o | CEBB PoA - Centro de Estudos Budistas Bodisatva","robots":{"index":"index","follow":"follow","max-snippet":"max-snippet:-1","max-image-preview":"max-image-preview:large","max-video-preview":"max-video-preview:-1"},"canonical":"https:\/\/cebb.org.br\/en\/para-abrir-o-coracao\/","og_locale":"en_GB","og_type":"article","og_title":"Para Abrir o Cora\u00e7\u00e3o | CEBB PoA - Centro de Estudos Budistas Bodisatva","og_description":"Segundas | 15h \u00e0s 16h30 | presencialmente","og_url":"https:\/\/cebb.org.br\/en\/para-abrir-o-coracao\/","og_site_name":"Centro de Estudos Budistas Bodisatva","article_publisher":"https:\/\/pt-br.facebook.com\/cebb108","article_published_time":"2026-01-30T01:00:39+00:00","article_modified_time":"2026-03-12T14:08:24+00:00","og_image":[{"width":620,"height":410,"url":"https:\/\/cebb.org.br\/wp-content\/uploads\/2008\/12\/chagdud-tulku-rinpoche2-1.png","type":"image\/png"}],"author":"admincebb","twitter_card":"summary_large_image","twitter_misc":{"Written by":"admincebb","Estimated reading time":"1 minute"},"schema":{"@context":"https:\/\/schema.org","@graph":[{"@type":"Article","@id":"https:\/\/cebb.org.br\/para-abrir-o-coracao\/#article","isPartOf":{"@id":"https:\/\/cebb.org.br\/para-abrir-o-coracao\/"},"author":{"name":"admincebb","@id":"https:\/\/cebb.org.br\/#\/schema\/person\/b3e274b0b565c77848134d6f13b973b9"},"headline":"Para Abrir o Cora\u00e7\u00e3o | CEBB PoA","datePublished":"2026-01-30T01:00:39+00:00","dateModified":"2026-03-12T14:08:24+00:00","mainEntityOfPage":{"@id":"https:\/\/cebb.org.br\/para-abrir-o-coracao\/"},"wordCount":341,"publisher":{"@id":"https:\/\/cebb.org.br\/#organization"},"image":{"@id":"https:\/\/cebb.org.br\/para-abrir-o-coracao\/#primaryimage"},"thumbnailUrl":"https:\/\/cebb.org.br\/wp-content\/uploads\/2008\/12\/chagdud-tulku-rinpoche2-1.png","articleSection":["CEBB Porto Alegre","Treinamento em vis\u00e3o e medita\u00e7\u00e3o"],"inLanguage":"en-GB"},{"@type":"WebPage","@id":"https:\/\/cebb.org.br\/para-abrir-o-coracao\/","url":"https:\/\/cebb.org.br\/para-abrir-o-coracao\/","name":"Para Abrir o Cora\u00e7\u00e3o | CEBB PoA - Centro de Estudos Budistas Bodisatva","isPartOf":{"@id":"https:\/\/cebb.org.br\/#website"},"primaryImageOfPage":{"@id":"https:\/\/cebb.org.br\/para-abrir-o-coracao\/#primaryimage"},"image":{"@id":"https:\/\/cebb.org.br\/para-abrir-o-coracao\/#primaryimage"},"thumbnailUrl":"https:\/\/cebb.org.br\/wp-content\/uploads\/2008\/12\/chagdud-tulku-rinpoche2-1.png","datePublished":"2026-01-30T01:00:39+00:00","dateModified":"2026-03-12T14:08:24+00:00","breadcrumb":{"@id":"https:\/\/cebb.org.br\/para-abrir-o-coracao\/#breadcrumb"},"inLanguage":"en-GB","potentialAction":[{"@type":"ReadAction","target":["https:\/\/cebb.org.br\/para-abrir-o-coracao\/"]}]},{"@type":"ImageObject","inLanguage":"en-GB","@id":"https:\/\/cebb.org.br\/para-abrir-o-coracao\/#primaryimage","url":"https:\/\/cebb.org.br\/wp-content\/uploads\/2008\/12\/chagdud-tulku-rinpoche2-1.png","contentUrl":"https:\/\/cebb.org.br\/wp-content\/uploads\/2008\/12\/chagdud-tulku-rinpoche2-1.png","width":620,"height":410},{"@type":"BreadcrumbList","@id":"https:\/\/cebb.org.br\/para-abrir-o-coracao\/#breadcrumb","itemListElement":[{"@type":"ListItem","position":1,"name":"Home","item":"https:\/\/cebb.org.br\/"},{"@type":"ListItem","position":2,"name":"Para Abrir o Cora\u00e7\u00e3o | CEBB PoA"}]},{"@type":"WebSite","@id":"https:\/\/cebb.org.br\/#website","url":"https:\/\/cebb.org.br\/","name":"Bodhisattva Center for Buddhist Studies","description":"Budismo, medita\u00e7\u00e3o e cultura de paz | Lama Padma Samten","publisher":{"@id":"https:\/\/cebb.org.br\/#organization"},"potentialAction":[{"@type":"SearchAction","target":{"@type":"EntryPoint","urlTemplate":"https:\/\/cebb.org.br\/?s={search_term_string}"},"query-input":{"@type":"PropertyValueSpecification","valueRequired":true,"valueName":"search_term_string"}}],"inLanguage":"en-GB"},{"@type":"Organization","@id":"https:\/\/cebb.org.br\/#organization","name":"Bodhisattva Center for Buddhist Studies","url":"https:\/\/cebb.org.br\/","logo":{"@type":"ImageObject","inLanguage":"en-GB","@id":"https:\/\/cebb.org.br\/#\/schema\/logo\/image\/","url":"http:\/\/18.230.164.79\/wp-content\/uploads\/2011\/03\/logosalvador-peq-e1660064979551.jpg","contentUrl":"http:\/\/18.230.164.79\/wp-content\/uploads\/2011\/03\/logosalvador-peq-e1660064979551.jpg","width":280,"height":231,"caption":"Centro de Estudos Budistas Bodisatva"},"image":{"@id":"https:\/\/cebb.org.br\/#\/schema\/logo\/image\/"},"sameAs":["https:\/\/pt-br.facebook.com\/cebb108","https:\/\/www.instagram.com\/cebbcaminhodomeio\/"]},{"@type":"Person","@id":"https:\/\/cebb.org.br\/#\/schema\/person\/b3e274b0b565c77848134d6f13b973b9","name":"admincebb","image":{"@type":"ImageObject","inLanguage":"en-GB","@id":"https:\/\/secure.gravatar.com\/avatar\/5359476d548defdffdf8d0aa219a355e585f3afdba74733fd236eb023d00f048?s=96&d=mm&r=g","url":"https:\/\/secure.gravatar.com\/avatar\/5359476d548defdffdf8d0aa219a355e585f3afdba74733fd236eb023d00f048?s=96&d=mm&r=g","contentUrl":"https:\/\/secure.gravatar.com\/avatar\/5359476d548defdffdf8d0aa219a355e585f3afdba74733fd236eb023d00f048?s=96&d=mm&r=g","caption":"admincebb"},"url":"https:\/\/cebb.org.br\/en\/author\/admincebb\/"}]}},"_links":{"self":[{"href":"https:\/\/cebb.org.br\/en\/wp-json\/wp\/v2\/posts\/21706","targetHints":{"allow":["GET"]}}],"collection":[{"href":"https:\/\/cebb.org.br\/en\/wp-json\/wp\/v2\/posts"}],"about":[{"href":"https:\/\/cebb.org.br\/en\/wp-json\/wp\/v2\/types\/post"}],"author":[{"embeddable":true,"href":"https:\/\/cebb.org.br\/en\/wp-json\/wp\/v2\/users\/97"}],"replies":[{"embeddable":true,"href":"https:\/\/cebb.org.br\/en\/wp-json\/wp\/v2\/comments?post=21706"}],"version-history":[{"count":3,"href":"https:\/\/cebb.org.br\/en\/wp-json\/wp\/v2\/posts\/21706\/revisions"}],"predecessor-version":[{"id":121151,"href":"https:\/\/cebb.org.br\/en\/wp-json\/wp\/v2\/posts\/21706\/revisions\/121151"}],"wp:featuredmedia":[{"embeddable":true,"href":"https:\/\/cebb.org.br\/en\/wp-json\/wp\/v2\/media\/1473"}],"wp:attachment":[{"href":"https:\/\/cebb.org.br\/en\/wp-json\/wp\/v2\/media?parent=21706"}],"wp:term":[{"taxonomy":"category","embeddable":true,"href":"https:\/\/cebb.org.br\/en\/wp-json\/wp\/v2\/categories?post=21706"},{"taxonomy":"post_tag","embeddable":true,"href":"https:\/\/cebb.org.br\/en\/wp-json\/wp\/v2\/tags?post=21706"}],"curies":[{"name":"wp","href":"https:\/\/api.w.org\/{rel}","templated":true}]}}