{"id":29609,"date":"2016-03-22T17:33:28","date_gmt":"2016-03-22T20:33:28","guid":{"rendered":"http:\/\/www.cebb.org.br\/?p=29609"},"modified":"2024-10-05T16:15:23","modified_gmt":"2024-10-05T19:15:23","slug":"audio-palestra-felicidade-vida-cotidiana-lama-padma-samten","status":"publish","type":"post","link":"https:\/\/cebb.org.br\/en\/audio-palestra-felicidade-vida-cotidiana-lama-padma-samten\/","title":{"rendered":"\u00c1udio da palestra &quot;Felicidade na Vida Cotidiana&quot; &#8211; Lama Padma Samten"},"content":{"rendered":"<p><em>Transmiss\u00e3o p\u00fablica ao vivo da palestra &#8220;Felicidade na Vida Cotidiana&#8221; realizada no audit\u00f3rio do IBQP (Curitiba, PR), em 18 de mar\u00e7o de 2016.<\/em><!--more--><\/p>\n<h3>Transcri\u00e7\u00e3o de um trecho do ensinamento<\/h3>\n<p>&#8220;\u00c9 super importante entender se estamos olhando de dentro da bolha ou de fora da bolha. [&#8230;]\nVoc\u00eas olhem: uau&#8230; vendedor de cachorro quente, vendedor de refrigerante, pessoal da seguran\u00e7a, pessoal da emerg\u00eancia de sa\u00fade, os gandulas&#8230; Tem v\u00e1rios n\u00edveis de realidade ali. Tem os jornalistas, tem os treinadores, tem os olheiros, tem um monte de gente, cada um com suas bolhas.<br \/>\nVoc\u00eas est\u00e3o olhando isso, voc\u00eas n\u00e3o est\u00e3o ali dentro, voc\u00eas n\u00e3o est\u00e3o morrendo ali dentro. Voc\u00eas n\u00e3o fazem parte da popula\u00e7\u00e3o de algum tipo de bolha ali dentro. Voc\u00eas est\u00e3o treinando esse olho que \u00e9 capaz de ver as m\u00faltiplas bolhas. Com isso, voc\u00eas treinam esse lugar livre da pr\u00f3pria bolha.<br \/>\nQual \u00e9 a melhor condi\u00e7\u00e3o para a gente treinar no espa\u00e7o livre das bolhas? O pr\u00f3prio contexto das bolhas. As piores bolhas s\u00e3o as melhores. As piores bolhas s\u00e3o aquelas que nos pegam, nos arrastam, elas s\u00e3o as que nos oferecem um treinamento melhor.&#8221;<br \/>\n\u2014Lama Padma Samten<\/p>\n<h3>Download do \u00e1udio<\/h3>\n<p>Para baixar o MP3, clique abaixo com o bot\u00e3o direito em &#8220;Download&#8221; e selecione &#8220;Salvar destino\/link como&#8230;&#8221;.<br \/>\n[powerpress]\n<h3>V\u00eddeo do ensinamento<\/h3>\n<p><iframe width=\"620\" height=\"315\" src=\"https:\/\/www.youtube.com\/embed\/CNYwLqLUXz8\" frameborder=\"0\" allowfullscreen><\/iframe><\/p>\n","protected":false},"excerpt":{"rendered":"<p>Transmiss\u00e3o p\u00fablica ao vivo da palestra &#8220;Felicidade na Vida Cotidiana&#8221; realizada no audit\u00f3rio do IBQP (Curitiba, PR), em 18 de mar\u00e7o de 2016.<\/p>","protected":false},"author":114,"featured_media":29610,"comment_status":"closed","ping_status":"open","sticky":false,"template":"","format":"standard","meta":{"footnotes":""},"categories":[367,417],"tags":[],"class_list":["post-29609","post","type-post","status-publish","format-standard","has-post-thumbnail","hentry","category-podcast","category-ensinamentos"],"yoast_head":"<!-- This site is optimized with the Yoast SEO plugin v27.5 - https:\/\/yoast.com\/product\/yoast-seo-wordpress\/ -->\n<title>\u00c1udio da palestra &quot;Felicidade na Vida Cotidiana&quot; - Lama Padma Samten - Centro de Estudos Budistas Bodisatva<\/title>\n<meta name=\"description\" content=\"Transmiss\u00e3o p\u00fablica ao vivo da palestra &quot;Felicidade na Vida Cotidiana&quot; realizada no audit\u00f3rio do IBQP (Curitiba, PR), em 18 de mar\u00e7o de 2016.\" \/>\n<meta name=\"robots\" content=\"index, follow, max-snippet:-1, max-image-preview:large, max-video-preview:-1\" \/>\n<link rel=\"canonical\" href=\"https:\/\/cebb.org.br\/en\/audio-palestra-felicidade-vida-cotidiana-lama-padma-samten\/\" \/>\n<meta property=\"og:locale\" content=\"en_GB\" \/>\n<meta property=\"og:type\" content=\"article\" \/>\n<meta property=\"og:title\" content=\"\u00c1udio da palestra &quot;Felicidade na Vida Cotidiana&quot; - Lama Padma Samten - Centro de Estudos Budistas Bodisatva\" \/>\n<meta property=\"og:description\" content=\"Transmiss\u00e3o p\u00fablica ao vivo da palestra &quot;Felicidade na Vida Cotidiana&quot; realizada no audit\u00f3rio do IBQP (Curitiba, PR), em 18 de mar\u00e7o de 2016.\" \/>\n<meta property=\"og:url\" content=\"https:\/\/cebb.org.br\/en\/audio-palestra-felicidade-vida-cotidiana-lama-padma-samten\/\" \/>\n<meta property=\"og:site_name\" content=\"Centro de Estudos Budistas Bodisatva\" \/>\n<meta property=\"article:publisher\" content=\"https:\/\/pt-br.facebook.com\/cebb108\" \/>\n<meta property=\"article:published_time\" content=\"2016-03-22T20:33:28+00:00\" \/>\n<meta property=\"article:modified_time\" content=\"2024-10-05T19:15:23+00:00\" \/>\n<meta property=\"og:image\" content=\"https:\/\/cebb.org.br\/wp-content\/uploads\/2016\/03\/IMG_0549.jpg\" \/>\n\t<meta property=\"og:image:width\" content=\"1073\" \/>\n\t<meta property=\"og:image:height\" content=\"715\" \/>\n\t<meta property=\"og:image:type\" content=\"image\/jpeg\" \/>\n<meta name=\"twitter:card\" content=\"summary_large_image\" \/>\n<meta name=\"twitter:label1\" content=\"Written by\" \/>\n\t<meta name=\"twitter:data1\" content=\"\" \/>\n\t<meta name=\"twitter:label2\" content=\"Estimated reading time\" \/>\n\t<meta name=\"twitter:data2\" content=\"1 minute\" \/>\n<script type=\"application\/ld+json\" class=\"yoast-schema-graph\">{\"@context\":\"https:\\\/\\\/schema.org\",\"@graph\":[{\"@type\":\"Article\",\"@id\":\"https:\\\/\\\/cebb.org.br\\\/audio-palestra-felicidade-vida-cotidiana-lama-padma-samten\\\/#article\",\"isPartOf\":{\"@id\":\"https:\\\/\\\/cebb.org.br\\\/audio-palestra-felicidade-vida-cotidiana-lama-padma-samten\\\/\"},\"author\":{\"name\":\"\",\"@id\":\"\"},\"headline\":\"\u00c1udio da palestra &quot;Felicidade na Vida Cotidiana&quot; &#8211; Lama Padma Samten\",\"datePublished\":\"2016-03-22T20:33:28+00:00\",\"dateModified\":\"2024-10-05T19:15:23+00:00\",\"mainEntityOfPage\":{\"@id\":\"https:\\\/\\\/cebb.org.br\\\/audio-palestra-felicidade-vida-cotidiana-lama-padma-samten\\\/\"},\"wordCount\":256,\"publisher\":{\"@id\":\"https:\\\/\\\/cebb.org.br\\\/#organization\"},\"image\":{\"@id\":\"https:\\\/\\\/cebb.org.br\\\/audio-palestra-felicidade-vida-cotidiana-lama-padma-samten\\\/#primaryimage\"},\"thumbnailUrl\":\"https:\\\/\\\/cebb.org.br\\\/wp-content\\\/uploads\\\/2016\\\/03\\\/IMG_0549.jpg\",\"articleSection\":[\"\u00c1udio\",\"Ensinamentos\"],\"inLanguage\":\"en-GB\"},{\"@type\":\"WebPage\",\"@id\":\"https:\\\/\\\/cebb.org.br\\\/audio-palestra-felicidade-vida-cotidiana-lama-padma-samten\\\/\",\"url\":\"https:\\\/\\\/cebb.org.br\\\/audio-palestra-felicidade-vida-cotidiana-lama-padma-samten\\\/\",\"name\":\"\u00c1udio da palestra &quot;Felicidade na Vida Cotidiana&quot; - Lama Padma Samten - Centro de Estudos Budistas Bodisatva\",\"isPartOf\":{\"@id\":\"https:\\\/\\\/cebb.org.br\\\/#website\"},\"primaryImageOfPage\":{\"@id\":\"https:\\\/\\\/cebb.org.br\\\/audio-palestra-felicidade-vida-cotidiana-lama-padma-samten\\\/#primaryimage\"},\"image\":{\"@id\":\"https:\\\/\\\/cebb.org.br\\\/audio-palestra-felicidade-vida-cotidiana-lama-padma-samten\\\/#primaryimage\"},\"thumbnailUrl\":\"https:\\\/\\\/cebb.org.br\\\/wp-content\\\/uploads\\\/2016\\\/03\\\/IMG_0549.jpg\",\"datePublished\":\"2016-03-22T20:33:28+00:00\",\"dateModified\":\"2024-10-05T19:15:23+00:00\",\"description\":\"Transmiss\u00e3o p\u00fablica ao vivo da palestra \\\"Felicidade na Vida Cotidiana\\\" realizada no audit\u00f3rio do IBQP (Curitiba, PR), em 18 de mar\u00e7o de 2016.\",\"breadcrumb\":{\"@id\":\"https:\\\/\\\/cebb.org.br\\\/audio-palestra-felicidade-vida-cotidiana-lama-padma-samten\\\/#breadcrumb\"},\"inLanguage\":\"en-GB\",\"potentialAction\":[{\"@type\":\"ReadAction\",\"target\":[\"https:\\\/\\\/cebb.org.br\\\/audio-palestra-felicidade-vida-cotidiana-lama-padma-samten\\\/\"]}]},{\"@type\":\"ImageObject\",\"inLanguage\":\"en-GB\",\"@id\":\"https:\\\/\\\/cebb.org.br\\\/audio-palestra-felicidade-vida-cotidiana-lama-padma-samten\\\/#primaryimage\",\"url\":\"https:\\\/\\\/cebb.org.br\\\/wp-content\\\/uploads\\\/2016\\\/03\\\/IMG_0549.jpg\",\"contentUrl\":\"https:\\\/\\\/cebb.org.br\\\/wp-content\\\/uploads\\\/2016\\\/03\\\/IMG_0549.jpg\",\"width\":1073,\"height\":715},{\"@type\":\"BreadcrumbList\",\"@id\":\"https:\\\/\\\/cebb.org.br\\\/audio-palestra-felicidade-vida-cotidiana-lama-padma-samten\\\/#breadcrumb\",\"itemListElement\":[{\"@type\":\"ListItem\",\"position\":1,\"name\":\"Home\",\"item\":\"https:\\\/\\\/cebb.org.br\\\/\"},{\"@type\":\"ListItem\",\"position\":2,\"name\":\"\u00c1udio da palestra &quot;Felicidade na Vida Cotidiana&quot; &#8211; Lama Padma Samten\"}]},{\"@type\":\"WebSite\",\"@id\":\"https:\\\/\\\/cebb.org.br\\\/#website\",\"url\":\"https:\\\/\\\/cebb.org.br\\\/\",\"name\":\"Centro de Estudos Budistas Bodisatva\",\"description\":\"Budismo, medita\u00e7\u00e3o e cultura de paz | Lama Padma Samten\",\"publisher\":{\"@id\":\"https:\\\/\\\/cebb.org.br\\\/#organization\"},\"potentialAction\":[{\"@type\":\"SearchAction\",\"target\":{\"@type\":\"EntryPoint\",\"urlTemplate\":\"https:\\\/\\\/cebb.org.br\\\/?s={search_term_string}\"},\"query-input\":{\"@type\":\"PropertyValueSpecification\",\"valueRequired\":true,\"valueName\":\"search_term_string\"}}],\"inLanguage\":\"en-GB\"},{\"@type\":\"Organization\",\"@id\":\"https:\\\/\\\/cebb.org.br\\\/#organization\",\"name\":\"Centro de Estudos Budistas Bodisatva\",\"url\":\"https:\\\/\\\/cebb.org.br\\\/\",\"logo\":{\"@type\":\"ImageObject\",\"inLanguage\":\"en-GB\",\"@id\":\"https:\\\/\\\/cebb.org.br\\\/#\\\/schema\\\/logo\\\/image\\\/\",\"url\":\"http:\\\/\\\/18.230.164.79\\\/wp-content\\\/uploads\\\/2011\\\/03\\\/logosalvador-peq-e1660064979551.jpg\",\"contentUrl\":\"http:\\\/\\\/18.230.164.79\\\/wp-content\\\/uploads\\\/2011\\\/03\\\/logosalvador-peq-e1660064979551.jpg\",\"width\":280,\"height\":231,\"caption\":\"Centro de Estudos Budistas Bodisatva\"},\"image\":{\"@id\":\"https:\\\/\\\/cebb.org.br\\\/#\\\/schema\\\/logo\\\/image\\\/\"},\"sameAs\":[\"https:\\\/\\\/pt-br.facebook.com\\\/cebb108\",\"https:\\\/\\\/www.instagram.com\\\/cebbcaminhodomeio\\\/\"]},{\"@type\":\"Person\",\"@id\":\"\",\"url\":\"https:\\\/\\\/cebb.org.br\\\/en\\\/author\\\/\"}]}<\/script>\n<!-- \/ Yoast SEO plugin. -->","yoast_head_json":{"title":"\u00c1udio da palestra &quot;Felicidade na Vida Cotidiana&quot; - Lama Padma Samten - Centro de Estudos Budistas Bodisatva","description":"Transmiss\u00e3o p\u00fablica ao vivo da palestra \"Felicidade na Vida Cotidiana\" realizada no audit\u00f3rio do IBQP (Curitiba, PR), em 18 de mar\u00e7o de 2016.","robots":{"index":"index","follow":"follow","max-snippet":"max-snippet:-1","max-image-preview":"max-image-preview:large","max-video-preview":"max-video-preview:-1"},"canonical":"https:\/\/cebb.org.br\/en\/audio-palestra-felicidade-vida-cotidiana-lama-padma-samten\/","og_locale":"en_GB","og_type":"article","og_title":"\u00c1udio da palestra &quot;Felicidade na Vida Cotidiana&quot; - Lama Padma Samten - Centro de Estudos Budistas Bodisatva","og_description":"Transmiss\u00e3o p\u00fablica ao vivo da palestra \"Felicidade na Vida Cotidiana\" realizada no audit\u00f3rio do IBQP (Curitiba, PR), em 18 de mar\u00e7o de 2016.","og_url":"https:\/\/cebb.org.br\/en\/audio-palestra-felicidade-vida-cotidiana-lama-padma-samten\/","og_site_name":"Centro de Estudos Budistas Bodisatva","article_publisher":"https:\/\/pt-br.facebook.com\/cebb108","article_published_time":"2016-03-22T20:33:28+00:00","article_modified_time":"2024-10-05T19:15:23+00:00","og_image":[{"width":1073,"height":715,"url":"https:\/\/cebb.org.br\/wp-content\/uploads\/2016\/03\/IMG_0549.jpg","type":"image\/jpeg"}],"twitter_card":"summary_large_image","twitter_misc":{"Written by":"","Estimated reading time":"1 minute"},"schema":{"@context":"https:\/\/schema.org","@graph":[{"@type":"Article","@id":"https:\/\/cebb.org.br\/audio-palestra-felicidade-vida-cotidiana-lama-padma-samten\/#article","isPartOf":{"@id":"https:\/\/cebb.org.br\/audio-palestra-felicidade-vida-cotidiana-lama-padma-samten\/"},"author":{"name":"","@id":""},"headline":"\u00c1udio da palestra &quot;Felicidade na Vida Cotidiana&quot; &#8211; Lama Padma Samten","datePublished":"2016-03-22T20:33:28+00:00","dateModified":"2024-10-05T19:15:23+00:00","mainEntityOfPage":{"@id":"https:\/\/cebb.org.br\/audio-palestra-felicidade-vida-cotidiana-lama-padma-samten\/"},"wordCount":256,"publisher":{"@id":"https:\/\/cebb.org.br\/#organization"},"image":{"@id":"https:\/\/cebb.org.br\/audio-palestra-felicidade-vida-cotidiana-lama-padma-samten\/#primaryimage"},"thumbnailUrl":"https:\/\/cebb.org.br\/wp-content\/uploads\/2016\/03\/IMG_0549.jpg","articleSection":["\u00c1udio","Ensinamentos"],"inLanguage":"en-GB"},{"@type":"WebPage","@id":"https:\/\/cebb.org.br\/audio-palestra-felicidade-vida-cotidiana-lama-padma-samten\/","url":"https:\/\/cebb.org.br\/audio-palestra-felicidade-vida-cotidiana-lama-padma-samten\/","name":"\u00c1udio da palestra &quot;Felicidade na Vida Cotidiana&quot; - Lama Padma Samten - Centro de Estudos Budistas Bodisatva","isPartOf":{"@id":"https:\/\/cebb.org.br\/#website"},"primaryImageOfPage":{"@id":"https:\/\/cebb.org.br\/audio-palestra-felicidade-vida-cotidiana-lama-padma-samten\/#primaryimage"},"image":{"@id":"https:\/\/cebb.org.br\/audio-palestra-felicidade-vida-cotidiana-lama-padma-samten\/#primaryimage"},"thumbnailUrl":"https:\/\/cebb.org.br\/wp-content\/uploads\/2016\/03\/IMG_0549.jpg","datePublished":"2016-03-22T20:33:28+00:00","dateModified":"2024-10-05T19:15:23+00:00","description":"Transmiss\u00e3o p\u00fablica ao vivo da palestra \"Felicidade na Vida Cotidiana\" realizada no audit\u00f3rio do IBQP (Curitiba, PR), em 18 de mar\u00e7o de 2016.","breadcrumb":{"@id":"https:\/\/cebb.org.br\/audio-palestra-felicidade-vida-cotidiana-lama-padma-samten\/#breadcrumb"},"inLanguage":"en-GB","potentialAction":[{"@type":"ReadAction","target":["https:\/\/cebb.org.br\/audio-palestra-felicidade-vida-cotidiana-lama-padma-samten\/"]}]},{"@type":"ImageObject","inLanguage":"en-GB","@id":"https:\/\/cebb.org.br\/audio-palestra-felicidade-vida-cotidiana-lama-padma-samten\/#primaryimage","url":"https:\/\/cebb.org.br\/wp-content\/uploads\/2016\/03\/IMG_0549.jpg","contentUrl":"https:\/\/cebb.org.br\/wp-content\/uploads\/2016\/03\/IMG_0549.jpg","width":1073,"height":715},{"@type":"BreadcrumbList","@id":"https:\/\/cebb.org.br\/audio-palestra-felicidade-vida-cotidiana-lama-padma-samten\/#breadcrumb","itemListElement":[{"@type":"ListItem","position":1,"name":"Home","item":"https:\/\/cebb.org.br\/"},{"@type":"ListItem","position":2,"name":"\u00c1udio da palestra &quot;Felicidade na Vida Cotidiana&quot; &#8211; Lama Padma Samten"}]},{"@type":"WebSite","@id":"https:\/\/cebb.org.br\/#website","url":"https:\/\/cebb.org.br\/","name":"Bodhisattva Center for Buddhist Studies","description":"Budismo, medita\u00e7\u00e3o e cultura de paz | Lama Padma Samten","publisher":{"@id":"https:\/\/cebb.org.br\/#organization"},"potentialAction":[{"@type":"SearchAction","target":{"@type":"EntryPoint","urlTemplate":"https:\/\/cebb.org.br\/?s={search_term_string}"},"query-input":{"@type":"PropertyValueSpecification","valueRequired":true,"valueName":"search_term_string"}}],"inLanguage":"en-GB"},{"@type":"Organization","@id":"https:\/\/cebb.org.br\/#organization","name":"Bodhisattva Center for Buddhist Studies","url":"https:\/\/cebb.org.br\/","logo":{"@type":"ImageObject","inLanguage":"en-GB","@id":"https:\/\/cebb.org.br\/#\/schema\/logo\/image\/","url":"http:\/\/18.230.164.79\/wp-content\/uploads\/2011\/03\/logosalvador-peq-e1660064979551.jpg","contentUrl":"http:\/\/18.230.164.79\/wp-content\/uploads\/2011\/03\/logosalvador-peq-e1660064979551.jpg","width":280,"height":231,"caption":"Centro de Estudos Budistas Bodisatva"},"image":{"@id":"https:\/\/cebb.org.br\/#\/schema\/logo\/image\/"},"sameAs":["https:\/\/pt-br.facebook.com\/cebb108","https:\/\/www.instagram.com\/cebbcaminhodomeio\/"]},{"@type":"Person","@id":"","url":"https:\/\/cebb.org.br\/en\/author\/"}]}},"_links":{"self":[{"href":"https:\/\/cebb.org.br\/en\/wp-json\/wp\/v2\/posts\/29609","targetHints":{"allow":["GET"]}}],"collection":[{"href":"https:\/\/cebb.org.br\/en\/wp-json\/wp\/v2\/posts"}],"about":[{"href":"https:\/\/cebb.org.br\/en\/wp-json\/wp\/v2\/types\/post"}],"author":[{"embeddable":true,"href":"https:\/\/cebb.org.br\/en\/wp-json\/wp\/v2\/users\/114"}],"replies":[{"embeddable":true,"href":"https:\/\/cebb.org.br\/en\/wp-json\/wp\/v2\/comments?post=29609"}],"version-history":[{"count":1,"href":"https:\/\/cebb.org.br\/en\/wp-json\/wp\/v2\/posts\/29609\/revisions"}],"predecessor-version":[{"id":108507,"href":"https:\/\/cebb.org.br\/en\/wp-json\/wp\/v2\/posts\/29609\/revisions\/108507"}],"wp:featuredmedia":[{"embeddable":true,"href":"https:\/\/cebb.org.br\/en\/wp-json\/wp\/v2\/media\/29610"}],"wp:attachment":[{"href":"https:\/\/cebb.org.br\/en\/wp-json\/wp\/v2\/media?parent=29609"}],"wp:term":[{"taxonomy":"category","embeddable":true,"href":"https:\/\/cebb.org.br\/en\/wp-json\/wp\/v2\/categories?post=29609"},{"taxonomy":"post_tag","embeddable":true,"href":"https:\/\/cebb.org.br\/en\/wp-json\/wp\/v2\/tags?post=29609"}],"curies":[{"name":"wp","href":"https:\/\/api.w.org\/{rel}","templated":true}]}}