{"id":29840,"date":"2016-03-28T16:51:59","date_gmt":"2016-03-28T19:51:59","guid":{"rendered":"http:\/\/www.cebb.org.br\/?p=29840"},"modified":"2024-10-05T16:15:23","modified_gmt":"2024-10-05T19:15:23","slug":"audio-retiro-de-verao-2016-9-pr-4-acoes","status":"publish","type":"post","link":"https:\/\/cebb.org.br\/en\/audio-retiro-de-verao-2016-9-pr-4-acoes\/","title":{"rendered":"\u00c1udio do Retiro de Ver\u00e3o 2016 #9 &#8211; Perguntas e Respostas (causalidade, 4 a\u00e7\u00f5es)"},"content":{"rendered":"<p><em>\u00c1udio dos ensinamentos de Lama Padma Santem no 3\u00ba dia do Retiro de Ver\u00e3o 2016, no CEBB Caminho do Meio (Viam\u00e3o, RS)<\/em><!--more--><\/p>\n<h3>Transcri\u00e7\u00e3o de um trecho do ensinamento<\/h3>\n<p><strong>As quatro formas de a\u00e7\u00e3o<\/strong><br \/>\n&#8220;Em primeiro lugar a pessoa treina a a\u00e7\u00e3o de poder. A\u00e7\u00e3o de poder \u00e9 n\u00e3o se perturbar pela a\u00e7\u00e3o dos outros. A gente gera uma energia aut\u00f4noma, que independe das apar\u00eancias. E a\u00ed como \u00e9 que n\u00f3s vamos ser atingidos? A\u00e7\u00e3o de poder n\u00e3o \u00e9 a capacidade de pegar o pesco\u00e7o do outro, mas \u00e9 a capacidade de, mesmo sendo pego no pesco\u00e7o pelo outro, n\u00e3o se abalar.<br \/>\nDa\u00ed, segunda forma de a\u00e7\u00e3o, a\u00e7\u00e3o pacificadora. Ent\u00e3o por exemplo, diante de situa\u00e7\u00f5es aflitivas, n\u00f3s olhamos e vemos qualidades nos outros. A gente em primeiro lugar n\u00e3o se perturba, em segundo lugar v\u00ea e reconhece qualidades. Porque quando n\u00f3s estamos afetados pelos outros, parece que as qualidades dos outros desaparecem. Ent\u00e3o agora a gente v\u00ea essas qualidades. Isso \u00e9 super importante, \u00e9 um teste se n\u00f3s estamos realmente com a qualidade da a\u00e7\u00e3o de poder ou n\u00e3o. Se a gente tem a qualidade da a\u00e7\u00e3o de poder, se a gente desenvolveu essa habilidade, a gente consegue ver qualidades nos outros. Mesmo nos inimigos.<br \/>\nA\u00ed quando n\u00f3s desenvolvemos essa segunda forma de a\u00e7\u00e3o, vem a terceira, que \u00e9 a a\u00e7\u00e3o incrementadora. Ou seja, a gente olha aquelas qualidades positivas do outro e ajuda ele a se manifestar a partir daquilo. Favorece os meios para que o outro possa se manifestar atrav\u00e9s de qualidades positivas. Essa \u00e9 a terceira forma de a\u00e7\u00e3o.<br \/>\nA\u00ed vem a quarta que \u00e9 a a\u00e7\u00e3o irada. \u00c9 uma a\u00e7\u00e3o compassiva irada. Ela n\u00e3o \u00e9 uma a\u00e7\u00e3o raivosa irada. N\u00e3o \u00e9 uma a\u00e7\u00e3o contra algu\u00e9m. A a\u00e7\u00e3o irada \u00e9 uma a\u00e7\u00e3o a favor de algu\u00e9m. Por exemplo, a pessoa vai fazer uma bobagem e vai causar muitos problemas, ent\u00e3o a gente trata de evitar que ela fa\u00e7a aquilo. \u00c0s vezes a a\u00e7\u00e3o irada \u00e9 suave, \u00e0s vezes ela \u00e9 cheia de energia, isso depende do que \u00e9 necess\u00e1rio. &#8221;<br \/>\n\u2014Lama Padma Santem<\/p>\n<h3>Download do \u00e1udio<\/h3>\n<p>Para baixar o MP3, clique abaixo com o bot\u00e3o direito em &#8220;Download&#8221; e selecione &#8220;Salvar destino\/link como&#8230;&#8221;.<br \/>\n[powerpress]\n<h3>Principais temas<\/h3>\n<p>Vis\u00e3o do budismo sobre a evolu\u00e7\u00e3o das esp\u00e9cies; Terras Puras; quatro a\u00e7\u00f5es; vacuidade; como pacificar relacionamentos dif\u00edceis; o que \u00e9 a mente; seis reinos; por que praticar a\u00e7\u00f5es positivas e acumular m\u00e9ritos; como desconstruir o conceito de alma; causalidade e origina\u00e7\u00e3o dependente; budismo e psican\u00e1lise.<\/p>\n<h3>V\u00eddeo do ensinamento<\/h3>\n<p><iframe width=\"620\" height=\"315\" src=\"https:\/\/www.youtube.com\/embed\/rjfRWYbDC6w?list=PLO_7Zoueaxd5PPHmtuAUCgmdxpTx431ZO\" frameborder=\"0\" allowfullscreen><\/iframe><\/p>\n","protected":false},"excerpt":{"rendered":"<p>\u00c1udio dos ensinamentos de Lama Padma Santem no 3\u00ba dia do Retiro de Ver\u00e3o 2016, no CEBB Caminho do Meio (Viam\u00e3o, RS)<\/p>","protected":false},"author":114,"featured_media":29841,"comment_status":"closed","ping_status":"open","sticky":false,"template":"","format":"standard","meta":{"footnotes":""},"categories":[367,417,364],"tags":[],"class_list":["post-29840","post","type-post","status-publish","format-standard","has-post-thumbnail","hentry","category-podcast","category-ensinamentos","category-treinamento"],"yoast_head":"<!-- This site is optimized with the Yoast SEO plugin v27.5 - https:\/\/yoast.com\/product\/yoast-seo-wordpress\/ -->\n<title>\u00c1udio do Retiro de Ver\u00e3o 2016 #9 - Perguntas e Respostas (causalidade, 4 a\u00e7\u00f5es) - Centro de Estudos Budistas Bodisatva<\/title>\n<meta name=\"robots\" content=\"index, follow, max-snippet:-1, max-image-preview:large, max-video-preview:-1\" \/>\n<link rel=\"canonical\" href=\"https:\/\/cebb.org.br\/en\/audio-retiro-de-verao-2016-9-pr-4-acoes\/\" \/>\n<meta property=\"og:locale\" content=\"en_GB\" \/>\n<meta property=\"og:type\" content=\"article\" \/>\n<meta property=\"og:title\" content=\"\u00c1udio do Retiro de Ver\u00e3o 2016 #9 - Perguntas e Respostas (causalidade, 4 a\u00e7\u00f5es) - Centro de Estudos Budistas Bodisatva\" \/>\n<meta property=\"og:description\" content=\"\u00c1udio dos ensinamentos de Lama Padma Santem no 3\u00ba dia do Retiro de Ver\u00e3o 2016, no CEBB Caminho do Meio (Viam\u00e3o, RS)\" \/>\n<meta property=\"og:url\" content=\"https:\/\/cebb.org.br\/en\/audio-retiro-de-verao-2016-9-pr-4-acoes\/\" \/>\n<meta property=\"og:site_name\" content=\"Centro de Estudos Budistas Bodisatva\" \/>\n<meta property=\"article:publisher\" content=\"https:\/\/pt-br.facebook.com\/cebb108\" \/>\n<meta property=\"article:published_time\" content=\"2016-03-28T19:51:59+00:00\" \/>\n<meta property=\"article:modified_time\" content=\"2024-10-05T19:15:23+00:00\" \/>\n<meta property=\"og:image\" content=\"https:\/\/cebb.org.br\/wp-content\/uploads\/2016\/03\/25413632406_b1b7d8cbaf_z.jpg\" \/>\n\t<meta property=\"og:image:width\" content=\"640\" \/>\n\t<meta property=\"og:image:height\" content=\"427\" \/>\n\t<meta property=\"og:image:type\" content=\"image\/jpeg\" \/>\n<meta name=\"twitter:card\" content=\"summary_large_image\" \/>\n<meta name=\"twitter:label1\" content=\"Written by\" \/>\n\t<meta name=\"twitter:data1\" content=\"\" \/>\n\t<meta name=\"twitter:label2\" content=\"Estimated reading time\" \/>\n\t<meta name=\"twitter:data2\" content=\"2 minutes\" \/>\n<script type=\"application\/ld+json\" class=\"yoast-schema-graph\">{\"@context\":\"https:\\\/\\\/schema.org\",\"@graph\":[{\"@type\":\"Article\",\"@id\":\"https:\\\/\\\/cebb.org.br\\\/audio-retiro-de-verao-2016-9-pr-4-acoes\\\/#article\",\"isPartOf\":{\"@id\":\"https:\\\/\\\/cebb.org.br\\\/audio-retiro-de-verao-2016-9-pr-4-acoes\\\/\"},\"author\":{\"name\":\"\",\"@id\":\"\"},\"headline\":\"\u00c1udio do Retiro de Ver\u00e3o 2016 #9 &#8211; Perguntas e Respostas (causalidade, 4 a\u00e7\u00f5es)\",\"datePublished\":\"2016-03-28T19:51:59+00:00\",\"dateModified\":\"2024-10-05T19:15:23+00:00\",\"mainEntityOfPage\":{\"@id\":\"https:\\\/\\\/cebb.org.br\\\/audio-retiro-de-verao-2016-9-pr-4-acoes\\\/\"},\"wordCount\":468,\"publisher\":{\"@id\":\"https:\\\/\\\/cebb.org.br\\\/#organization\"},\"image\":{\"@id\":\"https:\\\/\\\/cebb.org.br\\\/audio-retiro-de-verao-2016-9-pr-4-acoes\\\/#primaryimage\"},\"thumbnailUrl\":\"https:\\\/\\\/cebb.org.br\\\/wp-content\\\/uploads\\\/2016\\\/03\\\/25413632406_b1b7d8cbaf_z.jpg\",\"articleSection\":[\"\u00c1udio\",\"Ensinamentos\",\"Treinamento em vis\u00e3o e medita\u00e7\u00e3o\"],\"inLanguage\":\"en-GB\"},{\"@type\":\"WebPage\",\"@id\":\"https:\\\/\\\/cebb.org.br\\\/audio-retiro-de-verao-2016-9-pr-4-acoes\\\/\",\"url\":\"https:\\\/\\\/cebb.org.br\\\/audio-retiro-de-verao-2016-9-pr-4-acoes\\\/\",\"name\":\"\u00c1udio do Retiro de Ver\u00e3o 2016 #9 - Perguntas e Respostas (causalidade, 4 a\u00e7\u00f5es) - Centro de Estudos Budistas Bodisatva\",\"isPartOf\":{\"@id\":\"https:\\\/\\\/cebb.org.br\\\/#website\"},\"primaryImageOfPage\":{\"@id\":\"https:\\\/\\\/cebb.org.br\\\/audio-retiro-de-verao-2016-9-pr-4-acoes\\\/#primaryimage\"},\"image\":{\"@id\":\"https:\\\/\\\/cebb.org.br\\\/audio-retiro-de-verao-2016-9-pr-4-acoes\\\/#primaryimage\"},\"thumbnailUrl\":\"https:\\\/\\\/cebb.org.br\\\/wp-content\\\/uploads\\\/2016\\\/03\\\/25413632406_b1b7d8cbaf_z.jpg\",\"datePublished\":\"2016-03-28T19:51:59+00:00\",\"dateModified\":\"2024-10-05T19:15:23+00:00\",\"breadcrumb\":{\"@id\":\"https:\\\/\\\/cebb.org.br\\\/audio-retiro-de-verao-2016-9-pr-4-acoes\\\/#breadcrumb\"},\"inLanguage\":\"en-GB\",\"potentialAction\":[{\"@type\":\"ReadAction\",\"target\":[\"https:\\\/\\\/cebb.org.br\\\/audio-retiro-de-verao-2016-9-pr-4-acoes\\\/\"]}]},{\"@type\":\"ImageObject\",\"inLanguage\":\"en-GB\",\"@id\":\"https:\\\/\\\/cebb.org.br\\\/audio-retiro-de-verao-2016-9-pr-4-acoes\\\/#primaryimage\",\"url\":\"https:\\\/\\\/cebb.org.br\\\/wp-content\\\/uploads\\\/2016\\\/03\\\/25413632406_b1b7d8cbaf_z.jpg\",\"contentUrl\":\"https:\\\/\\\/cebb.org.br\\\/wp-content\\\/uploads\\\/2016\\\/03\\\/25413632406_b1b7d8cbaf_z.jpg\",\"width\":640,\"height\":427},{\"@type\":\"BreadcrumbList\",\"@id\":\"https:\\\/\\\/cebb.org.br\\\/audio-retiro-de-verao-2016-9-pr-4-acoes\\\/#breadcrumb\",\"itemListElement\":[{\"@type\":\"ListItem\",\"position\":1,\"name\":\"Home\",\"item\":\"https:\\\/\\\/cebb.org.br\\\/\"},{\"@type\":\"ListItem\",\"position\":2,\"name\":\"\u00c1udio do Retiro de Ver\u00e3o 2016 #9 &#8211; Perguntas e Respostas (causalidade, 4 a\u00e7\u00f5es)\"}]},{\"@type\":\"WebSite\",\"@id\":\"https:\\\/\\\/cebb.org.br\\\/#website\",\"url\":\"https:\\\/\\\/cebb.org.br\\\/\",\"name\":\"Centro de Estudos Budistas Bodisatva\",\"description\":\"Budismo, medita\u00e7\u00e3o e cultura de paz | Lama Padma Samten\",\"publisher\":{\"@id\":\"https:\\\/\\\/cebb.org.br\\\/#organization\"},\"potentialAction\":[{\"@type\":\"SearchAction\",\"target\":{\"@type\":\"EntryPoint\",\"urlTemplate\":\"https:\\\/\\\/cebb.org.br\\\/?s={search_term_string}\"},\"query-input\":{\"@type\":\"PropertyValueSpecification\",\"valueRequired\":true,\"valueName\":\"search_term_string\"}}],\"inLanguage\":\"en-GB\"},{\"@type\":\"Organization\",\"@id\":\"https:\\\/\\\/cebb.org.br\\\/#organization\",\"name\":\"Centro de Estudos Budistas Bodisatva\",\"url\":\"https:\\\/\\\/cebb.org.br\\\/\",\"logo\":{\"@type\":\"ImageObject\",\"inLanguage\":\"en-GB\",\"@id\":\"https:\\\/\\\/cebb.org.br\\\/#\\\/schema\\\/logo\\\/image\\\/\",\"url\":\"http:\\\/\\\/18.230.164.79\\\/wp-content\\\/uploads\\\/2011\\\/03\\\/logosalvador-peq-e1660064979551.jpg\",\"contentUrl\":\"http:\\\/\\\/18.230.164.79\\\/wp-content\\\/uploads\\\/2011\\\/03\\\/logosalvador-peq-e1660064979551.jpg\",\"width\":280,\"height\":231,\"caption\":\"Centro de Estudos Budistas Bodisatva\"},\"image\":{\"@id\":\"https:\\\/\\\/cebb.org.br\\\/#\\\/schema\\\/logo\\\/image\\\/\"},\"sameAs\":[\"https:\\\/\\\/pt-br.facebook.com\\\/cebb108\",\"https:\\\/\\\/www.instagram.com\\\/cebbcaminhodomeio\\\/\"]},{\"@type\":\"Person\",\"@id\":\"\",\"url\":\"https:\\\/\\\/cebb.org.br\\\/en\\\/author\\\/\"}]}<\/script>\n<!-- \/ Yoast SEO plugin. -->","yoast_head_json":{"title":"\u00c1udio do Retiro de Ver\u00e3o 2016 #9 - Perguntas e Respostas (causalidade, 4 a\u00e7\u00f5es) - Centro de Estudos Budistas Bodisatva","robots":{"index":"index","follow":"follow","max-snippet":"max-snippet:-1","max-image-preview":"max-image-preview:large","max-video-preview":"max-video-preview:-1"},"canonical":"https:\/\/cebb.org.br\/en\/audio-retiro-de-verao-2016-9-pr-4-acoes\/","og_locale":"en_GB","og_type":"article","og_title":"\u00c1udio do Retiro de Ver\u00e3o 2016 #9 - Perguntas e Respostas (causalidade, 4 a\u00e7\u00f5es) - Centro de Estudos Budistas Bodisatva","og_description":"\u00c1udio dos ensinamentos de Lama Padma Santem no 3\u00ba dia do Retiro de Ver\u00e3o 2016, no CEBB Caminho do Meio (Viam\u00e3o, RS)","og_url":"https:\/\/cebb.org.br\/en\/audio-retiro-de-verao-2016-9-pr-4-acoes\/","og_site_name":"Centro de Estudos Budistas Bodisatva","article_publisher":"https:\/\/pt-br.facebook.com\/cebb108","article_published_time":"2016-03-28T19:51:59+00:00","article_modified_time":"2024-10-05T19:15:23+00:00","og_image":[{"width":640,"height":427,"url":"https:\/\/cebb.org.br\/wp-content\/uploads\/2016\/03\/25413632406_b1b7d8cbaf_z.jpg","type":"image\/jpeg"}],"twitter_card":"summary_large_image","twitter_misc":{"Written by":"","Estimated reading time":"2 minutes"},"schema":{"@context":"https:\/\/schema.org","@graph":[{"@type":"Article","@id":"https:\/\/cebb.org.br\/audio-retiro-de-verao-2016-9-pr-4-acoes\/#article","isPartOf":{"@id":"https:\/\/cebb.org.br\/audio-retiro-de-verao-2016-9-pr-4-acoes\/"},"author":{"name":"","@id":""},"headline":"\u00c1udio do Retiro de Ver\u00e3o 2016 #9 &#8211; Perguntas e Respostas (causalidade, 4 a\u00e7\u00f5es)","datePublished":"2016-03-28T19:51:59+00:00","dateModified":"2024-10-05T19:15:23+00:00","mainEntityOfPage":{"@id":"https:\/\/cebb.org.br\/audio-retiro-de-verao-2016-9-pr-4-acoes\/"},"wordCount":468,"publisher":{"@id":"https:\/\/cebb.org.br\/#organization"},"image":{"@id":"https:\/\/cebb.org.br\/audio-retiro-de-verao-2016-9-pr-4-acoes\/#primaryimage"},"thumbnailUrl":"https:\/\/cebb.org.br\/wp-content\/uploads\/2016\/03\/25413632406_b1b7d8cbaf_z.jpg","articleSection":["\u00c1udio","Ensinamentos","Treinamento em vis\u00e3o e medita\u00e7\u00e3o"],"inLanguage":"en-GB"},{"@type":"WebPage","@id":"https:\/\/cebb.org.br\/audio-retiro-de-verao-2016-9-pr-4-acoes\/","url":"https:\/\/cebb.org.br\/audio-retiro-de-verao-2016-9-pr-4-acoes\/","name":"\u00c1udio do Retiro de Ver\u00e3o 2016 #9 - Perguntas e Respostas (causalidade, 4 a\u00e7\u00f5es) - Centro de Estudos Budistas Bodisatva","isPartOf":{"@id":"https:\/\/cebb.org.br\/#website"},"primaryImageOfPage":{"@id":"https:\/\/cebb.org.br\/audio-retiro-de-verao-2016-9-pr-4-acoes\/#primaryimage"},"image":{"@id":"https:\/\/cebb.org.br\/audio-retiro-de-verao-2016-9-pr-4-acoes\/#primaryimage"},"thumbnailUrl":"https:\/\/cebb.org.br\/wp-content\/uploads\/2016\/03\/25413632406_b1b7d8cbaf_z.jpg","datePublished":"2016-03-28T19:51:59+00:00","dateModified":"2024-10-05T19:15:23+00:00","breadcrumb":{"@id":"https:\/\/cebb.org.br\/audio-retiro-de-verao-2016-9-pr-4-acoes\/#breadcrumb"},"inLanguage":"en-GB","potentialAction":[{"@type":"ReadAction","target":["https:\/\/cebb.org.br\/audio-retiro-de-verao-2016-9-pr-4-acoes\/"]}]},{"@type":"ImageObject","inLanguage":"en-GB","@id":"https:\/\/cebb.org.br\/audio-retiro-de-verao-2016-9-pr-4-acoes\/#primaryimage","url":"https:\/\/cebb.org.br\/wp-content\/uploads\/2016\/03\/25413632406_b1b7d8cbaf_z.jpg","contentUrl":"https:\/\/cebb.org.br\/wp-content\/uploads\/2016\/03\/25413632406_b1b7d8cbaf_z.jpg","width":640,"height":427},{"@type":"BreadcrumbList","@id":"https:\/\/cebb.org.br\/audio-retiro-de-verao-2016-9-pr-4-acoes\/#breadcrumb","itemListElement":[{"@type":"ListItem","position":1,"name":"Home","item":"https:\/\/cebb.org.br\/"},{"@type":"ListItem","position":2,"name":"\u00c1udio do Retiro de Ver\u00e3o 2016 #9 &#8211; Perguntas e Respostas (causalidade, 4 a\u00e7\u00f5es)"}]},{"@type":"WebSite","@id":"https:\/\/cebb.org.br\/#website","url":"https:\/\/cebb.org.br\/","name":"Bodhisattva Center for Buddhist Studies","description":"Budismo, medita\u00e7\u00e3o e cultura de paz | Lama Padma Samten","publisher":{"@id":"https:\/\/cebb.org.br\/#organization"},"potentialAction":[{"@type":"SearchAction","target":{"@type":"EntryPoint","urlTemplate":"https:\/\/cebb.org.br\/?s={search_term_string}"},"query-input":{"@type":"PropertyValueSpecification","valueRequired":true,"valueName":"search_term_string"}}],"inLanguage":"en-GB"},{"@type":"Organization","@id":"https:\/\/cebb.org.br\/#organization","name":"Bodhisattva Center for Buddhist Studies","url":"https:\/\/cebb.org.br\/","logo":{"@type":"ImageObject","inLanguage":"en-GB","@id":"https:\/\/cebb.org.br\/#\/schema\/logo\/image\/","url":"http:\/\/18.230.164.79\/wp-content\/uploads\/2011\/03\/logosalvador-peq-e1660064979551.jpg","contentUrl":"http:\/\/18.230.164.79\/wp-content\/uploads\/2011\/03\/logosalvador-peq-e1660064979551.jpg","width":280,"height":231,"caption":"Centro de Estudos Budistas Bodisatva"},"image":{"@id":"https:\/\/cebb.org.br\/#\/schema\/logo\/image\/"},"sameAs":["https:\/\/pt-br.facebook.com\/cebb108","https:\/\/www.instagram.com\/cebbcaminhodomeio\/"]},{"@type":"Person","@id":"","url":"https:\/\/cebb.org.br\/en\/author\/"}]}},"_links":{"self":[{"href":"https:\/\/cebb.org.br\/en\/wp-json\/wp\/v2\/posts\/29840","targetHints":{"allow":["GET"]}}],"collection":[{"href":"https:\/\/cebb.org.br\/en\/wp-json\/wp\/v2\/posts"}],"about":[{"href":"https:\/\/cebb.org.br\/en\/wp-json\/wp\/v2\/types\/post"}],"author":[{"embeddable":true,"href":"https:\/\/cebb.org.br\/en\/wp-json\/wp\/v2\/users\/114"}],"replies":[{"embeddable":true,"href":"https:\/\/cebb.org.br\/en\/wp-json\/wp\/v2\/comments?post=29840"}],"version-history":[{"count":1,"href":"https:\/\/cebb.org.br\/en\/wp-json\/wp\/v2\/posts\/29840\/revisions"}],"predecessor-version":[{"id":108505,"href":"https:\/\/cebb.org.br\/en\/wp-json\/wp\/v2\/posts\/29840\/revisions\/108505"}],"wp:featuredmedia":[{"embeddable":true,"href":"https:\/\/cebb.org.br\/en\/wp-json\/wp\/v2\/media\/29841"}],"wp:attachment":[{"href":"https:\/\/cebb.org.br\/en\/wp-json\/wp\/v2\/media?parent=29840"}],"wp:term":[{"taxonomy":"category","embeddable":true,"href":"https:\/\/cebb.org.br\/en\/wp-json\/wp\/v2\/categories?post=29840"},{"taxonomy":"post_tag","embeddable":true,"href":"https:\/\/cebb.org.br\/en\/wp-json\/wp\/v2\/tags?post=29840"}],"curies":[{"name":"wp","href":"https:\/\/api.w.org\/{rel}","templated":true}]}}