{"id":29919,"date":"2016-03-30T19:42:12","date_gmt":"2016-03-30T22:42:12","guid":{"rendered":"http:\/\/www.cebb.org.br\/?p=29919"},"modified":"2024-10-05T16:15:23","modified_gmt":"2024-10-05T19:15:23","slug":"audio-do-retiro-de-verao-2016-10-controle-de-qualidade-instrucoes-piedosas","status":"publish","type":"post","link":"https:\/\/cebb.org.br\/en\/audio-do-retiro-de-verao-2016-10-controle-de-qualidade-instrucoes-piedosas\/","title":{"rendered":"\u00c1udio do Retiro de Ver\u00e3o 2016 #10 &#8211; Controle de Qualidade, Instru\u00e7\u00f5es Piedosas"},"content":{"rendered":"<p><em>\u00c1udio dos ensinamentos de Lama Padma Santem no 4\u00ba dia do Retiro de Ver\u00e3o 2016, no CEBB Caminho do Meio (Viam\u00e3o, RS)<\/em><!--more--><\/p>\n<h3>Transcri\u00e7\u00e3o de um trecho do ensinamento<\/h3>\n<p><strong>Materialismo espiritual<\/strong><br \/>\n&#8220;A fixa\u00e7\u00e3o \u00e0 identidade dentro do caminho espiritual conduz \u00e0quilo que \u00e9 chamado de materialismo espiritual. Aquilo \u00e9 uma dificuldade porque, por exemplo, a gente senta e apruma a roupa, aquilo tem que ficar bonito, como eu, todo arrumado aqui. A pessoa tem que estar composta, toda arrumada e composta. A pessoa tem uma identidade que est\u00e1 ali.<br \/>\n(&#8230;)<br \/>\n\u00c9 comum voc\u00eas encontrarem grandes mestres que dizem: eu n\u00e3o tenho qualidades. Ent\u00e3o isso est\u00e1 ligado \u00e0 libera\u00e7\u00e3o da identidade. Isso eu tamb\u00e9m ouvi uma vez e me impressionou quando Sogyal Rinpoche estava apresentando Trulshik Rinpoche em uma palestra, em um audit\u00f3rio enorme, tr\u00eas vezes maior do que aqui, um monte de gente, e o Sogyal Rinpoche comovido, lembrando da biografia do Trulshik Rinpoche, que morreu recentemente. E a\u00ed quando Sogyal Rinpoche, que era o tradutor do Trulshik pra voc\u00eas terem uma ideia, terminou de falar, o Trulshik Rinpoche disse: eu n\u00e3o tenho essas qualidades como foi apresentado.<br \/>\nEu confesso pra voc\u00eas que eu fiquei decepcionado, porque se tal mestre que tinha vivido a vida inteira em retiro n\u00e3o tinha essas qualidades, a nossa chance&#8230;e eu pensei: ops, estamos com um problema. A\u00ed ele disse: se \u00e9 que eu tenho alguma qualidade, \u00e9 de conex\u00e3o com a mente do meu guru. E eu pensei: ta a\u00ed o pulo do gato. Claro, esse \u00e9 o ponto. Aquilo n\u00e3o \u00e9 a mente dele, ele n\u00e3o est\u00e1 pensando &#8220;eu sou isso&#8221;, mas ele tem a mente do guru dele.<br \/>\nEnt\u00e3o a gente avan\u00e7a n\u00e3o porque a gente se torna alguma coisa importante, a gente avan\u00e7a porque a gente manifesta uma mente de sabedoria que n\u00e3o \u00e9 de ningu\u00e9m. Esse \u00e9 o ponto. Ent\u00e3o, por exemplo, quando a gente est\u00e1 no caminho, a gente pode escorregar pra dentro do materialismo espiritual. \u00c9 natural tamb\u00e9m que a gente comece dentro da perspectiva autocentrada do materialismo espiritual. &#8220;Eu quero ser isso, eu quero ser aquilo, eu acho importante isso, eu acho importante aquilo, eu progredi, eu t\u00f4 assim, eu t\u00f4 melhor, eu sou mais importante que os outros que est\u00e3o come\u00e7ando&#8221;. Ent\u00e3o a gente pode ter essa vis\u00e3o. Isso \u00e9 materialismo espiritual.<br \/>\nA gente pode competir com o outro tamb\u00e9m e se sentir ofuscado porque tem algu\u00e9m brilhando. Isso \u00e9 materialismo espiritual. A\u00ed a gente precisaria lembrar que, mesmo que algu\u00e9m brilhe muito, isso n\u00e3o importa. Se a pessoa brilha genuinamente, n\u00e3o \u00e9 ela que brilha, \u00e9 o Buda primordial dentro que brilha, n\u00e3o \u00e9 a pessoa, aquilo n\u00e3o s\u00e3o qualidades pessoais. E o fato de algu\u00e9m brilhar n\u00e3o impede que outro brilhe, que outro brilhe. Quanto mais pessoas est\u00e3o brilhando, mais gente vai brilhar. E na verdade n\u00e3o \u00e9 o brilho das pessoas, \u00e9 o brilho da natureza l\u00facida da mente.&#8221;<br \/>\n\u2014Lama Padma Santem<\/p>\n<h3>Download do \u00e1udio<\/h3>\n<p>Para baixar o MP3, clique abaixo com o bot\u00e3o direito em &#8220;Download&#8221; e selecione &#8220;Salvar destino\/link como&#8230;&#8221;.<br \/>\n[powerpress]\n<h3>Principais temas<\/h3>\n<p>Controle de qualidade; autocentramento; Bodichitta; devo\u00e7\u00e3o; guru yoga; energia est\u00e1vel e m\u00e3e Darmata; sabedoria primordial; libera\u00e7\u00e3o da linguagem da identidade; materialismo espiritual; a\u00e7\u00e3o no mundo; ensinamentos que levem at\u00e9 o final do caminho; obst\u00e1culos do corpo; perguntas e respostas.<\/p>\n<h3>V\u00eddeo do ensinamento<\/h3>\n<p><iframe width=\"620\" height=\"315\" src=\"https:\/\/www.youtube.com\/embed\/em6HxYiusS0?list=PLO_7Zoueaxd5PPHmtuAUCgmdxpTx431ZO\" frameborder=\"0\" allowfullscreen><\/iframe><\/p>\n","protected":false},"excerpt":{"rendered":"<p>\u00c1udio dos ensinamentos de Lama Padma Santem no 4\u00ba dia do Retiro de Ver\u00e3o 2016, no CEBB Caminho do Meio (Viam\u00e3o, RS)<\/p>","protected":false},"author":114,"featured_media":29921,"comment_status":"closed","ping_status":"open","sticky":false,"template":"","format":"standard","meta":{"footnotes":""},"categories":[367,417,364],"tags":[],"class_list":["post-29919","post","type-post","status-publish","format-standard","has-post-thumbnail","hentry","category-podcast","category-ensinamentos","category-treinamento"],"yoast_head":"<!-- This site is optimized with the Yoast SEO plugin v27.5 - https:\/\/yoast.com\/product\/yoast-seo-wordpress\/ -->\n<title>\u00c1udio do Retiro de Ver\u00e3o 2016 #10 - Controle de Qualidade, Instru\u00e7\u00f5es Piedosas - Centro de Estudos Budistas Bodisatva<\/title>\n<meta name=\"robots\" content=\"index, follow, max-snippet:-1, max-image-preview:large, max-video-preview:-1\" \/>\n<link rel=\"canonical\" href=\"https:\/\/cebb.org.br\/en\/audio-do-retiro-de-verao-2016-10-controle-de-qualidade-instrucoes-piedosas\/\" \/>\n<meta property=\"og:locale\" content=\"en_GB\" \/>\n<meta property=\"og:type\" content=\"article\" \/>\n<meta property=\"og:title\" content=\"\u00c1udio do Retiro de Ver\u00e3o 2016 #10 - Controle de Qualidade, Instru\u00e7\u00f5es Piedosas - Centro de Estudos Budistas Bodisatva\" \/>\n<meta property=\"og:description\" content=\"\u00c1udio dos ensinamentos de Lama Padma Santem no 4\u00ba dia do Retiro de Ver\u00e3o 2016, no CEBB Caminho do Meio (Viam\u00e3o, RS)\" \/>\n<meta property=\"og:url\" content=\"https:\/\/cebb.org.br\/en\/audio-do-retiro-de-verao-2016-10-controle-de-qualidade-instrucoes-piedosas\/\" \/>\n<meta property=\"og:site_name\" content=\"Centro de Estudos Budistas Bodisatva\" \/>\n<meta property=\"article:publisher\" content=\"https:\/\/pt-br.facebook.com\/cebb108\" \/>\n<meta property=\"article:published_time\" content=\"2016-03-30T22:42:12+00:00\" \/>\n<meta property=\"article:modified_time\" content=\"2024-10-05T19:15:23+00:00\" \/>\n<meta property=\"og:image\" content=\"https:\/\/cebb.org.br\/wp-content\/uploads\/2016\/03\/25346846551_7147fe1069_z.jpg\" \/>\n\t<meta property=\"og:image:width\" content=\"640\" \/>\n\t<meta property=\"og:image:height\" content=\"427\" \/>\n\t<meta property=\"og:image:type\" content=\"image\/jpeg\" \/>\n<meta name=\"twitter:card\" content=\"summary_large_image\" \/>\n<meta name=\"twitter:label1\" content=\"Written by\" \/>\n\t<meta name=\"twitter:data1\" content=\"\" \/>\n\t<meta name=\"twitter:label2\" content=\"Estimated reading time\" \/>\n\t<meta name=\"twitter:data2\" content=\"3 minutes\" \/>\n<script type=\"application\/ld+json\" class=\"yoast-schema-graph\">{\"@context\":\"https:\\\/\\\/schema.org\",\"@graph\":[{\"@type\":\"Article\",\"@id\":\"https:\\\/\\\/cebb.org.br\\\/audio-do-retiro-de-verao-2016-10-controle-de-qualidade-instrucoes-piedosas\\\/#article\",\"isPartOf\":{\"@id\":\"https:\\\/\\\/cebb.org.br\\\/audio-do-retiro-de-verao-2016-10-controle-de-qualidade-instrucoes-piedosas\\\/\"},\"author\":{\"name\":\"\",\"@id\":\"\"},\"headline\":\"\u00c1udio do Retiro de Ver\u00e3o 2016 #10 &#8211; Controle de Qualidade, Instru\u00e7\u00f5es Piedosas\",\"datePublished\":\"2016-03-30T22:42:12+00:00\",\"dateModified\":\"2024-10-05T19:15:23+00:00\",\"mainEntityOfPage\":{\"@id\":\"https:\\\/\\\/cebb.org.br\\\/audio-do-retiro-de-verao-2016-10-controle-de-qualidade-instrucoes-piedosas\\\/\"},\"wordCount\":597,\"publisher\":{\"@id\":\"https:\\\/\\\/cebb.org.br\\\/#organization\"},\"image\":{\"@id\":\"https:\\\/\\\/cebb.org.br\\\/audio-do-retiro-de-verao-2016-10-controle-de-qualidade-instrucoes-piedosas\\\/#primaryimage\"},\"thumbnailUrl\":\"https:\\\/\\\/cebb.org.br\\\/wp-content\\\/uploads\\\/2016\\\/03\\\/25346846551_7147fe1069_z.jpg\",\"articleSection\":[\"\u00c1udio\",\"Ensinamentos\",\"Treinamento em vis\u00e3o e medita\u00e7\u00e3o\"],\"inLanguage\":\"en-GB\"},{\"@type\":\"WebPage\",\"@id\":\"https:\\\/\\\/cebb.org.br\\\/audio-do-retiro-de-verao-2016-10-controle-de-qualidade-instrucoes-piedosas\\\/\",\"url\":\"https:\\\/\\\/cebb.org.br\\\/audio-do-retiro-de-verao-2016-10-controle-de-qualidade-instrucoes-piedosas\\\/\",\"name\":\"\u00c1udio do Retiro de Ver\u00e3o 2016 #10 - Controle de Qualidade, Instru\u00e7\u00f5es Piedosas - Centro de Estudos Budistas Bodisatva\",\"isPartOf\":{\"@id\":\"https:\\\/\\\/cebb.org.br\\\/#website\"},\"primaryImageOfPage\":{\"@id\":\"https:\\\/\\\/cebb.org.br\\\/audio-do-retiro-de-verao-2016-10-controle-de-qualidade-instrucoes-piedosas\\\/#primaryimage\"},\"image\":{\"@id\":\"https:\\\/\\\/cebb.org.br\\\/audio-do-retiro-de-verao-2016-10-controle-de-qualidade-instrucoes-piedosas\\\/#primaryimage\"},\"thumbnailUrl\":\"https:\\\/\\\/cebb.org.br\\\/wp-content\\\/uploads\\\/2016\\\/03\\\/25346846551_7147fe1069_z.jpg\",\"datePublished\":\"2016-03-30T22:42:12+00:00\",\"dateModified\":\"2024-10-05T19:15:23+00:00\",\"breadcrumb\":{\"@id\":\"https:\\\/\\\/cebb.org.br\\\/audio-do-retiro-de-verao-2016-10-controle-de-qualidade-instrucoes-piedosas\\\/#breadcrumb\"},\"inLanguage\":\"en-GB\",\"potentialAction\":[{\"@type\":\"ReadAction\",\"target\":[\"https:\\\/\\\/cebb.org.br\\\/audio-do-retiro-de-verao-2016-10-controle-de-qualidade-instrucoes-piedosas\\\/\"]}]},{\"@type\":\"ImageObject\",\"inLanguage\":\"en-GB\",\"@id\":\"https:\\\/\\\/cebb.org.br\\\/audio-do-retiro-de-verao-2016-10-controle-de-qualidade-instrucoes-piedosas\\\/#primaryimage\",\"url\":\"https:\\\/\\\/cebb.org.br\\\/wp-content\\\/uploads\\\/2016\\\/03\\\/25346846551_7147fe1069_z.jpg\",\"contentUrl\":\"https:\\\/\\\/cebb.org.br\\\/wp-content\\\/uploads\\\/2016\\\/03\\\/25346846551_7147fe1069_z.jpg\",\"width\":640,\"height\":427},{\"@type\":\"BreadcrumbList\",\"@id\":\"https:\\\/\\\/cebb.org.br\\\/audio-do-retiro-de-verao-2016-10-controle-de-qualidade-instrucoes-piedosas\\\/#breadcrumb\",\"itemListElement\":[{\"@type\":\"ListItem\",\"position\":1,\"name\":\"Home\",\"item\":\"https:\\\/\\\/cebb.org.br\\\/\"},{\"@type\":\"ListItem\",\"position\":2,\"name\":\"\u00c1udio do Retiro de Ver\u00e3o 2016 #10 &#8211; Controle de Qualidade, Instru\u00e7\u00f5es Piedosas\"}]},{\"@type\":\"WebSite\",\"@id\":\"https:\\\/\\\/cebb.org.br\\\/#website\",\"url\":\"https:\\\/\\\/cebb.org.br\\\/\",\"name\":\"Centro de Estudos Budistas Bodisatva\",\"description\":\"Budismo, medita\u00e7\u00e3o e cultura de paz | Lama Padma Samten\",\"publisher\":{\"@id\":\"https:\\\/\\\/cebb.org.br\\\/#organization\"},\"potentialAction\":[{\"@type\":\"SearchAction\",\"target\":{\"@type\":\"EntryPoint\",\"urlTemplate\":\"https:\\\/\\\/cebb.org.br\\\/?s={search_term_string}\"},\"query-input\":{\"@type\":\"PropertyValueSpecification\",\"valueRequired\":true,\"valueName\":\"search_term_string\"}}],\"inLanguage\":\"en-GB\"},{\"@type\":\"Organization\",\"@id\":\"https:\\\/\\\/cebb.org.br\\\/#organization\",\"name\":\"Centro de Estudos Budistas Bodisatva\",\"url\":\"https:\\\/\\\/cebb.org.br\\\/\",\"logo\":{\"@type\":\"ImageObject\",\"inLanguage\":\"en-GB\",\"@id\":\"https:\\\/\\\/cebb.org.br\\\/#\\\/schema\\\/logo\\\/image\\\/\",\"url\":\"http:\\\/\\\/18.230.164.79\\\/wp-content\\\/uploads\\\/2011\\\/03\\\/logosalvador-peq-e1660064979551.jpg\",\"contentUrl\":\"http:\\\/\\\/18.230.164.79\\\/wp-content\\\/uploads\\\/2011\\\/03\\\/logosalvador-peq-e1660064979551.jpg\",\"width\":280,\"height\":231,\"caption\":\"Centro de Estudos Budistas Bodisatva\"},\"image\":{\"@id\":\"https:\\\/\\\/cebb.org.br\\\/#\\\/schema\\\/logo\\\/image\\\/\"},\"sameAs\":[\"https:\\\/\\\/pt-br.facebook.com\\\/cebb108\",\"https:\\\/\\\/www.instagram.com\\\/cebbcaminhodomeio\\\/\"]},{\"@type\":\"Person\",\"@id\":\"\",\"url\":\"https:\\\/\\\/cebb.org.br\\\/en\\\/author\\\/\"}]}<\/script>\n<!-- \/ Yoast SEO plugin. -->","yoast_head_json":{"title":"\u00c1udio do Retiro de Ver\u00e3o 2016 #10 - Controle de Qualidade, Instru\u00e7\u00f5es Piedosas - Centro de Estudos Budistas Bodisatva","robots":{"index":"index","follow":"follow","max-snippet":"max-snippet:-1","max-image-preview":"max-image-preview:large","max-video-preview":"max-video-preview:-1"},"canonical":"https:\/\/cebb.org.br\/en\/audio-do-retiro-de-verao-2016-10-controle-de-qualidade-instrucoes-piedosas\/","og_locale":"en_GB","og_type":"article","og_title":"\u00c1udio do Retiro de Ver\u00e3o 2016 #10 - Controle de Qualidade, Instru\u00e7\u00f5es Piedosas - Centro de Estudos Budistas Bodisatva","og_description":"\u00c1udio dos ensinamentos de Lama Padma Santem no 4\u00ba dia do Retiro de Ver\u00e3o 2016, no CEBB Caminho do Meio (Viam\u00e3o, RS)","og_url":"https:\/\/cebb.org.br\/en\/audio-do-retiro-de-verao-2016-10-controle-de-qualidade-instrucoes-piedosas\/","og_site_name":"Centro de Estudos Budistas Bodisatva","article_publisher":"https:\/\/pt-br.facebook.com\/cebb108","article_published_time":"2016-03-30T22:42:12+00:00","article_modified_time":"2024-10-05T19:15:23+00:00","og_image":[{"width":640,"height":427,"url":"https:\/\/cebb.org.br\/wp-content\/uploads\/2016\/03\/25346846551_7147fe1069_z.jpg","type":"image\/jpeg"}],"twitter_card":"summary_large_image","twitter_misc":{"Written by":"","Estimated reading time":"3 minutes"},"schema":{"@context":"https:\/\/schema.org","@graph":[{"@type":"Article","@id":"https:\/\/cebb.org.br\/audio-do-retiro-de-verao-2016-10-controle-de-qualidade-instrucoes-piedosas\/#article","isPartOf":{"@id":"https:\/\/cebb.org.br\/audio-do-retiro-de-verao-2016-10-controle-de-qualidade-instrucoes-piedosas\/"},"author":{"name":"","@id":""},"headline":"\u00c1udio do Retiro de Ver\u00e3o 2016 #10 &#8211; Controle de Qualidade, Instru\u00e7\u00f5es Piedosas","datePublished":"2016-03-30T22:42:12+00:00","dateModified":"2024-10-05T19:15:23+00:00","mainEntityOfPage":{"@id":"https:\/\/cebb.org.br\/audio-do-retiro-de-verao-2016-10-controle-de-qualidade-instrucoes-piedosas\/"},"wordCount":597,"publisher":{"@id":"https:\/\/cebb.org.br\/#organization"},"image":{"@id":"https:\/\/cebb.org.br\/audio-do-retiro-de-verao-2016-10-controle-de-qualidade-instrucoes-piedosas\/#primaryimage"},"thumbnailUrl":"https:\/\/cebb.org.br\/wp-content\/uploads\/2016\/03\/25346846551_7147fe1069_z.jpg","articleSection":["\u00c1udio","Ensinamentos","Treinamento em vis\u00e3o e medita\u00e7\u00e3o"],"inLanguage":"en-GB"},{"@type":"WebPage","@id":"https:\/\/cebb.org.br\/audio-do-retiro-de-verao-2016-10-controle-de-qualidade-instrucoes-piedosas\/","url":"https:\/\/cebb.org.br\/audio-do-retiro-de-verao-2016-10-controle-de-qualidade-instrucoes-piedosas\/","name":"\u00c1udio do Retiro de Ver\u00e3o 2016 #10 - Controle de Qualidade, Instru\u00e7\u00f5es Piedosas - Centro de Estudos Budistas Bodisatva","isPartOf":{"@id":"https:\/\/cebb.org.br\/#website"},"primaryImageOfPage":{"@id":"https:\/\/cebb.org.br\/audio-do-retiro-de-verao-2016-10-controle-de-qualidade-instrucoes-piedosas\/#primaryimage"},"image":{"@id":"https:\/\/cebb.org.br\/audio-do-retiro-de-verao-2016-10-controle-de-qualidade-instrucoes-piedosas\/#primaryimage"},"thumbnailUrl":"https:\/\/cebb.org.br\/wp-content\/uploads\/2016\/03\/25346846551_7147fe1069_z.jpg","datePublished":"2016-03-30T22:42:12+00:00","dateModified":"2024-10-05T19:15:23+00:00","breadcrumb":{"@id":"https:\/\/cebb.org.br\/audio-do-retiro-de-verao-2016-10-controle-de-qualidade-instrucoes-piedosas\/#breadcrumb"},"inLanguage":"en-GB","potentialAction":[{"@type":"ReadAction","target":["https:\/\/cebb.org.br\/audio-do-retiro-de-verao-2016-10-controle-de-qualidade-instrucoes-piedosas\/"]}]},{"@type":"ImageObject","inLanguage":"en-GB","@id":"https:\/\/cebb.org.br\/audio-do-retiro-de-verao-2016-10-controle-de-qualidade-instrucoes-piedosas\/#primaryimage","url":"https:\/\/cebb.org.br\/wp-content\/uploads\/2016\/03\/25346846551_7147fe1069_z.jpg","contentUrl":"https:\/\/cebb.org.br\/wp-content\/uploads\/2016\/03\/25346846551_7147fe1069_z.jpg","width":640,"height":427},{"@type":"BreadcrumbList","@id":"https:\/\/cebb.org.br\/audio-do-retiro-de-verao-2016-10-controle-de-qualidade-instrucoes-piedosas\/#breadcrumb","itemListElement":[{"@type":"ListItem","position":1,"name":"Home","item":"https:\/\/cebb.org.br\/"},{"@type":"ListItem","position":2,"name":"\u00c1udio do Retiro de Ver\u00e3o 2016 #10 &#8211; Controle de Qualidade, Instru\u00e7\u00f5es Piedosas"}]},{"@type":"WebSite","@id":"https:\/\/cebb.org.br\/#website","url":"https:\/\/cebb.org.br\/","name":"Bodhisattva Center for Buddhist Studies","description":"Budismo, medita\u00e7\u00e3o e cultura de paz | Lama Padma Samten","publisher":{"@id":"https:\/\/cebb.org.br\/#organization"},"potentialAction":[{"@type":"SearchAction","target":{"@type":"EntryPoint","urlTemplate":"https:\/\/cebb.org.br\/?s={search_term_string}"},"query-input":{"@type":"PropertyValueSpecification","valueRequired":true,"valueName":"search_term_string"}}],"inLanguage":"en-GB"},{"@type":"Organization","@id":"https:\/\/cebb.org.br\/#organization","name":"Bodhisattva Center for Buddhist Studies","url":"https:\/\/cebb.org.br\/","logo":{"@type":"ImageObject","inLanguage":"en-GB","@id":"https:\/\/cebb.org.br\/#\/schema\/logo\/image\/","url":"http:\/\/18.230.164.79\/wp-content\/uploads\/2011\/03\/logosalvador-peq-e1660064979551.jpg","contentUrl":"http:\/\/18.230.164.79\/wp-content\/uploads\/2011\/03\/logosalvador-peq-e1660064979551.jpg","width":280,"height":231,"caption":"Centro de Estudos Budistas Bodisatva"},"image":{"@id":"https:\/\/cebb.org.br\/#\/schema\/logo\/image\/"},"sameAs":["https:\/\/pt-br.facebook.com\/cebb108","https:\/\/www.instagram.com\/cebbcaminhodomeio\/"]},{"@type":"Person","@id":"","url":"https:\/\/cebb.org.br\/en\/author\/"}]}},"_links":{"self":[{"href":"https:\/\/cebb.org.br\/en\/wp-json\/wp\/v2\/posts\/29919","targetHints":{"allow":["GET"]}}],"collection":[{"href":"https:\/\/cebb.org.br\/en\/wp-json\/wp\/v2\/posts"}],"about":[{"href":"https:\/\/cebb.org.br\/en\/wp-json\/wp\/v2\/types\/post"}],"author":[{"embeddable":true,"href":"https:\/\/cebb.org.br\/en\/wp-json\/wp\/v2\/users\/114"}],"replies":[{"embeddable":true,"href":"https:\/\/cebb.org.br\/en\/wp-json\/wp\/v2\/comments?post=29919"}],"version-history":[{"count":1,"href":"https:\/\/cebb.org.br\/en\/wp-json\/wp\/v2\/posts\/29919\/revisions"}],"predecessor-version":[{"id":108504,"href":"https:\/\/cebb.org.br\/en\/wp-json\/wp\/v2\/posts\/29919\/revisions\/108504"}],"wp:featuredmedia":[{"embeddable":true,"href":"https:\/\/cebb.org.br\/en\/wp-json\/wp\/v2\/media\/29921"}],"wp:attachment":[{"href":"https:\/\/cebb.org.br\/en\/wp-json\/wp\/v2\/media?parent=29919"}],"wp:term":[{"taxonomy":"category","embeddable":true,"href":"https:\/\/cebb.org.br\/en\/wp-json\/wp\/v2\/categories?post=29919"},{"taxonomy":"post_tag","embeddable":true,"href":"https:\/\/cebb.org.br\/en\/wp-json\/wp\/v2\/tags?post=29919"}],"curies":[{"name":"wp","href":"https:\/\/api.w.org\/{rel}","templated":true}]}}