{"id":30122,"date":"2016-04-05T12:10:35","date_gmt":"2016-04-05T15:10:35","guid":{"rendered":"http:\/\/www.cebb.org.br\/?p=30122"},"modified":"2024-10-05T16:15:23","modified_gmt":"2024-10-05T19:15:23","slug":"audio-do-retiro-de-verao-2016-11-sutra-prajna-paramita-vacuidade-bolhas","status":"publish","type":"post","link":"https:\/\/cebb.org.br\/en\/audio-do-retiro-de-verao-2016-11-sutra-prajna-paramita-vacuidade-bolhas\/","title":{"rendered":"\u00c1udio do Retiro de Ver\u00e3o 2016 #11 &#8211; Sutra Prajnaparamita, Vacuidade, Bolhas"},"content":{"rendered":"<p><em>\u00c1udio dos ensinamentos de Lama Padma Santem no 4\u00ba dia do Retiro de Ver\u00e3o 2016, no CEBB Caminho do Meio (Viam\u00e3o, RS)<\/em><!--more--><\/p>\n<h3>Transcri\u00e7\u00e3o de dois trechos do ensinamento<\/h3>\n<p>&#8220;A gente est\u00e1 dentro de uma bolha, depois dentro de outra bolha, dentro de outra bolha, e cada uma delas vai manifestando sabedorias correspondentes. E n\u00f3s somos o qu\u00ea? Se a gente n\u00e3o \u00e9 nenhuma das identidades dentro de cada uma das bolhas, n\u00f3s somos mais ou menos o qu\u00ea? Essa que \u00e9 a quest\u00e3o. Isso \u00e9 super importante, pessoal.<br \/>\nA gente n\u00e3o precisa lutar contra a dispers\u00e3o da mente, a dispers\u00e3o da energia, o saltitar entre as bolhas. A gente precisa da pergunta: se tem esse saltitar entre as bolhas, o que \u00e9 que n\u00e3o saltita? O que se mant\u00e9m enquanto esse &#8220;pular&#8221; se d\u00e1? Porque eu tenho a sensa\u00e7\u00e3o de que sou eu pulando, tem algo dentro pulando, mas o que \u00e9 que n\u00e3o pula quando tudo pula? O que n\u00e3o pula \u00e9 a vacuidade, pessoal.<br \/>\nEssa vacuidade \u00e9 a nossa experi\u00eancia b\u00e1sica, ela \u00e9 que permite eu me manter vivo quando n\u00f3s sa\u00edmos de uma bolha para outra. Tem alguma coisa viva ali, e esse aspecto vivo \u00e9 a vacuidade. A vacuidade \u00e9 que constr\u00f3i a outra realidade, constr\u00f3i as outras conex\u00f5es. Dela brota a sustenta\u00e7\u00e3o e brota a energia das apar\u00eancias que a gente est\u00e1 construindo. N\u00f3s somos isso e precisamos tomar esse ref\u00fagio.<br \/>\nDurante um tempo a gente n\u00e3o percebe, porque a gente entra nas v\u00e1rias bolhas o tempo todo, vamos entrando, entrando, mas n\u00f3s n\u00e3o somos essas bolhas. Ent\u00e3o \u00e9 super importante entender que n\u00f3s n\u00e3o somos essas bolhas. Isso \u00e9 o Prajnaparamita, isso \u00e9 a sabedoria primordial.<br \/>\nN\u00f3s somos iogues da vida cotidiana. Eu acho perfeitamente justo dizer que n\u00f3s somos iogues, sabe? Porque o iogue n\u00e3o precisa estar nas florestas, nem nas montanhas, nem nas \u00e1guas, nem lidar com on\u00e7as. Por exemplo, n\u00e3o falta on\u00e7a nenhuma ao nosso redor, tem uma abund\u00e2ncia. N\u00e3o falta incerteza nos lugares onde n\u00f3s estamos andando, n\u00e3o falta imperman\u00eancia, n\u00e3o faltam conte\u00fados assustadores nos v\u00e1rios ambientes. Essas percep\u00e7\u00f5es n\u00e3o s\u00e3o externas, n\u00e3o \u00e9 o gr\u00e1fico, n\u00e3o \u00e9 a apar\u00eancia grosseira que importa, o que importa s\u00e3o as apar\u00eancias. As apar\u00eancias que nos tocam s\u00e3o essas que n\u00f3s estamos vivendo, ent\u00e3o essa \u00e9 a selva que n\u00f3s estamos vivendo.<br \/>\nNaturalmente, n\u00f3s temos lembran\u00e7as dentro de n\u00f3s de tempos anteriores, onde o mundo era composto desse modo. Ent\u00e3o n\u00f3s vamos lembrar dos rios, das florestas, das montanhas etc, como se a gente precisasse voltar pra isso, mas n\u00e3o falta nenhum desafio de pr\u00e1tica enquanto n\u00f3s estamos aqui no cotidiano. Aqui \u00e9 um lugar onde as on\u00e7as podem aparecer em grupos, pode aparecer on\u00e7a junto com elefante, tudo junto assim, f\u00e1cil. A multiplicidade das apar\u00eancias e das conex\u00f5es que a gente vai desenvolvendo nos permite a compreens\u00e3o de que tem algo al\u00e9m dessa multiplicidade.&#8221;<br \/>\n&#8230;<br \/>\n&#8220;Os bodisatvas n\u00e3o tem nada para atingir. Eles se manifestam atrav\u00e9s da confian\u00e7a na prajnaparamita. Uma vez que n\u00e3o h\u00e1 obscuridades mentais, n\u00e3o h\u00e1 medos. [lendo o Sutra do Cora\u00e7\u00e3o]\nEsse \u00e9 um ponto super interessante. Mesmo que voc\u00eas estejam em crise, voc\u00eas sentam nesse lugar, n\u00e3o h\u00e1 obscuridade mentais. Se n\u00e3o h\u00e1 obscuridades mentais, n\u00e3o tem medos. Da\u00ed a crise terminou. \u00c9 um bom lugar\u2026 A crise some! A crise necessita da fixa\u00e7\u00e3o em referenciais. Podemos ter crise e ansiedade rapidamente por qualquer coisa, at\u00e9 por jogo de futebol, filme&#8230; Est\u00e1 l\u00e1 o filme e voc\u00eas est\u00e3o passando mal. Por qu\u00ea? Porque voc\u00eas est\u00e3o olhando aquilo dentro do referencial que foi introduzido. A mente de voc\u00eas, operando dentro daquele referencial, come\u00e7a a ver os gr\u00e1ficos, as manchas significando coisas. E voc\u00eas est\u00e3o reagindo dentro de um conjunto de referenciais. Aquilo n\u00e3o \u00e9 nada, mas nos deixa ansiosos. [\u2026]\nAquilo \u00e9 um filme, pessoal. Isso \u00e9 o ref\u00fagio no prajnaparamita. N\u00f3s nos refugiamos fora da bolha. N\u00e3o \u00e9 uma habilidade de andar nas bolhas. \u00c9 uma habilidade de ter lucidez fora da bolha, que se derrama sobre a pr\u00f3pria bolha. A maior lucidez diante das apar\u00eancias \u00e9 voc\u00ea poder olhar as apar\u00eancias fora das bolhas e ver como elas aparecem.<br \/>\n\u00c9 muito \u00fatil a no\u00e7\u00e3o de que as formas n\u00e3o s\u00e3o as paredes\u2026 Namorado ou namorada n\u00e3o \u00e9 esse ser que voc\u00ea pode tocar. Se for esse ser, quando voc\u00eas olh\u00e1ssem uma foto n\u00e3o aconteceria nada. Como \u00e9 que voc\u00eas olham a foto e acontece alguma coisa? \u00c9 porque a forma \u00e9 abstrata, \u00e9 luminosidade, \u00e9 uma experi\u00eancia coemergente.\u201d<br \/>\n\u2014Lama Padma Santem<\/p>\n<h3>Download do \u00e1udio<\/h3>\n<p>Para baixar o MP3, clique abaixo com o bot\u00e3o direito em &#8220;Download&#8221; e selecione &#8220;Salvar destino\/link como&#8230;&#8221;.<br \/>\n[powerpress]\n<h3>Principais temas<\/h3>\n<p>Ponto \u00faltimo; m\u00e9todo de Longchempa; Prajnaparamita, Sutra do Cora\u00e7\u00e3o linha a linha; bolhas; transmigra\u00e7\u00e3o; sabedoria primordial e vacuidade; ensinamento de Kuroda Roshi; Genzo Koan do mestre Dogen.<\/p>\n<h3>V\u00eddeo do ensinamento<\/h3>\n<p><iframe width=\"620\" height=\"315\" src=\"https:\/\/www.youtube.com\/embed\/LmB4npaFl2U?list=PLO_7Zoueaxd5PPHmtuAUCgmdxpTx431ZO\" frameborder=\"0\" allowfullscreen><\/iframe><\/p>\n","protected":false},"excerpt":{"rendered":"<p>\u00c1udio dos ensinamentos de Lama Padma Santem no 4\u00ba dia do Retiro de Ver\u00e3o 2016, no CEBB Caminho do Meio (Viam\u00e3o, RS)<\/p>","protected":false},"author":114,"featured_media":30124,"comment_status":"closed","ping_status":"open","sticky":false,"template":"","format":"standard","meta":{"footnotes":""},"categories":[367,417,364],"tags":[],"class_list":["post-30122","post","type-post","status-publish","format-standard","has-post-thumbnail","hentry","category-podcast","category-ensinamentos","category-treinamento"],"yoast_head":"<!-- This site is optimized with the Yoast SEO plugin v27.5 - https:\/\/yoast.com\/product\/yoast-seo-wordpress\/ -->\n<title>\u00c1udio do Retiro de Ver\u00e3o 2016 #11 - Sutra Prajnaparamita, Vacuidade, Bolhas - Centro de Estudos Budistas Bodisatva<\/title>\n<meta name=\"robots\" content=\"index, follow, max-snippet:-1, max-image-preview:large, max-video-preview:-1\" \/>\n<link rel=\"canonical\" href=\"https:\/\/cebb.org.br\/en\/audio-do-retiro-de-verao-2016-11-sutra-prajna-paramita-vacuidade-bolhas\/\" \/>\n<meta property=\"og:locale\" content=\"en_GB\" \/>\n<meta property=\"og:type\" content=\"article\" \/>\n<meta property=\"og:title\" content=\"\u00c1udio do Retiro de Ver\u00e3o 2016 #11 - Sutra Prajnaparamita, Vacuidade, Bolhas - Centro de Estudos Budistas Bodisatva\" \/>\n<meta property=\"og:description\" content=\"\u00c1udio dos ensinamentos de Lama Padma Santem no 4\u00ba dia do Retiro de Ver\u00e3o 2016, no CEBB Caminho do Meio (Viam\u00e3o, RS)\" \/>\n<meta property=\"og:url\" content=\"https:\/\/cebb.org.br\/en\/audio-do-retiro-de-verao-2016-11-sutra-prajna-paramita-vacuidade-bolhas\/\" \/>\n<meta property=\"og:site_name\" content=\"Centro de Estudos Budistas Bodisatva\" \/>\n<meta property=\"article:publisher\" content=\"https:\/\/pt-br.facebook.com\/cebb108\" \/>\n<meta property=\"article:published_time\" content=\"2016-04-05T15:10:35+00:00\" \/>\n<meta property=\"article:modified_time\" content=\"2024-10-05T19:15:23+00:00\" \/>\n<meta property=\"og:image\" content=\"https:\/\/cebb.org.br\/wp-content\/uploads\/2016\/04\/25439786355_61a72073fa_z.jpg\" \/>\n\t<meta property=\"og:image:width\" content=\"640\" \/>\n\t<meta property=\"og:image:height\" content=\"427\" \/>\n\t<meta property=\"og:image:type\" content=\"image\/jpeg\" \/>\n<meta name=\"twitter:card\" content=\"summary_large_image\" \/>\n<meta name=\"twitter:label1\" content=\"Written by\" \/>\n\t<meta name=\"twitter:data1\" content=\"\" \/>\n\t<meta name=\"twitter:label2\" content=\"Estimated reading time\" \/>\n\t<meta name=\"twitter:data2\" content=\"4 minutes\" \/>\n<script type=\"application\/ld+json\" class=\"yoast-schema-graph\">{\"@context\":\"https:\\\/\\\/schema.org\",\"@graph\":[{\"@type\":\"Article\",\"@id\":\"https:\\\/\\\/cebb.org.br\\\/audio-do-retiro-de-verao-2016-11-sutra-prajna-paramita-vacuidade-bolhas\\\/#article\",\"isPartOf\":{\"@id\":\"https:\\\/\\\/cebb.org.br\\\/audio-do-retiro-de-verao-2016-11-sutra-prajna-paramita-vacuidade-bolhas\\\/\"},\"author\":{\"name\":\"\",\"@id\":\"\"},\"headline\":\"\u00c1udio do Retiro de Ver\u00e3o 2016 #11 &#8211; Sutra Prajnaparamita, Vacuidade, Bolhas\",\"datePublished\":\"2016-04-05T15:10:35+00:00\",\"dateModified\":\"2024-10-05T19:15:23+00:00\",\"mainEntityOfPage\":{\"@id\":\"https:\\\/\\\/cebb.org.br\\\/audio-do-retiro-de-verao-2016-11-sutra-prajna-paramita-vacuidade-bolhas\\\/\"},\"wordCount\":902,\"publisher\":{\"@id\":\"https:\\\/\\\/cebb.org.br\\\/#organization\"},\"image\":{\"@id\":\"https:\\\/\\\/cebb.org.br\\\/audio-do-retiro-de-verao-2016-11-sutra-prajna-paramita-vacuidade-bolhas\\\/#primaryimage\"},\"thumbnailUrl\":\"https:\\\/\\\/cebb.org.br\\\/wp-content\\\/uploads\\\/2016\\\/04\\\/25439786355_61a72073fa_z.jpg\",\"articleSection\":[\"\u00c1udio\",\"Ensinamentos\",\"Treinamento em vis\u00e3o e medita\u00e7\u00e3o\"],\"inLanguage\":\"en-GB\"},{\"@type\":\"WebPage\",\"@id\":\"https:\\\/\\\/cebb.org.br\\\/audio-do-retiro-de-verao-2016-11-sutra-prajna-paramita-vacuidade-bolhas\\\/\",\"url\":\"https:\\\/\\\/cebb.org.br\\\/audio-do-retiro-de-verao-2016-11-sutra-prajna-paramita-vacuidade-bolhas\\\/\",\"name\":\"\u00c1udio do Retiro de Ver\u00e3o 2016 #11 - Sutra Prajnaparamita, Vacuidade, Bolhas - Centro de Estudos Budistas Bodisatva\",\"isPartOf\":{\"@id\":\"https:\\\/\\\/cebb.org.br\\\/#website\"},\"primaryImageOfPage\":{\"@id\":\"https:\\\/\\\/cebb.org.br\\\/audio-do-retiro-de-verao-2016-11-sutra-prajna-paramita-vacuidade-bolhas\\\/#primaryimage\"},\"image\":{\"@id\":\"https:\\\/\\\/cebb.org.br\\\/audio-do-retiro-de-verao-2016-11-sutra-prajna-paramita-vacuidade-bolhas\\\/#primaryimage\"},\"thumbnailUrl\":\"https:\\\/\\\/cebb.org.br\\\/wp-content\\\/uploads\\\/2016\\\/04\\\/25439786355_61a72073fa_z.jpg\",\"datePublished\":\"2016-04-05T15:10:35+00:00\",\"dateModified\":\"2024-10-05T19:15:23+00:00\",\"breadcrumb\":{\"@id\":\"https:\\\/\\\/cebb.org.br\\\/audio-do-retiro-de-verao-2016-11-sutra-prajna-paramita-vacuidade-bolhas\\\/#breadcrumb\"},\"inLanguage\":\"en-GB\",\"potentialAction\":[{\"@type\":\"ReadAction\",\"target\":[\"https:\\\/\\\/cebb.org.br\\\/audio-do-retiro-de-verao-2016-11-sutra-prajna-paramita-vacuidade-bolhas\\\/\"]}]},{\"@type\":\"ImageObject\",\"inLanguage\":\"en-GB\",\"@id\":\"https:\\\/\\\/cebb.org.br\\\/audio-do-retiro-de-verao-2016-11-sutra-prajna-paramita-vacuidade-bolhas\\\/#primaryimage\",\"url\":\"https:\\\/\\\/cebb.org.br\\\/wp-content\\\/uploads\\\/2016\\\/04\\\/25439786355_61a72073fa_z.jpg\",\"contentUrl\":\"https:\\\/\\\/cebb.org.br\\\/wp-content\\\/uploads\\\/2016\\\/04\\\/25439786355_61a72073fa_z.jpg\",\"width\":640,\"height\":427},{\"@type\":\"BreadcrumbList\",\"@id\":\"https:\\\/\\\/cebb.org.br\\\/audio-do-retiro-de-verao-2016-11-sutra-prajna-paramita-vacuidade-bolhas\\\/#breadcrumb\",\"itemListElement\":[{\"@type\":\"ListItem\",\"position\":1,\"name\":\"Home\",\"item\":\"https:\\\/\\\/cebb.org.br\\\/\"},{\"@type\":\"ListItem\",\"position\":2,\"name\":\"\u00c1udio do Retiro de Ver\u00e3o 2016 #11 &#8211; Sutra Prajnaparamita, Vacuidade, Bolhas\"}]},{\"@type\":\"WebSite\",\"@id\":\"https:\\\/\\\/cebb.org.br\\\/#website\",\"url\":\"https:\\\/\\\/cebb.org.br\\\/\",\"name\":\"Centro de Estudos Budistas Bodisatva\",\"description\":\"Budismo, medita\u00e7\u00e3o e cultura de paz | Lama Padma Samten\",\"publisher\":{\"@id\":\"https:\\\/\\\/cebb.org.br\\\/#organization\"},\"potentialAction\":[{\"@type\":\"SearchAction\",\"target\":{\"@type\":\"EntryPoint\",\"urlTemplate\":\"https:\\\/\\\/cebb.org.br\\\/?s={search_term_string}\"},\"query-input\":{\"@type\":\"PropertyValueSpecification\",\"valueRequired\":true,\"valueName\":\"search_term_string\"}}],\"inLanguage\":\"en-GB\"},{\"@type\":\"Organization\",\"@id\":\"https:\\\/\\\/cebb.org.br\\\/#organization\",\"name\":\"Centro de Estudos Budistas Bodisatva\",\"url\":\"https:\\\/\\\/cebb.org.br\\\/\",\"logo\":{\"@type\":\"ImageObject\",\"inLanguage\":\"en-GB\",\"@id\":\"https:\\\/\\\/cebb.org.br\\\/#\\\/schema\\\/logo\\\/image\\\/\",\"url\":\"http:\\\/\\\/18.230.164.79\\\/wp-content\\\/uploads\\\/2011\\\/03\\\/logosalvador-peq-e1660064979551.jpg\",\"contentUrl\":\"http:\\\/\\\/18.230.164.79\\\/wp-content\\\/uploads\\\/2011\\\/03\\\/logosalvador-peq-e1660064979551.jpg\",\"width\":280,\"height\":231,\"caption\":\"Centro de Estudos Budistas Bodisatva\"},\"image\":{\"@id\":\"https:\\\/\\\/cebb.org.br\\\/#\\\/schema\\\/logo\\\/image\\\/\"},\"sameAs\":[\"https:\\\/\\\/pt-br.facebook.com\\\/cebb108\",\"https:\\\/\\\/www.instagram.com\\\/cebbcaminhodomeio\\\/\"]},{\"@type\":\"Person\",\"@id\":\"\",\"url\":\"https:\\\/\\\/cebb.org.br\\\/en\\\/author\\\/\"}]}<\/script>\n<!-- \/ Yoast SEO plugin. -->","yoast_head_json":{"title":"\u00c1udio do Retiro de Ver\u00e3o 2016 #11 - Sutra Prajnaparamita, Vacuidade, Bolhas - Centro de Estudos Budistas Bodisatva","robots":{"index":"index","follow":"follow","max-snippet":"max-snippet:-1","max-image-preview":"max-image-preview:large","max-video-preview":"max-video-preview:-1"},"canonical":"https:\/\/cebb.org.br\/en\/audio-do-retiro-de-verao-2016-11-sutra-prajna-paramita-vacuidade-bolhas\/","og_locale":"en_GB","og_type":"article","og_title":"\u00c1udio do Retiro de Ver\u00e3o 2016 #11 - Sutra Prajnaparamita, Vacuidade, Bolhas - Centro de Estudos Budistas Bodisatva","og_description":"\u00c1udio dos ensinamentos de Lama Padma Santem no 4\u00ba dia do Retiro de Ver\u00e3o 2016, no CEBB Caminho do Meio (Viam\u00e3o, RS)","og_url":"https:\/\/cebb.org.br\/en\/audio-do-retiro-de-verao-2016-11-sutra-prajna-paramita-vacuidade-bolhas\/","og_site_name":"Centro de Estudos Budistas Bodisatva","article_publisher":"https:\/\/pt-br.facebook.com\/cebb108","article_published_time":"2016-04-05T15:10:35+00:00","article_modified_time":"2024-10-05T19:15:23+00:00","og_image":[{"width":640,"height":427,"url":"https:\/\/cebb.org.br\/wp-content\/uploads\/2016\/04\/25439786355_61a72073fa_z.jpg","type":"image\/jpeg"}],"twitter_card":"summary_large_image","twitter_misc":{"Written by":"","Estimated reading time":"4 minutes"},"schema":{"@context":"https:\/\/schema.org","@graph":[{"@type":"Article","@id":"https:\/\/cebb.org.br\/audio-do-retiro-de-verao-2016-11-sutra-prajna-paramita-vacuidade-bolhas\/#article","isPartOf":{"@id":"https:\/\/cebb.org.br\/audio-do-retiro-de-verao-2016-11-sutra-prajna-paramita-vacuidade-bolhas\/"},"author":{"name":"","@id":""},"headline":"\u00c1udio do Retiro de Ver\u00e3o 2016 #11 &#8211; Sutra Prajnaparamita, Vacuidade, Bolhas","datePublished":"2016-04-05T15:10:35+00:00","dateModified":"2024-10-05T19:15:23+00:00","mainEntityOfPage":{"@id":"https:\/\/cebb.org.br\/audio-do-retiro-de-verao-2016-11-sutra-prajna-paramita-vacuidade-bolhas\/"},"wordCount":902,"publisher":{"@id":"https:\/\/cebb.org.br\/#organization"},"image":{"@id":"https:\/\/cebb.org.br\/audio-do-retiro-de-verao-2016-11-sutra-prajna-paramita-vacuidade-bolhas\/#primaryimage"},"thumbnailUrl":"https:\/\/cebb.org.br\/wp-content\/uploads\/2016\/04\/25439786355_61a72073fa_z.jpg","articleSection":["\u00c1udio","Ensinamentos","Treinamento em vis\u00e3o e medita\u00e7\u00e3o"],"inLanguage":"en-GB"},{"@type":"WebPage","@id":"https:\/\/cebb.org.br\/audio-do-retiro-de-verao-2016-11-sutra-prajna-paramita-vacuidade-bolhas\/","url":"https:\/\/cebb.org.br\/audio-do-retiro-de-verao-2016-11-sutra-prajna-paramita-vacuidade-bolhas\/","name":"\u00c1udio do Retiro de Ver\u00e3o 2016 #11 - Sutra Prajnaparamita, Vacuidade, Bolhas - Centro de Estudos Budistas Bodisatva","isPartOf":{"@id":"https:\/\/cebb.org.br\/#website"},"primaryImageOfPage":{"@id":"https:\/\/cebb.org.br\/audio-do-retiro-de-verao-2016-11-sutra-prajna-paramita-vacuidade-bolhas\/#primaryimage"},"image":{"@id":"https:\/\/cebb.org.br\/audio-do-retiro-de-verao-2016-11-sutra-prajna-paramita-vacuidade-bolhas\/#primaryimage"},"thumbnailUrl":"https:\/\/cebb.org.br\/wp-content\/uploads\/2016\/04\/25439786355_61a72073fa_z.jpg","datePublished":"2016-04-05T15:10:35+00:00","dateModified":"2024-10-05T19:15:23+00:00","breadcrumb":{"@id":"https:\/\/cebb.org.br\/audio-do-retiro-de-verao-2016-11-sutra-prajna-paramita-vacuidade-bolhas\/#breadcrumb"},"inLanguage":"en-GB","potentialAction":[{"@type":"ReadAction","target":["https:\/\/cebb.org.br\/audio-do-retiro-de-verao-2016-11-sutra-prajna-paramita-vacuidade-bolhas\/"]}]},{"@type":"ImageObject","inLanguage":"en-GB","@id":"https:\/\/cebb.org.br\/audio-do-retiro-de-verao-2016-11-sutra-prajna-paramita-vacuidade-bolhas\/#primaryimage","url":"https:\/\/cebb.org.br\/wp-content\/uploads\/2016\/04\/25439786355_61a72073fa_z.jpg","contentUrl":"https:\/\/cebb.org.br\/wp-content\/uploads\/2016\/04\/25439786355_61a72073fa_z.jpg","width":640,"height":427},{"@type":"BreadcrumbList","@id":"https:\/\/cebb.org.br\/audio-do-retiro-de-verao-2016-11-sutra-prajna-paramita-vacuidade-bolhas\/#breadcrumb","itemListElement":[{"@type":"ListItem","position":1,"name":"Home","item":"https:\/\/cebb.org.br\/"},{"@type":"ListItem","position":2,"name":"\u00c1udio do Retiro de Ver\u00e3o 2016 #11 &#8211; Sutra Prajnaparamita, Vacuidade, Bolhas"}]},{"@type":"WebSite","@id":"https:\/\/cebb.org.br\/#website","url":"https:\/\/cebb.org.br\/","name":"Bodhisattva Center for Buddhist Studies","description":"Budismo, medita\u00e7\u00e3o e cultura de paz | Lama Padma Samten","publisher":{"@id":"https:\/\/cebb.org.br\/#organization"},"potentialAction":[{"@type":"SearchAction","target":{"@type":"EntryPoint","urlTemplate":"https:\/\/cebb.org.br\/?s={search_term_string}"},"query-input":{"@type":"PropertyValueSpecification","valueRequired":true,"valueName":"search_term_string"}}],"inLanguage":"en-GB"},{"@type":"Organization","@id":"https:\/\/cebb.org.br\/#organization","name":"Bodhisattva Center for Buddhist Studies","url":"https:\/\/cebb.org.br\/","logo":{"@type":"ImageObject","inLanguage":"en-GB","@id":"https:\/\/cebb.org.br\/#\/schema\/logo\/image\/","url":"http:\/\/18.230.164.79\/wp-content\/uploads\/2011\/03\/logosalvador-peq-e1660064979551.jpg","contentUrl":"http:\/\/18.230.164.79\/wp-content\/uploads\/2011\/03\/logosalvador-peq-e1660064979551.jpg","width":280,"height":231,"caption":"Centro de Estudos Budistas Bodisatva"},"image":{"@id":"https:\/\/cebb.org.br\/#\/schema\/logo\/image\/"},"sameAs":["https:\/\/pt-br.facebook.com\/cebb108","https:\/\/www.instagram.com\/cebbcaminhodomeio\/"]},{"@type":"Person","@id":"","url":"https:\/\/cebb.org.br\/en\/author\/"}]}},"_links":{"self":[{"href":"https:\/\/cebb.org.br\/en\/wp-json\/wp\/v2\/posts\/30122","targetHints":{"allow":["GET"]}}],"collection":[{"href":"https:\/\/cebb.org.br\/en\/wp-json\/wp\/v2\/posts"}],"about":[{"href":"https:\/\/cebb.org.br\/en\/wp-json\/wp\/v2\/types\/post"}],"author":[{"embeddable":true,"href":"https:\/\/cebb.org.br\/en\/wp-json\/wp\/v2\/users\/114"}],"replies":[{"embeddable":true,"href":"https:\/\/cebb.org.br\/en\/wp-json\/wp\/v2\/comments?post=30122"}],"version-history":[{"count":1,"href":"https:\/\/cebb.org.br\/en\/wp-json\/wp\/v2\/posts\/30122\/revisions"}],"predecessor-version":[{"id":108503,"href":"https:\/\/cebb.org.br\/en\/wp-json\/wp\/v2\/posts\/30122\/revisions\/108503"}],"wp:featuredmedia":[{"embeddable":true,"href":"https:\/\/cebb.org.br\/en\/wp-json\/wp\/v2\/media\/30124"}],"wp:attachment":[{"href":"https:\/\/cebb.org.br\/en\/wp-json\/wp\/v2\/media?parent=30122"}],"wp:term":[{"taxonomy":"category","embeddable":true,"href":"https:\/\/cebb.org.br\/en\/wp-json\/wp\/v2\/categories?post=30122"},{"taxonomy":"post_tag","embeddable":true,"href":"https:\/\/cebb.org.br\/en\/wp-json\/wp\/v2\/tags?post=30122"}],"curies":[{"name":"wp","href":"https:\/\/api.w.org\/{rel}","templated":true}]}}