{"id":30476,"date":"2016-04-12T11:48:57","date_gmt":"2016-04-12T14:48:57","guid":{"rendered":"http:\/\/www.cebb.org.br\/?p=30476"},"modified":"2024-10-05T16:15:23","modified_gmt":"2024-10-05T19:15:23","slug":"audio-do-retiro-de-verao-2016-12-formas-de-apresentacao-da-natureza-primordial","status":"publish","type":"post","link":"https:\/\/cebb.org.br\/en\/audio-do-retiro-de-verao-2016-12-formas-de-apresentacao-da-natureza-primordial\/","title":{"rendered":"\u00c1udio do Retiro de Ver\u00e3o 2016 #12 &#8211; Formas de Apresenta\u00e7\u00e3o da Natureza Primordial"},"content":{"rendered":"<p><em>\u00c1udio dos ensinamentos de Lama Padma Santem no 5\u00ba dia do Retiro de Ver\u00e3o 2016, no CEBB Caminho do Meio (Viam\u00e3o, RS)<\/em><!--more--><\/p>\n<h3>Transcri\u00e7\u00e3o de um trecho do ensinamento<\/h3>\n<p>&#8220;(&#8230;) Eu posso ver como eu estou construindo realidades e naturalmente sustentando essas realidades, isso \u00e9 super \u00fatil. Por que? Porque, por exemplo, quando n\u00f3s estamos no sonho, \u00e0 noite, a gente n\u00e3o tem a sensa\u00e7\u00e3o de ser a mesma pessoa do estado acordado. N\u00f3s estamos em um outro ambiente, \u00e9 uma outra coisa. E a gente pode perguntar: o que \u00e9 que se preserva quando a gente anda em dire\u00e7\u00e3o ao sonho ou quando a gente volta do sonho? Ent\u00e3o a gente vai reconhecer que o que se preserva \u00e9 a mente luminosa que constr\u00f3i apar\u00eancias e sustenta apar\u00eancias, por exemplo. Ela se mant\u00e9m.<br \/>\n\u00c9 a mesma mente silenciosa que est\u00e1 fora das bolhas, essa se preserva. Isso pra n\u00f3s \u00e9 crucial, pessoal, porque n\u00f3s estamos querendo ver o que se propaga al\u00e9m dos bardos, incluindo a morte. A\u00ed depois n\u00f3s olhamos na medita\u00e7\u00e3o, olhamos as m\u00faltiplas bolhas, o que \u00e9 que se propaga? N\u00e3o s\u00e3o as apar\u00eancias. Mas \u00e9 o fato de que em cada circunst\u00e2ncia, em cada bolha e em cada transmigra\u00e7\u00e3o, desde sempre, o que se sustenta \u00e9 o sil\u00eancio que est\u00e1 al\u00e9m das constru\u00e7\u00f5es. Porque as constru\u00e7\u00f5es da mente fundamental voc\u00eas v\u00e3o mudando, quando eu estou em diferentes regi\u00f5es de Alaya Vijnana aquilo \u00e9 diferente, mas a mente primordial, aquilo segue.<br \/>\nE da mente primordial brota energia, como surge dentro dos sonhos tamb\u00e9m, brota luminosidade, que produz as apar\u00eancias, e brota uma sustenta\u00e7\u00e3o natural. Qualquer experi\u00eancia nossa, qualquer bardo, qualquer transmigra\u00e7\u00e3o, mant\u00e9m esses elementos. A\u00ed n\u00f3s vamos dizer: esse \u00e9 o aspecto mais profundo em n\u00f3s. Os aspectos mais profundos n\u00e3o s\u00e3o as identidades que entram em crise, n\u00e3o s\u00e3o os ambientes, n\u00e3o s\u00e3o as fixa\u00e7\u00f5es, nada disso. Na verdade eu to procurando aquilo que se mant\u00e9m mesmo em qualquer circunst\u00e2ncia de transmigra\u00e7\u00e3o ou bardo. Baseado nessa localiza\u00e7\u00e3o, que \u00e9 especialmente Dharmakaya, que seria o sil\u00eancio n\u00e3o cognitivo, sem conte\u00fado de bolhas, sem referencial, que \u00e9 como a Prajnaparamita aponta, essa vacuidade est\u00e1 presente em qualquer circunst\u00e2ncia.<br \/>\nA\u00ed n\u00f3s come\u00e7amos a olhar os bardos como estados de sonho. As m\u00faltiplas transmigra\u00e7\u00f5es como estados particulares de sonho, tomando por base aquilo que n\u00e3o muda, que \u00e9 Dharmakaya. Ent\u00e3o esse \u00e9 o aspecto secreto. N\u00f3s estamos focando aquilo que nas apar\u00eancias n\u00e3o surge, mas est\u00e1 ali. \u00c9 o aspecto primordial, \u00e9 o final do caminho, n\u00f3s precisamos olhar isso, esse \u00e9 o objetivo, n\u00f3s estamos indo nessa dire\u00e7\u00e3o, pra olhar isso. Isso elimina o sofrimento, elimina os 12 elos, elimina vida e morte. Porque dentro dessa clareza, n\u00e3o h\u00e1 o engano de n\u00f3s nos fixarmos em condi\u00e7\u00f5es aparentes dentro de bolhas ou dentro de estados, identidades ou circunst\u00e2ncias parciais e transit\u00f3rias. N\u00e3o h\u00e1. A gente passa a localizar aquilo que n\u00e3o \u00e9 transit\u00f3rio dentro da apar\u00eancia transit\u00f3ria.\u201d<br \/>\n\u2014Lama Padma Santem<\/p>\n<h3>Download do \u00e1udio<\/h3>\n<p>Para baixar o MP3, clique abaixo com o bot\u00e3o direito em &#8220;Download&#8221; e selecione &#8220;Salvar destino\/link como&#8230;&#8221;.<br \/>\n[powerpress]\n<h3>Principais temas<\/h3>\n<p>Ensinamentos sobre natureza primordial; seis selos; formas de transmiss\u00e3o atrav\u00e9s do sil\u00eancio; formas hist\u00f3ricas de transmiss\u00e3o direta de Dharmakaya; transmiss\u00e3o da Flor de Udumbara; s\u00edlaba \u201cPhat\u201d; explica\u00e7\u00e3o do mestre Dogen sobre \u201cShinkantaza\u201d; transmiss\u00e3o do som do sino de Chenrezig, descrita no Surangama Sutra; tesouros do espa\u00e7o b\u00e1sico;<\/p>\n<h3>V\u00eddeo do ensinamento<\/h3>\n<p>O trecho acima est\u00e1 a partir de 01:40:15<br \/>\n<iframe width=\"620\" height=\"315\" src=\"https:\/\/www.youtube.com\/embed\/xpZzikbyjnE?list=PLO_7Zoueaxd5PPHmtuAUCgmdxpTx431ZO\" frameborder=\"0\" allowfullscreen><\/iframe><\/p>\n","protected":false},"excerpt":{"rendered":"<p>\u00c1udio dos ensinamentos de Lama Padma Santem no 5\u00ba dia do Retiro de Ver\u00e3o 2016, no CEBB Caminho do Meio (Viam\u00e3o, RS)<\/p>","protected":false},"author":114,"featured_media":30486,"comment_status":"closed","ping_status":"open","sticky":false,"template":"","format":"standard","meta":{"footnotes":""},"categories":[367,417,364],"tags":[],"class_list":["post-30476","post","type-post","status-publish","format-standard","has-post-thumbnail","hentry","category-podcast","category-ensinamentos","category-treinamento"],"yoast_head":"<!-- This site is optimized with the Yoast SEO plugin v27.5 - https:\/\/yoast.com\/product\/yoast-seo-wordpress\/ -->\n<title>\u00c1udio do Retiro de Ver\u00e3o 2016 #12 - Formas de Apresenta\u00e7\u00e3o da Natureza Primordial - Centro de Estudos Budistas Bodisatva<\/title>\n<meta name=\"robots\" content=\"index, follow, max-snippet:-1, max-image-preview:large, max-video-preview:-1\" \/>\n<link rel=\"canonical\" href=\"https:\/\/cebb.org.br\/en\/audio-do-retiro-de-verao-2016-12-formas-de-apresentacao-da-natureza-primordial\/\" \/>\n<meta property=\"og:locale\" content=\"en_GB\" \/>\n<meta property=\"og:type\" content=\"article\" \/>\n<meta property=\"og:title\" content=\"\u00c1udio do Retiro de Ver\u00e3o 2016 #12 - Formas de Apresenta\u00e7\u00e3o da Natureza Primordial - Centro de Estudos Budistas Bodisatva\" \/>\n<meta property=\"og:description\" content=\"\u00c1udio dos ensinamentos de Lama Padma Santem no 5\u00ba dia do Retiro de Ver\u00e3o 2016, no CEBB Caminho do Meio (Viam\u00e3o, RS)\" \/>\n<meta property=\"og:url\" content=\"https:\/\/cebb.org.br\/en\/audio-do-retiro-de-verao-2016-12-formas-de-apresentacao-da-natureza-primordial\/\" \/>\n<meta property=\"og:site_name\" content=\"Centro de Estudos Budistas Bodisatva\" \/>\n<meta property=\"article:publisher\" content=\"https:\/\/pt-br.facebook.com\/cebb108\" \/>\n<meta property=\"article:published_time\" content=\"2016-04-12T14:48:57+00:00\" \/>\n<meta property=\"article:modified_time\" content=\"2024-10-05T19:15:23+00:00\" \/>\n<meta property=\"og:image\" content=\"https:\/\/cebb.org.br\/wp-content\/uploads\/2016\/04\/25439785965_afe64648cd_z.jpg\" \/>\n\t<meta property=\"og:image:width\" content=\"640\" \/>\n\t<meta property=\"og:image:height\" content=\"427\" \/>\n\t<meta property=\"og:image:type\" content=\"image\/jpeg\" \/>\n<meta name=\"twitter:card\" content=\"summary_large_image\" \/>\n<meta name=\"twitter:label1\" content=\"Written by\" \/>\n\t<meta name=\"twitter:data1\" content=\"\" \/>\n\t<meta name=\"twitter:label2\" content=\"Estimated reading time\" \/>\n\t<meta name=\"twitter:data2\" content=\"3 minutes\" \/>\n<script type=\"application\/ld+json\" class=\"yoast-schema-graph\">{\"@context\":\"https:\\\/\\\/schema.org\",\"@graph\":[{\"@type\":\"Article\",\"@id\":\"https:\\\/\\\/cebb.org.br\\\/audio-do-retiro-de-verao-2016-12-formas-de-apresentacao-da-natureza-primordial\\\/#article\",\"isPartOf\":{\"@id\":\"https:\\\/\\\/cebb.org.br\\\/audio-do-retiro-de-verao-2016-12-formas-de-apresentacao-da-natureza-primordial\\\/\"},\"author\":{\"name\":\"\",\"@id\":\"\"},\"headline\":\"\u00c1udio do Retiro de Ver\u00e3o 2016 #12 &#8211; Formas de Apresenta\u00e7\u00e3o da Natureza Primordial\",\"datePublished\":\"2016-04-12T14:48:57+00:00\",\"dateModified\":\"2024-10-05T19:15:23+00:00\",\"mainEntityOfPage\":{\"@id\":\"https:\\\/\\\/cebb.org.br\\\/audio-do-retiro-de-verao-2016-12-formas-de-apresentacao-da-natureza-primordial\\\/\"},\"wordCount\":651,\"publisher\":{\"@id\":\"https:\\\/\\\/cebb.org.br\\\/#organization\"},\"image\":{\"@id\":\"https:\\\/\\\/cebb.org.br\\\/audio-do-retiro-de-verao-2016-12-formas-de-apresentacao-da-natureza-primordial\\\/#primaryimage\"},\"thumbnailUrl\":\"https:\\\/\\\/cebb.org.br\\\/wp-content\\\/uploads\\\/2016\\\/04\\\/25439785965_afe64648cd_z.jpg\",\"articleSection\":[\"\u00c1udio\",\"Ensinamentos\",\"Treinamento em vis\u00e3o e medita\u00e7\u00e3o\"],\"inLanguage\":\"en-GB\"},{\"@type\":\"WebPage\",\"@id\":\"https:\\\/\\\/cebb.org.br\\\/audio-do-retiro-de-verao-2016-12-formas-de-apresentacao-da-natureza-primordial\\\/\",\"url\":\"https:\\\/\\\/cebb.org.br\\\/audio-do-retiro-de-verao-2016-12-formas-de-apresentacao-da-natureza-primordial\\\/\",\"name\":\"\u00c1udio do Retiro de Ver\u00e3o 2016 #12 - Formas de Apresenta\u00e7\u00e3o da Natureza Primordial - Centro de Estudos Budistas Bodisatva\",\"isPartOf\":{\"@id\":\"https:\\\/\\\/cebb.org.br\\\/#website\"},\"primaryImageOfPage\":{\"@id\":\"https:\\\/\\\/cebb.org.br\\\/audio-do-retiro-de-verao-2016-12-formas-de-apresentacao-da-natureza-primordial\\\/#primaryimage\"},\"image\":{\"@id\":\"https:\\\/\\\/cebb.org.br\\\/audio-do-retiro-de-verao-2016-12-formas-de-apresentacao-da-natureza-primordial\\\/#primaryimage\"},\"thumbnailUrl\":\"https:\\\/\\\/cebb.org.br\\\/wp-content\\\/uploads\\\/2016\\\/04\\\/25439785965_afe64648cd_z.jpg\",\"datePublished\":\"2016-04-12T14:48:57+00:00\",\"dateModified\":\"2024-10-05T19:15:23+00:00\",\"breadcrumb\":{\"@id\":\"https:\\\/\\\/cebb.org.br\\\/audio-do-retiro-de-verao-2016-12-formas-de-apresentacao-da-natureza-primordial\\\/#breadcrumb\"},\"inLanguage\":\"en-GB\",\"potentialAction\":[{\"@type\":\"ReadAction\",\"target\":[\"https:\\\/\\\/cebb.org.br\\\/audio-do-retiro-de-verao-2016-12-formas-de-apresentacao-da-natureza-primordial\\\/\"]}]},{\"@type\":\"ImageObject\",\"inLanguage\":\"en-GB\",\"@id\":\"https:\\\/\\\/cebb.org.br\\\/audio-do-retiro-de-verao-2016-12-formas-de-apresentacao-da-natureza-primordial\\\/#primaryimage\",\"url\":\"https:\\\/\\\/cebb.org.br\\\/wp-content\\\/uploads\\\/2016\\\/04\\\/25439785965_afe64648cd_z.jpg\",\"contentUrl\":\"https:\\\/\\\/cebb.org.br\\\/wp-content\\\/uploads\\\/2016\\\/04\\\/25439785965_afe64648cd_z.jpg\",\"width\":640,\"height\":427},{\"@type\":\"BreadcrumbList\",\"@id\":\"https:\\\/\\\/cebb.org.br\\\/audio-do-retiro-de-verao-2016-12-formas-de-apresentacao-da-natureza-primordial\\\/#breadcrumb\",\"itemListElement\":[{\"@type\":\"ListItem\",\"position\":1,\"name\":\"Home\",\"item\":\"https:\\\/\\\/cebb.org.br\\\/\"},{\"@type\":\"ListItem\",\"position\":2,\"name\":\"\u00c1udio do Retiro de Ver\u00e3o 2016 #12 &#8211; Formas de Apresenta\u00e7\u00e3o da Natureza Primordial\"}]},{\"@type\":\"WebSite\",\"@id\":\"https:\\\/\\\/cebb.org.br\\\/#website\",\"url\":\"https:\\\/\\\/cebb.org.br\\\/\",\"name\":\"Centro de Estudos Budistas Bodisatva\",\"description\":\"Budismo, medita\u00e7\u00e3o e cultura de paz | Lama Padma Samten\",\"publisher\":{\"@id\":\"https:\\\/\\\/cebb.org.br\\\/#organization\"},\"potentialAction\":[{\"@type\":\"SearchAction\",\"target\":{\"@type\":\"EntryPoint\",\"urlTemplate\":\"https:\\\/\\\/cebb.org.br\\\/?s={search_term_string}\"},\"query-input\":{\"@type\":\"PropertyValueSpecification\",\"valueRequired\":true,\"valueName\":\"search_term_string\"}}],\"inLanguage\":\"en-GB\"},{\"@type\":\"Organization\",\"@id\":\"https:\\\/\\\/cebb.org.br\\\/#organization\",\"name\":\"Centro de Estudos Budistas Bodisatva\",\"url\":\"https:\\\/\\\/cebb.org.br\\\/\",\"logo\":{\"@type\":\"ImageObject\",\"inLanguage\":\"en-GB\",\"@id\":\"https:\\\/\\\/cebb.org.br\\\/#\\\/schema\\\/logo\\\/image\\\/\",\"url\":\"http:\\\/\\\/18.230.164.79\\\/wp-content\\\/uploads\\\/2011\\\/03\\\/logosalvador-peq-e1660064979551.jpg\",\"contentUrl\":\"http:\\\/\\\/18.230.164.79\\\/wp-content\\\/uploads\\\/2011\\\/03\\\/logosalvador-peq-e1660064979551.jpg\",\"width\":280,\"height\":231,\"caption\":\"Centro de Estudos Budistas Bodisatva\"},\"image\":{\"@id\":\"https:\\\/\\\/cebb.org.br\\\/#\\\/schema\\\/logo\\\/image\\\/\"},\"sameAs\":[\"https:\\\/\\\/pt-br.facebook.com\\\/cebb108\",\"https:\\\/\\\/www.instagram.com\\\/cebbcaminhodomeio\\\/\"]},{\"@type\":\"Person\",\"@id\":\"\",\"url\":\"https:\\\/\\\/cebb.org.br\\\/en\\\/author\\\/\"}]}<\/script>\n<!-- \/ Yoast SEO plugin. -->","yoast_head_json":{"title":"\u00c1udio do Retiro de Ver\u00e3o 2016 #12 - Formas de Apresenta\u00e7\u00e3o da Natureza Primordial - Centro de Estudos Budistas Bodisatva","robots":{"index":"index","follow":"follow","max-snippet":"max-snippet:-1","max-image-preview":"max-image-preview:large","max-video-preview":"max-video-preview:-1"},"canonical":"https:\/\/cebb.org.br\/en\/audio-do-retiro-de-verao-2016-12-formas-de-apresentacao-da-natureza-primordial\/","og_locale":"en_GB","og_type":"article","og_title":"\u00c1udio do Retiro de Ver\u00e3o 2016 #12 - Formas de Apresenta\u00e7\u00e3o da Natureza Primordial - Centro de Estudos Budistas Bodisatva","og_description":"\u00c1udio dos ensinamentos de Lama Padma Santem no 5\u00ba dia do Retiro de Ver\u00e3o 2016, no CEBB Caminho do Meio (Viam\u00e3o, RS)","og_url":"https:\/\/cebb.org.br\/en\/audio-do-retiro-de-verao-2016-12-formas-de-apresentacao-da-natureza-primordial\/","og_site_name":"Centro de Estudos Budistas Bodisatva","article_publisher":"https:\/\/pt-br.facebook.com\/cebb108","article_published_time":"2016-04-12T14:48:57+00:00","article_modified_time":"2024-10-05T19:15:23+00:00","og_image":[{"width":640,"height":427,"url":"https:\/\/cebb.org.br\/wp-content\/uploads\/2016\/04\/25439785965_afe64648cd_z.jpg","type":"image\/jpeg"}],"twitter_card":"summary_large_image","twitter_misc":{"Written by":"","Estimated reading time":"3 minutes"},"schema":{"@context":"https:\/\/schema.org","@graph":[{"@type":"Article","@id":"https:\/\/cebb.org.br\/audio-do-retiro-de-verao-2016-12-formas-de-apresentacao-da-natureza-primordial\/#article","isPartOf":{"@id":"https:\/\/cebb.org.br\/audio-do-retiro-de-verao-2016-12-formas-de-apresentacao-da-natureza-primordial\/"},"author":{"name":"","@id":""},"headline":"\u00c1udio do Retiro de Ver\u00e3o 2016 #12 &#8211; Formas de Apresenta\u00e7\u00e3o da Natureza Primordial","datePublished":"2016-04-12T14:48:57+00:00","dateModified":"2024-10-05T19:15:23+00:00","mainEntityOfPage":{"@id":"https:\/\/cebb.org.br\/audio-do-retiro-de-verao-2016-12-formas-de-apresentacao-da-natureza-primordial\/"},"wordCount":651,"publisher":{"@id":"https:\/\/cebb.org.br\/#organization"},"image":{"@id":"https:\/\/cebb.org.br\/audio-do-retiro-de-verao-2016-12-formas-de-apresentacao-da-natureza-primordial\/#primaryimage"},"thumbnailUrl":"https:\/\/cebb.org.br\/wp-content\/uploads\/2016\/04\/25439785965_afe64648cd_z.jpg","articleSection":["\u00c1udio","Ensinamentos","Treinamento em vis\u00e3o e medita\u00e7\u00e3o"],"inLanguage":"en-GB"},{"@type":"WebPage","@id":"https:\/\/cebb.org.br\/audio-do-retiro-de-verao-2016-12-formas-de-apresentacao-da-natureza-primordial\/","url":"https:\/\/cebb.org.br\/audio-do-retiro-de-verao-2016-12-formas-de-apresentacao-da-natureza-primordial\/","name":"\u00c1udio do Retiro de Ver\u00e3o 2016 #12 - Formas de Apresenta\u00e7\u00e3o da Natureza Primordial - Centro de Estudos Budistas Bodisatva","isPartOf":{"@id":"https:\/\/cebb.org.br\/#website"},"primaryImageOfPage":{"@id":"https:\/\/cebb.org.br\/audio-do-retiro-de-verao-2016-12-formas-de-apresentacao-da-natureza-primordial\/#primaryimage"},"image":{"@id":"https:\/\/cebb.org.br\/audio-do-retiro-de-verao-2016-12-formas-de-apresentacao-da-natureza-primordial\/#primaryimage"},"thumbnailUrl":"https:\/\/cebb.org.br\/wp-content\/uploads\/2016\/04\/25439785965_afe64648cd_z.jpg","datePublished":"2016-04-12T14:48:57+00:00","dateModified":"2024-10-05T19:15:23+00:00","breadcrumb":{"@id":"https:\/\/cebb.org.br\/audio-do-retiro-de-verao-2016-12-formas-de-apresentacao-da-natureza-primordial\/#breadcrumb"},"inLanguage":"en-GB","potentialAction":[{"@type":"ReadAction","target":["https:\/\/cebb.org.br\/audio-do-retiro-de-verao-2016-12-formas-de-apresentacao-da-natureza-primordial\/"]}]},{"@type":"ImageObject","inLanguage":"en-GB","@id":"https:\/\/cebb.org.br\/audio-do-retiro-de-verao-2016-12-formas-de-apresentacao-da-natureza-primordial\/#primaryimage","url":"https:\/\/cebb.org.br\/wp-content\/uploads\/2016\/04\/25439785965_afe64648cd_z.jpg","contentUrl":"https:\/\/cebb.org.br\/wp-content\/uploads\/2016\/04\/25439785965_afe64648cd_z.jpg","width":640,"height":427},{"@type":"BreadcrumbList","@id":"https:\/\/cebb.org.br\/audio-do-retiro-de-verao-2016-12-formas-de-apresentacao-da-natureza-primordial\/#breadcrumb","itemListElement":[{"@type":"ListItem","position":1,"name":"Home","item":"https:\/\/cebb.org.br\/"},{"@type":"ListItem","position":2,"name":"\u00c1udio do Retiro de Ver\u00e3o 2016 #12 &#8211; Formas de Apresenta\u00e7\u00e3o da Natureza Primordial"}]},{"@type":"WebSite","@id":"https:\/\/cebb.org.br\/#website","url":"https:\/\/cebb.org.br\/","name":"Bodhisattva Center for Buddhist Studies","description":"Budismo, medita\u00e7\u00e3o e cultura de paz | Lama Padma Samten","publisher":{"@id":"https:\/\/cebb.org.br\/#organization"},"potentialAction":[{"@type":"SearchAction","target":{"@type":"EntryPoint","urlTemplate":"https:\/\/cebb.org.br\/?s={search_term_string}"},"query-input":{"@type":"PropertyValueSpecification","valueRequired":true,"valueName":"search_term_string"}}],"inLanguage":"en-GB"},{"@type":"Organization","@id":"https:\/\/cebb.org.br\/#organization","name":"Bodhisattva Center for Buddhist Studies","url":"https:\/\/cebb.org.br\/","logo":{"@type":"ImageObject","inLanguage":"en-GB","@id":"https:\/\/cebb.org.br\/#\/schema\/logo\/image\/","url":"http:\/\/18.230.164.79\/wp-content\/uploads\/2011\/03\/logosalvador-peq-e1660064979551.jpg","contentUrl":"http:\/\/18.230.164.79\/wp-content\/uploads\/2011\/03\/logosalvador-peq-e1660064979551.jpg","width":280,"height":231,"caption":"Centro de Estudos Budistas Bodisatva"},"image":{"@id":"https:\/\/cebb.org.br\/#\/schema\/logo\/image\/"},"sameAs":["https:\/\/pt-br.facebook.com\/cebb108","https:\/\/www.instagram.com\/cebbcaminhodomeio\/"]},{"@type":"Person","@id":"","url":"https:\/\/cebb.org.br\/en\/author\/"}]}},"_links":{"self":[{"href":"https:\/\/cebb.org.br\/en\/wp-json\/wp\/v2\/posts\/30476","targetHints":{"allow":["GET"]}}],"collection":[{"href":"https:\/\/cebb.org.br\/en\/wp-json\/wp\/v2\/posts"}],"about":[{"href":"https:\/\/cebb.org.br\/en\/wp-json\/wp\/v2\/types\/post"}],"author":[{"embeddable":true,"href":"https:\/\/cebb.org.br\/en\/wp-json\/wp\/v2\/users\/114"}],"replies":[{"embeddable":true,"href":"https:\/\/cebb.org.br\/en\/wp-json\/wp\/v2\/comments?post=30476"}],"version-history":[{"count":1,"href":"https:\/\/cebb.org.br\/en\/wp-json\/wp\/v2\/posts\/30476\/revisions"}],"predecessor-version":[{"id":108502,"href":"https:\/\/cebb.org.br\/en\/wp-json\/wp\/v2\/posts\/30476\/revisions\/108502"}],"wp:featuredmedia":[{"embeddable":true,"href":"https:\/\/cebb.org.br\/en\/wp-json\/wp\/v2\/media\/30486"}],"wp:attachment":[{"href":"https:\/\/cebb.org.br\/en\/wp-json\/wp\/v2\/media?parent=30476"}],"wp:term":[{"taxonomy":"category","embeddable":true,"href":"https:\/\/cebb.org.br\/en\/wp-json\/wp\/v2\/categories?post=30476"},{"taxonomy":"post_tag","embeddable":true,"href":"https:\/\/cebb.org.br\/en\/wp-json\/wp\/v2\/tags?post=30476"}],"curies":[{"name":"wp","href":"https:\/\/api.w.org\/{rel}","templated":true}]}}