{"id":4432,"date":"2019-02-25T10:00:13","date_gmt":"2019-02-25T13:00:13","guid":{"rendered":"http:\/\/www.cebb.org.br\/?p=4432"},"modified":"2026-04-27T07:22:10","modified_gmt":"2026-04-27T10:22:10","slug":"oficina-de-malas-no-cebb-sp","status":"publish","type":"post","link":"https:\/\/cebb.org.br\/en\/oficina-de-malas-no-cebb-sp\/","title":{"rendered":"01\/05\/26 (sexta) &#8211; Oficina de japamalas no CEBB SP"},"content":{"rendered":"<p>Participe da <strong>Oficina de Japamala <\/strong> &#8211; \u201cA qualidade de um n\u00f3 de mala, al\u00e9m de segurar e manter a inten\u00e7\u00e3o das contas e fio, deve tamb\u00e9m liberar a manifesta\u00e7\u00e3o de harmonia din\u00e2mica de sua mandala.\u201d<!--more--><\/p>\n<p>O <strong>japamala<\/strong> \u00e9 um cord\u00e3o sagrado feito de contas, usado para contar os mantras durante a recita\u00e7\u00e3o. Tamb\u00e9m tem a fun\u00e7\u00e3o de ajudar o praticante de medita\u00e7\u00e3o a concentrar-se e entrar em estado meditativo. O termo japamala tem origem no s\u00e2nscrito e \u00e9 uma palavra composta, formada por duas outras. Uma delas \u00e9 o \u201cjapa\u201d que significa murmurar mantras ou nomes de divindades. A outra palavra, \u201cmala\u201d, significa guirlanda, ou cord\u00e3o.<\/p>\n<p>&nbsp;<\/p>\n<h6><strong>Voc\u00ea sabia:<\/strong><\/h6>\n<ul>\n<li>que todos os japamalas, tamb\u00e9m conhecidos como malas, possuem um n\u00f3 decorativo logo abaixo da Pedra Guru?<\/li>\n<li>que este n\u00f3 costuma ser personalizado, identificando a que sanga pertence quem o carrega?<\/li>\n<li>que os praticantes do CEBB possuem um n\u00f3 especial, aprovado e aben\u00e7oado pelo lama?<\/li>\n<\/ul>\n<p>&nbsp;<\/p>\n<h6><strong>Japamala: a confec\u00e7\u00e3o como pr\u00e1tica\u00a0espiritual<\/strong><\/h6>\n<p>Fazer malas \u00e9 uma \u00f3tima oportunidade de treinamento espiritual \u2014 al\u00e9m da necessidade de aten\u00e7\u00e3o, concentra\u00e7\u00e3o e presen\u00e7a ao confeccion\u00e1-los, voc\u00ea receber\u00e1 m\u00e9ritos cada vez que mantras forem recitados no mala criado por voc\u00ea. E o mala que voc\u00ea produzir possibilitar\u00e1 o crescimento espiritual de incont\u00e1veis seres, numa verdadeira corrente do bem.<\/p>\n<p>Os malas produzidos pelos CEBBs e vendidos nas lojinhas observar\u00e3o um mesmo padr\u00e3o \u2014 al\u00e9m do n\u00f3 da nossa sangha, ser\u00e3o divididos em 6 partes de 18 contas (correspondentes aos 6 reinos da Roda da Vida).<\/p>\n<p>Sendo assim, <strong>quem tiver interesse em confeccionar os malas vendidos nas lojinhas, como forma de doa\u00e7\u00e3o e pr\u00e1tica espiritual, participe.<\/strong> Que o seu mala seja a corda que nos resgata do oceano de samsara!<\/p>\n<p>&nbsp;<\/p>\n<blockquote><p><strong>INFORMA\u00c7\u00d5ES:<\/strong><\/p>\n<p><strong>Pr\u00f3xima data: <span style=\"color: #ff0000;\">01\/05\/26 (sexta)<\/span><\/strong><\/p>\n<p><strong>Time:<\/strong> das 14h \u00e0s 17h<\/p>\n<p><strong>Place:<\/strong> CEBB S\u00e3o Paulo &#8211; R. Joel Jorge de Melo, 54 \u2013 Vila Mariana \u2013 SP (trav. da Rua Santa Cruz, pr\u00f3x. ao Parque Modernista \u2013 linha azul do metr\u00f4 Santa Cruz)<\/p>\n<p>&nbsp;<\/p>\n<p><strong>N\u00e3o \u00e9 necess\u00e1ria inscri\u00e7\u00e3o pr\u00e9via.<\/strong> Basta chegar!<\/p>\n<p><strong>Contribui\u00e7\u00e3o volunt\u00e1ria<\/strong><\/p><\/blockquote>\n<p>&nbsp;<\/p>\n<p>Para saber das <strong>pr\u00f3ximas datas<\/strong>\u00a0inscreva-se em nossa <a href=\"https:\/\/cebb.us3.list-manage.com\/subscribe?u=c55340ec5081732ed81eff58b&amp;id=7915b02cf2\">newsletter semanal por e-mail<\/a> e tamb\u00e9m participe do nosso <a href=\"https:\/\/chat.whatsapp.com\/Ch4fZodesvvDmnaoxkayQI\">grupo no whatsapp<\/a>.<\/p>","protected":false},"excerpt":{"rendered":"<p>Participe da Oficina de Japamala &#8211; \u201cA qualidade de um n\u00f3 de mala, al\u00e9m de segurar e manter a inten\u00e7\u00e3o das contas e fio, deve tamb\u00e9m liberar a manifesta\u00e7\u00e3o de harmonia din\u00e2mica de sua mandala.\u201d<\/p>","protected":false},"author":4,"featured_media":120836,"comment_status":"open","ping_status":"open","sticky":false,"template":"","format":"standard","meta":{"footnotes":""},"categories":[414,363],"tags":[676,522,543,577],"class_list":["post-4432","post","type-post","status-publish","format-standard","has-post-thumbnail","hentry","category-saopaulo","category-sp","tag-cebb-sao-paulo","tag-eventos","tag-japamala","tag-oficina-de-malas"],"yoast_head":"<!-- This site is optimized with the Yoast SEO plugin v27.4 - https:\/\/yoast.com\/product\/yoast-seo-wordpress\/ -->\n<title>01\/05\/26 (sexta) - Oficina de japamalas no CEBB SP - Centro de Estudos Budistas Bodisatva<\/title>\n<meta name=\"description\" content=\"\u201cA qualidade de um n\u00f3 de mala, al\u00e9m de segurar e manter a inten\u00e7\u00e3o das contas e fio, deve tamb\u00e9m liberar a manifesta\u00e7\u00e3o de harmonia din\u00e2mica de sua mandala.\u201d\" \/>\n<meta name=\"robots\" content=\"index, follow, max-snippet:-1, max-image-preview:large, max-video-preview:-1\" \/>\n<link rel=\"canonical\" href=\"https:\/\/cebb.org.br\/en\/oficina-de-malas-no-cebb-sp\/\" \/>\n<meta property=\"og:locale\" content=\"en_GB\" \/>\n<meta property=\"og:type\" content=\"article\" \/>\n<meta property=\"og:title\" content=\"01\/05\/26 (sexta) - Oficina de japamalas no CEBB SP - Centro de Estudos Budistas Bodisatva\" \/>\n<meta property=\"og:description\" content=\"\u201cA qualidade de um n\u00f3 de mala, al\u00e9m de segurar e manter a inten\u00e7\u00e3o das contas e fio, deve tamb\u00e9m liberar a manifesta\u00e7\u00e3o de harmonia din\u00e2mica de sua mandala.\u201d\" \/>\n<meta property=\"og:url\" content=\"https:\/\/cebb.org.br\/en\/oficina-de-malas-no-cebb-sp\/\" \/>\n<meta property=\"og:site_name\" content=\"Centro de Estudos Budistas Bodisatva\" \/>\n<meta property=\"article:publisher\" content=\"https:\/\/pt-br.facebook.com\/cebb108\" \/>\n<meta property=\"article:published_time\" content=\"2019-02-25T13:00:13+00:00\" \/>\n<meta property=\"article:modified_time\" content=\"2026-04-27T10:22:10+00:00\" \/>\n<meta property=\"og:image\" content=\"https:\/\/cebb.org.br\/wp-content\/uploads\/2019\/02\/japamala_cebb_sp.jpg\" \/>\n\t<meta property=\"og:image:width\" content=\"1080\" \/>\n\t<meta property=\"og:image:height\" content=\"670\" \/>\n\t<meta property=\"og:image:type\" content=\"image\/jpeg\" \/>\n<meta name=\"author\" content=\"adriana\" \/>\n<meta name=\"twitter:card\" content=\"summary_large_image\" \/>\n<meta name=\"twitter:label1\" content=\"Written by\" \/>\n\t<meta name=\"twitter:data1\" content=\"adriana\" \/>\n\t<meta name=\"twitter:label2\" content=\"Estimated reading time\" \/>\n\t<meta name=\"twitter:data2\" content=\"2 minutes\" \/>\n<script type=\"application\/ld+json\" class=\"yoast-schema-graph\">{\"@context\":\"https:\\\/\\\/schema.org\",\"@graph\":[{\"@type\":\"Article\",\"@id\":\"https:\\\/\\\/cebb.org.br\\\/oficina-de-malas-no-cebb-sp\\\/#article\",\"isPartOf\":{\"@id\":\"https:\\\/\\\/cebb.org.br\\\/oficina-de-malas-no-cebb-sp\\\/\"},\"author\":{\"name\":\"adriana\",\"@id\":\"https:\\\/\\\/cebb.org.br\\\/#\\\/schema\\\/person\\\/2943f7434cfdce8a50054bcca9da418e\"},\"headline\":\"01\\\/05\\\/26 (sexta) &#8211; Oficina de japamalas no CEBB SP\",\"datePublished\":\"2019-02-25T13:00:13+00:00\",\"dateModified\":\"2026-04-27T10:22:10+00:00\",\"mainEntityOfPage\":{\"@id\":\"https:\\\/\\\/cebb.org.br\\\/oficina-de-malas-no-cebb-sp\\\/\"},\"wordCount\":392,\"commentCount\":0,\"publisher\":{\"@id\":\"https:\\\/\\\/cebb.org.br\\\/#organization\"},\"image\":{\"@id\":\"https:\\\/\\\/cebb.org.br\\\/oficina-de-malas-no-cebb-sp\\\/#primaryimage\"},\"thumbnailUrl\":\"https:\\\/\\\/cebb.org.br\\\/wp-content\\\/uploads\\\/2019\\\/02\\\/japamala_cebb_sp.jpg\",\"keywords\":[\"cebb sao paulo\",\"Eventos\",\"japamala\",\"oficina de malas\"],\"articleSection\":[\"CEBB S\u00e3o Paulo\",\"SP\"],\"inLanguage\":\"en-GB\",\"potentialAction\":[{\"@type\":\"CommentAction\",\"name\":\"Comment\",\"target\":[\"https:\\\/\\\/cebb.org.br\\\/oficina-de-malas-no-cebb-sp\\\/#respond\"]}]},{\"@type\":\"WebPage\",\"@id\":\"https:\\\/\\\/cebb.org.br\\\/oficina-de-malas-no-cebb-sp\\\/\",\"url\":\"https:\\\/\\\/cebb.org.br\\\/oficina-de-malas-no-cebb-sp\\\/\",\"name\":\"01\\\/05\\\/26 (sexta) - Oficina de japamalas no CEBB SP - Centro de Estudos Budistas Bodisatva\",\"isPartOf\":{\"@id\":\"https:\\\/\\\/cebb.org.br\\\/#website\"},\"primaryImageOfPage\":{\"@id\":\"https:\\\/\\\/cebb.org.br\\\/oficina-de-malas-no-cebb-sp\\\/#primaryimage\"},\"image\":{\"@id\":\"https:\\\/\\\/cebb.org.br\\\/oficina-de-malas-no-cebb-sp\\\/#primaryimage\"},\"thumbnailUrl\":\"https:\\\/\\\/cebb.org.br\\\/wp-content\\\/uploads\\\/2019\\\/02\\\/japamala_cebb_sp.jpg\",\"datePublished\":\"2019-02-25T13:00:13+00:00\",\"dateModified\":\"2026-04-27T10:22:10+00:00\",\"description\":\"\u201cA qualidade de um n\u00f3 de mala, al\u00e9m de segurar e manter a inten\u00e7\u00e3o das contas e fio, deve tamb\u00e9m liberar a manifesta\u00e7\u00e3o de harmonia din\u00e2mica de sua mandala.\u201d\",\"breadcrumb\":{\"@id\":\"https:\\\/\\\/cebb.org.br\\\/oficina-de-malas-no-cebb-sp\\\/#breadcrumb\"},\"inLanguage\":\"en-GB\",\"potentialAction\":[{\"@type\":\"ReadAction\",\"target\":[\"https:\\\/\\\/cebb.org.br\\\/oficina-de-malas-no-cebb-sp\\\/\"]}]},{\"@type\":\"ImageObject\",\"inLanguage\":\"en-GB\",\"@id\":\"https:\\\/\\\/cebb.org.br\\\/oficina-de-malas-no-cebb-sp\\\/#primaryimage\",\"url\":\"https:\\\/\\\/cebb.org.br\\\/wp-content\\\/uploads\\\/2019\\\/02\\\/japamala_cebb_sp.jpg\",\"contentUrl\":\"https:\\\/\\\/cebb.org.br\\\/wp-content\\\/uploads\\\/2019\\\/02\\\/japamala_cebb_sp.jpg\",\"width\":1080,\"height\":670},{\"@type\":\"BreadcrumbList\",\"@id\":\"https:\\\/\\\/cebb.org.br\\\/oficina-de-malas-no-cebb-sp\\\/#breadcrumb\",\"itemListElement\":[{\"@type\":\"ListItem\",\"position\":1,\"name\":\"Home\",\"item\":\"https:\\\/\\\/cebb.org.br\\\/\"},{\"@type\":\"ListItem\",\"position\":2,\"name\":\"01\\\/05\\\/26 (sexta) &#8211; Oficina de japamalas no CEBB SP\"}]},{\"@type\":\"WebSite\",\"@id\":\"https:\\\/\\\/cebb.org.br\\\/#website\",\"url\":\"https:\\\/\\\/cebb.org.br\\\/\",\"name\":\"Centro de Estudos Budistas Bodisatva\",\"description\":\"Budismo, medita\u00e7\u00e3o e cultura de paz | Lama Padma Samten\",\"publisher\":{\"@id\":\"https:\\\/\\\/cebb.org.br\\\/#organization\"},\"potentialAction\":[{\"@type\":\"SearchAction\",\"target\":{\"@type\":\"EntryPoint\",\"urlTemplate\":\"https:\\\/\\\/cebb.org.br\\\/?s={search_term_string}\"},\"query-input\":{\"@type\":\"PropertyValueSpecification\",\"valueRequired\":true,\"valueName\":\"search_term_string\"}}],\"inLanguage\":\"en-GB\"},{\"@type\":\"Organization\",\"@id\":\"https:\\\/\\\/cebb.org.br\\\/#organization\",\"name\":\"Centro de Estudos Budistas Bodisatva\",\"url\":\"https:\\\/\\\/cebb.org.br\\\/\",\"logo\":{\"@type\":\"ImageObject\",\"inLanguage\":\"en-GB\",\"@id\":\"https:\\\/\\\/cebb.org.br\\\/#\\\/schema\\\/logo\\\/image\\\/\",\"url\":\"http:\\\/\\\/18.230.164.79\\\/wp-content\\\/uploads\\\/2011\\\/03\\\/logosalvador-peq-e1660064979551.jpg\",\"contentUrl\":\"http:\\\/\\\/18.230.164.79\\\/wp-content\\\/uploads\\\/2011\\\/03\\\/logosalvador-peq-e1660064979551.jpg\",\"width\":280,\"height\":231,\"caption\":\"Centro de Estudos Budistas Bodisatva\"},\"image\":{\"@id\":\"https:\\\/\\\/cebb.org.br\\\/#\\\/schema\\\/logo\\\/image\\\/\"},\"sameAs\":[\"https:\\\/\\\/pt-br.facebook.com\\\/cebb108\",\"https:\\\/\\\/www.instagram.com\\\/cebbcaminhodomeio\\\/\"]},{\"@type\":\"Person\",\"@id\":\"https:\\\/\\\/cebb.org.br\\\/#\\\/schema\\\/person\\\/2943f7434cfdce8a50054bcca9da418e\",\"name\":\"adriana\",\"image\":{\"@type\":\"ImageObject\",\"inLanguage\":\"en-GB\",\"@id\":\"https:\\\/\\\/secure.gravatar.com\\\/avatar\\\/f235a6769909b7357e271e7b95d7f24ff1268d2236b0a381c02f83a6368721f1?s=96&d=mm&r=g\",\"url\":\"https:\\\/\\\/secure.gravatar.com\\\/avatar\\\/f235a6769909b7357e271e7b95d7f24ff1268d2236b0a381c02f83a6368721f1?s=96&d=mm&r=g\",\"contentUrl\":\"https:\\\/\\\/secure.gravatar.com\\\/avatar\\\/f235a6769909b7357e271e7b95d7f24ff1268d2236b0a381c02f83a6368721f1?s=96&d=mm&r=g\",\"caption\":\"adriana\"},\"url\":\"https:\\\/\\\/cebb.org.br\\\/en\\\/author\\\/adriana\\\/\"}]}<\/script>\n<!-- \/ Yoast SEO plugin. -->","yoast_head_json":{"title":"01\/05\/26 (sexta) - Oficina de japamalas no CEBB SP - Centro de Estudos Budistas Bodisatva","description":"\u201cA qualidade de um n\u00f3 de mala, al\u00e9m de segurar e manter a inten\u00e7\u00e3o das contas e fio, deve tamb\u00e9m liberar a manifesta\u00e7\u00e3o de harmonia din\u00e2mica de sua mandala.\u201d","robots":{"index":"index","follow":"follow","max-snippet":"max-snippet:-1","max-image-preview":"max-image-preview:large","max-video-preview":"max-video-preview:-1"},"canonical":"https:\/\/cebb.org.br\/en\/oficina-de-malas-no-cebb-sp\/","og_locale":"en_GB","og_type":"article","og_title":"01\/05\/26 (sexta) - Oficina de japamalas no CEBB SP - Centro de Estudos Budistas Bodisatva","og_description":"\u201cA qualidade de um n\u00f3 de mala, al\u00e9m de segurar e manter a inten\u00e7\u00e3o das contas e fio, deve tamb\u00e9m liberar a manifesta\u00e7\u00e3o de harmonia din\u00e2mica de sua mandala.\u201d","og_url":"https:\/\/cebb.org.br\/en\/oficina-de-malas-no-cebb-sp\/","og_site_name":"Centro de Estudos Budistas Bodisatva","article_publisher":"https:\/\/pt-br.facebook.com\/cebb108","article_published_time":"2019-02-25T13:00:13+00:00","article_modified_time":"2026-04-27T10:22:10+00:00","og_image":[{"width":1080,"height":670,"url":"https:\/\/cebb.org.br\/wp-content\/uploads\/2019\/02\/japamala_cebb_sp.jpg","type":"image\/jpeg"}],"author":"adriana","twitter_card":"summary_large_image","twitter_misc":{"Written by":"adriana","Estimated reading time":"2 minutes"},"schema":{"@context":"https:\/\/schema.org","@graph":[{"@type":"Article","@id":"https:\/\/cebb.org.br\/oficina-de-malas-no-cebb-sp\/#article","isPartOf":{"@id":"https:\/\/cebb.org.br\/oficina-de-malas-no-cebb-sp\/"},"author":{"name":"adriana","@id":"https:\/\/cebb.org.br\/#\/schema\/person\/2943f7434cfdce8a50054bcca9da418e"},"headline":"01\/05\/26 (sexta) &#8211; Oficina de japamalas no CEBB SP","datePublished":"2019-02-25T13:00:13+00:00","dateModified":"2026-04-27T10:22:10+00:00","mainEntityOfPage":{"@id":"https:\/\/cebb.org.br\/oficina-de-malas-no-cebb-sp\/"},"wordCount":392,"commentCount":0,"publisher":{"@id":"https:\/\/cebb.org.br\/#organization"},"image":{"@id":"https:\/\/cebb.org.br\/oficina-de-malas-no-cebb-sp\/#primaryimage"},"thumbnailUrl":"https:\/\/cebb.org.br\/wp-content\/uploads\/2019\/02\/japamala_cebb_sp.jpg","keywords":["cebb sao paulo","Eventos","japamala","oficina de malas"],"articleSection":["CEBB S\u00e3o Paulo","SP"],"inLanguage":"en-GB","potentialAction":[{"@type":"CommentAction","name":"Comment","target":["https:\/\/cebb.org.br\/oficina-de-malas-no-cebb-sp\/#respond"]}]},{"@type":"WebPage","@id":"https:\/\/cebb.org.br\/oficina-de-malas-no-cebb-sp\/","url":"https:\/\/cebb.org.br\/oficina-de-malas-no-cebb-sp\/","name":"01\/05\/26 (sexta) - Oficina de japamalas no CEBB SP - Centro de Estudos Budistas Bodisatva","isPartOf":{"@id":"https:\/\/cebb.org.br\/#website"},"primaryImageOfPage":{"@id":"https:\/\/cebb.org.br\/oficina-de-malas-no-cebb-sp\/#primaryimage"},"image":{"@id":"https:\/\/cebb.org.br\/oficina-de-malas-no-cebb-sp\/#primaryimage"},"thumbnailUrl":"https:\/\/cebb.org.br\/wp-content\/uploads\/2019\/02\/japamala_cebb_sp.jpg","datePublished":"2019-02-25T13:00:13+00:00","dateModified":"2026-04-27T10:22:10+00:00","description":"\u201cA qualidade de um n\u00f3 de mala, al\u00e9m de segurar e manter a inten\u00e7\u00e3o das contas e fio, deve tamb\u00e9m liberar a manifesta\u00e7\u00e3o de harmonia din\u00e2mica de sua mandala.\u201d","breadcrumb":{"@id":"https:\/\/cebb.org.br\/oficina-de-malas-no-cebb-sp\/#breadcrumb"},"inLanguage":"en-GB","potentialAction":[{"@type":"ReadAction","target":["https:\/\/cebb.org.br\/oficina-de-malas-no-cebb-sp\/"]}]},{"@type":"ImageObject","inLanguage":"en-GB","@id":"https:\/\/cebb.org.br\/oficina-de-malas-no-cebb-sp\/#primaryimage","url":"https:\/\/cebb.org.br\/wp-content\/uploads\/2019\/02\/japamala_cebb_sp.jpg","contentUrl":"https:\/\/cebb.org.br\/wp-content\/uploads\/2019\/02\/japamala_cebb_sp.jpg","width":1080,"height":670},{"@type":"BreadcrumbList","@id":"https:\/\/cebb.org.br\/oficina-de-malas-no-cebb-sp\/#breadcrumb","itemListElement":[{"@type":"ListItem","position":1,"name":"Home","item":"https:\/\/cebb.org.br\/"},{"@type":"ListItem","position":2,"name":"01\/05\/26 (sexta) &#8211; Oficina de japamalas no CEBB SP"}]},{"@type":"WebSite","@id":"https:\/\/cebb.org.br\/#website","url":"https:\/\/cebb.org.br\/","name":"Bodhisattva Center for Buddhist Studies","description":"Budismo, medita\u00e7\u00e3o e cultura de paz | Lama Padma Samten","publisher":{"@id":"https:\/\/cebb.org.br\/#organization"},"potentialAction":[{"@type":"SearchAction","target":{"@type":"EntryPoint","urlTemplate":"https:\/\/cebb.org.br\/?s={search_term_string}"},"query-input":{"@type":"PropertyValueSpecification","valueRequired":true,"valueName":"search_term_string"}}],"inLanguage":"en-GB"},{"@type":"Organization","@id":"https:\/\/cebb.org.br\/#organization","name":"Bodhisattva Center for Buddhist Studies","url":"https:\/\/cebb.org.br\/","logo":{"@type":"ImageObject","inLanguage":"en-GB","@id":"https:\/\/cebb.org.br\/#\/schema\/logo\/image\/","url":"http:\/\/18.230.164.79\/wp-content\/uploads\/2011\/03\/logosalvador-peq-e1660064979551.jpg","contentUrl":"http:\/\/18.230.164.79\/wp-content\/uploads\/2011\/03\/logosalvador-peq-e1660064979551.jpg","width":280,"height":231,"caption":"Centro de Estudos Budistas Bodisatva"},"image":{"@id":"https:\/\/cebb.org.br\/#\/schema\/logo\/image\/"},"sameAs":["https:\/\/pt-br.facebook.com\/cebb108","https:\/\/www.instagram.com\/cebbcaminhodomeio\/"]},{"@type":"Person","@id":"https:\/\/cebb.org.br\/#\/schema\/person\/2943f7434cfdce8a50054bcca9da418e","name":"adriana","image":{"@type":"ImageObject","inLanguage":"en-GB","@id":"https:\/\/secure.gravatar.com\/avatar\/f235a6769909b7357e271e7b95d7f24ff1268d2236b0a381c02f83a6368721f1?s=96&d=mm&r=g","url":"https:\/\/secure.gravatar.com\/avatar\/f235a6769909b7357e271e7b95d7f24ff1268d2236b0a381c02f83a6368721f1?s=96&d=mm&r=g","contentUrl":"https:\/\/secure.gravatar.com\/avatar\/f235a6769909b7357e271e7b95d7f24ff1268d2236b0a381c02f83a6368721f1?s=96&d=mm&r=g","caption":"adriana"},"url":"https:\/\/cebb.org.br\/en\/author\/adriana\/"}]}},"_links":{"self":[{"href":"https:\/\/cebb.org.br\/en\/wp-json\/wp\/v2\/posts\/4432","targetHints":{"allow":["GET"]}}],"collection":[{"href":"https:\/\/cebb.org.br\/en\/wp-json\/wp\/v2\/posts"}],"about":[{"href":"https:\/\/cebb.org.br\/en\/wp-json\/wp\/v2\/types\/post"}],"author":[{"embeddable":true,"href":"https:\/\/cebb.org.br\/en\/wp-json\/wp\/v2\/users\/4"}],"replies":[{"embeddable":true,"href":"https:\/\/cebb.org.br\/en\/wp-json\/wp\/v2\/comments?post=4432"}],"version-history":[{"count":28,"href":"https:\/\/cebb.org.br\/en\/wp-json\/wp\/v2\/posts\/4432\/revisions"}],"predecessor-version":[{"id":121859,"href":"https:\/\/cebb.org.br\/en\/wp-json\/wp\/v2\/posts\/4432\/revisions\/121859"}],"wp:featuredmedia":[{"embeddable":true,"href":"https:\/\/cebb.org.br\/en\/wp-json\/wp\/v2\/media\/120836"}],"wp:attachment":[{"href":"https:\/\/cebb.org.br\/en\/wp-json\/wp\/v2\/media?parent=4432"}],"wp:term":[{"taxonomy":"category","embeddable":true,"href":"https:\/\/cebb.org.br\/en\/wp-json\/wp\/v2\/categories?post=4432"},{"taxonomy":"post_tag","embeddable":true,"href":"https:\/\/cebb.org.br\/en\/wp-json\/wp\/v2\/tags?post=4432"}],"curies":[{"name":"wp","href":"https:\/\/api.w.org\/{rel}","templated":true}]}}