{"id":49382,"date":"2017-11-07T23:14:21","date_gmt":"2017-11-08T01:14:21","guid":{"rendered":"http:\/\/www.cebb.org.br\/?p=49382"},"modified":"2017-11-07T23:14:21","modified_gmt":"2017-11-08T01:14:21","slug":"curso-no-cebb-londrina-construindo-o-coracao-do-bodisatva","status":"publish","type":"post","link":"https:\/\/cebb.org.br\/en\/curso-no-cebb-londrina-construindo-o-coracao-do-bodisatva\/","title":{"rendered":"Curso no CEBB Londrina: Construindo o cora\u00e7\u00e3o do Bodisatva"},"content":{"rendered":"<p>De 15\/11 a 19\/11 | CEBB Londrina | Ministrado por Bernadete Brand\u00e3o<br \/>\n<!--more--><br \/>\nEntre os dias 15 a 19 de novembro, teremos a presen\u00e7a da tutora Bernadete Brand\u00e3o para ministrar o curso \u201cConstruindo o Cora\u00e7\u00e3o do Bodisatva\u201d. Vamos praticar o m\u00e9todo budista da &#8220;Vis\u00e3o, Medita\u00e7\u00e3o e A\u00e7\u00e3o&#8221;, aprofundando na investiga\u00e7\u00e3o sobre nossa real motiva\u00e7\u00e3o no dia a dia e ampliando a compreens\u00e3o de onde estamos no caminho. Nossa aspira\u00e7\u00e3o \u00e9 de que sejamos capazes de romper com padr\u00f5es mentais responsivos e automatizados j\u00e1 que, reconhecendo como foram constru\u00eddos, podemos\u00a0localizar suas causas e condi\u00e7\u00f5es, como as emo\u00e7\u00f5es perturbadoras, representadas nos Seis Reinos da Roda da Vida, e remov\u00ea-las. Evitando as a\u00e7\u00f5es nocivas de corpo, fala e mente, nos abrimos para as habilidades de sabedoria da Mandala dos Cinco Diani Budas e das qualidades de excel\u00eancia do Quadro de 200 itens.<br \/>\nEssa ser\u00e1 uma oportunidade auspiciosa! Participe!<br \/>\n<strong>Conte\u00fado<\/strong><\/p>\n<div>\n<strong><\/strong>\u2022Medita\u00e7\u00e3o de Shamata<br \/>\n\u2022Medita\u00e7\u00e3o de Methabavana<br \/>\n\u2022Medita\u00e7\u00e3o Anal\u00edtica no Quadro de 240 itens<br \/>\n\u2022Medita\u00e7\u00e3o analitica do Quadro dos 200 itens.<br \/>\n\u2022Compreendendo as Quatro Incomensur\u00e1veis e as Seis Perfei\u00e7\u00f5es<br \/>\n<strong>Programa\u00e7\u00e3o completa<\/strong><br \/>\n<strong><\/strong>Dia 15\/11 (Feriado)<br \/>\n9h \u00e0s 12h e 14h \u00e0s 18h<br \/>\nDias 16 e 17\/11<br \/>\n19h \u00e0s 21h00<br \/>\nDia 18\/11<br \/>\nMedita\u00e7\u00e3o silenciosa e Puja opcional 5h30<br \/>\n9h \u00e0s 12h e 14h \u00e0s 18h<br \/>\nDia 19\/11<br \/>\nMedita\u00e7\u00e3o silenciosa e Puja opcional 5h30<br \/>\n9h \u00e0s 12h<br \/>\n<strong>Local<\/strong><br \/>\n<strong><\/strong>CEBB Londrina: Rua Paes Leme, 795 Sala 6<br \/>\nContribui\u00e7\u00e3o sugerida: 140 reais<br \/>\nBanco Bradesco (237)<br \/>\nAg\u00eancia 6239<br \/>\nConta Poupan\u00e7a &#8211; 00010000343<br \/>\nMarcelo Marcondes do Prado<br \/>\nCPF 979.545.949.04<br \/>\nAp\u00f3s o dep\u00f3sito, favor enviar o comprovante para\u00a0<a href=\"mailto:londrina@cebb.org.br\" target=\"_blank\" rel=\"noopener\">londrina@cebb.org.br<\/a><br \/>\nA sustenta\u00e7\u00e3o das atividades do CEBB no Brasil todo \u00e9 realizada unicamente pelo meio tradicional de sustenta\u00e7\u00e3o das sangas budistas: a doa\u00e7\u00e3o espont\u00e2nea dos seus frequentadores. Ao mesmo tempo, praticamos o princ\u00edpio de que ningu\u00e9m deve deixar de ter acesso ao Darma por limita\u00e7\u00f5es financeiras. Se voc\u00ea quer participar do curso, mas n\u00e3o tem condi\u00e7\u00f5es de cobrir suas despesas, entre em contato conosco!\n<\/div>","protected":false},"excerpt":{"rendered":"<p>De 15\/11 a 19\/11 | CEBB Londrina | Ministrado por Bernadete Brand\u00e3o<\/p>","protected":false},"author":132,"featured_media":49384,"comment_status":"closed","ping_status":"open","sticky":false,"template":"","format":"standard","meta":{"footnotes":""},"categories":[396,336,364],"tags":[],"class_list":["post-49382","post","type-post","status-publish","format-standard","has-post-thumbnail","hentry","category-londrina","category-cursos-com-tutores","category-treinamento"],"yoast_head":"<!-- This site is optimized with the Yoast SEO plugin v27.5 - https:\/\/yoast.com\/product\/yoast-seo-wordpress\/ -->\n<title>Curso no CEBB Londrina: Construindo o cora\u00e7\u00e3o do Bodisatva - Centro de Estudos Budistas Bodisatva<\/title>\n<meta name=\"robots\" content=\"index, follow, max-snippet:-1, max-image-preview:large, max-video-preview:-1\" \/>\n<link rel=\"canonical\" href=\"https:\/\/cebb.org.br\/en\/curso-no-cebb-londrina-construindo-o-coracao-do-bodisatva\/\" \/>\n<meta property=\"og:locale\" content=\"en_GB\" \/>\n<meta property=\"og:type\" content=\"article\" \/>\n<meta property=\"og:title\" content=\"Curso no CEBB Londrina: Construindo o cora\u00e7\u00e3o do Bodisatva - Centro de Estudos Budistas Bodisatva\" \/>\n<meta property=\"og:description\" content=\"De 15\/11 a 19\/11 | CEBB Londrina | Ministrado por Bernadete Brand\u00e3o\" \/>\n<meta property=\"og:url\" content=\"https:\/\/cebb.org.br\/en\/curso-no-cebb-londrina-construindo-o-coracao-do-bodisatva\/\" \/>\n<meta property=\"og:site_name\" content=\"Centro de Estudos Budistas Bodisatva\" \/>\n<meta property=\"article:publisher\" content=\"https:\/\/pt-br.facebook.com\/cebb108\" \/>\n<meta property=\"article:published_time\" content=\"2017-11-08T01:14:21+00:00\" \/>\n<meta property=\"og:image\" content=\"https:\/\/cebb.org.br\/wp-content\/uploads\/2017\/11\/Opcao-1-e1510103585445.jpg\" \/>\n\t<meta property=\"og:image:width\" content=\"2482\" \/>\n\t<meta property=\"og:image:height\" content=\"738\" \/>\n\t<meta property=\"og:image:type\" content=\"image\/jpeg\" \/>\n<meta name=\"twitter:card\" content=\"summary_large_image\" \/>\n<meta name=\"twitter:label1\" content=\"Written by\" \/>\n\t<meta name=\"twitter:data1\" content=\"\" \/>\n\t<meta name=\"twitter:label2\" content=\"Estimated reading time\" \/>\n\t<meta name=\"twitter:data2\" content=\"2 minutes\" \/>\n<script type=\"application\/ld+json\" class=\"yoast-schema-graph\">{\"@context\":\"https:\\\/\\\/schema.org\",\"@graph\":[{\"@type\":\"Article\",\"@id\":\"https:\\\/\\\/cebb.org.br\\\/curso-no-cebb-londrina-construindo-o-coracao-do-bodisatva\\\/#article\",\"isPartOf\":{\"@id\":\"https:\\\/\\\/cebb.org.br\\\/curso-no-cebb-londrina-construindo-o-coracao-do-bodisatva\\\/\"},\"author\":{\"name\":\"\",\"@id\":\"\"},\"headline\":\"Curso no CEBB Londrina: Construindo o cora\u00e7\u00e3o do Bodisatva\",\"datePublished\":\"2017-11-08T01:14:21+00:00\",\"mainEntityOfPage\":{\"@id\":\"https:\\\/\\\/cebb.org.br\\\/curso-no-cebb-londrina-construindo-o-coracao-do-bodisatva\\\/\"},\"wordCount\":353,\"publisher\":{\"@id\":\"https:\\\/\\\/cebb.org.br\\\/#organization\"},\"image\":{\"@id\":\"https:\\\/\\\/cebb.org.br\\\/curso-no-cebb-londrina-construindo-o-coracao-do-bodisatva\\\/#primaryimage\"},\"thumbnailUrl\":\"https:\\\/\\\/cebb.org.br\\\/wp-content\\\/uploads\\\/2017\\\/11\\\/Opcao-1-e1510103585445.jpg\",\"articleSection\":[\"CEBB Londrina\",\"Cursos com tutores\",\"Treinamento em vis\u00e3o e medita\u00e7\u00e3o\"],\"inLanguage\":\"en-GB\"},{\"@type\":\"WebPage\",\"@id\":\"https:\\\/\\\/cebb.org.br\\\/curso-no-cebb-londrina-construindo-o-coracao-do-bodisatva\\\/\",\"url\":\"https:\\\/\\\/cebb.org.br\\\/curso-no-cebb-londrina-construindo-o-coracao-do-bodisatva\\\/\",\"name\":\"Curso no CEBB Londrina: Construindo o cora\u00e7\u00e3o do Bodisatva - Centro de Estudos Budistas Bodisatva\",\"isPartOf\":{\"@id\":\"https:\\\/\\\/cebb.org.br\\\/#website\"},\"primaryImageOfPage\":{\"@id\":\"https:\\\/\\\/cebb.org.br\\\/curso-no-cebb-londrina-construindo-o-coracao-do-bodisatva\\\/#primaryimage\"},\"image\":{\"@id\":\"https:\\\/\\\/cebb.org.br\\\/curso-no-cebb-londrina-construindo-o-coracao-do-bodisatva\\\/#primaryimage\"},\"thumbnailUrl\":\"https:\\\/\\\/cebb.org.br\\\/wp-content\\\/uploads\\\/2017\\\/11\\\/Opcao-1-e1510103585445.jpg\",\"datePublished\":\"2017-11-08T01:14:21+00:00\",\"breadcrumb\":{\"@id\":\"https:\\\/\\\/cebb.org.br\\\/curso-no-cebb-londrina-construindo-o-coracao-do-bodisatva\\\/#breadcrumb\"},\"inLanguage\":\"en-GB\",\"potentialAction\":[{\"@type\":\"ReadAction\",\"target\":[\"https:\\\/\\\/cebb.org.br\\\/curso-no-cebb-londrina-construindo-o-coracao-do-bodisatva\\\/\"]}]},{\"@type\":\"ImageObject\",\"inLanguage\":\"en-GB\",\"@id\":\"https:\\\/\\\/cebb.org.br\\\/curso-no-cebb-londrina-construindo-o-coracao-do-bodisatva\\\/#primaryimage\",\"url\":\"https:\\\/\\\/cebb.org.br\\\/wp-content\\\/uploads\\\/2017\\\/11\\\/Opcao-1-e1510103585445.jpg\",\"contentUrl\":\"https:\\\/\\\/cebb.org.br\\\/wp-content\\\/uploads\\\/2017\\\/11\\\/Opcao-1-e1510103585445.jpg\",\"width\":2482,\"height\":738},{\"@type\":\"BreadcrumbList\",\"@id\":\"https:\\\/\\\/cebb.org.br\\\/curso-no-cebb-londrina-construindo-o-coracao-do-bodisatva\\\/#breadcrumb\",\"itemListElement\":[{\"@type\":\"ListItem\",\"position\":1,\"name\":\"Home\",\"item\":\"https:\\\/\\\/cebb.org.br\\\/\"},{\"@type\":\"ListItem\",\"position\":2,\"name\":\"Curso no CEBB Londrina: Construindo o cora\u00e7\u00e3o do Bodisatva\"}]},{\"@type\":\"WebSite\",\"@id\":\"https:\\\/\\\/cebb.org.br\\\/#website\",\"url\":\"https:\\\/\\\/cebb.org.br\\\/\",\"name\":\"Centro de Estudos Budistas Bodisatva\",\"description\":\"Budismo, medita\u00e7\u00e3o e cultura de paz | Lama Padma Samten\",\"publisher\":{\"@id\":\"https:\\\/\\\/cebb.org.br\\\/#organization\"},\"potentialAction\":[{\"@type\":\"SearchAction\",\"target\":{\"@type\":\"EntryPoint\",\"urlTemplate\":\"https:\\\/\\\/cebb.org.br\\\/?s={search_term_string}\"},\"query-input\":{\"@type\":\"PropertyValueSpecification\",\"valueRequired\":true,\"valueName\":\"search_term_string\"}}],\"inLanguage\":\"en-GB\"},{\"@type\":\"Organization\",\"@id\":\"https:\\\/\\\/cebb.org.br\\\/#organization\",\"name\":\"Centro de Estudos Budistas Bodisatva\",\"url\":\"https:\\\/\\\/cebb.org.br\\\/\",\"logo\":{\"@type\":\"ImageObject\",\"inLanguage\":\"en-GB\",\"@id\":\"https:\\\/\\\/cebb.org.br\\\/#\\\/schema\\\/logo\\\/image\\\/\",\"url\":\"http:\\\/\\\/18.230.164.79\\\/wp-content\\\/uploads\\\/2011\\\/03\\\/logosalvador-peq-e1660064979551.jpg\",\"contentUrl\":\"http:\\\/\\\/18.230.164.79\\\/wp-content\\\/uploads\\\/2011\\\/03\\\/logosalvador-peq-e1660064979551.jpg\",\"width\":280,\"height\":231,\"caption\":\"Centro de Estudos Budistas Bodisatva\"},\"image\":{\"@id\":\"https:\\\/\\\/cebb.org.br\\\/#\\\/schema\\\/logo\\\/image\\\/\"},\"sameAs\":[\"https:\\\/\\\/pt-br.facebook.com\\\/cebb108\",\"https:\\\/\\\/www.instagram.com\\\/cebbcaminhodomeio\\\/\"]},{\"@type\":\"Person\",\"@id\":\"\",\"url\":\"https:\\\/\\\/cebb.org.br\\\/en\\\/author\\\/\"}]}<\/script>\n<!-- \/ Yoast SEO plugin. -->","yoast_head_json":{"title":"Curso no CEBB Londrina: Construindo o cora\u00e7\u00e3o do Bodisatva - Centro de Estudos Budistas Bodisatva","robots":{"index":"index","follow":"follow","max-snippet":"max-snippet:-1","max-image-preview":"max-image-preview:large","max-video-preview":"max-video-preview:-1"},"canonical":"https:\/\/cebb.org.br\/en\/curso-no-cebb-londrina-construindo-o-coracao-do-bodisatva\/","og_locale":"en_GB","og_type":"article","og_title":"Curso no CEBB Londrina: Construindo o cora\u00e7\u00e3o do Bodisatva - Centro de Estudos Budistas Bodisatva","og_description":"De 15\/11 a 19\/11 | CEBB Londrina | Ministrado por Bernadete Brand\u00e3o","og_url":"https:\/\/cebb.org.br\/en\/curso-no-cebb-londrina-construindo-o-coracao-do-bodisatva\/","og_site_name":"Centro de Estudos Budistas Bodisatva","article_publisher":"https:\/\/pt-br.facebook.com\/cebb108","article_published_time":"2017-11-08T01:14:21+00:00","og_image":[{"width":2482,"height":738,"url":"https:\/\/cebb.org.br\/wp-content\/uploads\/2017\/11\/Opcao-1-e1510103585445.jpg","type":"image\/jpeg"}],"twitter_card":"summary_large_image","twitter_misc":{"Written by":"","Estimated reading time":"2 minutes"},"schema":{"@context":"https:\/\/schema.org","@graph":[{"@type":"Article","@id":"https:\/\/cebb.org.br\/curso-no-cebb-londrina-construindo-o-coracao-do-bodisatva\/#article","isPartOf":{"@id":"https:\/\/cebb.org.br\/curso-no-cebb-londrina-construindo-o-coracao-do-bodisatva\/"},"author":{"name":"","@id":""},"headline":"Curso no CEBB Londrina: Construindo o cora\u00e7\u00e3o do Bodisatva","datePublished":"2017-11-08T01:14:21+00:00","mainEntityOfPage":{"@id":"https:\/\/cebb.org.br\/curso-no-cebb-londrina-construindo-o-coracao-do-bodisatva\/"},"wordCount":353,"publisher":{"@id":"https:\/\/cebb.org.br\/#organization"},"image":{"@id":"https:\/\/cebb.org.br\/curso-no-cebb-londrina-construindo-o-coracao-do-bodisatva\/#primaryimage"},"thumbnailUrl":"https:\/\/cebb.org.br\/wp-content\/uploads\/2017\/11\/Opcao-1-e1510103585445.jpg","articleSection":["CEBB Londrina","Cursos com tutores","Treinamento em vis\u00e3o e medita\u00e7\u00e3o"],"inLanguage":"en-GB"},{"@type":"WebPage","@id":"https:\/\/cebb.org.br\/curso-no-cebb-londrina-construindo-o-coracao-do-bodisatva\/","url":"https:\/\/cebb.org.br\/curso-no-cebb-londrina-construindo-o-coracao-do-bodisatva\/","name":"Curso no CEBB Londrina: Construindo o cora\u00e7\u00e3o do Bodisatva - Centro de Estudos Budistas Bodisatva","isPartOf":{"@id":"https:\/\/cebb.org.br\/#website"},"primaryImageOfPage":{"@id":"https:\/\/cebb.org.br\/curso-no-cebb-londrina-construindo-o-coracao-do-bodisatva\/#primaryimage"},"image":{"@id":"https:\/\/cebb.org.br\/curso-no-cebb-londrina-construindo-o-coracao-do-bodisatva\/#primaryimage"},"thumbnailUrl":"https:\/\/cebb.org.br\/wp-content\/uploads\/2017\/11\/Opcao-1-e1510103585445.jpg","datePublished":"2017-11-08T01:14:21+00:00","breadcrumb":{"@id":"https:\/\/cebb.org.br\/curso-no-cebb-londrina-construindo-o-coracao-do-bodisatva\/#breadcrumb"},"inLanguage":"en-GB","potentialAction":[{"@type":"ReadAction","target":["https:\/\/cebb.org.br\/curso-no-cebb-londrina-construindo-o-coracao-do-bodisatva\/"]}]},{"@type":"ImageObject","inLanguage":"en-GB","@id":"https:\/\/cebb.org.br\/curso-no-cebb-londrina-construindo-o-coracao-do-bodisatva\/#primaryimage","url":"https:\/\/cebb.org.br\/wp-content\/uploads\/2017\/11\/Opcao-1-e1510103585445.jpg","contentUrl":"https:\/\/cebb.org.br\/wp-content\/uploads\/2017\/11\/Opcao-1-e1510103585445.jpg","width":2482,"height":738},{"@type":"BreadcrumbList","@id":"https:\/\/cebb.org.br\/curso-no-cebb-londrina-construindo-o-coracao-do-bodisatva\/#breadcrumb","itemListElement":[{"@type":"ListItem","position":1,"name":"Home","item":"https:\/\/cebb.org.br\/"},{"@type":"ListItem","position":2,"name":"Curso no CEBB Londrina: Construindo o cora\u00e7\u00e3o do Bodisatva"}]},{"@type":"WebSite","@id":"https:\/\/cebb.org.br\/#website","url":"https:\/\/cebb.org.br\/","name":"Bodhisattva Center for Buddhist Studies","description":"Budismo, medita\u00e7\u00e3o e cultura de paz | Lama Padma Samten","publisher":{"@id":"https:\/\/cebb.org.br\/#organization"},"potentialAction":[{"@type":"SearchAction","target":{"@type":"EntryPoint","urlTemplate":"https:\/\/cebb.org.br\/?s={search_term_string}"},"query-input":{"@type":"PropertyValueSpecification","valueRequired":true,"valueName":"search_term_string"}}],"inLanguage":"en-GB"},{"@type":"Organization","@id":"https:\/\/cebb.org.br\/#organization","name":"Bodhisattva Center for Buddhist Studies","url":"https:\/\/cebb.org.br\/","logo":{"@type":"ImageObject","inLanguage":"en-GB","@id":"https:\/\/cebb.org.br\/#\/schema\/logo\/image\/","url":"http:\/\/18.230.164.79\/wp-content\/uploads\/2011\/03\/logosalvador-peq-e1660064979551.jpg","contentUrl":"http:\/\/18.230.164.79\/wp-content\/uploads\/2011\/03\/logosalvador-peq-e1660064979551.jpg","width":280,"height":231,"caption":"Centro de Estudos Budistas Bodisatva"},"image":{"@id":"https:\/\/cebb.org.br\/#\/schema\/logo\/image\/"},"sameAs":["https:\/\/pt-br.facebook.com\/cebb108","https:\/\/www.instagram.com\/cebbcaminhodomeio\/"]},{"@type":"Person","@id":"","url":"https:\/\/cebb.org.br\/en\/author\/"}]}},"_links":{"self":[{"href":"https:\/\/cebb.org.br\/en\/wp-json\/wp\/v2\/posts\/49382","targetHints":{"allow":["GET"]}}],"collection":[{"href":"https:\/\/cebb.org.br\/en\/wp-json\/wp\/v2\/posts"}],"about":[{"href":"https:\/\/cebb.org.br\/en\/wp-json\/wp\/v2\/types\/post"}],"author":[{"embeddable":true,"href":"https:\/\/cebb.org.br\/en\/wp-json\/wp\/v2\/users\/132"}],"replies":[{"embeddable":true,"href":"https:\/\/cebb.org.br\/en\/wp-json\/wp\/v2\/comments?post=49382"}],"version-history":[{"count":0,"href":"https:\/\/cebb.org.br\/en\/wp-json\/wp\/v2\/posts\/49382\/revisions"}],"wp:featuredmedia":[{"embeddable":true,"href":"https:\/\/cebb.org.br\/en\/wp-json\/wp\/v2\/media\/49384"}],"wp:attachment":[{"href":"https:\/\/cebb.org.br\/en\/wp-json\/wp\/v2\/media?parent=49382"}],"wp:term":[{"taxonomy":"category","embeddable":true,"href":"https:\/\/cebb.org.br\/en\/wp-json\/wp\/v2\/categories?post=49382"},{"taxonomy":"post_tag","embeddable":true,"href":"https:\/\/cebb.org.br\/en\/wp-json\/wp\/v2\/tags?post=49382"}],"curies":[{"name":"wp","href":"https:\/\/api.w.org\/{rel}","templated":true}]}}