{"id":58895,"date":"2018-07-30T13:40:09","date_gmt":"2018-07-30T16:40:09","guid":{"rendered":"http:\/\/www.cebb.org.br\/?p=58895"},"modified":"2018-07-30T13:40:09","modified_gmt":"2018-07-30T16:40:09","slug":"curso-a-realidade-e-um-espelho-os-12-elos-da-originacao-dependente","status":"publish","type":"post","link":"https:\/\/cebb.org.br\/en\/curso-a-realidade-e-um-espelho-os-12-elos-da-originacao-dependente\/","title":{"rendered":"Curso &#124; A Realidade \u00e9 um Espelho: os 12 Elos da Origina\u00e7\u00e3o Dependente"},"content":{"rendered":"<p dir=\"ltr\"><strong>7 e 8 de agosto | CEBB Macei\u00f3 | com Henrique Lemes<\/strong><\/p>\n<p dir=\"ltr\">INSCRI\u00c7\u00d5ES ABERTAS &#8211; VAGAS LIMITADAS<\/p>\n<p dir=\"ltr\"><!--more--><\/p>\n<p dir=\"ltr\">Diferentes pessoas visualizam coisas diversas diante da mesma situa\u00e7\u00e3o. Isso \u00e9 resultado de condicionamentos diferentes. Como se formam essas tend\u00eancias? Como trabalhar a mente para desenvolver uma postura de liberdade diante dos fen\u00f4menos? Esse \u00e9 o objetivo do curso especial \u201cA Realidade \u00e9 um Espelho\u201d, que o Centro de Estudos Budistas Bodisatva (CEBB) promove em Macei\u00f3 nos dias 7 e 8 de agosto. Conduzidas por Henrique Lemes, tutor do CEBB, de Porto Alegre (RS), as duas aulas abordar\u00e3o \u201cOs doze elos da origina\u00e7\u00e3o dependente\u201d, um dos temas fundamentais de contempla\u00e7\u00e3o do budismo, que mostra o quanto a realidade \u00e9 um espelho da mente, e n\u00e3o algo dado, independente dela. \u201cUm ceramista, ao olhar para o barro, contempla n\u00e3o apenas o material de sua futura obra de arte mas tamb\u00e9m suas imagens internas. Isso \u00e9 chamado de origina\u00e7\u00e3o dependente: o que n\u00f3s estamos vendo n\u00e3o vem da materialidade do mundo, mas de um aspecto sutil da nossa pr\u00f3pria mente\u201d, explica Henrique Lemes. \u201cPor meio de treino, \u00e9 poss\u00edvel ensinar a mente a observar o processo de pris\u00e3o sempre que as a\u00e7\u00f5es condicionadas se manifestam\u201d, completa.<\/p>\n<p dir=\"ltr\">As vagas s\u00e3o limitadas, com contribui\u00e7\u00e3o sugerida de R$ 30 por dia, e as inscri\u00e7\u00f5es podem ser feitas por este link: <a href=\"https:\/\/goo.gl\/forms\/AcFyxulsDV8qgLmt1\" target=\"_blank\" rel=\"noopener\">clique aqui<\/a><\/p>\n<p dir=\"ltr\"><strong>Henrique Lemes<\/strong> \u00e9 antrop\u00f3logo e tutor do Programa de Forma\u00e7\u00e3o do Centro de Estudos Budistas Bodisatva, sob a orienta\u00e7\u00e3o do Lama Padma Samten.<\/p>\n<p dir=\"ltr\">\n<h5 dir=\"ltr\"><strong>Curso | A realidade \u00e9 um espelho: os doze elos da origina\u00e7\u00e3o dependente \u2728<\/strong><\/h5>\n<p><strong>\u00a0<\/strong>7 e 8 de agosto | ter\u00e7a e quarta-feira, das 19h30 \u00e0s 21h30<br \/>\nInscri\u00e7\u00f5es pelo formul\u00e1rio: <a href=\"https:\/\/goo.gl\/forms\/AcFyxulsDV8qgLmt1\" target=\"_blank\" rel=\"noopener\">clique aqui<\/a><br \/>\nLocal: CEBB Macei\u00f3 &#8211; Rua Jos\u00e9 Sampaio Luz, 468 &#8211; Ponta Verde<br \/>\nContribui\u00e7\u00e3o sugerida: R$ 30 por dia<br \/>\n&nbsp;<\/p>\n<p dir=\"ltr\">(As contribui\u00e7\u00f5es s\u00e3o a \u00fanica e tradicional forma de sustenta\u00e7\u00e3o dos centros budistas \u2014 oferecer sustento \u00e9 uma pr\u00e1tica direta de compaix\u00e3o e generosidade. Ao contribuir, voc\u00ea apoia a sustenta\u00e7\u00e3o do CEBB Macei\u00f3. Se voc\u00ea n\u00e3o disp\u00f5e desse valor, n\u00e3o deixe de participar, nos escreva: cebb.maceio@gmail.com.)<\/p>","protected":false},"excerpt":{"rendered":"<p>7 e 8 de agosto | CEBB Macei\u00f3 | com Henrique Lemes INSCRI\u00c7\u00d5ES ABERTAS &#8211; VAGAS LIMITADAS<\/p>","protected":false},"author":139,"featured_media":54647,"comment_status":"closed","ping_status":"open","sticky":false,"template":"","format":"standard","meta":{"footnotes":""},"categories":[366,398,336],"tags":[],"class_list":["post-58895","post","type-post","status-publish","format-standard","has-post-thumbnail","hentry","category-al","category-maceio","category-cursos-com-tutores"],"yoast_head":"<!-- This site is optimized with the Yoast SEO plugin v27.5 - https:\/\/yoast.com\/product\/yoast-seo-wordpress\/ -->\n<title>Curso &#124; A Realidade \u00e9 um Espelho: os 12 Elos da Origina\u00e7\u00e3o Dependente - Centro de Estudos Budistas Bodisatva<\/title>\n<meta name=\"robots\" content=\"index, follow, max-snippet:-1, max-image-preview:large, max-video-preview:-1\" \/>\n<link rel=\"canonical\" href=\"https:\/\/cebb.org.br\/en\/curso-a-realidade-e-um-espelho-os-12-elos-da-originacao-dependente\/\" \/>\n<meta property=\"og:locale\" content=\"en_GB\" \/>\n<meta property=\"og:type\" content=\"article\" \/>\n<meta property=\"og:title\" content=\"Curso &#124; A Realidade \u00e9 um Espelho: os 12 Elos da Origina\u00e7\u00e3o Dependente - Centro de Estudos Budistas Bodisatva\" \/>\n<meta property=\"og:description\" content=\"7 e 8 de agosto | CEBB Macei\u00f3 | com Henrique Lemes INSCRI\u00c7\u00d5ES ABERTAS &#8211; VAGAS LIMITADAS\" \/>\n<meta property=\"og:url\" content=\"https:\/\/cebb.org.br\/en\/curso-a-realidade-e-um-espelho-os-12-elos-da-originacao-dependente\/\" \/>\n<meta property=\"og:site_name\" content=\"Centro de Estudos Budistas Bodisatva\" \/>\n<meta property=\"article:publisher\" content=\"https:\/\/pt-br.facebook.com\/cebb108\" \/>\n<meta property=\"article:published_time\" content=\"2018-07-30T16:40:09+00:00\" \/>\n<meta property=\"og:image\" content=\"https:\/\/cebb.org.br\/wp-content\/uploads\/2018\/04\/meditacao.jpg\" \/>\n\t<meta property=\"og:image:width\" content=\"800\" \/>\n\t<meta property=\"og:image:height\" content=\"400\" \/>\n\t<meta property=\"og:image:type\" content=\"image\/jpeg\" \/>\n<meta name=\"twitter:card\" content=\"summary_large_image\" \/>\n<meta name=\"twitter:label1\" content=\"Written by\" \/>\n\t<meta name=\"twitter:data1\" content=\"\" \/>\n\t<meta name=\"twitter:label2\" content=\"Estimated reading time\" \/>\n\t<meta name=\"twitter:data2\" content=\"2 minutes\" \/>\n<script type=\"application\/ld+json\" class=\"yoast-schema-graph\">{\"@context\":\"https:\\\/\\\/schema.org\",\"@graph\":[{\"@type\":\"Article\",\"@id\":\"https:\\\/\\\/cebb.org.br\\\/curso-a-realidade-e-um-espelho-os-12-elos-da-originacao-dependente\\\/#article\",\"isPartOf\":{\"@id\":\"https:\\\/\\\/cebb.org.br\\\/curso-a-realidade-e-um-espelho-os-12-elos-da-originacao-dependente\\\/\"},\"author\":{\"name\":\"\",\"@id\":\"\"},\"headline\":\"Curso &#124; A Realidade \u00e9 um Espelho: os 12 Elos da Origina\u00e7\u00e3o Dependente\",\"datePublished\":\"2018-07-30T16:40:09+00:00\",\"mainEntityOfPage\":{\"@id\":\"https:\\\/\\\/cebb.org.br\\\/curso-a-realidade-e-um-espelho-os-12-elos-da-originacao-dependente\\\/\"},\"wordCount\":371,\"publisher\":{\"@id\":\"https:\\\/\\\/cebb.org.br\\\/#organization\"},\"image\":{\"@id\":\"https:\\\/\\\/cebb.org.br\\\/curso-a-realidade-e-um-espelho-os-12-elos-da-originacao-dependente\\\/#primaryimage\"},\"thumbnailUrl\":\"https:\\\/\\\/cebb.org.br\\\/wp-content\\\/uploads\\\/2018\\\/04\\\/meditacao.jpg\",\"articleSection\":[\"AL\",\"CEBB Macei\u00f3\",\"Cursos com tutores\"],\"inLanguage\":\"en-GB\"},{\"@type\":\"WebPage\",\"@id\":\"https:\\\/\\\/cebb.org.br\\\/curso-a-realidade-e-um-espelho-os-12-elos-da-originacao-dependente\\\/\",\"url\":\"https:\\\/\\\/cebb.org.br\\\/curso-a-realidade-e-um-espelho-os-12-elos-da-originacao-dependente\\\/\",\"name\":\"Curso &#124; A Realidade \u00e9 um Espelho: os 12 Elos da Origina\u00e7\u00e3o Dependente - Centro de Estudos Budistas Bodisatva\",\"isPartOf\":{\"@id\":\"https:\\\/\\\/cebb.org.br\\\/#website\"},\"primaryImageOfPage\":{\"@id\":\"https:\\\/\\\/cebb.org.br\\\/curso-a-realidade-e-um-espelho-os-12-elos-da-originacao-dependente\\\/#primaryimage\"},\"image\":{\"@id\":\"https:\\\/\\\/cebb.org.br\\\/curso-a-realidade-e-um-espelho-os-12-elos-da-originacao-dependente\\\/#primaryimage\"},\"thumbnailUrl\":\"https:\\\/\\\/cebb.org.br\\\/wp-content\\\/uploads\\\/2018\\\/04\\\/meditacao.jpg\",\"datePublished\":\"2018-07-30T16:40:09+00:00\",\"breadcrumb\":{\"@id\":\"https:\\\/\\\/cebb.org.br\\\/curso-a-realidade-e-um-espelho-os-12-elos-da-originacao-dependente\\\/#breadcrumb\"},\"inLanguage\":\"en-GB\",\"potentialAction\":[{\"@type\":\"ReadAction\",\"target\":[\"https:\\\/\\\/cebb.org.br\\\/curso-a-realidade-e-um-espelho-os-12-elos-da-originacao-dependente\\\/\"]}]},{\"@type\":\"ImageObject\",\"inLanguage\":\"en-GB\",\"@id\":\"https:\\\/\\\/cebb.org.br\\\/curso-a-realidade-e-um-espelho-os-12-elos-da-originacao-dependente\\\/#primaryimage\",\"url\":\"https:\\\/\\\/cebb.org.br\\\/wp-content\\\/uploads\\\/2018\\\/04\\\/meditacao.jpg\",\"contentUrl\":\"https:\\\/\\\/cebb.org.br\\\/wp-content\\\/uploads\\\/2018\\\/04\\\/meditacao.jpg\",\"width\":800,\"height\":400},{\"@type\":\"BreadcrumbList\",\"@id\":\"https:\\\/\\\/cebb.org.br\\\/curso-a-realidade-e-um-espelho-os-12-elos-da-originacao-dependente\\\/#breadcrumb\",\"itemListElement\":[{\"@type\":\"ListItem\",\"position\":1,\"name\":\"Home\",\"item\":\"https:\\\/\\\/cebb.org.br\\\/\"},{\"@type\":\"ListItem\",\"position\":2,\"name\":\"Curso &#124; A Realidade \u00e9 um Espelho: os 12 Elos da Origina\u00e7\u00e3o Dependente\"}]},{\"@type\":\"WebSite\",\"@id\":\"https:\\\/\\\/cebb.org.br\\\/#website\",\"url\":\"https:\\\/\\\/cebb.org.br\\\/\",\"name\":\"Centro de Estudos Budistas Bodisatva\",\"description\":\"Budismo, medita\u00e7\u00e3o e cultura de paz | Lama Padma Samten\",\"publisher\":{\"@id\":\"https:\\\/\\\/cebb.org.br\\\/#organization\"},\"potentialAction\":[{\"@type\":\"SearchAction\",\"target\":{\"@type\":\"EntryPoint\",\"urlTemplate\":\"https:\\\/\\\/cebb.org.br\\\/?s={search_term_string}\"},\"query-input\":{\"@type\":\"PropertyValueSpecification\",\"valueRequired\":true,\"valueName\":\"search_term_string\"}}],\"inLanguage\":\"en-GB\"},{\"@type\":\"Organization\",\"@id\":\"https:\\\/\\\/cebb.org.br\\\/#organization\",\"name\":\"Centro de Estudos Budistas Bodisatva\",\"url\":\"https:\\\/\\\/cebb.org.br\\\/\",\"logo\":{\"@type\":\"ImageObject\",\"inLanguage\":\"en-GB\",\"@id\":\"https:\\\/\\\/cebb.org.br\\\/#\\\/schema\\\/logo\\\/image\\\/\",\"url\":\"http:\\\/\\\/18.230.164.79\\\/wp-content\\\/uploads\\\/2011\\\/03\\\/logosalvador-peq-e1660064979551.jpg\",\"contentUrl\":\"http:\\\/\\\/18.230.164.79\\\/wp-content\\\/uploads\\\/2011\\\/03\\\/logosalvador-peq-e1660064979551.jpg\",\"width\":280,\"height\":231,\"caption\":\"Centro de Estudos Budistas Bodisatva\"},\"image\":{\"@id\":\"https:\\\/\\\/cebb.org.br\\\/#\\\/schema\\\/logo\\\/image\\\/\"},\"sameAs\":[\"https:\\\/\\\/pt-br.facebook.com\\\/cebb108\",\"https:\\\/\\\/www.instagram.com\\\/cebbcaminhodomeio\\\/\"]},{\"@type\":\"Person\",\"@id\":\"\",\"url\":\"https:\\\/\\\/cebb.org.br\\\/en\\\/author\\\/\"}]}<\/script>\n<!-- \/ Yoast SEO plugin. -->","yoast_head_json":{"title":"Curso &#124; A Realidade \u00e9 um Espelho: os 12 Elos da Origina\u00e7\u00e3o Dependente - Centro de Estudos Budistas Bodisatva","robots":{"index":"index","follow":"follow","max-snippet":"max-snippet:-1","max-image-preview":"max-image-preview:large","max-video-preview":"max-video-preview:-1"},"canonical":"https:\/\/cebb.org.br\/en\/curso-a-realidade-e-um-espelho-os-12-elos-da-originacao-dependente\/","og_locale":"en_GB","og_type":"article","og_title":"Curso &#124; A Realidade \u00e9 um Espelho: os 12 Elos da Origina\u00e7\u00e3o Dependente - Centro de Estudos Budistas Bodisatva","og_description":"7 e 8 de agosto | CEBB Macei\u00f3 | com Henrique Lemes INSCRI\u00c7\u00d5ES ABERTAS &#8211; VAGAS LIMITADAS","og_url":"https:\/\/cebb.org.br\/en\/curso-a-realidade-e-um-espelho-os-12-elos-da-originacao-dependente\/","og_site_name":"Centro de Estudos Budistas Bodisatva","article_publisher":"https:\/\/pt-br.facebook.com\/cebb108","article_published_time":"2018-07-30T16:40:09+00:00","og_image":[{"width":800,"height":400,"url":"https:\/\/cebb.org.br\/wp-content\/uploads\/2018\/04\/meditacao.jpg","type":"image\/jpeg"}],"twitter_card":"summary_large_image","twitter_misc":{"Written by":"","Estimated reading time":"2 minutes"},"schema":{"@context":"https:\/\/schema.org","@graph":[{"@type":"Article","@id":"https:\/\/cebb.org.br\/curso-a-realidade-e-um-espelho-os-12-elos-da-originacao-dependente\/#article","isPartOf":{"@id":"https:\/\/cebb.org.br\/curso-a-realidade-e-um-espelho-os-12-elos-da-originacao-dependente\/"},"author":{"name":"","@id":""},"headline":"Curso &#124; A Realidade \u00e9 um Espelho: os 12 Elos da Origina\u00e7\u00e3o Dependente","datePublished":"2018-07-30T16:40:09+00:00","mainEntityOfPage":{"@id":"https:\/\/cebb.org.br\/curso-a-realidade-e-um-espelho-os-12-elos-da-originacao-dependente\/"},"wordCount":371,"publisher":{"@id":"https:\/\/cebb.org.br\/#organization"},"image":{"@id":"https:\/\/cebb.org.br\/curso-a-realidade-e-um-espelho-os-12-elos-da-originacao-dependente\/#primaryimage"},"thumbnailUrl":"https:\/\/cebb.org.br\/wp-content\/uploads\/2018\/04\/meditacao.jpg","articleSection":["AL","CEBB Macei\u00f3","Cursos com tutores"],"inLanguage":"en-GB"},{"@type":"WebPage","@id":"https:\/\/cebb.org.br\/curso-a-realidade-e-um-espelho-os-12-elos-da-originacao-dependente\/","url":"https:\/\/cebb.org.br\/curso-a-realidade-e-um-espelho-os-12-elos-da-originacao-dependente\/","name":"Curso &#124; A Realidade \u00e9 um Espelho: os 12 Elos da Origina\u00e7\u00e3o Dependente - Centro de Estudos Budistas Bodisatva","isPartOf":{"@id":"https:\/\/cebb.org.br\/#website"},"primaryImageOfPage":{"@id":"https:\/\/cebb.org.br\/curso-a-realidade-e-um-espelho-os-12-elos-da-originacao-dependente\/#primaryimage"},"image":{"@id":"https:\/\/cebb.org.br\/curso-a-realidade-e-um-espelho-os-12-elos-da-originacao-dependente\/#primaryimage"},"thumbnailUrl":"https:\/\/cebb.org.br\/wp-content\/uploads\/2018\/04\/meditacao.jpg","datePublished":"2018-07-30T16:40:09+00:00","breadcrumb":{"@id":"https:\/\/cebb.org.br\/curso-a-realidade-e-um-espelho-os-12-elos-da-originacao-dependente\/#breadcrumb"},"inLanguage":"en-GB","potentialAction":[{"@type":"ReadAction","target":["https:\/\/cebb.org.br\/curso-a-realidade-e-um-espelho-os-12-elos-da-originacao-dependente\/"]}]},{"@type":"ImageObject","inLanguage":"en-GB","@id":"https:\/\/cebb.org.br\/curso-a-realidade-e-um-espelho-os-12-elos-da-originacao-dependente\/#primaryimage","url":"https:\/\/cebb.org.br\/wp-content\/uploads\/2018\/04\/meditacao.jpg","contentUrl":"https:\/\/cebb.org.br\/wp-content\/uploads\/2018\/04\/meditacao.jpg","width":800,"height":400},{"@type":"BreadcrumbList","@id":"https:\/\/cebb.org.br\/curso-a-realidade-e-um-espelho-os-12-elos-da-originacao-dependente\/#breadcrumb","itemListElement":[{"@type":"ListItem","position":1,"name":"Home","item":"https:\/\/cebb.org.br\/"},{"@type":"ListItem","position":2,"name":"Curso &#124; A Realidade \u00e9 um Espelho: os 12 Elos da Origina\u00e7\u00e3o Dependente"}]},{"@type":"WebSite","@id":"https:\/\/cebb.org.br\/#website","url":"https:\/\/cebb.org.br\/","name":"Bodhisattva Center for Buddhist Studies","description":"Budismo, medita\u00e7\u00e3o e cultura de paz | Lama Padma Samten","publisher":{"@id":"https:\/\/cebb.org.br\/#organization"},"potentialAction":[{"@type":"SearchAction","target":{"@type":"EntryPoint","urlTemplate":"https:\/\/cebb.org.br\/?s={search_term_string}"},"query-input":{"@type":"PropertyValueSpecification","valueRequired":true,"valueName":"search_term_string"}}],"inLanguage":"en-GB"},{"@type":"Organization","@id":"https:\/\/cebb.org.br\/#organization","name":"Bodhisattva Center for Buddhist Studies","url":"https:\/\/cebb.org.br\/","logo":{"@type":"ImageObject","inLanguage":"en-GB","@id":"https:\/\/cebb.org.br\/#\/schema\/logo\/image\/","url":"http:\/\/18.230.164.79\/wp-content\/uploads\/2011\/03\/logosalvador-peq-e1660064979551.jpg","contentUrl":"http:\/\/18.230.164.79\/wp-content\/uploads\/2011\/03\/logosalvador-peq-e1660064979551.jpg","width":280,"height":231,"caption":"Centro de Estudos Budistas Bodisatva"},"image":{"@id":"https:\/\/cebb.org.br\/#\/schema\/logo\/image\/"},"sameAs":["https:\/\/pt-br.facebook.com\/cebb108","https:\/\/www.instagram.com\/cebbcaminhodomeio\/"]},{"@type":"Person","@id":"","url":"https:\/\/cebb.org.br\/en\/author\/"}]}},"_links":{"self":[{"href":"https:\/\/cebb.org.br\/en\/wp-json\/wp\/v2\/posts\/58895","targetHints":{"allow":["GET"]}}],"collection":[{"href":"https:\/\/cebb.org.br\/en\/wp-json\/wp\/v2\/posts"}],"about":[{"href":"https:\/\/cebb.org.br\/en\/wp-json\/wp\/v2\/types\/post"}],"author":[{"embeddable":true,"href":"https:\/\/cebb.org.br\/en\/wp-json\/wp\/v2\/users\/139"}],"replies":[{"embeddable":true,"href":"https:\/\/cebb.org.br\/en\/wp-json\/wp\/v2\/comments?post=58895"}],"version-history":[{"count":0,"href":"https:\/\/cebb.org.br\/en\/wp-json\/wp\/v2\/posts\/58895\/revisions"}],"wp:featuredmedia":[{"embeddable":true,"href":"https:\/\/cebb.org.br\/en\/wp-json\/wp\/v2\/media\/54647"}],"wp:attachment":[{"href":"https:\/\/cebb.org.br\/en\/wp-json\/wp\/v2\/media?parent=58895"}],"wp:term":[{"taxonomy":"category","embeddable":true,"href":"https:\/\/cebb.org.br\/en\/wp-json\/wp\/v2\/categories?post=58895"},{"taxonomy":"post_tag","embeddable":true,"href":"https:\/\/cebb.org.br\/en\/wp-json\/wp\/v2\/tags?post=58895"}],"curies":[{"name":"wp","href":"https:\/\/api.w.org\/{rel}","templated":true}]}}