{"id":83743,"date":"2021-07-27T09:10:54","date_gmt":"2021-07-27T12:10:54","guid":{"rendered":"http:\/\/www.cebb.org.br\/?p=83743"},"modified":"2022-11-07T18:01:32","modified_gmt":"2022-11-07T21:01:32","slug":"retiro-de-inverno-2021","status":"publish","type":"post","link":"https:\/\/cebb.org.br\/en\/retiro-de-inverno-2021\/","title":{"rendered":"Retiro de Inverno 2021"},"content":{"rendered":"<p><span style=\"color: #e23d28;\"><strong><em>Natureza da Realidade<\/em><\/strong><br \/>\n<strong>24\/07 a 01\/08 | Retiro de Inverno<\/strong><\/span><br \/>\n<strong>Inscreva-se e tenha acesso a playlist com as grava\u00e7\u00f5es dos ensinamentos.<\/strong><br \/>\n<!--more--><br \/>\n<em>Foto: Z\u00e9 Paiva<\/em><br \/>\nA supera\u00e7\u00e3o do sofrimento e a busca da felicidade e da libera\u00e7\u00e3o da ignor\u00e2ncia passam inevitavelmente pelo desenvolvimento da vis\u00e3o ampla dos Arhats, dos Bodisatvas e dos Budas.<br \/>\nA abordagem do tema da vacuidade das identidades pessoais, coletivas e das apar\u00eancias e, por outro lado, sua extraordin\u00e1ria manifesta\u00e7\u00e3o luminosa \u00e9 um item obrigat\u00f3rio no caminho budista, que culmina na vis\u00e3o al\u00e9m da ignor\u00e2ncia e da delus\u00e3o.<br \/>\nNesse retiro de inverno 2021 vamos procurar clarificar esse tema utilizando para isso fontes de textos em Pali, passando pelos textos Mahaiana, examinando a abordagem Vajraiana e culminando nos ensinamentos sobre a sabedoria primordial.<br \/>\nO objetivo \u00e9 desenvolver a estabilidade da mente e a sabedoria interna, ultrapassando assim os entraves que dificultam a compreens\u00e3o e o uso pr\u00e1tico dessa vis\u00e3o ampla em nossas vidas e contextos.<\/p>\n<h3>Schedule<\/h3>\n<p><strong>8h &#8211; 9h<\/strong> | Medita\u00e7\u00e3o<br \/>\n<strong>9h &#8211; 11h<\/strong> | Ensinamentos<br \/>\n<strong>14h &#8211; 17h<\/strong> | Medita\u00e7\u00e3o\/ Ensinamentos<br \/>\n<strong>19h -20h<\/strong> | Puja<br \/>\n<strong>20h &#8211; 20h30<\/strong> | Perguntas<\/p>\n<h3>Inscri\u00e7\u00e3o<\/h3>\n<p>Sua participa\u00e7\u00e3o \u00e9 muito importante e independe de contribui\u00e7\u00e3o financeira. Caso lhe seja poss\u00edvel contribuir, sinta-se livre para definir o valor, como refer\u00eancia, sugerimos R$ 600,00.<br \/>\nSua contribui\u00e7\u00e3o apoiar\u00e1 o CEBB Caminho do Meio, o <a href=\"https:\/\/cebb.org.br\/en\/centros\/rs\/bacopari\/\" target=\"_blank\" rel=\"noopener\">CEBB Bacopari<\/a>, o CEBB Jetavana e as atividades do Lama Padma Samten.<br \/>\n<a href=\"https:\/\/docs.google.com\/forms\/d\/e\/1FAIpQLScYTsee5neXz2PJQHWa6gV0qiYgPWdVSgoMav3jwkxzCG5rtg\/viewform\" class=\"su-button su-button-style-default\" style=\"color:#FFFFFF;background-color:#b8190d;border-color:#94140b;border-radius:5px\" target=\"_blank\" rel=\"noopener noreferrer\"><span style=\"color:#FFFFFF;padding:0px 16px;font-size:13px;line-height:26px;border-color:#ce5e56;border-radius:5px;text-shadow:none\"> INSCRI\u00c7\u00c3O AQUI<\/span><\/a><\/a><\/p>\n<h3>Practice of Generosity<\/h3>\n<p>Tradicionalmente, as atividades do Darma s\u00e3o sustentadas pela pr\u00e1tica da generosidade (Dana Paramita), que \u00e9 o que torna poss\u00edvel a continuidade dos ensinamentos desde os tempos do Buda, permitindo o surgimento e a manuten\u00e7\u00e3o dos centros de estudos, medita\u00e7\u00e3o e acolhimento e as iniciativas de educa\u00e7\u00e3o, prote\u00e7\u00e3o ambiental, terras puras e cultura de paz.<br \/>\nPara contribui\u00e7\u00f5es de dentro do Brasil, os dados banc\u00e1rios para doa\u00e7\u00e3o s\u00e3o:<\/p>\n<blockquote><p>Banco do Brasil (001)<br \/>\nFavorecido: Centro de Estudos Budistas Bodisatva<br \/>\nAgencia: 0628-9<br \/>\nConta corrente: 50124-7<br \/>\nCNPJ 94958949\/0001-42<br \/>\nPIX CNPJ &#8211; 94958949000142<\/p><\/blockquote>\n<h3>Transmiss\u00e3o<\/h3>\n<p>O retiro ocorrer\u00e1 por transmiss\u00e3o online direto do CEBB Bacopari, pelo APLICATIVO ZOOM e, simultaneamente, pelo canal Youtube do Lama Padma Samten.<br \/>\n<strong>O link para a P\u00e1gina de Acompanhamento de cada retiro, onde ser\u00e3o informados os links de cada per\u00edodo do retiro, ser\u00e1 enviado por um email-resposta ap\u00f3s o envio do formul\u00e1rio de inscri\u00e7\u00e3o.<\/strong><em><\/em><br \/>\n<strong>Caso n\u00e3o encontre o email-resposta em sua caixa de entrada<\/strong>, VERIFIQUE NA CAIXA DE SPAM ou em \u201cPROMO\u00c7\u00d5ES\u201d e marque como n\u00e3o-spam (caso esteja no SPAM). Pode ser \u00fatil incluir o endere\u00e7o (cebbcm@gmail.com) na sua lista de contatos.<\/p>\n<h3>Contact<\/h3>\n<p>cebbcm@gmail.com | (51) 99799 8184 (WhatsApp) (atendimento de segunda a sexta das 13h30 \u00e0s 18h).<\/p>","protected":false},"excerpt":{"rendered":"<p>Natureza da Realidade 24\/07 a 01\/08 | Retiro de Inverno Inscreva-se e tenha acesso a playlist com as grava\u00e7\u00f5es dos ensinamentos.<\/p>","protected":false},"author":4,"featured_media":83953,"comment_status":"closed","ping_status":"open","sticky":false,"template":"","format":"standard","meta":{"footnotes":""},"categories":[341,364],"tags":[],"class_list":["post-83743","post","type-post","status-publish","format-standard","has-post-thumbnail","hentry","category-eventos-passados","category-treinamento"],"yoast_head":"<!-- This site is optimized with the Yoast SEO plugin v27.5 - https:\/\/yoast.com\/product\/yoast-seo-wordpress\/ -->\n<title>Retiro de Inverno 2021 - Centro de Estudos Budistas Bodisatva<\/title>\n<meta name=\"description\" content=\"Desenvolver a estabilidade da mente e a sabedoria interna, ultrapassando os entraves que dificultam a compreens\u00e3o e o uso dessa vis\u00e3o ampla em nossas vidas.\" \/>\n<meta name=\"robots\" content=\"index, follow, max-snippet:-1, max-image-preview:large, max-video-preview:-1\" \/>\n<link rel=\"canonical\" href=\"https:\/\/cebb.org.br\/en\/retiro-de-inverno-2021\/\" \/>\n<meta property=\"og:locale\" content=\"en_GB\" \/>\n<meta property=\"og:type\" content=\"article\" \/>\n<meta property=\"og:title\" content=\"Retiro de Inverno 2021 - Centro de Estudos Budistas Bodisatva\" \/>\n<meta property=\"og:description\" content=\"Desenvolver a estabilidade da mente e a sabedoria interna, ultrapassando os entraves que dificultam a compreens\u00e3o e o uso dessa vis\u00e3o ampla em nossas vidas.\" \/>\n<meta property=\"og:url\" content=\"https:\/\/cebb.org.br\/en\/retiro-de-inverno-2021\/\" \/>\n<meta property=\"og:site_name\" content=\"Centro de Estudos Budistas Bodisatva\" \/>\n<meta property=\"article:publisher\" content=\"https:\/\/pt-br.facebook.com\/cebb108\" \/>\n<meta property=\"article:published_time\" content=\"2021-07-27T12:10:54+00:00\" \/>\n<meta property=\"article:modified_time\" content=\"2022-11-07T21:01:32+00:00\" \/>\n<meta property=\"og:image\" content=\"https:\/\/cebb.org.br\/wp-content\/uploads\/2021\/05\/vista21d03388-5.jpg\" \/>\n\t<meta property=\"og:image:width\" content=\"817\" \/>\n\t<meta property=\"og:image:height\" content=\"355\" \/>\n\t<meta property=\"og:image:type\" content=\"image\/jpeg\" \/>\n<meta name=\"author\" content=\"adriana\" \/>\n<meta name=\"twitter:card\" content=\"summary_large_image\" \/>\n<meta name=\"twitter:label1\" content=\"Written by\" \/>\n\t<meta name=\"twitter:data1\" content=\"adriana\" \/>\n\t<meta name=\"twitter:label2\" content=\"Estimated reading time\" \/>\n\t<meta name=\"twitter:data2\" content=\"3 minutes\" \/>\n<script type=\"application\/ld+json\" class=\"yoast-schema-graph\">{\"@context\":\"https:\\\/\\\/schema.org\",\"@graph\":[{\"@type\":\"Article\",\"@id\":\"https:\\\/\\\/cebb.org.br\\\/en\\\/retiro-de-inverno-2021\\\/#article\",\"isPartOf\":{\"@id\":\"https:\\\/\\\/cebb.org.br\\\/en\\\/retiro-de-inverno-2021\\\/\"},\"author\":{\"name\":\"adriana\",\"@id\":\"https:\\\/\\\/cebb.org.br\\\/#\\\/schema\\\/person\\\/2943f7434cfdce8a50054bcca9da418e\"},\"headline\":\"Retiro de Inverno 2021\",\"datePublished\":\"2021-07-27T12:10:54+00:00\",\"dateModified\":\"2022-11-07T21:01:32+00:00\",\"mainEntityOfPage\":{\"@id\":\"https:\\\/\\\/cebb.org.br\\\/en\\\/retiro-de-inverno-2021\\\/\"},\"wordCount\":494,\"publisher\":{\"@id\":\"https:\\\/\\\/cebb.org.br\\\/#organization\"},\"image\":{\"@id\":\"https:\\\/\\\/cebb.org.br\\\/en\\\/retiro-de-inverno-2021\\\/#primaryimage\"},\"thumbnailUrl\":\"https:\\\/\\\/cebb.org.br\\\/wp-content\\\/uploads\\\/2021\\\/05\\\/vista21d03388-5.jpg\",\"articleSection\":[\"Eventos Passados\",\"Treinamento em vis\u00e3o e medita\u00e7\u00e3o\"],\"inLanguage\":\"en-GB\"},{\"@type\":\"WebPage\",\"@id\":\"https:\\\/\\\/cebb.org.br\\\/en\\\/retiro-de-inverno-2021\\\/\",\"url\":\"https:\\\/\\\/cebb.org.br\\\/en\\\/retiro-de-inverno-2021\\\/\",\"name\":\"Retiro de Inverno 2021 - Centro de Estudos Budistas Bodisatva\",\"isPartOf\":{\"@id\":\"https:\\\/\\\/cebb.org.br\\\/#website\"},\"primaryImageOfPage\":{\"@id\":\"https:\\\/\\\/cebb.org.br\\\/en\\\/retiro-de-inverno-2021\\\/#primaryimage\"},\"image\":{\"@id\":\"https:\\\/\\\/cebb.org.br\\\/en\\\/retiro-de-inverno-2021\\\/#primaryimage\"},\"thumbnailUrl\":\"https:\\\/\\\/cebb.org.br\\\/wp-content\\\/uploads\\\/2021\\\/05\\\/vista21d03388-5.jpg\",\"datePublished\":\"2021-07-27T12:10:54+00:00\",\"dateModified\":\"2022-11-07T21:01:32+00:00\",\"description\":\"Desenvolver a estabilidade da mente e a sabedoria interna, ultrapassando os entraves que dificultam a compreens\u00e3o e o uso dessa vis\u00e3o ampla em nossas vidas.\",\"breadcrumb\":{\"@id\":\"https:\\\/\\\/cebb.org.br\\\/en\\\/retiro-de-inverno-2021\\\/#breadcrumb\"},\"inLanguage\":\"en-GB\",\"potentialAction\":[{\"@type\":\"ReadAction\",\"target\":[\"https:\\\/\\\/cebb.org.br\\\/en\\\/retiro-de-inverno-2021\\\/\"]}]},{\"@type\":\"ImageObject\",\"inLanguage\":\"en-GB\",\"@id\":\"https:\\\/\\\/cebb.org.br\\\/en\\\/retiro-de-inverno-2021\\\/#primaryimage\",\"url\":\"https:\\\/\\\/cebb.org.br\\\/wp-content\\\/uploads\\\/2021\\\/05\\\/vista21d03388-5.jpg\",\"contentUrl\":\"https:\\\/\\\/cebb.org.br\\\/wp-content\\\/uploads\\\/2021\\\/05\\\/vista21d03388-5.jpg\",\"width\":817,\"height\":355},{\"@type\":\"BreadcrumbList\",\"@id\":\"https:\\\/\\\/cebb.org.br\\\/en\\\/retiro-de-inverno-2021\\\/#breadcrumb\",\"itemListElement\":[{\"@type\":\"ListItem\",\"position\":1,\"name\":\"Home\",\"item\":\"https:\\\/\\\/cebb.org.br\\\/\"},{\"@type\":\"ListItem\",\"position\":2,\"name\":\"Retiro de Inverno 2021\"}]},{\"@type\":\"WebSite\",\"@id\":\"https:\\\/\\\/cebb.org.br\\\/#website\",\"url\":\"https:\\\/\\\/cebb.org.br\\\/\",\"name\":\"Centro de Estudos Budistas Bodisatva\",\"description\":\"Budismo, medita\u00e7\u00e3o e cultura de paz | Lama Padma Samten\",\"publisher\":{\"@id\":\"https:\\\/\\\/cebb.org.br\\\/#organization\"},\"potentialAction\":[{\"@type\":\"SearchAction\",\"target\":{\"@type\":\"EntryPoint\",\"urlTemplate\":\"https:\\\/\\\/cebb.org.br\\\/?s={search_term_string}\"},\"query-input\":{\"@type\":\"PropertyValueSpecification\",\"valueRequired\":true,\"valueName\":\"search_term_string\"}}],\"inLanguage\":\"en-GB\"},{\"@type\":\"Organization\",\"@id\":\"https:\\\/\\\/cebb.org.br\\\/#organization\",\"name\":\"Centro de Estudos Budistas Bodisatva\",\"url\":\"https:\\\/\\\/cebb.org.br\\\/\",\"logo\":{\"@type\":\"ImageObject\",\"inLanguage\":\"en-GB\",\"@id\":\"https:\\\/\\\/cebb.org.br\\\/#\\\/schema\\\/logo\\\/image\\\/\",\"url\":\"http:\\\/\\\/18.230.164.79\\\/wp-content\\\/uploads\\\/2011\\\/03\\\/logosalvador-peq-e1660064979551.jpg\",\"contentUrl\":\"http:\\\/\\\/18.230.164.79\\\/wp-content\\\/uploads\\\/2011\\\/03\\\/logosalvador-peq-e1660064979551.jpg\",\"width\":280,\"height\":231,\"caption\":\"Centro de Estudos Budistas Bodisatva\"},\"image\":{\"@id\":\"https:\\\/\\\/cebb.org.br\\\/#\\\/schema\\\/logo\\\/image\\\/\"},\"sameAs\":[\"https:\\\/\\\/pt-br.facebook.com\\\/cebb108\",\"https:\\\/\\\/www.instagram.com\\\/cebbcaminhodomeio\\\/\"]},{\"@type\":\"Person\",\"@id\":\"https:\\\/\\\/cebb.org.br\\\/#\\\/schema\\\/person\\\/2943f7434cfdce8a50054bcca9da418e\",\"name\":\"adriana\",\"image\":{\"@type\":\"ImageObject\",\"inLanguage\":\"en-GB\",\"@id\":\"https:\\\/\\\/secure.gravatar.com\\\/avatar\\\/f235a6769909b7357e271e7b95d7f24ff1268d2236b0a381c02f83a6368721f1?s=96&d=mm&r=g\",\"url\":\"https:\\\/\\\/secure.gravatar.com\\\/avatar\\\/f235a6769909b7357e271e7b95d7f24ff1268d2236b0a381c02f83a6368721f1?s=96&d=mm&r=g\",\"contentUrl\":\"https:\\\/\\\/secure.gravatar.com\\\/avatar\\\/f235a6769909b7357e271e7b95d7f24ff1268d2236b0a381c02f83a6368721f1?s=96&d=mm&r=g\",\"caption\":\"adriana\"},\"url\":\"https:\\\/\\\/cebb.org.br\\\/en\\\/author\\\/adriana\\\/\"}]}<\/script>\n<!-- \/ Yoast SEO plugin. -->","yoast_head_json":{"title":"Retiro de Inverno 2021 - Centro de Estudos Budistas Bodisatva","description":"Desenvolver a estabilidade da mente e a sabedoria interna, ultrapassando os entraves que dificultam a compreens\u00e3o e o uso dessa vis\u00e3o ampla em nossas vidas.","robots":{"index":"index","follow":"follow","max-snippet":"max-snippet:-1","max-image-preview":"max-image-preview:large","max-video-preview":"max-video-preview:-1"},"canonical":"https:\/\/cebb.org.br\/en\/retiro-de-inverno-2021\/","og_locale":"en_GB","og_type":"article","og_title":"Retiro de Inverno 2021 - Centro de Estudos Budistas Bodisatva","og_description":"Desenvolver a estabilidade da mente e a sabedoria interna, ultrapassando os entraves que dificultam a compreens\u00e3o e o uso dessa vis\u00e3o ampla em nossas vidas.","og_url":"https:\/\/cebb.org.br\/en\/retiro-de-inverno-2021\/","og_site_name":"Centro de Estudos Budistas Bodisatva","article_publisher":"https:\/\/pt-br.facebook.com\/cebb108","article_published_time":"2021-07-27T12:10:54+00:00","article_modified_time":"2022-11-07T21:01:32+00:00","og_image":[{"width":817,"height":355,"url":"https:\/\/cebb.org.br\/wp-content\/uploads\/2021\/05\/vista21d03388-5.jpg","type":"image\/jpeg"}],"author":"adriana","twitter_card":"summary_large_image","twitter_misc":{"Written by":"adriana","Estimated reading time":"3 minutes"},"schema":{"@context":"https:\/\/schema.org","@graph":[{"@type":"Article","@id":"https:\/\/cebb.org.br\/en\/retiro-de-inverno-2021\/#article","isPartOf":{"@id":"https:\/\/cebb.org.br\/en\/retiro-de-inverno-2021\/"},"author":{"name":"adriana","@id":"https:\/\/cebb.org.br\/#\/schema\/person\/2943f7434cfdce8a50054bcca9da418e"},"headline":"Retiro de Inverno 2021","datePublished":"2021-07-27T12:10:54+00:00","dateModified":"2022-11-07T21:01:32+00:00","mainEntityOfPage":{"@id":"https:\/\/cebb.org.br\/en\/retiro-de-inverno-2021\/"},"wordCount":494,"publisher":{"@id":"https:\/\/cebb.org.br\/#organization"},"image":{"@id":"https:\/\/cebb.org.br\/en\/retiro-de-inverno-2021\/#primaryimage"},"thumbnailUrl":"https:\/\/cebb.org.br\/wp-content\/uploads\/2021\/05\/vista21d03388-5.jpg","articleSection":["Eventos Passados","Treinamento em vis\u00e3o e medita\u00e7\u00e3o"],"inLanguage":"en-GB"},{"@type":"WebPage","@id":"https:\/\/cebb.org.br\/en\/retiro-de-inverno-2021\/","url":"https:\/\/cebb.org.br\/en\/retiro-de-inverno-2021\/","name":"Retiro de Inverno 2021 - Centro de Estudos Budistas Bodisatva","isPartOf":{"@id":"https:\/\/cebb.org.br\/#website"},"primaryImageOfPage":{"@id":"https:\/\/cebb.org.br\/en\/retiro-de-inverno-2021\/#primaryimage"},"image":{"@id":"https:\/\/cebb.org.br\/en\/retiro-de-inverno-2021\/#primaryimage"},"thumbnailUrl":"https:\/\/cebb.org.br\/wp-content\/uploads\/2021\/05\/vista21d03388-5.jpg","datePublished":"2021-07-27T12:10:54+00:00","dateModified":"2022-11-07T21:01:32+00:00","description":"Desenvolver a estabilidade da mente e a sabedoria interna, ultrapassando os entraves que dificultam a compreens\u00e3o e o uso dessa vis\u00e3o ampla em nossas vidas.","breadcrumb":{"@id":"https:\/\/cebb.org.br\/en\/retiro-de-inverno-2021\/#breadcrumb"},"inLanguage":"en-GB","potentialAction":[{"@type":"ReadAction","target":["https:\/\/cebb.org.br\/en\/retiro-de-inverno-2021\/"]}]},{"@type":"ImageObject","inLanguage":"en-GB","@id":"https:\/\/cebb.org.br\/en\/retiro-de-inverno-2021\/#primaryimage","url":"https:\/\/cebb.org.br\/wp-content\/uploads\/2021\/05\/vista21d03388-5.jpg","contentUrl":"https:\/\/cebb.org.br\/wp-content\/uploads\/2021\/05\/vista21d03388-5.jpg","width":817,"height":355},{"@type":"BreadcrumbList","@id":"https:\/\/cebb.org.br\/en\/retiro-de-inverno-2021\/#breadcrumb","itemListElement":[{"@type":"ListItem","position":1,"name":"Home","item":"https:\/\/cebb.org.br\/"},{"@type":"ListItem","position":2,"name":"Retiro de Inverno 2021"}]},{"@type":"WebSite","@id":"https:\/\/cebb.org.br\/#website","url":"https:\/\/cebb.org.br\/","name":"Bodhisattva Center for Buddhist Studies","description":"Budismo, medita\u00e7\u00e3o e cultura de paz | Lama Padma Samten","publisher":{"@id":"https:\/\/cebb.org.br\/#organization"},"potentialAction":[{"@type":"SearchAction","target":{"@type":"EntryPoint","urlTemplate":"https:\/\/cebb.org.br\/?s={search_term_string}"},"query-input":{"@type":"PropertyValueSpecification","valueRequired":true,"valueName":"search_term_string"}}],"inLanguage":"en-GB"},{"@type":"Organization","@id":"https:\/\/cebb.org.br\/#organization","name":"Bodhisattva Center for Buddhist Studies","url":"https:\/\/cebb.org.br\/","logo":{"@type":"ImageObject","inLanguage":"en-GB","@id":"https:\/\/cebb.org.br\/#\/schema\/logo\/image\/","url":"http:\/\/18.230.164.79\/wp-content\/uploads\/2011\/03\/logosalvador-peq-e1660064979551.jpg","contentUrl":"http:\/\/18.230.164.79\/wp-content\/uploads\/2011\/03\/logosalvador-peq-e1660064979551.jpg","width":280,"height":231,"caption":"Centro de Estudos Budistas Bodisatva"},"image":{"@id":"https:\/\/cebb.org.br\/#\/schema\/logo\/image\/"},"sameAs":["https:\/\/pt-br.facebook.com\/cebb108","https:\/\/www.instagram.com\/cebbcaminhodomeio\/"]},{"@type":"Person","@id":"https:\/\/cebb.org.br\/#\/schema\/person\/2943f7434cfdce8a50054bcca9da418e","name":"adriana","image":{"@type":"ImageObject","inLanguage":"en-GB","@id":"https:\/\/secure.gravatar.com\/avatar\/f235a6769909b7357e271e7b95d7f24ff1268d2236b0a381c02f83a6368721f1?s=96&d=mm&r=g","url":"https:\/\/secure.gravatar.com\/avatar\/f235a6769909b7357e271e7b95d7f24ff1268d2236b0a381c02f83a6368721f1?s=96&d=mm&r=g","contentUrl":"https:\/\/secure.gravatar.com\/avatar\/f235a6769909b7357e271e7b95d7f24ff1268d2236b0a381c02f83a6368721f1?s=96&d=mm&r=g","caption":"adriana"},"url":"https:\/\/cebb.org.br\/en\/author\/adriana\/"}]}},"_links":{"self":[{"href":"https:\/\/cebb.org.br\/en\/wp-json\/wp\/v2\/posts\/83743","targetHints":{"allow":["GET"]}}],"collection":[{"href":"https:\/\/cebb.org.br\/en\/wp-json\/wp\/v2\/posts"}],"about":[{"href":"https:\/\/cebb.org.br\/en\/wp-json\/wp\/v2\/types\/post"}],"author":[{"embeddable":true,"href":"https:\/\/cebb.org.br\/en\/wp-json\/wp\/v2\/users\/4"}],"replies":[{"embeddable":true,"href":"https:\/\/cebb.org.br\/en\/wp-json\/wp\/v2\/comments?post=83743"}],"version-history":[{"count":2,"href":"https:\/\/cebb.org.br\/en\/wp-json\/wp\/v2\/posts\/83743\/revisions"}],"predecessor-version":[{"id":93475,"href":"https:\/\/cebb.org.br\/en\/wp-json\/wp\/v2\/posts\/83743\/revisions\/93475"}],"wp:featuredmedia":[{"embeddable":true,"href":"https:\/\/cebb.org.br\/en\/wp-json\/wp\/v2\/media\/83953"}],"wp:attachment":[{"href":"https:\/\/cebb.org.br\/en\/wp-json\/wp\/v2\/media?parent=83743"}],"wp:term":[{"taxonomy":"category","embeddable":true,"href":"https:\/\/cebb.org.br\/en\/wp-json\/wp\/v2\/categories?post=83743"},{"taxonomy":"post_tag","embeddable":true,"href":"https:\/\/cebb.org.br\/en\/wp-json\/wp\/v2\/tags?post=83743"}],"curies":[{"name":"wp","href":"https:\/\/api.w.org\/{rel}","templated":true}]}}