{"id":90603,"date":"2021-06-27T22:15:41","date_gmt":"2021-06-28T01:15:41","guid":{"rendered":"http:\/\/www.cebb.org.br\/?p=90603"},"modified":"2023-05-15T09:10:17","modified_gmt":"2023-05-15T12:10:17","slug":"estudo-virtual-no-coracao-da-vida-floripa","status":"publish","type":"post","link":"https:\/\/cebb.org.br\/en\/estudo-virtual-no-coracao-da-vida-floripa\/","title":{"rendered":"Grupo de Estudos | No cora\u00e7\u00e3o da vida"},"content":{"rendered":"<p><strong>Quarta-feira<\/strong><br \/>\n18:45 &#8211; 20:00<br \/>\n(online)<br \/>\n<!--more--><\/p>\n<blockquote><p><em>&#8220;A verdadeira seguran\u00e7a prov\u00e9m apenas do conforto com a inseguran\u00e7a. Ficarmos \u00e0 vontade com o fluxo das coisas, ficarmos \u00e0 vontade ao estarmos inseguros, essa \u00e9 a maior seguran\u00e7a, pois nada pode nos tirar do prumo&#8221;<\/em>.<\/p>\n<p class=\"wp-more-tag mce-wp-more\" title=\"Leia mais...\" data-wp-more=\"more\" data-wp-more-text=\"\" data-mce-placeholder=\"1\">\u2014Jetsunma Tenzin Palmo<\/p>\n<\/blockquote>\n<p>Jetsunma Tenzin Palmo realizou um retiro de 12 anos numa caverna no Himalaia e atualmente \u00e9 respons\u00e1vel por um mosteiro feminino na \u00cdndia e leciona e conduz retiros por todo o mundo.<br \/>\nNeste livro, Jetsunma apresenta meios como se pode levar uma vida mais significativa, seja para praticantes experientes, seja para iniciantes no contato com o budismo.<br \/>\nNesse grupo de estudo, haver\u00e1 leitura e contempla\u00e7\u00e3o por exemplos para a vida pr\u00e1tica, al\u00e9m de momentos de medita\u00e7\u00e3o com instru\u00e7\u00e3o. Um aspecto importante do Dharma trata da transforma\u00e7\u00e3o de nossa mente e atitudes ordin\u00e1rias em algo altamente positivo, que traga benef\u00edcios n\u00e3o s\u00f3 para n\u00f3s mesmos, como para todos que tenham contato conosco. O problema b\u00e1sico que encaramos \u00e9 como mudar uma mente cheia de pensamentos e emo\u00e7\u00f5es negativos \u2013 gan\u00e2ncia, raiva, ansiedade, inveja e por a\u00ed vai \u2013 em uma mente mais pac\u00edfica e cordial, com a qual seja um prazer para todo mundo (inclusive n\u00f3s mesmos) viver.<\/p>\n<p><img decoding=\"async\" class=\"aligncenter\" title=\"divisor\" src=\"http:\/\/www.cebb.org.br\/wp-content\/uploads\/1996\/05\/divisor1.png\" alt=\"\" width=\"400\" height=\"7\" \/><\/p>\n<p>N\u00e3o \u00e9 necess\u00e1rio se inscrever para participar. Tamb\u00e9m n\u00e3o se cobra um valor, embora a sala seja mantida por doa\u00e7\u00f5es que refletem o benef\u00edcio que o CEBB traz \u00e0s pessoas.<br \/>\nVeja <a title=\"Pr\u00e1ticas virtuais do CEBB Floripa\" href=\"https:\/\/cebb.org.br\/en\/floripa\/#dana\" target=\"_blank\" rel=\"noopener\">como apoiar pelo Pix\u2192<\/a><br \/>\n<a href=\"https:\/\/cebb.org.br\/en\/floripa\/\">Programa\u00e7\u00e3o completa das pr\u00e1ticas regulares \u2192 <\/a><\/p>","protected":false},"excerpt":{"rendered":"<p>Quarta-feira 18:45 &#8211; 20:00 (online)<\/p>","protected":false},"author":4,"featured_media":90608,"comment_status":"closed","ping_status":"open","sticky":false,"template":"","format":"standard","meta":{"footnotes":""},"categories":[383,355],"tags":[],"class_list":["post-90603","post","type-post","status-publish","format-standard","has-post-thumbnail","hentry","category-floripa","category-pratica-on-line"],"yoast_head":"<!-- This site is optimized with the Yoast SEO plugin v27.5 - https:\/\/yoast.com\/product\/yoast-seo-wordpress\/ -->\n<title>Grupo de Estudos | No cora\u00e7\u00e3o da vida - Centro de Estudos Budistas Bodisatva<\/title>\n<meta name=\"robots\" content=\"index, follow, max-snippet:-1, max-image-preview:large, max-video-preview:-1\" \/>\n<link rel=\"canonical\" href=\"https:\/\/cebb.org.br\/en\/estudo-virtual-no-coracao-da-vida-floripa\/\" \/>\n<meta property=\"og:locale\" content=\"en_GB\" \/>\n<meta property=\"og:type\" content=\"article\" \/>\n<meta property=\"og:title\" content=\"Grupo de Estudos | No cora\u00e7\u00e3o da vida - Centro de Estudos Budistas Bodisatva\" \/>\n<meta property=\"og:description\" content=\"Quarta-feira 18:45 &#8211; 20:00 (online)\" \/>\n<meta property=\"og:url\" content=\"https:\/\/cebb.org.br\/en\/estudo-virtual-no-coracao-da-vida-floripa\/\" \/>\n<meta property=\"og:site_name\" content=\"Centro de Estudos Budistas Bodisatva\" \/>\n<meta property=\"article:publisher\" content=\"https:\/\/pt-br.facebook.com\/cebb108\" \/>\n<meta property=\"article:published_time\" content=\"2021-06-28T01:15:41+00:00\" \/>\n<meta property=\"article:modified_time\" content=\"2023-05-15T12:10:17+00:00\" \/>\n<meta property=\"og:image\" content=\"https:\/\/cebb.org.br\/wp-content\/uploads\/2021\/06\/jetsunma_tenzin_palmo_700_x_325.jpg\" \/>\n\t<meta property=\"og:image:width\" content=\"700\" \/>\n\t<meta property=\"og:image:height\" content=\"325\" \/>\n\t<meta property=\"og:image:type\" content=\"image\/jpeg\" \/>\n<meta name=\"author\" content=\"adriana\" \/>\n<meta name=\"twitter:card\" content=\"summary_large_image\" \/>\n<meta name=\"twitter:label1\" content=\"Written by\" \/>\n\t<meta name=\"twitter:data1\" content=\"adriana\" \/>\n\t<meta name=\"twitter:label2\" content=\"Estimated reading time\" \/>\n\t<meta name=\"twitter:data2\" content=\"2 minutes\" \/>\n<script type=\"application\/ld+json\" class=\"yoast-schema-graph\">{\"@context\":\"https:\\\/\\\/schema.org\",\"@graph\":[{\"@type\":\"Article\",\"@id\":\"https:\\\/\\\/cebb.org.br\\\/estudo-virtual-no-coracao-da-vida-floripa\\\/#article\",\"isPartOf\":{\"@id\":\"https:\\\/\\\/cebb.org.br\\\/estudo-virtual-no-coracao-da-vida-floripa\\\/\"},\"author\":{\"name\":\"adriana\",\"@id\":\"https:\\\/\\\/cebb.org.br\\\/#\\\/schema\\\/person\\\/2943f7434cfdce8a50054bcca9da418e\"},\"headline\":\"Grupo de Estudos | No cora\u00e7\u00e3o da vida\",\"datePublished\":\"2021-06-28T01:15:41+00:00\",\"dateModified\":\"2023-05-15T12:10:17+00:00\",\"mainEntityOfPage\":{\"@id\":\"https:\\\/\\\/cebb.org.br\\\/estudo-virtual-no-coracao-da-vida-floripa\\\/\"},\"wordCount\":266,\"publisher\":{\"@id\":\"https:\\\/\\\/cebb.org.br\\\/#organization\"},\"image\":{\"@id\":\"https:\\\/\\\/cebb.org.br\\\/estudo-virtual-no-coracao-da-vida-floripa\\\/#primaryimage\"},\"thumbnailUrl\":\"https:\\\/\\\/cebb.org.br\\\/wp-content\\\/uploads\\\/2021\\\/06\\\/jetsunma_tenzin_palmo_700_x_325.jpg\",\"articleSection\":[\"CEBB Florian\u00f3polis\",\"Pr\u00e1tica on-line\"],\"inLanguage\":\"en-GB\"},{\"@type\":\"WebPage\",\"@id\":\"https:\\\/\\\/cebb.org.br\\\/estudo-virtual-no-coracao-da-vida-floripa\\\/\",\"url\":\"https:\\\/\\\/cebb.org.br\\\/estudo-virtual-no-coracao-da-vida-floripa\\\/\",\"name\":\"Grupo de Estudos | No cora\u00e7\u00e3o da vida - Centro de Estudos Budistas Bodisatva\",\"isPartOf\":{\"@id\":\"https:\\\/\\\/cebb.org.br\\\/#website\"},\"primaryImageOfPage\":{\"@id\":\"https:\\\/\\\/cebb.org.br\\\/estudo-virtual-no-coracao-da-vida-floripa\\\/#primaryimage\"},\"image\":{\"@id\":\"https:\\\/\\\/cebb.org.br\\\/estudo-virtual-no-coracao-da-vida-floripa\\\/#primaryimage\"},\"thumbnailUrl\":\"https:\\\/\\\/cebb.org.br\\\/wp-content\\\/uploads\\\/2021\\\/06\\\/jetsunma_tenzin_palmo_700_x_325.jpg\",\"datePublished\":\"2021-06-28T01:15:41+00:00\",\"dateModified\":\"2023-05-15T12:10:17+00:00\",\"breadcrumb\":{\"@id\":\"https:\\\/\\\/cebb.org.br\\\/estudo-virtual-no-coracao-da-vida-floripa\\\/#breadcrumb\"},\"inLanguage\":\"en-GB\",\"potentialAction\":[{\"@type\":\"ReadAction\",\"target\":[\"https:\\\/\\\/cebb.org.br\\\/estudo-virtual-no-coracao-da-vida-floripa\\\/\"]}]},{\"@type\":\"ImageObject\",\"inLanguage\":\"en-GB\",\"@id\":\"https:\\\/\\\/cebb.org.br\\\/estudo-virtual-no-coracao-da-vida-floripa\\\/#primaryimage\",\"url\":\"https:\\\/\\\/cebb.org.br\\\/wp-content\\\/uploads\\\/2021\\\/06\\\/jetsunma_tenzin_palmo_700_x_325.jpg\",\"contentUrl\":\"https:\\\/\\\/cebb.org.br\\\/wp-content\\\/uploads\\\/2021\\\/06\\\/jetsunma_tenzin_palmo_700_x_325.jpg\",\"width\":700,\"height\":325},{\"@type\":\"BreadcrumbList\",\"@id\":\"https:\\\/\\\/cebb.org.br\\\/estudo-virtual-no-coracao-da-vida-floripa\\\/#breadcrumb\",\"itemListElement\":[{\"@type\":\"ListItem\",\"position\":1,\"name\":\"Home\",\"item\":\"https:\\\/\\\/cebb.org.br\\\/\"},{\"@type\":\"ListItem\",\"position\":2,\"name\":\"Grupo de Estudos | No cora\u00e7\u00e3o da vida\"}]},{\"@type\":\"WebSite\",\"@id\":\"https:\\\/\\\/cebb.org.br\\\/#website\",\"url\":\"https:\\\/\\\/cebb.org.br\\\/\",\"name\":\"Centro de Estudos Budistas Bodisatva\",\"description\":\"Budismo, medita\u00e7\u00e3o e cultura de paz | Lama Padma Samten\",\"publisher\":{\"@id\":\"https:\\\/\\\/cebb.org.br\\\/#organization\"},\"potentialAction\":[{\"@type\":\"SearchAction\",\"target\":{\"@type\":\"EntryPoint\",\"urlTemplate\":\"https:\\\/\\\/cebb.org.br\\\/?s={search_term_string}\"},\"query-input\":{\"@type\":\"PropertyValueSpecification\",\"valueRequired\":true,\"valueName\":\"search_term_string\"}}],\"inLanguage\":\"en-GB\"},{\"@type\":\"Organization\",\"@id\":\"https:\\\/\\\/cebb.org.br\\\/#organization\",\"name\":\"Centro de Estudos Budistas Bodisatva\",\"url\":\"https:\\\/\\\/cebb.org.br\\\/\",\"logo\":{\"@type\":\"ImageObject\",\"inLanguage\":\"en-GB\",\"@id\":\"https:\\\/\\\/cebb.org.br\\\/#\\\/schema\\\/logo\\\/image\\\/\",\"url\":\"http:\\\/\\\/18.230.164.79\\\/wp-content\\\/uploads\\\/2011\\\/03\\\/logosalvador-peq-e1660064979551.jpg\",\"contentUrl\":\"http:\\\/\\\/18.230.164.79\\\/wp-content\\\/uploads\\\/2011\\\/03\\\/logosalvador-peq-e1660064979551.jpg\",\"width\":280,\"height\":231,\"caption\":\"Centro de Estudos Budistas Bodisatva\"},\"image\":{\"@id\":\"https:\\\/\\\/cebb.org.br\\\/#\\\/schema\\\/logo\\\/image\\\/\"},\"sameAs\":[\"https:\\\/\\\/pt-br.facebook.com\\\/cebb108\",\"https:\\\/\\\/www.instagram.com\\\/cebbcaminhodomeio\\\/\"]},{\"@type\":\"Person\",\"@id\":\"https:\\\/\\\/cebb.org.br\\\/#\\\/schema\\\/person\\\/2943f7434cfdce8a50054bcca9da418e\",\"name\":\"adriana\",\"image\":{\"@type\":\"ImageObject\",\"inLanguage\":\"en-GB\",\"@id\":\"https:\\\/\\\/secure.gravatar.com\\\/avatar\\\/f235a6769909b7357e271e7b95d7f24ff1268d2236b0a381c02f83a6368721f1?s=96&d=mm&r=g\",\"url\":\"https:\\\/\\\/secure.gravatar.com\\\/avatar\\\/f235a6769909b7357e271e7b95d7f24ff1268d2236b0a381c02f83a6368721f1?s=96&d=mm&r=g\",\"contentUrl\":\"https:\\\/\\\/secure.gravatar.com\\\/avatar\\\/f235a6769909b7357e271e7b95d7f24ff1268d2236b0a381c02f83a6368721f1?s=96&d=mm&r=g\",\"caption\":\"adriana\"},\"url\":\"https:\\\/\\\/cebb.org.br\\\/en\\\/author\\\/adriana\\\/\"}]}<\/script>\n<!-- \/ Yoast SEO plugin. -->","yoast_head_json":{"title":"Grupo de Estudos | No cora\u00e7\u00e3o da vida - Centro de Estudos Budistas Bodisatva","robots":{"index":"index","follow":"follow","max-snippet":"max-snippet:-1","max-image-preview":"max-image-preview:large","max-video-preview":"max-video-preview:-1"},"canonical":"https:\/\/cebb.org.br\/en\/estudo-virtual-no-coracao-da-vida-floripa\/","og_locale":"en_GB","og_type":"article","og_title":"Grupo de Estudos | No cora\u00e7\u00e3o da vida - Centro de Estudos Budistas Bodisatva","og_description":"Quarta-feira 18:45 &#8211; 20:00 (online)","og_url":"https:\/\/cebb.org.br\/en\/estudo-virtual-no-coracao-da-vida-floripa\/","og_site_name":"Centro de Estudos Budistas Bodisatva","article_publisher":"https:\/\/pt-br.facebook.com\/cebb108","article_published_time":"2021-06-28T01:15:41+00:00","article_modified_time":"2023-05-15T12:10:17+00:00","og_image":[{"width":700,"height":325,"url":"https:\/\/cebb.org.br\/wp-content\/uploads\/2021\/06\/jetsunma_tenzin_palmo_700_x_325.jpg","type":"image\/jpeg"}],"author":"adriana","twitter_card":"summary_large_image","twitter_misc":{"Written by":"adriana","Estimated reading time":"2 minutes"},"schema":{"@context":"https:\/\/schema.org","@graph":[{"@type":"Article","@id":"https:\/\/cebb.org.br\/estudo-virtual-no-coracao-da-vida-floripa\/#article","isPartOf":{"@id":"https:\/\/cebb.org.br\/estudo-virtual-no-coracao-da-vida-floripa\/"},"author":{"name":"adriana","@id":"https:\/\/cebb.org.br\/#\/schema\/person\/2943f7434cfdce8a50054bcca9da418e"},"headline":"Grupo de Estudos | No cora\u00e7\u00e3o da vida","datePublished":"2021-06-28T01:15:41+00:00","dateModified":"2023-05-15T12:10:17+00:00","mainEntityOfPage":{"@id":"https:\/\/cebb.org.br\/estudo-virtual-no-coracao-da-vida-floripa\/"},"wordCount":266,"publisher":{"@id":"https:\/\/cebb.org.br\/#organization"},"image":{"@id":"https:\/\/cebb.org.br\/estudo-virtual-no-coracao-da-vida-floripa\/#primaryimage"},"thumbnailUrl":"https:\/\/cebb.org.br\/wp-content\/uploads\/2021\/06\/jetsunma_tenzin_palmo_700_x_325.jpg","articleSection":["CEBB Florian\u00f3polis","Pr\u00e1tica on-line"],"inLanguage":"en-GB"},{"@type":"WebPage","@id":"https:\/\/cebb.org.br\/estudo-virtual-no-coracao-da-vida-floripa\/","url":"https:\/\/cebb.org.br\/estudo-virtual-no-coracao-da-vida-floripa\/","name":"Grupo de Estudos | No cora\u00e7\u00e3o da vida - Centro de Estudos Budistas Bodisatva","isPartOf":{"@id":"https:\/\/cebb.org.br\/#website"},"primaryImageOfPage":{"@id":"https:\/\/cebb.org.br\/estudo-virtual-no-coracao-da-vida-floripa\/#primaryimage"},"image":{"@id":"https:\/\/cebb.org.br\/estudo-virtual-no-coracao-da-vida-floripa\/#primaryimage"},"thumbnailUrl":"https:\/\/cebb.org.br\/wp-content\/uploads\/2021\/06\/jetsunma_tenzin_palmo_700_x_325.jpg","datePublished":"2021-06-28T01:15:41+00:00","dateModified":"2023-05-15T12:10:17+00:00","breadcrumb":{"@id":"https:\/\/cebb.org.br\/estudo-virtual-no-coracao-da-vida-floripa\/#breadcrumb"},"inLanguage":"en-GB","potentialAction":[{"@type":"ReadAction","target":["https:\/\/cebb.org.br\/estudo-virtual-no-coracao-da-vida-floripa\/"]}]},{"@type":"ImageObject","inLanguage":"en-GB","@id":"https:\/\/cebb.org.br\/estudo-virtual-no-coracao-da-vida-floripa\/#primaryimage","url":"https:\/\/cebb.org.br\/wp-content\/uploads\/2021\/06\/jetsunma_tenzin_palmo_700_x_325.jpg","contentUrl":"https:\/\/cebb.org.br\/wp-content\/uploads\/2021\/06\/jetsunma_tenzin_palmo_700_x_325.jpg","width":700,"height":325},{"@type":"BreadcrumbList","@id":"https:\/\/cebb.org.br\/estudo-virtual-no-coracao-da-vida-floripa\/#breadcrumb","itemListElement":[{"@type":"ListItem","position":1,"name":"Home","item":"https:\/\/cebb.org.br\/"},{"@type":"ListItem","position":2,"name":"Grupo de Estudos | No cora\u00e7\u00e3o da vida"}]},{"@type":"WebSite","@id":"https:\/\/cebb.org.br\/#website","url":"https:\/\/cebb.org.br\/","name":"Bodhisattva Center for Buddhist Studies","description":"Budismo, medita\u00e7\u00e3o e cultura de paz | Lama Padma Samten","publisher":{"@id":"https:\/\/cebb.org.br\/#organization"},"potentialAction":[{"@type":"SearchAction","target":{"@type":"EntryPoint","urlTemplate":"https:\/\/cebb.org.br\/?s={search_term_string}"},"query-input":{"@type":"PropertyValueSpecification","valueRequired":true,"valueName":"search_term_string"}}],"inLanguage":"en-GB"},{"@type":"Organization","@id":"https:\/\/cebb.org.br\/#organization","name":"Bodhisattva Center for Buddhist Studies","url":"https:\/\/cebb.org.br\/","logo":{"@type":"ImageObject","inLanguage":"en-GB","@id":"https:\/\/cebb.org.br\/#\/schema\/logo\/image\/","url":"http:\/\/18.230.164.79\/wp-content\/uploads\/2011\/03\/logosalvador-peq-e1660064979551.jpg","contentUrl":"http:\/\/18.230.164.79\/wp-content\/uploads\/2011\/03\/logosalvador-peq-e1660064979551.jpg","width":280,"height":231,"caption":"Centro de Estudos Budistas Bodisatva"},"image":{"@id":"https:\/\/cebb.org.br\/#\/schema\/logo\/image\/"},"sameAs":["https:\/\/pt-br.facebook.com\/cebb108","https:\/\/www.instagram.com\/cebbcaminhodomeio\/"]},{"@type":"Person","@id":"https:\/\/cebb.org.br\/#\/schema\/person\/2943f7434cfdce8a50054bcca9da418e","name":"adriana","image":{"@type":"ImageObject","inLanguage":"en-GB","@id":"https:\/\/secure.gravatar.com\/avatar\/f235a6769909b7357e271e7b95d7f24ff1268d2236b0a381c02f83a6368721f1?s=96&d=mm&r=g","url":"https:\/\/secure.gravatar.com\/avatar\/f235a6769909b7357e271e7b95d7f24ff1268d2236b0a381c02f83a6368721f1?s=96&d=mm&r=g","contentUrl":"https:\/\/secure.gravatar.com\/avatar\/f235a6769909b7357e271e7b95d7f24ff1268d2236b0a381c02f83a6368721f1?s=96&d=mm&r=g","caption":"adriana"},"url":"https:\/\/cebb.org.br\/en\/author\/adriana\/"}]}},"_links":{"self":[{"href":"https:\/\/cebb.org.br\/en\/wp-json\/wp\/v2\/posts\/90603","targetHints":{"allow":["GET"]}}],"collection":[{"href":"https:\/\/cebb.org.br\/en\/wp-json\/wp\/v2\/posts"}],"about":[{"href":"https:\/\/cebb.org.br\/en\/wp-json\/wp\/v2\/types\/post"}],"author":[{"embeddable":true,"href":"https:\/\/cebb.org.br\/en\/wp-json\/wp\/v2\/users\/4"}],"replies":[{"embeddable":true,"href":"https:\/\/cebb.org.br\/en\/wp-json\/wp\/v2\/comments?post=90603"}],"version-history":[{"count":8,"href":"https:\/\/cebb.org.br\/en\/wp-json\/wp\/v2\/posts\/90603\/revisions"}],"predecessor-version":[{"id":96742,"href":"https:\/\/cebb.org.br\/en\/wp-json\/wp\/v2\/posts\/90603\/revisions\/96742"}],"wp:featuredmedia":[{"embeddable":true,"href":"https:\/\/cebb.org.br\/en\/wp-json\/wp\/v2\/media\/90608"}],"wp:attachment":[{"href":"https:\/\/cebb.org.br\/en\/wp-json\/wp\/v2\/media?parent=90603"}],"wp:term":[{"taxonomy":"category","embeddable":true,"href":"https:\/\/cebb.org.br\/en\/wp-json\/wp\/v2\/categories?post=90603"},{"taxonomy":"post_tag","embeddable":true,"href":"https:\/\/cebb.org.br\/en\/wp-json\/wp\/v2\/tags?post=90603"}],"curies":[{"name":"wp","href":"https:\/\/api.w.org\/{rel}","templated":true}]}}