{"id":92997,"date":"2022-10-22T12:56:30","date_gmt":"2022-10-22T15:56:30","guid":{"rendered":"https:\/\/cebb.org.br\/?p=92997"},"modified":"2022-10-31T14:54:28","modified_gmt":"2022-10-31T17:54:28","slug":"palestra-lama-poa-out22","status":"publish","type":"post","link":"https:\/\/cebb.org.br\/en\/palestra-lama-poa-out22\/","title":{"rendered":"Palestra com Lama Samten | Vis\u00f5es sobre Paz e Sociedade | PRESENCIAL e online"},"content":{"rendered":"<p><strong>dia 29.10 | s\u00e1bado | 16h | no CEBB Porto Alegre (Garibaldi, 1368)<\/strong><!--more--><\/p>\n<p><em>foto acima por @stephlotus<\/em><\/p>\n[[[INSCRI\u00c7\u00d5ES PARA O PRESENCIAL ENCERRADAS. Voc\u00ea ainda pode se inscrever na modalidade online.]]]\n<p>Neste dia, o nosso querido mestre Lama Padma Samten estar\u00e1 compartilhando sua vis\u00e3o sobre a quest\u00e3o brasileira no que diz respeito \u00e0 sociedade de um modo geral. Para isso, lan\u00e7ar\u00e1 m\u00e3o da hist\u00f3ria de um homem da \u00e9poca do Buda Sakyamuni chamado Angulimala, que de assassino virou aluno do Buda e atingiu a mesma realiza\u00e7\u00e3o que a dele. A vis\u00e3o budista nos convida a olhar cada ser com o mesmo olhar. Como fazer isso em tempos t\u00e3o polarizados e compartimentados? Ser\u00e1 que somos capazes de ver a natureza b\u00fadica em todo e qualquer ser?<\/p>\n<blockquote><p>&#8220;Angulimala, que significa Colar de Dedos. Seu verdadeiro nome era Ahimsaka, o principal disc\u00edpulo de um sacerdote br\u00e2mane que descobriu que sua mulher havia tentado seduzir seu disc\u00edpulo. Assim, o mestre procurou vingar-se, instruindo Ahimsaka a matar 100 pessoas e cortar um dedo de cada uma, fazendo um colar. O disc\u00edpulo acreditava que deveria obedecer ao seu mestre n\u00e3o importando o qu\u00e3o detest\u00e1vel fosse a instru\u00e7\u00e3o. Quando ele j\u00e1 havia matado 99 pessoas, o Buda foi informado pelos seus disc\u00edpulos sobre estas a\u00e7\u00f5es cru\u00e9is. O Buda se aproximou de Ahimsaka, que descobriu que n\u00e3o era poss\u00edvel matar o Buda. No Bosque Jeta, depois de o Buda explicar o Darma a Ahimsaka, foi como se ele despertasse de um horr\u00edvel pesadelo e imediatamente alcan\u00e7ou a ilumina\u00e7\u00e3o.&#8221;<\/p><\/blockquote>\n<p> Budadarma<\/p>\n<p>Para falar dos conselhos e proposi\u00e7\u00f5es que o pr\u00f3prio Buda fez ao rei da \u00e9poca, o Lama Samten trar\u00e1 o texto Os Ensinamentos do Buda sobre Harmonia Social e Comunit\u00e1ria compilado pelo Bikkhu Bodhi em que Sakyamuni tece uma s\u00e9rie de recomenda\u00e7\u00f5es que um bom governante deveria seguir para um bom exerc\u00edcio e cuidado da popula\u00e7\u00e3o.<\/p>\n<p>Todas e todos est\u00e3o convidados\/as para a palestra!<br \/>\n\u00c9 necess\u00e1ria a inscri\u00e7\u00e3o para acolhermos cada um(a) da melhor forma!<br \/>\nVagas limitadas para a modalidade presencial.<br \/>\nUso de m\u00e1scara obrigat\u00f3rio.<\/p>\n<p>Se desejar, voc\u00ea pode fazer seu dep\u00f3sito antes de clicar no bot\u00e3o abaixo. A inscri\u00e7\u00e3o independe da contribui\u00e7\u00e3o financeira. Mas se quiser, como refer\u00eancia, a sugest\u00e3o \u00e9 de R$ 50,00 *.<\/p>\n<p>Dados banc\u00e1rios para o dep\u00f3sito:<br \/>\nChave PIX (nossa prefer\u00eancia):<br \/>\neventoscebbpoa@gmail.com<\/p>\n<p>Banco Nubank (0260)<br \/>\nAg\u00eancia 001<br \/>\nCC 15645473-7<br \/>\nLeila Pereira Leite<br \/>\n184.708.740-04<\/p>\n<p>Na descri\u00e7\u00e3o do dep\u00f3sito\/transfer\u00eancia\/pix escreva: &#8220;Palestra Lama 29-10-22&#8221;<\/p>\n<a href=\"https:\/\/forms.gle\/SSeYsKWHb9xYoGDT9\" class=\"su-button su-button-style-default\" style=\"color:#FFFFFF;background-color:#2D89EF;border-color:#246ec0;border-radius:5px\" target=\"_self\"><span style=\"color:#FFFFFF;padding:0px 16px;font-size:13px;line-height:26px;border-color:#6cadf4;border-radius:5px;text-shadow:none\"> Fa\u00e7a sua inscri\u00e7\u00e3o!<\/span><\/a>\n<p>A contribui\u00e7\u00e3o financeira \u00e9 livre e qualquer valor apoiar\u00e1 os movimentos do CEBB Porto Alegre na manuten\u00e7\u00e3o de suas atividades e o Lama Padma Samten, no alcance e benef\u00edcios que traz a tanta pessoas.<\/p>\n","protected":false},"excerpt":{"rendered":"<p>dia 29.10 | s\u00e1bado | 16h | no CEBB Porto Alegre (Garibaldi, 1368)<\/p>","protected":false},"author":31,"featured_media":93140,"comment_status":"open","ping_status":"open","sticky":false,"template":"","format":"standard","meta":{"footnotes":""},"categories":[341],"tags":[],"class_list":["post-92997","post","type-post","status-publish","format-standard","has-post-thumbnail","hentry","category-eventos-passados"],"yoast_head":"<!-- This site is optimized with the Yoast SEO plugin v27.5 - https:\/\/yoast.com\/product\/yoast-seo-wordpress\/ -->\n<title>Palestra com Lama Samten | Vis\u00f5es sobre Paz e Sociedade | PRESENCIAL e online - Centro de Estudos Budistas Bodisatva<\/title>\n<meta name=\"robots\" content=\"index, follow, max-snippet:-1, max-image-preview:large, max-video-preview:-1\" \/>\n<link rel=\"canonical\" href=\"https:\/\/cebb.org.br\/en\/palestra-lama-poa-out22\/\" \/>\n<meta property=\"og:locale\" content=\"en_GB\" \/>\n<meta property=\"og:type\" content=\"article\" \/>\n<meta property=\"og:title\" content=\"Palestra com Lama Samten | Vis\u00f5es sobre Paz e Sociedade | PRESENCIAL e online - Centro de Estudos Budistas Bodisatva\" \/>\n<meta property=\"og:description\" content=\"dia 29.10 | s\u00e1bado | 16h | no CEBB Porto Alegre (Garibaldi, 1368)\" \/>\n<meta property=\"og:url\" content=\"https:\/\/cebb.org.br\/en\/palestra-lama-poa-out22\/\" \/>\n<meta property=\"og:site_name\" content=\"Centro de Estudos Budistas Bodisatva\" \/>\n<meta property=\"article:publisher\" content=\"https:\/\/pt-br.facebook.com\/cebb108\" \/>\n<meta property=\"article:published_time\" content=\"2022-10-22T15:56:30+00:00\" \/>\n<meta property=\"article:modified_time\" content=\"2022-10-31T17:54:28+00:00\" \/>\n<meta property=\"og:image\" content=\"https:\/\/cebb.org.br\/wp-content\/uploads\/2022\/10\/20220906195638_IMG_0837-01-1-scaled.jpeg\" \/>\n\t<meta property=\"og:image:width\" content=\"2560\" \/>\n\t<meta property=\"og:image:height\" content=\"1920\" \/>\n\t<meta property=\"og:image:type\" content=\"image\/jpeg\" \/>\n<meta name=\"author\" content=\"zebenetti\" \/>\n<meta name=\"twitter:card\" content=\"summary_large_image\" \/>\n<meta name=\"twitter:label1\" content=\"Written by\" \/>\n\t<meta name=\"twitter:data1\" content=\"zebenetti\" \/>\n\t<meta name=\"twitter:label2\" content=\"Estimated reading time\" \/>\n\t<meta name=\"twitter:data2\" content=\"3 minutes\" \/>\n<script type=\"application\/ld+json\" class=\"yoast-schema-graph\">{\"@context\":\"https:\\\/\\\/schema.org\",\"@graph\":[{\"@type\":\"Article\",\"@id\":\"https:\\\/\\\/cebb.org.br\\\/palestra-lama-poa-out22\\\/#article\",\"isPartOf\":{\"@id\":\"https:\\\/\\\/cebb.org.br\\\/palestra-lama-poa-out22\\\/\"},\"author\":{\"name\":\"zebenetti\",\"@id\":\"https:\\\/\\\/cebb.org.br\\\/#\\\/schema\\\/person\\\/f80d010be88f68e88be1027c51727367\"},\"headline\":\"Palestra com Lama Samten | Vis\u00f5es sobre Paz e Sociedade | PRESENCIAL e online\",\"datePublished\":\"2022-10-22T15:56:30+00:00\",\"dateModified\":\"2022-10-31T17:54:28+00:00\",\"mainEntityOfPage\":{\"@id\":\"https:\\\/\\\/cebb.org.br\\\/palestra-lama-poa-out22\\\/\"},\"wordCount\":504,\"commentCount\":0,\"publisher\":{\"@id\":\"https:\\\/\\\/cebb.org.br\\\/#organization\"},\"image\":{\"@id\":\"https:\\\/\\\/cebb.org.br\\\/palestra-lama-poa-out22\\\/#primaryimage\"},\"thumbnailUrl\":\"https:\\\/\\\/cebb.org.br\\\/wp-content\\\/uploads\\\/2022\\\/10\\\/20220906195638_IMG_0837-01-1-scaled.jpeg\",\"articleSection\":[\"Eventos Passados\"],\"inLanguage\":\"en-GB\",\"potentialAction\":[{\"@type\":\"CommentAction\",\"name\":\"Comment\",\"target\":[\"https:\\\/\\\/cebb.org.br\\\/palestra-lama-poa-out22\\\/#respond\"]}]},{\"@type\":\"WebPage\",\"@id\":\"https:\\\/\\\/cebb.org.br\\\/palestra-lama-poa-out22\\\/\",\"url\":\"https:\\\/\\\/cebb.org.br\\\/palestra-lama-poa-out22\\\/\",\"name\":\"Palestra com Lama Samten | Vis\u00f5es sobre Paz e Sociedade | PRESENCIAL e online - Centro de Estudos Budistas Bodisatva\",\"isPartOf\":{\"@id\":\"https:\\\/\\\/cebb.org.br\\\/#website\"},\"primaryImageOfPage\":{\"@id\":\"https:\\\/\\\/cebb.org.br\\\/palestra-lama-poa-out22\\\/#primaryimage\"},\"image\":{\"@id\":\"https:\\\/\\\/cebb.org.br\\\/palestra-lama-poa-out22\\\/#primaryimage\"},\"thumbnailUrl\":\"https:\\\/\\\/cebb.org.br\\\/wp-content\\\/uploads\\\/2022\\\/10\\\/20220906195638_IMG_0837-01-1-scaled.jpeg\",\"datePublished\":\"2022-10-22T15:56:30+00:00\",\"dateModified\":\"2022-10-31T17:54:28+00:00\",\"breadcrumb\":{\"@id\":\"https:\\\/\\\/cebb.org.br\\\/palestra-lama-poa-out22\\\/#breadcrumb\"},\"inLanguage\":\"en-GB\",\"potentialAction\":[{\"@type\":\"ReadAction\",\"target\":[\"https:\\\/\\\/cebb.org.br\\\/palestra-lama-poa-out22\\\/\"]}]},{\"@type\":\"ImageObject\",\"inLanguage\":\"en-GB\",\"@id\":\"https:\\\/\\\/cebb.org.br\\\/palestra-lama-poa-out22\\\/#primaryimage\",\"url\":\"https:\\\/\\\/cebb.org.br\\\/wp-content\\\/uploads\\\/2022\\\/10\\\/20220906195638_IMG_0837-01-1-scaled.jpeg\",\"contentUrl\":\"https:\\\/\\\/cebb.org.br\\\/wp-content\\\/uploads\\\/2022\\\/10\\\/20220906195638_IMG_0837-01-1-scaled.jpeg\",\"width\":2560,\"height\":1920},{\"@type\":\"BreadcrumbList\",\"@id\":\"https:\\\/\\\/cebb.org.br\\\/palestra-lama-poa-out22\\\/#breadcrumb\",\"itemListElement\":[{\"@type\":\"ListItem\",\"position\":1,\"name\":\"Home\",\"item\":\"https:\\\/\\\/cebb.org.br\\\/\"},{\"@type\":\"ListItem\",\"position\":2,\"name\":\"Palestra com Lama Samten | Vis\u00f5es sobre Paz e Sociedade | PRESENCIAL e online\"}]},{\"@type\":\"WebSite\",\"@id\":\"https:\\\/\\\/cebb.org.br\\\/#website\",\"url\":\"https:\\\/\\\/cebb.org.br\\\/\",\"name\":\"Centro de Estudos Budistas Bodisatva\",\"description\":\"Budismo, medita\u00e7\u00e3o e cultura de paz | Lama Padma Samten\",\"publisher\":{\"@id\":\"https:\\\/\\\/cebb.org.br\\\/#organization\"},\"potentialAction\":[{\"@type\":\"SearchAction\",\"target\":{\"@type\":\"EntryPoint\",\"urlTemplate\":\"https:\\\/\\\/cebb.org.br\\\/?s={search_term_string}\"},\"query-input\":{\"@type\":\"PropertyValueSpecification\",\"valueRequired\":true,\"valueName\":\"search_term_string\"}}],\"inLanguage\":\"en-GB\"},{\"@type\":\"Organization\",\"@id\":\"https:\\\/\\\/cebb.org.br\\\/#organization\",\"name\":\"Centro de Estudos Budistas Bodisatva\",\"url\":\"https:\\\/\\\/cebb.org.br\\\/\",\"logo\":{\"@type\":\"ImageObject\",\"inLanguage\":\"en-GB\",\"@id\":\"https:\\\/\\\/cebb.org.br\\\/#\\\/schema\\\/logo\\\/image\\\/\",\"url\":\"http:\\\/\\\/18.230.164.79\\\/wp-content\\\/uploads\\\/2011\\\/03\\\/logosalvador-peq-e1660064979551.jpg\",\"contentUrl\":\"http:\\\/\\\/18.230.164.79\\\/wp-content\\\/uploads\\\/2011\\\/03\\\/logosalvador-peq-e1660064979551.jpg\",\"width\":280,\"height\":231,\"caption\":\"Centro de Estudos Budistas Bodisatva\"},\"image\":{\"@id\":\"https:\\\/\\\/cebb.org.br\\\/#\\\/schema\\\/logo\\\/image\\\/\"},\"sameAs\":[\"https:\\\/\\\/pt-br.facebook.com\\\/cebb108\",\"https:\\\/\\\/www.instagram.com\\\/cebbcaminhodomeio\\\/\"]},{\"@type\":\"Person\",\"@id\":\"https:\\\/\\\/cebb.org.br\\\/#\\\/schema\\\/person\\\/f80d010be88f68e88be1027c51727367\",\"name\":\"zebenetti\",\"image\":{\"@type\":\"ImageObject\",\"inLanguage\":\"en-GB\",\"@id\":\"https:\\\/\\\/secure.gravatar.com\\\/avatar\\\/07005430f720ba1eedcd09dcfc89e15691e095e51d0df6bf460f6aee39cdfd77?s=96&d=mm&r=g\",\"url\":\"https:\\\/\\\/secure.gravatar.com\\\/avatar\\\/07005430f720ba1eedcd09dcfc89e15691e095e51d0df6bf460f6aee39cdfd77?s=96&d=mm&r=g\",\"contentUrl\":\"https:\\\/\\\/secure.gravatar.com\\\/avatar\\\/07005430f720ba1eedcd09dcfc89e15691e095e51d0df6bf460f6aee39cdfd77?s=96&d=mm&r=g\",\"caption\":\"zebenetti\"},\"url\":\"https:\\\/\\\/cebb.org.br\\\/en\\\/author\\\/zebenetti\\\/\"}]}<\/script>\n<!-- \/ Yoast SEO plugin. -->","yoast_head_json":{"title":"Palestra com Lama Samten | Vis\u00f5es sobre Paz e Sociedade | PRESENCIAL e online - Centro de Estudos Budistas Bodisatva","robots":{"index":"index","follow":"follow","max-snippet":"max-snippet:-1","max-image-preview":"max-image-preview:large","max-video-preview":"max-video-preview:-1"},"canonical":"https:\/\/cebb.org.br\/en\/palestra-lama-poa-out22\/","og_locale":"en_GB","og_type":"article","og_title":"Palestra com Lama Samten | Vis\u00f5es sobre Paz e Sociedade | PRESENCIAL e online - Centro de Estudos Budistas Bodisatva","og_description":"dia 29.10 | s\u00e1bado | 16h | no CEBB Porto Alegre (Garibaldi, 1368)","og_url":"https:\/\/cebb.org.br\/en\/palestra-lama-poa-out22\/","og_site_name":"Centro de Estudos Budistas Bodisatva","article_publisher":"https:\/\/pt-br.facebook.com\/cebb108","article_published_time":"2022-10-22T15:56:30+00:00","article_modified_time":"2022-10-31T17:54:28+00:00","og_image":[{"width":2560,"height":1920,"url":"https:\/\/cebb.org.br\/wp-content\/uploads\/2022\/10\/20220906195638_IMG_0837-01-1-scaled.jpeg","type":"image\/jpeg"}],"author":"zebenetti","twitter_card":"summary_large_image","twitter_misc":{"Written by":"zebenetti","Estimated reading time":"3 minutes"},"schema":{"@context":"https:\/\/schema.org","@graph":[{"@type":"Article","@id":"https:\/\/cebb.org.br\/palestra-lama-poa-out22\/#article","isPartOf":{"@id":"https:\/\/cebb.org.br\/palestra-lama-poa-out22\/"},"author":{"name":"zebenetti","@id":"https:\/\/cebb.org.br\/#\/schema\/person\/f80d010be88f68e88be1027c51727367"},"headline":"Palestra com Lama Samten | Vis\u00f5es sobre Paz e Sociedade | PRESENCIAL e online","datePublished":"2022-10-22T15:56:30+00:00","dateModified":"2022-10-31T17:54:28+00:00","mainEntityOfPage":{"@id":"https:\/\/cebb.org.br\/palestra-lama-poa-out22\/"},"wordCount":504,"commentCount":0,"publisher":{"@id":"https:\/\/cebb.org.br\/#organization"},"image":{"@id":"https:\/\/cebb.org.br\/palestra-lama-poa-out22\/#primaryimage"},"thumbnailUrl":"https:\/\/cebb.org.br\/wp-content\/uploads\/2022\/10\/20220906195638_IMG_0837-01-1-scaled.jpeg","articleSection":["Eventos Passados"],"inLanguage":"en-GB","potentialAction":[{"@type":"CommentAction","name":"Comment","target":["https:\/\/cebb.org.br\/palestra-lama-poa-out22\/#respond"]}]},{"@type":"WebPage","@id":"https:\/\/cebb.org.br\/palestra-lama-poa-out22\/","url":"https:\/\/cebb.org.br\/palestra-lama-poa-out22\/","name":"Palestra com Lama Samten | Vis\u00f5es sobre Paz e Sociedade | PRESENCIAL e online - Centro de Estudos Budistas Bodisatva","isPartOf":{"@id":"https:\/\/cebb.org.br\/#website"},"primaryImageOfPage":{"@id":"https:\/\/cebb.org.br\/palestra-lama-poa-out22\/#primaryimage"},"image":{"@id":"https:\/\/cebb.org.br\/palestra-lama-poa-out22\/#primaryimage"},"thumbnailUrl":"https:\/\/cebb.org.br\/wp-content\/uploads\/2022\/10\/20220906195638_IMG_0837-01-1-scaled.jpeg","datePublished":"2022-10-22T15:56:30+00:00","dateModified":"2022-10-31T17:54:28+00:00","breadcrumb":{"@id":"https:\/\/cebb.org.br\/palestra-lama-poa-out22\/#breadcrumb"},"inLanguage":"en-GB","potentialAction":[{"@type":"ReadAction","target":["https:\/\/cebb.org.br\/palestra-lama-poa-out22\/"]}]},{"@type":"ImageObject","inLanguage":"en-GB","@id":"https:\/\/cebb.org.br\/palestra-lama-poa-out22\/#primaryimage","url":"https:\/\/cebb.org.br\/wp-content\/uploads\/2022\/10\/20220906195638_IMG_0837-01-1-scaled.jpeg","contentUrl":"https:\/\/cebb.org.br\/wp-content\/uploads\/2022\/10\/20220906195638_IMG_0837-01-1-scaled.jpeg","width":2560,"height":1920},{"@type":"BreadcrumbList","@id":"https:\/\/cebb.org.br\/palestra-lama-poa-out22\/#breadcrumb","itemListElement":[{"@type":"ListItem","position":1,"name":"Home","item":"https:\/\/cebb.org.br\/"},{"@type":"ListItem","position":2,"name":"Palestra com Lama Samten | Vis\u00f5es sobre Paz e Sociedade | PRESENCIAL e online"}]},{"@type":"WebSite","@id":"https:\/\/cebb.org.br\/#website","url":"https:\/\/cebb.org.br\/","name":"Bodhisattva Center for Buddhist Studies","description":"Budismo, medita\u00e7\u00e3o e cultura de paz | Lama Padma Samten","publisher":{"@id":"https:\/\/cebb.org.br\/#organization"},"potentialAction":[{"@type":"SearchAction","target":{"@type":"EntryPoint","urlTemplate":"https:\/\/cebb.org.br\/?s={search_term_string}"},"query-input":{"@type":"PropertyValueSpecification","valueRequired":true,"valueName":"search_term_string"}}],"inLanguage":"en-GB"},{"@type":"Organization","@id":"https:\/\/cebb.org.br\/#organization","name":"Bodhisattva Center for Buddhist Studies","url":"https:\/\/cebb.org.br\/","logo":{"@type":"ImageObject","inLanguage":"en-GB","@id":"https:\/\/cebb.org.br\/#\/schema\/logo\/image\/","url":"http:\/\/18.230.164.79\/wp-content\/uploads\/2011\/03\/logosalvador-peq-e1660064979551.jpg","contentUrl":"http:\/\/18.230.164.79\/wp-content\/uploads\/2011\/03\/logosalvador-peq-e1660064979551.jpg","width":280,"height":231,"caption":"Centro de Estudos Budistas Bodisatva"},"image":{"@id":"https:\/\/cebb.org.br\/#\/schema\/logo\/image\/"},"sameAs":["https:\/\/pt-br.facebook.com\/cebb108","https:\/\/www.instagram.com\/cebbcaminhodomeio\/"]},{"@type":"Person","@id":"https:\/\/cebb.org.br\/#\/schema\/person\/f80d010be88f68e88be1027c51727367","name":"zebenetti","image":{"@type":"ImageObject","inLanguage":"en-GB","@id":"https:\/\/secure.gravatar.com\/avatar\/07005430f720ba1eedcd09dcfc89e15691e095e51d0df6bf460f6aee39cdfd77?s=96&d=mm&r=g","url":"https:\/\/secure.gravatar.com\/avatar\/07005430f720ba1eedcd09dcfc89e15691e095e51d0df6bf460f6aee39cdfd77?s=96&d=mm&r=g","contentUrl":"https:\/\/secure.gravatar.com\/avatar\/07005430f720ba1eedcd09dcfc89e15691e095e51d0df6bf460f6aee39cdfd77?s=96&d=mm&r=g","caption":"zebenetti"},"url":"https:\/\/cebb.org.br\/en\/author\/zebenetti\/"}]}},"_links":{"self":[{"href":"https:\/\/cebb.org.br\/en\/wp-json\/wp\/v2\/posts\/92997","targetHints":{"allow":["GET"]}}],"collection":[{"href":"https:\/\/cebb.org.br\/en\/wp-json\/wp\/v2\/posts"}],"about":[{"href":"https:\/\/cebb.org.br\/en\/wp-json\/wp\/v2\/types\/post"}],"author":[{"embeddable":true,"href":"https:\/\/cebb.org.br\/en\/wp-json\/wp\/v2\/users\/31"}],"replies":[{"embeddable":true,"href":"https:\/\/cebb.org.br\/en\/wp-json\/wp\/v2\/comments?post=92997"}],"version-history":[{"count":11,"href":"https:\/\/cebb.org.br\/en\/wp-json\/wp\/v2\/posts\/92997\/revisions"}],"predecessor-version":[{"id":93195,"href":"https:\/\/cebb.org.br\/en\/wp-json\/wp\/v2\/posts\/92997\/revisions\/93195"}],"wp:featuredmedia":[{"embeddable":true,"href":"https:\/\/cebb.org.br\/en\/wp-json\/wp\/v2\/media\/93140"}],"wp:attachment":[{"href":"https:\/\/cebb.org.br\/en\/wp-json\/wp\/v2\/media?parent=92997"}],"wp:term":[{"taxonomy":"category","embeddable":true,"href":"https:\/\/cebb.org.br\/en\/wp-json\/wp\/v2\/categories?post=92997"},{"taxonomy":"post_tag","embeddable":true,"href":"https:\/\/cebb.org.br\/en\/wp-json\/wp\/v2\/tags?post=92997"}],"curies":[{"name":"wp","href":"https:\/\/api.w.org\/{rel}","templated":true}]}}