{"id":94412,"date":"2023-01-09T07:45:35","date_gmt":"2023-01-09T10:45:35","guid":{"rendered":"https:\/\/cebb.org.br\/?p=94412"},"modified":"2023-01-20T09:03:59","modified_gmt":"2023-01-20T12:03:59","slug":"palestra-amor-e-compaixao","status":"publish","type":"post","link":"https:\/\/cebb.org.br\/en\/palestra-amor-e-compaixao\/","title":{"rendered":"Palestra com Lama Samten &#8220;Amor e compaix\u00e3o no cotidiano &#8211; A pr\u00e1tica budista para inspirar todos os seres&#8221;"},"content":{"rendered":"<p>Palestra presencial e on-line com Lama Padma Samten no CEBB Crici\u00fama no dia 16 de janeiro de 2023<br \/>\n<!--more--><br \/>\nTodos aspiramos a felicidade e aspiramos ficar a salvos do sofrimento. Uma vez que todos aspiramos harmonia, tranquilidade e uni\u00e3o com as outras pessoas, com os outros seres humanos e com os seres da natureza, por que realizar isso \u00e9 t\u00e3o dif\u00edcil? Por que as condi\u00e7\u00f5es melhoram para piorar mais adiante? O que falta: poder, educa\u00e7\u00e3o, recursos, leis regras? Como o Buda v\u00ea isso, quais seus conselhos?<\/p>\n<p><strong>Programa\u00e7\u00e3o | Online e Presencial:<\/strong><br \/>\nData: 16 de janeiro de 2023 (segunda-feira)<br \/>\nDas 19h \u00e0s 20h &#8211; Medita\u00e7\u00e3o de Arya Tara e Prajnaparamita<br \/>\nDas 20h08 \u00e0s 21h28 &#8211; Palestra &#8220;Amor e compaix\u00e3o no cotidiano&#8221;<\/p>\n<p><strong>Local<\/strong><br \/>\nOikos | Crici\u00fama\/SC<br \/>\nRod. Ant\u00f4nio Just, 1700 | Bairro Universit\u00e1rio | 88806-005 | Crici\u00fama\/SC<\/p>\n<p><strong>Inscri\u00e7\u00f5es:<\/strong><br \/>\n&#8211; <strong>Presencial<\/strong>: Contribui\u00e7\u00e3o espont\u00e2nea, sugere-se R$ 35,00, via PIX para derci@oikos.org.br. Feita a transfer\u00eancia, confirmar via WhatsApp 48 99836.8873, com DErci.<\/p>\n<p>&#8211; <strong>Online<\/strong>: <a href=\"https:\/\/forms.gle\/wxG82W4dvKTvZfpg6\" class=\"su-button su-button-style-default\" style=\"color:#FFFFFF;background-color:#b8190d;border-color:#94140b;border-radius:5px\" target=\"_blank\" rel=\"noopener noreferrer\"><span style=\"color:#FFFFFF;padding:0px 16px;font-size:13px;line-height:26px;border-color:#ce5e56;border-radius:5px;text-shadow:none\"> FA\u00c7A AQUI A SUA INSCRI\u00c7\u00c3O<\/span><\/a>\n<p><em>Todo Darma \u00e9 mantido pela generosidade dos praticantes que auxiliam, cada um do seu jeito e o quanto podem, no movimento da Sanga e nas atividades desenvolvidas em comum. E que muitos seres se beneficiem!<br \/>\n<\/em><br \/>\nSe tiver mais d\u00favida, n\u00e3o hesite em nos contatar: cebbcriciuma@gmail.com ou 48 | 99836.8873<br \/>\nTodos s\u00e3o bem-vindos e bem-vindas.<br \/>\nN\u00e3o h\u00e1 pr\u00e9-requisito para participa\u00e7\u00e3o.<\/p>","protected":false},"excerpt":{"rendered":"<p>Palestra presencial e on-line com Lama Padma Samten no CEBB Crici\u00fama no dia 16 de janeiro de 2023<\/p>","protected":false},"author":76,"featured_media":94510,"comment_status":"open","ping_status":"open","sticky":false,"template":"","format":"standard","meta":{"footnotes":""},"categories":[341],"tags":[651,459,652,467,648,549,550,653,650,649],"class_list":["post-94412","post","type-post","status-publish","format-standard","has-post-thumbnail","hentry","category-eventos-passados","tag-budismo-em-criciuma","tag-budismo-tibetano","tag-budismo-tibetano-em-criciuma","tag-cebb","tag-cebb-criciuma","tag-lama-padma-samten","tag-lama-samten","tag-lama-samten-em-criciuma","tag-palestra-amor-e-compaixao","tag-palestra-lama"],"yoast_head":"<!-- This site is optimized with the Yoast SEO plugin v27.4 - https:\/\/yoast.com\/product\/yoast-seo-wordpress\/ -->\n<title>Palestra com Lama Samten &quot;Amor e compaix\u00e3o no cotidiano - A pr\u00e1tica budista para inspirar todos os seres&quot; - Centro de Estudos Budistas Bodisatva<\/title>\n<meta name=\"robots\" content=\"index, follow, max-snippet:-1, max-image-preview:large, max-video-preview:-1\" \/>\n<link rel=\"canonical\" href=\"https:\/\/cebb.org.br\/en\/palestra-amor-e-compaixao\/\" \/>\n<meta property=\"og:locale\" content=\"en_GB\" \/>\n<meta property=\"og:type\" content=\"article\" \/>\n<meta property=\"og:title\" content=\"Palestra com Lama Samten &quot;Amor e compaix\u00e3o no cotidiano - A pr\u00e1tica budista para inspirar todos os seres&quot; - Centro de Estudos Budistas Bodisatva\" \/>\n<meta property=\"og:description\" content=\"Palestra presencial e on-line com Lama Padma Samten no CEBB Crici\u00fama no dia 16 de janeiro de 2023\" \/>\n<meta property=\"og:url\" content=\"https:\/\/cebb.org.br\/en\/palestra-amor-e-compaixao\/\" \/>\n<meta property=\"og:site_name\" content=\"Centro de Estudos Budistas Bodisatva\" \/>\n<meta property=\"article:publisher\" content=\"https:\/\/pt-br.facebook.com\/cebb108\" \/>\n<meta property=\"article:published_time\" content=\"2023-01-09T10:45:35+00:00\" \/>\n<meta property=\"article:modified_time\" content=\"2023-01-20T12:03:59+00:00\" \/>\n<meta property=\"og:image\" content=\"https:\/\/cebb.org.br\/wp-content\/uploads\/2023\/01\/WhatsApp-Image-2022-12-29-at-17.09.01.jpeg\" \/>\n\t<meta property=\"og:image:width\" content=\"444\" \/>\n\t<meta property=\"og:image:height\" content=\"449\" \/>\n\t<meta property=\"og:image:type\" content=\"image\/jpeg\" \/>\n<meta name=\"author\" content=\"cebbcriciuma\" \/>\n<meta name=\"twitter:card\" content=\"summary_large_image\" \/>\n<meta name=\"twitter:label1\" content=\"Written by\" \/>\n\t<meta name=\"twitter:data1\" content=\"cebbcriciuma\" \/>\n\t<meta name=\"twitter:label2\" content=\"Estimated reading time\" \/>\n\t<meta name=\"twitter:data2\" content=\"2 minutes\" \/>\n<script type=\"application\/ld+json\" class=\"yoast-schema-graph\">{\"@context\":\"https:\\\/\\\/schema.org\",\"@graph\":[{\"@type\":\"Article\",\"@id\":\"https:\\\/\\\/cebb.org.br\\\/en\\\/palestra-amor-e-compaixao\\\/#article\",\"isPartOf\":{\"@id\":\"https:\\\/\\\/cebb.org.br\\\/en\\\/palestra-amor-e-compaixao\\\/\"},\"author\":{\"name\":\"cebbcriciuma\",\"@id\":\"https:\\\/\\\/cebb.org.br\\\/#\\\/schema\\\/person\\\/bbeb03bf17fe15eaa19321dd6d206256\"},\"headline\":\"Palestra com Lama Samten &#8220;Amor e compaix\u00e3o no cotidiano &#8211; A pr\u00e1tica budista para inspirar todos os seres&#8221;\",\"datePublished\":\"2023-01-09T10:45:35+00:00\",\"dateModified\":\"2023-01-20T12:03:59+00:00\",\"mainEntityOfPage\":{\"@id\":\"https:\\\/\\\/cebb.org.br\\\/en\\\/palestra-amor-e-compaixao\\\/\"},\"wordCount\":272,\"commentCount\":0,\"publisher\":{\"@id\":\"https:\\\/\\\/cebb.org.br\\\/#organization\"},\"image\":{\"@id\":\"https:\\\/\\\/cebb.org.br\\\/en\\\/palestra-amor-e-compaixao\\\/#primaryimage\"},\"thumbnailUrl\":\"https:\\\/\\\/cebb.org.br\\\/wp-content\\\/uploads\\\/2023\\\/01\\\/WhatsApp-Image-2022-12-29-at-17.09.01.jpeg\",\"keywords\":[\"budismo em Crici\u00fama\",\"budismo tibetano\",\"budismo tibetano em Crici\u00fama\",\"cebb\",\"Cebb Crici\u00fama\",\"lama padma samten\",\"lama samten\",\"Lama Samten em Crici\u00fama\",\"palestra amor e compaix\u00e3o\",\"palestra lama\"],\"articleSection\":[\"Eventos Passados\"],\"inLanguage\":\"en-GB\",\"potentialAction\":[{\"@type\":\"CommentAction\",\"name\":\"Comment\",\"target\":[\"https:\\\/\\\/cebb.org.br\\\/en\\\/palestra-amor-e-compaixao\\\/#respond\"]}]},{\"@type\":\"WebPage\",\"@id\":\"https:\\\/\\\/cebb.org.br\\\/en\\\/palestra-amor-e-compaixao\\\/\",\"url\":\"https:\\\/\\\/cebb.org.br\\\/en\\\/palestra-amor-e-compaixao\\\/\",\"name\":\"Palestra com Lama Samten \\\"Amor e compaix\u00e3o no cotidiano - A pr\u00e1tica budista para inspirar todos os seres\\\" - Centro de Estudos Budistas Bodisatva\",\"isPartOf\":{\"@id\":\"https:\\\/\\\/cebb.org.br\\\/#website\"},\"primaryImageOfPage\":{\"@id\":\"https:\\\/\\\/cebb.org.br\\\/en\\\/palestra-amor-e-compaixao\\\/#primaryimage\"},\"image\":{\"@id\":\"https:\\\/\\\/cebb.org.br\\\/en\\\/palestra-amor-e-compaixao\\\/#primaryimage\"},\"thumbnailUrl\":\"https:\\\/\\\/cebb.org.br\\\/wp-content\\\/uploads\\\/2023\\\/01\\\/WhatsApp-Image-2022-12-29-at-17.09.01.jpeg\",\"datePublished\":\"2023-01-09T10:45:35+00:00\",\"dateModified\":\"2023-01-20T12:03:59+00:00\",\"breadcrumb\":{\"@id\":\"https:\\\/\\\/cebb.org.br\\\/en\\\/palestra-amor-e-compaixao\\\/#breadcrumb\"},\"inLanguage\":\"en-GB\",\"potentialAction\":[{\"@type\":\"ReadAction\",\"target\":[\"https:\\\/\\\/cebb.org.br\\\/en\\\/palestra-amor-e-compaixao\\\/\"]}]},{\"@type\":\"ImageObject\",\"inLanguage\":\"en-GB\",\"@id\":\"https:\\\/\\\/cebb.org.br\\\/en\\\/palestra-amor-e-compaixao\\\/#primaryimage\",\"url\":\"https:\\\/\\\/cebb.org.br\\\/wp-content\\\/uploads\\\/2023\\\/01\\\/WhatsApp-Image-2022-12-29-at-17.09.01.jpeg\",\"contentUrl\":\"https:\\\/\\\/cebb.org.br\\\/wp-content\\\/uploads\\\/2023\\\/01\\\/WhatsApp-Image-2022-12-29-at-17.09.01.jpeg\",\"width\":444,\"height\":449},{\"@type\":\"BreadcrumbList\",\"@id\":\"https:\\\/\\\/cebb.org.br\\\/en\\\/palestra-amor-e-compaixao\\\/#breadcrumb\",\"itemListElement\":[{\"@type\":\"ListItem\",\"position\":1,\"name\":\"Home\",\"item\":\"https:\\\/\\\/cebb.org.br\\\/\"},{\"@type\":\"ListItem\",\"position\":2,\"name\":\"Palestra com Lama Samten &#8220;Amor e compaix\u00e3o no cotidiano &#8211; A pr\u00e1tica budista para inspirar todos os seres&#8221;\"}]},{\"@type\":\"WebSite\",\"@id\":\"https:\\\/\\\/cebb.org.br\\\/#website\",\"url\":\"https:\\\/\\\/cebb.org.br\\\/\",\"name\":\"Centro de Estudos Budistas Bodisatva\",\"description\":\"Budismo, medita\u00e7\u00e3o e cultura de paz | Lama Padma Samten\",\"publisher\":{\"@id\":\"https:\\\/\\\/cebb.org.br\\\/#organization\"},\"potentialAction\":[{\"@type\":\"SearchAction\",\"target\":{\"@type\":\"EntryPoint\",\"urlTemplate\":\"https:\\\/\\\/cebb.org.br\\\/?s={search_term_string}\"},\"query-input\":{\"@type\":\"PropertyValueSpecification\",\"valueRequired\":true,\"valueName\":\"search_term_string\"}}],\"inLanguage\":\"en-GB\"},{\"@type\":\"Organization\",\"@id\":\"https:\\\/\\\/cebb.org.br\\\/#organization\",\"name\":\"Centro de Estudos Budistas Bodisatva\",\"url\":\"https:\\\/\\\/cebb.org.br\\\/\",\"logo\":{\"@type\":\"ImageObject\",\"inLanguage\":\"en-GB\",\"@id\":\"https:\\\/\\\/cebb.org.br\\\/#\\\/schema\\\/logo\\\/image\\\/\",\"url\":\"http:\\\/\\\/18.230.164.79\\\/wp-content\\\/uploads\\\/2011\\\/03\\\/logosalvador-peq-e1660064979551.jpg\",\"contentUrl\":\"http:\\\/\\\/18.230.164.79\\\/wp-content\\\/uploads\\\/2011\\\/03\\\/logosalvador-peq-e1660064979551.jpg\",\"width\":280,\"height\":231,\"caption\":\"Centro de Estudos Budistas Bodisatva\"},\"image\":{\"@id\":\"https:\\\/\\\/cebb.org.br\\\/#\\\/schema\\\/logo\\\/image\\\/\"},\"sameAs\":[\"https:\\\/\\\/pt-br.facebook.com\\\/cebb108\",\"https:\\\/\\\/www.instagram.com\\\/cebbcaminhodomeio\\\/\"]},{\"@type\":\"Person\",\"@id\":\"https:\\\/\\\/cebb.org.br\\\/#\\\/schema\\\/person\\\/bbeb03bf17fe15eaa19321dd6d206256\",\"name\":\"cebbcriciuma\",\"image\":{\"@type\":\"ImageObject\",\"inLanguage\":\"en-GB\",\"@id\":\"https:\\\/\\\/secure.gravatar.com\\\/avatar\\\/bf311f57e8e83a74078402578264a0999409b3ee38dcc0aca2500afef076fb83?s=96&d=mm&r=g\",\"url\":\"https:\\\/\\\/secure.gravatar.com\\\/avatar\\\/bf311f57e8e83a74078402578264a0999409b3ee38dcc0aca2500afef076fb83?s=96&d=mm&r=g\",\"contentUrl\":\"https:\\\/\\\/secure.gravatar.com\\\/avatar\\\/bf311f57e8e83a74078402578264a0999409b3ee38dcc0aca2500afef076fb83?s=96&d=mm&r=g\",\"caption\":\"cebbcriciuma\"},\"url\":\"https:\\\/\\\/cebb.org.br\\\/en\\\/author\\\/cebbcriciuma\\\/\"}]}<\/script>\n<!-- \/ Yoast SEO plugin. -->","yoast_head_json":{"title":"Palestra com Lama Samten \"Amor e compaix\u00e3o no cotidiano - A pr\u00e1tica budista para inspirar todos os seres\" - Centro de Estudos Budistas Bodisatva","robots":{"index":"index","follow":"follow","max-snippet":"max-snippet:-1","max-image-preview":"max-image-preview:large","max-video-preview":"max-video-preview:-1"},"canonical":"https:\/\/cebb.org.br\/en\/palestra-amor-e-compaixao\/","og_locale":"en_GB","og_type":"article","og_title":"Palestra com Lama Samten \"Amor e compaix\u00e3o no cotidiano - A pr\u00e1tica budista para inspirar todos os seres\" - Centro de Estudos Budistas Bodisatva","og_description":"Palestra presencial e on-line com Lama Padma Samten no CEBB Crici\u00fama no dia 16 de janeiro de 2023","og_url":"https:\/\/cebb.org.br\/en\/palestra-amor-e-compaixao\/","og_site_name":"Centro de Estudos Budistas Bodisatva","article_publisher":"https:\/\/pt-br.facebook.com\/cebb108","article_published_time":"2023-01-09T10:45:35+00:00","article_modified_time":"2023-01-20T12:03:59+00:00","og_image":[{"width":444,"height":449,"url":"https:\/\/cebb.org.br\/wp-content\/uploads\/2023\/01\/WhatsApp-Image-2022-12-29-at-17.09.01.jpeg","type":"image\/jpeg"}],"author":"cebbcriciuma","twitter_card":"summary_large_image","twitter_misc":{"Written by":"cebbcriciuma","Estimated reading time":"2 minutes"},"schema":{"@context":"https:\/\/schema.org","@graph":[{"@type":"Article","@id":"https:\/\/cebb.org.br\/en\/palestra-amor-e-compaixao\/#article","isPartOf":{"@id":"https:\/\/cebb.org.br\/en\/palestra-amor-e-compaixao\/"},"author":{"name":"cebbcriciuma","@id":"https:\/\/cebb.org.br\/#\/schema\/person\/bbeb03bf17fe15eaa19321dd6d206256"},"headline":"Palestra com Lama Samten &#8220;Amor e compaix\u00e3o no cotidiano &#8211; A pr\u00e1tica budista para inspirar todos os seres&#8221;","datePublished":"2023-01-09T10:45:35+00:00","dateModified":"2023-01-20T12:03:59+00:00","mainEntityOfPage":{"@id":"https:\/\/cebb.org.br\/en\/palestra-amor-e-compaixao\/"},"wordCount":272,"commentCount":0,"publisher":{"@id":"https:\/\/cebb.org.br\/#organization"},"image":{"@id":"https:\/\/cebb.org.br\/en\/palestra-amor-e-compaixao\/#primaryimage"},"thumbnailUrl":"https:\/\/cebb.org.br\/wp-content\/uploads\/2023\/01\/WhatsApp-Image-2022-12-29-at-17.09.01.jpeg","keywords":["budismo em Crici\u00fama","budismo tibetano","budismo tibetano em Crici\u00fama","cebb","Cebb Crici\u00fama","lama padma samten","lama samten","Lama Samten em Crici\u00fama","palestra amor e compaix\u00e3o","palestra lama"],"articleSection":["Eventos Passados"],"inLanguage":"en-GB","potentialAction":[{"@type":"CommentAction","name":"Comment","target":["https:\/\/cebb.org.br\/en\/palestra-amor-e-compaixao\/#respond"]}]},{"@type":"WebPage","@id":"https:\/\/cebb.org.br\/en\/palestra-amor-e-compaixao\/","url":"https:\/\/cebb.org.br\/en\/palestra-amor-e-compaixao\/","name":"Palestra com Lama Samten \"Amor e compaix\u00e3o no cotidiano - A pr\u00e1tica budista para inspirar todos os seres\" - Centro de Estudos Budistas Bodisatva","isPartOf":{"@id":"https:\/\/cebb.org.br\/#website"},"primaryImageOfPage":{"@id":"https:\/\/cebb.org.br\/en\/palestra-amor-e-compaixao\/#primaryimage"},"image":{"@id":"https:\/\/cebb.org.br\/en\/palestra-amor-e-compaixao\/#primaryimage"},"thumbnailUrl":"https:\/\/cebb.org.br\/wp-content\/uploads\/2023\/01\/WhatsApp-Image-2022-12-29-at-17.09.01.jpeg","datePublished":"2023-01-09T10:45:35+00:00","dateModified":"2023-01-20T12:03:59+00:00","breadcrumb":{"@id":"https:\/\/cebb.org.br\/en\/palestra-amor-e-compaixao\/#breadcrumb"},"inLanguage":"en-GB","potentialAction":[{"@type":"ReadAction","target":["https:\/\/cebb.org.br\/en\/palestra-amor-e-compaixao\/"]}]},{"@type":"ImageObject","inLanguage":"en-GB","@id":"https:\/\/cebb.org.br\/en\/palestra-amor-e-compaixao\/#primaryimage","url":"https:\/\/cebb.org.br\/wp-content\/uploads\/2023\/01\/WhatsApp-Image-2022-12-29-at-17.09.01.jpeg","contentUrl":"https:\/\/cebb.org.br\/wp-content\/uploads\/2023\/01\/WhatsApp-Image-2022-12-29-at-17.09.01.jpeg","width":444,"height":449},{"@type":"BreadcrumbList","@id":"https:\/\/cebb.org.br\/en\/palestra-amor-e-compaixao\/#breadcrumb","itemListElement":[{"@type":"ListItem","position":1,"name":"Home","item":"https:\/\/cebb.org.br\/"},{"@type":"ListItem","position":2,"name":"Palestra com Lama Samten &#8220;Amor e compaix\u00e3o no cotidiano &#8211; A pr\u00e1tica budista para inspirar todos os seres&#8221;"}]},{"@type":"WebSite","@id":"https:\/\/cebb.org.br\/#website","url":"https:\/\/cebb.org.br\/","name":"Bodhisattva Center for Buddhist Studies","description":"Budismo, medita\u00e7\u00e3o e cultura de paz | Lama Padma Samten","publisher":{"@id":"https:\/\/cebb.org.br\/#organization"},"potentialAction":[{"@type":"SearchAction","target":{"@type":"EntryPoint","urlTemplate":"https:\/\/cebb.org.br\/?s={search_term_string}"},"query-input":{"@type":"PropertyValueSpecification","valueRequired":true,"valueName":"search_term_string"}}],"inLanguage":"en-GB"},{"@type":"Organization","@id":"https:\/\/cebb.org.br\/#organization","name":"Bodhisattva Center for Buddhist Studies","url":"https:\/\/cebb.org.br\/","logo":{"@type":"ImageObject","inLanguage":"en-GB","@id":"https:\/\/cebb.org.br\/#\/schema\/logo\/image\/","url":"http:\/\/18.230.164.79\/wp-content\/uploads\/2011\/03\/logosalvador-peq-e1660064979551.jpg","contentUrl":"http:\/\/18.230.164.79\/wp-content\/uploads\/2011\/03\/logosalvador-peq-e1660064979551.jpg","width":280,"height":231,"caption":"Centro de Estudos Budistas Bodisatva"},"image":{"@id":"https:\/\/cebb.org.br\/#\/schema\/logo\/image\/"},"sameAs":["https:\/\/pt-br.facebook.com\/cebb108","https:\/\/www.instagram.com\/cebbcaminhodomeio\/"]},{"@type":"Person","@id":"https:\/\/cebb.org.br\/#\/schema\/person\/bbeb03bf17fe15eaa19321dd6d206256","name":"cebbcriciuma","image":{"@type":"ImageObject","inLanguage":"en-GB","@id":"https:\/\/secure.gravatar.com\/avatar\/bf311f57e8e83a74078402578264a0999409b3ee38dcc0aca2500afef076fb83?s=96&d=mm&r=g","url":"https:\/\/secure.gravatar.com\/avatar\/bf311f57e8e83a74078402578264a0999409b3ee38dcc0aca2500afef076fb83?s=96&d=mm&r=g","contentUrl":"https:\/\/secure.gravatar.com\/avatar\/bf311f57e8e83a74078402578264a0999409b3ee38dcc0aca2500afef076fb83?s=96&d=mm&r=g","caption":"cebbcriciuma"},"url":"https:\/\/cebb.org.br\/en\/author\/cebbcriciuma\/"}]}},"_links":{"self":[{"href":"https:\/\/cebb.org.br\/en\/wp-json\/wp\/v2\/posts\/94412","targetHints":{"allow":["GET"]}}],"collection":[{"href":"https:\/\/cebb.org.br\/en\/wp-json\/wp\/v2\/posts"}],"about":[{"href":"https:\/\/cebb.org.br\/en\/wp-json\/wp\/v2\/types\/post"}],"author":[{"embeddable":true,"href":"https:\/\/cebb.org.br\/en\/wp-json\/wp\/v2\/users\/76"}],"replies":[{"embeddable":true,"href":"https:\/\/cebb.org.br\/en\/wp-json\/wp\/v2\/comments?post=94412"}],"version-history":[{"count":10,"href":"https:\/\/cebb.org.br\/en\/wp-json\/wp\/v2\/posts\/94412\/revisions"}],"predecessor-version":[{"id":94507,"href":"https:\/\/cebb.org.br\/en\/wp-json\/wp\/v2\/posts\/94412\/revisions\/94507"}],"wp:featuredmedia":[{"embeddable":true,"href":"https:\/\/cebb.org.br\/en\/wp-json\/wp\/v2\/media\/94510"}],"wp:attachment":[{"href":"https:\/\/cebb.org.br\/en\/wp-json\/wp\/v2\/media?parent=94412"}],"wp:term":[{"taxonomy":"category","embeddable":true,"href":"https:\/\/cebb.org.br\/en\/wp-json\/wp\/v2\/categories?post=94412"},{"taxonomy":"post_tag","embeddable":true,"href":"https:\/\/cebb.org.br\/en\/wp-json\/wp\/v2\/tags?post=94412"}],"curies":[{"name":"wp","href":"https:\/\/api.w.org\/{rel}","templated":true}]}}