{"id":99524,"date":"2024-01-08T12:45:51","date_gmt":"2024-01-08T15:45:51","guid":{"rendered":"https:\/\/cebb.org.br\/?p=99524"},"modified":"2024-01-30T10:10:54","modified_gmt":"2024-01-30T13:10:54","slug":"curso-pratica-em-meio-a-vida","status":"publish","type":"post","link":"https:\/\/cebb.org.br\/en\/curso-pratica-em-meio-a-vida\/","title":{"rendered":"Lama em Floripa | Curso &#8220;O caminho da pr\u00e1tica em meio a vida&#8221;"},"content":{"rendered":"<h6><strong>8 a 12 de janeiro de 2024<\/strong>, presencial e online.<\/h6>\n<p style=\"text-align: center;\"><!--more--><\/p>\n<p>Convidamos a todos para o curso com Lama Padma Samten &#8220;O caminho da pr\u00e1tica em meio a vida&#8221;:<\/p>\n<blockquote><p>A pr\u00e1tica poderosa em meio \u00e0 vida se d\u00e1 desde esta outra margem, como explicado no sutra Prajnaparamita. Assim, todas as apar\u00eancias dos seis bardos se tornam ambiente de pr\u00e1tica, os tr\u00eas mundos, e todos os reinos surgem como a mandala primordial.<\/p><\/blockquote>\n<p><strong>Data:<\/strong> 8 a 12 de janeiro (segunda a sexta)<br \/>\n<strong>Place:<\/strong> CEBB Floripa &#8211; R. Huberto Rohden, 274 &#8211; Campeche, Florian\u00f3polis<br \/>\n<strong>Programa\u00e7\u00e3o:<\/strong><br \/>\n05h30 &#8211; 07h00: Puja<br \/>\n19h00 &#8211; 20h00: Puja<br \/>\n20h00 &#8211; 21h30: Ensinamentos<\/p>\n<p>Em caso de d\u00favidas, entre em contato com Alexandre: (48) 99146-0671.<\/p>\n<h3>Inscri\u00e7\u00e3o para o Curso Presencial<strong><br \/>\n<\/strong><\/h3>\n<p><strong>CONTRIBUI\u00c7\u00c3O SUGERIDA:<\/strong><br \/>\n&#8211; Curso todo: R$ 200 &#8211; inscri\u00e7\u00e3o antecipada no formul\u00e1rio abaixo<br \/>\n&#8211; Cada dia: R$ 40 &#8211; inscri\u00e7\u00e3o na entrada do evento<\/p>\n<p>As inscri\u00e7\u00f5es e dep\u00f3sitos devem ser feitas individualmente por participante.<br \/>\nSua contribui\u00e7\u00e3o apoiar\u00e1 a A\u00e7\u00e3o Paramita e as atividades do Lama Padma Samten.<\/p>\n<p>The practice of Dana Paramita - perfection of generosity - makes it possible to continue the teachings from the time of the Buddha. The six paramitas - generosity, morality, peace, constant energy, concentration and wisdom - inspire the practice and are the generative and sustaining basis of the CEBB Sangha's centers for study, meditation, hospitality and initiatives for education, environmental protection, Pure Lands and the Culture of Peace.<\/p>\n<a href=\"https:\/\/forms.gle\/twZ5zhwgkg4swBhw9\" class=\"su-button su-button-style-flat\" style=\"color:#FFFFFF;background-color:#b8190d;border-color:#94140b;border-radius:4px\" target=\"_blank\" rel=\"noopener noreferrer\"><span style=\"color:#FFFFFF;padding:5px 14px;font-size:12px;line-height:18px;border-color:#ce5e56;border-radius:4px;text-shadow:none\"><i class=\"sui sui-map-marker\" style=\"font-size:12px;color:#FFFFFF\"><\/i> FA\u00c7A AQUI A SUA INSCRI\u00c7\u00c3O PARA O EVENTO PRESENCIAL!<\/span><\/a>\n<p>&nbsp;<\/p>\n<h3>Inscri\u00e7\u00e3o para o Curso Online<\/h3>\n<p>Sua inscri\u00e7\u00e3o e participa\u00e7\u00e3o ONLINE independem de contribui\u00e7\u00e3o financeira. Caso aspire e lhe seja poss\u00edvel contribuir, sinta-se livre para definir o valor, como refer\u00eancia, sugerimos o valor de R$40 cada dia ou R$200 a semana completa. Sua contribui\u00e7\u00e3o apoiar\u00e1 os movimentos do Lama Padma Samten e da A\u00e7\u00e3o Paramita (<a href=\"https:\/\/cebb.org.br\/en\/dialogos-budismo-sociedade\/\">veja os movimentos aqui<\/a>).<\/p>\n<blockquote><p><em>The practice of Dana Paramita - perfection of generosity - makes it possible to continue the teachings from the time of the Buddha. The six paramitas - generosity, morality, peace, constant energy, concentration and wisdom - inspire the practice and are the generative and sustaining basis of the CEBB Sangha's centers for study, meditation, hospitality and initiatives for education, environmental protection, Pure Lands and the Culture of Peace.<br \/>\n<\/em><\/p><\/blockquote>\n<a href=\"https:\/\/forms.gle\/97gLVZhBHqyKCY7f7\" class=\"su-button su-button-style-flat\" style=\"color:#FFFFFF;background-color:#b8190d;border-color:#94140b;border-radius:4px\" target=\"_blank\" rel=\"noopener noreferrer\"><span style=\"color:#FFFFFF;padding:5px 14px;font-size:12px;line-height:18px;border-color:#ce5e56;border-radius:4px;text-shadow:none\"><i class=\"sui sui-map-marker\" style=\"font-size:12px;color:#FFFFFF\"><\/i> FA\u00c7A AQUI A SUA INSCRI\u00c7\u00c3O PARA O EVENTO ONLINE!<\/span><\/a>\n<p>&nbsp;<\/p>\n<h3>Programa\u00e7\u00e3o completa com o Lama em Floripa:<\/h3>\n<p>&#8211; 06 a 07 de janeiro (s\u00e1bado e domingo): <a href=\"https:\/\/cebb.org.br\/en\/dialogos-budismo-e-sociedade-florianopolis\/\">Di\u00e1logos Budismo e Sociedade<\/a><br \/>\n&#8211; 08 a 12 de janeiro (segunda e sexta): <a href=\"https:\/\/cebb.org.br\/en\/curso-pratica-em-meio-a-vida\/\">Curso &#8220;O caminho da pr\u00e1tica em meio a vida&#8221;<\/a><br \/>\n&#8211; 13 a 14 de janeiro (s\u00e1bado e domingo): <a href=\"https:\/\/cebb.org.br\/en\/lama-em-floripa-retiro\/\">Retiro &#8220;A pr\u00e1tica de confiss\u00e3o e purifica\u00e7\u00e3o como caminho para libera\u00e7\u00e3o e cura&#8221;<\/a><\/p>","protected":false},"excerpt":{"rendered":"<p>8 a 12 de janeiro de 2024, presencial e online.<\/p>","protected":false},"author":55,"featured_media":99061,"comment_status":"open","ping_status":"open","sticky":false,"template":"","format":"standard","meta":{"footnotes":""},"categories":[341],"tags":[],"class_list":["post-99524","post","type-post","status-publish","format-standard","has-post-thumbnail","hentry","category-eventos-passados"],"yoast_head":"<!-- This site is optimized with the Yoast SEO plugin v27.5 - https:\/\/yoast.com\/product\/yoast-seo-wordpress\/ -->\n<title>Lama em Floripa | Curso &quot;O caminho da pr\u00e1tica em meio a vida&quot; - Centro de Estudos Budistas Bodisatva<\/title>\n<meta name=\"robots\" content=\"index, follow, max-snippet:-1, max-image-preview:large, max-video-preview:-1\" \/>\n<link rel=\"canonical\" href=\"https:\/\/cebb.org.br\/en\/curso-pratica-em-meio-a-vida\/\" \/>\n<meta property=\"og:locale\" content=\"en_GB\" \/>\n<meta property=\"og:type\" content=\"article\" \/>\n<meta property=\"og:title\" content=\"Lama em Floripa | Curso &quot;O caminho da pr\u00e1tica em meio a vida&quot; - Centro de Estudos Budistas Bodisatva\" \/>\n<meta property=\"og:description\" content=\"8 a 12 de janeiro de 2024, presencial e online.\" \/>\n<meta property=\"og:url\" content=\"https:\/\/cebb.org.br\/en\/curso-pratica-em-meio-a-vida\/\" \/>\n<meta property=\"og:site_name\" content=\"Centro de Estudos Budistas Bodisatva\" \/>\n<meta property=\"article:publisher\" content=\"https:\/\/pt-br.facebook.com\/cebb108\" \/>\n<meta property=\"article:published_time\" content=\"2024-01-08T15:45:51+00:00\" \/>\n<meta property=\"article:modified_time\" content=\"2024-01-30T13:10:54+00:00\" \/>\n<meta property=\"og:image\" content=\"https:\/\/cebb.org.br\/wp-content\/uploads\/2023\/05\/Design-sem-nome.png\" \/>\n\t<meta property=\"og:image:width\" content=\"1366\" \/>\n\t<meta property=\"og:image:height\" content=\"768\" \/>\n\t<meta property=\"og:image:type\" content=\"image\/png\" \/>\n<meta name=\"author\" content=\"larissa.lautert\" \/>\n<meta name=\"twitter:card\" content=\"summary_large_image\" \/>\n<meta name=\"twitter:label1\" content=\"Written by\" \/>\n\t<meta name=\"twitter:data1\" content=\"larissa.lautert\" \/>\n\t<meta name=\"twitter:label2\" content=\"Estimated reading time\" \/>\n\t<meta name=\"twitter:data2\" content=\"3 minutes\" \/>\n<script type=\"application\/ld+json\" class=\"yoast-schema-graph\">{\"@context\":\"https:\\\/\\\/schema.org\",\"@graph\":[{\"@type\":\"Article\",\"@id\":\"https:\\\/\\\/cebb.org.br\\\/curso-pratica-em-meio-a-vida\\\/#article\",\"isPartOf\":{\"@id\":\"https:\\\/\\\/cebb.org.br\\\/curso-pratica-em-meio-a-vida\\\/\"},\"author\":{\"name\":\"larissa.lautert\",\"@id\":\"https:\\\/\\\/cebb.org.br\\\/#\\\/schema\\\/person\\\/0dfa66c00fb474eb78c12b1de8ab8ba4\"},\"headline\":\"Lama em Floripa | Curso &#8220;O caminho da pr\u00e1tica em meio a vida&#8221;\",\"datePublished\":\"2024-01-08T15:45:51+00:00\",\"dateModified\":\"2024-01-30T13:10:54+00:00\",\"mainEntityOfPage\":{\"@id\":\"https:\\\/\\\/cebb.org.br\\\/curso-pratica-em-meio-a-vida\\\/\"},\"wordCount\":524,\"commentCount\":0,\"publisher\":{\"@id\":\"https:\\\/\\\/cebb.org.br\\\/#organization\"},\"image\":{\"@id\":\"https:\\\/\\\/cebb.org.br\\\/curso-pratica-em-meio-a-vida\\\/#primaryimage\"},\"thumbnailUrl\":\"https:\\\/\\\/cebb.org.br\\\/wp-content\\\/uploads\\\/2023\\\/05\\\/Design-sem-nome.png\",\"articleSection\":[\"Eventos Passados\"],\"inLanguage\":\"en-GB\",\"potentialAction\":[{\"@type\":\"CommentAction\",\"name\":\"Comment\",\"target\":[\"https:\\\/\\\/cebb.org.br\\\/curso-pratica-em-meio-a-vida\\\/#respond\"]}]},{\"@type\":\"WebPage\",\"@id\":\"https:\\\/\\\/cebb.org.br\\\/curso-pratica-em-meio-a-vida\\\/\",\"url\":\"https:\\\/\\\/cebb.org.br\\\/curso-pratica-em-meio-a-vida\\\/\",\"name\":\"Lama em Floripa | Curso \\\"O caminho da pr\u00e1tica em meio a vida\\\" - Centro de Estudos Budistas Bodisatva\",\"isPartOf\":{\"@id\":\"https:\\\/\\\/cebb.org.br\\\/#website\"},\"primaryImageOfPage\":{\"@id\":\"https:\\\/\\\/cebb.org.br\\\/curso-pratica-em-meio-a-vida\\\/#primaryimage\"},\"image\":{\"@id\":\"https:\\\/\\\/cebb.org.br\\\/curso-pratica-em-meio-a-vida\\\/#primaryimage\"},\"thumbnailUrl\":\"https:\\\/\\\/cebb.org.br\\\/wp-content\\\/uploads\\\/2023\\\/05\\\/Design-sem-nome.png\",\"datePublished\":\"2024-01-08T15:45:51+00:00\",\"dateModified\":\"2024-01-30T13:10:54+00:00\",\"breadcrumb\":{\"@id\":\"https:\\\/\\\/cebb.org.br\\\/curso-pratica-em-meio-a-vida\\\/#breadcrumb\"},\"inLanguage\":\"en-GB\",\"potentialAction\":[{\"@type\":\"ReadAction\",\"target\":[\"https:\\\/\\\/cebb.org.br\\\/curso-pratica-em-meio-a-vida\\\/\"]}]},{\"@type\":\"ImageObject\",\"inLanguage\":\"en-GB\",\"@id\":\"https:\\\/\\\/cebb.org.br\\\/curso-pratica-em-meio-a-vida\\\/#primaryimage\",\"url\":\"https:\\\/\\\/cebb.org.br\\\/wp-content\\\/uploads\\\/2023\\\/05\\\/Design-sem-nome.png\",\"contentUrl\":\"https:\\\/\\\/cebb.org.br\\\/wp-content\\\/uploads\\\/2023\\\/05\\\/Design-sem-nome.png\",\"width\":1366,\"height\":768},{\"@type\":\"BreadcrumbList\",\"@id\":\"https:\\\/\\\/cebb.org.br\\\/curso-pratica-em-meio-a-vida\\\/#breadcrumb\",\"itemListElement\":[{\"@type\":\"ListItem\",\"position\":1,\"name\":\"Home\",\"item\":\"https:\\\/\\\/cebb.org.br\\\/\"},{\"@type\":\"ListItem\",\"position\":2,\"name\":\"Lama em Floripa | Curso &#8220;O caminho da pr\u00e1tica em meio a vida&#8221;\"}]},{\"@type\":\"WebSite\",\"@id\":\"https:\\\/\\\/cebb.org.br\\\/#website\",\"url\":\"https:\\\/\\\/cebb.org.br\\\/\",\"name\":\"Centro de Estudos Budistas Bodisatva\",\"description\":\"Budismo, medita\u00e7\u00e3o e cultura de paz | Lama Padma Samten\",\"publisher\":{\"@id\":\"https:\\\/\\\/cebb.org.br\\\/#organization\"},\"potentialAction\":[{\"@type\":\"SearchAction\",\"target\":{\"@type\":\"EntryPoint\",\"urlTemplate\":\"https:\\\/\\\/cebb.org.br\\\/?s={search_term_string}\"},\"query-input\":{\"@type\":\"PropertyValueSpecification\",\"valueRequired\":true,\"valueName\":\"search_term_string\"}}],\"inLanguage\":\"en-GB\"},{\"@type\":\"Organization\",\"@id\":\"https:\\\/\\\/cebb.org.br\\\/#organization\",\"name\":\"Centro de Estudos Budistas Bodisatva\",\"url\":\"https:\\\/\\\/cebb.org.br\\\/\",\"logo\":{\"@type\":\"ImageObject\",\"inLanguage\":\"en-GB\",\"@id\":\"https:\\\/\\\/cebb.org.br\\\/#\\\/schema\\\/logo\\\/image\\\/\",\"url\":\"http:\\\/\\\/18.230.164.79\\\/wp-content\\\/uploads\\\/2011\\\/03\\\/logosalvador-peq-e1660064979551.jpg\",\"contentUrl\":\"http:\\\/\\\/18.230.164.79\\\/wp-content\\\/uploads\\\/2011\\\/03\\\/logosalvador-peq-e1660064979551.jpg\",\"width\":280,\"height\":231,\"caption\":\"Centro de Estudos Budistas Bodisatva\"},\"image\":{\"@id\":\"https:\\\/\\\/cebb.org.br\\\/#\\\/schema\\\/logo\\\/image\\\/\"},\"sameAs\":[\"https:\\\/\\\/pt-br.facebook.com\\\/cebb108\",\"https:\\\/\\\/www.instagram.com\\\/cebbcaminhodomeio\\\/\"]},{\"@type\":\"Person\",\"@id\":\"https:\\\/\\\/cebb.org.br\\\/#\\\/schema\\\/person\\\/0dfa66c00fb474eb78c12b1de8ab8ba4\",\"name\":\"larissa.lautert\",\"image\":{\"@type\":\"ImageObject\",\"inLanguage\":\"en-GB\",\"@id\":\"https:\\\/\\\/secure.gravatar.com\\\/avatar\\\/64cf867a430fbf660d4c00ece9f134fe28544a8db8b4510697da146f04b2f77c?s=96&d=mm&r=g\",\"url\":\"https:\\\/\\\/secure.gravatar.com\\\/avatar\\\/64cf867a430fbf660d4c00ece9f134fe28544a8db8b4510697da146f04b2f77c?s=96&d=mm&r=g\",\"contentUrl\":\"https:\\\/\\\/secure.gravatar.com\\\/avatar\\\/64cf867a430fbf660d4c00ece9f134fe28544a8db8b4510697da146f04b2f77c?s=96&d=mm&r=g\",\"caption\":\"larissa.lautert\"},\"sameAs\":[\"http:\\\/\\\/CEBBFloripa\"],\"url\":\"https:\\\/\\\/cebb.org.br\\\/en\\\/author\\\/larissa-lautert\\\/\"}]}<\/script>\n<!-- \/ Yoast SEO plugin. -->","yoast_head_json":{"title":"Lama em Floripa | Curso \"O caminho da pr\u00e1tica em meio a vida\" - Centro de Estudos Budistas Bodisatva","robots":{"index":"index","follow":"follow","max-snippet":"max-snippet:-1","max-image-preview":"max-image-preview:large","max-video-preview":"max-video-preview:-1"},"canonical":"https:\/\/cebb.org.br\/en\/curso-pratica-em-meio-a-vida\/","og_locale":"en_GB","og_type":"article","og_title":"Lama em Floripa | Curso \"O caminho da pr\u00e1tica em meio a vida\" - Centro de Estudos Budistas Bodisatva","og_description":"8 a 12 de janeiro de 2024, presencial e online.","og_url":"https:\/\/cebb.org.br\/en\/curso-pratica-em-meio-a-vida\/","og_site_name":"Centro de Estudos Budistas Bodisatva","article_publisher":"https:\/\/pt-br.facebook.com\/cebb108","article_published_time":"2024-01-08T15:45:51+00:00","article_modified_time":"2024-01-30T13:10:54+00:00","og_image":[{"width":1366,"height":768,"url":"https:\/\/cebb.org.br\/wp-content\/uploads\/2023\/05\/Design-sem-nome.png","type":"image\/png"}],"author":"larissa.lautert","twitter_card":"summary_large_image","twitter_misc":{"Written by":"larissa.lautert","Estimated reading time":"3 minutes"},"schema":{"@context":"https:\/\/schema.org","@graph":[{"@type":"Article","@id":"https:\/\/cebb.org.br\/curso-pratica-em-meio-a-vida\/#article","isPartOf":{"@id":"https:\/\/cebb.org.br\/curso-pratica-em-meio-a-vida\/"},"author":{"name":"larissa.lautert","@id":"https:\/\/cebb.org.br\/#\/schema\/person\/0dfa66c00fb474eb78c12b1de8ab8ba4"},"headline":"Lama em Floripa | Curso &#8220;O caminho da pr\u00e1tica em meio a vida&#8221;","datePublished":"2024-01-08T15:45:51+00:00","dateModified":"2024-01-30T13:10:54+00:00","mainEntityOfPage":{"@id":"https:\/\/cebb.org.br\/curso-pratica-em-meio-a-vida\/"},"wordCount":524,"commentCount":0,"publisher":{"@id":"https:\/\/cebb.org.br\/#organization"},"image":{"@id":"https:\/\/cebb.org.br\/curso-pratica-em-meio-a-vida\/#primaryimage"},"thumbnailUrl":"https:\/\/cebb.org.br\/wp-content\/uploads\/2023\/05\/Design-sem-nome.png","articleSection":["Eventos Passados"],"inLanguage":"en-GB","potentialAction":[{"@type":"CommentAction","name":"Comment","target":["https:\/\/cebb.org.br\/curso-pratica-em-meio-a-vida\/#respond"]}]},{"@type":"WebPage","@id":"https:\/\/cebb.org.br\/curso-pratica-em-meio-a-vida\/","url":"https:\/\/cebb.org.br\/curso-pratica-em-meio-a-vida\/","name":"Lama em Floripa | Curso \"O caminho da pr\u00e1tica em meio a vida\" - Centro de Estudos Budistas Bodisatva","isPartOf":{"@id":"https:\/\/cebb.org.br\/#website"},"primaryImageOfPage":{"@id":"https:\/\/cebb.org.br\/curso-pratica-em-meio-a-vida\/#primaryimage"},"image":{"@id":"https:\/\/cebb.org.br\/curso-pratica-em-meio-a-vida\/#primaryimage"},"thumbnailUrl":"https:\/\/cebb.org.br\/wp-content\/uploads\/2023\/05\/Design-sem-nome.png","datePublished":"2024-01-08T15:45:51+00:00","dateModified":"2024-01-30T13:10:54+00:00","breadcrumb":{"@id":"https:\/\/cebb.org.br\/curso-pratica-em-meio-a-vida\/#breadcrumb"},"inLanguage":"en-GB","potentialAction":[{"@type":"ReadAction","target":["https:\/\/cebb.org.br\/curso-pratica-em-meio-a-vida\/"]}]},{"@type":"ImageObject","inLanguage":"en-GB","@id":"https:\/\/cebb.org.br\/curso-pratica-em-meio-a-vida\/#primaryimage","url":"https:\/\/cebb.org.br\/wp-content\/uploads\/2023\/05\/Design-sem-nome.png","contentUrl":"https:\/\/cebb.org.br\/wp-content\/uploads\/2023\/05\/Design-sem-nome.png","width":1366,"height":768},{"@type":"BreadcrumbList","@id":"https:\/\/cebb.org.br\/curso-pratica-em-meio-a-vida\/#breadcrumb","itemListElement":[{"@type":"ListItem","position":1,"name":"Home","item":"https:\/\/cebb.org.br\/"},{"@type":"ListItem","position":2,"name":"Lama em Floripa | Curso &#8220;O caminho da pr\u00e1tica em meio a vida&#8221;"}]},{"@type":"WebSite","@id":"https:\/\/cebb.org.br\/#website","url":"https:\/\/cebb.org.br\/","name":"Bodhisattva Center for Buddhist Studies","description":"Budismo, medita\u00e7\u00e3o e cultura de paz | Lama Padma Samten","publisher":{"@id":"https:\/\/cebb.org.br\/#organization"},"potentialAction":[{"@type":"SearchAction","target":{"@type":"EntryPoint","urlTemplate":"https:\/\/cebb.org.br\/?s={search_term_string}"},"query-input":{"@type":"PropertyValueSpecification","valueRequired":true,"valueName":"search_term_string"}}],"inLanguage":"en-GB"},{"@type":"Organization","@id":"https:\/\/cebb.org.br\/#organization","name":"Bodhisattva Center for Buddhist Studies","url":"https:\/\/cebb.org.br\/","logo":{"@type":"ImageObject","inLanguage":"en-GB","@id":"https:\/\/cebb.org.br\/#\/schema\/logo\/image\/","url":"http:\/\/18.230.164.79\/wp-content\/uploads\/2011\/03\/logosalvador-peq-e1660064979551.jpg","contentUrl":"http:\/\/18.230.164.79\/wp-content\/uploads\/2011\/03\/logosalvador-peq-e1660064979551.jpg","width":280,"height":231,"caption":"Centro de Estudos Budistas Bodisatva"},"image":{"@id":"https:\/\/cebb.org.br\/#\/schema\/logo\/image\/"},"sameAs":["https:\/\/pt-br.facebook.com\/cebb108","https:\/\/www.instagram.com\/cebbcaminhodomeio\/"]},{"@type":"Person","@id":"https:\/\/cebb.org.br\/#\/schema\/person\/0dfa66c00fb474eb78c12b1de8ab8ba4","name":"larissa.lautert","image":{"@type":"ImageObject","inLanguage":"en-GB","@id":"https:\/\/secure.gravatar.com\/avatar\/64cf867a430fbf660d4c00ece9f134fe28544a8db8b4510697da146f04b2f77c?s=96&d=mm&r=g","url":"https:\/\/secure.gravatar.com\/avatar\/64cf867a430fbf660d4c00ece9f134fe28544a8db8b4510697da146f04b2f77c?s=96&d=mm&r=g","contentUrl":"https:\/\/secure.gravatar.com\/avatar\/64cf867a430fbf660d4c00ece9f134fe28544a8db8b4510697da146f04b2f77c?s=96&d=mm&r=g","caption":"larissa.lautert"},"sameAs":["http:\/\/CEBBFloripa"],"url":"https:\/\/cebb.org.br\/en\/author\/larissa-lautert\/"}]}},"_links":{"self":[{"href":"https:\/\/cebb.org.br\/en\/wp-json\/wp\/v2\/posts\/99524","targetHints":{"allow":["GET"]}}],"collection":[{"href":"https:\/\/cebb.org.br\/en\/wp-json\/wp\/v2\/posts"}],"about":[{"href":"https:\/\/cebb.org.br\/en\/wp-json\/wp\/v2\/types\/post"}],"author":[{"embeddable":true,"href":"https:\/\/cebb.org.br\/en\/wp-json\/wp\/v2\/users\/55"}],"replies":[{"embeddable":true,"href":"https:\/\/cebb.org.br\/en\/wp-json\/wp\/v2\/comments?post=99524"}],"version-history":[{"count":19,"href":"https:\/\/cebb.org.br\/en\/wp-json\/wp\/v2\/posts\/99524\/revisions"}],"predecessor-version":[{"id":99941,"href":"https:\/\/cebb.org.br\/en\/wp-json\/wp\/v2\/posts\/99524\/revisions\/99941"}],"wp:featuredmedia":[{"embeddable":true,"href":"https:\/\/cebb.org.br\/en\/wp-json\/wp\/v2\/media\/99061"}],"wp:attachment":[{"href":"https:\/\/cebb.org.br\/en\/wp-json\/wp\/v2\/media?parent=99524"}],"wp:term":[{"taxonomy":"category","embeddable":true,"href":"https:\/\/cebb.org.br\/en\/wp-json\/wp\/v2\/categories?post=99524"},{"taxonomy":"post_tag","embeddable":true,"href":"https:\/\/cebb.org.br\/en\/wp-json\/wp\/v2\/tags?post=99524"}],"curies":[{"name":"wp","href":"https:\/\/api.w.org\/{rel}","templated":true}]}}