{"id":100978,"date":"2022-12-25T21:23:14","date_gmt":"2022-12-26T00:23:14","guid":{"rendered":"https:\/\/cebb.org.br\/?p=100978"},"modified":"2024-04-13T07:07:44","modified_gmt":"2024-04-13T10:07:44","slug":"palestra-em-brasilia-ecologia-curativa-uma-perspectiva-budista-sobre-a-crise-ecologica-com-david-loy","status":"publish","type":"post","link":"https:\/\/cebb.org.br\/es\/palestra-em-brasilia-ecologia-curativa-uma-perspectiva-budista-sobre-a-crise-ecologica-com-david-loy\/","title":{"rendered":"Palestra em Bras\u00edlia | Ecologia Curativa: Uma perspectiva budista sobre a crise ecol\u00f3gica, com David Loy"},"content":{"rendered":"<h2><span style=\"font-weight: 400;\">15 de maio, 19h, Sociedade Vipassana de Medita\u00e7\u00e3o<\/span><i><\/i><!--more--><\/h2>\n<p><i><span style=\"font-weight: 400;\">&#8220;Os ensinamentos budistas tradicionais nos ajudam a despertar individualmente e realizar nossa interdepend\u00eancia com os outros. Agora tamb\u00e9m precisamos considerar como o budismo pode nos ajudar a despertar e enfrentar esse novo dilema. E como a crise ecol\u00f3gica afeta nosso modo de entender e praticar o budismo?\u201d <\/span><\/i><span style=\"font-weight: 400;\">David Loy<\/span><\/p>\n<p><span style=\"font-weight: 400;\">O Sensei estadunidense David Loy \u00e9 mestre zen, professor e ativista ecol\u00f3gico, fundador do Centro de EcoDarma das Montanhas Rochosas (Rocky Mountain EcoDharma Center), no Colorado, EUA. Ele \u00e9 autor do livro <\/span><i><span style=\"font-weight: 400;\">Ecodarma: Ensinamentos budistas para a urg\u00eancia ecol\u00f3gica<\/span><\/i><span style=\"font-weight: 400;\">.<\/span><\/p>\n<p><span style=\"font-weight: 400;\">Nele, o autor apresenta o que denomina Ecosatva, uma aproxima\u00e7\u00e3o entre os ensinamentos milenares do darma e o que eles t\u00eam a dizer sobre as urg\u00eancias da crise ecol\u00f3gica atual.\u00a0<\/span><\/p>\n<p><span style=\"font-weight: 400;\">Para David Loy, desenvolvimento pessoal, espiritual e social n\u00e3o s\u00e3o realmente separados. Ele escreve: &#8220;O engajamento no mundo \u00e9 como nosso despertar individual floresce, e pr\u00e1ticas contemplativas como a medita\u00e7\u00e3o fundamentam nosso ativismo, transformando-o em um caminho espiritual&#8221;.<\/span><\/p>\n<p><span style=\"font-weight: 400;\">Na conversa com o CEBB Bras\u00edlia, Loy apresentar\u00e1 sua perspectiva budista sobre a crise ecol\u00f3gica e o pensamento do ecodarma, sobre o qual ele tem dedicado toda sua produ\u00e7\u00e3o.\u00a0<\/span><\/p>\n<h2><a href=\"https:\/\/forms.gle\/L2kVBq4igesgUhf37\"><span style=\"color: #800000;\"><b>Inscri\u00e7\u00e3o presencial\u00a0<\/b><\/span><\/a><\/h2>\n<p><span style=\"font-weight: 400;\">A palestra ser\u00e1 no sal\u00e3o principal da Sociedade Vipassana de Medita\u00e7\u00e3o (SGAN 909, M\u00f3dulo F, Asa Norte). A contribui\u00e7\u00e3o sugerida \u00e9 de R$ 50.<\/span><\/p>\n<p><span style=\"font-weight: 400;\">PIX do CEBB Bras\u00edlia: brasilia@cebb.org.br<\/span><\/p>\n<p><b>O qu\u00ea? <\/b><span style=\"font-weight: 400;\">Palestra em Bras\u00edlia com David Loy<\/span><\/p>\n<p><b>Tema:<\/b><span style=\"font-weight: 400;\"> Ecologia Curativa: Uma perspectiva budista sobre a crise ecol\u00f3gica\u00a0<\/span><\/p>\n<p><b>Dia:<\/b><span style=\"font-weight: 400;\"> 15 de maio de 2024<\/span><\/p>\n<p><b>Contribui\u00e7\u00e3o sugerida:<\/b><span style=\"font-weight: 400;\"> R$ 50<\/span><\/p>\n<p><b>Local: <\/b><span style=\"font-weight: 400;\">Sociedade Vipassana de Medita\u00e7\u00e3o (SGAN 909, M\u00f3dulo F, Asa Norte)<\/span><\/p>\n<p><b>Organiza\u00e7\u00e3o: <\/b><span style=\"font-weight: 400;\">CEBBs Bras\u00edlia e Alto Para\u00edso<\/span><\/p>\n<p><b>D\u00favidas Palestra Presencial: <\/b><span style=\"font-weight: 400;\">escreva para brasilia@cebb.org.br ou pelo WhatsApp: Jairo (61) 99863-2378 e Camila (61) 9996-0910<\/span><\/p>\n<p><b>D\u00favidas Palestra Online: <\/b><span style=\"font-weight: 400;\">escreva para acaoparamita@gmail.com<\/span><\/p>\n<a href=\"https:\/\/forms.gle\/fHLrtkLo5vgp3GLh6\" class=\"su-button su-button-style-flat\" style=\"color:#FFFFFF;background-color:#b8190d;border-color:#94140b;border-radius:4px\" target=\"_blank\" rel=\"noopener noreferrer\"><span style=\"color:#FFFFFF;padding:5px 14px;font-size:12px;line-height:18px;border-color:#ce5e56;border-radius:4px;text-shadow:none\"><i class=\"sui sui-map-marker\" style=\"font-size:12px;color:#FFFFFF\"><\/i> INSCREVA-SE AQUI<\/span><\/a>\n<h2><strong>Inscri\u00e7\u00e3o On-line<br \/>\n<\/strong><\/h2>\n<p><b>CONTRIBUI\u00c7\u00d5ES SUGERIDAS PARA A PALESTRA ON-LINE<\/b><\/p>\n<p>Sua inscri\u00e7\u00e3o e participa\u00e7\u00e3o ONLINE independem de contribui\u00e7\u00e3o financeira. Caso aspire e lhe seja poss\u00edvel contribuir, sinta-se livre para definir o valor. Como refer\u00eancia, sugerimos o valor de R$60,00. Sua contribui\u00e7\u00e3o apoiar\u00e1 as atividades do CEBB Bras\u00edlia e de outros CEBB.<\/p>\n<p>A pr\u00e1tica da Dana Paramita \u2013 perfei\u00e7\u00e3o da generosidade \u2013 torna poss\u00edvel a continuidade dos ensinamentos desde os tempos do Buda. As seis paramitas \u2013 generosidade, moralidade, paz, energia constante, concentra\u00e7\u00e3o e sabedoria \u2013 inspiram a pr\u00e1tica e s\u00e3o a base geradora e sustentadora dos centros de estudos, medita\u00e7\u00e3o, acolhimento e das iniciativas de educa\u00e7\u00e3o, prote\u00e7\u00e3o ambiental, Terras Puras e Cultura de Paz da Sanga CEBB.<\/p>\n<a href=\"https:\/\/caminhodomeio.org.br\/product\/15-de-maio-ecologia-curativa-uma-perspectiva-budista-sobre-a-crise-ecologica-palestra-brasilia\/\" class=\"su-button su-button-style-flat\" style=\"color:#FFFFFF;background-color:#b8190d;border-color:#94140b;border-radius:4px\" target=\"_blank\" rel=\"noopener noreferrer\"><span style=\"color:#FFFFFF;padding:5px 14px;font-size:12px;line-height:18px;border-color:#ce5e56;border-radius:4px;text-shadow:none\"><i class=\"sui sui-map-marker\" style=\"font-size:12px;color:#FFFFFF\"><\/i> FA\u00c7A AQUI A SUA INSCRI\u00c7\u00c3O PARA O RETIRO ON-LINE<\/span><\/a>\n<p>&nbsp;<\/p>","protected":false},"excerpt":{"rendered":"<p>15 de maio, 19h, Sociedade Vipassana de Medita\u00e7\u00e3o<\/p>","protected":false},"author":100,"featured_media":100982,"comment_status":"open","ping_status":"open","sticky":false,"template":"","format":"standard","meta":{"footnotes":""},"categories":[376,337,356,364],"tags":[],"class_list":["post-100978","post","type-post","status-publish","format-standard","has-post-thumbnail","hentry","category-brasilia","category-df","category-retiro-sanga","category-treinamento"],"yoast_head":"<!-- This site is optimized with the Yoast SEO plugin v27.4 - https:\/\/yoast.com\/product\/yoast-seo-wordpress\/ -->\n<title>Palestra em Bras\u00edlia | Ecologia Curativa: Uma perspectiva budista sobre a crise ecol\u00f3gica, com David Loy - Centro de Estudos Budistas Bodisatva<\/title>\n<meta name=\"robots\" content=\"index, follow, max-snippet:-1, max-image-preview:large, max-video-preview:-1\" \/>\n<link rel=\"canonical\" href=\"https:\/\/cebb.org.br\/es\/palestra-em-brasilia-ecologia-curativa-uma-perspectiva-budista-sobre-a-crise-ecologica-com-david-loy\/\" \/>\n<meta property=\"og:locale\" content=\"es_ES\" \/>\n<meta property=\"og:type\" content=\"article\" \/>\n<meta property=\"og:title\" content=\"Palestra em Bras\u00edlia | Ecologia Curativa: Uma perspectiva budista sobre a crise ecol\u00f3gica, com David Loy - Centro de Estudos Budistas Bodisatva\" \/>\n<meta property=\"og:description\" content=\"15 de maio, 19h, Sociedade Vipassana de Medita\u00e7\u00e3o\" \/>\n<meta property=\"og:url\" content=\"https:\/\/cebb.org.br\/es\/palestra-em-brasilia-ecologia-curativa-uma-perspectiva-budista-sobre-a-crise-ecologica-com-david-loy\/\" \/>\n<meta property=\"og:site_name\" content=\"Centro de Estudos Budistas Bodisatva\" \/>\n<meta property=\"article:publisher\" content=\"https:\/\/pt-br.facebook.com\/cebb108\" \/>\n<meta property=\"article:published_time\" content=\"2022-12-26T00:23:14+00:00\" \/>\n<meta property=\"article:modified_time\" content=\"2024-04-13T10:07:44+00:00\" \/>\n<meta property=\"og:image\" content=\"https:\/\/cebb.org.br\/wp-content\/uploads\/2022\/12\/WhatsApp-Image-2024-03-25-at-12.31.13-1.jpeg\" \/>\n\t<meta property=\"og:image:width\" content=\"1080\" \/>\n\t<meta property=\"og:image:height\" content=\"563\" \/>\n\t<meta property=\"og:image:type\" content=\"image\/jpeg\" \/>\n<meta name=\"author\" content=\"CEBB Alto Paraiso\" \/>\n<meta name=\"twitter:card\" content=\"summary_large_image\" \/>\n<meta name=\"twitter:label1\" content=\"Escrito por\" \/>\n\t<meta name=\"twitter:data1\" content=\"CEBB Alto Paraiso\" \/>\n\t<meta name=\"twitter:label2\" content=\"Tiempo de lectura\" \/>\n\t<meta name=\"twitter:data2\" content=\"3 minutos\" \/>\n<script type=\"application\/ld+json\" class=\"yoast-schema-graph\">{\"@context\":\"https:\\\/\\\/schema.org\",\"@graph\":[{\"@type\":\"Article\",\"@id\":\"https:\\\/\\\/cebb.org.br\\\/palestra-em-brasilia-ecologia-curativa-uma-perspectiva-budista-sobre-a-crise-ecologica-com-david-loy\\\/#article\",\"isPartOf\":{\"@id\":\"https:\\\/\\\/cebb.org.br\\\/palestra-em-brasilia-ecologia-curativa-uma-perspectiva-budista-sobre-a-crise-ecologica-com-david-loy\\\/\"},\"author\":{\"name\":\"CEBB Alto Paraiso\",\"@id\":\"https:\\\/\\\/cebb.org.br\\\/#\\\/schema\\\/person\\\/cfdaad13c7ce8010b4f683e005c12d35\"},\"headline\":\"Palestra em Bras\u00edlia | Ecologia Curativa: Uma perspectiva budista sobre a crise ecol\u00f3gica, com David Loy\",\"datePublished\":\"2022-12-26T00:23:14+00:00\",\"dateModified\":\"2024-04-13T10:07:44+00:00\",\"mainEntityOfPage\":{\"@id\":\"https:\\\/\\\/cebb.org.br\\\/palestra-em-brasilia-ecologia-curativa-uma-perspectiva-budista-sobre-a-crise-ecologica-com-david-loy\\\/\"},\"wordCount\":524,\"commentCount\":0,\"publisher\":{\"@id\":\"https:\\\/\\\/cebb.org.br\\\/#organization\"},\"image\":{\"@id\":\"https:\\\/\\\/cebb.org.br\\\/palestra-em-brasilia-ecologia-curativa-uma-perspectiva-budista-sobre-a-crise-ecologica-com-david-loy\\\/#primaryimage\"},\"thumbnailUrl\":\"https:\\\/\\\/cebb.org.br\\\/wp-content\\\/uploads\\\/2022\\\/12\\\/WhatsApp-Image-2024-03-25-at-12.31.13-1.jpeg\",\"articleSection\":[\"CEBB Bras\u00edlia\",\"DF\",\"Retiro\",\"Treinamento em vis\u00e3o e medita\u00e7\u00e3o\"],\"inLanguage\":\"es\",\"potentialAction\":[{\"@type\":\"CommentAction\",\"name\":\"Comment\",\"target\":[\"https:\\\/\\\/cebb.org.br\\\/palestra-em-brasilia-ecologia-curativa-uma-perspectiva-budista-sobre-a-crise-ecologica-com-david-loy\\\/#respond\"]}]},{\"@type\":\"WebPage\",\"@id\":\"https:\\\/\\\/cebb.org.br\\\/palestra-em-brasilia-ecologia-curativa-uma-perspectiva-budista-sobre-a-crise-ecologica-com-david-loy\\\/\",\"url\":\"https:\\\/\\\/cebb.org.br\\\/palestra-em-brasilia-ecologia-curativa-uma-perspectiva-budista-sobre-a-crise-ecologica-com-david-loy\\\/\",\"name\":\"Palestra em Bras\u00edlia | Ecologia Curativa: Uma perspectiva budista sobre a crise ecol\u00f3gica, com David Loy - Centro de Estudos Budistas Bodisatva\",\"isPartOf\":{\"@id\":\"https:\\\/\\\/cebb.org.br\\\/#website\"},\"primaryImageOfPage\":{\"@id\":\"https:\\\/\\\/cebb.org.br\\\/palestra-em-brasilia-ecologia-curativa-uma-perspectiva-budista-sobre-a-crise-ecologica-com-david-loy\\\/#primaryimage\"},\"image\":{\"@id\":\"https:\\\/\\\/cebb.org.br\\\/palestra-em-brasilia-ecologia-curativa-uma-perspectiva-budista-sobre-a-crise-ecologica-com-david-loy\\\/#primaryimage\"},\"thumbnailUrl\":\"https:\\\/\\\/cebb.org.br\\\/wp-content\\\/uploads\\\/2022\\\/12\\\/WhatsApp-Image-2024-03-25-at-12.31.13-1.jpeg\",\"datePublished\":\"2022-12-26T00:23:14+00:00\",\"dateModified\":\"2024-04-13T10:07:44+00:00\",\"breadcrumb\":{\"@id\":\"https:\\\/\\\/cebb.org.br\\\/palestra-em-brasilia-ecologia-curativa-uma-perspectiva-budista-sobre-a-crise-ecologica-com-david-loy\\\/#breadcrumb\"},\"inLanguage\":\"es\",\"potentialAction\":[{\"@type\":\"ReadAction\",\"target\":[\"https:\\\/\\\/cebb.org.br\\\/palestra-em-brasilia-ecologia-curativa-uma-perspectiva-budista-sobre-a-crise-ecologica-com-david-loy\\\/\"]}]},{\"@type\":\"ImageObject\",\"inLanguage\":\"es\",\"@id\":\"https:\\\/\\\/cebb.org.br\\\/palestra-em-brasilia-ecologia-curativa-uma-perspectiva-budista-sobre-a-crise-ecologica-com-david-loy\\\/#primaryimage\",\"url\":\"https:\\\/\\\/cebb.org.br\\\/wp-content\\\/uploads\\\/2022\\\/12\\\/WhatsApp-Image-2024-03-25-at-12.31.13-1.jpeg\",\"contentUrl\":\"https:\\\/\\\/cebb.org.br\\\/wp-content\\\/uploads\\\/2022\\\/12\\\/WhatsApp-Image-2024-03-25-at-12.31.13-1.jpeg\",\"width\":1080,\"height\":563},{\"@type\":\"BreadcrumbList\",\"@id\":\"https:\\\/\\\/cebb.org.br\\\/palestra-em-brasilia-ecologia-curativa-uma-perspectiva-budista-sobre-a-crise-ecologica-com-david-loy\\\/#breadcrumb\",\"itemListElement\":[{\"@type\":\"ListItem\",\"position\":1,\"name\":\"Home\",\"item\":\"https:\\\/\\\/cebb.org.br\\\/\"},{\"@type\":\"ListItem\",\"position\":2,\"name\":\"Palestra em Bras\u00edlia | Ecologia Curativa: Uma perspectiva budista sobre a crise ecol\u00f3gica, com David Loy\"}]},{\"@type\":\"WebSite\",\"@id\":\"https:\\\/\\\/cebb.org.br\\\/#website\",\"url\":\"https:\\\/\\\/cebb.org.br\\\/\",\"name\":\"Centro de Estudos Budistas Bodisatva\",\"description\":\"Budismo, medita\u00e7\u00e3o e cultura de paz | Lama Padma Samten\",\"publisher\":{\"@id\":\"https:\\\/\\\/cebb.org.br\\\/#organization\"},\"potentialAction\":[{\"@type\":\"SearchAction\",\"target\":{\"@type\":\"EntryPoint\",\"urlTemplate\":\"https:\\\/\\\/cebb.org.br\\\/?s={search_term_string}\"},\"query-input\":{\"@type\":\"PropertyValueSpecification\",\"valueRequired\":true,\"valueName\":\"search_term_string\"}}],\"inLanguage\":\"es\"},{\"@type\":\"Organization\",\"@id\":\"https:\\\/\\\/cebb.org.br\\\/#organization\",\"name\":\"Centro de Estudos Budistas Bodisatva\",\"url\":\"https:\\\/\\\/cebb.org.br\\\/\",\"logo\":{\"@type\":\"ImageObject\",\"inLanguage\":\"es\",\"@id\":\"https:\\\/\\\/cebb.org.br\\\/#\\\/schema\\\/logo\\\/image\\\/\",\"url\":\"http:\\\/\\\/18.230.164.79\\\/wp-content\\\/uploads\\\/2011\\\/03\\\/logosalvador-peq-e1660064979551.jpg\",\"contentUrl\":\"http:\\\/\\\/18.230.164.79\\\/wp-content\\\/uploads\\\/2011\\\/03\\\/logosalvador-peq-e1660064979551.jpg\",\"width\":280,\"height\":231,\"caption\":\"Centro de Estudos Budistas Bodisatva\"},\"image\":{\"@id\":\"https:\\\/\\\/cebb.org.br\\\/#\\\/schema\\\/logo\\\/image\\\/\"},\"sameAs\":[\"https:\\\/\\\/pt-br.facebook.com\\\/cebb108\",\"https:\\\/\\\/www.instagram.com\\\/cebbcaminhodomeio\\\/\"]},{\"@type\":\"Person\",\"@id\":\"https:\\\/\\\/cebb.org.br\\\/#\\\/schema\\\/person\\\/cfdaad13c7ce8010b4f683e005c12d35\",\"name\":\"CEBB Alto Paraiso\",\"image\":{\"@type\":\"ImageObject\",\"inLanguage\":\"es\",\"@id\":\"https:\\\/\\\/secure.gravatar.com\\\/avatar\\\/025078ae28748c16aff1e98517ec8971a88a1ba26fb1f9ac3cad440f7a794fc9?s=96&d=mm&r=g\",\"url\":\"https:\\\/\\\/secure.gravatar.com\\\/avatar\\\/025078ae28748c16aff1e98517ec8971a88a1ba26fb1f9ac3cad440f7a794fc9?s=96&d=mm&r=g\",\"contentUrl\":\"https:\\\/\\\/secure.gravatar.com\\\/avatar\\\/025078ae28748c16aff1e98517ec8971a88a1ba26fb1f9ac3cad440f7a794fc9?s=96&d=mm&r=g\",\"caption\":\"CEBB Alto Paraiso\"},\"url\":\"https:\\\/\\\/cebb.org.br\\\/es\\\/author\\\/cebb-alto-paraiso\\\/\"}]}<\/script>\n<!-- \/ Yoast SEO plugin. -->","yoast_head_json":{"title":"Palestra em Bras\u00edlia | Ecologia Curativa: Uma perspectiva budista sobre a crise ecol\u00f3gica, com David Loy - Centro de Estudos Budistas Bodisatva","robots":{"index":"index","follow":"follow","max-snippet":"max-snippet:-1","max-image-preview":"max-image-preview:large","max-video-preview":"max-video-preview:-1"},"canonical":"https:\/\/cebb.org.br\/es\/palestra-em-brasilia-ecologia-curativa-uma-perspectiva-budista-sobre-a-crise-ecologica-com-david-loy\/","og_locale":"es_ES","og_type":"article","og_title":"Palestra em Bras\u00edlia | Ecologia Curativa: Uma perspectiva budista sobre a crise ecol\u00f3gica, com David Loy - Centro de Estudos Budistas Bodisatva","og_description":"15 de maio, 19h, Sociedade Vipassana de Medita\u00e7\u00e3o","og_url":"https:\/\/cebb.org.br\/es\/palestra-em-brasilia-ecologia-curativa-uma-perspectiva-budista-sobre-a-crise-ecologica-com-david-loy\/","og_site_name":"Centro de Estudos Budistas Bodisatva","article_publisher":"https:\/\/pt-br.facebook.com\/cebb108","article_published_time":"2022-12-26T00:23:14+00:00","article_modified_time":"2024-04-13T10:07:44+00:00","og_image":[{"width":1080,"height":563,"url":"https:\/\/cebb.org.br\/wp-content\/uploads\/2022\/12\/WhatsApp-Image-2024-03-25-at-12.31.13-1.jpeg","type":"image\/jpeg"}],"author":"CEBB Alto Paraiso","twitter_card":"summary_large_image","twitter_misc":{"Escrito por":"CEBB Alto Paraiso","Tiempo de lectura":"3 minutos"},"schema":{"@context":"https:\/\/schema.org","@graph":[{"@type":"Article","@id":"https:\/\/cebb.org.br\/palestra-em-brasilia-ecologia-curativa-uma-perspectiva-budista-sobre-a-crise-ecologica-com-david-loy\/#article","isPartOf":{"@id":"https:\/\/cebb.org.br\/palestra-em-brasilia-ecologia-curativa-uma-perspectiva-budista-sobre-a-crise-ecologica-com-david-loy\/"},"author":{"name":"CEBB Alto Paraiso","@id":"https:\/\/cebb.org.br\/#\/schema\/person\/cfdaad13c7ce8010b4f683e005c12d35"},"headline":"Palestra em Bras\u00edlia | Ecologia Curativa: Uma perspectiva budista sobre a crise ecol\u00f3gica, com David Loy","datePublished":"2022-12-26T00:23:14+00:00","dateModified":"2024-04-13T10:07:44+00:00","mainEntityOfPage":{"@id":"https:\/\/cebb.org.br\/palestra-em-brasilia-ecologia-curativa-uma-perspectiva-budista-sobre-a-crise-ecologica-com-david-loy\/"},"wordCount":524,"commentCount":0,"publisher":{"@id":"https:\/\/cebb.org.br\/#organization"},"image":{"@id":"https:\/\/cebb.org.br\/palestra-em-brasilia-ecologia-curativa-uma-perspectiva-budista-sobre-a-crise-ecologica-com-david-loy\/#primaryimage"},"thumbnailUrl":"https:\/\/cebb.org.br\/wp-content\/uploads\/2022\/12\/WhatsApp-Image-2024-03-25-at-12.31.13-1.jpeg","articleSection":["CEBB Bras\u00edlia","DF","Retiro","Treinamento em vis\u00e3o e medita\u00e7\u00e3o"],"inLanguage":"es","potentialAction":[{"@type":"CommentAction","name":"Comment","target":["https:\/\/cebb.org.br\/palestra-em-brasilia-ecologia-curativa-uma-perspectiva-budista-sobre-a-crise-ecologica-com-david-loy\/#respond"]}]},{"@type":"WebPage","@id":"https:\/\/cebb.org.br\/palestra-em-brasilia-ecologia-curativa-uma-perspectiva-budista-sobre-a-crise-ecologica-com-david-loy\/","url":"https:\/\/cebb.org.br\/palestra-em-brasilia-ecologia-curativa-uma-perspectiva-budista-sobre-a-crise-ecologica-com-david-loy\/","name":"Palestra em Bras\u00edlia | Ecologia Curativa: Uma perspectiva budista sobre a crise ecol\u00f3gica, com David Loy - Centro de Estudos Budistas Bodisatva","isPartOf":{"@id":"https:\/\/cebb.org.br\/#website"},"primaryImageOfPage":{"@id":"https:\/\/cebb.org.br\/palestra-em-brasilia-ecologia-curativa-uma-perspectiva-budista-sobre-a-crise-ecologica-com-david-loy\/#primaryimage"},"image":{"@id":"https:\/\/cebb.org.br\/palestra-em-brasilia-ecologia-curativa-uma-perspectiva-budista-sobre-a-crise-ecologica-com-david-loy\/#primaryimage"},"thumbnailUrl":"https:\/\/cebb.org.br\/wp-content\/uploads\/2022\/12\/WhatsApp-Image-2024-03-25-at-12.31.13-1.jpeg","datePublished":"2022-12-26T00:23:14+00:00","dateModified":"2024-04-13T10:07:44+00:00","breadcrumb":{"@id":"https:\/\/cebb.org.br\/palestra-em-brasilia-ecologia-curativa-uma-perspectiva-budista-sobre-a-crise-ecologica-com-david-loy\/#breadcrumb"},"inLanguage":"es","potentialAction":[{"@type":"ReadAction","target":["https:\/\/cebb.org.br\/palestra-em-brasilia-ecologia-curativa-uma-perspectiva-budista-sobre-a-crise-ecologica-com-david-loy\/"]}]},{"@type":"ImageObject","inLanguage":"es","@id":"https:\/\/cebb.org.br\/palestra-em-brasilia-ecologia-curativa-uma-perspectiva-budista-sobre-a-crise-ecologica-com-david-loy\/#primaryimage","url":"https:\/\/cebb.org.br\/wp-content\/uploads\/2022\/12\/WhatsApp-Image-2024-03-25-at-12.31.13-1.jpeg","contentUrl":"https:\/\/cebb.org.br\/wp-content\/uploads\/2022\/12\/WhatsApp-Image-2024-03-25-at-12.31.13-1.jpeg","width":1080,"height":563},{"@type":"BreadcrumbList","@id":"https:\/\/cebb.org.br\/palestra-em-brasilia-ecologia-curativa-uma-perspectiva-budista-sobre-a-crise-ecologica-com-david-loy\/#breadcrumb","itemListElement":[{"@type":"ListItem","position":1,"name":"Home","item":"https:\/\/cebb.org.br\/"},{"@type":"ListItem","position":2,"name":"Palestra em Bras\u00edlia | Ecologia Curativa: Uma perspectiva budista sobre a crise ecol\u00f3gica, com David Loy"}]},{"@type":"WebSite","@id":"https:\/\/cebb.org.br\/#website","url":"https:\/\/cebb.org.br\/","name":"Centro de Estudios Budistas Bodisatva","description":"Budismo, meditaci\u00f3n y cultura de paz | Lama Padma Samten","publisher":{"@id":"https:\/\/cebb.org.br\/#organization"},"potentialAction":[{"@type":"SearchAction","target":{"@type":"EntryPoint","urlTemplate":"https:\/\/cebb.org.br\/?s={search_term_string}"},"query-input":{"@type":"PropertyValueSpecification","valueRequired":true,"valueName":"search_term_string"}}],"inLanguage":"es"},{"@type":"Organization","@id":"https:\/\/cebb.org.br\/#organization","name":"Centro de Estudios Budistas Bodisatva","url":"https:\/\/cebb.org.br\/","logo":{"@type":"ImageObject","inLanguage":"es","@id":"https:\/\/cebb.org.br\/#\/schema\/logo\/image\/","url":"http:\/\/18.230.164.79\/wp-content\/uploads\/2011\/03\/logosalvador-peq-e1660064979551.jpg","contentUrl":"http:\/\/18.230.164.79\/wp-content\/uploads\/2011\/03\/logosalvador-peq-e1660064979551.jpg","width":280,"height":231,"caption":"Centro de Estudos Budistas Bodisatva"},"image":{"@id":"https:\/\/cebb.org.br\/#\/schema\/logo\/image\/"},"sameAs":["https:\/\/pt-br.facebook.com\/cebb108","https:\/\/www.instagram.com\/cebbcaminhodomeio\/"]},{"@type":"Person","@id":"https:\/\/cebb.org.br\/#\/schema\/person\/cfdaad13c7ce8010b4f683e005c12d35","name":"CEBB Alto Paraiso","image":{"@type":"ImageObject","inLanguage":"es","@id":"https:\/\/secure.gravatar.com\/avatar\/025078ae28748c16aff1e98517ec8971a88a1ba26fb1f9ac3cad440f7a794fc9?s=96&d=mm&r=g","url":"https:\/\/secure.gravatar.com\/avatar\/025078ae28748c16aff1e98517ec8971a88a1ba26fb1f9ac3cad440f7a794fc9?s=96&d=mm&r=g","contentUrl":"https:\/\/secure.gravatar.com\/avatar\/025078ae28748c16aff1e98517ec8971a88a1ba26fb1f9ac3cad440f7a794fc9?s=96&d=mm&r=g","caption":"CEBB Alto Paraiso"},"url":"https:\/\/cebb.org.br\/es\/author\/cebb-alto-paraiso\/"}]}},"_links":{"self":[{"href":"https:\/\/cebb.org.br\/es\/wp-json\/wp\/v2\/posts\/100978","targetHints":{"allow":["GET"]}}],"collection":[{"href":"https:\/\/cebb.org.br\/es\/wp-json\/wp\/v2\/posts"}],"about":[{"href":"https:\/\/cebb.org.br\/es\/wp-json\/wp\/v2\/types\/post"}],"author":[{"embeddable":true,"href":"https:\/\/cebb.org.br\/es\/wp-json\/wp\/v2\/users\/100"}],"replies":[{"embeddable":true,"href":"https:\/\/cebb.org.br\/es\/wp-json\/wp\/v2\/comments?post=100978"}],"version-history":[{"count":7,"href":"https:\/\/cebb.org.br\/es\/wp-json\/wp\/v2\/posts\/100978\/revisions"}],"predecessor-version":[{"id":101454,"href":"https:\/\/cebb.org.br\/es\/wp-json\/wp\/v2\/posts\/100978\/revisions\/101454"}],"wp:featuredmedia":[{"embeddable":true,"href":"https:\/\/cebb.org.br\/es\/wp-json\/wp\/v2\/media\/100982"}],"wp:attachment":[{"href":"https:\/\/cebb.org.br\/es\/wp-json\/wp\/v2\/media?parent=100978"}],"wp:term":[{"taxonomy":"category","embeddable":true,"href":"https:\/\/cebb.org.br\/es\/wp-json\/wp\/v2\/categories?post=100978"},{"taxonomy":"post_tag","embeddable":true,"href":"https:\/\/cebb.org.br\/es\/wp-json\/wp\/v2\/tags?post=100978"}],"curies":[{"name":"wp","href":"https:\/\/api.w.org\/{rel}","templated":true}]}}