{"id":101095,"date":"2024-04-01T14:37:40","date_gmt":"2024-04-01T17:37:40","guid":{"rendered":"https:\/\/cebb.org.br\/?p=101095"},"modified":"2025-01-22T15:21:44","modified_gmt":"2025-01-22T18:21:44","slug":"ataque-coracao","status":"publish","type":"post","link":"https:\/\/cebb.org.br\/es\/ataque-coracao\/","title":{"rendered":"Estudo do Livro &#8220;O Sutra do Ataque do Cora\u00e7\u00e3o&#8221;"},"content":{"rendered":"<p><em>Toda quarta &#8211; 20h \u00e0s 21h30<\/em><\/p>\n<p><em>Presencial e Online<\/em><\/p>\n<p><!--more--><\/p>\n<h3><strong>Estudo do livro &#8220;O Sutra do Ataque do Cora\u00e7\u00e3o&#8221;, de Karl Brunnh\u00f6lzl<\/strong><\/h3>\n<p>\u201cO que o Sutra do Cora\u00e7\u00e3o faz \u00e9 atravessar, desconstruir e demolir todas as nossas estruturas conceituais usuais, nossas ideias r\u00edgidas, pontos de refer\u00eancia num n\u00edvel muito fundamental em como vemos o mundo, como ouvimos, como tocamos, como sentimos o cheiro, o gosto, como reagimos emocionalmente a n\u00f3s mesmos e aos outros\u201d.<\/p>\n<p>&nbsp;<\/p>\n<p>\u00c9 assim que Karl Brunnh\u00f6lzl apresenta seu Sutra do Ataque do Cora\u00e7\u00e3o, um coment\u00e1rio a escritura budista mais conhecida e praticada ao longo de s\u00e9culos. Mais do que um texto interessant\u00edssimo, um roteiro de contempla\u00e7\u00e3o para a vida.<\/p>\n<p>&nbsp;<\/p>\n<p>Todas as <strong>quartas-feiras<\/strong>, \u00e0s <strong>20h<\/strong>, teremos um encontro, presencial no templo do CEBB Caminho do Meio e online pelo Zoom, para estudarmos juntos e nos deliciarmos com essas reflex\u00f5es atemporais.<\/p>\n<ul>\n<li><strong>Presencial<\/strong>, no Templo do Caminho do Meio, em Viam\u00e3o, RS<\/li>\n<li><strong>Online<\/strong>, pelo Zoom no link: <a href=\"https:\/\/us02web.zoom.us\/j\/81209352601?pwd=ExbBF2puTS5kdTnSbmNnpSX2HIbhxt.1\">https:\/\/us02web.zoom.us\/j\/81209352601?pwd=ExbBF2puTS5kdTnSbmNnpSX2HIbhxt.1\u00a0<\/a><\/li>\n<\/ul>\n<p>Senha: 108<\/p>\n<p>&nbsp;<\/p>\n<a href=\"https:\/\/www.youtube.com\/playlist?list=PLc7PKLO8yzyeFC3aOaVzbP5ZGoa6IHXZn\" class=\"su-button su-button-style-default\" style=\"color:#FFFFFF;background-color:#b8190d;border-color:#94140b;border-radius:5px\" target=\"_self\"><span style=\"color:#FFFFFF;padding:0px 16px;font-size:13px;line-height:26px;border-color:#ce5e56;border-radius:5px;text-shadow:none\"> PLAYLIST Youtube<\/span><\/a>\n<p><strong><br \/>\nFacilitador:<\/strong> Henrique Lemes<br \/>\nHenrique Lemes \u00e9 antrop\u00f3logo, aluno do Lama Padma Samten e tutor no CEBB.<\/p>\n<p>&nbsp;<\/p>\n<h3><strong>Pr\u00e1tica de Generosidade<\/strong><\/h3>\n<p>Sua participa\u00e7\u00e3o PRESENCIAL ou ONLINE independem de contribui\u00e7\u00e3o financeira.<\/p>\n<p>Caso aspire e lhe seja poss\u00edvel contribuir, sugere-se o valor de refer\u00eancia de R$25,00.<br \/>\nSua contribui\u00e7\u00e3o apoiar\u00e1 as atividades do CEBB Caminho do Meio.<\/p>\n<p>Para contribui\u00e7\u00f5es de dentro do Brasil, os dados banc\u00e1rios para doa\u00e7\u00e3o s\u00e3o:<\/p>\n<blockquote><p><strong>Favorecido: Centro de Estudos Budistas Bodisatva<\/strong><br \/>\nPIX: 94958949\/0001-\u00a042<\/p><\/blockquote>\n<p><em>A pr\u00e1tica da Dana Paramita \u2013 perfei\u00e7\u00e3o da generosidade \u2013 torna poss\u00edvel a continuidade dos ensinamentos desde os tempos do Buda. As seis paramitas \u2013 generosidade, moralidade, paz, energia constante, concentra\u00e7\u00e3o e sabedoria \u2013 inspiram a pr\u00e1tica e s\u00e3o a base geradora e sustentadora dos centros de estudos, medita\u00e7\u00e3o, acolhimento e das iniciativas de educa\u00e7\u00e3o, prote\u00e7\u00e3o ambiental, Terras Puras e Cultura de Paz da Sanga CEBB.<\/em><\/p>\n<p>&nbsp;<\/p>\n<h3><strong>Contato<\/strong><\/h3>\n<p>cebbcm@gmail.com |<strong> (51) 99799 8184<\/strong> (WhatsApp) (atendimento de segunda a sexta das 13h30 \u00e0s 18h).<br \/>\nOrganiza\u00e7\u00e3o: CEBBs Caminho do Meio.<\/p>\n<p>&nbsp;<\/p>\n<h2 style=\"text-align: center;\"><strong>Conhe\u00e7a Nossas A\u00e7\u00f5es<\/strong><\/h2>\n<h4><strong>Projetos e Sonhos da Bodisatva<\/strong><\/h4>\n<p>A Bodisatva \u00e9 uma plataforma de comunica\u00e7\u00e3o a servi\u00e7o do <i>budismo em solo brasileiro<\/i> e tem dedicado seus esfor\u00e7os na tradu\u00e7\u00e3o e difus\u00e3o de conte\u00fados de sabedoria de linhagens aut\u00eanticas em l\u00edngua portuguesa, mas tamb\u00e9m \u00e0 publica\u00e7\u00e3o de textos produzidos por mestres e praticantes de nosso pr\u00f3prio pa\u00eds. O idealizador da Bodisatva \u00e9 o primeiro brasileiro a ser ordenado lama dentro da linhagem Nyingma do budismo tibetano, Lama Padma Samten. A partir de sua vis\u00e3o e confian\u00e7a de que os ensinamentos milenares do Buda podem melhorar nossas vidas n\u00e3o apenas individual mas coletivamente, a Bodisatva surge como esse ve\u00edculo de budismo e transforma\u00e7\u00e3o de mundo: a primeira revista de pensamento budista do Brasil, <strong><a href=\"https:\/\/bodisatva.com.br\/apoie\/\">clique e saiba como engajar-se<\/a>.<\/strong><\/p>\n<p>&nbsp;<\/p>\n<h4><strong>Projetos e Sonhos do Lama Samten<\/strong><\/h4>\n<p>Uma das principais aspira\u00e7\u00f5es do Lama Samten \u00e9 apoiar os praticantes e os locais de retiros especialmente o CEBB Caminho do Meio, CEBB Bacupari e CEBB Jetavana e acolher estudantes na Escola Caminho do Meio. \u00c9 uma grande d\u00e1diva existirem espa\u00e7os de sil\u00eancio que possibilitem o aprofundamento na pr\u00e1tica de medita\u00e7\u00e3o e tamb\u00e9m surgirem praticantes com essa aspira\u00e7\u00e3o, <strong><a href=\"https:\/\/cebb-org-br.preview-domain.com\/projetos-e-sonhos-do-lama-samten\/\">clique e saiba como engajar-se<\/a>.<\/strong><\/p>\n<p><strong>\u00a0<\/strong><\/p>","protected":false},"excerpt":{"rendered":"<p>Toda quarta &#8211; 20h \u00e0s 21h30 Presencial e Online<\/p>","protected":false},"author":36,"featured_media":101104,"comment_status":"open","ping_status":"open","sticky":false,"template":"","format":"standard","meta":{"footnotes":""},"categories":[377,336,663,364],"tags":[674],"class_list":["post-101095","post","type-post","status-publish","format-standard","has-post-thumbnail","hentry","category-viamao","category-cursos-com-tutores","category-praticas-regulares","category-treinamento","tag-cebb-caminho-do-meio"],"yoast_head":"<!-- This site is optimized with the Yoast SEO plugin v27.5 - https:\/\/yoast.com\/product\/yoast-seo-wordpress\/ -->\n<title>Estudo do Livro &quot;O Sutra do Ataque do Cora\u00e7\u00e3o&quot; - Centro de Estudos Budistas Bodisatva<\/title>\n<meta name=\"robots\" content=\"index, follow, max-snippet:-1, max-image-preview:large, max-video-preview:-1\" \/>\n<link rel=\"canonical\" href=\"https:\/\/cebb.org.br\/es\/ataque-coracao\/\" \/>\n<meta property=\"og:locale\" content=\"es_ES\" \/>\n<meta property=\"og:type\" content=\"article\" \/>\n<meta property=\"og:title\" content=\"Estudo do Livro &quot;O Sutra do Ataque do Cora\u00e7\u00e3o&quot; - Centro de Estudos Budistas Bodisatva\" \/>\n<meta property=\"og:description\" content=\"Toda quarta &#8211; 20h \u00e0s 21h30 Presencial e Online\" \/>\n<meta property=\"og:url\" content=\"https:\/\/cebb.org.br\/es\/ataque-coracao\/\" \/>\n<meta property=\"og:site_name\" content=\"Centro de Estudos Budistas Bodisatva\" \/>\n<meta property=\"article:publisher\" content=\"https:\/\/pt-br.facebook.com\/cebb108\" \/>\n<meta property=\"article:published_time\" content=\"2024-04-01T17:37:40+00:00\" \/>\n<meta property=\"article:modified_time\" content=\"2025-01-22T18:21:44+00:00\" \/>\n<meta property=\"og:image\" content=\"https:\/\/cebb.org.br\/wp-content\/uploads\/2024\/04\/Sutra-do-Ataque-do-Coracao-1.png\" \/>\n\t<meta property=\"og:image:width\" content=\"1080\" \/>\n\t<meta property=\"og:image:height\" content=\"720\" \/>\n\t<meta property=\"og:image:type\" content=\"image\/png\" \/>\n<meta name=\"author\" content=\"Andr\u00e9 Mart\u00ednez\" \/>\n<meta name=\"twitter:card\" content=\"summary_large_image\" \/>\n<meta name=\"twitter:label1\" content=\"Escrito por\" \/>\n\t<meta name=\"twitter:data1\" content=\"Andr\u00e9 Mart\u00ednez\" \/>\n\t<meta name=\"twitter:label2\" content=\"Tiempo de lectura\" \/>\n\t<meta name=\"twitter:data2\" content=\"3 minutos\" \/>\n<script type=\"application\/ld+json\" class=\"yoast-schema-graph\">{\"@context\":\"https:\\\/\\\/schema.org\",\"@graph\":[{\"@type\":\"Article\",\"@id\":\"https:\\\/\\\/cebb.org.br\\\/ataque-coracao\\\/#article\",\"isPartOf\":{\"@id\":\"https:\\\/\\\/cebb.org.br\\\/ataque-coracao\\\/\"},\"author\":{\"name\":\"Andr\u00e9 Mart\u00ednez\",\"@id\":\"https:\\\/\\\/cebb.org.br\\\/#\\\/schema\\\/person\\\/9c97f2320221993a6e5da828ffe4d033\"},\"headline\":\"Estudo do Livro &#8220;O Sutra do Ataque do Cora\u00e7\u00e3o&#8221;\",\"datePublished\":\"2024-04-01T17:37:40+00:00\",\"dateModified\":\"2025-01-22T18:21:44+00:00\",\"mainEntityOfPage\":{\"@id\":\"https:\\\/\\\/cebb.org.br\\\/ataque-coracao\\\/\"},\"wordCount\":612,\"commentCount\":0,\"publisher\":{\"@id\":\"https:\\\/\\\/cebb.org.br\\\/#organization\"},\"image\":{\"@id\":\"https:\\\/\\\/cebb.org.br\\\/ataque-coracao\\\/#primaryimage\"},\"thumbnailUrl\":\"https:\\\/\\\/cebb.org.br\\\/wp-content\\\/uploads\\\/2024\\\/04\\\/Sutra-do-Ataque-do-Coracao-1.png\",\"keywords\":[\"cebb caminho do meio\"],\"articleSection\":[\"CEBB Caminho do Meio\",\"Cursos com tutores\",\"Praticas Regulares\",\"Treinamento em vis\u00e3o e medita\u00e7\u00e3o\"],\"inLanguage\":\"es\",\"potentialAction\":[{\"@type\":\"CommentAction\",\"name\":\"Comment\",\"target\":[\"https:\\\/\\\/cebb.org.br\\\/ataque-coracao\\\/#respond\"]}]},{\"@type\":\"WebPage\",\"@id\":\"https:\\\/\\\/cebb.org.br\\\/ataque-coracao\\\/\",\"url\":\"https:\\\/\\\/cebb.org.br\\\/ataque-coracao\\\/\",\"name\":\"Estudo do Livro \\\"O Sutra do Ataque do Cora\u00e7\u00e3o\\\" - Centro de Estudos Budistas Bodisatva\",\"isPartOf\":{\"@id\":\"https:\\\/\\\/cebb.org.br\\\/#website\"},\"primaryImageOfPage\":{\"@id\":\"https:\\\/\\\/cebb.org.br\\\/ataque-coracao\\\/#primaryimage\"},\"image\":{\"@id\":\"https:\\\/\\\/cebb.org.br\\\/ataque-coracao\\\/#primaryimage\"},\"thumbnailUrl\":\"https:\\\/\\\/cebb.org.br\\\/wp-content\\\/uploads\\\/2024\\\/04\\\/Sutra-do-Ataque-do-Coracao-1.png\",\"datePublished\":\"2024-04-01T17:37:40+00:00\",\"dateModified\":\"2025-01-22T18:21:44+00:00\",\"breadcrumb\":{\"@id\":\"https:\\\/\\\/cebb.org.br\\\/ataque-coracao\\\/#breadcrumb\"},\"inLanguage\":\"es\",\"potentialAction\":[{\"@type\":\"ReadAction\",\"target\":[\"https:\\\/\\\/cebb.org.br\\\/ataque-coracao\\\/\"]}]},{\"@type\":\"ImageObject\",\"inLanguage\":\"es\",\"@id\":\"https:\\\/\\\/cebb.org.br\\\/ataque-coracao\\\/#primaryimage\",\"url\":\"https:\\\/\\\/cebb.org.br\\\/wp-content\\\/uploads\\\/2024\\\/04\\\/Sutra-do-Ataque-do-Coracao-1.png\",\"contentUrl\":\"https:\\\/\\\/cebb.org.br\\\/wp-content\\\/uploads\\\/2024\\\/04\\\/Sutra-do-Ataque-do-Coracao-1.png\",\"width\":1080,\"height\":720},{\"@type\":\"BreadcrumbList\",\"@id\":\"https:\\\/\\\/cebb.org.br\\\/ataque-coracao\\\/#breadcrumb\",\"itemListElement\":[{\"@type\":\"ListItem\",\"position\":1,\"name\":\"Home\",\"item\":\"https:\\\/\\\/cebb.org.br\\\/\"},{\"@type\":\"ListItem\",\"position\":2,\"name\":\"Estudo do Livro &#8220;O Sutra do Ataque do Cora\u00e7\u00e3o&#8221;\"}]},{\"@type\":\"WebSite\",\"@id\":\"https:\\\/\\\/cebb.org.br\\\/#website\",\"url\":\"https:\\\/\\\/cebb.org.br\\\/\",\"name\":\"Centro de Estudos Budistas Bodisatva\",\"description\":\"Budismo, medita\u00e7\u00e3o e cultura de paz | Lama Padma Samten\",\"publisher\":{\"@id\":\"https:\\\/\\\/cebb.org.br\\\/#organization\"},\"potentialAction\":[{\"@type\":\"SearchAction\",\"target\":{\"@type\":\"EntryPoint\",\"urlTemplate\":\"https:\\\/\\\/cebb.org.br\\\/?s={search_term_string}\"},\"query-input\":{\"@type\":\"PropertyValueSpecification\",\"valueRequired\":true,\"valueName\":\"search_term_string\"}}],\"inLanguage\":\"es\"},{\"@type\":\"Organization\",\"@id\":\"https:\\\/\\\/cebb.org.br\\\/#organization\",\"name\":\"Centro de Estudos Budistas Bodisatva\",\"url\":\"https:\\\/\\\/cebb.org.br\\\/\",\"logo\":{\"@type\":\"ImageObject\",\"inLanguage\":\"es\",\"@id\":\"https:\\\/\\\/cebb.org.br\\\/#\\\/schema\\\/logo\\\/image\\\/\",\"url\":\"http:\\\/\\\/18.230.164.79\\\/wp-content\\\/uploads\\\/2011\\\/03\\\/logosalvador-peq-e1660064979551.jpg\",\"contentUrl\":\"http:\\\/\\\/18.230.164.79\\\/wp-content\\\/uploads\\\/2011\\\/03\\\/logosalvador-peq-e1660064979551.jpg\",\"width\":280,\"height\":231,\"caption\":\"Centro de Estudos Budistas Bodisatva\"},\"image\":{\"@id\":\"https:\\\/\\\/cebb.org.br\\\/#\\\/schema\\\/logo\\\/image\\\/\"},\"sameAs\":[\"https:\\\/\\\/pt-br.facebook.com\\\/cebb108\",\"https:\\\/\\\/www.instagram.com\\\/cebbcaminhodomeio\\\/\"]},{\"@type\":\"Person\",\"@id\":\"https:\\\/\\\/cebb.org.br\\\/#\\\/schema\\\/person\\\/9c97f2320221993a6e5da828ffe4d033\",\"name\":\"Andr\u00e9 Mart\u00ednez\",\"image\":{\"@type\":\"ImageObject\",\"inLanguage\":\"es\",\"@id\":\"https:\\\/\\\/secure.gravatar.com\\\/avatar\\\/5bcc79bf2d52451c6b24287ee95c9487c53690ea6a8bbf026ad845a094820237?s=96&d=mm&r=g\",\"url\":\"https:\\\/\\\/secure.gravatar.com\\\/avatar\\\/5bcc79bf2d52451c6b24287ee95c9487c53690ea6a8bbf026ad845a094820237?s=96&d=mm&r=g\",\"contentUrl\":\"https:\\\/\\\/secure.gravatar.com\\\/avatar\\\/5bcc79bf2d52451c6b24287ee95c9487c53690ea6a8bbf026ad845a094820237?s=96&d=mm&r=g\",\"caption\":\"Andr\u00e9 Mart\u00ednez\"},\"url\":\"https:\\\/\\\/cebb.org.br\\\/es\\\/author\\\/andremartinez\\\/\"}]}<\/script>\n<!-- \/ Yoast SEO plugin. -->","yoast_head_json":{"title":"Estudo do Livro \"O Sutra do Ataque do Cora\u00e7\u00e3o\" - Centro de Estudos Budistas Bodisatva","robots":{"index":"index","follow":"follow","max-snippet":"max-snippet:-1","max-image-preview":"max-image-preview:large","max-video-preview":"max-video-preview:-1"},"canonical":"https:\/\/cebb.org.br\/es\/ataque-coracao\/","og_locale":"es_ES","og_type":"article","og_title":"Estudo do Livro \"O Sutra do Ataque do Cora\u00e7\u00e3o\" - Centro de Estudos Budistas Bodisatva","og_description":"Toda quarta &#8211; 20h \u00e0s 21h30 Presencial e Online","og_url":"https:\/\/cebb.org.br\/es\/ataque-coracao\/","og_site_name":"Centro de Estudos Budistas Bodisatva","article_publisher":"https:\/\/pt-br.facebook.com\/cebb108","article_published_time":"2024-04-01T17:37:40+00:00","article_modified_time":"2025-01-22T18:21:44+00:00","og_image":[{"width":1080,"height":720,"url":"https:\/\/cebb.org.br\/wp-content\/uploads\/2024\/04\/Sutra-do-Ataque-do-Coracao-1.png","type":"image\/png"}],"author":"Andr\u00e9 Mart\u00ednez","twitter_card":"summary_large_image","twitter_misc":{"Escrito por":"Andr\u00e9 Mart\u00ednez","Tiempo de lectura":"3 minutos"},"schema":{"@context":"https:\/\/schema.org","@graph":[{"@type":"Article","@id":"https:\/\/cebb.org.br\/ataque-coracao\/#article","isPartOf":{"@id":"https:\/\/cebb.org.br\/ataque-coracao\/"},"author":{"name":"Andr\u00e9 Mart\u00ednez","@id":"https:\/\/cebb.org.br\/#\/schema\/person\/9c97f2320221993a6e5da828ffe4d033"},"headline":"Estudo do Livro &#8220;O Sutra do Ataque do Cora\u00e7\u00e3o&#8221;","datePublished":"2024-04-01T17:37:40+00:00","dateModified":"2025-01-22T18:21:44+00:00","mainEntityOfPage":{"@id":"https:\/\/cebb.org.br\/ataque-coracao\/"},"wordCount":612,"commentCount":0,"publisher":{"@id":"https:\/\/cebb.org.br\/#organization"},"image":{"@id":"https:\/\/cebb.org.br\/ataque-coracao\/#primaryimage"},"thumbnailUrl":"https:\/\/cebb.org.br\/wp-content\/uploads\/2024\/04\/Sutra-do-Ataque-do-Coracao-1.png","keywords":["cebb caminho do meio"],"articleSection":["CEBB Caminho do Meio","Cursos com tutores","Praticas Regulares","Treinamento em vis\u00e3o e medita\u00e7\u00e3o"],"inLanguage":"es","potentialAction":[{"@type":"CommentAction","name":"Comment","target":["https:\/\/cebb.org.br\/ataque-coracao\/#respond"]}]},{"@type":"WebPage","@id":"https:\/\/cebb.org.br\/ataque-coracao\/","url":"https:\/\/cebb.org.br\/ataque-coracao\/","name":"Estudo do Livro \"O Sutra do Ataque do Cora\u00e7\u00e3o\" - Centro de Estudos Budistas Bodisatva","isPartOf":{"@id":"https:\/\/cebb.org.br\/#website"},"primaryImageOfPage":{"@id":"https:\/\/cebb.org.br\/ataque-coracao\/#primaryimage"},"image":{"@id":"https:\/\/cebb.org.br\/ataque-coracao\/#primaryimage"},"thumbnailUrl":"https:\/\/cebb.org.br\/wp-content\/uploads\/2024\/04\/Sutra-do-Ataque-do-Coracao-1.png","datePublished":"2024-04-01T17:37:40+00:00","dateModified":"2025-01-22T18:21:44+00:00","breadcrumb":{"@id":"https:\/\/cebb.org.br\/ataque-coracao\/#breadcrumb"},"inLanguage":"es","potentialAction":[{"@type":"ReadAction","target":["https:\/\/cebb.org.br\/ataque-coracao\/"]}]},{"@type":"ImageObject","inLanguage":"es","@id":"https:\/\/cebb.org.br\/ataque-coracao\/#primaryimage","url":"https:\/\/cebb.org.br\/wp-content\/uploads\/2024\/04\/Sutra-do-Ataque-do-Coracao-1.png","contentUrl":"https:\/\/cebb.org.br\/wp-content\/uploads\/2024\/04\/Sutra-do-Ataque-do-Coracao-1.png","width":1080,"height":720},{"@type":"BreadcrumbList","@id":"https:\/\/cebb.org.br\/ataque-coracao\/#breadcrumb","itemListElement":[{"@type":"ListItem","position":1,"name":"Home","item":"https:\/\/cebb.org.br\/"},{"@type":"ListItem","position":2,"name":"Estudo do Livro &#8220;O Sutra do Ataque do Cora\u00e7\u00e3o&#8221;"}]},{"@type":"WebSite","@id":"https:\/\/cebb.org.br\/#website","url":"https:\/\/cebb.org.br\/","name":"Centro de Estudios Budistas Bodisatva","description":"Budismo, meditaci\u00f3n y cultura de paz | Lama Padma Samten","publisher":{"@id":"https:\/\/cebb.org.br\/#organization"},"potentialAction":[{"@type":"SearchAction","target":{"@type":"EntryPoint","urlTemplate":"https:\/\/cebb.org.br\/?s={search_term_string}"},"query-input":{"@type":"PropertyValueSpecification","valueRequired":true,"valueName":"search_term_string"}}],"inLanguage":"es"},{"@type":"Organization","@id":"https:\/\/cebb.org.br\/#organization","name":"Centro de Estudios Budistas Bodisatva","url":"https:\/\/cebb.org.br\/","logo":{"@type":"ImageObject","inLanguage":"es","@id":"https:\/\/cebb.org.br\/#\/schema\/logo\/image\/","url":"http:\/\/18.230.164.79\/wp-content\/uploads\/2011\/03\/logosalvador-peq-e1660064979551.jpg","contentUrl":"http:\/\/18.230.164.79\/wp-content\/uploads\/2011\/03\/logosalvador-peq-e1660064979551.jpg","width":280,"height":231,"caption":"Centro de Estudos Budistas Bodisatva"},"image":{"@id":"https:\/\/cebb.org.br\/#\/schema\/logo\/image\/"},"sameAs":["https:\/\/pt-br.facebook.com\/cebb108","https:\/\/www.instagram.com\/cebbcaminhodomeio\/"]},{"@type":"Person","@id":"https:\/\/cebb.org.br\/#\/schema\/person\/9c97f2320221993a6e5da828ffe4d033","name":"Andr\u00e9 Mart\u00ednez","image":{"@type":"ImageObject","inLanguage":"es","@id":"https:\/\/secure.gravatar.com\/avatar\/5bcc79bf2d52451c6b24287ee95c9487c53690ea6a8bbf026ad845a094820237?s=96&d=mm&r=g","url":"https:\/\/secure.gravatar.com\/avatar\/5bcc79bf2d52451c6b24287ee95c9487c53690ea6a8bbf026ad845a094820237?s=96&d=mm&r=g","contentUrl":"https:\/\/secure.gravatar.com\/avatar\/5bcc79bf2d52451c6b24287ee95c9487c53690ea6a8bbf026ad845a094820237?s=96&d=mm&r=g","caption":"Andr\u00e9 Mart\u00ednez"},"url":"https:\/\/cebb.org.br\/es\/author\/andremartinez\/"}]}},"_links":{"self":[{"href":"https:\/\/cebb.org.br\/es\/wp-json\/wp\/v2\/posts\/101095","targetHints":{"allow":["GET"]}}],"collection":[{"href":"https:\/\/cebb.org.br\/es\/wp-json\/wp\/v2\/posts"}],"about":[{"href":"https:\/\/cebb.org.br\/es\/wp-json\/wp\/v2\/types\/post"}],"author":[{"embeddable":true,"href":"https:\/\/cebb.org.br\/es\/wp-json\/wp\/v2\/users\/36"}],"replies":[{"embeddable":true,"href":"https:\/\/cebb.org.br\/es\/wp-json\/wp\/v2\/comments?post=101095"}],"version-history":[{"count":24,"href":"https:\/\/cebb.org.br\/es\/wp-json\/wp\/v2\/posts\/101095\/revisions"}],"predecessor-version":[{"id":111052,"href":"https:\/\/cebb.org.br\/es\/wp-json\/wp\/v2\/posts\/101095\/revisions\/111052"}],"wp:featuredmedia":[{"embeddable":true,"href":"https:\/\/cebb.org.br\/es\/wp-json\/wp\/v2\/media\/101104"}],"wp:attachment":[{"href":"https:\/\/cebb.org.br\/es\/wp-json\/wp\/v2\/media?parent=101095"}],"wp:term":[{"taxonomy":"category","embeddable":true,"href":"https:\/\/cebb.org.br\/es\/wp-json\/wp\/v2\/categories?post=101095"},{"taxonomy":"post_tag","embeddable":true,"href":"https:\/\/cebb.org.br\/es\/wp-json\/wp\/v2\/tags?post=101095"}],"curies":[{"name":"wp","href":"https:\/\/api.w.org\/{rel}","templated":true}]}}