{"id":101259,"date":"2024-06-20T13:39:46","date_gmt":"2024-06-20T16:39:46","guid":{"rendered":"https:\/\/cebb.org.br\/?p=101259"},"modified":"2024-11-22T13:40:24","modified_gmt":"2024-11-22T16:40:24","slug":"retiro-de-inverno-cebb-sukhavati-2024","status":"publish","type":"post","link":"https:\/\/cebb.org.br\/es\/retiro-de-inverno-cebb-sukhavati-2024\/","title":{"rendered":"Retiro de Inverno 2024 no CEBB Sukhavati"},"content":{"rendered":"<p><span style=\"color: #000000;\"><strong>3 a 14 de julho | CEBB Sukhavati | on-line e presencial<br \/>\n<\/strong><\/span><br \/>\n<!--more--><\/p>\n<p>Este retiro ser<span style=\"color: #000000;\">\u00e1 <strong>ONLINE e PRESENCIAL<\/strong> e acontece n<\/span>o CEBB Sukhavati, Quatro Barras-PR.<br \/>\nN\u00e3o h\u00e1 pr\u00e9-requisitos para participar.<br \/>\nOs hor\u00e1rios e a programa\u00e7\u00e3o dos retiros est\u00e3o sujeitos a altera\u00e7\u00f5es.<\/p>\n<blockquote><p><em><span style=\"font-weight: 400;\">Como ocorre nos retiros de inverno e ver\u00e3o, Lama Padma Samten tem procurado revisitar os ensinamentos do Buda que s\u00e3o o eixo das a\u00e7\u00f5es, medita\u00e7\u00f5es, treinamento e compreens\u00f5es que seguimos no CEBB. Neste ano isso ser\u00e1 apresentado em quatro momentos sequenciais aut\u00f4nomos de conte\u00fados com \u00eanfases pr\u00f3prias.<\/span><\/em><\/p><\/blockquote>\n<p>&nbsp;<\/p>\n<h4>Inscri\u00e7\u00e3o PRESENCIAL e Pr\u00e1tica de Generosidade<\/h4>\n<p>Voc\u00ea pode se inscrever no Retiro Completo de 03 a 14 de julho ou em partes.<\/p>\n<p>&nbsp;<\/p>\n<a href=\"https:\/\/forms.gle\/d9hPTsgWrYwqeDfE7\" class=\"su-button su-button-style-default\" style=\"color:#FFFFFF;background-color:#b8190d;border-color:#94140b;border-radius:5px\" target=\"_blank\" rel=\"noopener noreferrer\"><span style=\"color:#FFFFFF;padding:0px 16px;font-size:13px;line-height:26px;border-color:#ce5e56;border-radius:5px;text-shadow:none\"> Inscri\u00e7\u00e3o PRESENCIAL COMPLETO<\/span><\/a>\n<p>&nbsp;<\/p>\n<h5><strong>3 a 5 de julho (quarta a sexta-feira) | Retiro de Inverno Sukhavati | Parte 1<br \/>\n<\/strong><em>Tema: Shamatha Pura e Impura, Shamatha dos Cinco Lungs \u2013 Instru\u00e7\u00e3o e Pr\u00e1tica<\/em><\/h5>\n<p><span style=\"font-weight: 400;\">Aqui estar\u00e3o as instru\u00e7\u00f5es pr\u00e1ticas sobre como acalmar a mente e ampliar o foco segundo diferentes abordagens. Vamos da motiva\u00e7\u00e3o em praticar at\u00e9 a experi\u00eancia da mente livre de caracter\u00edsticas. Desse modo retomamos a capacidade de foco e estabilidade da mente, qualidades essenciais para seguirmos o caminho.<\/span><\/p>\n<p>&nbsp;<\/p>\n<p><strong><a href=\"https:\/\/forms.gle\/d9hPTsgWrYwqeDfE7\" class=\"su-button su-button-style-flat\" style=\"color:#FFFFFF;background-color:#b8190d;border-color:#94140b;border-radius:4px\" target=\"_blank\" rel=\"noopener noreferrer\"><span style=\"color:#FFFFFF;padding:5px 14px;font-size:12px;line-height:18px;border-color:#ce5e56;border-radius:4px;text-shadow:none\"><i class=\"sui sui-map-marker\" style=\"font-size:12px;color:#FFFFFF\"><\/i> INSCREVA-SE AQUI!<\/span><\/a><\/strong><\/p>\n<p>&nbsp;<\/p>\n<hr \/>\n<h5><strong><br \/>\n5 a 7 julho (sexta a domingo) | Retiro de Inverno Sukhavati | Parte 2<\/strong><br \/>\n<em>Tema: Motiva\u00e7\u00e3o e Conselhos para a Vida Cotidiana \u2013 As quatro nobres verdades, a Roda da Vida e os reinos dos Tr\u00eas Mundos \u2013 oferenda de Mandala a Kuntuzangpo<\/em><\/h5>\n<p>Nessa parte aprofundaremos a compreens\u00e3o sobre nossa presente situa\u00e7\u00e3o e a situa\u00e7\u00e3o dos outros seres, e como os estados meditativos podem descortinar mundos de estabilidade e felicidade delusivos ainda que muito sutis. Ao desenvolvermos a lucidez, removemos obst\u00e1culos que nos impedem de progredir e que por vezes nos fazem perder nossos avan\u00e7os.<\/p>\n<p><strong><br \/>\n<a href=\"https:\/\/forms.gle\/d9hPTsgWrYwqeDfE7\" class=\"su-button su-button-style-flat\" style=\"color:#FFFFFF;background-color:#b8190d;border-color:#94140b;border-radius:4px\" target=\"_blank\" rel=\"noopener noreferrer\"><span style=\"color:#FFFFFF;padding:5px 14px;font-size:12px;line-height:18px;border-color:#ce5e56;border-radius:4px;text-shadow:none\"><i class=\"sui sui-map-marker\" style=\"font-size:12px;color:#FFFFFF\"><\/i> INSCREVA-SE AQUI!<\/span><\/a><\/strong><\/p>\n<p>&nbsp;<\/p>\n<hr \/>\n<h5><\/h5>\n<h5><strong>08 a 12 julho (segunda a sexta) | Retiro de Inverno Sukhavati | Parte 3<br \/>\n<\/strong><em>Tema: O Caminho Budista da Vis\u00e3o, Medita\u00e7\u00e3o, A\u00e7\u00e3o e Frui\u00e7\u00e3o<\/em><\/h5>\n<p>Aprofundando a pr\u00e1tica de estabilidade meditativa e a vis\u00e3o da opera\u00e7\u00e3o da mente, seguimos o caminho da Ilumina\u00e7\u00e3o da Sabedoria Primordial que culmina na lucidez auto-consciente da natureza livre da mente. Aqui aprofundaremos os detalhes de cada uma dessas pr\u00e1ticas encadeadas que culminam na libera\u00e7\u00e3o completa da mente e na capacidade de beneficiar os seres imersos em suas experi\u00eancias delusivas.<\/p>\n<p>&nbsp;<\/p>\n<p><strong><a href=\"https:\/\/forms.gle\/d9hPTsgWrYwqeDfE7\" class=\"su-button su-button-style-flat\" style=\"color:#FFFFFF;background-color:#b8190d;border-color:#94140b;border-radius:4px\" target=\"_blank\" rel=\"noopener noreferrer\"><span style=\"color:#FFFFFF;padding:5px 14px;font-size:12px;line-height:18px;border-color:#ce5e56;border-radius:4px;text-shadow:none\"><i class=\"sui sui-map-marker\" style=\"font-size:12px;color:#FFFFFF\"><\/i> INSCREVA-SE AQUI!<\/span><\/a><\/strong><\/p>\n<p><strong>\u00a0<\/strong><\/p>\n<hr \/>\n<h5><\/h5>\n<h5><strong>12 a 14 julho (sexta a domingo) | Retiro de Inverno Sukhavati | Parte 4<br \/>\n<\/strong><em>Tema: Ensinamentos do Buda sobre as v\u00e1rias realiza\u00e7\u00f5es do caminho, nirvana e n\u00e3o-morte<\/em><\/h5>\n<p>A culmin\u00e2ncia do caminho \u00e9 apresentada por diferentes abordagens, todas indo al\u00e9m da dualidade, pensamento discursivo, temporalidade, espacialidade, causalidade. As quatro inicia\u00e7\u00f5es. As oito consci\u00eancias, os quatro corpos do Buda e as cinco sabedorias. Como s\u00e3o essas realiza\u00e7\u00f5es enquanto extin\u00e7\u00e3o, vacuidade, luminosidade, lucidez, frui\u00e7\u00e3o?<\/p>\n<p>&nbsp;<\/p>\n<p><strong><a href=\"https:\/\/forms.gle\/d9hPTsgWrYwqeDfE7\" class=\"su-button su-button-style-flat\" style=\"color:#FFFFFF;background-color:#b8190d;border-color:#94140b;border-radius:4px\" target=\"_blank\" rel=\"noopener noreferrer\"><span style=\"color:#FFFFFF;padding:5px 14px;font-size:12px;line-height:18px;border-color:#ce5e56;border-radius:4px;text-shadow:none\"><i class=\"sui sui-map-marker\" style=\"font-size:12px;color:#FFFFFF\"><\/i> INSCREVA-SE AQUI!<\/span><\/a><\/strong><\/p>\n<p><strong>\u00a0<\/strong><\/p>\n<hr \/>\n<h5><span style=\"color: #000000;\">Rotina do Retiro<\/span><\/h5>\n<div class=\"su-accordion su-u-trim\"><div class=\"su-spoiler su-spoiler-style-default su-spoiler-icon-plus su-spoiler-closed\" data-scroll-offset=\"0\" data-anchor-in-url=\"no\"><div class=\"su-spoiler-title\" tabindex=\"0\" role=\"button\"><span class=\"su-spoiler-icon\"><\/span><strong>03 a 13 de julho <\/strong><\/div><div class=\"su-spoiler-content su-u-clearfix su-u-trim\">\n\u00b7 5h30 \u2013 7h | Medita\u00e7\u00e3o e Puja da manh\u00e3<br \/>\n\u00b7 7h \u2013 7:45 | Caf\u00e9 da manh\u00e3 &amp; Acolhimento e Check-in<br \/>\n\u00b7 9h \u2013 11h | Ensinamentos<br \/>\n\u00b7 11h \u2013 12h | Medita\u00e7\u00e3o<br \/>\n\u00b7 12h \u2013 12h45 | Almo\u00e7o<br \/>\n\u00b7 14h \u2013 15h | Medita\u00e7\u00e3o<br \/>\n\u00b7 15h \u2013 17h | Ensinamentos<br \/>\n\u00b7 17h \u2013 18h | Atividade f\u00edsica (livre)<br \/>\n\u00b7 18h \u2013 18h45 | Jantar<br \/>\n\u00b7 19h \u2013 20h | Puja da noite<br \/>\n\u00b7 20h \u2013 21h30 | Perguntas e Respostas<\/div><\/div>\n<div class=\"su-spoiler su-spoiler-style-default su-spoiler-icon-plus su-spoiler-closed\" data-scroll-offset=\"0\" data-anchor-in-url=\"no\"><div class=\"su-spoiler-title\" tabindex=\"0\" role=\"button\"><span class=\"su-spoiler-icon\"><\/span><strong>14 de julho<\/strong><\/div><div class=\"su-spoiler-content su-u-clearfix su-u-trim\">\u00b7 5h30 \u2013 7h | Medita\u00e7\u00e3o e Puja da manh\u00e3<br \/>\n\u00b7 7h \u2013 7:45 | Caf\u00e9 da manh\u00e3<br \/>\n\u00b7 9h \u2013 11h | Ensinamentos<br \/>\n\u00b7 11h \u2013 12h | Encerramento do retiro<\/div><\/div><\/div>\n<h4><strong>Contribui\u00e7\u00e3o<\/strong><\/h4>\n<p><b>Quadro de Valores por Per\u00edodos de Retiros e Tipos de hospedagem\u00a0<\/b>(detalhes de hospedagem no formul\u00e1rio)<\/p>\n<p><img fetchpriority=\"high\" decoding=\"async\" class=\"alignnone wp-image-103111\" src=\"https:\/\/cebb.org.br\/wp-content\/uploads\/2024\/05\/retiro-inverno-CEBB-Sukhavati-contribuicao-1024x290.png\" alt=\"\" width=\"600\" height=\"170\" srcset=\"https:\/\/cebb.org.br\/wp-content\/uploads\/2024\/05\/retiro-inverno-CEBB-Sukhavati-contribuicao-1024x290.png 1024w, https:\/\/cebb.org.br\/wp-content\/uploads\/2024\/05\/retiro-inverno-CEBB-Sukhavati-contribuicao-300x85.png 300w, https:\/\/cebb.org.br\/wp-content\/uploads\/2024\/05\/retiro-inverno-CEBB-Sukhavati-contribuicao-768x218.png 768w, https:\/\/cebb.org.br\/wp-content\/uploads\/2024\/05\/retiro-inverno-CEBB-Sukhavati-contribuicao-18x5.png 18w, https:\/\/cebb.org.br\/wp-content\/uploads\/2024\/05\/retiro-inverno-CEBB-Sukhavati-contribuicao.png 1101w\" sizes=\"(max-width: 600px) 100vw, 600px\" \/><\/p>\n<p><span dir=\"ltr\"><i>(\u00c9 poss\u00edvel o parcelamento utilizando a transfer\u00eancia agendada. Caso opte pelo parcelamento, contate cebbsukhavati@gmail.com ou pelo whatsapp Eloiza 41 996419649 \u2013\u00a0para maiores informa\u00e7\u00f5es.)<\/i><\/span><\/p>\n<p>&nbsp;<\/p>\n<h4><em>Contato para d\u00favidas sobre o retiro presencial<strong><br \/>\n<\/strong><\/em><\/h4>\n<p>cebbsukhavati@gmail.com | 41 99641-9649 (WhatsApp)<\/p>\n<p>&nbsp;<\/p>\n<p><strong>\u00a0<\/strong><\/p>\n<hr \/>\n<h4><span style=\"color: #000000;\"><br \/>\nInscri\u00e7\u00e3o ONLINE e Pr\u00e1tica de Generosidade<\/span><\/h4>\n<p><em><span style=\"color: #e23d28;\"><strong>Sua inscri\u00e7\u00e3o e participa\u00e7\u00e3o ONLINE independem de contribui\u00e7\u00e3o financeira.<\/strong><\/span> <\/em><br \/>\nCaso aspire e lhe seja poss\u00edvel contribuir, sinta-se livre para definir o valor. Como refer\u00eancia, sugerimos o valor de R$550,00. Sua contribui\u00e7\u00e3o apoiar\u00e1 as atividades do Lama Padma Samten.<\/p>\n<p><em>A pr\u00e1tica da Dana Paramita \u2013 perfei\u00e7\u00e3o da generosidade \u2013 torna poss\u00edvel a continuidade dos ensinamentos desde os tempos do Buda. As seis paramitas \u2013 generosidade, moralidade, paz, energia constante, concentra\u00e7\u00e3o e sabedoria \u2013 inspiram a pr\u00e1tica e s\u00e3o a base geradora e sustentadora dos centros de estudos, medita\u00e7\u00e3o, acolhimento e das iniciativas de educa\u00e7\u00e3o, prote\u00e7\u00e3o ambiental, Terras Puras e Cultura de Paz da Sanga CEBB.<\/em><\/p>\n<h4><\/h4>\n<h4><span style=\"color: #000000;\">Transmiss\u00e3o ONLINE<\/span><\/h4>\n<p>O retiro ocorrer\u00e1 por transmiss\u00e3o online direta do CEBB Sukhavati, pelo Zoom e pelo canal Youtube do Lama Padma Samten.<span style=\"color: #000000;\"> A p\u00e1gina de acompanhamento do retiro ser\u00e1 enviada por um email-resposta ap\u00f3s a inscri\u00e7\u00e3o.<\/span><br \/>\nCaso n\u00e3o encontre o email-resposta em sua caixa de entrada, VERIFIQUE NA CAIXA DE SPAM ou em \u201cPROMO\u00c7\u00d5ES\u201d e marque como n\u00e3o-spam (caso esteja no SPAM). Pode ser \u00fatil incluir o endere\u00e7o (cebbcm@gmail.com) na sua lista de contatos.<\/p>\n<p>&nbsp;<\/p>\n<a href=\"https:\/\/acaoparamita.com.br\/ensinamentos\/inscricao-retiro-de-inverno-2024-sukhavati\/\" class=\"su-button su-button-style-default\" style=\"color:#FFFFFF;background-color:#b8190d;border-color:#94140b;border-radius:5px\" target=\"_blank\" rel=\"noopener noreferrer\"><span style=\"color:#FFFFFF;padding:0px 16px;font-size:13px;line-height:26px;border-color:#ce5e56;border-radius:5px;text-shadow:none\"> Inscri\u00e7\u00e3o On-line <\/span><\/a>\n<p>&nbsp;<\/p>\n<h4>Contato para d\u00favidas sobre o retiro on-line<\/h4>\n<p>acaoparamita@gmail.com<\/p>\n<p>&nbsp;<\/p>","protected":false},"excerpt":{"rendered":"<p>3 a 14 de julho de 2024<\/p>","protected":false},"author":41,"featured_media":101635,"comment_status":"open","ping_status":"open","sticky":false,"template":"","format":"standard","meta":{"footnotes":""},"categories":[380,396,655,415,356],"tags":[],"class_list":["post-101259","post","type-post","status-publish","format-standard","has-post-thumbnail","hentry","category-curitiba","category-londrina","category-maringa","category-sukhavati","category-retiro-sanga"],"yoast_head":"<!-- This site is optimized with the Yoast SEO plugin v27.5 - https:\/\/yoast.com\/product\/yoast-seo-wordpress\/ -->\n<title>Retiro de Inverno 2024 no CEBB Sukhavati - Centro de Estudos Budistas Bodisatva<\/title>\n<meta name=\"robots\" content=\"index, follow, max-snippet:-1, max-image-preview:large, max-video-preview:-1\" \/>\n<link rel=\"canonical\" href=\"https:\/\/cebb.org.br\/es\/retiro-de-inverno-cebb-sukhavati-2024\/\" \/>\n<meta property=\"og:locale\" content=\"es_ES\" \/>\n<meta property=\"og:type\" content=\"article\" \/>\n<meta property=\"og:title\" content=\"Retiro de Inverno 2024 no CEBB Sukhavati - Centro de Estudos Budistas Bodisatva\" \/>\n<meta property=\"og:description\" content=\"3 a 14 de julho de 2024\" \/>\n<meta property=\"og:url\" content=\"https:\/\/cebb.org.br\/es\/retiro-de-inverno-cebb-sukhavati-2024\/\" \/>\n<meta property=\"og:site_name\" content=\"Centro de Estudos Budistas Bodisatva\" \/>\n<meta property=\"article:publisher\" content=\"https:\/\/pt-br.facebook.com\/cebb108\" \/>\n<meta property=\"article:published_time\" content=\"2024-06-20T16:39:46+00:00\" \/>\n<meta property=\"article:modified_time\" content=\"2024-11-22T16:40:24+00:00\" \/>\n<meta property=\"og:image\" content=\"https:\/\/cebb.org.br\/wp-content\/uploads\/2024\/04\/49194427271_578979e7aa_c.jpg\" \/>\n\t<meta property=\"og:image:width\" content=\"799\" \/>\n\t<meta property=\"og:image:height\" content=\"533\" \/>\n\t<meta property=\"og:image:type\" content=\"image\/jpeg\" \/>\n<meta name=\"author\" content=\"polliana\" \/>\n<meta name=\"twitter:card\" content=\"summary_large_image\" \/>\n<meta name=\"twitter:label1\" content=\"Escrito por\" \/>\n\t<meta name=\"twitter:data1\" content=\"polliana\" \/>\n\t<meta name=\"twitter:label2\" content=\"Tiempo de lectura\" \/>\n\t<meta name=\"twitter:data2\" content=\"5 minutos\" \/>\n<script type=\"application\/ld+json\" class=\"yoast-schema-graph\">{\"@context\":\"https:\\\/\\\/schema.org\",\"@graph\":[{\"@type\":\"Article\",\"@id\":\"https:\\\/\\\/cebb.org.br\\\/retiro-de-inverno-cebb-sukhavati-2024\\\/#article\",\"isPartOf\":{\"@id\":\"https:\\\/\\\/cebb.org.br\\\/retiro-de-inverno-cebb-sukhavati-2024\\\/\"},\"author\":{\"name\":\"polliana\",\"@id\":\"https:\\\/\\\/cebb.org.br\\\/#\\\/schema\\\/person\\\/2123fd62b5ce97d67a4cc0849bd7b645\"},\"headline\":\"Retiro de Inverno 2024 no CEBB Sukhavati\",\"datePublished\":\"2024-06-20T16:39:46+00:00\",\"dateModified\":\"2024-11-22T16:40:24+00:00\",\"mainEntityOfPage\":{\"@id\":\"https:\\\/\\\/cebb.org.br\\\/retiro-de-inverno-cebb-sukhavati-2024\\\/\"},\"wordCount\":1008,\"commentCount\":0,\"publisher\":{\"@id\":\"https:\\\/\\\/cebb.org.br\\\/#organization\"},\"image\":{\"@id\":\"https:\\\/\\\/cebb.org.br\\\/retiro-de-inverno-cebb-sukhavati-2024\\\/#primaryimage\"},\"thumbnailUrl\":\"https:\\\/\\\/cebb.org.br\\\/wp-content\\\/uploads\\\/2024\\\/04\\\/49194427271_578979e7aa_c.jpg\",\"articleSection\":[\"CEBB Curitiba\",\"CEBB Londrina\",\"CEBB Maring\u00e1\",\"CEBB Sukhavati\",\"Retiro\"],\"inLanguage\":\"es\",\"potentialAction\":[{\"@type\":\"CommentAction\",\"name\":\"Comment\",\"target\":[\"https:\\\/\\\/cebb.org.br\\\/retiro-de-inverno-cebb-sukhavati-2024\\\/#respond\"]}]},{\"@type\":\"WebPage\",\"@id\":\"https:\\\/\\\/cebb.org.br\\\/retiro-de-inverno-cebb-sukhavati-2024\\\/\",\"url\":\"https:\\\/\\\/cebb.org.br\\\/retiro-de-inverno-cebb-sukhavati-2024\\\/\",\"name\":\"Retiro de Inverno 2024 no CEBB Sukhavati - Centro de Estudos Budistas Bodisatva\",\"isPartOf\":{\"@id\":\"https:\\\/\\\/cebb.org.br\\\/#website\"},\"primaryImageOfPage\":{\"@id\":\"https:\\\/\\\/cebb.org.br\\\/retiro-de-inverno-cebb-sukhavati-2024\\\/#primaryimage\"},\"image\":{\"@id\":\"https:\\\/\\\/cebb.org.br\\\/retiro-de-inverno-cebb-sukhavati-2024\\\/#primaryimage\"},\"thumbnailUrl\":\"https:\\\/\\\/cebb.org.br\\\/wp-content\\\/uploads\\\/2024\\\/04\\\/49194427271_578979e7aa_c.jpg\",\"datePublished\":\"2024-06-20T16:39:46+00:00\",\"dateModified\":\"2024-11-22T16:40:24+00:00\",\"breadcrumb\":{\"@id\":\"https:\\\/\\\/cebb.org.br\\\/retiro-de-inverno-cebb-sukhavati-2024\\\/#breadcrumb\"},\"inLanguage\":\"es\",\"potentialAction\":[{\"@type\":\"ReadAction\",\"target\":[\"https:\\\/\\\/cebb.org.br\\\/retiro-de-inverno-cebb-sukhavati-2024\\\/\"]}]},{\"@type\":\"ImageObject\",\"inLanguage\":\"es\",\"@id\":\"https:\\\/\\\/cebb.org.br\\\/retiro-de-inverno-cebb-sukhavati-2024\\\/#primaryimage\",\"url\":\"https:\\\/\\\/cebb.org.br\\\/wp-content\\\/uploads\\\/2024\\\/04\\\/49194427271_578979e7aa_c.jpg\",\"contentUrl\":\"https:\\\/\\\/cebb.org.br\\\/wp-content\\\/uploads\\\/2024\\\/04\\\/49194427271_578979e7aa_c.jpg\",\"width\":799,\"height\":533},{\"@type\":\"BreadcrumbList\",\"@id\":\"https:\\\/\\\/cebb.org.br\\\/retiro-de-inverno-cebb-sukhavati-2024\\\/#breadcrumb\",\"itemListElement\":[{\"@type\":\"ListItem\",\"position\":1,\"name\":\"Home\",\"item\":\"https:\\\/\\\/cebb.org.br\\\/\"},{\"@type\":\"ListItem\",\"position\":2,\"name\":\"Retiro de Inverno 2024 no CEBB Sukhavati\"}]},{\"@type\":\"WebSite\",\"@id\":\"https:\\\/\\\/cebb.org.br\\\/#website\",\"url\":\"https:\\\/\\\/cebb.org.br\\\/\",\"name\":\"Centro de Estudos Budistas Bodisatva\",\"description\":\"Budismo, medita\u00e7\u00e3o e cultura de paz | Lama Padma Samten\",\"publisher\":{\"@id\":\"https:\\\/\\\/cebb.org.br\\\/#organization\"},\"potentialAction\":[{\"@type\":\"SearchAction\",\"target\":{\"@type\":\"EntryPoint\",\"urlTemplate\":\"https:\\\/\\\/cebb.org.br\\\/?s={search_term_string}\"},\"query-input\":{\"@type\":\"PropertyValueSpecification\",\"valueRequired\":true,\"valueName\":\"search_term_string\"}}],\"inLanguage\":\"es\"},{\"@type\":\"Organization\",\"@id\":\"https:\\\/\\\/cebb.org.br\\\/#organization\",\"name\":\"Centro de Estudos Budistas Bodisatva\",\"url\":\"https:\\\/\\\/cebb.org.br\\\/\",\"logo\":{\"@type\":\"ImageObject\",\"inLanguage\":\"es\",\"@id\":\"https:\\\/\\\/cebb.org.br\\\/#\\\/schema\\\/logo\\\/image\\\/\",\"url\":\"http:\\\/\\\/18.230.164.79\\\/wp-content\\\/uploads\\\/2011\\\/03\\\/logosalvador-peq-e1660064979551.jpg\",\"contentUrl\":\"http:\\\/\\\/18.230.164.79\\\/wp-content\\\/uploads\\\/2011\\\/03\\\/logosalvador-peq-e1660064979551.jpg\",\"width\":280,\"height\":231,\"caption\":\"Centro de Estudos Budistas Bodisatva\"},\"image\":{\"@id\":\"https:\\\/\\\/cebb.org.br\\\/#\\\/schema\\\/logo\\\/image\\\/\"},\"sameAs\":[\"https:\\\/\\\/pt-br.facebook.com\\\/cebb108\",\"https:\\\/\\\/www.instagram.com\\\/cebbcaminhodomeio\\\/\"]},{\"@type\":\"Person\",\"@id\":\"https:\\\/\\\/cebb.org.br\\\/#\\\/schema\\\/person\\\/2123fd62b5ce97d67a4cc0849bd7b645\",\"name\":\"polliana\",\"image\":{\"@type\":\"ImageObject\",\"inLanguage\":\"es\",\"@id\":\"https:\\\/\\\/secure.gravatar.com\\\/avatar\\\/48e49773e97caa564e8e265beba0401f438954d77e33d1a2663f8eba92920800?s=96&d=mm&r=g\",\"url\":\"https:\\\/\\\/secure.gravatar.com\\\/avatar\\\/48e49773e97caa564e8e265beba0401f438954d77e33d1a2663f8eba92920800?s=96&d=mm&r=g\",\"contentUrl\":\"https:\\\/\\\/secure.gravatar.com\\\/avatar\\\/48e49773e97caa564e8e265beba0401f438954d77e33d1a2663f8eba92920800?s=96&d=mm&r=g\",\"caption\":\"polliana\"},\"url\":\"https:\\\/\\\/cebb.org.br\\\/es\\\/author\\\/polliana\\\/\"}]}<\/script>\n<!-- \/ Yoast SEO plugin. -->","yoast_head_json":{"title":"Retiro de Inverno 2024 no CEBB Sukhavati - Centro de Estudos Budistas Bodisatva","robots":{"index":"index","follow":"follow","max-snippet":"max-snippet:-1","max-image-preview":"max-image-preview:large","max-video-preview":"max-video-preview:-1"},"canonical":"https:\/\/cebb.org.br\/es\/retiro-de-inverno-cebb-sukhavati-2024\/","og_locale":"es_ES","og_type":"article","og_title":"Retiro de Inverno 2024 no CEBB Sukhavati - Centro de Estudos Budistas Bodisatva","og_description":"3 a 14 de julho de 2024","og_url":"https:\/\/cebb.org.br\/es\/retiro-de-inverno-cebb-sukhavati-2024\/","og_site_name":"Centro de Estudos Budistas Bodisatva","article_publisher":"https:\/\/pt-br.facebook.com\/cebb108","article_published_time":"2024-06-20T16:39:46+00:00","article_modified_time":"2024-11-22T16:40:24+00:00","og_image":[{"width":799,"height":533,"url":"https:\/\/cebb.org.br\/wp-content\/uploads\/2024\/04\/49194427271_578979e7aa_c.jpg","type":"image\/jpeg"}],"author":"polliana","twitter_card":"summary_large_image","twitter_misc":{"Escrito por":"polliana","Tiempo de lectura":"5 minutos"},"schema":{"@context":"https:\/\/schema.org","@graph":[{"@type":"Article","@id":"https:\/\/cebb.org.br\/retiro-de-inverno-cebb-sukhavati-2024\/#article","isPartOf":{"@id":"https:\/\/cebb.org.br\/retiro-de-inverno-cebb-sukhavati-2024\/"},"author":{"name":"polliana","@id":"https:\/\/cebb.org.br\/#\/schema\/person\/2123fd62b5ce97d67a4cc0849bd7b645"},"headline":"Retiro de Inverno 2024 no CEBB Sukhavati","datePublished":"2024-06-20T16:39:46+00:00","dateModified":"2024-11-22T16:40:24+00:00","mainEntityOfPage":{"@id":"https:\/\/cebb.org.br\/retiro-de-inverno-cebb-sukhavati-2024\/"},"wordCount":1008,"commentCount":0,"publisher":{"@id":"https:\/\/cebb.org.br\/#organization"},"image":{"@id":"https:\/\/cebb.org.br\/retiro-de-inverno-cebb-sukhavati-2024\/#primaryimage"},"thumbnailUrl":"https:\/\/cebb.org.br\/wp-content\/uploads\/2024\/04\/49194427271_578979e7aa_c.jpg","articleSection":["CEBB Curitiba","CEBB Londrina","CEBB Maring\u00e1","CEBB Sukhavati","Retiro"],"inLanguage":"es","potentialAction":[{"@type":"CommentAction","name":"Comment","target":["https:\/\/cebb.org.br\/retiro-de-inverno-cebb-sukhavati-2024\/#respond"]}]},{"@type":"WebPage","@id":"https:\/\/cebb.org.br\/retiro-de-inverno-cebb-sukhavati-2024\/","url":"https:\/\/cebb.org.br\/retiro-de-inverno-cebb-sukhavati-2024\/","name":"Retiro de Inverno 2024 no CEBB Sukhavati - Centro de Estudos Budistas Bodisatva","isPartOf":{"@id":"https:\/\/cebb.org.br\/#website"},"primaryImageOfPage":{"@id":"https:\/\/cebb.org.br\/retiro-de-inverno-cebb-sukhavati-2024\/#primaryimage"},"image":{"@id":"https:\/\/cebb.org.br\/retiro-de-inverno-cebb-sukhavati-2024\/#primaryimage"},"thumbnailUrl":"https:\/\/cebb.org.br\/wp-content\/uploads\/2024\/04\/49194427271_578979e7aa_c.jpg","datePublished":"2024-06-20T16:39:46+00:00","dateModified":"2024-11-22T16:40:24+00:00","breadcrumb":{"@id":"https:\/\/cebb.org.br\/retiro-de-inverno-cebb-sukhavati-2024\/#breadcrumb"},"inLanguage":"es","potentialAction":[{"@type":"ReadAction","target":["https:\/\/cebb.org.br\/retiro-de-inverno-cebb-sukhavati-2024\/"]}]},{"@type":"ImageObject","inLanguage":"es","@id":"https:\/\/cebb.org.br\/retiro-de-inverno-cebb-sukhavati-2024\/#primaryimage","url":"https:\/\/cebb.org.br\/wp-content\/uploads\/2024\/04\/49194427271_578979e7aa_c.jpg","contentUrl":"https:\/\/cebb.org.br\/wp-content\/uploads\/2024\/04\/49194427271_578979e7aa_c.jpg","width":799,"height":533},{"@type":"BreadcrumbList","@id":"https:\/\/cebb.org.br\/retiro-de-inverno-cebb-sukhavati-2024\/#breadcrumb","itemListElement":[{"@type":"ListItem","position":1,"name":"Home","item":"https:\/\/cebb.org.br\/"},{"@type":"ListItem","position":2,"name":"Retiro de Inverno 2024 no CEBB Sukhavati"}]},{"@type":"WebSite","@id":"https:\/\/cebb.org.br\/#website","url":"https:\/\/cebb.org.br\/","name":"Centro de Estudios Budistas Bodisatva","description":"Budismo, meditaci\u00f3n y cultura de paz | Lama Padma Samten","publisher":{"@id":"https:\/\/cebb.org.br\/#organization"},"potentialAction":[{"@type":"SearchAction","target":{"@type":"EntryPoint","urlTemplate":"https:\/\/cebb.org.br\/?s={search_term_string}"},"query-input":{"@type":"PropertyValueSpecification","valueRequired":true,"valueName":"search_term_string"}}],"inLanguage":"es"},{"@type":"Organization","@id":"https:\/\/cebb.org.br\/#organization","name":"Centro de Estudios Budistas Bodisatva","url":"https:\/\/cebb.org.br\/","logo":{"@type":"ImageObject","inLanguage":"es","@id":"https:\/\/cebb.org.br\/#\/schema\/logo\/image\/","url":"http:\/\/18.230.164.79\/wp-content\/uploads\/2011\/03\/logosalvador-peq-e1660064979551.jpg","contentUrl":"http:\/\/18.230.164.79\/wp-content\/uploads\/2011\/03\/logosalvador-peq-e1660064979551.jpg","width":280,"height":231,"caption":"Centro de Estudos Budistas Bodisatva"},"image":{"@id":"https:\/\/cebb.org.br\/#\/schema\/logo\/image\/"},"sameAs":["https:\/\/pt-br.facebook.com\/cebb108","https:\/\/www.instagram.com\/cebbcaminhodomeio\/"]},{"@type":"Person","@id":"https:\/\/cebb.org.br\/#\/schema\/person\/2123fd62b5ce97d67a4cc0849bd7b645","name":"polliana","image":{"@type":"ImageObject","inLanguage":"es","@id":"https:\/\/secure.gravatar.com\/avatar\/48e49773e97caa564e8e265beba0401f438954d77e33d1a2663f8eba92920800?s=96&d=mm&r=g","url":"https:\/\/secure.gravatar.com\/avatar\/48e49773e97caa564e8e265beba0401f438954d77e33d1a2663f8eba92920800?s=96&d=mm&r=g","contentUrl":"https:\/\/secure.gravatar.com\/avatar\/48e49773e97caa564e8e265beba0401f438954d77e33d1a2663f8eba92920800?s=96&d=mm&r=g","caption":"polliana"},"url":"https:\/\/cebb.org.br\/es\/author\/polliana\/"}]}},"_links":{"self":[{"href":"https:\/\/cebb.org.br\/es\/wp-json\/wp\/v2\/posts\/101259","targetHints":{"allow":["GET"]}}],"collection":[{"href":"https:\/\/cebb.org.br\/es\/wp-json\/wp\/v2\/posts"}],"about":[{"href":"https:\/\/cebb.org.br\/es\/wp-json\/wp\/v2\/types\/post"}],"author":[{"embeddable":true,"href":"https:\/\/cebb.org.br\/es\/wp-json\/wp\/v2\/users\/41"}],"replies":[{"embeddable":true,"href":"https:\/\/cebb.org.br\/es\/wp-json\/wp\/v2\/comments?post=101259"}],"version-history":[{"count":106,"href":"https:\/\/cebb.org.br\/es\/wp-json\/wp\/v2\/posts\/101259\/revisions"}],"predecessor-version":[{"id":103115,"href":"https:\/\/cebb.org.br\/es\/wp-json\/wp\/v2\/posts\/101259\/revisions\/103115"}],"wp:featuredmedia":[{"embeddable":true,"href":"https:\/\/cebb.org.br\/es\/wp-json\/wp\/v2\/media\/101635"}],"wp:attachment":[{"href":"https:\/\/cebb.org.br\/es\/wp-json\/wp\/v2\/media?parent=101259"}],"wp:term":[{"taxonomy":"category","embeddable":true,"href":"https:\/\/cebb.org.br\/es\/wp-json\/wp\/v2\/categories?post=101259"},{"taxonomy":"post_tag","embeddable":true,"href":"https:\/\/cebb.org.br\/es\/wp-json\/wp\/v2\/tags?post=101259"}],"curies":[{"name":"wp","href":"https:\/\/api.w.org\/{rel}","templated":true}]}}