{"id":101280,"date":"2024-04-08T15:26:43","date_gmt":"2024-04-08T18:26:43","guid":{"rendered":"https:\/\/cebb.org.br\/?p=101280"},"modified":"2024-04-25T10:49:36","modified_gmt":"2024-04-25T13:49:36","slug":"ensinamentos-budistas-para-urgencia-ecologica","status":"publish","type":"post","link":"https:\/\/cebb.org.br\/es\/ensinamentos-budistas-para-urgencia-ecologica\/","title":{"rendered":"Ensinamentos Budistas para a Urg\u00eancia Ecol\u00f3gica | Di\u00e1logos Budismo e Sociedade"},"content":{"rendered":"<p><strong><em>S\u00e9rie Di\u00e1logos Budismo e Sociedade com Lama Padma Samten<br \/>\nDia 17 de abril (quarta) \u00e0s 20h<br \/>\n<\/em><\/strong><em>Atividade on-line<\/em><em>, voc\u00ea pode participar ao vivo ou ter acesso \u00e0 grava\u00e7\u00e3o.<br \/>\n<\/em><!--more--><\/p>\n<h3><img fetchpriority=\"high\" decoding=\"async\" class=\"aligncenter size-medium wp-image-101479\" src=\"https:\/\/cebb.org.br\/wp-content\/uploads\/2024\/04\/WhatsApp-Image-2024-04-12-at-09.23.40-300x300.jpeg\" alt=\"\" width=\"300\" height=\"300\" srcset=\"https:\/\/cebb.org.br\/wp-content\/uploads\/2024\/04\/WhatsApp-Image-2024-04-12-at-09.23.40-300x300.jpeg 300w, https:\/\/cebb.org.br\/wp-content\/uploads\/2024\/04\/WhatsApp-Image-2024-04-12-at-09.23.40-1024x1024.jpeg 1024w, https:\/\/cebb.org.br\/wp-content\/uploads\/2024\/04\/WhatsApp-Image-2024-04-12-at-09.23.40-169x169.jpeg 169w, https:\/\/cebb.org.br\/wp-content\/uploads\/2024\/04\/WhatsApp-Image-2024-04-12-at-09.23.40-768x768.jpeg 768w, https:\/\/cebb.org.br\/wp-content\/uploads\/2024\/04\/WhatsApp-Image-2024-04-12-at-09.23.40.jpeg 1080w\" sizes=\"(max-width: 300px) 100vw, 300px\" \/><\/h3>\n<h3>Ensinamentos Budistas para a Urg\u00eancia Ecol\u00f3gica<\/h3>\n<p>Nesta edi\u00e7\u00e3o dos di\u00e1logos Budismo e Sociedade, dia 17 de abril, \u00e0s 20h, Lama Padma Samten receber\u00e1 David Loy, Isabel Valle, Monja Tchoren e Jos\u00e9 Fonseca para conversar sobre como o budismo responde \u00e0s quest\u00f5es coletivas globais atuais.<\/p>\n<p>Seguindo a provoca\u00e7\u00e3o que traz em seu \u00faltimo livro, Ecodarma, Loy nos instiga a refletir sobre como o budismo responde aos desafios sociais e coletivos e, ao mesmo tempo, o que as quest\u00f5es sociais e ecol\u00f3gicas de hoje provocam nos budistas?<\/p>\n<p>Al\u00e9m disso, este encontro ir\u00e1 colocar Lama Samten e David conversando de uma forma aberta sobre a sua vinda ao Brasil e dando um gostinho de tudo o que est\u00e1 por vir deste encontro. David vir\u00e1 em maio ao Brasil e far\u00e1 uma peregrina\u00e7\u00e3o pelo pa\u00eds para conhecer e aprender com o que j\u00e1 vem sendo feito nesse sentido nas comunidades do CEBB e em diferentes movimentos sociais, organiza\u00e7\u00f5es de base e institui\u00e7\u00f5es que ir\u00e1 visitar, como o MST, quilombos e universidades p\u00fablicas.<\/p>\n<p>Para enriquecer este encontro, tamb\u00e9m participar\u00e3o da mesa Isabel Valle, da Bambual Editora, que trouxe a tradu\u00e7\u00e3o do Ecodarma para o Brasil, Monja Tchoren e Jos\u00e9 Fonseca, tradutores da obra.<\/p>\n<h4>Convidados<\/h4>\n<p><strong><span class=\"OYPEnA text-decoration-none text-strikethrough-none\">Lama Padma Samten <\/span><\/strong><span class=\"OYPEnA text-decoration-none text-strikethrough-none\">\u00e9 f<\/span><span class=\"OYPEnA text-decoration-none text-strikethrough-none\">\u00edsico pela UFRGS, Alfredo Aveline deu aulas na universidade por 20 anos. Ativista ambiental, fundou em 1986 o CEBB (Centro de Estudos Budistas Bodisatva) e largou a doc\u00eancia para dedicar-se \u00e0 espiritualidade. Em 1996 foi graduado Lama budista por seu mestre, Chagdud Rinpoche, tibetano fundador do Templo de Tr\u00eas Coroas. Hoje, Lama Padma Samten \u2013 dedica-se \u00e0 ci\u00eancia, \u00e0 espiritualidade e ao movimento ecol\u00f3gico.<\/span><span class=\"OYPEnA text-decoration-none text-strikethrough-none\"><br \/>\n<\/span><\/p>\n<p><strong>David Loy<\/strong> \u00e9 um professor Zen, ativista, soci\u00f3logo e fundador do Centro de EcoDarma das Montanhas Rochosas (Rocky Mountain EcoDharma Center), no Colorado, EUA. Escritor prol\u00edfico, seu trabalho tem usado o entendimento budista da vacuidade para analisar a hist\u00f3ria do ocidente e os problemas globais contempor\u00e2neos. Loy atua em diversos grupos e movimentos, incluindo o Extinction Rebellion e os Zen Peacemakers.<\/p>\n<p><strong>Isabel Valle<\/strong> \u00e9 formada em administra\u00e7\u00e3o, com especialidades em gest\u00e3o empresarial e marketing. Atualmente, \u00e9 doutoranda em psicossociologia de comunidades pelo EICOS\/IP\/UFRJ. H\u00e1 mais de trinta anos trabalha no mercado editorial brasileiro e, atualmente, \u00e9 publisher da Bambual Editora, que produz livros propositivos sobre a transi\u00e7\u00e3o global. Tamb\u00e9m \u00e9 instrutora de yoga, terapeuta corporal e costuma caminhar descal\u00e7a\u00a0em\u00a0florestas.<\/p>\n<p><strong>Monja Tchoren<\/strong> cursou a Faculdade de Arquitetura da USP, formando-se depois em Graphics Design nos Estados Unidos. Praticou o Budismo Tibetano por muitos anos, inclusive morando em Dharamsala, India, por quatro anos. Depois passou para o Zen. Disc\u00edpula de Roshi Egyoku Nakao, ordenou-se monja no Zen Center de Los Angeles, ao qual continua vinculada. Como monja de l\u00e1, cumpriu a forma\u00e7\u00e3o em Conc\u00edlio do Center for Council, assim como o curso de Healthy Boundaries, promovido pelo Faith Trust Institute. Traduziu o livro As Seis Perfei\u00e7\u00f5es de seu antigo mestre tibetano, Geshe Sonam Rinchen e, em parceria com Eishin Sensei (Jos\u00e9 Fonseca), os livros O Zen da Pessoa Comum e Ecodarma. Fez cursos online sobre o Ecodarma e o Budismo engajado com o Prof. David Loy, Sensei Kritee Kanko, Joanna Macy, e junto ao Buddhist Peace Fellowship. Dirigiu o retiro Ecodarma: M\u00e3e Terra, Presen\u00e7a e Resili\u00eancia na Montanha Grande Buda, RS, em 2023. Mora em Campinas, onde orienta a Sanga M\u00e3os Vazias.<\/p>\n<p><strong>Jos\u00e9 Fonseca<\/strong>, tamb\u00e9m chamado de Eishin Sensei, \u00e9 professor de zen-budismo. Em 1982 praticou na Associa\u00e7\u00e3o Zen Internacional do mestre Taisen Deshimaru. Recebeu os preceitos do mestre Narazaki Ikko Roshi em 1989 e tamb\u00e9m do mestre Daigyo Moriyama Roshi em 1996. Traduziu obras do budismo como o Sutra da Plataforma, O Ensinamento Zen de Bodidarma, O Zen da Pessoa Comum, Ecodarma \u2013 os dois \u00faltimos em parceria com a monja Tchoren \u2013 e foi um dos fundadores da Revista Bodisatva e da Associa\u00e7\u00e3o Via Zen. Em julho de 2018 recebeu a transmiss\u00e3o do Darma da mestra Shingetsu\u00a0Coen\u00a0Roshi.<\/p>\n<h4>Pr\u00e1tica de Generosidade<\/h4>\n<p>Sua inscri\u00e7\u00e3o e participa\u00e7\u00e3o ONLINE independem de contribui\u00e7\u00e3o financeira. Caso aspire e lhe seja poss\u00edvel contribuir, sinta-se livre para definir o valor. Como refer\u00eancia, sugerimos os valores de R$ 60,00. Sua contribui\u00e7\u00e3o apoiar\u00e1 as atividades da Escola Caminho do Meio.<\/p>\n<blockquote><p><em>A pr\u00e1tica da Dana Paramita \u2013 perfei\u00e7\u00e3o da generosidade \u2013 torna poss\u00edvel a continuidade dos ensinamentos desde os tempos do Buda. As seis paramitas \u2013 generosidade, moralidade, paz, energia constante, concentra\u00e7\u00e3o e sabedoria \u2013 inspiram a pr\u00e1tica e s\u00e3o a base geradora e sustentadora dos centros de estudos, medita\u00e7\u00e3o, acolhimento e das iniciativas de educa\u00e7\u00e3o, prote\u00e7\u00e3o ambiental, Terras Puras e Cultura de Paz da Sanga CEBB.<\/em><\/p><\/blockquote>\n<h5><strong>Fa\u00e7a a sua inscri\u00e7\u00e3o aqui<br \/>\n<\/strong><a href=\"https:\/\/forms.gle\/4tXVpe9kchLHDJqQA\" class=\"su-button su-button-style-default\" style=\"color:#FFFFFF;background-color:#b8190d;border-color:#94140b;border-radius:5px\" target=\"_blank\" rel=\"noopener noreferrer\"><span style=\"color:#FFFFFF;padding:0px 16px;font-size:13px;line-height:26px;border-color:#ce5e56;border-radius:5px;text-shadow:none\"> Inscreva-se aqui<\/span><\/a><\/h5>\n<p>Ao fazer sua inscri\u00e7\u00e3o, voc\u00ea receber\u00e1 o link de acesso ao Zoom e ao Youtube (ao vivo).<\/p>\n<h4>David Loy no Brasil<\/h4>\n<p>Este evento online \u00e9 o in\u00edcio de uma s\u00e9rie de eventos presenciais com David Loy no Brasil, de 29 de abril a 7 de junho. Ele percorrer\u00e1 diversas sangas urbanas e rurais do CEBB e oferecer\u00e1 retiros e palestras. Veja toda a programa\u00e7\u00e3o e informa\u00e7\u00f5es para inscri\u00e7\u00e3o aqui: <a href=\"https:\/\/cebb.org.br\/es\/david-loy\/\">cebb.org.br\/david-loy<\/a><\/p>\n<h4>Contato<\/h4>\n<p>Se tiver alguma d\u00favida, por favor, envie um email para <strong>acaoparamita@gmail.com<\/strong><\/p>","protected":false},"excerpt":{"rendered":"<p>S\u00e9rie Di\u00e1logos Budismo e Sociedade com Lama Padma Samten<br \/>\nDia 17 de abril (quarta) \u00e0s 20h<br \/>\nAtividade on-line, voc\u00ea pode participar ao vivo ou ter acesso \u00e0 grava\u00e7\u00e3o.<\/p>","protected":false},"author":48,"featured_media":96779,"comment_status":"open","ping_status":"open","sticky":false,"template":"","format":"standard","meta":{"footnotes":""},"categories":[365,654,341],"tags":[],"class_list":["post-101280","post","type-post","status-publish","format-standard","has-post-thumbnail","hentry","category-agenda","category-budismo-e-sociedade","category-eventos-passados"],"yoast_head":"<!-- This site is optimized with the Yoast SEO plugin v27.5 - https:\/\/yoast.com\/product\/yoast-seo-wordpress\/ -->\n<title>Ensinamentos Budistas para a Urg\u00eancia Ecol\u00f3gica | Di\u00e1logos Budismo e Sociedade - Centro de Estudos Budistas Bodisatva<\/title>\n<meta name=\"robots\" content=\"index, follow, max-snippet:-1, max-image-preview:large, max-video-preview:-1\" \/>\n<link rel=\"canonical\" href=\"https:\/\/cebb.org.br\/es\/ensinamentos-budistas-para-urgencia-ecologica\/\" \/>\n<meta property=\"og:locale\" content=\"es_ES\" \/>\n<meta property=\"og:type\" content=\"article\" \/>\n<meta property=\"og:title\" content=\"Ensinamentos Budistas para a Urg\u00eancia Ecol\u00f3gica | Di\u00e1logos Budismo e Sociedade - Centro de Estudos Budistas Bodisatva\" \/>\n<meta property=\"og:description\" content=\"S\u00e9rie Di\u00e1logos Budismo e Sociedade com Lama Padma Samten Dia 17 de abril (quarta) \u00e0s 20h Atividade on-line, voc\u00ea pode participar ao vivo ou ter acesso \u00e0 grava\u00e7\u00e3o.\" \/>\n<meta property=\"og:url\" content=\"https:\/\/cebb.org.br\/es\/ensinamentos-budistas-para-urgencia-ecologica\/\" \/>\n<meta property=\"og:site_name\" content=\"Centro de Estudos Budistas Bodisatva\" \/>\n<meta property=\"article:publisher\" content=\"https:\/\/pt-br.facebook.com\/cebb108\" \/>\n<meta property=\"article:published_time\" content=\"2024-04-08T18:26:43+00:00\" \/>\n<meta property=\"article:modified_time\" content=\"2024-04-25T13:49:36+00:00\" \/>\n<meta property=\"og:image\" content=\"https:\/\/cebb.org.br\/wp-content\/uploads\/2023\/05\/Serie-Dialogos-new1.png\" \/>\n\t<meta property=\"og:image:width\" content=\"720\" \/>\n\t<meta property=\"og:image:height\" content=\"520\" \/>\n\t<meta property=\"og:image:type\" content=\"image\/png\" \/>\n<meta name=\"author\" content=\"elencezar\" \/>\n<meta name=\"twitter:card\" content=\"summary_large_image\" \/>\n<meta name=\"twitter:label1\" content=\"Escrito por\" \/>\n\t<meta name=\"twitter:data1\" content=\"elencezar\" \/>\n\t<meta name=\"twitter:label2\" content=\"Tiempo de lectura\" \/>\n\t<meta name=\"twitter:data2\" content=\"6 minutos\" \/>\n<script type=\"application\/ld+json\" class=\"yoast-schema-graph\">{\"@context\":\"https:\\\/\\\/schema.org\",\"@graph\":[{\"@type\":\"Article\",\"@id\":\"https:\\\/\\\/cebb.org.br\\\/ensinamentos-budistas-para-urgencia-ecologica\\\/#article\",\"isPartOf\":{\"@id\":\"https:\\\/\\\/cebb.org.br\\\/ensinamentos-budistas-para-urgencia-ecologica\\\/\"},\"author\":{\"name\":\"elencezar\",\"@id\":\"https:\\\/\\\/cebb.org.br\\\/#\\\/schema\\\/person\\\/bb00a956f52df380e5f2544b21327767\"},\"headline\":\"Ensinamentos Budistas para a Urg\u00eancia Ecol\u00f3gica | Di\u00e1logos Budismo e Sociedade\",\"datePublished\":\"2024-04-08T18:26:43+00:00\",\"dateModified\":\"2024-04-25T13:49:36+00:00\",\"mainEntityOfPage\":{\"@id\":\"https:\\\/\\\/cebb.org.br\\\/ensinamentos-budistas-para-urgencia-ecologica\\\/\"},\"wordCount\":949,\"commentCount\":0,\"publisher\":{\"@id\":\"https:\\\/\\\/cebb.org.br\\\/#organization\"},\"image\":{\"@id\":\"https:\\\/\\\/cebb.org.br\\\/ensinamentos-budistas-para-urgencia-ecologica\\\/#primaryimage\"},\"thumbnailUrl\":\"https:\\\/\\\/cebb.org.br\\\/wp-content\\\/uploads\\\/2023\\\/05\\\/Serie-Dialogos-new1.png\",\"articleSection\":[\"Agenda do Lama Padma Samten\",\"Budismo e Sociedade\",\"Eventos Passados\"],\"inLanguage\":\"es\",\"potentialAction\":[{\"@type\":\"CommentAction\",\"name\":\"Comment\",\"target\":[\"https:\\\/\\\/cebb.org.br\\\/ensinamentos-budistas-para-urgencia-ecologica\\\/#respond\"]}]},{\"@type\":\"WebPage\",\"@id\":\"https:\\\/\\\/cebb.org.br\\\/ensinamentos-budistas-para-urgencia-ecologica\\\/\",\"url\":\"https:\\\/\\\/cebb.org.br\\\/ensinamentos-budistas-para-urgencia-ecologica\\\/\",\"name\":\"Ensinamentos Budistas para a Urg\u00eancia Ecol\u00f3gica | Di\u00e1logos Budismo e Sociedade - Centro de Estudos Budistas Bodisatva\",\"isPartOf\":{\"@id\":\"https:\\\/\\\/cebb.org.br\\\/#website\"},\"primaryImageOfPage\":{\"@id\":\"https:\\\/\\\/cebb.org.br\\\/ensinamentos-budistas-para-urgencia-ecologica\\\/#primaryimage\"},\"image\":{\"@id\":\"https:\\\/\\\/cebb.org.br\\\/ensinamentos-budistas-para-urgencia-ecologica\\\/#primaryimage\"},\"thumbnailUrl\":\"https:\\\/\\\/cebb.org.br\\\/wp-content\\\/uploads\\\/2023\\\/05\\\/Serie-Dialogos-new1.png\",\"datePublished\":\"2024-04-08T18:26:43+00:00\",\"dateModified\":\"2024-04-25T13:49:36+00:00\",\"breadcrumb\":{\"@id\":\"https:\\\/\\\/cebb.org.br\\\/ensinamentos-budistas-para-urgencia-ecologica\\\/#breadcrumb\"},\"inLanguage\":\"es\",\"potentialAction\":[{\"@type\":\"ReadAction\",\"target\":[\"https:\\\/\\\/cebb.org.br\\\/ensinamentos-budistas-para-urgencia-ecologica\\\/\"]}]},{\"@type\":\"ImageObject\",\"inLanguage\":\"es\",\"@id\":\"https:\\\/\\\/cebb.org.br\\\/ensinamentos-budistas-para-urgencia-ecologica\\\/#primaryimage\",\"url\":\"https:\\\/\\\/cebb.org.br\\\/wp-content\\\/uploads\\\/2023\\\/05\\\/Serie-Dialogos-new1.png\",\"contentUrl\":\"https:\\\/\\\/cebb.org.br\\\/wp-content\\\/uploads\\\/2023\\\/05\\\/Serie-Dialogos-new1.png\",\"width\":720,\"height\":520},{\"@type\":\"BreadcrumbList\",\"@id\":\"https:\\\/\\\/cebb.org.br\\\/ensinamentos-budistas-para-urgencia-ecologica\\\/#breadcrumb\",\"itemListElement\":[{\"@type\":\"ListItem\",\"position\":1,\"name\":\"Home\",\"item\":\"https:\\\/\\\/cebb.org.br\\\/\"},{\"@type\":\"ListItem\",\"position\":2,\"name\":\"Ensinamentos Budistas para a Urg\u00eancia Ecol\u00f3gica | Di\u00e1logos Budismo e Sociedade\"}]},{\"@type\":\"WebSite\",\"@id\":\"https:\\\/\\\/cebb.org.br\\\/#website\",\"url\":\"https:\\\/\\\/cebb.org.br\\\/\",\"name\":\"Centro de Estudos Budistas Bodisatva\",\"description\":\"Budismo, medita\u00e7\u00e3o e cultura de paz | Lama Padma Samten\",\"publisher\":{\"@id\":\"https:\\\/\\\/cebb.org.br\\\/#organization\"},\"potentialAction\":[{\"@type\":\"SearchAction\",\"target\":{\"@type\":\"EntryPoint\",\"urlTemplate\":\"https:\\\/\\\/cebb.org.br\\\/?s={search_term_string}\"},\"query-input\":{\"@type\":\"PropertyValueSpecification\",\"valueRequired\":true,\"valueName\":\"search_term_string\"}}],\"inLanguage\":\"es\"},{\"@type\":\"Organization\",\"@id\":\"https:\\\/\\\/cebb.org.br\\\/#organization\",\"name\":\"Centro de Estudos Budistas Bodisatva\",\"url\":\"https:\\\/\\\/cebb.org.br\\\/\",\"logo\":{\"@type\":\"ImageObject\",\"inLanguage\":\"es\",\"@id\":\"https:\\\/\\\/cebb.org.br\\\/#\\\/schema\\\/logo\\\/image\\\/\",\"url\":\"http:\\\/\\\/18.230.164.79\\\/wp-content\\\/uploads\\\/2011\\\/03\\\/logosalvador-peq-e1660064979551.jpg\",\"contentUrl\":\"http:\\\/\\\/18.230.164.79\\\/wp-content\\\/uploads\\\/2011\\\/03\\\/logosalvador-peq-e1660064979551.jpg\",\"width\":280,\"height\":231,\"caption\":\"Centro de Estudos Budistas Bodisatva\"},\"image\":{\"@id\":\"https:\\\/\\\/cebb.org.br\\\/#\\\/schema\\\/logo\\\/image\\\/\"},\"sameAs\":[\"https:\\\/\\\/pt-br.facebook.com\\\/cebb108\",\"https:\\\/\\\/www.instagram.com\\\/cebbcaminhodomeio\\\/\"]},{\"@type\":\"Person\",\"@id\":\"https:\\\/\\\/cebb.org.br\\\/#\\\/schema\\\/person\\\/bb00a956f52df380e5f2544b21327767\",\"name\":\"elencezar\",\"image\":{\"@type\":\"ImageObject\",\"inLanguage\":\"es\",\"@id\":\"https:\\\/\\\/secure.gravatar.com\\\/avatar\\\/4a448ad17d8302d4ba8e5c7be6583cd414ebe1e4f0061c9944fe74729a74863a?s=96&d=mm&r=g\",\"url\":\"https:\\\/\\\/secure.gravatar.com\\\/avatar\\\/4a448ad17d8302d4ba8e5c7be6583cd414ebe1e4f0061c9944fe74729a74863a?s=96&d=mm&r=g\",\"contentUrl\":\"https:\\\/\\\/secure.gravatar.com\\\/avatar\\\/4a448ad17d8302d4ba8e5c7be6583cd414ebe1e4f0061c9944fe74729a74863a?s=96&d=mm&r=g\",\"caption\":\"elencezar\"},\"url\":\"https:\\\/\\\/cebb.org.br\\\/es\\\/author\\\/elencezar\\\/\"}]}<\/script>\n<!-- \/ Yoast SEO plugin. -->","yoast_head_json":{"title":"Ensinamentos Budistas para a Urg\u00eancia Ecol\u00f3gica | Di\u00e1logos Budismo e Sociedade - Centro de Estudos Budistas Bodisatva","robots":{"index":"index","follow":"follow","max-snippet":"max-snippet:-1","max-image-preview":"max-image-preview:large","max-video-preview":"max-video-preview:-1"},"canonical":"https:\/\/cebb.org.br\/es\/ensinamentos-budistas-para-urgencia-ecologica\/","og_locale":"es_ES","og_type":"article","og_title":"Ensinamentos Budistas para a Urg\u00eancia Ecol\u00f3gica | Di\u00e1logos Budismo e Sociedade - Centro de Estudos Budistas Bodisatva","og_description":"S\u00e9rie Di\u00e1logos Budismo e Sociedade com Lama Padma Samten Dia 17 de abril (quarta) \u00e0s 20h Atividade on-line, voc\u00ea pode participar ao vivo ou ter acesso \u00e0 grava\u00e7\u00e3o.","og_url":"https:\/\/cebb.org.br\/es\/ensinamentos-budistas-para-urgencia-ecologica\/","og_site_name":"Centro de Estudos Budistas Bodisatva","article_publisher":"https:\/\/pt-br.facebook.com\/cebb108","article_published_time":"2024-04-08T18:26:43+00:00","article_modified_time":"2024-04-25T13:49:36+00:00","og_image":[{"width":720,"height":520,"url":"https:\/\/cebb.org.br\/wp-content\/uploads\/2023\/05\/Serie-Dialogos-new1.png","type":"image\/png"}],"author":"elencezar","twitter_card":"summary_large_image","twitter_misc":{"Escrito por":"elencezar","Tiempo de lectura":"6 minutos"},"schema":{"@context":"https:\/\/schema.org","@graph":[{"@type":"Article","@id":"https:\/\/cebb.org.br\/ensinamentos-budistas-para-urgencia-ecologica\/#article","isPartOf":{"@id":"https:\/\/cebb.org.br\/ensinamentos-budistas-para-urgencia-ecologica\/"},"author":{"name":"elencezar","@id":"https:\/\/cebb.org.br\/#\/schema\/person\/bb00a956f52df380e5f2544b21327767"},"headline":"Ensinamentos Budistas para a Urg\u00eancia Ecol\u00f3gica | Di\u00e1logos Budismo e Sociedade","datePublished":"2024-04-08T18:26:43+00:00","dateModified":"2024-04-25T13:49:36+00:00","mainEntityOfPage":{"@id":"https:\/\/cebb.org.br\/ensinamentos-budistas-para-urgencia-ecologica\/"},"wordCount":949,"commentCount":0,"publisher":{"@id":"https:\/\/cebb.org.br\/#organization"},"image":{"@id":"https:\/\/cebb.org.br\/ensinamentos-budistas-para-urgencia-ecologica\/#primaryimage"},"thumbnailUrl":"https:\/\/cebb.org.br\/wp-content\/uploads\/2023\/05\/Serie-Dialogos-new1.png","articleSection":["Agenda do Lama Padma Samten","Budismo e Sociedade","Eventos Passados"],"inLanguage":"es","potentialAction":[{"@type":"CommentAction","name":"Comment","target":["https:\/\/cebb.org.br\/ensinamentos-budistas-para-urgencia-ecologica\/#respond"]}]},{"@type":"WebPage","@id":"https:\/\/cebb.org.br\/ensinamentos-budistas-para-urgencia-ecologica\/","url":"https:\/\/cebb.org.br\/ensinamentos-budistas-para-urgencia-ecologica\/","name":"Ensinamentos Budistas para a Urg\u00eancia Ecol\u00f3gica | Di\u00e1logos Budismo e Sociedade - Centro de Estudos Budistas Bodisatva","isPartOf":{"@id":"https:\/\/cebb.org.br\/#website"},"primaryImageOfPage":{"@id":"https:\/\/cebb.org.br\/ensinamentos-budistas-para-urgencia-ecologica\/#primaryimage"},"image":{"@id":"https:\/\/cebb.org.br\/ensinamentos-budistas-para-urgencia-ecologica\/#primaryimage"},"thumbnailUrl":"https:\/\/cebb.org.br\/wp-content\/uploads\/2023\/05\/Serie-Dialogos-new1.png","datePublished":"2024-04-08T18:26:43+00:00","dateModified":"2024-04-25T13:49:36+00:00","breadcrumb":{"@id":"https:\/\/cebb.org.br\/ensinamentos-budistas-para-urgencia-ecologica\/#breadcrumb"},"inLanguage":"es","potentialAction":[{"@type":"ReadAction","target":["https:\/\/cebb.org.br\/ensinamentos-budistas-para-urgencia-ecologica\/"]}]},{"@type":"ImageObject","inLanguage":"es","@id":"https:\/\/cebb.org.br\/ensinamentos-budistas-para-urgencia-ecologica\/#primaryimage","url":"https:\/\/cebb.org.br\/wp-content\/uploads\/2023\/05\/Serie-Dialogos-new1.png","contentUrl":"https:\/\/cebb.org.br\/wp-content\/uploads\/2023\/05\/Serie-Dialogos-new1.png","width":720,"height":520},{"@type":"BreadcrumbList","@id":"https:\/\/cebb.org.br\/ensinamentos-budistas-para-urgencia-ecologica\/#breadcrumb","itemListElement":[{"@type":"ListItem","position":1,"name":"Home","item":"https:\/\/cebb.org.br\/"},{"@type":"ListItem","position":2,"name":"Ensinamentos Budistas para a Urg\u00eancia Ecol\u00f3gica | Di\u00e1logos Budismo e Sociedade"}]},{"@type":"WebSite","@id":"https:\/\/cebb.org.br\/#website","url":"https:\/\/cebb.org.br\/","name":"Centro de Estudios Budistas Bodisatva","description":"Budismo, meditaci\u00f3n y cultura de paz | Lama Padma Samten","publisher":{"@id":"https:\/\/cebb.org.br\/#organization"},"potentialAction":[{"@type":"SearchAction","target":{"@type":"EntryPoint","urlTemplate":"https:\/\/cebb.org.br\/?s={search_term_string}"},"query-input":{"@type":"PropertyValueSpecification","valueRequired":true,"valueName":"search_term_string"}}],"inLanguage":"es"},{"@type":"Organization","@id":"https:\/\/cebb.org.br\/#organization","name":"Centro de Estudios Budistas Bodisatva","url":"https:\/\/cebb.org.br\/","logo":{"@type":"ImageObject","inLanguage":"es","@id":"https:\/\/cebb.org.br\/#\/schema\/logo\/image\/","url":"http:\/\/18.230.164.79\/wp-content\/uploads\/2011\/03\/logosalvador-peq-e1660064979551.jpg","contentUrl":"http:\/\/18.230.164.79\/wp-content\/uploads\/2011\/03\/logosalvador-peq-e1660064979551.jpg","width":280,"height":231,"caption":"Centro de Estudos Budistas Bodisatva"},"image":{"@id":"https:\/\/cebb.org.br\/#\/schema\/logo\/image\/"},"sameAs":["https:\/\/pt-br.facebook.com\/cebb108","https:\/\/www.instagram.com\/cebbcaminhodomeio\/"]},{"@type":"Person","@id":"https:\/\/cebb.org.br\/#\/schema\/person\/bb00a956f52df380e5f2544b21327767","name":"elencezar","image":{"@type":"ImageObject","inLanguage":"es","@id":"https:\/\/secure.gravatar.com\/avatar\/4a448ad17d8302d4ba8e5c7be6583cd414ebe1e4f0061c9944fe74729a74863a?s=96&d=mm&r=g","url":"https:\/\/secure.gravatar.com\/avatar\/4a448ad17d8302d4ba8e5c7be6583cd414ebe1e4f0061c9944fe74729a74863a?s=96&d=mm&r=g","contentUrl":"https:\/\/secure.gravatar.com\/avatar\/4a448ad17d8302d4ba8e5c7be6583cd414ebe1e4f0061c9944fe74729a74863a?s=96&d=mm&r=g","caption":"elencezar"},"url":"https:\/\/cebb.org.br\/es\/author\/elencezar\/"}]}},"_links":{"self":[{"href":"https:\/\/cebb.org.br\/es\/wp-json\/wp\/v2\/posts\/101280","targetHints":{"allow":["GET"]}}],"collection":[{"href":"https:\/\/cebb.org.br\/es\/wp-json\/wp\/v2\/posts"}],"about":[{"href":"https:\/\/cebb.org.br\/es\/wp-json\/wp\/v2\/types\/post"}],"author":[{"embeddable":true,"href":"https:\/\/cebb.org.br\/es\/wp-json\/wp\/v2\/users\/48"}],"replies":[{"embeddable":true,"href":"https:\/\/cebb.org.br\/es\/wp-json\/wp\/v2\/comments?post=101280"}],"version-history":[{"count":14,"href":"https:\/\/cebb.org.br\/es\/wp-json\/wp\/v2\/posts\/101280\/revisions"}],"predecessor-version":[{"id":101491,"href":"https:\/\/cebb.org.br\/es\/wp-json\/wp\/v2\/posts\/101280\/revisions\/101491"}],"wp:featuredmedia":[{"embeddable":true,"href":"https:\/\/cebb.org.br\/es\/wp-json\/wp\/v2\/media\/96779"}],"wp:attachment":[{"href":"https:\/\/cebb.org.br\/es\/wp-json\/wp\/v2\/media?parent=101280"}],"wp:term":[{"taxonomy":"category","embeddable":true,"href":"https:\/\/cebb.org.br\/es\/wp-json\/wp\/v2\/categories?post=101280"},{"taxonomy":"post_tag","embeddable":true,"href":"https:\/\/cebb.org.br\/es\/wp-json\/wp\/v2\/tags?post=101280"}],"curies":[{"name":"wp","href":"https:\/\/api.w.org\/{rel}","templated":true}]}}