{"id":105963,"date":"2024-08-27T10:00:30","date_gmt":"2024-08-27T13:00:30","guid":{"rendered":"https:\/\/cebb.org.br\/?p=105963"},"modified":"2024-09-21T15:03:18","modified_gmt":"2024-09-21T18:03:18","slug":"tesouro-profundo","status":"publish","type":"post","link":"https:\/\/cebb.org.br\/es\/tesouro-profundo\/","title":{"rendered":"O Tesouro Profundo do Oceano do Darma &#8211; A vis\u00e3o budista para o caminho espiritual | set 2024"},"content":{"rendered":"<p><strong>Estudo di\u00e1rio com tutor, das 9h \u00e0s 11h (hor\u00e1rio de Bras\u00edlia)<br \/>\n<\/strong><strong>De 02 a 15 de setembro de 2024 &#8211; Presencial e Online<br \/>\n<span class=\"OYPEnA font-feature-liga-off font-feature-clig-off font-feature-calt-off text-decoration-none text-strikethrough-none\">O Tesouro Profundo do Oceano do Darma &#8211; A vis\u00e3o budista para o caminho espiritual<\/span><br \/>\n<\/strong><\/p>\n<p><!--more--><\/p>\n<h3><\/h3>\n<p><strong>O Tesouro Profundo do Oceano do Darma,<\/strong> \u00e9 uma apresenta\u00e7\u00e3o maravilhosa das palavras do pr\u00f3prio Buda por Ch\u00f6gyam Trungpa Rinpoche naquele que \u00e9, talvez, seu maior legado em termos de ensinamentos budistas. No primeiro volume, Trungpa Rinpoche oferece n\u00e3o apenas uma descri\u00e7\u00e3o detalhada dos ensinamentos fundamentais do budismo, como mostra que o Budismo \u00e9 um lugar privilegiado para contemplarmos nossa pr\u00f3pria vida, com todo seu drama e com toda a sua beleza.<\/p>\n<p>&nbsp;<\/p>\n<p>Ao apresentar uma vis\u00e3o panor\u00e2mica dos princ\u00edpios do caminho budista, Trungpa nos guia numa jornada precisa e aprofundada pelo caminho da libera\u00e7\u00e3o. Come\u00e7ando pela medita\u00e7\u00e3o shamata e a pr\u00e1tica da aten\u00e7\u00e3o plena, passamos para os ensinamentos das Quatro Nobres Verdades, Doze Elos da Origina\u00e7\u00e3o Dependente e outros conceitos cl\u00e1ssicos do budismo.<\/p>\n<p>&nbsp;<\/p>\n<p><span class=\"OYPEnA font-feature-liga-off font-feature-clig-off font-feature-calt-off text-decoration-none text-strikethrough-none\">CH\u00d6GYAM TRUNGPA foi um grande mestre de medita\u00e7\u00e3o, professor e artista. O Tesouro Profundo do Oceano do Darma representa sua maior contribui\u00e7\u00e3o para o budismo no Ocidente. O primeiro volume, O Caminho da Libera\u00e7\u00e3o Individual, apresenta os ensinamentos fundamentais do budismo.<\/span><\/p>\n<p>&nbsp;<\/p>\n<p><img decoding=\"async\" class=\"wp-image-99782 alignleft\" src=\"https:\/\/cebb.org.br\/wp-content\/uploads\/2024\/01\/Henrique-Lemes-300x300.jpg\" alt=\"\" width=\"161\" height=\"161\" srcset=\"https:\/\/cebb.org.br\/wp-content\/uploads\/2024\/01\/Henrique-Lemes-300x300.jpg 300w, https:\/\/cebb.org.br\/wp-content\/uploads\/2024\/01\/Henrique-Lemes-169x169.jpg 169w, https:\/\/cebb.org.br\/wp-content\/uploads\/2024\/01\/Henrique-Lemes-768x768.jpg 768w, https:\/\/cebb.org.br\/wp-content\/uploads\/2024\/01\/Henrique-Lemes.jpg 900w\" sizes=\"(max-width: 161px) 100vw, 161px\" \/><\/p>\n<p>&nbsp;<\/p>\n<p><strong>Facilitador:<\/strong> Henrique Lemes<\/p>\n<p>Henrique \u00e9 tutor no programa de forma\u00e7\u00e3o de tutores e facilitadores do Darma, sob orienta\u00e7\u00e3o do Lama Padma Samten.<\/p>\n<p>&nbsp;<\/p>\n<p>&nbsp;<\/p>\n<p>&nbsp;<\/p>\n<h3><\/h3>\n<h3>Programa\u00e7\u00e3o do Estudo<\/h3>\n<p><strong>Aten\u00e7\u00e3o: <\/strong>Os hor\u00e1rios e a programa\u00e7\u00e3o do estudo est\u00e3o sujeitos a altera\u00e7\u00f5es<em><br \/>\n<\/em><\/p>\n<p>&nbsp;<\/p>\n<h3>Inscri\u00e7\u00e3o Presencial &#8211; Retiro Aberto no CEBB Caminho do Meio<\/h3>\n<p><span style=\"font-weight: 400;\">O CEBB Caminho do Meio, junto com os estudos de aprofundamento do Lama Padma Samten e de contempla\u00e7\u00f5es fundamentais conduzidos por tutores, est\u00e1 promovendo retiros cont\u00ednuos de car\u00e1ter aberto no CEBB &#8211; Viam\u00e3o\/RS. A rotina do retiro est\u00e1 descrita abaixo, possuindo as tardes com atividades volunt\u00e1rias\u00a0 e tamb\u00e9m com a possibilidade de atividades pessoais (trabalho remoto e projetos).<\/span><\/p>\n<p><strong>5:30 &#8211; 7:00<\/strong> Puja manh\u00e3<br \/>\n<strong>7:00 &#8211; 8:00<\/strong> Caf\u00e9 da manh\u00e3<br \/>\n<strong>9:00 &#8211; 11:00<\/strong> Estudo de aprofundamento<br \/>\n<strong>11:00 &#8211; 13:00<\/strong> Almo\u00e7o e organiza\u00e7\u00e3o da cozinha<br \/>\n<strong>14:00 &#8211; 17:00<\/strong> Atividades:<\/p>\n<blockquote><p><em>Agrofloresta e Instituto Caminho do Meio<br \/>\nManuten\u00e7\u00e3o da cozinha e refeit\u00f3rio<br \/>\nPr\u00e1ticas meditativas e contempla\u00e7\u00e3o<br \/>\nAtividades pessoai<\/em>s<br \/>\n(nos consulte para conversarmos como podemos seguir)<\/p><\/blockquote>\n<p><strong>17:00 &#8211; 18:00<\/strong> Atividade f\u00edsica livre<br \/>\n<strong>18:00 &#8211; 18:45<\/strong> Jantar<br \/>\n<strong>19:00 &#8211; 20:30<\/strong> Puja<\/p>\n<p>&nbsp;<\/p>\n<p>A inscri\u00e7\u00e3o para o Retiro Presencial \u00e9 feita via whatsapp pelo n\u00famero (51) 994118664. Falar com Jo\u00e3o Marcelo.<\/p>\n<p>&nbsp;<\/p>\n<a href=\"https:\/\/wa.link\/vjk3cn\" class=\"su-button su-button-style-default\" style=\"color:#FFFFFF;background-color:#b8190d;border-color:#94140b;border-radius:5px\" target=\"_blank\" rel=\"noopener noreferrer\"><span style=\"color:#FFFFFF;padding:0px 16px;font-size:13px;line-height:26px;border-color:#ce5e56;border-radius:5px;text-shadow:none\"> Fa\u00e7a sua inscri\u00e7\u00e3o PRESENCIAL!<\/span><\/a>\n<p>&nbsp;<\/p>\n<h3>Inscri\u00e7\u00e3o Online e Pr\u00e1tica de Generosidade<\/h3>\n<p>Sua inscri\u00e7\u00e3o e participa\u00e7\u00e3o ONLINE <em>independem de contribui\u00e7\u00e3o financeira.<\/em><\/p>\n<p>Caso aspire e lhe seja poss\u00edvel contribuir, o valor de refer\u00eancia \u00e9 R$550,00. Sua contribui\u00e7\u00e3o apoiar\u00e1 as atividades do CEBB Caminho do Meio.<\/p>\n<p>&nbsp;<\/p>\n<a href=\"https:\/\/caminhodomeio.org.br\/product\/o-tesouro-profundo-do-oceano-do-darma-a-visao-budista-para-o-caminho-espiritual-set-2024\" class=\"su-button su-button-style-default\" style=\"color:#FFFFFF;background-color:#b8190d;border-color:#94140b;border-radius:5px\" target=\"_blank\" rel=\"noopener noreferrer\"><span style=\"color:#FFFFFF;padding:0px 16px;font-size:13px;line-height:26px;border-color:#ce5e56;border-radius:5px;text-shadow:none\"> Fa\u00e7a sua inscri\u00e7\u00e3o ON-LINE<\/span><\/a>\n<p>&nbsp;<\/p>\n<p>&nbsp;<\/p>\n<p><em>A pr\u00e1tica da Dana Paramita \u2013 perfei\u00e7\u00e3o da generosidade \u2013 torna poss\u00edvel a continuidade dos ensinamentos desde os tempos do Buda. As seis paramitas \u2013 generosidade, moralidade, paz, energia constante, concentra\u00e7\u00e3o e sabedoria \u2013 inspiram a pr\u00e1tica e s\u00e3o a base geradora e sustentadora dos centros de estudos, medita\u00e7\u00e3o, acolhimento e das iniciativas de educa\u00e7\u00e3o, prote\u00e7\u00e3o ambiental, Terras Puras e Cultura de Paz da Sanga CEBB.<\/em><\/p>\n<p>&nbsp;<\/p>\n<h3>Transmiss\u00e3o ONLINE<\/h3>\n<p>O estudo ocorrer\u00e1 por transmiss\u00e3o online direta do CEBB Caminho do Meio, pelo Zoom e pelo canal Youtube do CEBB. O link para a p\u00e1gina de acompanhamento do estudo, onde ser\u00e3o informados os links de cada per\u00edodo do estudo, ser\u00e1 enviado por um email-resposta ap\u00f3s o envio do formul\u00e1rio de inscri\u00e7\u00e3o. Caso n\u00e3o encontre o email-resposta em sua caixa de entrada, VERIFIQUE NA CAIXA DE SPAM ou em \u201cPROMO\u00c7\u00d5ES\u201d e marque como n\u00e3o-spam (caso esteja no SPAM). Pode ser \u00fatil incluir o endere\u00e7o (cebbcm@gmail.com) na sua lista de contatos.<\/p>\n<p>&nbsp;<\/p>\n<h3>Contato<\/h3>\n<p>cebbcm@gmail.com |<strong> (51) 99799 8184<\/strong> (WhatsApp) (atendimento de segunda a sexta das 13h30 \u00e0s 18h)<br \/>\nOrganiza\u00e7\u00e3o: CEBB Caminho do Meio<\/p>\n<p>&nbsp;<\/p>\n<p><strong><img decoding=\"async\" class=\"size-full wp-image-83907 aligncenter\" src=\"https:\/\/cebb.org.br\/wp-content\/uploads\/2021\/05\/linha-com-no-infinto.png\" alt=\"\" width=\"150\" height=\"23\" \/><\/strong><\/p>","protected":false},"excerpt":{"rendered":"<p>Estudo di\u00e1rio com tutor, das 9h \u00e0s 11h (hor\u00e1rio de Bras\u00edlia) De 02 a 15 de setembro de 2024 &#8211; Presencial e Online O Tesouro Profundo do Oceano do Darma &#8211; A vis\u00e3o budista para o caminho espiritual<\/p>","protected":false},"author":79,"featured_media":106460,"comment_status":"open","ping_status":"open","sticky":false,"template":"","format":"standard","meta":{"footnotes":""},"categories":[377,336,341,666],"tags":[674],"class_list":["post-105963","post","type-post","status-publish","format-standard","has-post-thumbnail","hentry","category-viamao","category-cursos-com-tutores","category-eventos-passados","category-passados-eventos","tag-cebb-caminho-do-meio"],"yoast_head":"<!-- This site is optimized with the Yoast SEO plugin v27.5 - https:\/\/yoast.com\/product\/yoast-seo-wordpress\/ -->\n<title>O Tesouro Profundo do Oceano do Darma - A vis\u00e3o budista para o caminho espiritual | set 2024 - Centro de Estudos Budistas Bodisatva<\/title>\n<meta name=\"robots\" content=\"index, follow, max-snippet:-1, max-image-preview:large, max-video-preview:-1\" \/>\n<link rel=\"canonical\" href=\"https:\/\/cebb.org.br\/es\/tesouro-profundo\/\" \/>\n<meta property=\"og:locale\" content=\"es_ES\" \/>\n<meta property=\"og:type\" content=\"article\" \/>\n<meta property=\"og:title\" content=\"O Tesouro Profundo do Oceano do Darma - A vis\u00e3o budista para o caminho espiritual | set 2024 - Centro de Estudos Budistas Bodisatva\" \/>\n<meta property=\"og:description\" content=\"Estudo di\u00e1rio com tutor, das 9h \u00e0s 11h (hor\u00e1rio de Bras\u00edlia) De 02 a 15 de setembro de 2024 &#8211; Presencial e Online O Tesouro Profundo do Oceano do Darma &#8211; A vis\u00e3o budista para o caminho espiritual\" \/>\n<meta property=\"og:url\" content=\"https:\/\/cebb.org.br\/es\/tesouro-profundo\/\" \/>\n<meta property=\"og:site_name\" content=\"Centro de Estudos Budistas Bodisatva\" \/>\n<meta property=\"article:publisher\" content=\"https:\/\/pt-br.facebook.com\/cebb108\" \/>\n<meta property=\"article:published_time\" content=\"2024-08-27T13:00:30+00:00\" \/>\n<meta property=\"article:modified_time\" content=\"2024-09-21T18:03:18+00:00\" \/>\n<meta property=\"og:image\" content=\"https:\/\/cebb.org.br\/wp-content\/uploads\/2024\/08\/pequeno-cinza.png\" \/>\n\t<meta property=\"og:image:width\" content=\"1280\" \/>\n\t<meta property=\"og:image:height\" content=\"720\" \/>\n\t<meta property=\"og:image:type\" content=\"image\/png\" \/>\n<meta name=\"author\" content=\"Coletivo Intersomos\" \/>\n<meta name=\"twitter:card\" content=\"summary_large_image\" \/>\n<meta name=\"twitter:label1\" content=\"Escrito por\" \/>\n\t<meta name=\"twitter:data1\" content=\"Coletivo Intersomos\" \/>\n\t<meta name=\"twitter:label2\" content=\"Tiempo de lectura\" \/>\n\t<meta name=\"twitter:data2\" content=\"4 minutos\" \/>\n<script type=\"application\/ld+json\" class=\"yoast-schema-graph\">{\"@context\":\"https:\\\/\\\/schema.org\",\"@graph\":[{\"@type\":\"Article\",\"@id\":\"https:\\\/\\\/cebb.org.br\\\/tesouro-profundo\\\/#article\",\"isPartOf\":{\"@id\":\"https:\\\/\\\/cebb.org.br\\\/tesouro-profundo\\\/\"},\"author\":{\"name\":\"Coletivo Intersomos\",\"@id\":\"https:\\\/\\\/cebb.org.br\\\/#\\\/schema\\\/person\\\/05a696a76f72d472c540f3d7a905f39c\"},\"headline\":\"O Tesouro Profundo do Oceano do Darma &#8211; A vis\u00e3o budista para o caminho espiritual | set 2024\",\"datePublished\":\"2024-08-27T13:00:30+00:00\",\"dateModified\":\"2024-09-21T18:03:18+00:00\",\"mainEntityOfPage\":{\"@id\":\"https:\\\/\\\/cebb.org.br\\\/tesouro-profundo\\\/\"},\"wordCount\":734,\"commentCount\":0,\"publisher\":{\"@id\":\"https:\\\/\\\/cebb.org.br\\\/#organization\"},\"image\":{\"@id\":\"https:\\\/\\\/cebb.org.br\\\/tesouro-profundo\\\/#primaryimage\"},\"thumbnailUrl\":\"https:\\\/\\\/cebb.org.br\\\/wp-content\\\/uploads\\\/2024\\\/08\\\/pequeno-cinza.png\",\"keywords\":[\"cebb caminho do meio\"],\"articleSection\":[\"CEBB Caminho do Meio\",\"Cursos com tutores\",\"Eventos Passados\",\"Passados Eventos\"],\"inLanguage\":\"es\",\"potentialAction\":[{\"@type\":\"CommentAction\",\"name\":\"Comment\",\"target\":[\"https:\\\/\\\/cebb.org.br\\\/tesouro-profundo\\\/#respond\"]}]},{\"@type\":\"WebPage\",\"@id\":\"https:\\\/\\\/cebb.org.br\\\/tesouro-profundo\\\/\",\"url\":\"https:\\\/\\\/cebb.org.br\\\/tesouro-profundo\\\/\",\"name\":\"O Tesouro Profundo do Oceano do Darma - A vis\u00e3o budista para o caminho espiritual | set 2024 - Centro de Estudos Budistas Bodisatva\",\"isPartOf\":{\"@id\":\"https:\\\/\\\/cebb.org.br\\\/#website\"},\"primaryImageOfPage\":{\"@id\":\"https:\\\/\\\/cebb.org.br\\\/tesouro-profundo\\\/#primaryimage\"},\"image\":{\"@id\":\"https:\\\/\\\/cebb.org.br\\\/tesouro-profundo\\\/#primaryimage\"},\"thumbnailUrl\":\"https:\\\/\\\/cebb.org.br\\\/wp-content\\\/uploads\\\/2024\\\/08\\\/pequeno-cinza.png\",\"datePublished\":\"2024-08-27T13:00:30+00:00\",\"dateModified\":\"2024-09-21T18:03:18+00:00\",\"breadcrumb\":{\"@id\":\"https:\\\/\\\/cebb.org.br\\\/tesouro-profundo\\\/#breadcrumb\"},\"inLanguage\":\"es\",\"potentialAction\":[{\"@type\":\"ReadAction\",\"target\":[\"https:\\\/\\\/cebb.org.br\\\/tesouro-profundo\\\/\"]}]},{\"@type\":\"ImageObject\",\"inLanguage\":\"es\",\"@id\":\"https:\\\/\\\/cebb.org.br\\\/tesouro-profundo\\\/#primaryimage\",\"url\":\"https:\\\/\\\/cebb.org.br\\\/wp-content\\\/uploads\\\/2024\\\/08\\\/pequeno-cinza.png\",\"contentUrl\":\"https:\\\/\\\/cebb.org.br\\\/wp-content\\\/uploads\\\/2024\\\/08\\\/pequeno-cinza.png\",\"width\":1280,\"height\":720},{\"@type\":\"BreadcrumbList\",\"@id\":\"https:\\\/\\\/cebb.org.br\\\/tesouro-profundo\\\/#breadcrumb\",\"itemListElement\":[{\"@type\":\"ListItem\",\"position\":1,\"name\":\"Home\",\"item\":\"https:\\\/\\\/cebb.org.br\\\/\"},{\"@type\":\"ListItem\",\"position\":2,\"name\":\"O Tesouro Profundo do Oceano do Darma &#8211; A vis\u00e3o budista para o caminho espiritual | set 2024\"}]},{\"@type\":\"WebSite\",\"@id\":\"https:\\\/\\\/cebb.org.br\\\/#website\",\"url\":\"https:\\\/\\\/cebb.org.br\\\/\",\"name\":\"Centro de Estudos Budistas Bodisatva\",\"description\":\"Budismo, medita\u00e7\u00e3o e cultura de paz | Lama Padma Samten\",\"publisher\":{\"@id\":\"https:\\\/\\\/cebb.org.br\\\/#organization\"},\"potentialAction\":[{\"@type\":\"SearchAction\",\"target\":{\"@type\":\"EntryPoint\",\"urlTemplate\":\"https:\\\/\\\/cebb.org.br\\\/?s={search_term_string}\"},\"query-input\":{\"@type\":\"PropertyValueSpecification\",\"valueRequired\":true,\"valueName\":\"search_term_string\"}}],\"inLanguage\":\"es\"},{\"@type\":\"Organization\",\"@id\":\"https:\\\/\\\/cebb.org.br\\\/#organization\",\"name\":\"Centro de Estudos Budistas Bodisatva\",\"url\":\"https:\\\/\\\/cebb.org.br\\\/\",\"logo\":{\"@type\":\"ImageObject\",\"inLanguage\":\"es\",\"@id\":\"https:\\\/\\\/cebb.org.br\\\/#\\\/schema\\\/logo\\\/image\\\/\",\"url\":\"http:\\\/\\\/18.230.164.79\\\/wp-content\\\/uploads\\\/2011\\\/03\\\/logosalvador-peq-e1660064979551.jpg\",\"contentUrl\":\"http:\\\/\\\/18.230.164.79\\\/wp-content\\\/uploads\\\/2011\\\/03\\\/logosalvador-peq-e1660064979551.jpg\",\"width\":280,\"height\":231,\"caption\":\"Centro de Estudos Budistas Bodisatva\"},\"image\":{\"@id\":\"https:\\\/\\\/cebb.org.br\\\/#\\\/schema\\\/logo\\\/image\\\/\"},\"sameAs\":[\"https:\\\/\\\/pt-br.facebook.com\\\/cebb108\",\"https:\\\/\\\/www.instagram.com\\\/cebbcaminhodomeio\\\/\"]},{\"@type\":\"Person\",\"@id\":\"https:\\\/\\\/cebb.org.br\\\/#\\\/schema\\\/person\\\/05a696a76f72d472c540f3d7a905f39c\",\"name\":\"Coletivo Intersomos\",\"image\":{\"@type\":\"ImageObject\",\"inLanguage\":\"es\",\"@id\":\"https:\\\/\\\/secure.gravatar.com\\\/avatar\\\/5b3268ebf7c1516b7910dc782a9ef52986a33844353256fce20260189c5f6b83?s=96&d=mm&r=g\",\"url\":\"https:\\\/\\\/secure.gravatar.com\\\/avatar\\\/5b3268ebf7c1516b7910dc782a9ef52986a33844353256fce20260189c5f6b83?s=96&d=mm&r=g\",\"contentUrl\":\"https:\\\/\\\/secure.gravatar.com\\\/avatar\\\/5b3268ebf7c1516b7910dc782a9ef52986a33844353256fce20260189c5f6b83?s=96&d=mm&r=g\",\"caption\":\"Coletivo Intersomos\"},\"url\":\"https:\\\/\\\/cebb.org.br\\\/es\\\/author\\\/coletivo-intersomos\\\/\"}]}<\/script>\n<!-- \/ Yoast SEO plugin. -->","yoast_head_json":{"title":"O Tesouro Profundo do Oceano do Darma - A vis\u00e3o budista para o caminho espiritual | set 2024 - Centro de Estudos Budistas Bodisatva","robots":{"index":"index","follow":"follow","max-snippet":"max-snippet:-1","max-image-preview":"max-image-preview:large","max-video-preview":"max-video-preview:-1"},"canonical":"https:\/\/cebb.org.br\/es\/tesouro-profundo\/","og_locale":"es_ES","og_type":"article","og_title":"O Tesouro Profundo do Oceano do Darma - A vis\u00e3o budista para o caminho espiritual | set 2024 - Centro de Estudos Budistas Bodisatva","og_description":"Estudo di\u00e1rio com tutor, das 9h \u00e0s 11h (hor\u00e1rio de Bras\u00edlia) De 02 a 15 de setembro de 2024 &#8211; Presencial e Online O Tesouro Profundo do Oceano do Darma &#8211; A vis\u00e3o budista para o caminho espiritual","og_url":"https:\/\/cebb.org.br\/es\/tesouro-profundo\/","og_site_name":"Centro de Estudos Budistas Bodisatva","article_publisher":"https:\/\/pt-br.facebook.com\/cebb108","article_published_time":"2024-08-27T13:00:30+00:00","article_modified_time":"2024-09-21T18:03:18+00:00","og_image":[{"width":1280,"height":720,"url":"https:\/\/cebb.org.br\/wp-content\/uploads\/2024\/08\/pequeno-cinza.png","type":"image\/png"}],"author":"Coletivo Intersomos","twitter_card":"summary_large_image","twitter_misc":{"Escrito por":"Coletivo Intersomos","Tiempo de lectura":"4 minutos"},"schema":{"@context":"https:\/\/schema.org","@graph":[{"@type":"Article","@id":"https:\/\/cebb.org.br\/tesouro-profundo\/#article","isPartOf":{"@id":"https:\/\/cebb.org.br\/tesouro-profundo\/"},"author":{"name":"Coletivo Intersomos","@id":"https:\/\/cebb.org.br\/#\/schema\/person\/05a696a76f72d472c540f3d7a905f39c"},"headline":"O Tesouro Profundo do Oceano do Darma &#8211; A vis\u00e3o budista para o caminho espiritual | set 2024","datePublished":"2024-08-27T13:00:30+00:00","dateModified":"2024-09-21T18:03:18+00:00","mainEntityOfPage":{"@id":"https:\/\/cebb.org.br\/tesouro-profundo\/"},"wordCount":734,"commentCount":0,"publisher":{"@id":"https:\/\/cebb.org.br\/#organization"},"image":{"@id":"https:\/\/cebb.org.br\/tesouro-profundo\/#primaryimage"},"thumbnailUrl":"https:\/\/cebb.org.br\/wp-content\/uploads\/2024\/08\/pequeno-cinza.png","keywords":["cebb caminho do meio"],"articleSection":["CEBB Caminho do Meio","Cursos com tutores","Eventos Passados","Passados Eventos"],"inLanguage":"es","potentialAction":[{"@type":"CommentAction","name":"Comment","target":["https:\/\/cebb.org.br\/tesouro-profundo\/#respond"]}]},{"@type":"WebPage","@id":"https:\/\/cebb.org.br\/tesouro-profundo\/","url":"https:\/\/cebb.org.br\/tesouro-profundo\/","name":"O Tesouro Profundo do Oceano do Darma - A vis\u00e3o budista para o caminho espiritual | set 2024 - Centro de Estudos Budistas Bodisatva","isPartOf":{"@id":"https:\/\/cebb.org.br\/#website"},"primaryImageOfPage":{"@id":"https:\/\/cebb.org.br\/tesouro-profundo\/#primaryimage"},"image":{"@id":"https:\/\/cebb.org.br\/tesouro-profundo\/#primaryimage"},"thumbnailUrl":"https:\/\/cebb.org.br\/wp-content\/uploads\/2024\/08\/pequeno-cinza.png","datePublished":"2024-08-27T13:00:30+00:00","dateModified":"2024-09-21T18:03:18+00:00","breadcrumb":{"@id":"https:\/\/cebb.org.br\/tesouro-profundo\/#breadcrumb"},"inLanguage":"es","potentialAction":[{"@type":"ReadAction","target":["https:\/\/cebb.org.br\/tesouro-profundo\/"]}]},{"@type":"ImageObject","inLanguage":"es","@id":"https:\/\/cebb.org.br\/tesouro-profundo\/#primaryimage","url":"https:\/\/cebb.org.br\/wp-content\/uploads\/2024\/08\/pequeno-cinza.png","contentUrl":"https:\/\/cebb.org.br\/wp-content\/uploads\/2024\/08\/pequeno-cinza.png","width":1280,"height":720},{"@type":"BreadcrumbList","@id":"https:\/\/cebb.org.br\/tesouro-profundo\/#breadcrumb","itemListElement":[{"@type":"ListItem","position":1,"name":"Home","item":"https:\/\/cebb.org.br\/"},{"@type":"ListItem","position":2,"name":"O Tesouro Profundo do Oceano do Darma &#8211; A vis\u00e3o budista para o caminho espiritual | set 2024"}]},{"@type":"WebSite","@id":"https:\/\/cebb.org.br\/#website","url":"https:\/\/cebb.org.br\/","name":"Centro de Estudios Budistas Bodisatva","description":"Budismo, meditaci\u00f3n y cultura de paz | Lama Padma Samten","publisher":{"@id":"https:\/\/cebb.org.br\/#organization"},"potentialAction":[{"@type":"SearchAction","target":{"@type":"EntryPoint","urlTemplate":"https:\/\/cebb.org.br\/?s={search_term_string}"},"query-input":{"@type":"PropertyValueSpecification","valueRequired":true,"valueName":"search_term_string"}}],"inLanguage":"es"},{"@type":"Organization","@id":"https:\/\/cebb.org.br\/#organization","name":"Centro de Estudios Budistas Bodisatva","url":"https:\/\/cebb.org.br\/","logo":{"@type":"ImageObject","inLanguage":"es","@id":"https:\/\/cebb.org.br\/#\/schema\/logo\/image\/","url":"http:\/\/18.230.164.79\/wp-content\/uploads\/2011\/03\/logosalvador-peq-e1660064979551.jpg","contentUrl":"http:\/\/18.230.164.79\/wp-content\/uploads\/2011\/03\/logosalvador-peq-e1660064979551.jpg","width":280,"height":231,"caption":"Centro de Estudos Budistas Bodisatva"},"image":{"@id":"https:\/\/cebb.org.br\/#\/schema\/logo\/image\/"},"sameAs":["https:\/\/pt-br.facebook.com\/cebb108","https:\/\/www.instagram.com\/cebbcaminhodomeio\/"]},{"@type":"Person","@id":"https:\/\/cebb.org.br\/#\/schema\/person\/05a696a76f72d472c540f3d7a905f39c","name":"Coletivo Intersomos","image":{"@type":"ImageObject","inLanguage":"es","@id":"https:\/\/secure.gravatar.com\/avatar\/5b3268ebf7c1516b7910dc782a9ef52986a33844353256fce20260189c5f6b83?s=96&d=mm&r=g","url":"https:\/\/secure.gravatar.com\/avatar\/5b3268ebf7c1516b7910dc782a9ef52986a33844353256fce20260189c5f6b83?s=96&d=mm&r=g","contentUrl":"https:\/\/secure.gravatar.com\/avatar\/5b3268ebf7c1516b7910dc782a9ef52986a33844353256fce20260189c5f6b83?s=96&d=mm&r=g","caption":"Coletivo Intersomos"},"url":"https:\/\/cebb.org.br\/es\/author\/coletivo-intersomos\/"}]}},"_links":{"self":[{"href":"https:\/\/cebb.org.br\/es\/wp-json\/wp\/v2\/posts\/105963","targetHints":{"allow":["GET"]}}],"collection":[{"href":"https:\/\/cebb.org.br\/es\/wp-json\/wp\/v2\/posts"}],"about":[{"href":"https:\/\/cebb.org.br\/es\/wp-json\/wp\/v2\/types\/post"}],"author":[{"embeddable":true,"href":"https:\/\/cebb.org.br\/es\/wp-json\/wp\/v2\/users\/79"}],"replies":[{"embeddable":true,"href":"https:\/\/cebb.org.br\/es\/wp-json\/wp\/v2\/comments?post=105963"}],"version-history":[{"count":11,"href":"https:\/\/cebb.org.br\/es\/wp-json\/wp\/v2\/posts\/105963\/revisions"}],"predecessor-version":[{"id":106458,"href":"https:\/\/cebb.org.br\/es\/wp-json\/wp\/v2\/posts\/105963\/revisions\/106458"}],"wp:featuredmedia":[{"embeddable":true,"href":"https:\/\/cebb.org.br\/es\/wp-json\/wp\/v2\/media\/106460"}],"wp:attachment":[{"href":"https:\/\/cebb.org.br\/es\/wp-json\/wp\/v2\/media?parent=105963"}],"wp:term":[{"taxonomy":"category","embeddable":true,"href":"https:\/\/cebb.org.br\/es\/wp-json\/wp\/v2\/categories?post=105963"},{"taxonomy":"post_tag","embeddable":true,"href":"https:\/\/cebb.org.br\/es\/wp-json\/wp\/v2\/tags?post=105963"}],"curies":[{"name":"wp","href":"https:\/\/api.w.org\/{rel}","templated":true}]}}