{"id":110914,"date":"2025-09-30T14:31:32","date_gmt":"2025-09-30T17:31:32","guid":{"rendered":"https:\/\/cebb.org.br\/?p=110914"},"modified":"2025-11-04T15:52:58","modified_gmt":"2025-11-04T18:52:58","slug":"estudo-do-livro-investigando-a-mente","status":"publish","type":"post","link":"https:\/\/cebb.org.br\/es\/estudo-do-livro-investigando-a-mente\/","title":{"rendered":"Estudo do livro &#8220;Investigando a mente&#8221;"},"content":{"rendered":"<p><strong>IN\u00cdCIO 06 DE OUTUBRO DE 2025<\/strong><\/p>\n<p><!--more--><\/p>\n<blockquote><p><em>Fico feliz em me aquecer sob a gl\u00f3ria da extraordin\u00e1ria Essencia Vajra de Dudjom Lingpa, e sou profundamente grato a Alan Wallace por trazer esse di\u00e1logo brilhante e not\u00e1vel a um p\u00fablico mais amplo que fala outros idiomas. Que todos que tocarem e lerem esse tesouro se beneficiem, e que sua verdade e poder liberem todos os seres<\/em> &#8211; Dzognsar Khyentse Rinpoche [Extra\u00eddo do pref\u00e1cio do livro]<\/blockquote>\n<p><span style=\"font-weight: 400;\">Este livro complementar ao &#8220;Aquietando a Mente&#8221; se origina de um coment\u00e1rio oral que B. Alan Wallace ofereceu no Caminho do Meio &#8211; Brasil, sobre a se\u00e7\u00e3o seguinte de &#8216;A Ess\u00eancia Vajra&#8217;, sobre o cultivo do insight, ou vipasyan\u0101, em que investigamos a natureza da experi\u00eancia como um todo. A revela\u00e7\u00e3o de D\u00fcdjom Lingpa consiste em um di\u00e1logo que ocorreu durante sua vis\u00e3o pura de Samantabhadra, personifica\u00e7\u00e3o da consci\u00eancia primordial, manifestando-se como a forma jovem do Vajra Nascido no Lago, emana\u00e7\u00e3o de Padmasambhava. No fascinante di\u00e1logo, a assembleia de bodisatvas simboliza os v\u00e1rios aspectos da mente de D\u00fcdjom Lingpa.<\/span><\/p>\n<p><span style=\"font-weight: 400;\">Dando prosseguimento \u00e0 reflex\u00e3o sobre os ensinamentos de D\u00fcdjom Lingpa e sua relev\u00e2ncia para o mundo moderno, Wallace foi inspirado a elaborar seus coment\u00e1rios originais extensivamente. Este livro inclui ensaios introdut\u00f3rios e um posf\u00e1cio, que explora como os insights discutidos aqui poderiam contribuir para a ainda nova revolu\u00e7\u00e3o contemplativa, cujas implica\u00e7\u00f5es poderiam ter um alcance t\u00e3o extenso quanto as revolu\u00e7\u00f5es cient\u00edficas produzidas pelas descobertas de Galileu, Darwin e Einstein.<\/span><\/p>\n<p>&nbsp;<\/p>\n<p><strong>Sobre o autor:<\/strong> B. Alan Wallace iniciou seus estudos de budismo, l\u00edngua e cultura tibetanos em 1970, na Universidade de G\u00f6ttingen, Alemanha. Continuou os seus estudos durante os catorze anos seguintes, na \u00cdndia, na Su\u00ed\u00e7a e nos Estados Unidos. Ordenado monge budista por S.S. Dalai Lama, em 1975, ele vem ensinando medita\u00e7\u00e3o e filosofia budistas por todo o mundo desde 1976, e serviu como int\u00e9rprete para diversos eruditos e contemplativos tibetanos, incluindo o Dalai Lama. Depois de se graduar summa cum laude no Amherst College, onde estudou F\u00edsica e Filosofia da Ci\u00eancia, ele devolveu os seus votos mon\u00e1sticos e prosseguiu para obter o seu Ph.D. em estudos religiosos, na Universidade de Stanford. Lecionou por quatro anos no Departamento de Estudos Religiosos da Universidade da Calif\u00f3rnia, em Santa Barbara, e hoje \u00e9 o fundador e presidente do Instituto Santa Barbara para Estudos da Consci\u00eancia (http:\/\/sbinstitute.com). Ele tamb\u00e9m \u00e9 diretor e presidente da Academia Internacional de Phuket, um Centro de Pesquisas da Mente (thanyapura.com\/mind-centre) na Tail\u00e2ndia, onde conduz retiros de medita\u00e7\u00e3o. Editou, traduziu, escreveu e contribuiu para mais de 40 livros sobre budismo tibetano, medicina, linguagem, cultura e as trocas entre ci\u00eancia e religi\u00e3o.<\/p>\n<p>&nbsp;<\/p>\n<ul>\n<li><strong>Online<\/strong>, pelo Zoom no link: https:\/\/us06web.zoom.us\/j\/89041134278?pwd=FQP1XSbqdxVAYFryIUgRNGkv0LGTk0.1<\/li>\n<\/ul>\n<p>ID: 890 4113 4278 \/ Senha: 108<\/p>\n<a href=\"https:\/\/youtube.com\/playlist?list=PLc7PKLO8yzydHwueMEWlyMOtWrunh88CZ&#038;si=hAdoCETusUg9_6fC\" class=\"su-button su-button-style-default\" style=\"color:#FFFFFF;background-color:#b8190d;border-color:#94140b;border-radius:5px\" target=\"_blank\" rel=\"noopener noreferrer\"><span style=\"color:#FFFFFF;padding:0px 16px;font-size:13px;line-height:26px;border-color:#ce5e56;border-radius:5px;text-shadow:none\"> LINK PARA A PLAYLIST DO YOUTUBE<\/span><\/a>\n<p><!--more--><\/p>\n<p><strong><br \/>\nFacilitador:<\/strong> Guilherme Erhardt, tutor dos referenciais de estudo e pr\u00e1tica do CEBB.<\/p>\n<h3><\/h3>\n<p><strong>Contato<\/strong><\/p>\n<p>cebbcm@gmail.com |<strong> (51) 99799 8184<\/strong> (WhatsApp) (atendimento de segunda a sexta das 13h30 \u00e0s 18h)<\/p>\n<p>&nbsp;<\/p>\n<p><img decoding=\"async\" class=\"alignleft wp-image-97115 \" src=\"https:\/\/cebb.org.br\/wp-content\/uploads\/2023\/03\/whasapp-2-1-169x169.jpeg\" alt=\"\" width=\"43\" height=\"43\" srcset=\"https:\/\/cebb.org.br\/wp-content\/uploads\/2023\/03\/whasapp-2-1-169x169.jpeg 169w, https:\/\/cebb.org.br\/wp-content\/uploads\/2023\/03\/whasapp-2-1.jpeg 224w\" sizes=\"(max-width: 43px) 100vw, 43px\" \/><\/p>\n<p><strong>Para receber a divulga\u00e7\u00e3o do CEBB CM por Whatsapp entre no grupo <a href=\"https:\/\/chat.whatsapp.com\/CfarsV8s391Kr8tUja6VE5\" target=\"_blank\" rel=\"noopener\">https:\/\/chat.whatsapp.com\/CfarsV8s391Kr8tUja6VE5<\/a><\/strong> (somente administradores podem enviar msgs)<\/p>\n<h4><\/h4>\n<p>&nbsp;<\/p>\n<h4>Projetos e Sonhos da Bodisatva<\/h4>\n<p>A Bodisatva \u00e9 uma plataforma de comunica\u00e7\u00e3o a servi\u00e7o do <i>budismo em solo brasileiro<\/i> e tem dedicado seus esfor\u00e7os na tradu\u00e7\u00e3o e difus\u00e3o de conte\u00fados de sabedoria de linhagens aut\u00eanticas em l\u00edngua portuguesa, mas tamb\u00e9m \u00e0 publica\u00e7\u00e3o de textos produzidos por mestres e praticantes de nosso pr\u00f3prio pa\u00eds. O idealizador da Bodisatva \u00e9 o primeiro brasileiro a ser ordenado lama dentro da linhagem Nyingma do budismo tibetano, Lama Padma Samten. A partir de sua vis\u00e3o e confian\u00e7a de que os ensinamentos milenares do Buda podem melhorar nossas vidas n\u00e3o apenas individual mas coletivamente, a Bodisatva surge como esse ve\u00edculo de budismo e transforma\u00e7\u00e3o de mundo: a primeira revista de pensamento budista do Brasil, <strong><a href=\"https:\/\/bodisatva.com.br\/apoie\/\">clique e saiba como engajar-se<\/a>.<\/strong><\/p>\n<p>&nbsp;<\/p>\n<h4>Projetos e Sonhos do Lama Samten<\/h4>\n<p>Uma das principais aspira\u00e7\u00f5es do Lama Samten \u00e9 apoiar os praticantes e os locais de retiros, especialmente o CEBB Caminho do Meio, CEBB Bacupari e CEBB Jetavana. \u00c9 uma grande d\u00e1diva existirem espa\u00e7os de sil\u00eancio que possibilitem o aprofundamento na pr\u00e1tica de medita\u00e7\u00e3o e, tamb\u00e9m, surgirem praticantes com essa aspira\u00e7\u00e3o, <strong><a href=\"https:\/\/cebb-org-br.preview-domain.com\/projetos-e-sonhos-do-lama-samten\/\">clique e saiba como engajar-se<\/a>.<\/strong><\/p>\n<p><strong>\u00a0<\/strong><\/p>\n","protected":false},"excerpt":{"rendered":"<p>IN\u00cdCIO 06 DE OUTUBRO DE 2025<\/p>","protected":false},"author":86,"featured_media":118957,"comment_status":"open","ping_status":"open","sticky":false,"template":"","format":"standard","meta":{"footnotes":""},"categories":[719,377,336,360],"tags":[522],"class_list":["post-110914","post","type-post","status-publish","format-standard","has-post-thumbnail","hentry","category-online","category-viamao","category-cursos-com-tutores","category-rs","tag-eventos"],"yoast_head":"<!-- This site is optimized with the Yoast SEO plugin v27.5 - https:\/\/yoast.com\/product\/yoast-seo-wordpress\/ -->\n<title>Estudo do livro &quot;Investigando a mente&quot; - Centro de Estudos Budistas Bodisatva<\/title>\n<meta name=\"robots\" content=\"index, follow, max-snippet:-1, max-image-preview:large, max-video-preview:-1\" \/>\n<link rel=\"canonical\" href=\"https:\/\/cebb.org.br\/es\/estudo-do-livro-investigando-a-mente\/\" \/>\n<meta property=\"og:locale\" content=\"es_ES\" \/>\n<meta property=\"og:type\" content=\"article\" \/>\n<meta property=\"og:title\" content=\"Estudo do livro &quot;Investigando a mente&quot; - Centro de Estudos Budistas Bodisatva\" \/>\n<meta property=\"og:description\" content=\"IN\u00cdCIO 06 DE OUTUBRO DE 2025\" \/>\n<meta property=\"og:url\" content=\"https:\/\/cebb.org.br\/es\/estudo-do-livro-investigando-a-mente\/\" \/>\n<meta property=\"og:site_name\" content=\"Centro de Estudos Budistas Bodisatva\" \/>\n<meta property=\"article:publisher\" content=\"https:\/\/pt-br.facebook.com\/cebb108\" \/>\n<meta property=\"article:published_time\" content=\"2025-09-30T17:31:32+00:00\" \/>\n<meta property=\"article:modified_time\" content=\"2025-11-04T18:52:58+00:00\" \/>\n<meta property=\"og:image\" content=\"https:\/\/cebb.org.br\/wp-content\/uploads\/2025\/01\/invest.jpg\" \/>\n\t<meta property=\"og:image:width\" content=\"2250\" \/>\n\t<meta property=\"og:image:height\" content=\"1500\" \/>\n\t<meta property=\"og:image:type\" content=\"image\/jpeg\" \/>\n<meta name=\"author\" content=\"Guilherme Erhardt\" \/>\n<meta name=\"twitter:card\" content=\"summary_large_image\" \/>\n<meta name=\"twitter:label1\" content=\"Escrito por\" \/>\n\t<meta name=\"twitter:data1\" content=\"Guilherme Erhardt\" \/>\n\t<meta name=\"twitter:label2\" content=\"Tiempo de lectura\" \/>\n\t<meta name=\"twitter:data2\" content=\"4 minutos\" \/>\n<script type=\"application\/ld+json\" class=\"yoast-schema-graph\">{\"@context\":\"https:\\\/\\\/schema.org\",\"@graph\":[{\"@type\":\"Article\",\"@id\":\"https:\\\/\\\/cebb.org.br\\\/estudo-do-livro-investigando-a-mente\\\/#article\",\"isPartOf\":{\"@id\":\"https:\\\/\\\/cebb.org.br\\\/estudo-do-livro-investigando-a-mente\\\/\"},\"author\":{\"name\":\"Guilherme Erhardt\",\"@id\":\"https:\\\/\\\/cebb.org.br\\\/#\\\/schema\\\/person\\\/dcc06653da86dd6624d9fce23e729784\"},\"headline\":\"Estudo do livro &#8220;Investigando a mente&#8221;\",\"datePublished\":\"2025-09-30T17:31:32+00:00\",\"dateModified\":\"2025-11-04T18:52:58+00:00\",\"mainEntityOfPage\":{\"@id\":\"https:\\\/\\\/cebb.org.br\\\/estudo-do-livro-investigando-a-mente\\\/\"},\"wordCount\":793,\"commentCount\":0,\"publisher\":{\"@id\":\"https:\\\/\\\/cebb.org.br\\\/#organization\"},\"image\":{\"@id\":\"https:\\\/\\\/cebb.org.br\\\/estudo-do-livro-investigando-a-mente\\\/#primaryimage\"},\"thumbnailUrl\":\"https:\\\/\\\/cebb.org.br\\\/wp-content\\\/uploads\\\/2025\\\/01\\\/invest.jpg\",\"keywords\":[\"Eventos\"],\"articleSection\":[\".online\",\"CEBB Caminho do Meio\",\"Cursos com tutores\",\"RS\"],\"inLanguage\":\"es\",\"potentialAction\":[{\"@type\":\"CommentAction\",\"name\":\"Comment\",\"target\":[\"https:\\\/\\\/cebb.org.br\\\/estudo-do-livro-investigando-a-mente\\\/#respond\"]}]},{\"@type\":\"WebPage\",\"@id\":\"https:\\\/\\\/cebb.org.br\\\/estudo-do-livro-investigando-a-mente\\\/\",\"url\":\"https:\\\/\\\/cebb.org.br\\\/estudo-do-livro-investigando-a-mente\\\/\",\"name\":\"Estudo do livro \\\"Investigando a mente\\\" - Centro de Estudos Budistas Bodisatva\",\"isPartOf\":{\"@id\":\"https:\\\/\\\/cebb.org.br\\\/#website\"},\"primaryImageOfPage\":{\"@id\":\"https:\\\/\\\/cebb.org.br\\\/estudo-do-livro-investigando-a-mente\\\/#primaryimage\"},\"image\":{\"@id\":\"https:\\\/\\\/cebb.org.br\\\/estudo-do-livro-investigando-a-mente\\\/#primaryimage\"},\"thumbnailUrl\":\"https:\\\/\\\/cebb.org.br\\\/wp-content\\\/uploads\\\/2025\\\/01\\\/invest.jpg\",\"datePublished\":\"2025-09-30T17:31:32+00:00\",\"dateModified\":\"2025-11-04T18:52:58+00:00\",\"breadcrumb\":{\"@id\":\"https:\\\/\\\/cebb.org.br\\\/estudo-do-livro-investigando-a-mente\\\/#breadcrumb\"},\"inLanguage\":\"es\",\"potentialAction\":[{\"@type\":\"ReadAction\",\"target\":[\"https:\\\/\\\/cebb.org.br\\\/estudo-do-livro-investigando-a-mente\\\/\"]}]},{\"@type\":\"ImageObject\",\"inLanguage\":\"es\",\"@id\":\"https:\\\/\\\/cebb.org.br\\\/estudo-do-livro-investigando-a-mente\\\/#primaryimage\",\"url\":\"https:\\\/\\\/cebb.org.br\\\/wp-content\\\/uploads\\\/2025\\\/01\\\/invest.jpg\",\"contentUrl\":\"https:\\\/\\\/cebb.org.br\\\/wp-content\\\/uploads\\\/2025\\\/01\\\/invest.jpg\",\"width\":2250,\"height\":1500},{\"@type\":\"BreadcrumbList\",\"@id\":\"https:\\\/\\\/cebb.org.br\\\/estudo-do-livro-investigando-a-mente\\\/#breadcrumb\",\"itemListElement\":[{\"@type\":\"ListItem\",\"position\":1,\"name\":\"Home\",\"item\":\"https:\\\/\\\/cebb.org.br\\\/\"},{\"@type\":\"ListItem\",\"position\":2,\"name\":\"Estudo do livro &#8220;Investigando a mente&#8221;\"}]},{\"@type\":\"WebSite\",\"@id\":\"https:\\\/\\\/cebb.org.br\\\/#website\",\"url\":\"https:\\\/\\\/cebb.org.br\\\/\",\"name\":\"Centro de Estudos Budistas Bodisatva\",\"description\":\"Budismo, medita\u00e7\u00e3o e cultura de paz | Lama Padma Samten\",\"publisher\":{\"@id\":\"https:\\\/\\\/cebb.org.br\\\/#organization\"},\"potentialAction\":[{\"@type\":\"SearchAction\",\"target\":{\"@type\":\"EntryPoint\",\"urlTemplate\":\"https:\\\/\\\/cebb.org.br\\\/?s={search_term_string}\"},\"query-input\":{\"@type\":\"PropertyValueSpecification\",\"valueRequired\":true,\"valueName\":\"search_term_string\"}}],\"inLanguage\":\"es\"},{\"@type\":\"Organization\",\"@id\":\"https:\\\/\\\/cebb.org.br\\\/#organization\",\"name\":\"Centro de Estudos Budistas Bodisatva\",\"url\":\"https:\\\/\\\/cebb.org.br\\\/\",\"logo\":{\"@type\":\"ImageObject\",\"inLanguage\":\"es\",\"@id\":\"https:\\\/\\\/cebb.org.br\\\/#\\\/schema\\\/logo\\\/image\\\/\",\"url\":\"http:\\\/\\\/18.230.164.79\\\/wp-content\\\/uploads\\\/2011\\\/03\\\/logosalvador-peq-e1660064979551.jpg\",\"contentUrl\":\"http:\\\/\\\/18.230.164.79\\\/wp-content\\\/uploads\\\/2011\\\/03\\\/logosalvador-peq-e1660064979551.jpg\",\"width\":280,\"height\":231,\"caption\":\"Centro de Estudos Budistas Bodisatva\"},\"image\":{\"@id\":\"https:\\\/\\\/cebb.org.br\\\/#\\\/schema\\\/logo\\\/image\\\/\"},\"sameAs\":[\"https:\\\/\\\/pt-br.facebook.com\\\/cebb108\",\"https:\\\/\\\/www.instagram.com\\\/cebbcaminhodomeio\\\/\"]},{\"@type\":\"Person\",\"@id\":\"https:\\\/\\\/cebb.org.br\\\/#\\\/schema\\\/person\\\/dcc06653da86dd6624d9fce23e729784\",\"name\":\"Guilherme Erhardt\",\"image\":{\"@type\":\"ImageObject\",\"inLanguage\":\"es\",\"@id\":\"https:\\\/\\\/secure.gravatar.com\\\/avatar\\\/8184db440d3ae60cea50b357f84a6f605704bd2f8b45a1fd09d13b0b2027f151?s=96&d=mm&r=g\",\"url\":\"https:\\\/\\\/secure.gravatar.com\\\/avatar\\\/8184db440d3ae60cea50b357f84a6f605704bd2f8b45a1fd09d13b0b2027f151?s=96&d=mm&r=g\",\"contentUrl\":\"https:\\\/\\\/secure.gravatar.com\\\/avatar\\\/8184db440d3ae60cea50b357f84a6f605704bd2f8b45a1fd09d13b0b2027f151?s=96&d=mm&r=g\",\"caption\":\"Guilherme Erhardt\"},\"url\":\"https:\\\/\\\/cebb.org.br\\\/es\\\/author\\\/guilherme-erhardt\\\/\"}]}<\/script>\n<!-- \/ Yoast SEO plugin. -->","yoast_head_json":{"title":"Estudo do livro \"Investigando a mente\" - Centro de Estudos Budistas Bodisatva","robots":{"index":"index","follow":"follow","max-snippet":"max-snippet:-1","max-image-preview":"max-image-preview:large","max-video-preview":"max-video-preview:-1"},"canonical":"https:\/\/cebb.org.br\/es\/estudo-do-livro-investigando-a-mente\/","og_locale":"es_ES","og_type":"article","og_title":"Estudo do livro \"Investigando a mente\" - Centro de Estudos Budistas Bodisatva","og_description":"IN\u00cdCIO 06 DE OUTUBRO DE 2025","og_url":"https:\/\/cebb.org.br\/es\/estudo-do-livro-investigando-a-mente\/","og_site_name":"Centro de Estudos Budistas Bodisatva","article_publisher":"https:\/\/pt-br.facebook.com\/cebb108","article_published_time":"2025-09-30T17:31:32+00:00","article_modified_time":"2025-11-04T18:52:58+00:00","og_image":[{"width":2250,"height":1500,"url":"https:\/\/cebb.org.br\/wp-content\/uploads\/2025\/01\/invest.jpg","type":"image\/jpeg"}],"author":"Guilherme Erhardt","twitter_card":"summary_large_image","twitter_misc":{"Escrito por":"Guilherme Erhardt","Tiempo de lectura":"4 minutos"},"schema":{"@context":"https:\/\/schema.org","@graph":[{"@type":"Article","@id":"https:\/\/cebb.org.br\/estudo-do-livro-investigando-a-mente\/#article","isPartOf":{"@id":"https:\/\/cebb.org.br\/estudo-do-livro-investigando-a-mente\/"},"author":{"name":"Guilherme Erhardt","@id":"https:\/\/cebb.org.br\/#\/schema\/person\/dcc06653da86dd6624d9fce23e729784"},"headline":"Estudo do livro &#8220;Investigando a mente&#8221;","datePublished":"2025-09-30T17:31:32+00:00","dateModified":"2025-11-04T18:52:58+00:00","mainEntityOfPage":{"@id":"https:\/\/cebb.org.br\/estudo-do-livro-investigando-a-mente\/"},"wordCount":793,"commentCount":0,"publisher":{"@id":"https:\/\/cebb.org.br\/#organization"},"image":{"@id":"https:\/\/cebb.org.br\/estudo-do-livro-investigando-a-mente\/#primaryimage"},"thumbnailUrl":"https:\/\/cebb.org.br\/wp-content\/uploads\/2025\/01\/invest.jpg","keywords":["Eventos"],"articleSection":[".online","CEBB Caminho do Meio","Cursos com tutores","RS"],"inLanguage":"es","potentialAction":[{"@type":"CommentAction","name":"Comment","target":["https:\/\/cebb.org.br\/estudo-do-livro-investigando-a-mente\/#respond"]}]},{"@type":"WebPage","@id":"https:\/\/cebb.org.br\/estudo-do-livro-investigando-a-mente\/","url":"https:\/\/cebb.org.br\/estudo-do-livro-investigando-a-mente\/","name":"Estudo do livro \"Investigando a mente\" - Centro de Estudos Budistas Bodisatva","isPartOf":{"@id":"https:\/\/cebb.org.br\/#website"},"primaryImageOfPage":{"@id":"https:\/\/cebb.org.br\/estudo-do-livro-investigando-a-mente\/#primaryimage"},"image":{"@id":"https:\/\/cebb.org.br\/estudo-do-livro-investigando-a-mente\/#primaryimage"},"thumbnailUrl":"https:\/\/cebb.org.br\/wp-content\/uploads\/2025\/01\/invest.jpg","datePublished":"2025-09-30T17:31:32+00:00","dateModified":"2025-11-04T18:52:58+00:00","breadcrumb":{"@id":"https:\/\/cebb.org.br\/estudo-do-livro-investigando-a-mente\/#breadcrumb"},"inLanguage":"es","potentialAction":[{"@type":"ReadAction","target":["https:\/\/cebb.org.br\/estudo-do-livro-investigando-a-mente\/"]}]},{"@type":"ImageObject","inLanguage":"es","@id":"https:\/\/cebb.org.br\/estudo-do-livro-investigando-a-mente\/#primaryimage","url":"https:\/\/cebb.org.br\/wp-content\/uploads\/2025\/01\/invest.jpg","contentUrl":"https:\/\/cebb.org.br\/wp-content\/uploads\/2025\/01\/invest.jpg","width":2250,"height":1500},{"@type":"BreadcrumbList","@id":"https:\/\/cebb.org.br\/estudo-do-livro-investigando-a-mente\/#breadcrumb","itemListElement":[{"@type":"ListItem","position":1,"name":"Home","item":"https:\/\/cebb.org.br\/"},{"@type":"ListItem","position":2,"name":"Estudo do livro &#8220;Investigando a mente&#8221;"}]},{"@type":"WebSite","@id":"https:\/\/cebb.org.br\/#website","url":"https:\/\/cebb.org.br\/","name":"Centro de Estudios Budistas Bodisatva","description":"Budismo, meditaci\u00f3n y cultura de paz | Lama Padma Samten","publisher":{"@id":"https:\/\/cebb.org.br\/#organization"},"potentialAction":[{"@type":"SearchAction","target":{"@type":"EntryPoint","urlTemplate":"https:\/\/cebb.org.br\/?s={search_term_string}"},"query-input":{"@type":"PropertyValueSpecification","valueRequired":true,"valueName":"search_term_string"}}],"inLanguage":"es"},{"@type":"Organization","@id":"https:\/\/cebb.org.br\/#organization","name":"Centro de Estudios Budistas Bodisatva","url":"https:\/\/cebb.org.br\/","logo":{"@type":"ImageObject","inLanguage":"es","@id":"https:\/\/cebb.org.br\/#\/schema\/logo\/image\/","url":"http:\/\/18.230.164.79\/wp-content\/uploads\/2011\/03\/logosalvador-peq-e1660064979551.jpg","contentUrl":"http:\/\/18.230.164.79\/wp-content\/uploads\/2011\/03\/logosalvador-peq-e1660064979551.jpg","width":280,"height":231,"caption":"Centro de Estudos Budistas Bodisatva"},"image":{"@id":"https:\/\/cebb.org.br\/#\/schema\/logo\/image\/"},"sameAs":["https:\/\/pt-br.facebook.com\/cebb108","https:\/\/www.instagram.com\/cebbcaminhodomeio\/"]},{"@type":"Person","@id":"https:\/\/cebb.org.br\/#\/schema\/person\/dcc06653da86dd6624d9fce23e729784","name":"Guilherme Erhardt","image":{"@type":"ImageObject","inLanguage":"es","@id":"https:\/\/secure.gravatar.com\/avatar\/8184db440d3ae60cea50b357f84a6f605704bd2f8b45a1fd09d13b0b2027f151?s=96&d=mm&r=g","url":"https:\/\/secure.gravatar.com\/avatar\/8184db440d3ae60cea50b357f84a6f605704bd2f8b45a1fd09d13b0b2027f151?s=96&d=mm&r=g","contentUrl":"https:\/\/secure.gravatar.com\/avatar\/8184db440d3ae60cea50b357f84a6f605704bd2f8b45a1fd09d13b0b2027f151?s=96&d=mm&r=g","caption":"Guilherme Erhardt"},"url":"https:\/\/cebb.org.br\/es\/author\/guilherme-erhardt\/"}]}},"_links":{"self":[{"href":"https:\/\/cebb.org.br\/es\/wp-json\/wp\/v2\/posts\/110914","targetHints":{"allow":["GET"]}}],"collection":[{"href":"https:\/\/cebb.org.br\/es\/wp-json\/wp\/v2\/posts"}],"about":[{"href":"https:\/\/cebb.org.br\/es\/wp-json\/wp\/v2\/types\/post"}],"author":[{"embeddable":true,"href":"https:\/\/cebb.org.br\/es\/wp-json\/wp\/v2\/users\/86"}],"replies":[{"embeddable":true,"href":"https:\/\/cebb.org.br\/es\/wp-json\/wp\/v2\/comments?post=110914"}],"version-history":[{"count":19,"href":"https:\/\/cebb.org.br\/es\/wp-json\/wp\/v2\/posts\/110914\/revisions"}],"predecessor-version":[{"id":110954,"href":"https:\/\/cebb.org.br\/es\/wp-json\/wp\/v2\/posts\/110914\/revisions\/110954"}],"wp:featuredmedia":[{"embeddable":true,"href":"https:\/\/cebb.org.br\/es\/wp-json\/wp\/v2\/media\/118957"}],"wp:attachment":[{"href":"https:\/\/cebb.org.br\/es\/wp-json\/wp\/v2\/media?parent=110914"}],"wp:term":[{"taxonomy":"category","embeddable":true,"href":"https:\/\/cebb.org.br\/es\/wp-json\/wp\/v2\/categories?post=110914"},{"taxonomy":"post_tag","embeddable":true,"href":"https:\/\/cebb.org.br\/es\/wp-json\/wp\/v2\/tags?post=110914"}],"curies":[{"name":"wp","href":"https:\/\/api.w.org\/{rel}","templated":true}]}}