{"id":115102,"date":"2025-05-29T16:09:03","date_gmt":"2025-05-29T19:09:03","guid":{"rendered":"https:\/\/cebb.org.br\/?p=115102"},"modified":"2025-06-02T15:36:55","modified_gmt":"2025-06-02T18:36:55","slug":"palestra-motivacao-curitiba","status":"publish","type":"post","link":"https:\/\/cebb.org.br\/es\/palestra-motivacao-curitiba\/","title":{"rendered":"Palestra | Al\u00e9m da Roda da Vida: A Motiva\u00e7\u00e3o como Caminho no CEBB Curitiba"},"content":{"rendered":"<p><strong>Palestra com Lama Padma Samten<\/strong><br \/>\n<strong>08 de Junho, \u00e0s 15h30<\/strong><br \/>\n<strong>CEBB Curitiba<\/strong> (Sede na R. Conselheiro Carr\u00e3o, 1155)<\/p>\n<p>&nbsp;<\/p>\n<p><!--more--><\/p>\n<div>\n<p dir=\"ltr\">&#8220;Com a aspira\u00e7\u00e3o de n\u00e3o perder tempo na Roda da Vida, nossos filhos, nossos pais, nossos amigos tamb\u00e9m precisam ultrapassar essas dificuldades. Decidimos nos dedicar completamente a avan\u00e7ar no caminho da lucidez e a encontrar a supera\u00e7\u00e3o dos limites impostos pela Roda da Vida. Nesse primeiro momento, ainda n\u00e3o sabemos quem ou o que realmente somos. Mas queremos descobrir. E essa \u00e9 nossa motiva\u00e7\u00e3o.\u201d<br \/>\n\u2014\u00a0<i>Lama Padma Samten<\/i><\/p>\n<p dir=\"ltr\"><span style=\"color: #ffffff;\">.<\/span><\/p>\n<p dir=\"ltr\">Para intensificar a nossa motiva\u00e7\u00e3o, teremos a alegria de receber o Lama Padma Samten novamente no CEBB Curitiba.<\/p>\n<p dir=\"ltr\"><span style=\"color: #ffffff;\">.<\/span><\/p>\n<\/div>\n<div>\n<p>\ud83d\uddd3 No dia\u00a0<b>08 de Junho, \u00e0s 15h30<\/b>, ele estar\u00e1 conosco para uma palestra na sede reformada co CEBB Curitiba no endere\u00e7o:<\/p>\n<p><span style=\"color: #ffffff;\">.<\/span><\/p>\n<p>\ud83d\udccd R. Conselheiro Carr\u00e3o, 1155, Juvev\u00ea &#8211; Curitiba \u2013 PR.<\/p>\n<p dir=\"ltr\"><span style=\"color: #ffffff;\">.<\/span><\/p>\n<\/div>\n<p>Presencial e online!<\/p>\n<p>&nbsp;<\/p>\n<p><strong>Inscri\u00e7\u00e3o Presencial<\/strong><\/p>\n<p><a href=\"https:\/\/forms.gle\/emDcLPhpys2S8me19\">https:\/\/forms.gle\/emDcLPhpys2S8me19<\/a><\/p>\n<p>&nbsp;<\/p>\n<p dir=\"ltr\">\u23f0 Programa\u00e7\u00e3o Completa<\/p>\n<p dir=\"ltr\">15h30 \u00e0s 17h30 Palestra | Al\u00e9m da Roda da Vida: A Motiva\u00e7\u00e3o como Caminho (Presencial e Online)<\/p>\n<p dir=\"ltr\">18h00 \u00e0s 19h00 Roda de conversa (Presencial)<\/p>\n<p dir=\"ltr\">19h00 Puja (Presencial e Online)<\/p>\n<p>Traga alimentos para compartilharmos! \ud83d\ude42<\/p>\n<p>&nbsp;<\/p>\n<p>Contato para d\u00favidas sobre o encontro<br \/>\ncebbsukhavati@gmail.com | 41 99641-9649 (WhatsApp)<\/p>\n<p>&nbsp;<\/p>\n<p><strong>Dana Paramita | Contribui\u00e7\u00e3o<\/strong><\/p>\n<p>A sustenta\u00e7\u00e3o das atividades do CEBB no Brasil todo \u00e9 realizada unicamente pelo meio tradicional de sustenta\u00e7\u00e3o das sangas budistas: a doa\u00e7\u00e3o dos seus frequentadores.<\/p>\n<p>Ao mesmo tempo, praticamos o princ\u00edpio de que ningu\u00e9m deve deixar de ter acesso ao Darma por limita\u00e7\u00f5es financeiras.<\/p>\n<p>&nbsp;<\/p>\n<p><strong>Inscri\u00e7\u00e3o Online<\/strong><\/p>\n<p>Sua inscri\u00e7\u00e3o e participa\u00e7\u00e3o ONLINE independem de contribui\u00e7\u00e3o financeira. Caso aspire e lhe seja poss\u00edvel contribuir, sinta-se livre para definir o valor. Como refer\u00eancia, sugerimos o valor de R$60. Sua contribui\u00e7\u00e3o apoiar\u00e1 as atividades do Lama Padma Samten.<\/p>\n<p>A pr\u00e1tica da Dana Paramita \u2013 perfei\u00e7\u00e3o da generosidade \u2013 torna poss\u00edvel a continuidade dos ensinamentos desde os tempos do Buda.<\/p>\n<p>As seis paramitas \u2013 generosidade, moralidade, paz, energia constante, concentra\u00e7\u00e3o e sabedoria \u2013 inspiram a pr\u00e1tica e s\u00e3o a base geradora e sustentadora dos centros de estudos, medita\u00e7\u00e3o, acolhimento e das iniciativas de educa\u00e7\u00e3o, prote\u00e7\u00e3o ambiental, Terras Puras e Cultura de Paz da Sanga CEBB.<\/p>\n<p><strong><a href=\"https:\/\/acaoparamita.com.br\/ensinamentos\/inscricao-palestra-motivacao-curitiba\/\">Inscreva-se aqui<\/a><\/strong><\/p>\n<p>&nbsp;<\/p>\n<p><strong>Transmiss\u00e3o ONLINE<\/strong><\/p>\n<p>A transmiss\u00e3o online ocorrer\u00e1 pelo Zoom e pelo canal Youtube do Lama Padma Samten. Os links de acesso ser\u00e3o enviado por um email-resposta ap\u00f3s a inscri\u00e7\u00e3o.<\/p>\n<p>&nbsp;<\/p>\n<p>Caso n\u00e3o encontre o email-resposta em sua caixa de entrada, VERIFIQUE NA CAIXA DE SPAM ou em \u201cPROMO\u00c7\u00d5ES\u201d e marque como n\u00e3o-spam (caso esteja no SPAM). Pode ser \u00fatil incluir o endere\u00e7o (acaoparamita@gmail.com) na sua lista de contatos.<\/p>\n<p>&nbsp;<\/p>\n<p>Contato para d\u00favidas sobre o encontro online<br \/>\nacaoparamita@gmail.com<\/p>","protected":false},"excerpt":{"rendered":"<p>08 de Junho, \u00e0s 15h30, com Lama Padma Samten | CEBB Curitiba, Juvev\u00ea<\/p>","protected":false},"author":27,"featured_media":115115,"comment_status":"open","ping_status":"open","sticky":false,"template":"","format":"standard","meta":{"footnotes":""},"categories":[365,380,415,353],"tags":[],"class_list":["post-115102","post","type-post","status-publish","format-standard","has-post-thumbnail","hentry","category-agenda","category-curitiba","category-sukhavati","category-pr"],"yoast_head":"<!-- This site is optimized with the Yoast SEO plugin v27.5 - https:\/\/yoast.com\/product\/yoast-seo-wordpress\/ -->\n<title>Palestra | Al\u00e9m da Roda da Vida: A Motiva\u00e7\u00e3o como Caminho no CEBB Curitiba - Centro de Estudos Budistas Bodisatva<\/title>\n<meta name=\"description\" content=\"08 de Junho, \u00e0s 15h30, com Lama Padma Samten | CEBB Curitiba, Juvev\u00ea\" \/>\n<meta name=\"robots\" content=\"index, follow, max-snippet:-1, max-image-preview:large, max-video-preview:-1\" \/>\n<link rel=\"canonical\" href=\"https:\/\/cebb.org.br\/es\/palestra-motivacao-curitiba\/\" \/>\n<meta property=\"og:locale\" content=\"es_ES\" \/>\n<meta property=\"og:type\" content=\"article\" \/>\n<meta property=\"og:title\" content=\"Palestra | Al\u00e9m da Roda da Vida: A Motiva\u00e7\u00e3o como Caminho no CEBB Curitiba - Centro de Estudos Budistas Bodisatva\" \/>\n<meta property=\"og:description\" content=\"08 de Junho, \u00e0s 15h30, com Lama Padma Samten | CEBB Curitiba, Juvev\u00ea\" \/>\n<meta property=\"og:url\" content=\"https:\/\/cebb.org.br\/es\/palestra-motivacao-curitiba\/\" \/>\n<meta property=\"og:site_name\" content=\"Centro de Estudos Budistas Bodisatva\" \/>\n<meta property=\"article:publisher\" content=\"https:\/\/pt-br.facebook.com\/cebb108\" \/>\n<meta property=\"article:published_time\" content=\"2025-05-29T19:09:03+00:00\" \/>\n<meta property=\"article:modified_time\" content=\"2025-06-02T18:36:55+00:00\" \/>\n<meta property=\"og:image\" content=\"https:\/\/cebb.org.br\/wp-content\/uploads\/2025\/05\/Palestra-Motivacao-2-2.png\" \/>\n\t<meta property=\"og:image:width\" content=\"1400\" \/>\n\t<meta property=\"og:image:height\" content=\"800\" \/>\n\t<meta property=\"og:image:type\" content=\"image\/png\" \/>\n<meta name=\"author\" content=\"andrefeijo\" \/>\n<meta name=\"twitter:card\" content=\"summary_large_image\" \/>\n<meta name=\"twitter:label1\" content=\"Escrito por\" \/>\n\t<meta name=\"twitter:data1\" content=\"andrefeijo\" \/>\n\t<meta name=\"twitter:label2\" content=\"Tiempo de lectura\" \/>\n\t<meta name=\"twitter:data2\" content=\"3 minutos\" \/>\n<script type=\"application\/ld+json\" class=\"yoast-schema-graph\">{\"@context\":\"https:\\\/\\\/schema.org\",\"@graph\":[{\"@type\":\"Article\",\"@id\":\"https:\\\/\\\/cebb.org.br\\\/palestra-motivacao-curitiba\\\/#article\",\"isPartOf\":{\"@id\":\"https:\\\/\\\/cebb.org.br\\\/palestra-motivacao-curitiba\\\/\"},\"author\":{\"name\":\"andrefeijo\",\"@id\":\"https:\\\/\\\/cebb.org.br\\\/#\\\/schema\\\/person\\\/2dc22db8f37fb02f54a4463a29d0d833\"},\"headline\":\"Palestra | Al\u00e9m da Roda da Vida: A Motiva\u00e7\u00e3o como Caminho no CEBB Curitiba\",\"datePublished\":\"2025-05-29T19:09:03+00:00\",\"dateModified\":\"2025-06-02T18:36:55+00:00\",\"mainEntityOfPage\":{\"@id\":\"https:\\\/\\\/cebb.org.br\\\/palestra-motivacao-curitiba\\\/\"},\"wordCount\":484,\"commentCount\":0,\"publisher\":{\"@id\":\"https:\\\/\\\/cebb.org.br\\\/#organization\"},\"image\":{\"@id\":\"https:\\\/\\\/cebb.org.br\\\/palestra-motivacao-curitiba\\\/#primaryimage\"},\"thumbnailUrl\":\"https:\\\/\\\/cebb.org.br\\\/wp-content\\\/uploads\\\/2025\\\/05\\\/Palestra-Motivacao-2-2.png\",\"articleSection\":[\"Agenda do Lama Padma Samten\",\"CEBB Curitiba\",\"CEBB Sukhavati\",\"PR\"],\"inLanguage\":\"es\",\"potentialAction\":[{\"@type\":\"CommentAction\",\"name\":\"Comment\",\"target\":[\"https:\\\/\\\/cebb.org.br\\\/palestra-motivacao-curitiba\\\/#respond\"]}]},{\"@type\":\"WebPage\",\"@id\":\"https:\\\/\\\/cebb.org.br\\\/palestra-motivacao-curitiba\\\/\",\"url\":\"https:\\\/\\\/cebb.org.br\\\/palestra-motivacao-curitiba\\\/\",\"name\":\"Palestra | Al\u00e9m da Roda da Vida: A Motiva\u00e7\u00e3o como Caminho no CEBB Curitiba - Centro de Estudos Budistas Bodisatva\",\"isPartOf\":{\"@id\":\"https:\\\/\\\/cebb.org.br\\\/#website\"},\"primaryImageOfPage\":{\"@id\":\"https:\\\/\\\/cebb.org.br\\\/palestra-motivacao-curitiba\\\/#primaryimage\"},\"image\":{\"@id\":\"https:\\\/\\\/cebb.org.br\\\/palestra-motivacao-curitiba\\\/#primaryimage\"},\"thumbnailUrl\":\"https:\\\/\\\/cebb.org.br\\\/wp-content\\\/uploads\\\/2025\\\/05\\\/Palestra-Motivacao-2-2.png\",\"datePublished\":\"2025-05-29T19:09:03+00:00\",\"dateModified\":\"2025-06-02T18:36:55+00:00\",\"description\":\"08 de Junho, \u00e0s 15h30, com Lama Padma Samten | CEBB Curitiba, Juvev\u00ea\",\"breadcrumb\":{\"@id\":\"https:\\\/\\\/cebb.org.br\\\/palestra-motivacao-curitiba\\\/#breadcrumb\"},\"inLanguage\":\"es\",\"potentialAction\":[{\"@type\":\"ReadAction\",\"target\":[\"https:\\\/\\\/cebb.org.br\\\/palestra-motivacao-curitiba\\\/\"]}]},{\"@type\":\"ImageObject\",\"inLanguage\":\"es\",\"@id\":\"https:\\\/\\\/cebb.org.br\\\/palestra-motivacao-curitiba\\\/#primaryimage\",\"url\":\"https:\\\/\\\/cebb.org.br\\\/wp-content\\\/uploads\\\/2025\\\/05\\\/Palestra-Motivacao-2-2.png\",\"contentUrl\":\"https:\\\/\\\/cebb.org.br\\\/wp-content\\\/uploads\\\/2025\\\/05\\\/Palestra-Motivacao-2-2.png\",\"width\":1400,\"height\":800},{\"@type\":\"BreadcrumbList\",\"@id\":\"https:\\\/\\\/cebb.org.br\\\/palestra-motivacao-curitiba\\\/#breadcrumb\",\"itemListElement\":[{\"@type\":\"ListItem\",\"position\":1,\"name\":\"Home\",\"item\":\"https:\\\/\\\/cebb.org.br\\\/\"},{\"@type\":\"ListItem\",\"position\":2,\"name\":\"Palestra | Al\u00e9m da Roda da Vida: A Motiva\u00e7\u00e3o como Caminho no CEBB Curitiba\"}]},{\"@type\":\"WebSite\",\"@id\":\"https:\\\/\\\/cebb.org.br\\\/#website\",\"url\":\"https:\\\/\\\/cebb.org.br\\\/\",\"name\":\"Centro de Estudos Budistas Bodisatva\",\"description\":\"Budismo, medita\u00e7\u00e3o e cultura de paz | Lama Padma Samten\",\"publisher\":{\"@id\":\"https:\\\/\\\/cebb.org.br\\\/#organization\"},\"potentialAction\":[{\"@type\":\"SearchAction\",\"target\":{\"@type\":\"EntryPoint\",\"urlTemplate\":\"https:\\\/\\\/cebb.org.br\\\/?s={search_term_string}\"},\"query-input\":{\"@type\":\"PropertyValueSpecification\",\"valueRequired\":true,\"valueName\":\"search_term_string\"}}],\"inLanguage\":\"es\"},{\"@type\":\"Organization\",\"@id\":\"https:\\\/\\\/cebb.org.br\\\/#organization\",\"name\":\"Centro de Estudos Budistas Bodisatva\",\"url\":\"https:\\\/\\\/cebb.org.br\\\/\",\"logo\":{\"@type\":\"ImageObject\",\"inLanguage\":\"es\",\"@id\":\"https:\\\/\\\/cebb.org.br\\\/#\\\/schema\\\/logo\\\/image\\\/\",\"url\":\"http:\\\/\\\/18.230.164.79\\\/wp-content\\\/uploads\\\/2011\\\/03\\\/logosalvador-peq-e1660064979551.jpg\",\"contentUrl\":\"http:\\\/\\\/18.230.164.79\\\/wp-content\\\/uploads\\\/2011\\\/03\\\/logosalvador-peq-e1660064979551.jpg\",\"width\":280,\"height\":231,\"caption\":\"Centro de Estudos Budistas Bodisatva\"},\"image\":{\"@id\":\"https:\\\/\\\/cebb.org.br\\\/#\\\/schema\\\/logo\\\/image\\\/\"},\"sameAs\":[\"https:\\\/\\\/pt-br.facebook.com\\\/cebb108\",\"https:\\\/\\\/www.instagram.com\\\/cebbcaminhodomeio\\\/\"]},{\"@type\":\"Person\",\"@id\":\"https:\\\/\\\/cebb.org.br\\\/#\\\/schema\\\/person\\\/2dc22db8f37fb02f54a4463a29d0d833\",\"name\":\"andrefeijo\",\"image\":{\"@type\":\"ImageObject\",\"inLanguage\":\"es\",\"@id\":\"https:\\\/\\\/secure.gravatar.com\\\/avatar\\\/1ee7cb1f8d7ac35730fbd2e2ef68a804b745833ab90cf5b91ac5cb139000c057?s=96&d=mm&r=g\",\"url\":\"https:\\\/\\\/secure.gravatar.com\\\/avatar\\\/1ee7cb1f8d7ac35730fbd2e2ef68a804b745833ab90cf5b91ac5cb139000c057?s=96&d=mm&r=g\",\"contentUrl\":\"https:\\\/\\\/secure.gravatar.com\\\/avatar\\\/1ee7cb1f8d7ac35730fbd2e2ef68a804b745833ab90cf5b91ac5cb139000c057?s=96&d=mm&r=g\",\"caption\":\"andrefeijo\"},\"url\":\"https:\\\/\\\/cebb.org.br\\\/es\\\/author\\\/andrefeijo\\\/\"}]}<\/script>\n<!-- \/ Yoast SEO plugin. -->","yoast_head_json":{"title":"Palestra | Al\u00e9m da Roda da Vida: A Motiva\u00e7\u00e3o como Caminho no CEBB Curitiba - Centro de Estudos Budistas Bodisatva","description":"08 de Junho, \u00e0s 15h30, com Lama Padma Samten | CEBB Curitiba, Juvev\u00ea","robots":{"index":"index","follow":"follow","max-snippet":"max-snippet:-1","max-image-preview":"max-image-preview:large","max-video-preview":"max-video-preview:-1"},"canonical":"https:\/\/cebb.org.br\/es\/palestra-motivacao-curitiba\/","og_locale":"es_ES","og_type":"article","og_title":"Palestra | Al\u00e9m da Roda da Vida: A Motiva\u00e7\u00e3o como Caminho no CEBB Curitiba - Centro de Estudos Budistas Bodisatva","og_description":"08 de Junho, \u00e0s 15h30, com Lama Padma Samten | CEBB Curitiba, Juvev\u00ea","og_url":"https:\/\/cebb.org.br\/es\/palestra-motivacao-curitiba\/","og_site_name":"Centro de Estudos Budistas Bodisatva","article_publisher":"https:\/\/pt-br.facebook.com\/cebb108","article_published_time":"2025-05-29T19:09:03+00:00","article_modified_time":"2025-06-02T18:36:55+00:00","og_image":[{"width":1400,"height":800,"url":"https:\/\/cebb.org.br\/wp-content\/uploads\/2025\/05\/Palestra-Motivacao-2-2.png","type":"image\/png"}],"author":"andrefeijo","twitter_card":"summary_large_image","twitter_misc":{"Escrito por":"andrefeijo","Tiempo de lectura":"3 minutos"},"schema":{"@context":"https:\/\/schema.org","@graph":[{"@type":"Article","@id":"https:\/\/cebb.org.br\/palestra-motivacao-curitiba\/#article","isPartOf":{"@id":"https:\/\/cebb.org.br\/palestra-motivacao-curitiba\/"},"author":{"name":"andrefeijo","@id":"https:\/\/cebb.org.br\/#\/schema\/person\/2dc22db8f37fb02f54a4463a29d0d833"},"headline":"Palestra | Al\u00e9m da Roda da Vida: A Motiva\u00e7\u00e3o como Caminho no CEBB Curitiba","datePublished":"2025-05-29T19:09:03+00:00","dateModified":"2025-06-02T18:36:55+00:00","mainEntityOfPage":{"@id":"https:\/\/cebb.org.br\/palestra-motivacao-curitiba\/"},"wordCount":484,"commentCount":0,"publisher":{"@id":"https:\/\/cebb.org.br\/#organization"},"image":{"@id":"https:\/\/cebb.org.br\/palestra-motivacao-curitiba\/#primaryimage"},"thumbnailUrl":"https:\/\/cebb.org.br\/wp-content\/uploads\/2025\/05\/Palestra-Motivacao-2-2.png","articleSection":["Agenda do Lama Padma Samten","CEBB Curitiba","CEBB Sukhavati","PR"],"inLanguage":"es","potentialAction":[{"@type":"CommentAction","name":"Comment","target":["https:\/\/cebb.org.br\/palestra-motivacao-curitiba\/#respond"]}]},{"@type":"WebPage","@id":"https:\/\/cebb.org.br\/palestra-motivacao-curitiba\/","url":"https:\/\/cebb.org.br\/palestra-motivacao-curitiba\/","name":"Palestra | Al\u00e9m da Roda da Vida: A Motiva\u00e7\u00e3o como Caminho no CEBB Curitiba - Centro de Estudos Budistas Bodisatva","isPartOf":{"@id":"https:\/\/cebb.org.br\/#website"},"primaryImageOfPage":{"@id":"https:\/\/cebb.org.br\/palestra-motivacao-curitiba\/#primaryimage"},"image":{"@id":"https:\/\/cebb.org.br\/palestra-motivacao-curitiba\/#primaryimage"},"thumbnailUrl":"https:\/\/cebb.org.br\/wp-content\/uploads\/2025\/05\/Palestra-Motivacao-2-2.png","datePublished":"2025-05-29T19:09:03+00:00","dateModified":"2025-06-02T18:36:55+00:00","description":"08 de Junho, \u00e0s 15h30, com Lama Padma Samten | CEBB Curitiba, Juvev\u00ea","breadcrumb":{"@id":"https:\/\/cebb.org.br\/palestra-motivacao-curitiba\/#breadcrumb"},"inLanguage":"es","potentialAction":[{"@type":"ReadAction","target":["https:\/\/cebb.org.br\/palestra-motivacao-curitiba\/"]}]},{"@type":"ImageObject","inLanguage":"es","@id":"https:\/\/cebb.org.br\/palestra-motivacao-curitiba\/#primaryimage","url":"https:\/\/cebb.org.br\/wp-content\/uploads\/2025\/05\/Palestra-Motivacao-2-2.png","contentUrl":"https:\/\/cebb.org.br\/wp-content\/uploads\/2025\/05\/Palestra-Motivacao-2-2.png","width":1400,"height":800},{"@type":"BreadcrumbList","@id":"https:\/\/cebb.org.br\/palestra-motivacao-curitiba\/#breadcrumb","itemListElement":[{"@type":"ListItem","position":1,"name":"Home","item":"https:\/\/cebb.org.br\/"},{"@type":"ListItem","position":2,"name":"Palestra | Al\u00e9m da Roda da Vida: A Motiva\u00e7\u00e3o como Caminho no CEBB Curitiba"}]},{"@type":"WebSite","@id":"https:\/\/cebb.org.br\/#website","url":"https:\/\/cebb.org.br\/","name":"Centro de Estudios Budistas Bodisatva","description":"Budismo, meditaci\u00f3n y cultura de paz | Lama Padma Samten","publisher":{"@id":"https:\/\/cebb.org.br\/#organization"},"potentialAction":[{"@type":"SearchAction","target":{"@type":"EntryPoint","urlTemplate":"https:\/\/cebb.org.br\/?s={search_term_string}"},"query-input":{"@type":"PropertyValueSpecification","valueRequired":true,"valueName":"search_term_string"}}],"inLanguage":"es"},{"@type":"Organization","@id":"https:\/\/cebb.org.br\/#organization","name":"Centro de Estudios Budistas Bodisatva","url":"https:\/\/cebb.org.br\/","logo":{"@type":"ImageObject","inLanguage":"es","@id":"https:\/\/cebb.org.br\/#\/schema\/logo\/image\/","url":"http:\/\/18.230.164.79\/wp-content\/uploads\/2011\/03\/logosalvador-peq-e1660064979551.jpg","contentUrl":"http:\/\/18.230.164.79\/wp-content\/uploads\/2011\/03\/logosalvador-peq-e1660064979551.jpg","width":280,"height":231,"caption":"Centro de Estudos Budistas Bodisatva"},"image":{"@id":"https:\/\/cebb.org.br\/#\/schema\/logo\/image\/"},"sameAs":["https:\/\/pt-br.facebook.com\/cebb108","https:\/\/www.instagram.com\/cebbcaminhodomeio\/"]},{"@type":"Person","@id":"https:\/\/cebb.org.br\/#\/schema\/person\/2dc22db8f37fb02f54a4463a29d0d833","name":"andrefeijo","image":{"@type":"ImageObject","inLanguage":"es","@id":"https:\/\/secure.gravatar.com\/avatar\/1ee7cb1f8d7ac35730fbd2e2ef68a804b745833ab90cf5b91ac5cb139000c057?s=96&d=mm&r=g","url":"https:\/\/secure.gravatar.com\/avatar\/1ee7cb1f8d7ac35730fbd2e2ef68a804b745833ab90cf5b91ac5cb139000c057?s=96&d=mm&r=g","contentUrl":"https:\/\/secure.gravatar.com\/avatar\/1ee7cb1f8d7ac35730fbd2e2ef68a804b745833ab90cf5b91ac5cb139000c057?s=96&d=mm&r=g","caption":"andrefeijo"},"url":"https:\/\/cebb.org.br\/es\/author\/andrefeijo\/"}]}},"_links":{"self":[{"href":"https:\/\/cebb.org.br\/es\/wp-json\/wp\/v2\/posts\/115102","targetHints":{"allow":["GET"]}}],"collection":[{"href":"https:\/\/cebb.org.br\/es\/wp-json\/wp\/v2\/posts"}],"about":[{"href":"https:\/\/cebb.org.br\/es\/wp-json\/wp\/v2\/types\/post"}],"author":[{"embeddable":true,"href":"https:\/\/cebb.org.br\/es\/wp-json\/wp\/v2\/users\/27"}],"replies":[{"embeddable":true,"href":"https:\/\/cebb.org.br\/es\/wp-json\/wp\/v2\/comments?post=115102"}],"version-history":[{"count":9,"href":"https:\/\/cebb.org.br\/es\/wp-json\/wp\/v2\/posts\/115102\/revisions"}],"predecessor-version":[{"id":115270,"href":"https:\/\/cebb.org.br\/es\/wp-json\/wp\/v2\/posts\/115102\/revisions\/115270"}],"wp:featuredmedia":[{"embeddable":true,"href":"https:\/\/cebb.org.br\/es\/wp-json\/wp\/v2\/media\/115115"}],"wp:attachment":[{"href":"https:\/\/cebb.org.br\/es\/wp-json\/wp\/v2\/media?parent=115102"}],"wp:term":[{"taxonomy":"category","embeddable":true,"href":"https:\/\/cebb.org.br\/es\/wp-json\/wp\/v2\/categories?post=115102"},{"taxonomy":"post_tag","embeddable":true,"href":"https:\/\/cebb.org.br\/es\/wp-json\/wp\/v2\/tags?post=115102"}],"curies":[{"name":"wp","href":"https:\/\/api.w.org\/{rel}","templated":true}]}}