{"id":119046,"date":"2025-10-04T08:33:58","date_gmt":"2025-10-04T11:33:58","guid":{"rendered":"https:\/\/cebb.org.br\/?p=119046"},"modified":"2025-10-28T11:37:55","modified_gmt":"2025-10-28T14:37:55","slug":"instrucao-buda-medicina-2025","status":"publish","type":"post","link":"https:\/\/cebb.org.br\/es\/instrucao-buda-medicina-2025\/","title":{"rendered":"Curso de Instru\u00e7\u00e3o e Pr\u00e1tica da Sadana do Buda da Medicina | CEBB Mendjila"},"content":{"rendered":"<p><strong>Curso com Lama Padma Samten<br \/>\nComemora\u00e7\u00e3o dos 10 anos do Templo do CEBB Mendjila<br \/>\n<\/strong><strong>CEBB Mendjila &#8211; Canelinha\/SC<\/strong><br \/>\n<strong>24 de outubro (sexta-feira)<\/strong><\/p>\n<p><!--more--><\/p>\n<p><!--StartFragment --><span class=\"cf0\">\u3164<\/span><!--EndFragment --><\/p>\n<blockquote><p>Gostaria de convid\u00e1-los para a acumula\u00e7\u00e3o dessa pr\u00e1tica que \u00e9 o estabelecimento coletivo concreto da realidade da Terra Pura do Buda da Medicina. Fazemos a recita\u00e7\u00e3o das preces e do mantra do Buda da Medicina mantendo essa vis\u00e3o, e assim surge naturalmente a cura do ambiente, a cura social e a cura das enfermidades individuais.<\/p>\n<p>\u2014Lama Padma Samten<\/p><\/blockquote>\n<p><!--StartFragment --><span class=\"cf0\">\u3164<\/span><!--EndFragment --><\/p>\n<p><!--StartFragment --><span class=\"cf0\">\u3164<\/span><!--EndFragment --><\/p>\n<p>Neste dia, Lama Padma Samten oferecer\u00e1 instru\u00e7\u00f5es para a pr\u00e1tica do <strong>Buda da Medicina<\/strong>,<strong> Mendjila<\/strong>, e poderemos dedicar os m\u00e9ritos desta pr\u00e1tica com o mestre e a sanga \u00e0 sa\u00fade e longa vida dos seres vivos e falecidos que quisermos nomear.<br \/>\n<!--StartFragment --><span class=\"cf0\">\u3164<\/span><!--EndFragment --><\/p>\n<p>Neste fim de semana tamb\u00e9m estaremos comemorando <strong>10 anos da constru\u00e7\u00e3o do templo do CEBB Mendjila<\/strong>! Ser\u00e1 uma alegria poder comemorar com Lama Samten e toda a sanga este momento. Veja aqui como foi a <a href=\"https:\/\/cebb.org.br\/es\/inauguracao-templo-mendjila\/\">celebra\u00e7\u00e3o de inaugura\u00e7\u00e3o do templo<\/a>, em 2015, e aqui como participar do <a href=\"https:\/\/cebb.org.br\/es\/lama-mendjila-2025\/\">retiro, de 24 a 26 de outubro<\/a>.<\/p>\n<p><!--StartFragment --><span class=\"cf0\">\u3164<\/span><!--EndFragment --><\/p>\n<h2>Programa\u00e7\u00e3o<\/h2>\n<div>\n<p><b>SEXTA (24\/outubro)<\/b><\/p>\n<p>05:00 &#8211; Montagem do Altar<br \/>\n05:30 &#8211; Medita\u00e7\u00e3o silenciosa no Templo<br \/>\n06:00 &#8211; Puja<br \/>\n07:00 &#8211; Caf\u00e9 da manh\u00e3 e check-in<br \/>\n07:45 &#8211; Atividades volunt\u00e1rias<br \/>\n09:00 \u00e0s 12:00 &#8211; Inicio do Curso com Lama Padma Samten<br \/>\n12:00 &#8211; Almo\u00e7o<br \/>\n12:45 &#8211; Atividades volunt\u00e1rias<br \/>\n14:00 \u00e0s 17:00 &#8211; Continua\u00e7\u00e3o e encerramento do Curso com Lama Padma Samten\u3164<\/p>\n<\/div>\n<p class=\"LC20lb MBeuO DKV0Md\">\u3164<\/p>\n<h2>Atividades Volunt\u00e1rias (Samu)<\/h2>\n<div>Os participantes dos eventos no CEBB s\u00e3o convidados a praticarem desenvolvendo atividades de limpeza e organiza\u00e7\u00e3o (Samu). As atividades volunt\u00e1rias para manuten\u00e7\u00e3o dos espa\u00e7os durante os eventos fazem parte do treinamento da mente e da energia e contribuem para a realiza\u00e7\u00e3o dos eventos de forma participativa e coletiva.<\/div>\n<p class=\"LC20lb MBeuO DKV0Md\">\u3164<\/p>\n<h2>Inscri\u00e7\u00e3o Presencial<\/h2>\n<p><em>A pr\u00e1tica da Dana Paramita \u2013 perfei\u00e7\u00e3o da generosidade \u2013 torna poss\u00edvel a continuidade dos ensinamentos desde os tempos do Buda. As seis paramitas \u2013 generosidade, moralidade, paz, energia constante, concentra\u00e7\u00e3o e sabedoria \u2013 inspiram a pr\u00e1tica e s\u00e3o a base geradora e sustentadora dos centros de estudos, medita\u00e7\u00e3o, acolhimento e das iniciativas de educa\u00e7\u00e3o, prote\u00e7\u00e3o ambiental, Terras Puras e Cultura de\u00a0Paz\u00a0da\u00a0Sanga.<\/em><\/p>\n<p>Sua inscri\u00e7\u00e3o e participa\u00e7\u00e3o independem de contribui\u00e7\u00e3o financeira. Caso aspire participar e seja poss\u00edvel contribuir, os valores de refer\u00eancia est\u00e3o no formul\u00e1rio. Sua contribui\u00e7\u00e3o apoiar\u00e1 as atividades do Lama Padma Samten e do CEBB Mendjila.<\/p>\n<p>&nbsp;<\/p>\n<a href=\"https:\/\/docs.google.com\/forms\/d\/e\/1FAIpQLSc4ve5uTISvm5H-0y_-7TgeGaQziSuvIDwmbGqd3j_IOzz9-Q\/viewform?usp=header\" class=\"su-button su-button-style-default\" style=\"color:#FFFFFF;background-color:#b8190d;border-color:#94140b;border-radius:5px\" target=\"_blank\" rel=\"noopener noreferrer\"><span style=\"color:#FFFFFF;padding:0px 16px;font-size:13px;line-height:26px;border-color:#ce5e56;border-radius:5px;text-shadow:none\"> Inscri\u00e7\u00e3o participa\u00e7\u00e3o PRESENCIAL<\/span><\/a>\n<p>\u3164<\/p>\n<p>\u3164<\/p>\n<h2>Contato<\/h2>\n<p>Se tiver d\u00favidas ou algum tipo de necessidade especial, por favor, nos contate atrav\u00e9s de mensagens via WhatsApp: (48) 999434194 ou por e-mail para cebbcanelinha.eventos@gmail.com<\/p>\n<p>\u3164<\/p>\n<p>\u3164<\/p>\n<h2>Inscri\u00e7\u00e3o Online<\/h2>\n<p>O ensinamento contar\u00e1 com transmiss\u00e3o online direta do CEBB Mendjila, pelo Zoom e pelo canal Youtube do CEBB. O link para a p\u00e1gina de acompanhamento do retiro, onde ser\u00e3o informados os links de cada per\u00edodo do ensinamento, ser\u00e1 enviado por um email-resposta ap\u00f3s o envio do formul\u00e1rio de inscri\u00e7\u00e3o.<br \/>\nCaso n\u00e3o encontre o email-resposta em sua caixa de entrada, VERIFIQUE NA CAIXA DE SPAM ou em \u201cPROMO\u00c7\u00d5ES\u201d e marque como n\u00e3o-spam (caso esteja no SPAM). Pode ser \u00fatil incluir o endere\u00e7o (acaoparamita@gmail.com) na sua lista de contatos.<\/p>\n<p>\u3164<\/p>\n<a href=\"https:\/\/acaoparamita.com.br\/ensinamentos\/curso-de-instrucao-e-pratica-da-sadana-do-buda-da-medicina\/\" class=\"su-button su-button-style-default\" style=\"color:#FFFFFF;background-color:#b8190d;border-color:#94140b;border-radius:5px\" target=\"_blank\" rel=\"noopener noreferrer\"><span style=\"color:#FFFFFF;padding:0px 16px;font-size:13px;line-height:26px;border-color:#ce5e56;border-radius:5px;text-shadow:none\"> Inscri\u00e7\u00e3o participa\u00e7\u00e3o ONLINE<\/span><\/a>\n<p>\u3164<\/p>\n<p>\u3164<\/p>\n<h2>Local<\/h2>\n<p>Estrada Geral Urussanga 2607, Canelinha\/SC<\/p>\n<p><a href=\"https:\/\/maps.app.goo.gl\/rFRnzrnosxLQU93B7\">Localiza\u00e7\u00e3o no google maps <em>\u2192<\/em><\/a><\/p>","protected":false},"excerpt":{"rendered":"<p>Curso com Lama Padma Samten | 24 de outubro (sexta-feira) | CEBB Mendjila | Comemora\u00e7\u00e3o dos 10 anos do Templo do CEBB Mendjila<\/p>","protected":false},"author":41,"featured_media":119049,"comment_status":"open","ping_status":"open","sticky":false,"template":"","format":"standard","meta":{"footnotes":""},"categories":[400,361],"tags":[],"class_list":["post-119046","post","type-post","status-publish","format-standard","has-post-thumbnail","hentry","category-mendjila","category-sc"],"yoast_head":"<!-- This site is optimized with the Yoast SEO plugin v27.5 - https:\/\/yoast.com\/product\/yoast-seo-wordpress\/ -->\n<title>Curso de Instru\u00e7\u00e3o e Pr\u00e1tica da Sadana do Buda da Medicina | CEBB Mendjila - Centro de Estudos Budistas Bodisatva<\/title>\n<meta name=\"description\" content=\"Curso com Lama Padma Samten | 24 de outubro (sexta-feira) | CEBB Mendjila | Comemora\u00e7\u00e3o dos 10 anos do Templo do CEBB Mendjila\" \/>\n<meta name=\"robots\" content=\"index, follow, max-snippet:-1, max-image-preview:large, max-video-preview:-1\" \/>\n<link rel=\"canonical\" href=\"https:\/\/cebb.org.br\/es\/instrucao-buda-medicina-2025\/\" \/>\n<meta property=\"og:locale\" content=\"es_ES\" \/>\n<meta property=\"og:type\" content=\"article\" \/>\n<meta property=\"og:title\" content=\"Curso de Instru\u00e7\u00e3o e Pr\u00e1tica da Sadana do Buda da Medicina | CEBB Mendjila - Centro de Estudos Budistas Bodisatva\" \/>\n<meta property=\"og:description\" content=\"Curso com Lama Padma Samten | 24 de outubro (sexta-feira) | CEBB Mendjila | Comemora\u00e7\u00e3o dos 10 anos do Templo do CEBB Mendjila\" \/>\n<meta property=\"og:url\" content=\"https:\/\/cebb.org.br\/es\/instrucao-buda-medicina-2025\/\" \/>\n<meta property=\"og:site_name\" content=\"Centro de Estudos Budistas Bodisatva\" \/>\n<meta property=\"article:publisher\" content=\"https:\/\/pt-br.facebook.com\/cebb108\" \/>\n<meta property=\"article:published_time\" content=\"2025-10-04T11:33:58+00:00\" \/>\n<meta property=\"article:modified_time\" content=\"2025-10-28T14:37:55+00:00\" \/>\n<meta property=\"og:image\" content=\"https:\/\/cebb.org.br\/wp-content\/uploads\/2025\/10\/buda-medicina-templo-scaled.jpg\" \/>\n\t<meta property=\"og:image:width\" content=\"2318\" \/>\n\t<meta property=\"og:image:height\" content=\"2560\" \/>\n\t<meta property=\"og:image:type\" content=\"image\/jpeg\" \/>\n<meta name=\"author\" content=\"polliana\" \/>\n<meta name=\"twitter:card\" content=\"summary_large_image\" \/>\n<meta name=\"twitter:label1\" content=\"Escrito por\" \/>\n\t<meta name=\"twitter:data1\" content=\"polliana\" \/>\n\t<meta name=\"twitter:label2\" content=\"Tiempo de lectura\" \/>\n\t<meta name=\"twitter:data2\" content=\"3 minutos\" \/>\n<script type=\"application\/ld+json\" class=\"yoast-schema-graph\">{\"@context\":\"https:\\\/\\\/schema.org\",\"@graph\":[{\"@type\":\"Article\",\"@id\":\"https:\\\/\\\/cebb.org.br\\\/instrucao-buda-medicina-2025\\\/#article\",\"isPartOf\":{\"@id\":\"https:\\\/\\\/cebb.org.br\\\/instrucao-buda-medicina-2025\\\/\"},\"author\":{\"name\":\"polliana\",\"@id\":\"https:\\\/\\\/cebb.org.br\\\/#\\\/schema\\\/person\\\/2123fd62b5ce97d67a4cc0849bd7b645\"},\"headline\":\"Curso de Instru\u00e7\u00e3o e Pr\u00e1tica da Sadana do Buda da Medicina | CEBB Mendjila\",\"datePublished\":\"2025-10-04T11:33:58+00:00\",\"dateModified\":\"2025-10-28T14:37:55+00:00\",\"mainEntityOfPage\":{\"@id\":\"https:\\\/\\\/cebb.org.br\\\/instrucao-buda-medicina-2025\\\/\"},\"wordCount\":628,\"commentCount\":0,\"publisher\":{\"@id\":\"https:\\\/\\\/cebb.org.br\\\/#organization\"},\"image\":{\"@id\":\"https:\\\/\\\/cebb.org.br\\\/instrucao-buda-medicina-2025\\\/#primaryimage\"},\"thumbnailUrl\":\"https:\\\/\\\/cebb.org.br\\\/wp-content\\\/uploads\\\/2025\\\/10\\\/buda-medicina-templo-scaled.jpg\",\"articleSection\":[\"CEBB Mendjila\",\"SC\"],\"inLanguage\":\"es\",\"potentialAction\":[{\"@type\":\"CommentAction\",\"name\":\"Comment\",\"target\":[\"https:\\\/\\\/cebb.org.br\\\/instrucao-buda-medicina-2025\\\/#respond\"]}]},{\"@type\":\"WebPage\",\"@id\":\"https:\\\/\\\/cebb.org.br\\\/instrucao-buda-medicina-2025\\\/\",\"url\":\"https:\\\/\\\/cebb.org.br\\\/instrucao-buda-medicina-2025\\\/\",\"name\":\"Curso de Instru\u00e7\u00e3o e Pr\u00e1tica da Sadana do Buda da Medicina | CEBB Mendjila - Centro de Estudos Budistas Bodisatva\",\"isPartOf\":{\"@id\":\"https:\\\/\\\/cebb.org.br\\\/#website\"},\"primaryImageOfPage\":{\"@id\":\"https:\\\/\\\/cebb.org.br\\\/instrucao-buda-medicina-2025\\\/#primaryimage\"},\"image\":{\"@id\":\"https:\\\/\\\/cebb.org.br\\\/instrucao-buda-medicina-2025\\\/#primaryimage\"},\"thumbnailUrl\":\"https:\\\/\\\/cebb.org.br\\\/wp-content\\\/uploads\\\/2025\\\/10\\\/buda-medicina-templo-scaled.jpg\",\"datePublished\":\"2025-10-04T11:33:58+00:00\",\"dateModified\":\"2025-10-28T14:37:55+00:00\",\"description\":\"Curso com Lama Padma Samten | 24 de outubro (sexta-feira) | CEBB Mendjila | Comemora\u00e7\u00e3o dos 10 anos do Templo do CEBB Mendjila\",\"breadcrumb\":{\"@id\":\"https:\\\/\\\/cebb.org.br\\\/instrucao-buda-medicina-2025\\\/#breadcrumb\"},\"inLanguage\":\"es\",\"potentialAction\":[{\"@type\":\"ReadAction\",\"target\":[\"https:\\\/\\\/cebb.org.br\\\/instrucao-buda-medicina-2025\\\/\"]}]},{\"@type\":\"ImageObject\",\"inLanguage\":\"es\",\"@id\":\"https:\\\/\\\/cebb.org.br\\\/instrucao-buda-medicina-2025\\\/#primaryimage\",\"url\":\"https:\\\/\\\/cebb.org.br\\\/wp-content\\\/uploads\\\/2025\\\/10\\\/buda-medicina-templo-scaled.jpg\",\"contentUrl\":\"https:\\\/\\\/cebb.org.br\\\/wp-content\\\/uploads\\\/2025\\\/10\\\/buda-medicina-templo-scaled.jpg\",\"width\":2318,\"height\":2560},{\"@type\":\"BreadcrumbList\",\"@id\":\"https:\\\/\\\/cebb.org.br\\\/instrucao-buda-medicina-2025\\\/#breadcrumb\",\"itemListElement\":[{\"@type\":\"ListItem\",\"position\":1,\"name\":\"Home\",\"item\":\"https:\\\/\\\/cebb.org.br\\\/\"},{\"@type\":\"ListItem\",\"position\":2,\"name\":\"Curso de Instru\u00e7\u00e3o e Pr\u00e1tica da Sadana do Buda da Medicina | CEBB Mendjila\"}]},{\"@type\":\"WebSite\",\"@id\":\"https:\\\/\\\/cebb.org.br\\\/#website\",\"url\":\"https:\\\/\\\/cebb.org.br\\\/\",\"name\":\"Centro de Estudos Budistas Bodisatva\",\"description\":\"Budismo, medita\u00e7\u00e3o e cultura de paz | Lama Padma Samten\",\"publisher\":{\"@id\":\"https:\\\/\\\/cebb.org.br\\\/#organization\"},\"potentialAction\":[{\"@type\":\"SearchAction\",\"target\":{\"@type\":\"EntryPoint\",\"urlTemplate\":\"https:\\\/\\\/cebb.org.br\\\/?s={search_term_string}\"},\"query-input\":{\"@type\":\"PropertyValueSpecification\",\"valueRequired\":true,\"valueName\":\"search_term_string\"}}],\"inLanguage\":\"es\"},{\"@type\":\"Organization\",\"@id\":\"https:\\\/\\\/cebb.org.br\\\/#organization\",\"name\":\"Centro de Estudos Budistas Bodisatva\",\"url\":\"https:\\\/\\\/cebb.org.br\\\/\",\"logo\":{\"@type\":\"ImageObject\",\"inLanguage\":\"es\",\"@id\":\"https:\\\/\\\/cebb.org.br\\\/#\\\/schema\\\/logo\\\/image\\\/\",\"url\":\"http:\\\/\\\/18.230.164.79\\\/wp-content\\\/uploads\\\/2011\\\/03\\\/logosalvador-peq-e1660064979551.jpg\",\"contentUrl\":\"http:\\\/\\\/18.230.164.79\\\/wp-content\\\/uploads\\\/2011\\\/03\\\/logosalvador-peq-e1660064979551.jpg\",\"width\":280,\"height\":231,\"caption\":\"Centro de Estudos Budistas Bodisatva\"},\"image\":{\"@id\":\"https:\\\/\\\/cebb.org.br\\\/#\\\/schema\\\/logo\\\/image\\\/\"},\"sameAs\":[\"https:\\\/\\\/pt-br.facebook.com\\\/cebb108\",\"https:\\\/\\\/www.instagram.com\\\/cebbcaminhodomeio\\\/\"]},{\"@type\":\"Person\",\"@id\":\"https:\\\/\\\/cebb.org.br\\\/#\\\/schema\\\/person\\\/2123fd62b5ce97d67a4cc0849bd7b645\",\"name\":\"polliana\",\"image\":{\"@type\":\"ImageObject\",\"inLanguage\":\"es\",\"@id\":\"https:\\\/\\\/secure.gravatar.com\\\/avatar\\\/48e49773e97caa564e8e265beba0401f438954d77e33d1a2663f8eba92920800?s=96&d=mm&r=g\",\"url\":\"https:\\\/\\\/secure.gravatar.com\\\/avatar\\\/48e49773e97caa564e8e265beba0401f438954d77e33d1a2663f8eba92920800?s=96&d=mm&r=g\",\"contentUrl\":\"https:\\\/\\\/secure.gravatar.com\\\/avatar\\\/48e49773e97caa564e8e265beba0401f438954d77e33d1a2663f8eba92920800?s=96&d=mm&r=g\",\"caption\":\"polliana\"},\"url\":\"https:\\\/\\\/cebb.org.br\\\/es\\\/author\\\/polliana\\\/\"}]}<\/script>\n<!-- \/ Yoast SEO plugin. -->","yoast_head_json":{"title":"Curso de Instru\u00e7\u00e3o e Pr\u00e1tica da Sadana do Buda da Medicina | CEBB Mendjila - Centro de Estudos Budistas Bodisatva","description":"Curso com Lama Padma Samten | 24 de outubro (sexta-feira) | CEBB Mendjila | Comemora\u00e7\u00e3o dos 10 anos do Templo do CEBB Mendjila","robots":{"index":"index","follow":"follow","max-snippet":"max-snippet:-1","max-image-preview":"max-image-preview:large","max-video-preview":"max-video-preview:-1"},"canonical":"https:\/\/cebb.org.br\/es\/instrucao-buda-medicina-2025\/","og_locale":"es_ES","og_type":"article","og_title":"Curso de Instru\u00e7\u00e3o e Pr\u00e1tica da Sadana do Buda da Medicina | CEBB Mendjila - Centro de Estudos Budistas Bodisatva","og_description":"Curso com Lama Padma Samten | 24 de outubro (sexta-feira) | CEBB Mendjila | Comemora\u00e7\u00e3o dos 10 anos do Templo do CEBB Mendjila","og_url":"https:\/\/cebb.org.br\/es\/instrucao-buda-medicina-2025\/","og_site_name":"Centro de Estudos Budistas Bodisatva","article_publisher":"https:\/\/pt-br.facebook.com\/cebb108","article_published_time":"2025-10-04T11:33:58+00:00","article_modified_time":"2025-10-28T14:37:55+00:00","og_image":[{"width":2318,"height":2560,"url":"https:\/\/cebb.org.br\/wp-content\/uploads\/2025\/10\/buda-medicina-templo-scaled.jpg","type":"image\/jpeg"}],"author":"polliana","twitter_card":"summary_large_image","twitter_misc":{"Escrito por":"polliana","Tiempo de lectura":"3 minutos"},"schema":{"@context":"https:\/\/schema.org","@graph":[{"@type":"Article","@id":"https:\/\/cebb.org.br\/instrucao-buda-medicina-2025\/#article","isPartOf":{"@id":"https:\/\/cebb.org.br\/instrucao-buda-medicina-2025\/"},"author":{"name":"polliana","@id":"https:\/\/cebb.org.br\/#\/schema\/person\/2123fd62b5ce97d67a4cc0849bd7b645"},"headline":"Curso de Instru\u00e7\u00e3o e Pr\u00e1tica da Sadana do Buda da Medicina | CEBB Mendjila","datePublished":"2025-10-04T11:33:58+00:00","dateModified":"2025-10-28T14:37:55+00:00","mainEntityOfPage":{"@id":"https:\/\/cebb.org.br\/instrucao-buda-medicina-2025\/"},"wordCount":628,"commentCount":0,"publisher":{"@id":"https:\/\/cebb.org.br\/#organization"},"image":{"@id":"https:\/\/cebb.org.br\/instrucao-buda-medicina-2025\/#primaryimage"},"thumbnailUrl":"https:\/\/cebb.org.br\/wp-content\/uploads\/2025\/10\/buda-medicina-templo-scaled.jpg","articleSection":["CEBB Mendjila","SC"],"inLanguage":"es","potentialAction":[{"@type":"CommentAction","name":"Comment","target":["https:\/\/cebb.org.br\/instrucao-buda-medicina-2025\/#respond"]}]},{"@type":"WebPage","@id":"https:\/\/cebb.org.br\/instrucao-buda-medicina-2025\/","url":"https:\/\/cebb.org.br\/instrucao-buda-medicina-2025\/","name":"Curso de Instru\u00e7\u00e3o e Pr\u00e1tica da Sadana do Buda da Medicina | CEBB Mendjila - Centro de Estudos Budistas Bodisatva","isPartOf":{"@id":"https:\/\/cebb.org.br\/#website"},"primaryImageOfPage":{"@id":"https:\/\/cebb.org.br\/instrucao-buda-medicina-2025\/#primaryimage"},"image":{"@id":"https:\/\/cebb.org.br\/instrucao-buda-medicina-2025\/#primaryimage"},"thumbnailUrl":"https:\/\/cebb.org.br\/wp-content\/uploads\/2025\/10\/buda-medicina-templo-scaled.jpg","datePublished":"2025-10-04T11:33:58+00:00","dateModified":"2025-10-28T14:37:55+00:00","description":"Curso com Lama Padma Samten | 24 de outubro (sexta-feira) | CEBB Mendjila | Comemora\u00e7\u00e3o dos 10 anos do Templo do CEBB Mendjila","breadcrumb":{"@id":"https:\/\/cebb.org.br\/instrucao-buda-medicina-2025\/#breadcrumb"},"inLanguage":"es","potentialAction":[{"@type":"ReadAction","target":["https:\/\/cebb.org.br\/instrucao-buda-medicina-2025\/"]}]},{"@type":"ImageObject","inLanguage":"es","@id":"https:\/\/cebb.org.br\/instrucao-buda-medicina-2025\/#primaryimage","url":"https:\/\/cebb.org.br\/wp-content\/uploads\/2025\/10\/buda-medicina-templo-scaled.jpg","contentUrl":"https:\/\/cebb.org.br\/wp-content\/uploads\/2025\/10\/buda-medicina-templo-scaled.jpg","width":2318,"height":2560},{"@type":"BreadcrumbList","@id":"https:\/\/cebb.org.br\/instrucao-buda-medicina-2025\/#breadcrumb","itemListElement":[{"@type":"ListItem","position":1,"name":"Home","item":"https:\/\/cebb.org.br\/"},{"@type":"ListItem","position":2,"name":"Curso de Instru\u00e7\u00e3o e Pr\u00e1tica da Sadana do Buda da Medicina | CEBB Mendjila"}]},{"@type":"WebSite","@id":"https:\/\/cebb.org.br\/#website","url":"https:\/\/cebb.org.br\/","name":"Centro de Estudios Budistas Bodisatva","description":"Budismo, meditaci\u00f3n y cultura de paz | Lama Padma Samten","publisher":{"@id":"https:\/\/cebb.org.br\/#organization"},"potentialAction":[{"@type":"SearchAction","target":{"@type":"EntryPoint","urlTemplate":"https:\/\/cebb.org.br\/?s={search_term_string}"},"query-input":{"@type":"PropertyValueSpecification","valueRequired":true,"valueName":"search_term_string"}}],"inLanguage":"es"},{"@type":"Organization","@id":"https:\/\/cebb.org.br\/#organization","name":"Centro de Estudios Budistas Bodisatva","url":"https:\/\/cebb.org.br\/","logo":{"@type":"ImageObject","inLanguage":"es","@id":"https:\/\/cebb.org.br\/#\/schema\/logo\/image\/","url":"http:\/\/18.230.164.79\/wp-content\/uploads\/2011\/03\/logosalvador-peq-e1660064979551.jpg","contentUrl":"http:\/\/18.230.164.79\/wp-content\/uploads\/2011\/03\/logosalvador-peq-e1660064979551.jpg","width":280,"height":231,"caption":"Centro de Estudos Budistas Bodisatva"},"image":{"@id":"https:\/\/cebb.org.br\/#\/schema\/logo\/image\/"},"sameAs":["https:\/\/pt-br.facebook.com\/cebb108","https:\/\/www.instagram.com\/cebbcaminhodomeio\/"]},{"@type":"Person","@id":"https:\/\/cebb.org.br\/#\/schema\/person\/2123fd62b5ce97d67a4cc0849bd7b645","name":"polliana","image":{"@type":"ImageObject","inLanguage":"es","@id":"https:\/\/secure.gravatar.com\/avatar\/48e49773e97caa564e8e265beba0401f438954d77e33d1a2663f8eba92920800?s=96&d=mm&r=g","url":"https:\/\/secure.gravatar.com\/avatar\/48e49773e97caa564e8e265beba0401f438954d77e33d1a2663f8eba92920800?s=96&d=mm&r=g","contentUrl":"https:\/\/secure.gravatar.com\/avatar\/48e49773e97caa564e8e265beba0401f438954d77e33d1a2663f8eba92920800?s=96&d=mm&r=g","caption":"polliana"},"url":"https:\/\/cebb.org.br\/es\/author\/polliana\/"}]}},"_links":{"self":[{"href":"https:\/\/cebb.org.br\/es\/wp-json\/wp\/v2\/posts\/119046","targetHints":{"allow":["GET"]}}],"collection":[{"href":"https:\/\/cebb.org.br\/es\/wp-json\/wp\/v2\/posts"}],"about":[{"href":"https:\/\/cebb.org.br\/es\/wp-json\/wp\/v2\/types\/post"}],"author":[{"embeddable":true,"href":"https:\/\/cebb.org.br\/es\/wp-json\/wp\/v2\/users\/41"}],"replies":[{"embeddable":true,"href":"https:\/\/cebb.org.br\/es\/wp-json\/wp\/v2\/comments?post=119046"}],"version-history":[{"count":6,"href":"https:\/\/cebb.org.br\/es\/wp-json\/wp\/v2\/posts\/119046\/revisions"}],"predecessor-version":[{"id":119504,"href":"https:\/\/cebb.org.br\/es\/wp-json\/wp\/v2\/posts\/119046\/revisions\/119504"}],"wp:featuredmedia":[{"embeddable":true,"href":"https:\/\/cebb.org.br\/es\/wp-json\/wp\/v2\/media\/119049"}],"wp:attachment":[{"href":"https:\/\/cebb.org.br\/es\/wp-json\/wp\/v2\/media?parent=119046"}],"wp:term":[{"taxonomy":"category","embeddable":true,"href":"https:\/\/cebb.org.br\/es\/wp-json\/wp\/v2\/categories?post=119046"},{"taxonomy":"post_tag","embeddable":true,"href":"https:\/\/cebb.org.br\/es\/wp-json\/wp\/v2\/tags?post=119046"}],"curies":[{"name":"wp","href":"https:\/\/api.w.org\/{rel}","templated":true}]}}