{"id":119104,"date":"2025-10-06T14:37:52","date_gmt":"2025-10-06T17:37:52","guid":{"rendered":"https:\/\/cebb.org.br\/?p=119104"},"modified":"2026-01-30T22:35:15","modified_gmt":"2026-01-31T01:35:15","slug":"santa-maria-lama","status":"publish","type":"post","link":"https:\/\/cebb.org.br\/es\/santa-maria-lama\/","title":{"rendered":"Lama Samten em Santa Maria (2025) | Palestra &#8211; Meditar para Transformar a Si Mesmo e ao Mundo"},"content":{"rendered":"<p>Dia 15 de outubro de 2025, \u00e0s 19h30.<\/p>\n<p><em>Avise todas as pessoas que possam se interessar!<\/em><\/p>\n<p><!--more--><\/p>\n<p>Com muita alegria, convidamos todas as pessoas para uma palestra em Santa Maria com o nosso querido professor Lama Padma Samten.<\/p>\n<p><strong>Palestra: Meditar para Transformar a Si Mesmo e ao Mundo<br \/>\n<\/strong><\/p>\n<blockquote><p><em>Ao repousar na simplicidade da mente natural descortina-se a presen\u00e7a serena e l\u00facida capaz de ultrapassar os sofrimentos e olhar com lucidez a si mesmo e criar mundos\u00a0melhores.<\/em><\/p><\/blockquote>\n<p>\u2500\u2501\u2501\u2501\u2501\u2501\u2501\u22b1\u22b0\u2501\u2501\u2501\u2501\u2501\u2501\u2500<\/p>\n<h3>\ud83d\uddd3\ufe0f Quando?<\/h3>\n<p>Quarta-feira, dia 15 de outubro de 2025, \u00e0s 19h30.<br \/>\n<em>Presencial e on-line.<\/em><\/p>\n<p>\u2500\u2501\u2501\u2501\u2501\u2501\u2501\u22b1\u22b0\u2501\u2501\u2501\u2501\u2501\u2501\u2500<\/p>\n<h3>\ud83d\udccc Onde?<\/h3>\n<p>Audit\u00f3rio da Antiga Reitoria da UFSM<br \/>\nR. Floriano Peixoto, 1184<br \/>\nCentro \u2500 Santa Maria \u2500 RS<br \/>\n<a href=\"https:\/\/maps.app.goo.gl\/hDtxCrSk5CTAqc5X8\" target=\"_blank\" rel=\"noopener\">Clique aqui para ver o local no mapa<\/a><\/p>\n<p>\u2500\u2501\u2501\u2501\u2501\u2501\u2501\u22b1\u22b0\u2501\u2501\u2501\u2501\u2501\u2501\u2500<\/p>\n<h3>Inscri\u00e7\u00e3o para participa\u00e7\u00e3o Presencial<\/h3>\n<a href=\"https:\/\/forms.gle\/xsSE1nvEbod9Emjs6\" class=\"su-button su-button-style-default\" style=\"color:#FFFFFF;background-color:#8b0030;border-color:#700027;border-radius:5px\" target=\"_blank\" rel=\"noopener noreferrer\"><span style=\"color:#FFFFFF;padding:0px 16px;font-size:13px;line-height:26px;border-color:#ae4d6f;border-radius:5px;text-shadow:none\"> Clique aqui para inscri\u00e7\u00e3o PRESENCIAL<\/span><\/a>\n<p>\u2500\u2501\u2501\u2501\u2501\u2501\u2501\u22b1\u22b0\u2501\u2501\u2501\u2501\u2501\u2501\u2500<\/p>\n<h3>Inscri\u00e7\u00e3o para participa\u00e7\u00e3o Online<\/h3>\n<a href=\"https:\/\/acaoparamita.com.br\/ensinamentos\/palestra-meditar-para-transformar-a-si-mesmo-e-ao-mundo\/\" class=\"su-button su-button-style-default\" style=\"color:#FFFFFF;background-color:#8b0030;border-color:#700027;border-radius:5px\" target=\"_blank\" rel=\"noopener noreferrer\"><span style=\"color:#FFFFFF;padding:0px 16px;font-size:13px;line-height:26px;border-color:#ae4d6f;border-radius:5px;text-shadow:none\"> Clique aqui para inscri\u00e7\u00e3o ONLINE<\/span><\/a>","protected":false},"excerpt":{"rendered":"<p>Palestra com Lama Padma Samten em Santa Maria no dia 15 de outubro (quarta-feira) de 2025.<\/p>","protected":false},"author":79,"featured_media":117624,"comment_status":"closed","ping_status":"closed","sticky":false,"template":"","format":"standard","meta":{"footnotes":""},"categories":[341,360],"tags":[],"class_list":["post-119104","post","type-post","status-publish","format-standard","has-post-thumbnail","hentry","category-eventos-passados","category-rs"],"yoast_head":"<!-- This site is optimized with the Yoast SEO plugin v27.5 - https:\/\/yoast.com\/product\/yoast-seo-wordpress\/ -->\n<title>Lama Samten em Santa Maria (2025) | Palestra - Meditar para Transformar a Si Mesmo e ao Mundo - Centro de Estudos Budistas Bodisatva<\/title>\n<meta name=\"description\" content=\"15 de outubro | Ao repousar na simplicidade da mente natural descortina-se a presen\u00e7a serena e l\u00facida capaz de ultrapassar os sofrimentos.\" \/>\n<meta name=\"robots\" content=\"index, follow, max-snippet:-1, max-image-preview:large, max-video-preview:-1\" \/>\n<link rel=\"canonical\" href=\"https:\/\/cebb.org.br\/es\/santa-maria-lama\/\" \/>\n<meta property=\"og:locale\" content=\"es_ES\" \/>\n<meta property=\"og:type\" content=\"article\" \/>\n<meta property=\"og:title\" content=\"Lama Samten em Santa Maria (2025) | Palestra - Meditar para Transformar a Si Mesmo e ao Mundo - Centro de Estudos Budistas Bodisatva\" \/>\n<meta property=\"og:description\" content=\"15 de outubro | Ao repousar na simplicidade da mente natural descortina-se a presen\u00e7a serena e l\u00facida capaz de ultrapassar os sofrimentos.\" \/>\n<meta property=\"og:url\" content=\"https:\/\/cebb.org.br\/es\/santa-maria-lama\/\" \/>\n<meta property=\"og:site_name\" content=\"Centro de Estudos Budistas Bodisatva\" \/>\n<meta property=\"article:publisher\" content=\"https:\/\/pt-br.facebook.com\/cebb108\" \/>\n<meta property=\"article:published_time\" content=\"2025-10-06T17:37:52+00:00\" \/>\n<meta property=\"article:modified_time\" content=\"2026-01-31T01:35:15+00:00\" \/>\n<meta property=\"og:image\" content=\"https:\/\/cebb.org.br\/wp-content\/uploads\/2025\/09\/53891497048_0c1e1acf63_c.jpg\" \/>\n\t<meta property=\"og:image:width\" content=\"800\" \/>\n\t<meta property=\"og:image:height\" content=\"531\" \/>\n\t<meta property=\"og:image:type\" content=\"image\/jpeg\" \/>\n<meta name=\"author\" content=\"Coletivo Intersomos\" \/>\n<meta name=\"twitter:card\" content=\"summary_large_image\" \/>\n<meta name=\"twitter:label1\" content=\"Escrito por\" \/>\n\t<meta name=\"twitter:data1\" content=\"Coletivo Intersomos\" \/>\n\t<meta name=\"twitter:label2\" content=\"Tiempo de lectura\" \/>\n\t<meta name=\"twitter:data2\" content=\"1 minuto\" \/>\n<script type=\"application\/ld+json\" class=\"yoast-schema-graph\">{\"@context\":\"https:\\\/\\\/schema.org\",\"@graph\":[{\"@type\":\"Article\",\"@id\":\"https:\\\/\\\/cebb.org.br\\\/santa-maria-lama\\\/#article\",\"isPartOf\":{\"@id\":\"https:\\\/\\\/cebb.org.br\\\/santa-maria-lama\\\/\"},\"author\":{\"name\":\"Coletivo Intersomos\",\"@id\":\"https:\\\/\\\/cebb.org.br\\\/#\\\/schema\\\/person\\\/05a696a76f72d472c540f3d7a905f39c\"},\"headline\":\"Lama Samten em Santa Maria (2025) | Palestra &#8211; Meditar para Transformar a Si Mesmo e ao Mundo\",\"datePublished\":\"2025-10-06T17:37:52+00:00\",\"dateModified\":\"2026-01-31T01:35:15+00:00\",\"mainEntityOfPage\":{\"@id\":\"https:\\\/\\\/cebb.org.br\\\/santa-maria-lama\\\/\"},\"wordCount\":180,\"publisher\":{\"@id\":\"https:\\\/\\\/cebb.org.br\\\/#organization\"},\"image\":{\"@id\":\"https:\\\/\\\/cebb.org.br\\\/santa-maria-lama\\\/#primaryimage\"},\"thumbnailUrl\":\"https:\\\/\\\/cebb.org.br\\\/wp-content\\\/uploads\\\/2025\\\/09\\\/53891497048_0c1e1acf63_c.jpg\",\"articleSection\":[\"Eventos Passados\",\"RS\"],\"inLanguage\":\"es\"},{\"@type\":\"WebPage\",\"@id\":\"https:\\\/\\\/cebb.org.br\\\/santa-maria-lama\\\/\",\"url\":\"https:\\\/\\\/cebb.org.br\\\/santa-maria-lama\\\/\",\"name\":\"Lama Samten em Santa Maria (2025) | Palestra - Meditar para Transformar a Si Mesmo e ao Mundo - Centro de Estudos Budistas Bodisatva\",\"isPartOf\":{\"@id\":\"https:\\\/\\\/cebb.org.br\\\/#website\"},\"primaryImageOfPage\":{\"@id\":\"https:\\\/\\\/cebb.org.br\\\/santa-maria-lama\\\/#primaryimage\"},\"image\":{\"@id\":\"https:\\\/\\\/cebb.org.br\\\/santa-maria-lama\\\/#primaryimage\"},\"thumbnailUrl\":\"https:\\\/\\\/cebb.org.br\\\/wp-content\\\/uploads\\\/2025\\\/09\\\/53891497048_0c1e1acf63_c.jpg\",\"datePublished\":\"2025-10-06T17:37:52+00:00\",\"dateModified\":\"2026-01-31T01:35:15+00:00\",\"description\":\"15 de outubro | Ao repousar na simplicidade da mente natural descortina-se a presen\u00e7a serena e l\u00facida capaz de ultrapassar os sofrimentos.\",\"breadcrumb\":{\"@id\":\"https:\\\/\\\/cebb.org.br\\\/santa-maria-lama\\\/#breadcrumb\"},\"inLanguage\":\"es\",\"potentialAction\":[{\"@type\":\"ReadAction\",\"target\":[\"https:\\\/\\\/cebb.org.br\\\/santa-maria-lama\\\/\"]}]},{\"@type\":\"ImageObject\",\"inLanguage\":\"es\",\"@id\":\"https:\\\/\\\/cebb.org.br\\\/santa-maria-lama\\\/#primaryimage\",\"url\":\"https:\\\/\\\/cebb.org.br\\\/wp-content\\\/uploads\\\/2025\\\/09\\\/53891497048_0c1e1acf63_c.jpg\",\"contentUrl\":\"https:\\\/\\\/cebb.org.br\\\/wp-content\\\/uploads\\\/2025\\\/09\\\/53891497048_0c1e1acf63_c.jpg\",\"width\":800,\"height\":531},{\"@type\":\"BreadcrumbList\",\"@id\":\"https:\\\/\\\/cebb.org.br\\\/santa-maria-lama\\\/#breadcrumb\",\"itemListElement\":[{\"@type\":\"ListItem\",\"position\":1,\"name\":\"Home\",\"item\":\"https:\\\/\\\/cebb.org.br\\\/\"},{\"@type\":\"ListItem\",\"position\":2,\"name\":\"Lama Samten em Santa Maria (2025) | Palestra &#8211; Meditar para Transformar a Si Mesmo e ao Mundo\"}]},{\"@type\":\"WebSite\",\"@id\":\"https:\\\/\\\/cebb.org.br\\\/#website\",\"url\":\"https:\\\/\\\/cebb.org.br\\\/\",\"name\":\"Centro de Estudos Budistas Bodisatva\",\"description\":\"Budismo, medita\u00e7\u00e3o e cultura de paz | Lama Padma Samten\",\"publisher\":{\"@id\":\"https:\\\/\\\/cebb.org.br\\\/#organization\"},\"potentialAction\":[{\"@type\":\"SearchAction\",\"target\":{\"@type\":\"EntryPoint\",\"urlTemplate\":\"https:\\\/\\\/cebb.org.br\\\/?s={search_term_string}\"},\"query-input\":{\"@type\":\"PropertyValueSpecification\",\"valueRequired\":true,\"valueName\":\"search_term_string\"}}],\"inLanguage\":\"es\"},{\"@type\":\"Organization\",\"@id\":\"https:\\\/\\\/cebb.org.br\\\/#organization\",\"name\":\"Centro de Estudos Budistas Bodisatva\",\"url\":\"https:\\\/\\\/cebb.org.br\\\/\",\"logo\":{\"@type\":\"ImageObject\",\"inLanguage\":\"es\",\"@id\":\"https:\\\/\\\/cebb.org.br\\\/#\\\/schema\\\/logo\\\/image\\\/\",\"url\":\"http:\\\/\\\/18.230.164.79\\\/wp-content\\\/uploads\\\/2011\\\/03\\\/logosalvador-peq-e1660064979551.jpg\",\"contentUrl\":\"http:\\\/\\\/18.230.164.79\\\/wp-content\\\/uploads\\\/2011\\\/03\\\/logosalvador-peq-e1660064979551.jpg\",\"width\":280,\"height\":231,\"caption\":\"Centro de Estudos Budistas Bodisatva\"},\"image\":{\"@id\":\"https:\\\/\\\/cebb.org.br\\\/#\\\/schema\\\/logo\\\/image\\\/\"},\"sameAs\":[\"https:\\\/\\\/pt-br.facebook.com\\\/cebb108\",\"https:\\\/\\\/www.instagram.com\\\/cebbcaminhodomeio\\\/\"]},{\"@type\":\"Person\",\"@id\":\"https:\\\/\\\/cebb.org.br\\\/#\\\/schema\\\/person\\\/05a696a76f72d472c540f3d7a905f39c\",\"name\":\"Coletivo Intersomos\",\"image\":{\"@type\":\"ImageObject\",\"inLanguage\":\"es\",\"@id\":\"https:\\\/\\\/secure.gravatar.com\\\/avatar\\\/5b3268ebf7c1516b7910dc782a9ef52986a33844353256fce20260189c5f6b83?s=96&d=mm&r=g\",\"url\":\"https:\\\/\\\/secure.gravatar.com\\\/avatar\\\/5b3268ebf7c1516b7910dc782a9ef52986a33844353256fce20260189c5f6b83?s=96&d=mm&r=g\",\"contentUrl\":\"https:\\\/\\\/secure.gravatar.com\\\/avatar\\\/5b3268ebf7c1516b7910dc782a9ef52986a33844353256fce20260189c5f6b83?s=96&d=mm&r=g\",\"caption\":\"Coletivo Intersomos\"},\"url\":\"https:\\\/\\\/cebb.org.br\\\/es\\\/author\\\/coletivo-intersomos\\\/\"}]}<\/script>\n<!-- \/ Yoast SEO plugin. -->","yoast_head_json":{"title":"Lama Samten em Santa Maria (2025) | Palestra - Meditar para Transformar a Si Mesmo e ao Mundo - Centro de Estudos Budistas Bodisatva","description":"15 de outubro | Ao repousar na simplicidade da mente natural descortina-se a presen\u00e7a serena e l\u00facida capaz de ultrapassar os sofrimentos.","robots":{"index":"index","follow":"follow","max-snippet":"max-snippet:-1","max-image-preview":"max-image-preview:large","max-video-preview":"max-video-preview:-1"},"canonical":"https:\/\/cebb.org.br\/es\/santa-maria-lama\/","og_locale":"es_ES","og_type":"article","og_title":"Lama Samten em Santa Maria (2025) | Palestra - Meditar para Transformar a Si Mesmo e ao Mundo - Centro de Estudos Budistas Bodisatva","og_description":"15 de outubro | Ao repousar na simplicidade da mente natural descortina-se a presen\u00e7a serena e l\u00facida capaz de ultrapassar os sofrimentos.","og_url":"https:\/\/cebb.org.br\/es\/santa-maria-lama\/","og_site_name":"Centro de Estudos Budistas Bodisatva","article_publisher":"https:\/\/pt-br.facebook.com\/cebb108","article_published_time":"2025-10-06T17:37:52+00:00","article_modified_time":"2026-01-31T01:35:15+00:00","og_image":[{"width":800,"height":531,"url":"https:\/\/cebb.org.br\/wp-content\/uploads\/2025\/09\/53891497048_0c1e1acf63_c.jpg","type":"image\/jpeg"}],"author":"Coletivo Intersomos","twitter_card":"summary_large_image","twitter_misc":{"Escrito por":"Coletivo Intersomos","Tiempo de lectura":"1 minuto"},"schema":{"@context":"https:\/\/schema.org","@graph":[{"@type":"Article","@id":"https:\/\/cebb.org.br\/santa-maria-lama\/#article","isPartOf":{"@id":"https:\/\/cebb.org.br\/santa-maria-lama\/"},"author":{"name":"Coletivo Intersomos","@id":"https:\/\/cebb.org.br\/#\/schema\/person\/05a696a76f72d472c540f3d7a905f39c"},"headline":"Lama Samten em Santa Maria (2025) | Palestra &#8211; Meditar para Transformar a Si Mesmo e ao Mundo","datePublished":"2025-10-06T17:37:52+00:00","dateModified":"2026-01-31T01:35:15+00:00","mainEntityOfPage":{"@id":"https:\/\/cebb.org.br\/santa-maria-lama\/"},"wordCount":180,"publisher":{"@id":"https:\/\/cebb.org.br\/#organization"},"image":{"@id":"https:\/\/cebb.org.br\/santa-maria-lama\/#primaryimage"},"thumbnailUrl":"https:\/\/cebb.org.br\/wp-content\/uploads\/2025\/09\/53891497048_0c1e1acf63_c.jpg","articleSection":["Eventos Passados","RS"],"inLanguage":"es"},{"@type":"WebPage","@id":"https:\/\/cebb.org.br\/santa-maria-lama\/","url":"https:\/\/cebb.org.br\/santa-maria-lama\/","name":"Lama Samten em Santa Maria (2025) | Palestra - Meditar para Transformar a Si Mesmo e ao Mundo - Centro de Estudos Budistas Bodisatva","isPartOf":{"@id":"https:\/\/cebb.org.br\/#website"},"primaryImageOfPage":{"@id":"https:\/\/cebb.org.br\/santa-maria-lama\/#primaryimage"},"image":{"@id":"https:\/\/cebb.org.br\/santa-maria-lama\/#primaryimage"},"thumbnailUrl":"https:\/\/cebb.org.br\/wp-content\/uploads\/2025\/09\/53891497048_0c1e1acf63_c.jpg","datePublished":"2025-10-06T17:37:52+00:00","dateModified":"2026-01-31T01:35:15+00:00","description":"15 de outubro | Ao repousar na simplicidade da mente natural descortina-se a presen\u00e7a serena e l\u00facida capaz de ultrapassar os sofrimentos.","breadcrumb":{"@id":"https:\/\/cebb.org.br\/santa-maria-lama\/#breadcrumb"},"inLanguage":"es","potentialAction":[{"@type":"ReadAction","target":["https:\/\/cebb.org.br\/santa-maria-lama\/"]}]},{"@type":"ImageObject","inLanguage":"es","@id":"https:\/\/cebb.org.br\/santa-maria-lama\/#primaryimage","url":"https:\/\/cebb.org.br\/wp-content\/uploads\/2025\/09\/53891497048_0c1e1acf63_c.jpg","contentUrl":"https:\/\/cebb.org.br\/wp-content\/uploads\/2025\/09\/53891497048_0c1e1acf63_c.jpg","width":800,"height":531},{"@type":"BreadcrumbList","@id":"https:\/\/cebb.org.br\/santa-maria-lama\/#breadcrumb","itemListElement":[{"@type":"ListItem","position":1,"name":"Home","item":"https:\/\/cebb.org.br\/"},{"@type":"ListItem","position":2,"name":"Lama Samten em Santa Maria (2025) | Palestra &#8211; Meditar para Transformar a Si Mesmo e ao Mundo"}]},{"@type":"WebSite","@id":"https:\/\/cebb.org.br\/#website","url":"https:\/\/cebb.org.br\/","name":"Centro de Estudios Budistas Bodisatva","description":"Budismo, meditaci\u00f3n y cultura de paz | Lama Padma Samten","publisher":{"@id":"https:\/\/cebb.org.br\/#organization"},"potentialAction":[{"@type":"SearchAction","target":{"@type":"EntryPoint","urlTemplate":"https:\/\/cebb.org.br\/?s={search_term_string}"},"query-input":{"@type":"PropertyValueSpecification","valueRequired":true,"valueName":"search_term_string"}}],"inLanguage":"es"},{"@type":"Organization","@id":"https:\/\/cebb.org.br\/#organization","name":"Centro de Estudios Budistas Bodisatva","url":"https:\/\/cebb.org.br\/","logo":{"@type":"ImageObject","inLanguage":"es","@id":"https:\/\/cebb.org.br\/#\/schema\/logo\/image\/","url":"http:\/\/18.230.164.79\/wp-content\/uploads\/2011\/03\/logosalvador-peq-e1660064979551.jpg","contentUrl":"http:\/\/18.230.164.79\/wp-content\/uploads\/2011\/03\/logosalvador-peq-e1660064979551.jpg","width":280,"height":231,"caption":"Centro de Estudos Budistas Bodisatva"},"image":{"@id":"https:\/\/cebb.org.br\/#\/schema\/logo\/image\/"},"sameAs":["https:\/\/pt-br.facebook.com\/cebb108","https:\/\/www.instagram.com\/cebbcaminhodomeio\/"]},{"@type":"Person","@id":"https:\/\/cebb.org.br\/#\/schema\/person\/05a696a76f72d472c540f3d7a905f39c","name":"Coletivo Intersomos","image":{"@type":"ImageObject","inLanguage":"es","@id":"https:\/\/secure.gravatar.com\/avatar\/5b3268ebf7c1516b7910dc782a9ef52986a33844353256fce20260189c5f6b83?s=96&d=mm&r=g","url":"https:\/\/secure.gravatar.com\/avatar\/5b3268ebf7c1516b7910dc782a9ef52986a33844353256fce20260189c5f6b83?s=96&d=mm&r=g","contentUrl":"https:\/\/secure.gravatar.com\/avatar\/5b3268ebf7c1516b7910dc782a9ef52986a33844353256fce20260189c5f6b83?s=96&d=mm&r=g","caption":"Coletivo Intersomos"},"url":"https:\/\/cebb.org.br\/es\/author\/coletivo-intersomos\/"}]}},"_links":{"self":[{"href":"https:\/\/cebb.org.br\/es\/wp-json\/wp\/v2\/posts\/119104","targetHints":{"allow":["GET"]}}],"collection":[{"href":"https:\/\/cebb.org.br\/es\/wp-json\/wp\/v2\/posts"}],"about":[{"href":"https:\/\/cebb.org.br\/es\/wp-json\/wp\/v2\/types\/post"}],"author":[{"embeddable":true,"href":"https:\/\/cebb.org.br\/es\/wp-json\/wp\/v2\/users\/79"}],"replies":[{"embeddable":true,"href":"https:\/\/cebb.org.br\/es\/wp-json\/wp\/v2\/comments?post=119104"}],"version-history":[{"count":4,"href":"https:\/\/cebb.org.br\/es\/wp-json\/wp\/v2\/posts\/119104\/revisions"}],"predecessor-version":[{"id":119142,"href":"https:\/\/cebb.org.br\/es\/wp-json\/wp\/v2\/posts\/119104\/revisions\/119142"}],"wp:featuredmedia":[{"embeddable":true,"href":"https:\/\/cebb.org.br\/es\/wp-json\/wp\/v2\/media\/117624"}],"wp:attachment":[{"href":"https:\/\/cebb.org.br\/es\/wp-json\/wp\/v2\/media?parent=119104"}],"wp:term":[{"taxonomy":"category","embeddable":true,"href":"https:\/\/cebb.org.br\/es\/wp-json\/wp\/v2\/categories?post=119104"},{"taxonomy":"post_tag","embeddable":true,"href":"https:\/\/cebb.org.br\/es\/wp-json\/wp\/v2\/tags?post=119104"}],"curies":[{"name":"wp","href":"https:\/\/api.w.org\/{rel}","templated":true}]}}