{"id":119406,"date":"2025-10-16T15:47:07","date_gmt":"2025-10-16T18:47:07","guid":{"rendered":"https:\/\/cebb.org.br\/?p=119406"},"modified":"2025-10-21T09:22:35","modified_gmt":"2025-10-21T12:22:35","slug":"palestra-cps","status":"publish","type":"post","link":"https:\/\/cebb.org.br\/es\/palestra-cps\/","title":{"rendered":"17\/10 &#8211; PALESTRA ABERTA &#8220;Cinco Formas Curativas de se Relacionar com o Mundo&#8221; | com Nelson Morroni"},"content":{"rendered":"<blockquote>\n<blockquote><p><strong>Participe da PALESTRA ABERTA no CEBB Campinas:<\/strong><\/p>\n<p><em>\u201cAs cinco sabedorias s\u00e3o essencialmente aquilo que vamos tomar como referencial para nossas a\u00e7\u00f5es no mundo.\u201d<\/em><br \/>\n<em>\u2014 Lama Padma Samten<\/em><\/p>\n<p><!--more--><\/p><\/blockquote>\n<blockquote><p>Existem duas maneiras de nos movermos no mundo:<br \/>\nUma delas nasce de emo\u00e7\u00f5es que perturbam nossa paz \u2014 como raiva,<br \/>\nmedo, ci\u00fame, apego, orgulho e car\u00eancia \u2014 e acaba gerando sofrimento para n\u00f3s e para os outros.<\/p>\n<p>A outra se revela quando nossas a\u00e7\u00f5es partem de um lugar mais <strong>l\u00facido e desperto<\/strong>. \u00c9 a\u00ed que entram as <strong>cinco sabedorias<\/strong>: a consci\u00eancia clara que n\u00e3o confunde o sil\u00eancio com os fen\u00f4menos refletidos, a equanimidade que reconhece a natureza comum de todas as experi\u00eancias, o discernimento que v\u00ea com precis\u00e3o sem se fixar, a responsabilidade que compreende causas e condi\u00e7\u00f5es, e a profundidade que percebe a realidade \u00faltima, vazia e interdependente.<\/p>\n<p>Nesta palestra e tamb\u00e9m no curso, <strong>vamos aprofundar a compreens\u00e3o e a medita\u00e7\u00e3o dessas cinco sabedorias.<\/strong> E tamb\u00e9m investigar os pontos-chave que nos ajudam a transformar as formas aflitivas de agir no mundo em caminhos de lucidez, liberdade e compaix\u00e3o \u2014 iluminando nossas escolhas, e rela\u00e7\u00f5es.<\/p><\/blockquote>\n<p>&nbsp;<\/p>\n<h3><strong>Facilitador:<\/strong><\/h3>\n<p>Nelson Morroni \u00e9 m\u00e9dico, fez forma\u00e7\u00e3o na Unipaz, \u00e9 tutor do Programa de Forma\u00e7\u00e3o de Facilitadores do Darma sob a orienta\u00e7\u00e3o do Lama Padma Samten.<\/p>\n<p><img decoding=\"async\" class=\"alignnone wp-image-119165\" src=\"https:\/\/cebb.org.br\/wp-content\/uploads\/2025\/10\/Nelson-Morroni-1-e1759956555701-300x300.webp\" alt=\"\" width=\"191\" height=\"191\" srcset=\"https:\/\/cebb.org.br\/wp-content\/uploads\/2025\/10\/Nelson-Morroni-1-e1759956555701-300x300.webp 300w, https:\/\/cebb.org.br\/wp-content\/uploads\/2025\/10\/Nelson-Morroni-1-e1759956555701-169x169.webp 169w, https:\/\/cebb.org.br\/wp-content\/uploads\/2025\/10\/Nelson-Morroni-1-e1759956555701-12x12.webp 12w, https:\/\/cebb.org.br\/wp-content\/uploads\/2025\/10\/Nelson-Morroni-1-e1759956555701.webp 346w\" sizes=\"(max-width: 191px) 100vw, 191px\" \/><\/p>\n<p>&nbsp;<\/p>\n<p>&nbsp;<\/p>\n<blockquote><p><strong>Data da Palestra Aberta: <span style=\"color: #ff0000;\">17\/10<\/span>, sexta<\/strong> | \u00e0s 19h<\/p>\n<p><strong>Tema:<\/strong> <strong>&#8220;As Cinco Formas Curativas de se Relacionar com o Mundo&#8221;<\/strong><\/p>\n<p><strong>Local: <\/strong>CEBB Campinas<\/p>\n<p><span class=\"a_GcMg font-feature-liga-off font-feature-clig-off font-feature-calt-off text-decoration-none text-strikethrough-none\"><strong>Endere\u00e7o:<\/strong> Av. Romeu Tortima, 413 &#8211; fds Bar\u00e3o Geraldo &#8211; Campinas &#8211; SP (fundos do A\u00e7a\u00ed da Barra)<\/span><\/p>\n<p>&nbsp;<\/p>\n<ul>\n<li>N\u00e3o \u00e9 necess\u00e1ria inscri\u00e7\u00e3o pr\u00e9via.<\/li>\n<li><b>A participa\u00e7\u00e3o independe de contribui\u00e7\u00e3o financeira. Participe!<\/b><\/li>\n<\/ul>\n<p>&nbsp;<\/p>\n<p><em>A pr\u00e1tica da Dana Paramita \u2013 perfei\u00e7\u00e3o da generosidade \u2013 torna poss\u00edvel a continuidade dos ensinamentos desde o tempo do Buda. Sua contribui\u00e7\u00e3o apoia a sustenta\u00e7\u00e3o das atividades do CEBB S\u00e3o Paulo e do Lama Padma Samten.<\/em><\/p>\n<p>&nbsp;<\/p><\/blockquote>\n<p>&nbsp;<\/p>\n<p><strong>D\u00favidas:<\/strong> Qualquer dificuldade, entre em contato conosco:<\/p>\n<p>Derick: 21 97362-1887 (whatsapp)<\/p>\n<p>\u00c9sio: 19 99748-7452 (whatsapp)<\/p>\n<p>&nbsp;<\/p>\n<p>&nbsp;<\/p>\n<p>&nbsp;<\/p><\/blockquote>","protected":false},"excerpt":{"rendered":"<p>Participe da PALESTRA ABERTA no CEBB Campinas: \u201cAs cinco sabedorias s\u00e3o essencialmente aquilo que vamos tomar como referencial para nossas a\u00e7\u00f5es no mundo.\u201d \u2014 Lama Padma Samten<\/p>","protected":false},"author":99,"featured_media":119408,"comment_status":"open","ping_status":"open","sticky":false,"template":"","format":"standard","meta":{"footnotes":""},"categories":[378,363],"tags":[721,692],"class_list":["post-119406","post","type-post","status-publish","format-standard","has-post-thumbnail","hentry","category-campinas","category-sp","tag-5-sabedorias","tag-cebb-campinas"],"yoast_head":"<!-- This site is optimized with the Yoast SEO plugin v27.5 - https:\/\/yoast.com\/product\/yoast-seo-wordpress\/ -->\n<title>17\/10 - PALESTRA ABERTA &quot;Cinco Formas Curativas de se Relacionar com o Mundo&quot; | com Nelson Morroni - Centro de Estudos Budistas Bodisatva<\/title>\n<meta name=\"robots\" content=\"index, follow, max-snippet:-1, max-image-preview:large, max-video-preview:-1\" \/>\n<link rel=\"canonical\" href=\"https:\/\/cebb.org.br\/es\/palestra-cps\/\" \/>\n<meta property=\"og:locale\" content=\"es_ES\" \/>\n<meta property=\"og:type\" content=\"article\" \/>\n<meta property=\"og:title\" content=\"17\/10 - PALESTRA ABERTA &quot;Cinco Formas Curativas de se Relacionar com o Mundo&quot; | com Nelson Morroni - Centro de Estudos Budistas Bodisatva\" \/>\n<meta property=\"og:description\" content=\"Participe da PALESTRA ABERTA no CEBB Campinas: \u201cAs cinco sabedorias s\u00e3o essencialmente aquilo que vamos tomar como referencial para nossas a\u00e7\u00f5es no mundo.\u201d \u2014 Lama Padma Samten\" \/>\n<meta property=\"og:url\" content=\"https:\/\/cebb.org.br\/es\/palestra-cps\/\" \/>\n<meta property=\"og:site_name\" content=\"Centro de Estudos Budistas Bodisatva\" \/>\n<meta property=\"article:publisher\" content=\"https:\/\/pt-br.facebook.com\/cebb108\" \/>\n<meta property=\"article:published_time\" content=\"2025-10-16T18:47:07+00:00\" \/>\n<meta property=\"article:modified_time\" content=\"2025-10-21T12:22:35+00:00\" \/>\n<meta property=\"og:image\" content=\"https:\/\/cebb.org.br\/wp-content\/uploads\/2025\/10\/cinco_diani_budas-620x650-1.jpg\" \/>\n\t<meta property=\"og:image:width\" content=\"620\" \/>\n\t<meta property=\"og:image:height\" content=\"650\" \/>\n\t<meta property=\"og:image:type\" content=\"image\/jpeg\" \/>\n<meta name=\"author\" content=\"jolu.contato@gmail.com\" \/>\n<meta name=\"twitter:card\" content=\"summary_large_image\" \/>\n<meta name=\"twitter:label1\" content=\"Escrito por\" \/>\n\t<meta name=\"twitter:data1\" content=\"jolu.contato@gmail.com\" \/>\n\t<meta name=\"twitter:label2\" content=\"Tiempo de lectura\" \/>\n\t<meta name=\"twitter:data2\" content=\"1 minuto\" \/>\n<script type=\"application\/ld+json\" class=\"yoast-schema-graph\">{\"@context\":\"https:\\\/\\\/schema.org\",\"@graph\":[{\"@type\":\"Article\",\"@id\":\"https:\\\/\\\/cebb.org.br\\\/palestra-cps\\\/#article\",\"isPartOf\":{\"@id\":\"https:\\\/\\\/cebb.org.br\\\/palestra-cps\\\/\"},\"author\":{\"name\":\"jolu.contato@gmail.com\",\"@id\":\"https:\\\/\\\/cebb.org.br\\\/#\\\/schema\\\/person\\\/8fc265a6ee1fe545427fce4d4a50083b\"},\"headline\":\"17\\\/10 &#8211; PALESTRA ABERTA &#8220;Cinco Formas Curativas de se Relacionar com o Mundo&#8221; | com Nelson Morroni\",\"datePublished\":\"2025-10-16T18:47:07+00:00\",\"dateModified\":\"2025-10-21T12:22:35+00:00\",\"mainEntityOfPage\":{\"@id\":\"https:\\\/\\\/cebb.org.br\\\/palestra-cps\\\/\"},\"wordCount\":364,\"commentCount\":0,\"publisher\":{\"@id\":\"https:\\\/\\\/cebb.org.br\\\/#organization\"},\"image\":{\"@id\":\"https:\\\/\\\/cebb.org.br\\\/palestra-cps\\\/#primaryimage\"},\"thumbnailUrl\":\"https:\\\/\\\/cebb.org.br\\\/wp-content\\\/uploads\\\/2025\\\/10\\\/cinco_diani_budas-620x650-1.jpg\",\"keywords\":[\"5 sabedorias\",\"cebb campinas\"],\"articleSection\":[\"CEBB Campinas\",\"SP\"],\"inLanguage\":\"es\",\"potentialAction\":[{\"@type\":\"CommentAction\",\"name\":\"Comment\",\"target\":[\"https:\\\/\\\/cebb.org.br\\\/palestra-cps\\\/#respond\"]}]},{\"@type\":\"WebPage\",\"@id\":\"https:\\\/\\\/cebb.org.br\\\/palestra-cps\\\/\",\"url\":\"https:\\\/\\\/cebb.org.br\\\/palestra-cps\\\/\",\"name\":\"17\\\/10 - PALESTRA ABERTA \\\"Cinco Formas Curativas de se Relacionar com o Mundo\\\" | com Nelson Morroni - Centro de Estudos Budistas Bodisatva\",\"isPartOf\":{\"@id\":\"https:\\\/\\\/cebb.org.br\\\/#website\"},\"primaryImageOfPage\":{\"@id\":\"https:\\\/\\\/cebb.org.br\\\/palestra-cps\\\/#primaryimage\"},\"image\":{\"@id\":\"https:\\\/\\\/cebb.org.br\\\/palestra-cps\\\/#primaryimage\"},\"thumbnailUrl\":\"https:\\\/\\\/cebb.org.br\\\/wp-content\\\/uploads\\\/2025\\\/10\\\/cinco_diani_budas-620x650-1.jpg\",\"datePublished\":\"2025-10-16T18:47:07+00:00\",\"dateModified\":\"2025-10-21T12:22:35+00:00\",\"breadcrumb\":{\"@id\":\"https:\\\/\\\/cebb.org.br\\\/palestra-cps\\\/#breadcrumb\"},\"inLanguage\":\"es\",\"potentialAction\":[{\"@type\":\"ReadAction\",\"target\":[\"https:\\\/\\\/cebb.org.br\\\/palestra-cps\\\/\"]}]},{\"@type\":\"ImageObject\",\"inLanguage\":\"es\",\"@id\":\"https:\\\/\\\/cebb.org.br\\\/palestra-cps\\\/#primaryimage\",\"url\":\"https:\\\/\\\/cebb.org.br\\\/wp-content\\\/uploads\\\/2025\\\/10\\\/cinco_diani_budas-620x650-1.jpg\",\"contentUrl\":\"https:\\\/\\\/cebb.org.br\\\/wp-content\\\/uploads\\\/2025\\\/10\\\/cinco_diani_budas-620x650-1.jpg\",\"width\":620,\"height\":650},{\"@type\":\"BreadcrumbList\",\"@id\":\"https:\\\/\\\/cebb.org.br\\\/palestra-cps\\\/#breadcrumb\",\"itemListElement\":[{\"@type\":\"ListItem\",\"position\":1,\"name\":\"Home\",\"item\":\"https:\\\/\\\/cebb.org.br\\\/\"},{\"@type\":\"ListItem\",\"position\":2,\"name\":\"17\\\/10 &#8211; PALESTRA ABERTA &#8220;Cinco Formas Curativas de se Relacionar com o Mundo&#8221; | com Nelson Morroni\"}]},{\"@type\":\"WebSite\",\"@id\":\"https:\\\/\\\/cebb.org.br\\\/#website\",\"url\":\"https:\\\/\\\/cebb.org.br\\\/\",\"name\":\"Centro de Estudos Budistas Bodisatva\",\"description\":\"Budismo, medita\u00e7\u00e3o e cultura de paz | Lama Padma Samten\",\"publisher\":{\"@id\":\"https:\\\/\\\/cebb.org.br\\\/#organization\"},\"potentialAction\":[{\"@type\":\"SearchAction\",\"target\":{\"@type\":\"EntryPoint\",\"urlTemplate\":\"https:\\\/\\\/cebb.org.br\\\/?s={search_term_string}\"},\"query-input\":{\"@type\":\"PropertyValueSpecification\",\"valueRequired\":true,\"valueName\":\"search_term_string\"}}],\"inLanguage\":\"es\"},{\"@type\":\"Organization\",\"@id\":\"https:\\\/\\\/cebb.org.br\\\/#organization\",\"name\":\"Centro de Estudos Budistas Bodisatva\",\"url\":\"https:\\\/\\\/cebb.org.br\\\/\",\"logo\":{\"@type\":\"ImageObject\",\"inLanguage\":\"es\",\"@id\":\"https:\\\/\\\/cebb.org.br\\\/#\\\/schema\\\/logo\\\/image\\\/\",\"url\":\"http:\\\/\\\/18.230.164.79\\\/wp-content\\\/uploads\\\/2011\\\/03\\\/logosalvador-peq-e1660064979551.jpg\",\"contentUrl\":\"http:\\\/\\\/18.230.164.79\\\/wp-content\\\/uploads\\\/2011\\\/03\\\/logosalvador-peq-e1660064979551.jpg\",\"width\":280,\"height\":231,\"caption\":\"Centro de Estudos Budistas Bodisatva\"},\"image\":{\"@id\":\"https:\\\/\\\/cebb.org.br\\\/#\\\/schema\\\/logo\\\/image\\\/\"},\"sameAs\":[\"https:\\\/\\\/pt-br.facebook.com\\\/cebb108\",\"https:\\\/\\\/www.instagram.com\\\/cebbcaminhodomeio\\\/\"]},{\"@type\":\"Person\",\"@id\":\"https:\\\/\\\/cebb.org.br\\\/#\\\/schema\\\/person\\\/8fc265a6ee1fe545427fce4d4a50083b\",\"name\":\"jolu.contato@gmail.com\",\"image\":{\"@type\":\"ImageObject\",\"inLanguage\":\"es\",\"@id\":\"https:\\\/\\\/secure.gravatar.com\\\/avatar\\\/bbe3890e62be2250cd084ad73015377699559bf9d2cc29d8f9112a4805b59b9b?s=96&d=mm&r=g\",\"url\":\"https:\\\/\\\/secure.gravatar.com\\\/avatar\\\/bbe3890e62be2250cd084ad73015377699559bf9d2cc29d8f9112a4805b59b9b?s=96&d=mm&r=g\",\"contentUrl\":\"https:\\\/\\\/secure.gravatar.com\\\/avatar\\\/bbe3890e62be2250cd084ad73015377699559bf9d2cc29d8f9112a4805b59b9b?s=96&d=mm&r=g\",\"caption\":\"jolu.contato@gmail.com\"},\"url\":\"https:\\\/\\\/cebb.org.br\\\/es\\\/author\\\/jolu-contatogmail-com\\\/\"}]}<\/script>\n<!-- \/ Yoast SEO plugin. -->","yoast_head_json":{"title":"17\/10 - PALESTRA ABERTA \"Cinco Formas Curativas de se Relacionar com o Mundo\" | com Nelson Morroni - Centro de Estudos Budistas Bodisatva","robots":{"index":"index","follow":"follow","max-snippet":"max-snippet:-1","max-image-preview":"max-image-preview:large","max-video-preview":"max-video-preview:-1"},"canonical":"https:\/\/cebb.org.br\/es\/palestra-cps\/","og_locale":"es_ES","og_type":"article","og_title":"17\/10 - PALESTRA ABERTA \"Cinco Formas Curativas de se Relacionar com o Mundo\" | com Nelson Morroni - Centro de Estudos Budistas Bodisatva","og_description":"Participe da PALESTRA ABERTA no CEBB Campinas: \u201cAs cinco sabedorias s\u00e3o essencialmente aquilo que vamos tomar como referencial para nossas a\u00e7\u00f5es no mundo.\u201d \u2014 Lama Padma Samten","og_url":"https:\/\/cebb.org.br\/es\/palestra-cps\/","og_site_name":"Centro de Estudos Budistas Bodisatva","article_publisher":"https:\/\/pt-br.facebook.com\/cebb108","article_published_time":"2025-10-16T18:47:07+00:00","article_modified_time":"2025-10-21T12:22:35+00:00","og_image":[{"width":620,"height":650,"url":"https:\/\/cebb.org.br\/wp-content\/uploads\/2025\/10\/cinco_diani_budas-620x650-1.jpg","type":"image\/jpeg"}],"author":"jolu.contato@gmail.com","twitter_card":"summary_large_image","twitter_misc":{"Escrito por":"jolu.contato@gmail.com","Tiempo de lectura":"1 minuto"},"schema":{"@context":"https:\/\/schema.org","@graph":[{"@type":"Article","@id":"https:\/\/cebb.org.br\/palestra-cps\/#article","isPartOf":{"@id":"https:\/\/cebb.org.br\/palestra-cps\/"},"author":{"name":"jolu.contato@gmail.com","@id":"https:\/\/cebb.org.br\/#\/schema\/person\/8fc265a6ee1fe545427fce4d4a50083b"},"headline":"17\/10 &#8211; PALESTRA ABERTA &#8220;Cinco Formas Curativas de se Relacionar com o Mundo&#8221; | com Nelson Morroni","datePublished":"2025-10-16T18:47:07+00:00","dateModified":"2025-10-21T12:22:35+00:00","mainEntityOfPage":{"@id":"https:\/\/cebb.org.br\/palestra-cps\/"},"wordCount":364,"commentCount":0,"publisher":{"@id":"https:\/\/cebb.org.br\/#organization"},"image":{"@id":"https:\/\/cebb.org.br\/palestra-cps\/#primaryimage"},"thumbnailUrl":"https:\/\/cebb.org.br\/wp-content\/uploads\/2025\/10\/cinco_diani_budas-620x650-1.jpg","keywords":["5 sabedorias","cebb campinas"],"articleSection":["CEBB Campinas","SP"],"inLanguage":"es","potentialAction":[{"@type":"CommentAction","name":"Comment","target":["https:\/\/cebb.org.br\/palestra-cps\/#respond"]}]},{"@type":"WebPage","@id":"https:\/\/cebb.org.br\/palestra-cps\/","url":"https:\/\/cebb.org.br\/palestra-cps\/","name":"17\/10 - PALESTRA ABERTA \"Cinco Formas Curativas de se Relacionar com o Mundo\" | com Nelson Morroni - Centro de Estudos Budistas Bodisatva","isPartOf":{"@id":"https:\/\/cebb.org.br\/#website"},"primaryImageOfPage":{"@id":"https:\/\/cebb.org.br\/palestra-cps\/#primaryimage"},"image":{"@id":"https:\/\/cebb.org.br\/palestra-cps\/#primaryimage"},"thumbnailUrl":"https:\/\/cebb.org.br\/wp-content\/uploads\/2025\/10\/cinco_diani_budas-620x650-1.jpg","datePublished":"2025-10-16T18:47:07+00:00","dateModified":"2025-10-21T12:22:35+00:00","breadcrumb":{"@id":"https:\/\/cebb.org.br\/palestra-cps\/#breadcrumb"},"inLanguage":"es","potentialAction":[{"@type":"ReadAction","target":["https:\/\/cebb.org.br\/palestra-cps\/"]}]},{"@type":"ImageObject","inLanguage":"es","@id":"https:\/\/cebb.org.br\/palestra-cps\/#primaryimage","url":"https:\/\/cebb.org.br\/wp-content\/uploads\/2025\/10\/cinco_diani_budas-620x650-1.jpg","contentUrl":"https:\/\/cebb.org.br\/wp-content\/uploads\/2025\/10\/cinco_diani_budas-620x650-1.jpg","width":620,"height":650},{"@type":"BreadcrumbList","@id":"https:\/\/cebb.org.br\/palestra-cps\/#breadcrumb","itemListElement":[{"@type":"ListItem","position":1,"name":"Home","item":"https:\/\/cebb.org.br\/"},{"@type":"ListItem","position":2,"name":"17\/10 &#8211; PALESTRA ABERTA &#8220;Cinco Formas Curativas de se Relacionar com o Mundo&#8221; | com Nelson Morroni"}]},{"@type":"WebSite","@id":"https:\/\/cebb.org.br\/#website","url":"https:\/\/cebb.org.br\/","name":"Centro de Estudios Budistas Bodisatva","description":"Budismo, meditaci\u00f3n y cultura de paz | Lama Padma Samten","publisher":{"@id":"https:\/\/cebb.org.br\/#organization"},"potentialAction":[{"@type":"SearchAction","target":{"@type":"EntryPoint","urlTemplate":"https:\/\/cebb.org.br\/?s={search_term_string}"},"query-input":{"@type":"PropertyValueSpecification","valueRequired":true,"valueName":"search_term_string"}}],"inLanguage":"es"},{"@type":"Organization","@id":"https:\/\/cebb.org.br\/#organization","name":"Centro de Estudios Budistas Bodisatva","url":"https:\/\/cebb.org.br\/","logo":{"@type":"ImageObject","inLanguage":"es","@id":"https:\/\/cebb.org.br\/#\/schema\/logo\/image\/","url":"http:\/\/18.230.164.79\/wp-content\/uploads\/2011\/03\/logosalvador-peq-e1660064979551.jpg","contentUrl":"http:\/\/18.230.164.79\/wp-content\/uploads\/2011\/03\/logosalvador-peq-e1660064979551.jpg","width":280,"height":231,"caption":"Centro de Estudos Budistas Bodisatva"},"image":{"@id":"https:\/\/cebb.org.br\/#\/schema\/logo\/image\/"},"sameAs":["https:\/\/pt-br.facebook.com\/cebb108","https:\/\/www.instagram.com\/cebbcaminhodomeio\/"]},{"@type":"Person","@id":"https:\/\/cebb.org.br\/#\/schema\/person\/8fc265a6ee1fe545427fce4d4a50083b","name":"jolu.contato@gmail.com","image":{"@type":"ImageObject","inLanguage":"es","@id":"https:\/\/secure.gravatar.com\/avatar\/bbe3890e62be2250cd084ad73015377699559bf9d2cc29d8f9112a4805b59b9b?s=96&d=mm&r=g","url":"https:\/\/secure.gravatar.com\/avatar\/bbe3890e62be2250cd084ad73015377699559bf9d2cc29d8f9112a4805b59b9b?s=96&d=mm&r=g","contentUrl":"https:\/\/secure.gravatar.com\/avatar\/bbe3890e62be2250cd084ad73015377699559bf9d2cc29d8f9112a4805b59b9b?s=96&d=mm&r=g","caption":"jolu.contato@gmail.com"},"url":"https:\/\/cebb.org.br\/es\/author\/jolu-contatogmail-com\/"}]}},"_links":{"self":[{"href":"https:\/\/cebb.org.br\/es\/wp-json\/wp\/v2\/posts\/119406","targetHints":{"allow":["GET"]}}],"collection":[{"href":"https:\/\/cebb.org.br\/es\/wp-json\/wp\/v2\/posts"}],"about":[{"href":"https:\/\/cebb.org.br\/es\/wp-json\/wp\/v2\/types\/post"}],"author":[{"embeddable":true,"href":"https:\/\/cebb.org.br\/es\/wp-json\/wp\/v2\/users\/99"}],"replies":[{"embeddable":true,"href":"https:\/\/cebb.org.br\/es\/wp-json\/wp\/v2\/comments?post=119406"}],"version-history":[{"count":2,"href":"https:\/\/cebb.org.br\/es\/wp-json\/wp\/v2\/posts\/119406\/revisions"}],"predecessor-version":[{"id":119812,"href":"https:\/\/cebb.org.br\/es\/wp-json\/wp\/v2\/posts\/119406\/revisions\/119812"}],"wp:featuredmedia":[{"embeddable":true,"href":"https:\/\/cebb.org.br\/es\/wp-json\/wp\/v2\/media\/119408"}],"wp:attachment":[{"href":"https:\/\/cebb.org.br\/es\/wp-json\/wp\/v2\/media?parent=119406"}],"wp:term":[{"taxonomy":"category","embeddable":true,"href":"https:\/\/cebb.org.br\/es\/wp-json\/wp\/v2\/categories?post=119406"},{"taxonomy":"post_tag","embeddable":true,"href":"https:\/\/cebb.org.br\/es\/wp-json\/wp\/v2\/tags?post=119406"}],"curies":[{"name":"wp","href":"https:\/\/api.w.org\/{rel}","templated":true}]}}