{"id":119606,"date":"2025-10-26T19:06:36","date_gmt":"2025-10-26T22:06:36","guid":{"rendered":"https:\/\/cebb.org.br\/?p=119606"},"modified":"2026-01-14T15:43:45","modified_gmt":"2026-01-14T18:43:45","slug":"sabado-de-silencio-i-dia-01-11-i-das-9h-as-12h","status":"publish","type":"post","link":"https:\/\/cebb.org.br\/es\/sabado-de-silencio-i-dia-01-11-i-das-9h-as-12h\/","title":{"rendered":"S\u00e1bado de Sil\u00eancio I dia 01\/11 I das 9h \u00e0s 12h"},"content":{"rendered":"<blockquote>\n<h1 style=\"text-align: center;\"><span style=\"color: #b5a426;\">CEBB Niter\u00f3i<\/span><\/h1>\n<h1 style=\"text-align: center;\">S\u00e1bado de Sil\u00eancio<\/h1>\n<p><!--more--><\/p><\/blockquote>\n<blockquote>\n<h3 style=\"text-align: center;\"><span style=\"color: #800000;\">CEBB Niter\u00f3i<\/span> <span style=\"color: #808080;\">convida a querida<\/span> <span style=\"color: #800000;\">Sangha<\/span> <span style=\"color: #808080;\">a se reunir no<\/span><br \/>\ndia 01 novembro<br \/>\ndas 9h \u00e0s 12h<\/h3>\n<h4>A manh\u00e3 de pr\u00e1tica ter\u00e1:<\/h4>\n<ul>\n<li>\n<h5>Puja<\/h5>\n<\/li>\n<li>\n<h5>45 minutos de medita\u00e7\u00e3o<\/h5>\n<\/li>\n<li>\n<h5>intervalo de 15 minutos<\/h5>\n<\/li>\n<li>\n<h5>45 minutos de medita\u00e7\u00e3o<\/h5>\n<\/li>\n<\/ul>\n<h4><\/h4>\n<h4><span style=\"color: #808080;\">Ap\u00f3s a pr\u00e1tica teremos um <span style=\"color: #800000;\">almo\u00e7o de confraterniza\u00e7\u00e3o<\/span>, <span style=\"color: #808000;\">traga seu alimento<\/span> para ser compartilhado.<\/span><\/h4>\n<p>&nbsp;<\/p>\n<h4><span style=\"color: #993300;\"><strong>Endere\u00e7o:<\/strong> Rua Gast\u00e3o Gon\u00e7alves 11 \u2013 P\u00e9 Pequeno, Niter\u00f3i\/RJ<\/span><\/h4>\n<p><span style=\"color: #808080;\">Contribui\u00e7\u00e3o sugerida se for sua possibilidade: R$ 30,00 (para ofertar na tigela, no dia da pr\u00e1tica)<\/span><br \/>\n<span style=\"color: #808080;\">ou pelo PIX cebbniteroi@gmail.com<\/span><\/p>\n<p><strong>Mesmo se voc\u00ea n\u00e3o puder contribuir, venha sem se preocupar&#8230;<\/strong><\/p>\n<p>Contato: cebbniteroi@gmail.com<\/p>\n<p>&nbsp;<\/p><\/blockquote>","protected":false},"excerpt":{"rendered":"<p>CEBB Niter\u00f3i S\u00e1bado de Sil\u00eancio<\/p>","protected":false},"author":17,"featured_media":119609,"comment_status":"open","ping_status":"open","sticky":false,"template":"","format":"standard","meta":{"footnotes":""},"categories":[699,402,665,357],"tags":[],"class_list":["post-119606","post","type-post","status-publish","format-standard","has-post-thumbnail","hentry","category-boletim-da-sanga","category-niteroi","category-proximos-eventos","category-rj"],"yoast_head":"<!-- This site is optimized with the Yoast SEO plugin v27.5 - https:\/\/yoast.com\/product\/yoast-seo-wordpress\/ -->\n<title>S\u00e1bado de Sil\u00eancio I dia 01\/11 I das 9h \u00e0s 12h - Centro de Estudos Budistas Bodisatva<\/title>\n<meta name=\"description\" content=\"S\u00e1bado de Sil\u00eancio - pr\u00e1tica de medita\u00e7\u00e3o CEBB Niter\u00f3i\" \/>\n<meta name=\"robots\" content=\"index, follow, max-snippet:-1, max-image-preview:large, max-video-preview:-1\" \/>\n<link rel=\"canonical\" href=\"https:\/\/cebb.org.br\/es\/sabado-de-silencio-i-dia-01-11-i-das-9h-as-12h\/\" \/>\n<meta property=\"og:locale\" content=\"es_ES\" \/>\n<meta property=\"og:type\" content=\"article\" \/>\n<meta property=\"og:title\" content=\"S\u00e1bado de Sil\u00eancio I dia 01\/11 I das 9h \u00e0s 12h - Centro de Estudos Budistas Bodisatva\" \/>\n<meta property=\"og:description\" content=\"S\u00e1bado de Sil\u00eancio - pr\u00e1tica de medita\u00e7\u00e3o CEBB Niter\u00f3i\" \/>\n<meta property=\"og:url\" content=\"https:\/\/cebb.org.br\/es\/sabado-de-silencio-i-dia-01-11-i-das-9h-as-12h\/\" \/>\n<meta property=\"og:site_name\" content=\"Centro de Estudos Budistas Bodisatva\" \/>\n<meta property=\"article:publisher\" content=\"https:\/\/pt-br.facebook.com\/cebb108\" \/>\n<meta property=\"article:published_time\" content=\"2025-10-26T22:06:36+00:00\" \/>\n<meta property=\"article:modified_time\" content=\"2026-01-14T18:43:45+00:00\" \/>\n<meta property=\"og:image\" content=\"https:\/\/cebb.org.br\/wp-content\/uploads\/2025\/10\/Sabado-de-silencioo-4.jpg\" \/>\n\t<meta property=\"og:image:width\" content=\"1080\" \/>\n\t<meta property=\"og:image:height\" content=\"1350\" \/>\n\t<meta property=\"og:image:type\" content=\"image\/jpeg\" \/>\n<meta name=\"author\" content=\"CEBB Niteroi\" \/>\n<meta name=\"twitter:card\" content=\"summary_large_image\" \/>\n<meta name=\"twitter:label1\" content=\"Escrito por\" \/>\n\t<meta name=\"twitter:data1\" content=\"CEBB Niteroi\" \/>\n\t<meta name=\"twitter:label2\" content=\"Tiempo de lectura\" \/>\n\t<meta name=\"twitter:data2\" content=\"1 minuto\" \/>\n<script type=\"application\/ld+json\" class=\"yoast-schema-graph\">{\"@context\":\"https:\\\/\\\/schema.org\",\"@graph\":[{\"@type\":\"Article\",\"@id\":\"https:\\\/\\\/cebb.org.br\\\/sabado-de-silencio-i-dia-01-11-i-das-9h-as-12h\\\/#article\",\"isPartOf\":{\"@id\":\"https:\\\/\\\/cebb.org.br\\\/sabado-de-silencio-i-dia-01-11-i-das-9h-as-12h\\\/\"},\"author\":{\"name\":\"CEBB Niteroi\",\"@id\":\"https:\\\/\\\/cebb.org.br\\\/#\\\/schema\\\/person\\\/5e53324cfba10f7e2a3c73989540d38d\"},\"headline\":\"S\u00e1bado de Sil\u00eancio I dia 01\\\/11 I das 9h \u00e0s 12h\",\"datePublished\":\"2025-10-26T22:06:36+00:00\",\"dateModified\":\"2026-01-14T18:43:45+00:00\",\"mainEntityOfPage\":{\"@id\":\"https:\\\/\\\/cebb.org.br\\\/sabado-de-silencio-i-dia-01-11-i-das-9h-as-12h\\\/\"},\"wordCount\":125,\"commentCount\":0,\"publisher\":{\"@id\":\"https:\\\/\\\/cebb.org.br\\\/#organization\"},\"image\":{\"@id\":\"https:\\\/\\\/cebb.org.br\\\/sabado-de-silencio-i-dia-01-11-i-das-9h-as-12h\\\/#primaryimage\"},\"thumbnailUrl\":\"https:\\\/\\\/cebb.org.br\\\/wp-content\\\/uploads\\\/2025\\\/10\\\/Sabado-de-silencioo-4.jpg\",\"articleSection\":[\"Boletim da Sanga\",\"CEBB Niter\u00f3i\",\"Pr\u00f3ximos Eventos\",\"RJ\"],\"inLanguage\":\"es\",\"potentialAction\":[{\"@type\":\"CommentAction\",\"name\":\"Comment\",\"target\":[\"https:\\\/\\\/cebb.org.br\\\/sabado-de-silencio-i-dia-01-11-i-das-9h-as-12h\\\/#respond\"]}]},{\"@type\":\"WebPage\",\"@id\":\"https:\\\/\\\/cebb.org.br\\\/sabado-de-silencio-i-dia-01-11-i-das-9h-as-12h\\\/\",\"url\":\"https:\\\/\\\/cebb.org.br\\\/sabado-de-silencio-i-dia-01-11-i-das-9h-as-12h\\\/\",\"name\":\"S\u00e1bado de Sil\u00eancio I dia 01\\\/11 I das 9h \u00e0s 12h - Centro de Estudos Budistas Bodisatva\",\"isPartOf\":{\"@id\":\"https:\\\/\\\/cebb.org.br\\\/#website\"},\"primaryImageOfPage\":{\"@id\":\"https:\\\/\\\/cebb.org.br\\\/sabado-de-silencio-i-dia-01-11-i-das-9h-as-12h\\\/#primaryimage\"},\"image\":{\"@id\":\"https:\\\/\\\/cebb.org.br\\\/sabado-de-silencio-i-dia-01-11-i-das-9h-as-12h\\\/#primaryimage\"},\"thumbnailUrl\":\"https:\\\/\\\/cebb.org.br\\\/wp-content\\\/uploads\\\/2025\\\/10\\\/Sabado-de-silencioo-4.jpg\",\"datePublished\":\"2025-10-26T22:06:36+00:00\",\"dateModified\":\"2026-01-14T18:43:45+00:00\",\"description\":\"S\u00e1bado de Sil\u00eancio - pr\u00e1tica de medita\u00e7\u00e3o CEBB Niter\u00f3i\",\"breadcrumb\":{\"@id\":\"https:\\\/\\\/cebb.org.br\\\/sabado-de-silencio-i-dia-01-11-i-das-9h-as-12h\\\/#breadcrumb\"},\"inLanguage\":\"es\",\"potentialAction\":[{\"@type\":\"ReadAction\",\"target\":[\"https:\\\/\\\/cebb.org.br\\\/sabado-de-silencio-i-dia-01-11-i-das-9h-as-12h\\\/\"]}]},{\"@type\":\"ImageObject\",\"inLanguage\":\"es\",\"@id\":\"https:\\\/\\\/cebb.org.br\\\/sabado-de-silencio-i-dia-01-11-i-das-9h-as-12h\\\/#primaryimage\",\"url\":\"https:\\\/\\\/cebb.org.br\\\/wp-content\\\/uploads\\\/2025\\\/10\\\/Sabado-de-silencioo-4.jpg\",\"contentUrl\":\"https:\\\/\\\/cebb.org.br\\\/wp-content\\\/uploads\\\/2025\\\/10\\\/Sabado-de-silencioo-4.jpg\",\"width\":1080,\"height\":1350},{\"@type\":\"BreadcrumbList\",\"@id\":\"https:\\\/\\\/cebb.org.br\\\/sabado-de-silencio-i-dia-01-11-i-das-9h-as-12h\\\/#breadcrumb\",\"itemListElement\":[{\"@type\":\"ListItem\",\"position\":1,\"name\":\"Home\",\"item\":\"https:\\\/\\\/cebb.org.br\\\/\"},{\"@type\":\"ListItem\",\"position\":2,\"name\":\"S\u00e1bado de Sil\u00eancio I dia 01\\\/11 I das 9h \u00e0s 12h\"}]},{\"@type\":\"WebSite\",\"@id\":\"https:\\\/\\\/cebb.org.br\\\/#website\",\"url\":\"https:\\\/\\\/cebb.org.br\\\/\",\"name\":\"Centro de Estudos Budistas Bodisatva\",\"description\":\"Budismo, medita\u00e7\u00e3o e cultura de paz | Lama Padma Samten\",\"publisher\":{\"@id\":\"https:\\\/\\\/cebb.org.br\\\/#organization\"},\"potentialAction\":[{\"@type\":\"SearchAction\",\"target\":{\"@type\":\"EntryPoint\",\"urlTemplate\":\"https:\\\/\\\/cebb.org.br\\\/?s={search_term_string}\"},\"query-input\":{\"@type\":\"PropertyValueSpecification\",\"valueRequired\":true,\"valueName\":\"search_term_string\"}}],\"inLanguage\":\"es\"},{\"@type\":\"Organization\",\"@id\":\"https:\\\/\\\/cebb.org.br\\\/#organization\",\"name\":\"Centro de Estudos Budistas Bodisatva\",\"url\":\"https:\\\/\\\/cebb.org.br\\\/\",\"logo\":{\"@type\":\"ImageObject\",\"inLanguage\":\"es\",\"@id\":\"https:\\\/\\\/cebb.org.br\\\/#\\\/schema\\\/logo\\\/image\\\/\",\"url\":\"http:\\\/\\\/18.230.164.79\\\/wp-content\\\/uploads\\\/2011\\\/03\\\/logosalvador-peq-e1660064979551.jpg\",\"contentUrl\":\"http:\\\/\\\/18.230.164.79\\\/wp-content\\\/uploads\\\/2011\\\/03\\\/logosalvador-peq-e1660064979551.jpg\",\"width\":280,\"height\":231,\"caption\":\"Centro de Estudos Budistas Bodisatva\"},\"image\":{\"@id\":\"https:\\\/\\\/cebb.org.br\\\/#\\\/schema\\\/logo\\\/image\\\/\"},\"sameAs\":[\"https:\\\/\\\/pt-br.facebook.com\\\/cebb108\",\"https:\\\/\\\/www.instagram.com\\\/cebbcaminhodomeio\\\/\"]},{\"@type\":\"Person\",\"@id\":\"https:\\\/\\\/cebb.org.br\\\/#\\\/schema\\\/person\\\/5e53324cfba10f7e2a3c73989540d38d\",\"name\":\"CEBB Niteroi\",\"image\":{\"@type\":\"ImageObject\",\"inLanguage\":\"es\",\"@id\":\"https:\\\/\\\/secure.gravatar.com\\\/avatar\\\/9d20b92d21516c040170094ea4ea96b985f203b056bb500b384f98f7b1e69333?s=96&d=mm&r=g\",\"url\":\"https:\\\/\\\/secure.gravatar.com\\\/avatar\\\/9d20b92d21516c040170094ea4ea96b985f203b056bb500b384f98f7b1e69333?s=96&d=mm&r=g\",\"contentUrl\":\"https:\\\/\\\/secure.gravatar.com\\\/avatar\\\/9d20b92d21516c040170094ea4ea96b985f203b056bb500b384f98f7b1e69333?s=96&d=mm&r=g\",\"caption\":\"CEBB Niteroi\"},\"url\":\"https:\\\/\\\/cebb.org.br\\\/es\\\/author\\\/amanda\\\/\"}]}<\/script>\n<!-- \/ Yoast SEO plugin. -->","yoast_head_json":{"title":"S\u00e1bado de Sil\u00eancio I dia 01\/11 I das 9h \u00e0s 12h - Centro de Estudos Budistas Bodisatva","description":"S\u00e1bado de Sil\u00eancio - pr\u00e1tica de medita\u00e7\u00e3o CEBB Niter\u00f3i","robots":{"index":"index","follow":"follow","max-snippet":"max-snippet:-1","max-image-preview":"max-image-preview:large","max-video-preview":"max-video-preview:-1"},"canonical":"https:\/\/cebb.org.br\/es\/sabado-de-silencio-i-dia-01-11-i-das-9h-as-12h\/","og_locale":"es_ES","og_type":"article","og_title":"S\u00e1bado de Sil\u00eancio I dia 01\/11 I das 9h \u00e0s 12h - Centro de Estudos Budistas Bodisatva","og_description":"S\u00e1bado de Sil\u00eancio - pr\u00e1tica de medita\u00e7\u00e3o CEBB Niter\u00f3i","og_url":"https:\/\/cebb.org.br\/es\/sabado-de-silencio-i-dia-01-11-i-das-9h-as-12h\/","og_site_name":"Centro de Estudos Budistas Bodisatva","article_publisher":"https:\/\/pt-br.facebook.com\/cebb108","article_published_time":"2025-10-26T22:06:36+00:00","article_modified_time":"2026-01-14T18:43:45+00:00","og_image":[{"width":1080,"height":1350,"url":"https:\/\/cebb.org.br\/wp-content\/uploads\/2025\/10\/Sabado-de-silencioo-4.jpg","type":"image\/jpeg"}],"author":"CEBB Niteroi","twitter_card":"summary_large_image","twitter_misc":{"Escrito por":"CEBB Niteroi","Tiempo de lectura":"1 minuto"},"schema":{"@context":"https:\/\/schema.org","@graph":[{"@type":"Article","@id":"https:\/\/cebb.org.br\/sabado-de-silencio-i-dia-01-11-i-das-9h-as-12h\/#article","isPartOf":{"@id":"https:\/\/cebb.org.br\/sabado-de-silencio-i-dia-01-11-i-das-9h-as-12h\/"},"author":{"name":"CEBB Niteroi","@id":"https:\/\/cebb.org.br\/#\/schema\/person\/5e53324cfba10f7e2a3c73989540d38d"},"headline":"S\u00e1bado de Sil\u00eancio I dia 01\/11 I das 9h \u00e0s 12h","datePublished":"2025-10-26T22:06:36+00:00","dateModified":"2026-01-14T18:43:45+00:00","mainEntityOfPage":{"@id":"https:\/\/cebb.org.br\/sabado-de-silencio-i-dia-01-11-i-das-9h-as-12h\/"},"wordCount":125,"commentCount":0,"publisher":{"@id":"https:\/\/cebb.org.br\/#organization"},"image":{"@id":"https:\/\/cebb.org.br\/sabado-de-silencio-i-dia-01-11-i-das-9h-as-12h\/#primaryimage"},"thumbnailUrl":"https:\/\/cebb.org.br\/wp-content\/uploads\/2025\/10\/Sabado-de-silencioo-4.jpg","articleSection":["Boletim da Sanga","CEBB Niter\u00f3i","Pr\u00f3ximos Eventos","RJ"],"inLanguage":"es","potentialAction":[{"@type":"CommentAction","name":"Comment","target":["https:\/\/cebb.org.br\/sabado-de-silencio-i-dia-01-11-i-das-9h-as-12h\/#respond"]}]},{"@type":"WebPage","@id":"https:\/\/cebb.org.br\/sabado-de-silencio-i-dia-01-11-i-das-9h-as-12h\/","url":"https:\/\/cebb.org.br\/sabado-de-silencio-i-dia-01-11-i-das-9h-as-12h\/","name":"S\u00e1bado de Sil\u00eancio I dia 01\/11 I das 9h \u00e0s 12h - Centro de Estudos Budistas Bodisatva","isPartOf":{"@id":"https:\/\/cebb.org.br\/#website"},"primaryImageOfPage":{"@id":"https:\/\/cebb.org.br\/sabado-de-silencio-i-dia-01-11-i-das-9h-as-12h\/#primaryimage"},"image":{"@id":"https:\/\/cebb.org.br\/sabado-de-silencio-i-dia-01-11-i-das-9h-as-12h\/#primaryimage"},"thumbnailUrl":"https:\/\/cebb.org.br\/wp-content\/uploads\/2025\/10\/Sabado-de-silencioo-4.jpg","datePublished":"2025-10-26T22:06:36+00:00","dateModified":"2026-01-14T18:43:45+00:00","description":"S\u00e1bado de Sil\u00eancio - pr\u00e1tica de medita\u00e7\u00e3o CEBB Niter\u00f3i","breadcrumb":{"@id":"https:\/\/cebb.org.br\/sabado-de-silencio-i-dia-01-11-i-das-9h-as-12h\/#breadcrumb"},"inLanguage":"es","potentialAction":[{"@type":"ReadAction","target":["https:\/\/cebb.org.br\/sabado-de-silencio-i-dia-01-11-i-das-9h-as-12h\/"]}]},{"@type":"ImageObject","inLanguage":"es","@id":"https:\/\/cebb.org.br\/sabado-de-silencio-i-dia-01-11-i-das-9h-as-12h\/#primaryimage","url":"https:\/\/cebb.org.br\/wp-content\/uploads\/2025\/10\/Sabado-de-silencioo-4.jpg","contentUrl":"https:\/\/cebb.org.br\/wp-content\/uploads\/2025\/10\/Sabado-de-silencioo-4.jpg","width":1080,"height":1350},{"@type":"BreadcrumbList","@id":"https:\/\/cebb.org.br\/sabado-de-silencio-i-dia-01-11-i-das-9h-as-12h\/#breadcrumb","itemListElement":[{"@type":"ListItem","position":1,"name":"Home","item":"https:\/\/cebb.org.br\/"},{"@type":"ListItem","position":2,"name":"S\u00e1bado de Sil\u00eancio I dia 01\/11 I das 9h \u00e0s 12h"}]},{"@type":"WebSite","@id":"https:\/\/cebb.org.br\/#website","url":"https:\/\/cebb.org.br\/","name":"Centro de Estudios Budistas Bodisatva","description":"Budismo, meditaci\u00f3n y cultura de paz | Lama Padma Samten","publisher":{"@id":"https:\/\/cebb.org.br\/#organization"},"potentialAction":[{"@type":"SearchAction","target":{"@type":"EntryPoint","urlTemplate":"https:\/\/cebb.org.br\/?s={search_term_string}"},"query-input":{"@type":"PropertyValueSpecification","valueRequired":true,"valueName":"search_term_string"}}],"inLanguage":"es"},{"@type":"Organization","@id":"https:\/\/cebb.org.br\/#organization","name":"Centro de Estudios Budistas Bodisatva","url":"https:\/\/cebb.org.br\/","logo":{"@type":"ImageObject","inLanguage":"es","@id":"https:\/\/cebb.org.br\/#\/schema\/logo\/image\/","url":"http:\/\/18.230.164.79\/wp-content\/uploads\/2011\/03\/logosalvador-peq-e1660064979551.jpg","contentUrl":"http:\/\/18.230.164.79\/wp-content\/uploads\/2011\/03\/logosalvador-peq-e1660064979551.jpg","width":280,"height":231,"caption":"Centro de Estudos Budistas Bodisatva"},"image":{"@id":"https:\/\/cebb.org.br\/#\/schema\/logo\/image\/"},"sameAs":["https:\/\/pt-br.facebook.com\/cebb108","https:\/\/www.instagram.com\/cebbcaminhodomeio\/"]},{"@type":"Person","@id":"https:\/\/cebb.org.br\/#\/schema\/person\/5e53324cfba10f7e2a3c73989540d38d","name":"CEBB Niteroi","image":{"@type":"ImageObject","inLanguage":"es","@id":"https:\/\/secure.gravatar.com\/avatar\/9d20b92d21516c040170094ea4ea96b985f203b056bb500b384f98f7b1e69333?s=96&d=mm&r=g","url":"https:\/\/secure.gravatar.com\/avatar\/9d20b92d21516c040170094ea4ea96b985f203b056bb500b384f98f7b1e69333?s=96&d=mm&r=g","contentUrl":"https:\/\/secure.gravatar.com\/avatar\/9d20b92d21516c040170094ea4ea96b985f203b056bb500b384f98f7b1e69333?s=96&d=mm&r=g","caption":"CEBB Niteroi"},"url":"https:\/\/cebb.org.br\/es\/author\/amanda\/"}]}},"_links":{"self":[{"href":"https:\/\/cebb.org.br\/es\/wp-json\/wp\/v2\/posts\/119606","targetHints":{"allow":["GET"]}}],"collection":[{"href":"https:\/\/cebb.org.br\/es\/wp-json\/wp\/v2\/posts"}],"about":[{"href":"https:\/\/cebb.org.br\/es\/wp-json\/wp\/v2\/types\/post"}],"author":[{"embeddable":true,"href":"https:\/\/cebb.org.br\/es\/wp-json\/wp\/v2\/users\/17"}],"replies":[{"embeddable":true,"href":"https:\/\/cebb.org.br\/es\/wp-json\/wp\/v2\/comments?post=119606"}],"version-history":[{"count":4,"href":"https:\/\/cebb.org.br\/es\/wp-json\/wp\/v2\/posts\/119606\/revisions"}],"predecessor-version":[{"id":120443,"href":"https:\/\/cebb.org.br\/es\/wp-json\/wp\/v2\/posts\/119606\/revisions\/120443"}],"wp:featuredmedia":[{"embeddable":true,"href":"https:\/\/cebb.org.br\/es\/wp-json\/wp\/v2\/media\/119609"}],"wp:attachment":[{"href":"https:\/\/cebb.org.br\/es\/wp-json\/wp\/v2\/media?parent=119606"}],"wp:term":[{"taxonomy":"category","embeddable":true,"href":"https:\/\/cebb.org.br\/es\/wp-json\/wp\/v2\/categories?post=119606"},{"taxonomy":"post_tag","embeddable":true,"href":"https:\/\/cebb.org.br\/es\/wp-json\/wp\/v2\/tags?post=119606"}],"curies":[{"name":"wp","href":"https:\/\/api.w.org\/{rel}","templated":true}]}}