{"id":121168,"date":"2025-04-05T20:40:57","date_gmt":"2025-04-05T23:40:57","guid":{"rendered":"https:\/\/cebb.org.br\/?p=121168"},"modified":"2026-04-16T15:00:47","modified_gmt":"2026-04-16T18:00:47","slug":"lamanida","status":"publish","type":"post","link":"https:\/\/cebb.org.br\/es\/lamanida\/","title":{"rendered":"Yuthok Nyinthig e Sowa Rigpa"},"content":{"rendered":"<p><strong><em>Yuthok Nyinthig e Sowa Rigpa<br \/>\n<\/em>Lama Samten recebe Dr. Nida Chenagtsang (online)<em><br \/>\n<\/em>19 de abril (domingo), das 14h \u00e0s 15h30 BRT<br \/>\nCEBB Mendjila e Online<\/strong><br \/>\n<!--more--><\/p>\n<p>&nbsp;<\/p>\n<p>&nbsp;<\/p>\n<blockquote><p>\u00c9 com alegria que convidamos todos para esta conversa online no dia 19 de abril (domingo), \u00e0s 14h BRT. Nosso anfitri\u00e3o, o Lama Padma Samten, receber\u00e1 o Dr. Nida Chenagtsang, <strong>que estar\u00e1 online<\/strong>, para uma conversa sobre a linhagem do budismo tibetano ligada \u00e0 medicina &#8211; Yuthok Nyinthig &#8211; e \u00e0 sabedoria ancestral tibetana de medicina &#8211; Sowa Rigpa.<\/p><\/blockquote>\n<p>&nbsp;<\/p>\n<p>A conversa contar\u00e1 com tradu\u00e7\u00e3o simult\u00e2nea para o portugu\u00eas.<\/p>\n<p>&nbsp;<\/p>\n<hr \/>\n<p><strong><span class=\"OYPEnA text-decoration-none text-strikethrough-none\"><img decoding=\"async\" class=\"wp-image-113938 size-full alignleft\" src=\"https:\/\/cebb.org.br\/wp-content\/uploads\/2025\/05\/Lama.png\" alt=\"\" width=\"150\" height=\"150\" srcset=\"https:\/\/cebb.org.br\/wp-content\/uploads\/2025\/05\/Lama.png 150w, https:\/\/cebb.org.br\/wp-content\/uploads\/2025\/05\/Lama-12x12.png 12w\" sizes=\"(max-width: 150px) 100vw, 150px\" \/><\/span><\/strong><\/p>\n<p>&nbsp;<\/p>\n<p><strong><span class=\"OYPEnA text-decoration-none text-strikethrough-none\">Lama Padma Samten <\/span><\/strong><span class=\"OYPEnA text-decoration-none text-strikethrough-none\">\u00e9 f<\/span><span class=\"OYPEnA text-decoration-none text-strikethrough-none\">\u00edsico pela UFRGS, onde deu aulas na universidade por 20 anos. Ativista ambiental, fundou em 1986 o CEBB (Centro de Estudos Budistas Bodisatva) e largou a doc\u00eancia para dedicar-se \u00e0 espiritualidade. Em 1996 foi ordenado Lama budista por seu mestre, Chagdud Rinpoche, tibetano fundador do Templo de Tr\u00eas Coroas. Hoje, Lama Padma Samten \u2013 dedica-se \u00e0 ci\u00eancia, \u00e0 espiritualidade e ao movimento ecol\u00f3gico.<\/span><\/p>\n<p>&nbsp;<\/p>\n<h3>Convidado<\/h3>\n<p><strong><img decoding=\"async\" class=\"alignleft wp-image-121169 size-thumbnail\" src=\"https:\/\/cebb.org.br\/wp-content\/uploads\/2026\/03\/DrNidaHeadshot-169x169.jpg\" alt=\"\" width=\"169\" height=\"169\" \/><\/strong><\/p>\n<p><strong>Dr. Nida Chenagtsang\u00a0<\/strong>\u00e9 um renomado m\u00e9dico tibetano, erudito e mestre da linhagem Yuthok Nyingthig, a tradi\u00e7\u00e3o espiritual \u00fanica de cura da Sowa Rigpa (Medicina Tradicional Tibetana). Nascido em Amdo, no nordeste do Tibete, iniciou sua forma\u00e7\u00e3o m\u00e9dica no hospital local de Sowa Rigpa antes de se formar na Universidade de Medicina Tibetana de Lhasa em 1996.<\/p>\n<p>Paralelamente aos estudos m\u00e9dicos, dedicou-se ao budismo Vajrayana, recebendo transmiss\u00f5es e treinamento de estimados mestres de todas as escolas, com foco particular nas tradi\u00e7\u00f5es Longchen Nyingthig, Dudjom Tersar e Yuthok Nyingthig.<\/p>\n<p>Poeta de renome na juventude, publicou in\u00fameros livros e artigos sobre Sowa Rigpa e o Yuthok Nyingthig, al\u00e9m de pesquisas inovadoras sobre pr\u00e1ticas ancestrais de cura tibetanas, conquistando reconhecimento internacional no Oriente e Ocidente.<\/p>\n<p>Como fundador e diretor acad\u00eamico do Instituto Sowa Rigpa, d\u00e1 ensinamentos no mundo inteiro h\u00e1 mais de 25 anos e continua a compartilhar a sabedoria da Medicina Tibetana, preservando e promovendo suas profundas tradi\u00e7\u00f5es de cura para as futuras gera\u00e7\u00f5es.<\/p>\n<p>&nbsp;<\/p>\n<hr \/>\n<h3><\/h3>\n<h3><strong>Inscri\u00e7\u00f5es &amp; Pr\u00e1tica de Generosidade<\/strong><\/h3>\n<blockquote><p><em>A pr\u00e1tica da Dana Paramita \u2013 perfei\u00e7\u00e3o da generosidade \u2013 torna poss\u00edvel a continuidade dos ensinamentos desde os tempos do Buda. As seis paramitas \u2013 generosidade, moralidade, paz, energia constante, concentra\u00e7\u00e3o e sabedoria \u2013 inspiram a pr\u00e1tica e s\u00e3o a base geradora e sustentadora dos centros de estudos, medita\u00e7\u00e3o, acolhimento e das iniciativas de educa\u00e7\u00e3o, prote\u00e7\u00e3o ambiental, Terras Puras e Cultura de Paz da Sanga CEBB.<\/em><\/p><\/blockquote>\n<p>&nbsp;<\/p>\n<a href=\"https:\/\/docs.google.com\/forms\/d\/e\/1FAIpQLSecmbUUvGrLe_j7qJ6CgSVHk9RQUpis81PRU5a8J4MXT6wKlQ\/viewform\" class=\"su-button su-button-style-flat\" style=\"color:#FFFFFF;background-color:#b8190d;border-color:#94140b;border-radius:4px\" target=\"_blank\" rel=\"noopener noreferrer\"><span style=\"color:#FFFFFF;padding:5px 14px;font-size:12px;line-height:18px;border-color:#ce5e56;border-radius:4px;text-shadow:none\"><i class=\"sui sui-map-marker\" style=\"font-size:12px;color:#FFFFFF\"><\/i> INSCRI\u00c7\u00c3O PARTICIPA\u00c7\u00c3O PRESENCIAL<\/span><\/a>\n<a href=\"https:\/\/caminhodomeio.org.br\/evento\/yuthok-nyinthig-e-sowa-rigpa-com-lama-samten-e-dr-nida-chenagtsang\/\" class=\"su-button su-button-style-flat\" style=\"color:#FFFFFF;background-color:#b8190d;border-color:#94140b;border-radius:4px\" target=\"_blank\" rel=\"noopener noreferrer\"><span style=\"color:#FFFFFF;padding:5px 14px;font-size:12px;line-height:18px;border-color:#ce5e56;border-radius:4px;text-shadow:none\"><i class=\"sui sui-map-marker\" style=\"font-size:12px;color:#FFFFFF\"><\/i> INSCRI\u00c7\u00c3O PARTICIPA\u00c7\u00c3O ONLINE<\/span><\/a>\n<p>&nbsp;<\/p>\n<h3>Contato &#8211; Participa\u00e7\u00e3o presencial<\/h3>\n<p>Se tiver d\u00favidas ou algum tipo de necessidade especial, por favor, nos contate atrav\u00e9s de mensagens via WhatsApp: (48) 999434194 ou por e-mail para <strong>cebbcanelinha.eventos@gmail.com<\/strong><\/p>\n<p>&nbsp;<\/p>\n<h3>Contato &#8211; Participa\u00e7\u00e3o online<\/h3>\n<p>Se tiver alguma d\u00favida, por favor, envie um email para <strong>acaoparamita@gmail.com<\/strong><\/p>","protected":false},"excerpt":{"rendered":"<p>Conversa sobre Yuthok Nyinthig e Sowa Rigpa com o Dr. Nida Chenagtsang (online). Lama Samten ser\u00e1 o anfitri\u00e3o neste encontro do dia 19 de abril (domingo), \u00e0s 14h, no CEBB Mendjila e online.<\/p>","protected":false},"author":79,"featured_media":121750,"comment_status":"open","ping_status":"open","sticky":false,"template":"","format":"standard","meta":{"footnotes":""},"categories":[718,400,628,344],"tags":[522],"class_list":["post-121168","post","type-post","status-publish","format-standard","has-post-thumbnail","hentry","category-banerprincipal","category-mendjila","category-destaque","category-lamasamten","tag-eventos"],"yoast_head":"<!-- This site is optimized with the Yoast SEO plugin v27.4 - https:\/\/yoast.com\/product\/yoast-seo-wordpress\/ -->\n<title>Yuthok Nyinthig e Sowa Rigpa - Centro de Estudos Budistas Bodisatva<\/title>\n<meta name=\"description\" content=\"Lama Samten recebe Dr. Nida Chenagtsang (online) para uma conversa sobre Yuthok Nyinthig e Sowa Rigpa no dia 19 de abril, domingo, \u00e0s 14h.\" \/>\n<meta name=\"robots\" content=\"index, follow, max-snippet:-1, max-image-preview:large, max-video-preview:-1\" \/>\n<link rel=\"canonical\" href=\"https:\/\/cebb.org.br\/es\/lamanida\/\" \/>\n<meta property=\"og:locale\" content=\"es_ES\" \/>\n<meta property=\"og:type\" content=\"article\" \/>\n<meta property=\"og:title\" content=\"Yuthok Nyinthig e Sowa Rigpa - Centro de Estudos Budistas Bodisatva\" \/>\n<meta property=\"og:description\" content=\"Lama Samten recebe Dr. Nida Chenagtsang (online) para uma conversa sobre Yuthok Nyinthig e Sowa Rigpa no dia 19 de abril, domingo, \u00e0s 14h.\" \/>\n<meta property=\"og:url\" content=\"https:\/\/cebb.org.br\/es\/lamanida\/\" \/>\n<meta property=\"og:site_name\" content=\"Centro de Estudos Budistas Bodisatva\" \/>\n<meta property=\"article:publisher\" content=\"https:\/\/pt-br.facebook.com\/cebb108\" \/>\n<meta property=\"article:published_time\" content=\"2025-04-05T23:40:57+00:00\" \/>\n<meta property=\"article:modified_time\" content=\"2026-04-16T18:00:47+00:00\" \/>\n<meta property=\"og:image\" content=\"https:\/\/cebb.org.br\/wp-content\/uploads\/2025\/04\/7.png\" \/>\n\t<meta property=\"og:image:width\" content=\"1366\" \/>\n\t<meta property=\"og:image:height\" content=\"768\" \/>\n\t<meta property=\"og:image:type\" content=\"image\/png\" \/>\n<meta name=\"author\" content=\"Coletivo Intersomos\" \/>\n<meta name=\"twitter:card\" content=\"summary_large_image\" \/>\n<meta name=\"twitter:label1\" content=\"Escrito por\" \/>\n\t<meta name=\"twitter:data1\" content=\"Coletivo Intersomos\" \/>\n\t<meta name=\"twitter:label2\" content=\"Tiempo de lectura\" \/>\n\t<meta name=\"twitter:data2\" content=\"3 minutos\" \/>\n<script type=\"application\/ld+json\" class=\"yoast-schema-graph\">{\"@context\":\"https:\\\/\\\/schema.org\",\"@graph\":[{\"@type\":\"Article\",\"@id\":\"https:\\\/\\\/cebb.org.br\\\/lamanida\\\/#article\",\"isPartOf\":{\"@id\":\"https:\\\/\\\/cebb.org.br\\\/lamanida\\\/\"},\"author\":{\"name\":\"Coletivo Intersomos\",\"@id\":\"https:\\\/\\\/cebb.org.br\\\/#\\\/schema\\\/person\\\/05a696a76f72d472c540f3d7a905f39c\"},\"headline\":\"Yuthok Nyinthig e Sowa Rigpa\",\"datePublished\":\"2025-04-05T23:40:57+00:00\",\"dateModified\":\"2026-04-16T18:00:47+00:00\",\"mainEntityOfPage\":{\"@id\":\"https:\\\/\\\/cebb.org.br\\\/lamanida\\\/\"},\"wordCount\":540,\"commentCount\":0,\"publisher\":{\"@id\":\"https:\\\/\\\/cebb.org.br\\\/#organization\"},\"image\":{\"@id\":\"https:\\\/\\\/cebb.org.br\\\/lamanida\\\/#primaryimage\"},\"thumbnailUrl\":\"https:\\\/\\\/cebb.org.br\\\/wp-content\\\/uploads\\\/2025\\\/04\\\/7.png\",\"keywords\":[\"Eventos\"],\"articleSection\":[\".BanerPrincipal\",\"CEBB Mendjila\",\"Destaque\",\"Lama Padma Samten\"],\"inLanguage\":\"es\",\"potentialAction\":[{\"@type\":\"CommentAction\",\"name\":\"Comment\",\"target\":[\"https:\\\/\\\/cebb.org.br\\\/lamanida\\\/#respond\"]}]},{\"@type\":\"WebPage\",\"@id\":\"https:\\\/\\\/cebb.org.br\\\/lamanida\\\/\",\"url\":\"https:\\\/\\\/cebb.org.br\\\/lamanida\\\/\",\"name\":\"Yuthok Nyinthig e Sowa Rigpa - Centro de Estudos Budistas Bodisatva\",\"isPartOf\":{\"@id\":\"https:\\\/\\\/cebb.org.br\\\/#website\"},\"primaryImageOfPage\":{\"@id\":\"https:\\\/\\\/cebb.org.br\\\/lamanida\\\/#primaryimage\"},\"image\":{\"@id\":\"https:\\\/\\\/cebb.org.br\\\/lamanida\\\/#primaryimage\"},\"thumbnailUrl\":\"https:\\\/\\\/cebb.org.br\\\/wp-content\\\/uploads\\\/2025\\\/04\\\/7.png\",\"datePublished\":\"2025-04-05T23:40:57+00:00\",\"dateModified\":\"2026-04-16T18:00:47+00:00\",\"description\":\"Lama Samten recebe Dr. Nida Chenagtsang (online) para uma conversa sobre Yuthok Nyinthig e Sowa Rigpa no dia 19 de abril, domingo, \u00e0s 14h.\",\"breadcrumb\":{\"@id\":\"https:\\\/\\\/cebb.org.br\\\/lamanida\\\/#breadcrumb\"},\"inLanguage\":\"es\",\"potentialAction\":[{\"@type\":\"ReadAction\",\"target\":[\"https:\\\/\\\/cebb.org.br\\\/lamanida\\\/\"]}]},{\"@type\":\"ImageObject\",\"inLanguage\":\"es\",\"@id\":\"https:\\\/\\\/cebb.org.br\\\/lamanida\\\/#primaryimage\",\"url\":\"https:\\\/\\\/cebb.org.br\\\/wp-content\\\/uploads\\\/2025\\\/04\\\/7.png\",\"contentUrl\":\"https:\\\/\\\/cebb.org.br\\\/wp-content\\\/uploads\\\/2025\\\/04\\\/7.png\",\"width\":1366,\"height\":768},{\"@type\":\"BreadcrumbList\",\"@id\":\"https:\\\/\\\/cebb.org.br\\\/lamanida\\\/#breadcrumb\",\"itemListElement\":[{\"@type\":\"ListItem\",\"position\":1,\"name\":\"Home\",\"item\":\"https:\\\/\\\/cebb.org.br\\\/\"},{\"@type\":\"ListItem\",\"position\":2,\"name\":\"Yuthok Nyinthig e Sowa Rigpa\"}]},{\"@type\":\"WebSite\",\"@id\":\"https:\\\/\\\/cebb.org.br\\\/#website\",\"url\":\"https:\\\/\\\/cebb.org.br\\\/\",\"name\":\"Centro de Estudos Budistas Bodisatva\",\"description\":\"Budismo, medita\u00e7\u00e3o e cultura de paz | Lama Padma Samten\",\"publisher\":{\"@id\":\"https:\\\/\\\/cebb.org.br\\\/#organization\"},\"potentialAction\":[{\"@type\":\"SearchAction\",\"target\":{\"@type\":\"EntryPoint\",\"urlTemplate\":\"https:\\\/\\\/cebb.org.br\\\/?s={search_term_string}\"},\"query-input\":{\"@type\":\"PropertyValueSpecification\",\"valueRequired\":true,\"valueName\":\"search_term_string\"}}],\"inLanguage\":\"es\"},{\"@type\":\"Organization\",\"@id\":\"https:\\\/\\\/cebb.org.br\\\/#organization\",\"name\":\"Centro de Estudos Budistas Bodisatva\",\"url\":\"https:\\\/\\\/cebb.org.br\\\/\",\"logo\":{\"@type\":\"ImageObject\",\"inLanguage\":\"es\",\"@id\":\"https:\\\/\\\/cebb.org.br\\\/#\\\/schema\\\/logo\\\/image\\\/\",\"url\":\"http:\\\/\\\/18.230.164.79\\\/wp-content\\\/uploads\\\/2011\\\/03\\\/logosalvador-peq-e1660064979551.jpg\",\"contentUrl\":\"http:\\\/\\\/18.230.164.79\\\/wp-content\\\/uploads\\\/2011\\\/03\\\/logosalvador-peq-e1660064979551.jpg\",\"width\":280,\"height\":231,\"caption\":\"Centro de Estudos Budistas Bodisatva\"},\"image\":{\"@id\":\"https:\\\/\\\/cebb.org.br\\\/#\\\/schema\\\/logo\\\/image\\\/\"},\"sameAs\":[\"https:\\\/\\\/pt-br.facebook.com\\\/cebb108\",\"https:\\\/\\\/www.instagram.com\\\/cebbcaminhodomeio\\\/\"]},{\"@type\":\"Person\",\"@id\":\"https:\\\/\\\/cebb.org.br\\\/#\\\/schema\\\/person\\\/05a696a76f72d472c540f3d7a905f39c\",\"name\":\"Coletivo Intersomos\",\"image\":{\"@type\":\"ImageObject\",\"inLanguage\":\"es\",\"@id\":\"https:\\\/\\\/secure.gravatar.com\\\/avatar\\\/5b3268ebf7c1516b7910dc782a9ef52986a33844353256fce20260189c5f6b83?s=96&d=mm&r=g\",\"url\":\"https:\\\/\\\/secure.gravatar.com\\\/avatar\\\/5b3268ebf7c1516b7910dc782a9ef52986a33844353256fce20260189c5f6b83?s=96&d=mm&r=g\",\"contentUrl\":\"https:\\\/\\\/secure.gravatar.com\\\/avatar\\\/5b3268ebf7c1516b7910dc782a9ef52986a33844353256fce20260189c5f6b83?s=96&d=mm&r=g\",\"caption\":\"Coletivo Intersomos\"},\"url\":\"https:\\\/\\\/cebb.org.br\\\/es\\\/author\\\/coletivo-intersomos\\\/\"}]}<\/script>\n<!-- \/ Yoast SEO plugin. -->","yoast_head_json":{"title":"Yuthok Nyinthig e Sowa Rigpa - Centro de Estudos Budistas Bodisatva","description":"Lama Samten recebe Dr. Nida Chenagtsang (online) para uma conversa sobre Yuthok Nyinthig e Sowa Rigpa no dia 19 de abril, domingo, \u00e0s 14h.","robots":{"index":"index","follow":"follow","max-snippet":"max-snippet:-1","max-image-preview":"max-image-preview:large","max-video-preview":"max-video-preview:-1"},"canonical":"https:\/\/cebb.org.br\/es\/lamanida\/","og_locale":"es_ES","og_type":"article","og_title":"Yuthok Nyinthig e Sowa Rigpa - Centro de Estudos Budistas Bodisatva","og_description":"Lama Samten recebe Dr. Nida Chenagtsang (online) para uma conversa sobre Yuthok Nyinthig e Sowa Rigpa no dia 19 de abril, domingo, \u00e0s 14h.","og_url":"https:\/\/cebb.org.br\/es\/lamanida\/","og_site_name":"Centro de Estudos Budistas Bodisatva","article_publisher":"https:\/\/pt-br.facebook.com\/cebb108","article_published_time":"2025-04-05T23:40:57+00:00","article_modified_time":"2026-04-16T18:00:47+00:00","og_image":[{"width":1366,"height":768,"url":"https:\/\/cebb.org.br\/wp-content\/uploads\/2025\/04\/7.png","type":"image\/png"}],"author":"Coletivo Intersomos","twitter_card":"summary_large_image","twitter_misc":{"Escrito por":"Coletivo Intersomos","Tiempo de lectura":"3 minutos"},"schema":{"@context":"https:\/\/schema.org","@graph":[{"@type":"Article","@id":"https:\/\/cebb.org.br\/lamanida\/#article","isPartOf":{"@id":"https:\/\/cebb.org.br\/lamanida\/"},"author":{"name":"Coletivo Intersomos","@id":"https:\/\/cebb.org.br\/#\/schema\/person\/05a696a76f72d472c540f3d7a905f39c"},"headline":"Yuthok Nyinthig e Sowa Rigpa","datePublished":"2025-04-05T23:40:57+00:00","dateModified":"2026-04-16T18:00:47+00:00","mainEntityOfPage":{"@id":"https:\/\/cebb.org.br\/lamanida\/"},"wordCount":540,"commentCount":0,"publisher":{"@id":"https:\/\/cebb.org.br\/#organization"},"image":{"@id":"https:\/\/cebb.org.br\/lamanida\/#primaryimage"},"thumbnailUrl":"https:\/\/cebb.org.br\/wp-content\/uploads\/2025\/04\/7.png","keywords":["Eventos"],"articleSection":[".BanerPrincipal","CEBB Mendjila","Destaque","Lama Padma Samten"],"inLanguage":"es","potentialAction":[{"@type":"CommentAction","name":"Comment","target":["https:\/\/cebb.org.br\/lamanida\/#respond"]}]},{"@type":"WebPage","@id":"https:\/\/cebb.org.br\/lamanida\/","url":"https:\/\/cebb.org.br\/lamanida\/","name":"Yuthok Nyinthig e Sowa Rigpa - Centro de Estudos Budistas Bodisatva","isPartOf":{"@id":"https:\/\/cebb.org.br\/#website"},"primaryImageOfPage":{"@id":"https:\/\/cebb.org.br\/lamanida\/#primaryimage"},"image":{"@id":"https:\/\/cebb.org.br\/lamanida\/#primaryimage"},"thumbnailUrl":"https:\/\/cebb.org.br\/wp-content\/uploads\/2025\/04\/7.png","datePublished":"2025-04-05T23:40:57+00:00","dateModified":"2026-04-16T18:00:47+00:00","description":"Lama Samten recebe Dr. Nida Chenagtsang (online) para uma conversa sobre Yuthok Nyinthig e Sowa Rigpa no dia 19 de abril, domingo, \u00e0s 14h.","breadcrumb":{"@id":"https:\/\/cebb.org.br\/lamanida\/#breadcrumb"},"inLanguage":"es","potentialAction":[{"@type":"ReadAction","target":["https:\/\/cebb.org.br\/lamanida\/"]}]},{"@type":"ImageObject","inLanguage":"es","@id":"https:\/\/cebb.org.br\/lamanida\/#primaryimage","url":"https:\/\/cebb.org.br\/wp-content\/uploads\/2025\/04\/7.png","contentUrl":"https:\/\/cebb.org.br\/wp-content\/uploads\/2025\/04\/7.png","width":1366,"height":768},{"@type":"BreadcrumbList","@id":"https:\/\/cebb.org.br\/lamanida\/#breadcrumb","itemListElement":[{"@type":"ListItem","position":1,"name":"Home","item":"https:\/\/cebb.org.br\/"},{"@type":"ListItem","position":2,"name":"Yuthok Nyinthig e Sowa Rigpa"}]},{"@type":"WebSite","@id":"https:\/\/cebb.org.br\/#website","url":"https:\/\/cebb.org.br\/","name":"Centro de Estudios Budistas Bodisatva","description":"Budismo, meditaci\u00f3n y cultura de paz | Lama Padma Samten","publisher":{"@id":"https:\/\/cebb.org.br\/#organization"},"potentialAction":[{"@type":"SearchAction","target":{"@type":"EntryPoint","urlTemplate":"https:\/\/cebb.org.br\/?s={search_term_string}"},"query-input":{"@type":"PropertyValueSpecification","valueRequired":true,"valueName":"search_term_string"}}],"inLanguage":"es"},{"@type":"Organization","@id":"https:\/\/cebb.org.br\/#organization","name":"Centro de Estudios Budistas Bodisatva","url":"https:\/\/cebb.org.br\/","logo":{"@type":"ImageObject","inLanguage":"es","@id":"https:\/\/cebb.org.br\/#\/schema\/logo\/image\/","url":"http:\/\/18.230.164.79\/wp-content\/uploads\/2011\/03\/logosalvador-peq-e1660064979551.jpg","contentUrl":"http:\/\/18.230.164.79\/wp-content\/uploads\/2011\/03\/logosalvador-peq-e1660064979551.jpg","width":280,"height":231,"caption":"Centro de Estudos Budistas Bodisatva"},"image":{"@id":"https:\/\/cebb.org.br\/#\/schema\/logo\/image\/"},"sameAs":["https:\/\/pt-br.facebook.com\/cebb108","https:\/\/www.instagram.com\/cebbcaminhodomeio\/"]},{"@type":"Person","@id":"https:\/\/cebb.org.br\/#\/schema\/person\/05a696a76f72d472c540f3d7a905f39c","name":"Coletivo Intersomos","image":{"@type":"ImageObject","inLanguage":"es","@id":"https:\/\/secure.gravatar.com\/avatar\/5b3268ebf7c1516b7910dc782a9ef52986a33844353256fce20260189c5f6b83?s=96&d=mm&r=g","url":"https:\/\/secure.gravatar.com\/avatar\/5b3268ebf7c1516b7910dc782a9ef52986a33844353256fce20260189c5f6b83?s=96&d=mm&r=g","contentUrl":"https:\/\/secure.gravatar.com\/avatar\/5b3268ebf7c1516b7910dc782a9ef52986a33844353256fce20260189c5f6b83?s=96&d=mm&r=g","caption":"Coletivo Intersomos"},"url":"https:\/\/cebb.org.br\/es\/author\/coletivo-intersomos\/"}]}},"_links":{"self":[{"href":"https:\/\/cebb.org.br\/es\/wp-json\/wp\/v2\/posts\/121168","targetHints":{"allow":["GET"]}}],"collection":[{"href":"https:\/\/cebb.org.br\/es\/wp-json\/wp\/v2\/posts"}],"about":[{"href":"https:\/\/cebb.org.br\/es\/wp-json\/wp\/v2\/types\/post"}],"author":[{"embeddable":true,"href":"https:\/\/cebb.org.br\/es\/wp-json\/wp\/v2\/users\/79"}],"replies":[{"embeddable":true,"href":"https:\/\/cebb.org.br\/es\/wp-json\/wp\/v2\/comments?post=121168"}],"version-history":[{"count":24,"href":"https:\/\/cebb.org.br\/es\/wp-json\/wp\/v2\/posts\/121168\/revisions"}],"predecessor-version":[{"id":121748,"href":"https:\/\/cebb.org.br\/es\/wp-json\/wp\/v2\/posts\/121168\/revisions\/121748"}],"wp:featuredmedia":[{"embeddable":true,"href":"https:\/\/cebb.org.br\/es\/wp-json\/wp\/v2\/media\/121750"}],"wp:attachment":[{"href":"https:\/\/cebb.org.br\/es\/wp-json\/wp\/v2\/media?parent=121168"}],"wp:term":[{"taxonomy":"category","embeddable":true,"href":"https:\/\/cebb.org.br\/es\/wp-json\/wp\/v2\/categories?post=121168"},{"taxonomy":"post_tag","embeddable":true,"href":"https:\/\/cebb.org.br\/es\/wp-json\/wp\/v2\/tags?post=121168"}],"curies":[{"name":"wp","href":"https:\/\/api.w.org\/{rel}","templated":true}]}}