{"id":121856,"date":"2026-04-28T15:08:42","date_gmt":"2026-04-28T18:08:42","guid":{"rendered":"https:\/\/cebb.org.br\/?p=121856"},"modified":"2026-04-28T15:30:13","modified_gmt":"2026-04-28T18:30:13","slug":"atiyoganida","status":"publish","type":"post","link":"https:\/\/cebb.org.br\/es\/atiyoganida\/","title":{"rendered":"Ati Yoga de Yuthok: Libera\u00e7\u00e3o do Samsara e do Nirvana | Retiro com Dr. Nida Chenagtsang"},"content":{"rendered":"<p><strong>Ati Yoga de Yuthok: Libera\u00e7\u00e3o do Samsara e do Nirvana | Retiro com Dr. Nida Chenagtsang<br \/>\n26 a 28 de junho de 2026<br \/>\nCEBB Sukhavati (Quatro Barras &#8211; PR)<\/strong><!--more--><\/p>\n<blockquote><p>\u201c\u00c9 meu desejo que a linhagem ininterrupta do Ati Yoga brilhe como uma luz grandiosa e universal, capaz de dissipar a escurid\u00e3o do sofrimento. Quanto maior for a escurid\u00e3o, mais essa luz brilhar\u00e1.\u201d<\/p><\/blockquote>\n<p style=\"text-align: center;\"><strong>\u2014 Dr. Nida Chenagtsang, do Pref\u00e1cio de\u00a0<em>Mirror of Light<\/em><\/strong><\/p>\n<p>&nbsp;<\/p>\n<p>Ati Yoga aponta diretamente para a natureza da mente \u2014 al\u00e9m de todas as constru\u00e7\u00f5es do samsara e do nirvana. A liberdade n\u00e3o \u00e9 algo a ser alcan\u00e7ado, mas algo a ser reconhecido e realizado, momento a momento.<\/p>\n<p>&nbsp;<\/p>\n<p>Nesta rara transmiss\u00e3o, o Dr. Nida Chenagtsang apresenta a vis\u00e3o, a medita\u00e7\u00e3o e a aplica\u00e7\u00e3o essenciais de Ati Yoga, conforme transmitidas por Yuthok Y\u00f6nten G\u00f6npo, o pai da Medicina Tibetana e do Yuthok Nyingthig, uma linhagem \u00fanica do Rim\u00e9 Vajrayana profundamente ligada \u00e0s ci\u00eancias da cura. Enraizados na tradi\u00e7\u00e3o Dzogchen, esses ensinamentos da Grande Conex\u00e3o guiam os praticantes a se reconectarem com sua natureza inata \u2014 a unidade insepar\u00e1vel de clareza e vacuidade.<\/p>\n<p>&nbsp;<\/p>\n<p>Indo al\u00e9m do esfor\u00e7o e do empenho, Ati Yoga revela a libera\u00e7\u00e3o como algo j\u00e1 presente. Por meio de instru\u00e7\u00f5es, medita\u00e7\u00e3o guiada e integra\u00e7\u00e3o experiencial, os participantes s\u00e3o convidados a repousar na consci\u00eancia natural e incorporar esse reconhecimento no fluxo da vida cotidiana.<\/p>\n<p>&nbsp;<\/p>\n<p>Aberto aos praticantes, sem pr\u00e9-requisitos, este programa oferece uma rara oportunidade de receber essas instru\u00e7\u00f5es profundas dentro de uma linhagem aut\u00eantica e viva, onde a realiza\u00e7\u00e3o espiritual e a cura est\u00e3o intimamente entrela\u00e7adas.<\/p>\n<p>&nbsp;<\/p>\n<hr \/>\n<div>\n<p>&nbsp;<\/p>\n<p><strong>In\u00edcio:<\/strong> 26 de junho, sexta \u00e0s 19h30 (check-in entre 17h e 18h)<br \/>\n<strong>T\u00e9rmino:<\/strong> 28 de junho, domingo \u00e0s 14h (ap\u00f3s almo\u00e7o)<br \/>\n<strong>Local:<\/strong>\u00a0CEBB Sukhavati<br \/>\nAv. D. Pedro II, 6506 \u2013 Quatro Barras\/PR (Estrada Velha da Graciosa)<\/p>\n<p>Para saber como chegar no CEBB Sukhavati:<a href=\"http:\/\/bit.ly\/mapasukhavati\"> http:\/\/bit.ly\/mapasukhavati<\/a><\/p>\n<\/div>\n<p>&nbsp;<\/p>\n<hr \/>\n<h3><strong>Programa\u00e7\u00e3o do Retiro:<\/strong><\/h3>\n<p><b>26 de junho (sexta)<\/b><\/p>\n<div>17h \u00e0s 18h \u2013 check-in<\/div>\n<div>18h \u00e0s 18h45 \u2013 Jantar<br \/>\n19h30 \u00e0s 21h00 \u2013 Abertura com Dr. Nida Chenagtsang<br \/>\n21h30 \u2013 Nobre sil\u00eancio<\/div>\n<p>&nbsp;<\/p>\n<p>&nbsp;<\/p>\n<div><b>27 de junho (s\u00e1bado)<br \/>\n<\/b>7h30 \u00e0s 8h45 &#8211; check-in (para quem n\u00e3o chegou na sexta)<br \/>\n5h30 \u2013 Medita\u00e7\u00e3o e Puja com Lama Padma Samten<br \/>\n7h \u2013 Caf\u00e9 da manh\u00e3<br \/>\n7h45 \u2013 Atividades volunt\u00e1rias e descanso<br \/>\n9h \u2013 Ensinamentos com Dr. Nida Chenagtsang<br \/>\n12h \u2013 Almo\u00e7o<br \/>\n12h45 \u2013 Atividades volunt\u00e1rias e descanso<br \/>\n15h \u2013 Ensinamentos com Dr. Nida Chenagtsang<br \/>\n17h \u2013 Atividades de corpo<br \/>\n18h \u2013 Jantar<br \/>\n19h \u2013 Puja com Lama Padma Samten<br \/>\n21h30 \u2013 Nobre sil\u00eancio<\/div>\n<p>&nbsp;<\/p>\n<p>&nbsp;<\/p>\n<div><b>28 de junho (domingo)<\/b><br \/>\n5h30 \u2013 Medita\u00e7\u00e3o e Puja com Lama Padma Samten<br \/>\n7h \u2013 Caf\u00e9 da manh\u00e3<br \/>\n7h45 \u2013 Atividades volunt\u00e1rias e descanso<br \/>\n9h \u2013 Ensinamentos com Dr. Nida Chenagtsang<br \/>\n12h \u2013 Despedida e B\u00ean\u00e7\u00e3os<br \/>\n13h \u2013 Almo\u00e7o<br \/>\n13h45 \u2013 Harmoniza\u00e7\u00e3o e despedida<\/div>\n<p><i>(As atividades e os hor\u00e1rios do retiro est\u00e3o sujeitos a altera\u00e7\u00f5es)<\/i><\/p>\n<p>&nbsp;<\/p>\n<div>\n<hr \/>\n<\/div>\n<p>&nbsp;<\/p>\n<p>&nbsp;<\/p>\n<div>\n<h2>HOSPEDAGEM<\/h2>\n<div>\n<div><b>OP\u00c7\u00c3O 1:<\/b>\u00a0Colabora\u00e7\u00e3o sugerida de R$ 980 (hospedagem em beliche em dormit\u00f3rio coletivo) &gt; Sinal de R$ 200 na inscri\u00e7\u00e3o, trazer R$ 780 dia do evento.<\/div>\n<p><b>OP\u00c7\u00c3O 2:<\/b>\u00a0Colabora\u00e7\u00e3o sugerida de R$ 940 (hospedagem em zabuton \u2013 colchonete no ch\u00e3o dentro do templo) &gt; Sinal de R$ 200 na inscri\u00e7\u00e3o, trazer R$ 740 no dia do evento.<br \/>\n<b>OP\u00c7\u00c3O 3:<\/b>\u00a0Colabora\u00e7\u00e3o sugerida de R$ 940 (hospedagem na sua barraca) &gt; Sinal de R$ 200 na inscri\u00e7\u00e3o, trazer R$ 740 no dia do evento.<br \/>\n<b>OP\u00c7\u00c3O 4:<\/b>\u00a0Colabora\u00e7\u00e3o sugerida de R$ 900 (sem hospedagem) &gt; Sinal de R$ 200 na inscri\u00e7\u00e3o, trazer R$ 700 no dia do evento.<\/p>\n<\/div>\n<div>\n<div><b>OP\u00c7\u00c3O 5:<\/b>\u00a0Colabora\u00e7\u00e3o sugerida de R$ 770 (sem hospedagem, SEM ALIMENTA\u00c7\u00c3O) &gt; Sinal de R$ 200 na inscri\u00e7\u00e3o, trazer R$ 570 no dia do evento.<\/div>\n<\/div>\n<\/div>\n<p>&nbsp;<\/p>\n<h2>Inscri\u00e7\u00e3o presencial<\/h2>\n<div>\n<a href=\"https:\/\/forms.gle\/nZf3yzZ9ygxEj3Zb8\" class=\"su-button su-button-style-flat\" style=\"color:#FFFFFF;background-color:#b8190d;border-color:#94140b;border-radius:4px\" target=\"_blank\" rel=\"noopener noreferrer\"><span style=\"color:#FFFFFF;padding:5px 14px;font-size:12px;line-height:18px;border-color:#ce5e56;border-radius:4px;text-shadow:none\"><i class=\"sui sui-map-marker\" style=\"font-size:12px;color:#FFFFFF\"><\/i> INSCRI\u00c7\u00c3O PRESENCIAL<\/span><\/a>\n<\/div>\n<p>&nbsp;<\/p>\n<h4>Contato para d\u00favidas sobre o retiro presencial<\/h4>\n<div><\/div>\n<div>\n<p>A sustenta\u00e7\u00e3o das atividades do CEBB no Brasil todo \u00e9 realizada unicamente pelo meio tradicional de sustenta\u00e7\u00e3o das sangas budistas: a doa\u00e7\u00e3o dos seus frequentadores. Ao mesmo tempo, praticamos o princ\u00edpio de que ningu\u00e9m deve deixar de ter acesso ao Darma por limita\u00e7\u00f5es financeiras. Escreva para: <strong>cebbsukhavati@gmail.com<\/strong> ou fale com whatsapp <strong>(41) 996419649<\/strong> \u2013 para maiores informa\u00e7\u00f5es.<\/p>\n<\/div>\n<p>&nbsp;<\/p>\n<div>\n<h2><strong>Inscri\u00e7\u00e3o Online<\/strong><\/h2>\n<p><em>A pr\u00e1tica da Dana Paramita \u2013 perfei\u00e7\u00e3o da generosidade \u2013 torna poss\u00edvel a continuidade dos ensinamentos desde os tempos do Buda. As seis paramitas \u2013 generosidade, moralidade, paz, energia constante, concentra\u00e7\u00e3o e sabedoria \u2013 inspiram a pr\u00e1tica e s\u00e3o a base geradora e sustentadora dos centros de estudos, medita\u00e7\u00e3o, acolhimento e das iniciativas de educa\u00e7\u00e3o, prote\u00e7\u00e3o ambiental, Terras Puras e Cultura de Paz da Sanga CEBB.<br \/>\n<\/em><br \/>\n<a href=\"http:\/\/x\" class=\"su-button su-button-style-flat\" style=\"color:#FFFFFF;background-color:#b8190d;border-color:#94140b;border-radius:4px\" target=\"_blank\" rel=\"noopener noreferrer\"><span style=\"color:#FFFFFF;padding:5px 14px;font-size:12px;line-height:18px;border-color:#ce5e56;border-radius:4px;text-shadow:none\"><i class=\"sui sui-map-marker\" style=\"font-size:12px;color:#FFFFFF\"><\/i> INSCRI\u00c7\u00c3O ONLINE <em>(Em breve)<\/em> <\/span><\/a>\n<\/div>\n<p>&nbsp;<\/p>\n<div>\n<h4><strong>Transmiss\u00e3o ONLINE<\/strong><\/h4>\n<p>O retiro ocorrer\u00e1 por transmiss\u00e3o online direta do CEBB Sukhavati, pelo Zoom e pelo canal Youtube do Lama Padma Samten.\u00a0A p\u00e1gina de acompanhamento do retiro ser\u00e1 enviada por um email-resposta ap\u00f3s a inscri\u00e7\u00e3o.<\/p>\n<p>Caso n\u00e3o encontre o email-resposta em sua caixa de entrada, VERIFIQUE NA CAIXA DE SPAM ou em \u201cPROMO\u00c7\u00d5ES\u201d e marque como n\u00e3o-spam (caso esteja no SPAM). Pode ser \u00fatil incluir o endere\u00e7o (cebbsukhavati@gmail.com) na sua lista de contatos.<\/p>\n<\/div>\n<p>&nbsp;<\/p>\n<div>\n<h4>Contato para d\u00favidas sobre o retiro online<\/h4>\n<p>acaoparamita@gmail.com<\/p>\n<\/div>\n<p>&nbsp;<\/p>\n<div>\n<p>&nbsp;<\/p>\n<\/div>\n<hr \/>\n<h3>Confira a palestra com o Dr Nida Chenagtsang em Curitiba<\/h3>\n<a href=\"http:\/\/x\" class=\"su-button su-button-style-flat\" style=\"color:#FFFFFF;background-color:#b8190d;border-color:#94140b;border-radius:4px\" target=\"_blank\" rel=\"noopener noreferrer\"><span style=\"color:#FFFFFF;padding:5px 14px;font-size:12px;line-height:18px;border-color:#ce5e56;border-radius:4px;text-shadow:none\"><i class=\"sui sui-map-marker\" style=\"font-size:12px;color:#FFFFFF\"><\/i> <em>(Em breve)<\/em><\/span><\/a>\n<p>&nbsp;<\/p>\n<hr \/>\n<p><img decoding=\"async\" class=\"alignleft wp-image-97115\" src=\"https:\/\/cebb.org.br\/wp-content\/uploads\/2023\/03\/whasapp-2-1-169x169.jpeg\" alt=\"\" width=\"43\" height=\"43\" srcset=\"https:\/\/cebb.org.br\/wp-content\/uploads\/2023\/03\/whasapp-2-1-169x169.jpeg 169w, https:\/\/cebb.org.br\/wp-content\/uploads\/2023\/03\/whasapp-2-1.jpeg 224w\" sizes=\"(max-width: 43px) 100vw, 43px\" \/><\/p>\n<h5><strong>Para receber a divulga\u00e7\u00e3o do CEBB Sukhavati por Whatsapp entre no <a href=\"https:\/\/chat.whatsapp.com\/EdugvQvTZoxKjZQSYT3ie5\">grupo!<\/a><\/strong>\u00a0(somente administradores podem enviar msgs)<\/h5>","protected":false},"excerpt":{"rendered":"<p>26 a 28 de junho | Retiro com Dr. Nida Chenagtsang no CEBB Sukhavati<\/p>","protected":false},"author":79,"featured_media":121237,"comment_status":"open","ping_status":"open","sticky":false,"template":"","format":"standard","meta":{"footnotes":""},"categories":[380,396,655,415,418,356,364],"tags":[522],"class_list":["post-121856","post","type-post","status-publish","format-standard","has-post-thumbnail","hentry","category-curitiba","category-londrina","category-maringa","category-sukhavati","category-araucaria","category-retiro-sanga","category-treinamento","tag-eventos"],"yoast_head":"<!-- This site is optimized with the Yoast SEO plugin v27.4 - https:\/\/yoast.com\/product\/yoast-seo-wordpress\/ -->\n<title>Ati Yoga de Yuthok: Libera\u00e7\u00e3o do Samsara e do Nirvana | Retiro com Dr. Nida Chenagtsang - Centro de Estudos Budistas Bodisatva<\/title>\n<meta name=\"description\" content=\"Retiro sobre Ati Yoga com o Dr Nida Chenagtsang, da linhagem do budismo Vajrayana Yuthok Nyinthig. Dias 26 a 28 de junho no CEBB Sukhavati.\" \/>\n<meta name=\"robots\" content=\"index, follow, max-snippet:-1, max-image-preview:large, max-video-preview:-1\" \/>\n<link rel=\"canonical\" href=\"https:\/\/cebb.org.br\/es\/atiyoganida\/\" \/>\n<meta property=\"og:locale\" content=\"es_ES\" \/>\n<meta property=\"og:type\" content=\"article\" \/>\n<meta property=\"og:title\" content=\"Ati Yoga de Yuthok: Libera\u00e7\u00e3o do Samsara e do Nirvana | Retiro com Dr. Nida Chenagtsang - Centro de Estudos Budistas Bodisatva\" \/>\n<meta property=\"og:description\" content=\"Retiro sobre Ati Yoga com o Dr Nida Chenagtsang, da linhagem do budismo Vajrayana Yuthok Nyinthig. Dias 26 a 28 de junho no CEBB Sukhavati.\" \/>\n<meta property=\"og:url\" content=\"https:\/\/cebb.org.br\/es\/atiyoganida\/\" \/>\n<meta property=\"og:site_name\" content=\"Centro de Estudos Budistas Bodisatva\" \/>\n<meta property=\"article:publisher\" content=\"https:\/\/pt-br.facebook.com\/cebb108\" \/>\n<meta property=\"article:published_time\" content=\"2026-04-28T18:08:42+00:00\" \/>\n<meta property=\"article:modified_time\" content=\"2026-04-28T18:30:13+00:00\" \/>\n<meta property=\"og:image\" content=\"https:\/\/cebb.org.br\/wp-content\/uploads\/2025\/03\/637283824_1428272165760435_2109225015421669771_n-e1777127964769.webp\" \/>\n\t<meta property=\"og:image:width\" content=\"1440\" \/>\n\t<meta property=\"og:image:height\" content=\"973\" \/>\n\t<meta property=\"og:image:type\" content=\"image\/webp\" \/>\n<meta name=\"author\" content=\"Coletivo Intersomos\" \/>\n<meta name=\"twitter:card\" content=\"summary_large_image\" \/>\n<meta name=\"twitter:label1\" content=\"Escrito por\" \/>\n\t<meta name=\"twitter:data1\" content=\"Coletivo Intersomos\" \/>\n\t<meta name=\"twitter:label2\" content=\"Tiempo de lectura\" \/>\n\t<meta name=\"twitter:data2\" content=\"5 minutos\" \/>\n<script type=\"application\/ld+json\" class=\"yoast-schema-graph\">{\"@context\":\"https:\\\/\\\/schema.org\",\"@graph\":[{\"@type\":\"Article\",\"@id\":\"https:\\\/\\\/cebb.org.br\\\/atiyoganida\\\/#article\",\"isPartOf\":{\"@id\":\"https:\\\/\\\/cebb.org.br\\\/atiyoganida\\\/\"},\"author\":{\"name\":\"Coletivo Intersomos\",\"@id\":\"https:\\\/\\\/cebb.org.br\\\/#\\\/schema\\\/person\\\/05a696a76f72d472c540f3d7a905f39c\"},\"headline\":\"Ati Yoga de Yuthok: Libera\u00e7\u00e3o do Samsara e do Nirvana | Retiro com Dr. Nida Chenagtsang\",\"datePublished\":\"2026-04-28T18:08:42+00:00\",\"dateModified\":\"2026-04-28T18:30:13+00:00\",\"mainEntityOfPage\":{\"@id\":\"https:\\\/\\\/cebb.org.br\\\/atiyoganida\\\/\"},\"wordCount\":989,\"commentCount\":0,\"publisher\":{\"@id\":\"https:\\\/\\\/cebb.org.br\\\/#organization\"},\"image\":{\"@id\":\"https:\\\/\\\/cebb.org.br\\\/atiyoganida\\\/#primaryimage\"},\"thumbnailUrl\":\"https:\\\/\\\/cebb.org.br\\\/wp-content\\\/uploads\\\/2025\\\/03\\\/637283824_1428272165760435_2109225015421669771_n-e1777127964769.webp\",\"keywords\":[\"Eventos\"],\"articleSection\":[\"CEBB Curitiba\",\"CEBB Londrina\",\"CEBB Maring\u00e1\",\"CEBB Sukhavati\",\"GEBB Arauc\u00e1ria\",\"Retiro\",\"Treinamento em vis\u00e3o e medita\u00e7\u00e3o\"],\"inLanguage\":\"es\",\"potentialAction\":[{\"@type\":\"CommentAction\",\"name\":\"Comment\",\"target\":[\"https:\\\/\\\/cebb.org.br\\\/atiyoganida\\\/#respond\"]}]},{\"@type\":\"WebPage\",\"@id\":\"https:\\\/\\\/cebb.org.br\\\/atiyoganida\\\/\",\"url\":\"https:\\\/\\\/cebb.org.br\\\/atiyoganida\\\/\",\"name\":\"Ati Yoga de Yuthok: Libera\u00e7\u00e3o do Samsara e do Nirvana | Retiro com Dr. Nida Chenagtsang - Centro de Estudos Budistas Bodisatva\",\"isPartOf\":{\"@id\":\"https:\\\/\\\/cebb.org.br\\\/#website\"},\"primaryImageOfPage\":{\"@id\":\"https:\\\/\\\/cebb.org.br\\\/atiyoganida\\\/#primaryimage\"},\"image\":{\"@id\":\"https:\\\/\\\/cebb.org.br\\\/atiyoganida\\\/#primaryimage\"},\"thumbnailUrl\":\"https:\\\/\\\/cebb.org.br\\\/wp-content\\\/uploads\\\/2025\\\/03\\\/637283824_1428272165760435_2109225015421669771_n-e1777127964769.webp\",\"datePublished\":\"2026-04-28T18:08:42+00:00\",\"dateModified\":\"2026-04-28T18:30:13+00:00\",\"description\":\"Retiro sobre Ati Yoga com o Dr Nida Chenagtsang, da linhagem do budismo Vajrayana Yuthok Nyinthig. Dias 26 a 28 de junho no CEBB Sukhavati.\",\"breadcrumb\":{\"@id\":\"https:\\\/\\\/cebb.org.br\\\/atiyoganida\\\/#breadcrumb\"},\"inLanguage\":\"es\",\"potentialAction\":[{\"@type\":\"ReadAction\",\"target\":[\"https:\\\/\\\/cebb.org.br\\\/atiyoganida\\\/\"]}]},{\"@type\":\"ImageObject\",\"inLanguage\":\"es\",\"@id\":\"https:\\\/\\\/cebb.org.br\\\/atiyoganida\\\/#primaryimage\",\"url\":\"https:\\\/\\\/cebb.org.br\\\/wp-content\\\/uploads\\\/2025\\\/03\\\/637283824_1428272165760435_2109225015421669771_n-e1777127964769.webp\",\"contentUrl\":\"https:\\\/\\\/cebb.org.br\\\/wp-content\\\/uploads\\\/2025\\\/03\\\/637283824_1428272165760435_2109225015421669771_n-e1777127964769.webp\",\"width\":1440,\"height\":973},{\"@type\":\"BreadcrumbList\",\"@id\":\"https:\\\/\\\/cebb.org.br\\\/atiyoganida\\\/#breadcrumb\",\"itemListElement\":[{\"@type\":\"ListItem\",\"position\":1,\"name\":\"Home\",\"item\":\"https:\\\/\\\/cebb.org.br\\\/\"},{\"@type\":\"ListItem\",\"position\":2,\"name\":\"Ati Yoga de Yuthok: Libera\u00e7\u00e3o do Samsara e do Nirvana | Retiro com Dr. Nida Chenagtsang\"}]},{\"@type\":\"WebSite\",\"@id\":\"https:\\\/\\\/cebb.org.br\\\/#website\",\"url\":\"https:\\\/\\\/cebb.org.br\\\/\",\"name\":\"Centro de Estudos Budistas Bodisatva\",\"description\":\"Budismo, medita\u00e7\u00e3o e cultura de paz | Lama Padma Samten\",\"publisher\":{\"@id\":\"https:\\\/\\\/cebb.org.br\\\/#organization\"},\"potentialAction\":[{\"@type\":\"SearchAction\",\"target\":{\"@type\":\"EntryPoint\",\"urlTemplate\":\"https:\\\/\\\/cebb.org.br\\\/?s={search_term_string}\"},\"query-input\":{\"@type\":\"PropertyValueSpecification\",\"valueRequired\":true,\"valueName\":\"search_term_string\"}}],\"inLanguage\":\"es\"},{\"@type\":\"Organization\",\"@id\":\"https:\\\/\\\/cebb.org.br\\\/#organization\",\"name\":\"Centro de Estudos Budistas Bodisatva\",\"url\":\"https:\\\/\\\/cebb.org.br\\\/\",\"logo\":{\"@type\":\"ImageObject\",\"inLanguage\":\"es\",\"@id\":\"https:\\\/\\\/cebb.org.br\\\/#\\\/schema\\\/logo\\\/image\\\/\",\"url\":\"http:\\\/\\\/18.230.164.79\\\/wp-content\\\/uploads\\\/2011\\\/03\\\/logosalvador-peq-e1660064979551.jpg\",\"contentUrl\":\"http:\\\/\\\/18.230.164.79\\\/wp-content\\\/uploads\\\/2011\\\/03\\\/logosalvador-peq-e1660064979551.jpg\",\"width\":280,\"height\":231,\"caption\":\"Centro de Estudos Budistas Bodisatva\"},\"image\":{\"@id\":\"https:\\\/\\\/cebb.org.br\\\/#\\\/schema\\\/logo\\\/image\\\/\"},\"sameAs\":[\"https:\\\/\\\/pt-br.facebook.com\\\/cebb108\",\"https:\\\/\\\/www.instagram.com\\\/cebbcaminhodomeio\\\/\"]},{\"@type\":\"Person\",\"@id\":\"https:\\\/\\\/cebb.org.br\\\/#\\\/schema\\\/person\\\/05a696a76f72d472c540f3d7a905f39c\",\"name\":\"Coletivo Intersomos\",\"image\":{\"@type\":\"ImageObject\",\"inLanguage\":\"es\",\"@id\":\"https:\\\/\\\/secure.gravatar.com\\\/avatar\\\/5b3268ebf7c1516b7910dc782a9ef52986a33844353256fce20260189c5f6b83?s=96&d=mm&r=g\",\"url\":\"https:\\\/\\\/secure.gravatar.com\\\/avatar\\\/5b3268ebf7c1516b7910dc782a9ef52986a33844353256fce20260189c5f6b83?s=96&d=mm&r=g\",\"contentUrl\":\"https:\\\/\\\/secure.gravatar.com\\\/avatar\\\/5b3268ebf7c1516b7910dc782a9ef52986a33844353256fce20260189c5f6b83?s=96&d=mm&r=g\",\"caption\":\"Coletivo Intersomos\"},\"url\":\"https:\\\/\\\/cebb.org.br\\\/es\\\/author\\\/coletivo-intersomos\\\/\"}]}<\/script>\n<!-- \/ Yoast SEO plugin. -->","yoast_head_json":{"title":"Ati Yoga de Yuthok: Libera\u00e7\u00e3o do Samsara e do Nirvana | Retiro com Dr. Nida Chenagtsang - Centro de Estudos Budistas Bodisatva","description":"Retiro sobre Ati Yoga com o Dr Nida Chenagtsang, da linhagem do budismo Vajrayana Yuthok Nyinthig. Dias 26 a 28 de junho no CEBB Sukhavati.","robots":{"index":"index","follow":"follow","max-snippet":"max-snippet:-1","max-image-preview":"max-image-preview:large","max-video-preview":"max-video-preview:-1"},"canonical":"https:\/\/cebb.org.br\/es\/atiyoganida\/","og_locale":"es_ES","og_type":"article","og_title":"Ati Yoga de Yuthok: Libera\u00e7\u00e3o do Samsara e do Nirvana | Retiro com Dr. Nida Chenagtsang - Centro de Estudos Budistas Bodisatva","og_description":"Retiro sobre Ati Yoga com o Dr Nida Chenagtsang, da linhagem do budismo Vajrayana Yuthok Nyinthig. Dias 26 a 28 de junho no CEBB Sukhavati.","og_url":"https:\/\/cebb.org.br\/es\/atiyoganida\/","og_site_name":"Centro de Estudos Budistas Bodisatva","article_publisher":"https:\/\/pt-br.facebook.com\/cebb108","article_published_time":"2026-04-28T18:08:42+00:00","article_modified_time":"2026-04-28T18:30:13+00:00","og_image":[{"width":1440,"height":973,"url":"https:\/\/cebb.org.br\/wp-content\/uploads\/2025\/03\/637283824_1428272165760435_2109225015421669771_n-e1777127964769.webp","type":"image\/webp"}],"author":"Coletivo Intersomos","twitter_card":"summary_large_image","twitter_misc":{"Escrito por":"Coletivo Intersomos","Tiempo de lectura":"5 minutos"},"schema":{"@context":"https:\/\/schema.org","@graph":[{"@type":"Article","@id":"https:\/\/cebb.org.br\/atiyoganida\/#article","isPartOf":{"@id":"https:\/\/cebb.org.br\/atiyoganida\/"},"author":{"name":"Coletivo Intersomos","@id":"https:\/\/cebb.org.br\/#\/schema\/person\/05a696a76f72d472c540f3d7a905f39c"},"headline":"Ati Yoga de Yuthok: Libera\u00e7\u00e3o do Samsara e do Nirvana | Retiro com Dr. Nida Chenagtsang","datePublished":"2026-04-28T18:08:42+00:00","dateModified":"2026-04-28T18:30:13+00:00","mainEntityOfPage":{"@id":"https:\/\/cebb.org.br\/atiyoganida\/"},"wordCount":989,"commentCount":0,"publisher":{"@id":"https:\/\/cebb.org.br\/#organization"},"image":{"@id":"https:\/\/cebb.org.br\/atiyoganida\/#primaryimage"},"thumbnailUrl":"https:\/\/cebb.org.br\/wp-content\/uploads\/2025\/03\/637283824_1428272165760435_2109225015421669771_n-e1777127964769.webp","keywords":["Eventos"],"articleSection":["CEBB Curitiba","CEBB Londrina","CEBB Maring\u00e1","CEBB Sukhavati","GEBB Arauc\u00e1ria","Retiro","Treinamento em vis\u00e3o e medita\u00e7\u00e3o"],"inLanguage":"es","potentialAction":[{"@type":"CommentAction","name":"Comment","target":["https:\/\/cebb.org.br\/atiyoganida\/#respond"]}]},{"@type":"WebPage","@id":"https:\/\/cebb.org.br\/atiyoganida\/","url":"https:\/\/cebb.org.br\/atiyoganida\/","name":"Ati Yoga de Yuthok: Libera\u00e7\u00e3o do Samsara e do Nirvana | Retiro com Dr. Nida Chenagtsang - Centro de Estudos Budistas Bodisatva","isPartOf":{"@id":"https:\/\/cebb.org.br\/#website"},"primaryImageOfPage":{"@id":"https:\/\/cebb.org.br\/atiyoganida\/#primaryimage"},"image":{"@id":"https:\/\/cebb.org.br\/atiyoganida\/#primaryimage"},"thumbnailUrl":"https:\/\/cebb.org.br\/wp-content\/uploads\/2025\/03\/637283824_1428272165760435_2109225015421669771_n-e1777127964769.webp","datePublished":"2026-04-28T18:08:42+00:00","dateModified":"2026-04-28T18:30:13+00:00","description":"Retiro sobre Ati Yoga com o Dr Nida Chenagtsang, da linhagem do budismo Vajrayana Yuthok Nyinthig. Dias 26 a 28 de junho no CEBB Sukhavati.","breadcrumb":{"@id":"https:\/\/cebb.org.br\/atiyoganida\/#breadcrumb"},"inLanguage":"es","potentialAction":[{"@type":"ReadAction","target":["https:\/\/cebb.org.br\/atiyoganida\/"]}]},{"@type":"ImageObject","inLanguage":"es","@id":"https:\/\/cebb.org.br\/atiyoganida\/#primaryimage","url":"https:\/\/cebb.org.br\/wp-content\/uploads\/2025\/03\/637283824_1428272165760435_2109225015421669771_n-e1777127964769.webp","contentUrl":"https:\/\/cebb.org.br\/wp-content\/uploads\/2025\/03\/637283824_1428272165760435_2109225015421669771_n-e1777127964769.webp","width":1440,"height":973},{"@type":"BreadcrumbList","@id":"https:\/\/cebb.org.br\/atiyoganida\/#breadcrumb","itemListElement":[{"@type":"ListItem","position":1,"name":"Home","item":"https:\/\/cebb.org.br\/"},{"@type":"ListItem","position":2,"name":"Ati Yoga de Yuthok: Libera\u00e7\u00e3o do Samsara e do Nirvana | Retiro com Dr. Nida Chenagtsang"}]},{"@type":"WebSite","@id":"https:\/\/cebb.org.br\/#website","url":"https:\/\/cebb.org.br\/","name":"Centro de Estudios Budistas Bodisatva","description":"Budismo, meditaci\u00f3n y cultura de paz | Lama Padma Samten","publisher":{"@id":"https:\/\/cebb.org.br\/#organization"},"potentialAction":[{"@type":"SearchAction","target":{"@type":"EntryPoint","urlTemplate":"https:\/\/cebb.org.br\/?s={search_term_string}"},"query-input":{"@type":"PropertyValueSpecification","valueRequired":true,"valueName":"search_term_string"}}],"inLanguage":"es"},{"@type":"Organization","@id":"https:\/\/cebb.org.br\/#organization","name":"Centro de Estudios Budistas Bodisatva","url":"https:\/\/cebb.org.br\/","logo":{"@type":"ImageObject","inLanguage":"es","@id":"https:\/\/cebb.org.br\/#\/schema\/logo\/image\/","url":"http:\/\/18.230.164.79\/wp-content\/uploads\/2011\/03\/logosalvador-peq-e1660064979551.jpg","contentUrl":"http:\/\/18.230.164.79\/wp-content\/uploads\/2011\/03\/logosalvador-peq-e1660064979551.jpg","width":280,"height":231,"caption":"Centro de Estudos Budistas Bodisatva"},"image":{"@id":"https:\/\/cebb.org.br\/#\/schema\/logo\/image\/"},"sameAs":["https:\/\/pt-br.facebook.com\/cebb108","https:\/\/www.instagram.com\/cebbcaminhodomeio\/"]},{"@type":"Person","@id":"https:\/\/cebb.org.br\/#\/schema\/person\/05a696a76f72d472c540f3d7a905f39c","name":"Coletivo Intersomos","image":{"@type":"ImageObject","inLanguage":"es","@id":"https:\/\/secure.gravatar.com\/avatar\/5b3268ebf7c1516b7910dc782a9ef52986a33844353256fce20260189c5f6b83?s=96&d=mm&r=g","url":"https:\/\/secure.gravatar.com\/avatar\/5b3268ebf7c1516b7910dc782a9ef52986a33844353256fce20260189c5f6b83?s=96&d=mm&r=g","contentUrl":"https:\/\/secure.gravatar.com\/avatar\/5b3268ebf7c1516b7910dc782a9ef52986a33844353256fce20260189c5f6b83?s=96&d=mm&r=g","caption":"Coletivo Intersomos"},"url":"https:\/\/cebb.org.br\/es\/author\/coletivo-intersomos\/"}]}},"_links":{"self":[{"href":"https:\/\/cebb.org.br\/es\/wp-json\/wp\/v2\/posts\/121856","targetHints":{"allow":["GET"]}}],"collection":[{"href":"https:\/\/cebb.org.br\/es\/wp-json\/wp\/v2\/posts"}],"about":[{"href":"https:\/\/cebb.org.br\/es\/wp-json\/wp\/v2\/types\/post"}],"author":[{"embeddable":true,"href":"https:\/\/cebb.org.br\/es\/wp-json\/wp\/v2\/users\/79"}],"replies":[{"embeddable":true,"href":"https:\/\/cebb.org.br\/es\/wp-json\/wp\/v2\/comments?post=121856"}],"version-history":[{"count":5,"href":"https:\/\/cebb.org.br\/es\/wp-json\/wp\/v2\/posts\/121856\/revisions"}],"predecessor-version":[{"id":121882,"href":"https:\/\/cebb.org.br\/es\/wp-json\/wp\/v2\/posts\/121856\/revisions\/121882"}],"wp:featuredmedia":[{"embeddable":true,"href":"https:\/\/cebb.org.br\/es\/wp-json\/wp\/v2\/media\/121237"}],"wp:attachment":[{"href":"https:\/\/cebb.org.br\/es\/wp-json\/wp\/v2\/media?parent=121856"}],"wp:term":[{"taxonomy":"category","embeddable":true,"href":"https:\/\/cebb.org.br\/es\/wp-json\/wp\/v2\/categories?post=121856"},{"taxonomy":"post_tag","embeddable":true,"href":"https:\/\/cebb.org.br\/es\/wp-json\/wp\/v2\/tags?post=121856"}],"curies":[{"name":"wp","href":"https:\/\/api.w.org\/{rel}","templated":true}]}}