{"id":22462,"date":"2026-01-23T04:36:11","date_gmt":"2026-01-23T07:36:11","guid":{"rendered":"http:\/\/www.cebb.org.br\/?p=22462"},"modified":"2026-03-11T13:46:46","modified_gmt":"2026-03-11T16:46:46","slug":"portoes-da-pratica-budista-poa","status":"publish","type":"post","link":"https:\/\/cebb.org.br\/es\/portoes-da-pratica-budista-poa\/","title":{"rendered":"Port\u00f5es da Pr\u00e1tica Budista | PoA"},"content":{"rendered":"<p><strong>Quartas | 19h30 | presencialmente<\/strong><!--more--><\/p>\n<blockquote>\n<div dir=\"auto\">\u201cOs ensinamentos de Buda oferecem um meio infal\u00edvel pelo qual os praticantes sinceros podem transcender o sofrimento infind\u00e1vel da exist\u00eancia c\u00edclica e revelar sua pr\u00f3pria natureza b\u00fadica.\u201d<\/div>\n<\/blockquote>\n<div dir=\"auto\"><\/div>\n<div dir=\"auto\">Com essas palavras, o grande mestre do Budismo Tibetano, Chagdud Tulku Rinpoche inicia o pref\u00e1cio \u00e0 primeira edi\u00e7\u00e3o brasileira do livro &#8220;Port\u00f5es da Pr\u00e1tica Budista&#8221;.<\/div>\n<div dir=\"auto\">Venha se juntar a n\u00f3s no grupo semanal de estudos, no qual vamos mergulhar nesses ensinamentos e explorar como aplic\u00e1-los em nossa vida di\u00e1ria para alcan\u00e7ar maior lucidez, compaix\u00e3o e sabedoria.<\/div>\n<p><strong>Quartas-feiras<\/strong><br \/>\n<strong>19h30 \u2013 21h<\/strong><br \/>\n<strong>medita\u00e7\u00e3o e estudo do livro<\/strong><\/p>\n<p><strong>Via Zen<\/strong><br \/>\nRua Professor Ivo Corseuil, 169, bairro Petr\u00f3polis, Porto Alegre<\/p>\n<p>N\u00e3o \u00e9 necess\u00e1rio se inscrever.<\/p>\n<p><strong>Facilitadores<\/strong><br \/>\nViviane Dias e Rodrigo Almeida, sob orienta\u00e7\u00e3o de Lama Padma Samten<\/p>\n<p><strong>Contribui\u00e7\u00e3o<\/strong><br \/>\nSinta-se \u00e0 vontade para contribuir da forma que for confort\u00e1vel pra voc\u00ea. Tenha em mente que as contribui\u00e7\u00f5es s\u00e3o a \u00fanica e tradicional forma de sustenta\u00e7\u00e3o dos centros budistas \u2014 oferecer sustento \u00e9 uma pr\u00e1tica direta de compaix\u00e3o e generosidade. Ao contribuir, voc\u00ea apoia a sustenta\u00e7\u00e3o do CEBB Porto Alegre.<\/p>\n<p>Neste <a href=\"https:\/\/cebb.org.br\/es\/cebb-poa-doacoes-e-contato\/\" target=\"_blank\" rel=\"noopener\">link<\/a>, voc\u00ea tem os dados da conta para dep\u00f3sito.<\/p>","protected":false},"excerpt":{"rendered":"<p>Quartas | 19h30 | presencialmente<\/p>","protected":false},"author":97,"featured_media":22464,"comment_status":"closed","ping_status":"open","sticky":false,"template":"","format":"standard","meta":{"footnotes":""},"categories":[404,364],"tags":[],"class_list":["post-22462","post","type-post","status-publish","format-standard","has-post-thumbnail","hentry","category-portoalegre","category-treinamento"],"yoast_head":"<!-- This site is optimized with the Yoast SEO plugin v27.5 - https:\/\/yoast.com\/product\/yoast-seo-wordpress\/ -->\n<title>Port\u00f5es da Pr\u00e1tica Budista | PoA - Centro de Estudos Budistas Bodisatva<\/title>\n<meta name=\"robots\" content=\"index, follow, max-snippet:-1, max-image-preview:large, max-video-preview:-1\" \/>\n<link rel=\"canonical\" href=\"https:\/\/cebb.org.br\/es\/portoes-da-pratica-budista-poa\/\" \/>\n<meta property=\"og:locale\" content=\"es_ES\" \/>\n<meta property=\"og:type\" content=\"article\" \/>\n<meta property=\"og:title\" content=\"Port\u00f5es da Pr\u00e1tica Budista | PoA - Centro de Estudos Budistas Bodisatva\" \/>\n<meta property=\"og:description\" content=\"Quartas | 19h30 | presencialmente\" \/>\n<meta property=\"og:url\" content=\"https:\/\/cebb.org.br\/es\/portoes-da-pratica-budista-poa\/\" \/>\n<meta property=\"og:site_name\" content=\"Centro de Estudos Budistas Bodisatva\" \/>\n<meta property=\"article:publisher\" content=\"https:\/\/pt-br.facebook.com\/cebb108\" \/>\n<meta property=\"article:published_time\" content=\"2026-01-23T07:36:11+00:00\" \/>\n<meta property=\"article:modified_time\" content=\"2026-03-11T16:46:46+00:00\" \/>\n<meta property=\"og:image\" content=\"https:\/\/cebb.org.br\/wp-content\/uploads\/2015\/08\/CTR_gonpa.jpg\" \/>\n\t<meta property=\"og:image:width\" content=\"500\" \/>\n\t<meta property=\"og:image:height\" content=\"358\" \/>\n\t<meta property=\"og:image:type\" content=\"image\/jpeg\" \/>\n<meta name=\"author\" content=\"admincebb\" \/>\n<meta name=\"twitter:card\" content=\"summary_large_image\" \/>\n<meta name=\"twitter:label1\" content=\"Escrito por\" \/>\n\t<meta name=\"twitter:data1\" content=\"admincebb\" \/>\n\t<meta name=\"twitter:label2\" content=\"Tiempo de lectura\" \/>\n\t<meta name=\"twitter:data2\" content=\"2 minutos\" \/>\n<script type=\"application\/ld+json\" class=\"yoast-schema-graph\">{\"@context\":\"https:\\\/\\\/schema.org\",\"@graph\":[{\"@type\":\"Article\",\"@id\":\"https:\\\/\\\/cebb.org.br\\\/portoes-da-pratica-budista-poa\\\/#article\",\"isPartOf\":{\"@id\":\"https:\\\/\\\/cebb.org.br\\\/portoes-da-pratica-budista-poa\\\/\"},\"author\":{\"name\":\"admincebb\",\"@id\":\"https:\\\/\\\/cebb.org.br\\\/#\\\/schema\\\/person\\\/b3e274b0b565c77848134d6f13b973b9\"},\"headline\":\"Port\u00f5es da Pr\u00e1tica Budista | PoA\",\"datePublished\":\"2026-01-23T07:36:11+00:00\",\"dateModified\":\"2026-03-11T16:46:46+00:00\",\"mainEntityOfPage\":{\"@id\":\"https:\\\/\\\/cebb.org.br\\\/portoes-da-pratica-budista-poa\\\/\"},\"wordCount\":213,\"publisher\":{\"@id\":\"https:\\\/\\\/cebb.org.br\\\/#organization\"},\"image\":{\"@id\":\"https:\\\/\\\/cebb.org.br\\\/portoes-da-pratica-budista-poa\\\/#primaryimage\"},\"thumbnailUrl\":\"https:\\\/\\\/cebb.org.br\\\/wp-content\\\/uploads\\\/2015\\\/08\\\/CTR_gonpa.jpg\",\"articleSection\":[\"CEBB Porto Alegre\",\"Treinamento em vis\u00e3o e medita\u00e7\u00e3o\"],\"inLanguage\":\"es\"},{\"@type\":\"WebPage\",\"@id\":\"https:\\\/\\\/cebb.org.br\\\/portoes-da-pratica-budista-poa\\\/\",\"url\":\"https:\\\/\\\/cebb.org.br\\\/portoes-da-pratica-budista-poa\\\/\",\"name\":\"Port\u00f5es da Pr\u00e1tica Budista | PoA - Centro de Estudos Budistas Bodisatva\",\"isPartOf\":{\"@id\":\"https:\\\/\\\/cebb.org.br\\\/#website\"},\"primaryImageOfPage\":{\"@id\":\"https:\\\/\\\/cebb.org.br\\\/portoes-da-pratica-budista-poa\\\/#primaryimage\"},\"image\":{\"@id\":\"https:\\\/\\\/cebb.org.br\\\/portoes-da-pratica-budista-poa\\\/#primaryimage\"},\"thumbnailUrl\":\"https:\\\/\\\/cebb.org.br\\\/wp-content\\\/uploads\\\/2015\\\/08\\\/CTR_gonpa.jpg\",\"datePublished\":\"2026-01-23T07:36:11+00:00\",\"dateModified\":\"2026-03-11T16:46:46+00:00\",\"breadcrumb\":{\"@id\":\"https:\\\/\\\/cebb.org.br\\\/portoes-da-pratica-budista-poa\\\/#breadcrumb\"},\"inLanguage\":\"es\",\"potentialAction\":[{\"@type\":\"ReadAction\",\"target\":[\"https:\\\/\\\/cebb.org.br\\\/portoes-da-pratica-budista-poa\\\/\"]}]},{\"@type\":\"ImageObject\",\"inLanguage\":\"es\",\"@id\":\"https:\\\/\\\/cebb.org.br\\\/portoes-da-pratica-budista-poa\\\/#primaryimage\",\"url\":\"https:\\\/\\\/cebb.org.br\\\/wp-content\\\/uploads\\\/2015\\\/08\\\/CTR_gonpa.jpg\",\"contentUrl\":\"https:\\\/\\\/cebb.org.br\\\/wp-content\\\/uploads\\\/2015\\\/08\\\/CTR_gonpa.jpg\",\"width\":500,\"height\":358},{\"@type\":\"BreadcrumbList\",\"@id\":\"https:\\\/\\\/cebb.org.br\\\/portoes-da-pratica-budista-poa\\\/#breadcrumb\",\"itemListElement\":[{\"@type\":\"ListItem\",\"position\":1,\"name\":\"Home\",\"item\":\"https:\\\/\\\/cebb.org.br\\\/\"},{\"@type\":\"ListItem\",\"position\":2,\"name\":\"Port\u00f5es da Pr\u00e1tica Budista | PoA\"}]},{\"@type\":\"WebSite\",\"@id\":\"https:\\\/\\\/cebb.org.br\\\/#website\",\"url\":\"https:\\\/\\\/cebb.org.br\\\/\",\"name\":\"Centro de Estudos Budistas Bodisatva\",\"description\":\"Budismo, medita\u00e7\u00e3o e cultura de paz | Lama Padma Samten\",\"publisher\":{\"@id\":\"https:\\\/\\\/cebb.org.br\\\/#organization\"},\"potentialAction\":[{\"@type\":\"SearchAction\",\"target\":{\"@type\":\"EntryPoint\",\"urlTemplate\":\"https:\\\/\\\/cebb.org.br\\\/?s={search_term_string}\"},\"query-input\":{\"@type\":\"PropertyValueSpecification\",\"valueRequired\":true,\"valueName\":\"search_term_string\"}}],\"inLanguage\":\"es\"},{\"@type\":\"Organization\",\"@id\":\"https:\\\/\\\/cebb.org.br\\\/#organization\",\"name\":\"Centro de Estudos Budistas Bodisatva\",\"url\":\"https:\\\/\\\/cebb.org.br\\\/\",\"logo\":{\"@type\":\"ImageObject\",\"inLanguage\":\"es\",\"@id\":\"https:\\\/\\\/cebb.org.br\\\/#\\\/schema\\\/logo\\\/image\\\/\",\"url\":\"http:\\\/\\\/18.230.164.79\\\/wp-content\\\/uploads\\\/2011\\\/03\\\/logosalvador-peq-e1660064979551.jpg\",\"contentUrl\":\"http:\\\/\\\/18.230.164.79\\\/wp-content\\\/uploads\\\/2011\\\/03\\\/logosalvador-peq-e1660064979551.jpg\",\"width\":280,\"height\":231,\"caption\":\"Centro de Estudos Budistas Bodisatva\"},\"image\":{\"@id\":\"https:\\\/\\\/cebb.org.br\\\/#\\\/schema\\\/logo\\\/image\\\/\"},\"sameAs\":[\"https:\\\/\\\/pt-br.facebook.com\\\/cebb108\",\"https:\\\/\\\/www.instagram.com\\\/cebbcaminhodomeio\\\/\"]},{\"@type\":\"Person\",\"@id\":\"https:\\\/\\\/cebb.org.br\\\/#\\\/schema\\\/person\\\/b3e274b0b565c77848134d6f13b973b9\",\"name\":\"admincebb\",\"image\":{\"@type\":\"ImageObject\",\"inLanguage\":\"es\",\"@id\":\"https:\\\/\\\/secure.gravatar.com\\\/avatar\\\/5359476d548defdffdf8d0aa219a355e585f3afdba74733fd236eb023d00f048?s=96&d=mm&r=g\",\"url\":\"https:\\\/\\\/secure.gravatar.com\\\/avatar\\\/5359476d548defdffdf8d0aa219a355e585f3afdba74733fd236eb023d00f048?s=96&d=mm&r=g\",\"contentUrl\":\"https:\\\/\\\/secure.gravatar.com\\\/avatar\\\/5359476d548defdffdf8d0aa219a355e585f3afdba74733fd236eb023d00f048?s=96&d=mm&r=g\",\"caption\":\"admincebb\"},\"url\":\"https:\\\/\\\/cebb.org.br\\\/es\\\/author\\\/admincebb\\\/\"}]}<\/script>\n<!-- \/ Yoast SEO plugin. -->","yoast_head_json":{"title":"Port\u00f5es da Pr\u00e1tica Budista | PoA - Centro de Estudos Budistas Bodisatva","robots":{"index":"index","follow":"follow","max-snippet":"max-snippet:-1","max-image-preview":"max-image-preview:large","max-video-preview":"max-video-preview:-1"},"canonical":"https:\/\/cebb.org.br\/es\/portoes-da-pratica-budista-poa\/","og_locale":"es_ES","og_type":"article","og_title":"Port\u00f5es da Pr\u00e1tica Budista | PoA - Centro de Estudos Budistas Bodisatva","og_description":"Quartas | 19h30 | presencialmente","og_url":"https:\/\/cebb.org.br\/es\/portoes-da-pratica-budista-poa\/","og_site_name":"Centro de Estudos Budistas Bodisatva","article_publisher":"https:\/\/pt-br.facebook.com\/cebb108","article_published_time":"2026-01-23T07:36:11+00:00","article_modified_time":"2026-03-11T16:46:46+00:00","og_image":[{"width":500,"height":358,"url":"https:\/\/cebb.org.br\/wp-content\/uploads\/2015\/08\/CTR_gonpa.jpg","type":"image\/jpeg"}],"author":"admincebb","twitter_card":"summary_large_image","twitter_misc":{"Escrito por":"admincebb","Tiempo de lectura":"2 minutos"},"schema":{"@context":"https:\/\/schema.org","@graph":[{"@type":"Article","@id":"https:\/\/cebb.org.br\/portoes-da-pratica-budista-poa\/#article","isPartOf":{"@id":"https:\/\/cebb.org.br\/portoes-da-pratica-budista-poa\/"},"author":{"name":"admincebb","@id":"https:\/\/cebb.org.br\/#\/schema\/person\/b3e274b0b565c77848134d6f13b973b9"},"headline":"Port\u00f5es da Pr\u00e1tica Budista | PoA","datePublished":"2026-01-23T07:36:11+00:00","dateModified":"2026-03-11T16:46:46+00:00","mainEntityOfPage":{"@id":"https:\/\/cebb.org.br\/portoes-da-pratica-budista-poa\/"},"wordCount":213,"publisher":{"@id":"https:\/\/cebb.org.br\/#organization"},"image":{"@id":"https:\/\/cebb.org.br\/portoes-da-pratica-budista-poa\/#primaryimage"},"thumbnailUrl":"https:\/\/cebb.org.br\/wp-content\/uploads\/2015\/08\/CTR_gonpa.jpg","articleSection":["CEBB Porto Alegre","Treinamento em vis\u00e3o e medita\u00e7\u00e3o"],"inLanguage":"es"},{"@type":"WebPage","@id":"https:\/\/cebb.org.br\/portoes-da-pratica-budista-poa\/","url":"https:\/\/cebb.org.br\/portoes-da-pratica-budista-poa\/","name":"Port\u00f5es da Pr\u00e1tica Budista | PoA - Centro de Estudos Budistas Bodisatva","isPartOf":{"@id":"https:\/\/cebb.org.br\/#website"},"primaryImageOfPage":{"@id":"https:\/\/cebb.org.br\/portoes-da-pratica-budista-poa\/#primaryimage"},"image":{"@id":"https:\/\/cebb.org.br\/portoes-da-pratica-budista-poa\/#primaryimage"},"thumbnailUrl":"https:\/\/cebb.org.br\/wp-content\/uploads\/2015\/08\/CTR_gonpa.jpg","datePublished":"2026-01-23T07:36:11+00:00","dateModified":"2026-03-11T16:46:46+00:00","breadcrumb":{"@id":"https:\/\/cebb.org.br\/portoes-da-pratica-budista-poa\/#breadcrumb"},"inLanguage":"es","potentialAction":[{"@type":"ReadAction","target":["https:\/\/cebb.org.br\/portoes-da-pratica-budista-poa\/"]}]},{"@type":"ImageObject","inLanguage":"es","@id":"https:\/\/cebb.org.br\/portoes-da-pratica-budista-poa\/#primaryimage","url":"https:\/\/cebb.org.br\/wp-content\/uploads\/2015\/08\/CTR_gonpa.jpg","contentUrl":"https:\/\/cebb.org.br\/wp-content\/uploads\/2015\/08\/CTR_gonpa.jpg","width":500,"height":358},{"@type":"BreadcrumbList","@id":"https:\/\/cebb.org.br\/portoes-da-pratica-budista-poa\/#breadcrumb","itemListElement":[{"@type":"ListItem","position":1,"name":"Home","item":"https:\/\/cebb.org.br\/"},{"@type":"ListItem","position":2,"name":"Port\u00f5es da Pr\u00e1tica Budista | PoA"}]},{"@type":"WebSite","@id":"https:\/\/cebb.org.br\/#website","url":"https:\/\/cebb.org.br\/","name":"Centro de Estudios Budistas Bodisatva","description":"Budismo, meditaci\u00f3n y cultura de paz | Lama Padma Samten","publisher":{"@id":"https:\/\/cebb.org.br\/#organization"},"potentialAction":[{"@type":"SearchAction","target":{"@type":"EntryPoint","urlTemplate":"https:\/\/cebb.org.br\/?s={search_term_string}"},"query-input":{"@type":"PropertyValueSpecification","valueRequired":true,"valueName":"search_term_string"}}],"inLanguage":"es"},{"@type":"Organization","@id":"https:\/\/cebb.org.br\/#organization","name":"Centro de Estudios Budistas Bodisatva","url":"https:\/\/cebb.org.br\/","logo":{"@type":"ImageObject","inLanguage":"es","@id":"https:\/\/cebb.org.br\/#\/schema\/logo\/image\/","url":"http:\/\/18.230.164.79\/wp-content\/uploads\/2011\/03\/logosalvador-peq-e1660064979551.jpg","contentUrl":"http:\/\/18.230.164.79\/wp-content\/uploads\/2011\/03\/logosalvador-peq-e1660064979551.jpg","width":280,"height":231,"caption":"Centro de Estudos Budistas Bodisatva"},"image":{"@id":"https:\/\/cebb.org.br\/#\/schema\/logo\/image\/"},"sameAs":["https:\/\/pt-br.facebook.com\/cebb108","https:\/\/www.instagram.com\/cebbcaminhodomeio\/"]},{"@type":"Person","@id":"https:\/\/cebb.org.br\/#\/schema\/person\/b3e274b0b565c77848134d6f13b973b9","name":"admincebb","image":{"@type":"ImageObject","inLanguage":"es","@id":"https:\/\/secure.gravatar.com\/avatar\/5359476d548defdffdf8d0aa219a355e585f3afdba74733fd236eb023d00f048?s=96&d=mm&r=g","url":"https:\/\/secure.gravatar.com\/avatar\/5359476d548defdffdf8d0aa219a355e585f3afdba74733fd236eb023d00f048?s=96&d=mm&r=g","contentUrl":"https:\/\/secure.gravatar.com\/avatar\/5359476d548defdffdf8d0aa219a355e585f3afdba74733fd236eb023d00f048?s=96&d=mm&r=g","caption":"admincebb"},"url":"https:\/\/cebb.org.br\/es\/author\/admincebb\/"}]}},"_links":{"self":[{"href":"https:\/\/cebb.org.br\/es\/wp-json\/wp\/v2\/posts\/22462","targetHints":{"allow":["GET"]}}],"collection":[{"href":"https:\/\/cebb.org.br\/es\/wp-json\/wp\/v2\/posts"}],"about":[{"href":"https:\/\/cebb.org.br\/es\/wp-json\/wp\/v2\/types\/post"}],"author":[{"embeddable":true,"href":"https:\/\/cebb.org.br\/es\/wp-json\/wp\/v2\/users\/97"}],"replies":[{"embeddable":true,"href":"https:\/\/cebb.org.br\/es\/wp-json\/wp\/v2\/comments?post=22462"}],"version-history":[{"count":4,"href":"https:\/\/cebb.org.br\/es\/wp-json\/wp\/v2\/posts\/22462\/revisions"}],"predecessor-version":[{"id":121129,"href":"https:\/\/cebb.org.br\/es\/wp-json\/wp\/v2\/posts\/22462\/revisions\/121129"}],"wp:featuredmedia":[{"embeddable":true,"href":"https:\/\/cebb.org.br\/es\/wp-json\/wp\/v2\/media\/22464"}],"wp:attachment":[{"href":"https:\/\/cebb.org.br\/es\/wp-json\/wp\/v2\/media?parent=22462"}],"wp:term":[{"taxonomy":"category","embeddable":true,"href":"https:\/\/cebb.org.br\/es\/wp-json\/wp\/v2\/categories?post=22462"},{"taxonomy":"post_tag","embeddable":true,"href":"https:\/\/cebb.org.br\/es\/wp-json\/wp\/v2\/tags?post=22462"}],"curies":[{"name":"wp","href":"https:\/\/api.w.org\/{rel}","templated":true}]}}