{"id":30245,"date":"2015-11-08T14:00:10","date_gmt":"2015-11-08T16:00:10","guid":{"rendered":"http:\/\/www.cebb.org.br\/?p=30245"},"modified":"2024-02-19T18:17:00","modified_gmt":"2024-02-19T21:17:00","slug":"gebb-barra-mansa","status":"publish","type":"post","link":"https:\/\/cebb.org.br\/es\/gebb-barra-mansa\/","title":{"rendered":"GEBB &#8211; Barra Mansa"},"content":{"rendered":"<p>Oferecemos pr\u00e1ticas de Medita\u00e7\u00e3o Silenciosa e aprofundamento no Estudo do Budismo Tibetano.<br \/>\n<strong>Segundas-Feiras:<\/strong> das 19h \u00e0s 20h30 estudos e pr\u00e1ticas.<br \/>\nTodos ser\u00e3o bem vindos!<br \/>\n<!--more--><\/p>\n<p><strong>Dicas:<\/strong> N\u00e3o se faz necess\u00e1rio nenhum pr\u00e9-requisito, venham com uma roupa confort\u00e1vel e tragam uma almofadinha para ajudar na posi\u00e7\u00e3o de medita\u00e7\u00e3o.<\/p>\n<p><strong>Local:<\/strong> Edif\u00edcio Schneider , Avenida Dr. Francisco Vilela de Andrade Neto, 44, 8 andar, Sala 811 \u2013 Centro \u2013 Barra Mansa\/RJ<\/p>\n<p><strong>Informa\u00e7\u00f5es:<\/strong><br \/>\nFacilitador: Rafael Junior \u2013 24. 98114-5810 \u2013 junior@pneuscar.com.br<\/p>","protected":false},"excerpt":{"rendered":"<p>Oferecemos pr\u00e1ticas de Medita\u00e7\u00e3o Silenciosa e aprofundamento no Estudo do Budismo Tibetano. Segundas-Feiras: das 19h \u00e0s 20h30 estudos e pr\u00e1ticas. Todos ser\u00e3o bem vindos!<\/p>","protected":false},"author":4,"featured_media":29921,"comment_status":"closed","ping_status":"open","sticky":false,"template":"","format":"standard","meta":{"footnotes":""},"categories":[416],"tags":[],"class_list":["post-30245","post","type-post","status-publish","format-standard","has-post-thumbnail","hentry","category-volta-redonda"],"yoast_head":"<!-- This site is optimized with the Yoast SEO plugin v27.5 - https:\/\/yoast.com\/product\/yoast-seo-wordpress\/ -->\n<title>GEBB - Barra Mansa - Centro de Estudos Budistas Bodisatva<\/title>\n<meta name=\"robots\" content=\"index, follow, max-snippet:-1, max-image-preview:large, max-video-preview:-1\" \/>\n<link rel=\"canonical\" href=\"https:\/\/cebb.org.br\/es\/gebb-barra-mansa\/\" \/>\n<meta property=\"og:locale\" content=\"es_ES\" \/>\n<meta property=\"og:type\" content=\"article\" \/>\n<meta property=\"og:title\" content=\"GEBB - Barra Mansa - Centro de Estudos Budistas Bodisatva\" \/>\n<meta property=\"og:description\" content=\"Oferecemos pr\u00e1ticas de Medita\u00e7\u00e3o Silenciosa e aprofundamento no Estudo do Budismo Tibetano. Segundas-Feiras: das 19h \u00e0s 20h30 estudos e pr\u00e1ticas. Todos ser\u00e3o bem vindos!\" \/>\n<meta property=\"og:url\" content=\"https:\/\/cebb.org.br\/es\/gebb-barra-mansa\/\" \/>\n<meta property=\"og:site_name\" content=\"Centro de Estudos Budistas Bodisatva\" \/>\n<meta property=\"article:publisher\" content=\"https:\/\/pt-br.facebook.com\/cebb108\" \/>\n<meta property=\"article:published_time\" content=\"2015-11-08T16:00:10+00:00\" \/>\n<meta property=\"article:modified_time\" content=\"2024-02-19T21:17:00+00:00\" \/>\n<meta property=\"og:image\" content=\"https:\/\/cebb.org.br\/wp-content\/uploads\/2016\/03\/25346846551_7147fe1069_z.jpg\" \/>\n\t<meta property=\"og:image:width\" content=\"640\" \/>\n\t<meta property=\"og:image:height\" content=\"427\" \/>\n\t<meta property=\"og:image:type\" content=\"image\/jpeg\" \/>\n<meta name=\"author\" content=\"adriana\" \/>\n<meta name=\"twitter:card\" content=\"summary_large_image\" \/>\n<meta name=\"twitter:label1\" content=\"Escrito por\" \/>\n\t<meta name=\"twitter:data1\" content=\"adriana\" \/>\n\t<meta name=\"twitter:label2\" content=\"Tiempo de lectura\" \/>\n\t<meta name=\"twitter:data2\" content=\"1 minuto\" \/>\n<script type=\"application\/ld+json\" class=\"yoast-schema-graph\">{\"@context\":\"https:\\\/\\\/schema.org\",\"@graph\":[{\"@type\":\"Article\",\"@id\":\"https:\\\/\\\/cebb.org.br\\\/gebb-barra-mansa\\\/#article\",\"isPartOf\":{\"@id\":\"https:\\\/\\\/cebb.org.br\\\/gebb-barra-mansa\\\/\"},\"author\":{\"name\":\"adriana\",\"@id\":\"https:\\\/\\\/cebb.org.br\\\/#\\\/schema\\\/person\\\/2943f7434cfdce8a50054bcca9da418e\"},\"headline\":\"GEBB &#8211; Barra Mansa\",\"datePublished\":\"2015-11-08T16:00:10+00:00\",\"dateModified\":\"2024-02-19T21:17:00+00:00\",\"mainEntityOfPage\":{\"@id\":\"https:\\\/\\\/cebb.org.br\\\/gebb-barra-mansa\\\/\"},\"wordCount\":87,\"publisher\":{\"@id\":\"https:\\\/\\\/cebb.org.br\\\/#organization\"},\"image\":{\"@id\":\"https:\\\/\\\/cebb.org.br\\\/gebb-barra-mansa\\\/#primaryimage\"},\"thumbnailUrl\":\"https:\\\/\\\/cebb.org.br\\\/wp-content\\\/uploads\\\/2016\\\/03\\\/25346846551_7147fe1069_z.jpg\",\"articleSection\":[\"CEBB Volta Redonda\"],\"inLanguage\":\"es\"},{\"@type\":\"WebPage\",\"@id\":\"https:\\\/\\\/cebb.org.br\\\/gebb-barra-mansa\\\/\",\"url\":\"https:\\\/\\\/cebb.org.br\\\/gebb-barra-mansa\\\/\",\"name\":\"GEBB - Barra Mansa - Centro de Estudos Budistas Bodisatva\",\"isPartOf\":{\"@id\":\"https:\\\/\\\/cebb.org.br\\\/#website\"},\"primaryImageOfPage\":{\"@id\":\"https:\\\/\\\/cebb.org.br\\\/gebb-barra-mansa\\\/#primaryimage\"},\"image\":{\"@id\":\"https:\\\/\\\/cebb.org.br\\\/gebb-barra-mansa\\\/#primaryimage\"},\"thumbnailUrl\":\"https:\\\/\\\/cebb.org.br\\\/wp-content\\\/uploads\\\/2016\\\/03\\\/25346846551_7147fe1069_z.jpg\",\"datePublished\":\"2015-11-08T16:00:10+00:00\",\"dateModified\":\"2024-02-19T21:17:00+00:00\",\"breadcrumb\":{\"@id\":\"https:\\\/\\\/cebb.org.br\\\/gebb-barra-mansa\\\/#breadcrumb\"},\"inLanguage\":\"es\",\"potentialAction\":[{\"@type\":\"ReadAction\",\"target\":[\"https:\\\/\\\/cebb.org.br\\\/gebb-barra-mansa\\\/\"]}]},{\"@type\":\"ImageObject\",\"inLanguage\":\"es\",\"@id\":\"https:\\\/\\\/cebb.org.br\\\/gebb-barra-mansa\\\/#primaryimage\",\"url\":\"https:\\\/\\\/cebb.org.br\\\/wp-content\\\/uploads\\\/2016\\\/03\\\/25346846551_7147fe1069_z.jpg\",\"contentUrl\":\"https:\\\/\\\/cebb.org.br\\\/wp-content\\\/uploads\\\/2016\\\/03\\\/25346846551_7147fe1069_z.jpg\",\"width\":640,\"height\":427},{\"@type\":\"BreadcrumbList\",\"@id\":\"https:\\\/\\\/cebb.org.br\\\/gebb-barra-mansa\\\/#breadcrumb\",\"itemListElement\":[{\"@type\":\"ListItem\",\"position\":1,\"name\":\"Home\",\"item\":\"https:\\\/\\\/cebb.org.br\\\/\"},{\"@type\":\"ListItem\",\"position\":2,\"name\":\"GEBB &#8211; Barra Mansa\"}]},{\"@type\":\"WebSite\",\"@id\":\"https:\\\/\\\/cebb.org.br\\\/#website\",\"url\":\"https:\\\/\\\/cebb.org.br\\\/\",\"name\":\"Centro de Estudos Budistas Bodisatva\",\"description\":\"Budismo, medita\u00e7\u00e3o e cultura de paz | Lama Padma Samten\",\"publisher\":{\"@id\":\"https:\\\/\\\/cebb.org.br\\\/#organization\"},\"potentialAction\":[{\"@type\":\"SearchAction\",\"target\":{\"@type\":\"EntryPoint\",\"urlTemplate\":\"https:\\\/\\\/cebb.org.br\\\/?s={search_term_string}\"},\"query-input\":{\"@type\":\"PropertyValueSpecification\",\"valueRequired\":true,\"valueName\":\"search_term_string\"}}],\"inLanguage\":\"es\"},{\"@type\":\"Organization\",\"@id\":\"https:\\\/\\\/cebb.org.br\\\/#organization\",\"name\":\"Centro de Estudos Budistas Bodisatva\",\"url\":\"https:\\\/\\\/cebb.org.br\\\/\",\"logo\":{\"@type\":\"ImageObject\",\"inLanguage\":\"es\",\"@id\":\"https:\\\/\\\/cebb.org.br\\\/#\\\/schema\\\/logo\\\/image\\\/\",\"url\":\"http:\\\/\\\/18.230.164.79\\\/wp-content\\\/uploads\\\/2011\\\/03\\\/logosalvador-peq-e1660064979551.jpg\",\"contentUrl\":\"http:\\\/\\\/18.230.164.79\\\/wp-content\\\/uploads\\\/2011\\\/03\\\/logosalvador-peq-e1660064979551.jpg\",\"width\":280,\"height\":231,\"caption\":\"Centro de Estudos Budistas Bodisatva\"},\"image\":{\"@id\":\"https:\\\/\\\/cebb.org.br\\\/#\\\/schema\\\/logo\\\/image\\\/\"},\"sameAs\":[\"https:\\\/\\\/pt-br.facebook.com\\\/cebb108\",\"https:\\\/\\\/www.instagram.com\\\/cebbcaminhodomeio\\\/\"]},{\"@type\":\"Person\",\"@id\":\"https:\\\/\\\/cebb.org.br\\\/#\\\/schema\\\/person\\\/2943f7434cfdce8a50054bcca9da418e\",\"name\":\"adriana\",\"image\":{\"@type\":\"ImageObject\",\"inLanguage\":\"es\",\"@id\":\"https:\\\/\\\/secure.gravatar.com\\\/avatar\\\/f235a6769909b7357e271e7b95d7f24ff1268d2236b0a381c02f83a6368721f1?s=96&d=mm&r=g\",\"url\":\"https:\\\/\\\/secure.gravatar.com\\\/avatar\\\/f235a6769909b7357e271e7b95d7f24ff1268d2236b0a381c02f83a6368721f1?s=96&d=mm&r=g\",\"contentUrl\":\"https:\\\/\\\/secure.gravatar.com\\\/avatar\\\/f235a6769909b7357e271e7b95d7f24ff1268d2236b0a381c02f83a6368721f1?s=96&d=mm&r=g\",\"caption\":\"adriana\"},\"url\":\"https:\\\/\\\/cebb.org.br\\\/es\\\/author\\\/adriana\\\/\"}]}<\/script>\n<!-- \/ Yoast SEO plugin. -->","yoast_head_json":{"title":"GEBB - Barra Mansa - Centro de Estudos Budistas Bodisatva","robots":{"index":"index","follow":"follow","max-snippet":"max-snippet:-1","max-image-preview":"max-image-preview:large","max-video-preview":"max-video-preview:-1"},"canonical":"https:\/\/cebb.org.br\/es\/gebb-barra-mansa\/","og_locale":"es_ES","og_type":"article","og_title":"GEBB - Barra Mansa - Centro de Estudos Budistas Bodisatva","og_description":"Oferecemos pr\u00e1ticas de Medita\u00e7\u00e3o Silenciosa e aprofundamento no Estudo do Budismo Tibetano. Segundas-Feiras: das 19h \u00e0s 20h30 estudos e pr\u00e1ticas. Todos ser\u00e3o bem vindos!","og_url":"https:\/\/cebb.org.br\/es\/gebb-barra-mansa\/","og_site_name":"Centro de Estudos Budistas Bodisatva","article_publisher":"https:\/\/pt-br.facebook.com\/cebb108","article_published_time":"2015-11-08T16:00:10+00:00","article_modified_time":"2024-02-19T21:17:00+00:00","og_image":[{"width":640,"height":427,"url":"https:\/\/cebb.org.br\/wp-content\/uploads\/2016\/03\/25346846551_7147fe1069_z.jpg","type":"image\/jpeg"}],"author":"adriana","twitter_card":"summary_large_image","twitter_misc":{"Escrito por":"adriana","Tiempo de lectura":"1 minuto"},"schema":{"@context":"https:\/\/schema.org","@graph":[{"@type":"Article","@id":"https:\/\/cebb.org.br\/gebb-barra-mansa\/#article","isPartOf":{"@id":"https:\/\/cebb.org.br\/gebb-barra-mansa\/"},"author":{"name":"adriana","@id":"https:\/\/cebb.org.br\/#\/schema\/person\/2943f7434cfdce8a50054bcca9da418e"},"headline":"GEBB &#8211; Barra Mansa","datePublished":"2015-11-08T16:00:10+00:00","dateModified":"2024-02-19T21:17:00+00:00","mainEntityOfPage":{"@id":"https:\/\/cebb.org.br\/gebb-barra-mansa\/"},"wordCount":87,"publisher":{"@id":"https:\/\/cebb.org.br\/#organization"},"image":{"@id":"https:\/\/cebb.org.br\/gebb-barra-mansa\/#primaryimage"},"thumbnailUrl":"https:\/\/cebb.org.br\/wp-content\/uploads\/2016\/03\/25346846551_7147fe1069_z.jpg","articleSection":["CEBB Volta Redonda"],"inLanguage":"es"},{"@type":"WebPage","@id":"https:\/\/cebb.org.br\/gebb-barra-mansa\/","url":"https:\/\/cebb.org.br\/gebb-barra-mansa\/","name":"GEBB - Barra Mansa - Centro de Estudos Budistas Bodisatva","isPartOf":{"@id":"https:\/\/cebb.org.br\/#website"},"primaryImageOfPage":{"@id":"https:\/\/cebb.org.br\/gebb-barra-mansa\/#primaryimage"},"image":{"@id":"https:\/\/cebb.org.br\/gebb-barra-mansa\/#primaryimage"},"thumbnailUrl":"https:\/\/cebb.org.br\/wp-content\/uploads\/2016\/03\/25346846551_7147fe1069_z.jpg","datePublished":"2015-11-08T16:00:10+00:00","dateModified":"2024-02-19T21:17:00+00:00","breadcrumb":{"@id":"https:\/\/cebb.org.br\/gebb-barra-mansa\/#breadcrumb"},"inLanguage":"es","potentialAction":[{"@type":"ReadAction","target":["https:\/\/cebb.org.br\/gebb-barra-mansa\/"]}]},{"@type":"ImageObject","inLanguage":"es","@id":"https:\/\/cebb.org.br\/gebb-barra-mansa\/#primaryimage","url":"https:\/\/cebb.org.br\/wp-content\/uploads\/2016\/03\/25346846551_7147fe1069_z.jpg","contentUrl":"https:\/\/cebb.org.br\/wp-content\/uploads\/2016\/03\/25346846551_7147fe1069_z.jpg","width":640,"height":427},{"@type":"BreadcrumbList","@id":"https:\/\/cebb.org.br\/gebb-barra-mansa\/#breadcrumb","itemListElement":[{"@type":"ListItem","position":1,"name":"Home","item":"https:\/\/cebb.org.br\/"},{"@type":"ListItem","position":2,"name":"GEBB &#8211; Barra Mansa"}]},{"@type":"WebSite","@id":"https:\/\/cebb.org.br\/#website","url":"https:\/\/cebb.org.br\/","name":"Centro de Estudios Budistas Bodisatva","description":"Budismo, meditaci\u00f3n y cultura de paz | Lama Padma Samten","publisher":{"@id":"https:\/\/cebb.org.br\/#organization"},"potentialAction":[{"@type":"SearchAction","target":{"@type":"EntryPoint","urlTemplate":"https:\/\/cebb.org.br\/?s={search_term_string}"},"query-input":{"@type":"PropertyValueSpecification","valueRequired":true,"valueName":"search_term_string"}}],"inLanguage":"es"},{"@type":"Organization","@id":"https:\/\/cebb.org.br\/#organization","name":"Centro de Estudios Budistas Bodisatva","url":"https:\/\/cebb.org.br\/","logo":{"@type":"ImageObject","inLanguage":"es","@id":"https:\/\/cebb.org.br\/#\/schema\/logo\/image\/","url":"http:\/\/18.230.164.79\/wp-content\/uploads\/2011\/03\/logosalvador-peq-e1660064979551.jpg","contentUrl":"http:\/\/18.230.164.79\/wp-content\/uploads\/2011\/03\/logosalvador-peq-e1660064979551.jpg","width":280,"height":231,"caption":"Centro de Estudos Budistas Bodisatva"},"image":{"@id":"https:\/\/cebb.org.br\/#\/schema\/logo\/image\/"},"sameAs":["https:\/\/pt-br.facebook.com\/cebb108","https:\/\/www.instagram.com\/cebbcaminhodomeio\/"]},{"@type":"Person","@id":"https:\/\/cebb.org.br\/#\/schema\/person\/2943f7434cfdce8a50054bcca9da418e","name":"adriana","image":{"@type":"ImageObject","inLanguage":"es","@id":"https:\/\/secure.gravatar.com\/avatar\/f235a6769909b7357e271e7b95d7f24ff1268d2236b0a381c02f83a6368721f1?s=96&d=mm&r=g","url":"https:\/\/secure.gravatar.com\/avatar\/f235a6769909b7357e271e7b95d7f24ff1268d2236b0a381c02f83a6368721f1?s=96&d=mm&r=g","contentUrl":"https:\/\/secure.gravatar.com\/avatar\/f235a6769909b7357e271e7b95d7f24ff1268d2236b0a381c02f83a6368721f1?s=96&d=mm&r=g","caption":"adriana"},"url":"https:\/\/cebb.org.br\/es\/author\/adriana\/"}]}},"_links":{"self":[{"href":"https:\/\/cebb.org.br\/es\/wp-json\/wp\/v2\/posts\/30245","targetHints":{"allow":["GET"]}}],"collection":[{"href":"https:\/\/cebb.org.br\/es\/wp-json\/wp\/v2\/posts"}],"about":[{"href":"https:\/\/cebb.org.br\/es\/wp-json\/wp\/v2\/types\/post"}],"author":[{"embeddable":true,"href":"https:\/\/cebb.org.br\/es\/wp-json\/wp\/v2\/users\/4"}],"replies":[{"embeddable":true,"href":"https:\/\/cebb.org.br\/es\/wp-json\/wp\/v2\/comments?post=30245"}],"version-history":[{"count":2,"href":"https:\/\/cebb.org.br\/es\/wp-json\/wp\/v2\/posts\/30245\/revisions"}],"predecessor-version":[{"id":100214,"href":"https:\/\/cebb.org.br\/es\/wp-json\/wp\/v2\/posts\/30245\/revisions\/100214"}],"wp:featuredmedia":[{"embeddable":true,"href":"https:\/\/cebb.org.br\/es\/wp-json\/wp\/v2\/media\/29921"}],"wp:attachment":[{"href":"https:\/\/cebb.org.br\/es\/wp-json\/wp\/v2\/media?parent=30245"}],"wp:term":[{"taxonomy":"category","embeddable":true,"href":"https:\/\/cebb.org.br\/es\/wp-json\/wp\/v2\/categories?post=30245"},{"taxonomy":"post_tag","embeddable":true,"href":"https:\/\/cebb.org.br\/es\/wp-json\/wp\/v2\/tags?post=30245"}],"curies":[{"name":"wp","href":"https:\/\/api.w.org\/{rel}","templated":true}]}}