{"id":32,"date":"2009-04-30T03:00:00","date_gmt":"2009-04-30T06:00:00","guid":{"rendered":"http:\/\/www.cebb.org.br\/novo\/?p=32"},"modified":"2024-10-05T16:16:29","modified_gmt":"2024-10-05T19:16:29","slug":"podcastdolamasamten","status":"publish","type":"post","link":"https:\/\/cebb.org.br\/es\/podcastdolamasamten\/","title":{"rendered":"Podcast do Lama Samten (ensinamentos em MP3)"},"content":{"rendered":"<p>Ou\u00e7a trechos de grava\u00e7\u00f5es de palestras e retiros do Lama Padma Samten pelo Brasil.<br \/>\n<!--more-->Alguns dos \u00e1udios abaixo est\u00e3o dispon\u00edveis na \u00edntegra em CDs e DVDs. Para adquirir, <a href=\"http:\/\/loja.caminhodomeio.org\" target=\"_blank\" rel=\"noopener\">visite nossa loja virtual<\/a>.<br \/>\n<strong>Podcast?<\/strong><br \/>\nOs podcasts do Lama Padma Samten s\u00e3o ensinamentos em \u00e1udio podem ser ouvidos gratuitamente online ou baixados e ouvidos em um iPod ou em qualquer tocador de MP3.<br \/>\n<strong>Assine e receba por email!<\/strong><br \/>\nQuando voc\u00ea assina um podcast, recebe por email avisos dos novos ensinamentos dispon\u00edveis assim que eles s\u00e3o lan\u00e7ados. <a href=\"http:\/\/www.feedburner.com\/fb\/a\/emailverifySubmit?feedId=2736725&amp;loc=pt_BR\" target=\"_blank\" rel=\"noopener\">Assine e seja informado por email do pr\u00f3ximo podcast!<\/a><br \/>\nSe voc\u00ea usa um gerenciador de podcast (como o <a href=\"http:\/\/www.getmiro.com\/\" target=\"_blank\" rel=\"noopener\">Miro<\/a> ou o <a href=\"http:\/\/www.apple.com\/br\/itunes\/download\/\" target=\"_blank\" rel=\"noopener\">iTunes<\/a>), adicione o seguinte feed:<br \/>\nhttp:\/\/feeds2.feedburner.com\/podcastdolamasamten<\/p>\n<h3>Conselhos sobre a morte (na \u00edntegra)<\/h3>\n<p>Palestra na \u00edntegra &#8220;Conselhos sobre a morte e os seis bardos&#8221;, realizada dia 25 de maio no Hospital da Lagoa &#8211; Rio de Janeiro. Dura\u00e7\u00e3o: 2 horas e 16 minutos.<br \/>\n[powerpress url=&#8221;http:\/\/18.230.164.79\/wp-content\/uploads\/2009\/04\/lama_samten_morte_rii_23-05-2010-1.mp3&#8243;]\n<a href=\"http:\/\/18.230.164.79\/wp-content\/uploads\/2009\/04\/lama_samten_morte_rii_23-05-2010-1.mp3\" target=\"_blank\" rel=\"noopener\">MP3 para download<\/a><\/p>\n<h3>Viver sem medo (na \u00edntegra)<\/h3>\n<p>Palestra na \u00edntegra &#8220;Viver sem medo ou inseguran\u00e7a: mito ou possibilidade?&#8221;, realizada dia 22 de maio no Rio de Janeiro. Dura\u00e7\u00e3o: 2 horas e 7 minutos.<br \/>\n[powerpress url=&#8221;http:\/\/18.230.164.79\/wp-content\/uploads\/2009\/04\/lama-samten-medo-cebb-rio-2010-05-22-1.mp3&#8243;]\n<a href=\"http:\/\/18.230.164.79\/wp-content\/uploads\/2009\/04\/lama-samten-medo-cebb-rio-2010-05-22-1.mp3\" target=\"_blank\" rel=\"noopener\">MP3 para download<\/a><\/p>\n<h3>Alan Wallace &#8211; Palestra em Curitiba<\/h3>\n[powerpress url=&#8221;http:\/\/18.230.164.79\/wp-content\/uploads\/2009\/04\/alan_wallace_palestra_curitiba_2009jun07-1.mp3&#8243;]\nPalestra na \u00edntegra &#8220;Curando a Mente: Onde Medita\u00e7\u00e3o e Neuroci\u00eancia Convergem&#8221; (Healing the Mind: Where Meditation and Neuroscience Converge), realizada dia 7 de junho de 2009 em Curitiba. Tradu\u00e7\u00e3o de Eduardo Pinheiro. Dura\u00e7\u00e3o: 2 horas e 24 minutos. <a href=\"http:\/\/18.230.164.79\/wp-content\/uploads\/2009\/04\/alan_wallace_palestra_curitiba_2009jun07-1.mp3\">MP3 para download<\/a> (clique com o bot\u00e3o direito do mouse e selecione &#8220;Salvar destino como&#8221;).<\/p>\n<h3>Alan Wallace &#8211; Diferen\u00e7a entre samatha e vipassana<\/h3>\n[powerpress url=&#8221;http:\/\/18.230.164.79\/wp-content\/uploads\/2009\/04\/alan_wallace_resposta_cebb_cm_retiro_2009jun13-1.mp3&#8243;]\nResposta de Alan Wallace durante o retiro realizado em junho de 2009 no CEBB Caminho do Meio &#8211; Viam\u00e3o\/RS. Dura\u00e7\u00e3o: 6 minutos. <a href=\"http:\/\/18.230.164.79\/wp-content\/uploads\/2009\/04\/alan_wallace_resposta_cebb_cm_retiro_2009jun13-1.mp3\">MP3 para download<\/a> (clique com o bot\u00e3o direito do mouse e selecione &#8220;Salvar destino como&#8221;).<\/p>\n<h3>Corpo, energia, mente, paisagem e natureza primordial<\/h3>\n[powerpress url=&#8221;http:\/\/18.230.164.79\/wp-content\/uploads\/2009\/04\/lama_samten_2009jan17_cebbcm_4nobresverdades-1.mp3&#8243;]\nEnsinamento de Lama Padma Samten durante o terceiro retiro no ver\u00e3o de 2009 (CEBB Caminho do Meio, 17 de janeiro). Temas: corpo, lung, energia, mente, paisagem, zen, medita\u00e7\u00e3o, guru ioga, natureza primordial. Dura\u00e7\u00e3o: 18 minutos. <a href=\"http:\/\/18.230.164.79\/wp-content\/uploads\/2009\/04\/lama_samten_2009jan17_cebbcm_4nobresverdades-1.mp3\">MP3 para download<\/a> (clique com o bot\u00e3o direito do mouse e selecione &#8220;Salvar destino como&#8221;).<\/p>\n<h3>Quatro pensamentos que transformam a mente<\/h3>\n[powerpress url=&#8221;http:\/\/18.230.164.79\/wp-content\/uploads\/2009\/04\/lama_samten_2009_jan_09_cebb_cm_4_pensamentos-1.mp3&#8243;]\nEnsinamento de Lama Padma Samten durante o segundo retiro no ver\u00e3o de 2009 (CEBB Caminho do Meio, 9 de janeiro). Temas: quatro pensamentos que transformam a mente, linhagem, vida humana preciosa, carma, imperman\u00eancia, sofrimento, ref\u00fagio. Dura\u00e7\u00e3o: 25 minutos. <a href=\"http:\/\/18.230.164.79\/wp-content\/uploads\/2009\/04\/lama_samten_2009_jan_09_cebb_cm_4_pensamentos-1.mp3\">MP3 para download<\/a> (clique com o bot\u00e3o direito do mouse e selecione &#8220;Salvar destino como&#8221;).<\/p>\n<h3>Responsabilidade universal e cultura de paz<\/h3>\n[powerpress url=&#8221;http:\/\/www.cebb.org.br\/wp-content\/uploads\/2009\/04\/podcast_lama_samten_2009_jan_05_cebb_cm_responsabilidade_universal.mp3&#8243;]\nEnsinamento de Lama Padma Samten durante o primeiro retiro no ver\u00e3o de 2009 (CEBB Caminho do Meio, 5 de janeiro). Temas: carma, samsara, responsividade, energia, felicidade, a\u00e7\u00e3o positiva. Dura\u00e7\u00e3o: 15 minutos. <a href=\"http:\/\/www.cebb.org.br\/wp-content\/uploads\/2009\/04\/podcast_lama_samten_2009_jan_05_cebb_cm_responsabilidade_universal.mp3\">MP3 para download<\/a> (clique com o bot\u00e3o direito do mouse e selecione &#8220;Salvar destino como&#8221;).<\/p>\n<h3>A luminosidade da mente<\/h3>\n[powerpress url=&#8221;http:\/\/www.cebb.org.br\/wp-content\/uploads\/2009\/04\/108h_dia1_lama_samten_3a_nobre_verdade.mp3&#8243;]\nEnsinamento de Lama Padma Samten durante o 108 Horas de Paz no dia 1\u00ba de janeiro de 2009 (CEBB Viam\u00e3o). Temas: identidades, vacuidade, libera\u00e7\u00e3o, terceira e quarta nobres verdades. Dura\u00e7\u00e3o: 4 minutos. <a href=\"http:\/\/www.cebb.org.br\/wp-content\/uploads\/2009\/04\/108h_dia1_lama_samten_3a_nobre_verdade.mp3\">MP3 para download<\/a> (clique com o bot\u00e3o direito do mouse e selecione &#8220;Salvar destino como&#8221;).<\/p>\n<h3>Liberdade n\u00e3o-causal: como as coisas mudam?<\/h3>\n<p>&#8220;N\u00e3o \u00e9 poss\u00edvel haver uma transforma\u00e7\u00e3o que n\u00e3o seja por saltos, que n\u00e3o seja descont\u00ednua. O cont\u00ednuo n\u00e3o \u00e9 poss\u00edvel, temos sempre o discreto. Todas as mudan\u00e7as s\u00e3o n\u00e3o-causais. A imperman\u00eancia \u00e9 um indicativo de que h\u00e1 uma natureza livre por tr\u00e1s dos fen\u00f4menos, que n\u00e3o respeita, que desafia nossas constru\u00e7\u00f5es e coer\u00eancias.&#8221;<br \/>\n[powerpress url=&#8221;http:\/\/18.230.164.79\/wp-content\/uploads\/2009\/04\/podcast_lama_samten_nao_causalidade-1.mp3&#8243;]\nEnsinamento de Lama Padma Samten durante um retiro de 10 dias sobre o Sutra do Prajnaparamita (Unisal, S\u00e3o Paulo, abril de 2006). Dura\u00e7\u00e3o: 11 minutos. <a href=\"http:\/\/18.230.164.79\/wp-content\/uploads\/2009\/04\/podcast_lama_samten_nao_causalidade-1.mp3\">MP3 para download<\/a> (clique com o bot\u00e3o direito do mouse e selecione &#8220;Salvar destino como&#8221;).<\/p>\n<h3>Cr\u00edtica ao pensamento econ\u00f4mico<\/h3>\n[powerpress url=&#8221;http:\/\/18.230.164.79\/wp-content\/uploads\/2009\/04\/discurso_lamasamten_19nov09_assembleia_parana-1.mp3&#8243;]\nPronunciamento de Lama Padma Samten ao receber o t\u00edtulo de cidad\u00e3o honor\u00e1rio do Paran\u00e1 na Assembl\u00e9ia Legislativa, em 19\/11\/2008. Temas: economia, sustentabilidade, cultura de paz, ecologia, responsabilidade universal, organiza\u00e7\u00f5es, culturas, crise americana, complementaridade, Niels Bohr, ci\u00eancia, poder p\u00fablico, diversidade, budismo. <a href=\"http:\/\/18.230.164.79\/wp-content\/uploads\/2009\/04\/discurso_lamasamten_19nov09_assembleia_parana-1.mp3\">MP3 para download<\/a> (clique com o bot\u00e3o direito do mouse e selecione &#8220;Salvar destino como&#8221;).<\/p>\n","protected":false},"excerpt":{"rendered":"<p><img decoding=\"async\" class=\"caption\" src=\"http:\/\/www.cebb.org.br\/novo\/wp-content\/uploads\/2009\/04\/lama_samten_podcast_200_200.jpg\" border=\"0\" width=\"200\" height=\"200\" align=\"left\" \/>Ou\u00e7a trechos de grava\u00e7\u00f5es de palestras e retiros do Lama Padma Samten pelo Brasil. Alguns dos \u00e1udios abaixo est\u00e3o dispon\u00edveis na \u00edntegra em CDs e DVDs. Para adquirir, <a href=\"http:\/\/loja.caminhodomeio.org\" target=\"_blank\" rel=\"noopener\">visite nossa loja virtual<\/a>.<\/p>\n<p><strong>Podcast?<\/strong><br \/>Os podcasts do Lama Padma Samten s\u00e3o ensinamentos que duram em m\u00e9dia 15 minutos e podem ser ouvidos gratuitamente online ou baixados e ouvidos em um iPod ou em qualquer tocador de MP3.<\/p>\n<p><strong>Assine e receba por email!<\/strong><br \/>Quando voc\u00ea assina um podcast, recebe por email avisos dos novos ensinamentos dispon\u00edveis assim que eles s\u00e3o lan\u00e7ados. <strong><a href=\"http:\/\/www.feedburner.com\/fb\/a\/emailverifySubmit?feedId=2736725&#038;loc=pt_BR\" target=\"_blank\" rel=\"noopener\">Assine e seja informado por email do pr\u00f3ximo podcast!<\/a><\/strong><\/p>","protected":false},"author":114,"featured_media":3344,"comment_status":"open","ping_status":"open","sticky":false,"template":"","format":"standard","meta":{"footnotes":""},"categories":[367,417],"tags":[],"class_list":["post-32","post","type-post","status-publish","format-standard","has-post-thumbnail","hentry","category-podcast","category-ensinamentos"],"yoast_head":"<!-- This site is optimized with the Yoast SEO plugin v27.5 - https:\/\/yoast.com\/product\/yoast-seo-wordpress\/ -->\n<title>Podcast do Lama Samten (ensinamentos em MP3) - Centro de Estudos Budistas Bodisatva<\/title>\n<meta name=\"robots\" content=\"index, follow, max-snippet:-1, max-image-preview:large, max-video-preview:-1\" \/>\n<link rel=\"canonical\" href=\"https:\/\/cebb.org.br\/es\/podcastdolamasamten\/\" \/>\n<meta property=\"og:locale\" content=\"es_ES\" \/>\n<meta property=\"og:type\" content=\"article\" \/>\n<meta property=\"og:title\" content=\"Podcast do Lama Samten (ensinamentos em MP3) - Centro de Estudos Budistas Bodisatva\" \/>\n<meta property=\"og:description\" content=\"Ou\u00e7a trechos de grava\u00e7\u00f5es de palestras e retiros do Lama Padma Samten pelo Brasil. Alguns dos \u00e1udios abaixo est\u00e3o dispon\u00edveis na \u00edntegra em CDs e DVDs. Para adquirir, visite nossa loja virtual.Podcast?Os podcasts do Lama Padma Samten s\u00e3o ensinamentos que duram em m\u00e9dia 15 minutos e podem ser ouvidos gratuitamente online ou baixados e ouvidos em um iPod ou em qualquer tocador de MP3.Assine e receba por email!Quando voc\u00ea assina um podcast, recebe por email avisos dos novos ensinamentos dispon\u00edveis assim que eles s\u00e3o lan\u00e7ados. Assine e seja informado por email do pr\u00f3ximo podcast!\" \/>\n<meta property=\"og:url\" content=\"https:\/\/cebb.org.br\/es\/podcastdolamasamten\/\" \/>\n<meta property=\"og:site_name\" content=\"Centro de Estudos Budistas Bodisatva\" \/>\n<meta property=\"article:publisher\" content=\"https:\/\/pt-br.facebook.com\/cebb108\" \/>\n<meta property=\"article:published_time\" content=\"2009-04-30T06:00:00+00:00\" \/>\n<meta property=\"article:modified_time\" content=\"2024-10-05T19:16:29+00:00\" \/>\n<meta property=\"og:image\" content=\"https:\/\/cebb.org.br\/wp-content\/uploads\/2013\/02\/lama-samten-sp2012-e1384536239705.jpg\" \/>\n\t<meta property=\"og:image:width\" content=\"620\" \/>\n\t<meta property=\"og:image:height\" content=\"410\" \/>\n\t<meta property=\"og:image:type\" content=\"image\/jpeg\" \/>\n<meta name=\"twitter:card\" content=\"summary_large_image\" \/>\n<meta name=\"twitter:label1\" content=\"Escrito por\" \/>\n\t<meta name=\"twitter:data1\" content=\"\" \/>\n\t<meta name=\"twitter:label2\" content=\"Tiempo de lectura\" \/>\n\t<meta name=\"twitter:data2\" content=\"4 minutos\" \/>\n<script type=\"application\/ld+json\" class=\"yoast-schema-graph\">{\"@context\":\"https:\\\/\\\/schema.org\",\"@graph\":[{\"@type\":\"Article\",\"@id\":\"https:\\\/\\\/cebb.org.br\\\/podcastdolamasamten\\\/#article\",\"isPartOf\":{\"@id\":\"https:\\\/\\\/cebb.org.br\\\/podcastdolamasamten\\\/\"},\"author\":{\"name\":\"\",\"@id\":\"\"},\"headline\":\"Podcast do Lama Samten (ensinamentos em MP3)\",\"datePublished\":\"2009-04-30T06:00:00+00:00\",\"dateModified\":\"2024-10-05T19:16:29+00:00\",\"mainEntityOfPage\":{\"@id\":\"https:\\\/\\\/cebb.org.br\\\/podcastdolamasamten\\\/\"},\"wordCount\":844,\"commentCount\":0,\"publisher\":{\"@id\":\"https:\\\/\\\/cebb.org.br\\\/#organization\"},\"image\":{\"@id\":\"https:\\\/\\\/cebb.org.br\\\/podcastdolamasamten\\\/#primaryimage\"},\"thumbnailUrl\":\"https:\\\/\\\/cebb.org.br\\\/wp-content\\\/uploads\\\/2013\\\/02\\\/lama-samten-sp2012-e1384536239705.jpg\",\"articleSection\":[\"\u00c1udio\",\"Ensinamentos\"],\"inLanguage\":\"es\",\"potentialAction\":[{\"@type\":\"CommentAction\",\"name\":\"Comment\",\"target\":[\"https:\\\/\\\/cebb.org.br\\\/podcastdolamasamten\\\/#respond\"]}]},{\"@type\":\"WebPage\",\"@id\":\"https:\\\/\\\/cebb.org.br\\\/podcastdolamasamten\\\/\",\"url\":\"https:\\\/\\\/cebb.org.br\\\/podcastdolamasamten\\\/\",\"name\":\"Podcast do Lama Samten (ensinamentos em MP3) - Centro de Estudos Budistas Bodisatva\",\"isPartOf\":{\"@id\":\"https:\\\/\\\/cebb.org.br\\\/#website\"},\"primaryImageOfPage\":{\"@id\":\"https:\\\/\\\/cebb.org.br\\\/podcastdolamasamten\\\/#primaryimage\"},\"image\":{\"@id\":\"https:\\\/\\\/cebb.org.br\\\/podcastdolamasamten\\\/#primaryimage\"},\"thumbnailUrl\":\"https:\\\/\\\/cebb.org.br\\\/wp-content\\\/uploads\\\/2013\\\/02\\\/lama-samten-sp2012-e1384536239705.jpg\",\"datePublished\":\"2009-04-30T06:00:00+00:00\",\"dateModified\":\"2024-10-05T19:16:29+00:00\",\"breadcrumb\":{\"@id\":\"https:\\\/\\\/cebb.org.br\\\/podcastdolamasamten\\\/#breadcrumb\"},\"inLanguage\":\"es\",\"potentialAction\":[{\"@type\":\"ReadAction\",\"target\":[\"https:\\\/\\\/cebb.org.br\\\/podcastdolamasamten\\\/\"]}]},{\"@type\":\"ImageObject\",\"inLanguage\":\"es\",\"@id\":\"https:\\\/\\\/cebb.org.br\\\/podcastdolamasamten\\\/#primaryimage\",\"url\":\"https:\\\/\\\/cebb.org.br\\\/wp-content\\\/uploads\\\/2013\\\/02\\\/lama-samten-sp2012-e1384536239705.jpg\",\"contentUrl\":\"https:\\\/\\\/cebb.org.br\\\/wp-content\\\/uploads\\\/2013\\\/02\\\/lama-samten-sp2012-e1384536239705.jpg\",\"width\":620,\"height\":410},{\"@type\":\"BreadcrumbList\",\"@id\":\"https:\\\/\\\/cebb.org.br\\\/podcastdolamasamten\\\/#breadcrumb\",\"itemListElement\":[{\"@type\":\"ListItem\",\"position\":1,\"name\":\"Home\",\"item\":\"https:\\\/\\\/cebb.org.br\\\/\"},{\"@type\":\"ListItem\",\"position\":2,\"name\":\"Podcast do Lama Samten (ensinamentos em MP3)\"}]},{\"@type\":\"WebSite\",\"@id\":\"https:\\\/\\\/cebb.org.br\\\/#website\",\"url\":\"https:\\\/\\\/cebb.org.br\\\/\",\"name\":\"Centro de Estudos Budistas Bodisatva\",\"description\":\"Budismo, medita\u00e7\u00e3o e cultura de paz | Lama Padma Samten\",\"publisher\":{\"@id\":\"https:\\\/\\\/cebb.org.br\\\/#organization\"},\"potentialAction\":[{\"@type\":\"SearchAction\",\"target\":{\"@type\":\"EntryPoint\",\"urlTemplate\":\"https:\\\/\\\/cebb.org.br\\\/?s={search_term_string}\"},\"query-input\":{\"@type\":\"PropertyValueSpecification\",\"valueRequired\":true,\"valueName\":\"search_term_string\"}}],\"inLanguage\":\"es\"},{\"@type\":\"Organization\",\"@id\":\"https:\\\/\\\/cebb.org.br\\\/#organization\",\"name\":\"Centro de Estudos Budistas Bodisatva\",\"url\":\"https:\\\/\\\/cebb.org.br\\\/\",\"logo\":{\"@type\":\"ImageObject\",\"inLanguage\":\"es\",\"@id\":\"https:\\\/\\\/cebb.org.br\\\/#\\\/schema\\\/logo\\\/image\\\/\",\"url\":\"http:\\\/\\\/18.230.164.79\\\/wp-content\\\/uploads\\\/2011\\\/03\\\/logosalvador-peq-e1660064979551.jpg\",\"contentUrl\":\"http:\\\/\\\/18.230.164.79\\\/wp-content\\\/uploads\\\/2011\\\/03\\\/logosalvador-peq-e1660064979551.jpg\",\"width\":280,\"height\":231,\"caption\":\"Centro de Estudos Budistas Bodisatva\"},\"image\":{\"@id\":\"https:\\\/\\\/cebb.org.br\\\/#\\\/schema\\\/logo\\\/image\\\/\"},\"sameAs\":[\"https:\\\/\\\/pt-br.facebook.com\\\/cebb108\",\"https:\\\/\\\/www.instagram.com\\\/cebbcaminhodomeio\\\/\"]},{\"@type\":\"Person\",\"@id\":\"\",\"url\":\"https:\\\/\\\/cebb.org.br\\\/es\\\/author\\\/\"}]}<\/script>\n<!-- \/ Yoast SEO plugin. -->","yoast_head_json":{"title":"Podcast do Lama Samten (ensinamentos em MP3) - Centro de Estudos Budistas Bodisatva","robots":{"index":"index","follow":"follow","max-snippet":"max-snippet:-1","max-image-preview":"max-image-preview:large","max-video-preview":"max-video-preview:-1"},"canonical":"https:\/\/cebb.org.br\/es\/podcastdolamasamten\/","og_locale":"es_ES","og_type":"article","og_title":"Podcast do Lama Samten (ensinamentos em MP3) - Centro de Estudos Budistas Bodisatva","og_description":"Ou\u00e7a trechos de grava\u00e7\u00f5es de palestras e retiros do Lama Padma Samten pelo Brasil. Alguns dos \u00e1udios abaixo est\u00e3o dispon\u00edveis na \u00edntegra em CDs e DVDs. Para adquirir, visite nossa loja virtual.Podcast?Os podcasts do Lama Padma Samten s\u00e3o ensinamentos que duram em m\u00e9dia 15 minutos e podem ser ouvidos gratuitamente online ou baixados e ouvidos em um iPod ou em qualquer tocador de MP3.Assine e receba por email!Quando voc\u00ea assina um podcast, recebe por email avisos dos novos ensinamentos dispon\u00edveis assim que eles s\u00e3o lan\u00e7ados. Assine e seja informado por email do pr\u00f3ximo podcast!","og_url":"https:\/\/cebb.org.br\/es\/podcastdolamasamten\/","og_site_name":"Centro de Estudos Budistas Bodisatva","article_publisher":"https:\/\/pt-br.facebook.com\/cebb108","article_published_time":"2009-04-30T06:00:00+00:00","article_modified_time":"2024-10-05T19:16:29+00:00","og_image":[{"width":620,"height":410,"url":"https:\/\/cebb.org.br\/wp-content\/uploads\/2013\/02\/lama-samten-sp2012-e1384536239705.jpg","type":"image\/jpeg"}],"twitter_card":"summary_large_image","twitter_misc":{"Escrito por":"","Tiempo de lectura":"4 minutos"},"schema":{"@context":"https:\/\/schema.org","@graph":[{"@type":"Article","@id":"https:\/\/cebb.org.br\/podcastdolamasamten\/#article","isPartOf":{"@id":"https:\/\/cebb.org.br\/podcastdolamasamten\/"},"author":{"name":"","@id":""},"headline":"Podcast do Lama Samten (ensinamentos em MP3)","datePublished":"2009-04-30T06:00:00+00:00","dateModified":"2024-10-05T19:16:29+00:00","mainEntityOfPage":{"@id":"https:\/\/cebb.org.br\/podcastdolamasamten\/"},"wordCount":844,"commentCount":0,"publisher":{"@id":"https:\/\/cebb.org.br\/#organization"},"image":{"@id":"https:\/\/cebb.org.br\/podcastdolamasamten\/#primaryimage"},"thumbnailUrl":"https:\/\/cebb.org.br\/wp-content\/uploads\/2013\/02\/lama-samten-sp2012-e1384536239705.jpg","articleSection":["\u00c1udio","Ensinamentos"],"inLanguage":"es","potentialAction":[{"@type":"CommentAction","name":"Comment","target":["https:\/\/cebb.org.br\/podcastdolamasamten\/#respond"]}]},{"@type":"WebPage","@id":"https:\/\/cebb.org.br\/podcastdolamasamten\/","url":"https:\/\/cebb.org.br\/podcastdolamasamten\/","name":"Podcast do Lama Samten (ensinamentos em MP3) - Centro de Estudos Budistas Bodisatva","isPartOf":{"@id":"https:\/\/cebb.org.br\/#website"},"primaryImageOfPage":{"@id":"https:\/\/cebb.org.br\/podcastdolamasamten\/#primaryimage"},"image":{"@id":"https:\/\/cebb.org.br\/podcastdolamasamten\/#primaryimage"},"thumbnailUrl":"https:\/\/cebb.org.br\/wp-content\/uploads\/2013\/02\/lama-samten-sp2012-e1384536239705.jpg","datePublished":"2009-04-30T06:00:00+00:00","dateModified":"2024-10-05T19:16:29+00:00","breadcrumb":{"@id":"https:\/\/cebb.org.br\/podcastdolamasamten\/#breadcrumb"},"inLanguage":"es","potentialAction":[{"@type":"ReadAction","target":["https:\/\/cebb.org.br\/podcastdolamasamten\/"]}]},{"@type":"ImageObject","inLanguage":"es","@id":"https:\/\/cebb.org.br\/podcastdolamasamten\/#primaryimage","url":"https:\/\/cebb.org.br\/wp-content\/uploads\/2013\/02\/lama-samten-sp2012-e1384536239705.jpg","contentUrl":"https:\/\/cebb.org.br\/wp-content\/uploads\/2013\/02\/lama-samten-sp2012-e1384536239705.jpg","width":620,"height":410},{"@type":"BreadcrumbList","@id":"https:\/\/cebb.org.br\/podcastdolamasamten\/#breadcrumb","itemListElement":[{"@type":"ListItem","position":1,"name":"Home","item":"https:\/\/cebb.org.br\/"},{"@type":"ListItem","position":2,"name":"Podcast do Lama Samten (ensinamentos em MP3)"}]},{"@type":"WebSite","@id":"https:\/\/cebb.org.br\/#website","url":"https:\/\/cebb.org.br\/","name":"Centro de Estudios Budistas Bodisatva","description":"Budismo, meditaci\u00f3n y cultura de paz | Lama Padma Samten","publisher":{"@id":"https:\/\/cebb.org.br\/#organization"},"potentialAction":[{"@type":"SearchAction","target":{"@type":"EntryPoint","urlTemplate":"https:\/\/cebb.org.br\/?s={search_term_string}"},"query-input":{"@type":"PropertyValueSpecification","valueRequired":true,"valueName":"search_term_string"}}],"inLanguage":"es"},{"@type":"Organization","@id":"https:\/\/cebb.org.br\/#organization","name":"Centro de Estudios Budistas Bodisatva","url":"https:\/\/cebb.org.br\/","logo":{"@type":"ImageObject","inLanguage":"es","@id":"https:\/\/cebb.org.br\/#\/schema\/logo\/image\/","url":"http:\/\/18.230.164.79\/wp-content\/uploads\/2011\/03\/logosalvador-peq-e1660064979551.jpg","contentUrl":"http:\/\/18.230.164.79\/wp-content\/uploads\/2011\/03\/logosalvador-peq-e1660064979551.jpg","width":280,"height":231,"caption":"Centro de Estudos Budistas Bodisatva"},"image":{"@id":"https:\/\/cebb.org.br\/#\/schema\/logo\/image\/"},"sameAs":["https:\/\/pt-br.facebook.com\/cebb108","https:\/\/www.instagram.com\/cebbcaminhodomeio\/"]},{"@type":"Person","@id":"","url":"https:\/\/cebb.org.br\/es\/author\/"}]}},"_links":{"self":[{"href":"https:\/\/cebb.org.br\/es\/wp-json\/wp\/v2\/posts\/32","targetHints":{"allow":["GET"]}}],"collection":[{"href":"https:\/\/cebb.org.br\/es\/wp-json\/wp\/v2\/posts"}],"about":[{"href":"https:\/\/cebb.org.br\/es\/wp-json\/wp\/v2\/types\/post"}],"author":[{"embeddable":true,"href":"https:\/\/cebb.org.br\/es\/wp-json\/wp\/v2\/users\/114"}],"replies":[{"embeddable":true,"href":"https:\/\/cebb.org.br\/es\/wp-json\/wp\/v2\/comments?post=32"}],"version-history":[{"count":1,"href":"https:\/\/cebb.org.br\/es\/wp-json\/wp\/v2\/posts\/32\/revisions"}],"predecessor-version":[{"id":108532,"href":"https:\/\/cebb.org.br\/es\/wp-json\/wp\/v2\/posts\/32\/revisions\/108532"}],"wp:featuredmedia":[{"embeddable":true,"href":"https:\/\/cebb.org.br\/es\/wp-json\/wp\/v2\/media\/3344"}],"wp:attachment":[{"href":"https:\/\/cebb.org.br\/es\/wp-json\/wp\/v2\/media?parent=32"}],"wp:term":[{"taxonomy":"category","embeddable":true,"href":"https:\/\/cebb.org.br\/es\/wp-json\/wp\/v2\/categories?post=32"},{"taxonomy":"post_tag","embeddable":true,"href":"https:\/\/cebb.org.br\/es\/wp-json\/wp\/v2\/tags?post=32"}],"curies":[{"name":"wp","href":"https:\/\/api.w.org\/{rel}","templated":true}]}}