{"id":101212,"date":"2024-04-01T15:38:21","date_gmt":"2024-04-01T18:38:21","guid":{"rendered":"https:\/\/cebb.org.br\/?p=101212"},"modified":"2024-09-10T18:00:00","modified_gmt":"2024-09-10T21:00:00","slug":"palestra-lama-samten-joinville","status":"publish","type":"post","link":"https:\/\/cebb.org.br\/fr\/palestra-lama-samten-joinville\/","title":{"rendered":"O Ensinamento do Buda para o Equil\u00edbrio Pessoal e Social \u2014 Palestra com Lama Padma Samten em Joinville"},"content":{"rendered":"<p><span style=\"font-weight: 400;\">Palestra com Lama Padma Samten em Joinville, dia 30 de abril, 20h.\u00a0<\/span><\/p>\n<p><!--more--><\/p>\n<blockquote><p>\u201cOs ventos e as ondas da vida v\u00e3o nos arrastando, n\u00e3o temos propriamente capacidade de gerir o movimento, de determinar a dire\u00e7\u00e3o. No budismo, nosso objetivo \u00e9 recuperar essa capacidade.\u201d<\/p>\n<p><span style=\"font-weight: 400;\">\u2014Lama Padma Samten<\/span><\/p><\/blockquote>\n<p>\u00c9 com muita alegria que receberemos o Lama Padma Samten para uma palestra em Joinville! Desta vez a visita do Lama Padma Samten \u00e9 ainda mais especial, pois ele vir\u00e1 comemorar com a gente os 15 anos do CEBB Joinville.<\/p>\n<p><span style=\"font-weight: 400;\">Todas e todos podem participar, n\u00e3o h\u00e1 pr\u00e9-requisitos.<\/span><\/p>\n<p><b>Quando:<\/b><span style=\"font-weight: 400;\"> 30 de abril, ter\u00e7a<br \/>\n<\/span><b>Hor\u00e1rio:<\/b><span style=\"font-weight: 400;\"> 20h<br \/>\n<\/span><b>Onde:<\/b><span style=\"font-weight: 400;\"> Comfort Hotel (R. Sen. Felipe Schmidt, 460 &#8211; Centro, Joinville) e tamb\u00e9m online<br \/>\n<\/span><b>Contribui\u00e7\u00e3o sugerida:<\/b><span style=\"font-weight: 400;\"> R$ 50<\/span><\/p>\n<p><span style=\"font-weight: 400;\">A sustenta\u00e7\u00e3o das atividades do CEBB em todo Brasil \u00e9 realizada unicamente pelo meio tradicional de sustenta\u00e7\u00e3o das sangas budistas: a generosidade dos seus participantes. Ao contribuir, voc\u00ea possibilita a continua\u00e7\u00e3o das atividades do CEBB Joinville. Se voc\u00ea n\u00e3o disp\u00f5e desse valor, pode contribuir livremente com qualquer outro. Todos s\u00e3o bem vindos!<\/span><\/p>\n<h2>Para participa\u00e7\u00e3o presencial<\/h2>\n<p><span style=\"font-weight: 400;\"><strong>Para participar presencialmente n\u00e3o \u00e9 preciso se inscrever<\/strong>, a contribui\u00e7\u00e3o ser\u00e1 feita na hora do evento e poder\u00e1 ser feita em dinheiro ou pix. Chegue 15 minutinhos antes para fazer a contribui\u00e7\u00e3o, entrar com calma e aguardar a chegada do Lama. A inscri\u00e7\u00e3o online n\u00e3o valer\u00e1 para o evento presencial.<\/span><\/p>\n<h2>Para participa\u00e7\u00e3o online<\/h2>\n<p>Sua inscri\u00e7\u00e3o e participa\u00e7\u00e3o ONLINE independem de contribui\u00e7\u00e3o financeira. Caso aspire e lhe seja poss\u00edvel contribuir, sinta-se livre para definir o valor. Como refer\u00eancia, sugerimos os valores de R$ 60,00. Sua contribui\u00e7\u00e3o apoiar\u00e1 as atividades do Lama Padma Samten.<\/p>\n<blockquote><p><em>A pr\u00e1tica da Dana Paramita \u2013 perfei\u00e7\u00e3o da generosidade \u2013 torna poss\u00edvel a continuidade dos ensinamentos desde os tempos do Buda. As seis paramitas \u2013 generosidade, moralidade, paz, energia constante, concentra\u00e7\u00e3o e sabedoria \u2013 inspiram a pr\u00e1tica e s\u00e3o a base geradora e sustentadora dos centros de estudos, medita\u00e7\u00e3o, acolhimento e das iniciativas de educa\u00e7\u00e3o, prote\u00e7\u00e3o ambiental, Terras Puras e Cultura de Paz da Sanga CEBB.<\/em><\/p><\/blockquote>\n<h5><strong>Fa\u00e7a a sua inscri\u00e7\u00e3o aqui<br \/>\n<\/strong><a href=\"https:\/\/acaoparamita.com.br\/ensinamentos\/palestra-o-ensinamento-do-buda-para-o-equilibrio-pessoal-e-social\/\" class=\"su-button su-button-style-default\" style=\"color:#FFFFFF;background-color:#b8190d;border-color:#94140b;border-radius:5px\" target=\"_blank\" rel=\"noopener noreferrer\"><span style=\"color:#FFFFFF;padding:0px 16px;font-size:13px;line-height:26px;border-color:#ce5e56;border-radius:5px;text-shadow:none\"> Inscreva-se aqui<\/span><\/a><\/h5>\n<p>Ao fazer sua inscri\u00e7\u00e3o, voc\u00ea receber\u00e1 o link de acesso ao Zoom e ao Youtube (ao vivo).<\/p>\n<h4>CONTATO<\/h4>\n<p>Caso tenha d\u00favidas, conte conosco. Escreva para cebbjoinville@gmail.com<\/p>\n<h4>GRUPO DE WHATSAPP<\/h4>\n<p>Temos um grupo no Whatsapp para recados do CEBB Joinville. Para entrar, basta <a href=\"https:\/\/chat.whatsapp.com\/GpU34ITpHNFIrpqBSZgnMJ\">clicar aqui<\/a><\/p>\n<p><strong>\u00a0<\/strong><\/p>\n<h4><\/h4>","protected":false},"excerpt":{"rendered":"<p>Palestra com Lama Padma Samten em Joinville, dia 30 de abril, 20h.\u00a0<\/p>","protected":false},"author":19,"featured_media":101209,"comment_status":"open","ping_status":"open","sticky":false,"template":"","format":"standard","meta":{"footnotes":""},"categories":[365,341],"tags":[],"class_list":["post-101212","post","type-post","status-publish","format-standard","has-post-thumbnail","hentry","category-agenda","category-eventos-passados"],"yoast_head":"<!-- This site is optimized with the Yoast SEO plugin v27.5 - https:\/\/yoast.com\/product\/yoast-seo-wordpress\/ -->\n<title>O Ensinamento do Buda para o Equil\u00edbrio Pessoal e Social \u2014 Palestra com Lama Padma Samten em Joinville - Centro de Estudos Budistas Bodisatva<\/title>\n<meta name=\"robots\" content=\"index, follow, max-snippet:-1, max-image-preview:large, max-video-preview:-1\" \/>\n<link rel=\"canonical\" href=\"https:\/\/cebb.org.br\/fr\/palestra-lama-samten-joinville\/\" \/>\n<meta property=\"og:locale\" content=\"fr_FR\" \/>\n<meta property=\"og:type\" content=\"article\" \/>\n<meta property=\"og:title\" content=\"O Ensinamento do Buda para o Equil\u00edbrio Pessoal e Social \u2014 Palestra com Lama Padma Samten em Joinville - Centro de Estudos Budistas Bodisatva\" \/>\n<meta property=\"og:description\" content=\"Palestra com Lama Padma Samten em Joinville, dia 30 de abril, 20h.\u00a0\" \/>\n<meta property=\"og:url\" content=\"https:\/\/cebb.org.br\/fr\/palestra-lama-samten-joinville\/\" \/>\n<meta property=\"og:site_name\" content=\"Centro de Estudos Budistas Bodisatva\" \/>\n<meta property=\"article:publisher\" content=\"https:\/\/pt-br.facebook.com\/cebb108\" \/>\n<meta property=\"article:published_time\" content=\"2024-04-01T18:38:21+00:00\" \/>\n<meta property=\"article:modified_time\" content=\"2024-09-10T21:00:00+00:00\" \/>\n<meta property=\"og:image\" content=\"https:\/\/cebb.org.br\/wp-content\/uploads\/2023\/04\/Lama-Joinville.jpeg\" \/>\n\t<meta property=\"og:image:width\" content=\"859\" \/>\n\t<meta property=\"og:image:height\" content=\"1073\" \/>\n\t<meta property=\"og:image:type\" content=\"image\/jpeg\" \/>\n<meta name=\"author\" content=\"fabio\" \/>\n<meta name=\"twitter:card\" content=\"summary_large_image\" \/>\n<meta name=\"twitter:label1\" content=\"\u00c9crit par\" \/>\n\t<meta name=\"twitter:data1\" content=\"fabio\" \/>\n\t<meta name=\"twitter:label2\" content=\"Dur\u00e9e de lecture estim\u00e9e\" \/>\n\t<meta name=\"twitter:data2\" content=\"2 minutes\" \/>\n<script type=\"application\/ld+json\" class=\"yoast-schema-graph\">{\"@context\":\"https:\\\/\\\/schema.org\",\"@graph\":[{\"@type\":\"Article\",\"@id\":\"https:\\\/\\\/cebb.org.br\\\/palestra-lama-samten-joinville\\\/#article\",\"isPartOf\":{\"@id\":\"https:\\\/\\\/cebb.org.br\\\/palestra-lama-samten-joinville\\\/\"},\"author\":{\"name\":\"fabio\",\"@id\":\"https:\\\/\\\/cebb.org.br\\\/#\\\/schema\\\/person\\\/fe829f8812ce903aa21193c8d21f502d\"},\"headline\":\"O Ensinamento do Buda para o Equil\u00edbrio Pessoal e Social \u2014 Palestra com Lama Padma Samten em Joinville\",\"datePublished\":\"2024-04-01T18:38:21+00:00\",\"dateModified\":\"2024-09-10T21:00:00+00:00\",\"mainEntityOfPage\":{\"@id\":\"https:\\\/\\\/cebb.org.br\\\/palestra-lama-samten-joinville\\\/\"},\"wordCount\":443,\"commentCount\":0,\"publisher\":{\"@id\":\"https:\\\/\\\/cebb.org.br\\\/#organization\"},\"image\":{\"@id\":\"https:\\\/\\\/cebb.org.br\\\/palestra-lama-samten-joinville\\\/#primaryimage\"},\"thumbnailUrl\":\"https:\\\/\\\/cebb.org.br\\\/wp-content\\\/uploads\\\/2023\\\/04\\\/Lama-Joinville.jpeg\",\"articleSection\":[\"Agenda do Lama Padma Samten\",\"Eventos Passados\"],\"inLanguage\":\"fr-FR\",\"potentialAction\":[{\"@type\":\"CommentAction\",\"name\":\"Comment\",\"target\":[\"https:\\\/\\\/cebb.org.br\\\/palestra-lama-samten-joinville\\\/#respond\"]}]},{\"@type\":\"WebPage\",\"@id\":\"https:\\\/\\\/cebb.org.br\\\/palestra-lama-samten-joinville\\\/\",\"url\":\"https:\\\/\\\/cebb.org.br\\\/palestra-lama-samten-joinville\\\/\",\"name\":\"O Ensinamento do Buda para o Equil\u00edbrio Pessoal e Social \u2014 Palestra com Lama Padma Samten em Joinville - Centro de Estudos Budistas Bodisatva\",\"isPartOf\":{\"@id\":\"https:\\\/\\\/cebb.org.br\\\/#website\"},\"primaryImageOfPage\":{\"@id\":\"https:\\\/\\\/cebb.org.br\\\/palestra-lama-samten-joinville\\\/#primaryimage\"},\"image\":{\"@id\":\"https:\\\/\\\/cebb.org.br\\\/palestra-lama-samten-joinville\\\/#primaryimage\"},\"thumbnailUrl\":\"https:\\\/\\\/cebb.org.br\\\/wp-content\\\/uploads\\\/2023\\\/04\\\/Lama-Joinville.jpeg\",\"datePublished\":\"2024-04-01T18:38:21+00:00\",\"dateModified\":\"2024-09-10T21:00:00+00:00\",\"breadcrumb\":{\"@id\":\"https:\\\/\\\/cebb.org.br\\\/palestra-lama-samten-joinville\\\/#breadcrumb\"},\"inLanguage\":\"fr-FR\",\"potentialAction\":[{\"@type\":\"ReadAction\",\"target\":[\"https:\\\/\\\/cebb.org.br\\\/palestra-lama-samten-joinville\\\/\"]}]},{\"@type\":\"ImageObject\",\"inLanguage\":\"fr-FR\",\"@id\":\"https:\\\/\\\/cebb.org.br\\\/palestra-lama-samten-joinville\\\/#primaryimage\",\"url\":\"https:\\\/\\\/cebb.org.br\\\/wp-content\\\/uploads\\\/2023\\\/04\\\/Lama-Joinville.jpeg\",\"contentUrl\":\"https:\\\/\\\/cebb.org.br\\\/wp-content\\\/uploads\\\/2023\\\/04\\\/Lama-Joinville.jpeg\",\"width\":859,\"height\":1073},{\"@type\":\"BreadcrumbList\",\"@id\":\"https:\\\/\\\/cebb.org.br\\\/palestra-lama-samten-joinville\\\/#breadcrumb\",\"itemListElement\":[{\"@type\":\"ListItem\",\"position\":1,\"name\":\"Home\",\"item\":\"https:\\\/\\\/cebb.org.br\\\/\"},{\"@type\":\"ListItem\",\"position\":2,\"name\":\"O Ensinamento do Buda para o Equil\u00edbrio Pessoal e Social \u2014 Palestra com Lama Padma Samten em Joinville\"}]},{\"@type\":\"WebSite\",\"@id\":\"https:\\\/\\\/cebb.org.br\\\/#website\",\"url\":\"https:\\\/\\\/cebb.org.br\\\/\",\"name\":\"Centro de Estudos Budistas Bodisatva\",\"description\":\"Budismo, medita\u00e7\u00e3o e cultura de paz | Lama Padma Samten\",\"publisher\":{\"@id\":\"https:\\\/\\\/cebb.org.br\\\/#organization\"},\"potentialAction\":[{\"@type\":\"SearchAction\",\"target\":{\"@type\":\"EntryPoint\",\"urlTemplate\":\"https:\\\/\\\/cebb.org.br\\\/?s={search_term_string}\"},\"query-input\":{\"@type\":\"PropertyValueSpecification\",\"valueRequired\":true,\"valueName\":\"search_term_string\"}}],\"inLanguage\":\"fr-FR\"},{\"@type\":\"Organization\",\"@id\":\"https:\\\/\\\/cebb.org.br\\\/#organization\",\"name\":\"Centro de Estudos Budistas Bodisatva\",\"url\":\"https:\\\/\\\/cebb.org.br\\\/\",\"logo\":{\"@type\":\"ImageObject\",\"inLanguage\":\"fr-FR\",\"@id\":\"https:\\\/\\\/cebb.org.br\\\/#\\\/schema\\\/logo\\\/image\\\/\",\"url\":\"http:\\\/\\\/18.230.164.79\\\/wp-content\\\/uploads\\\/2011\\\/03\\\/logosalvador-peq-e1660064979551.jpg\",\"contentUrl\":\"http:\\\/\\\/18.230.164.79\\\/wp-content\\\/uploads\\\/2011\\\/03\\\/logosalvador-peq-e1660064979551.jpg\",\"width\":280,\"height\":231,\"caption\":\"Centro de Estudos Budistas Bodisatva\"},\"image\":{\"@id\":\"https:\\\/\\\/cebb.org.br\\\/#\\\/schema\\\/logo\\\/image\\\/\"},\"sameAs\":[\"https:\\\/\\\/pt-br.facebook.com\\\/cebb108\",\"https:\\\/\\\/www.instagram.com\\\/cebbcaminhodomeio\\\/\"]},{\"@type\":\"Person\",\"@id\":\"https:\\\/\\\/cebb.org.br\\\/#\\\/schema\\\/person\\\/fe829f8812ce903aa21193c8d21f502d\",\"name\":\"fabio\",\"image\":{\"@type\":\"ImageObject\",\"inLanguage\":\"fr-FR\",\"@id\":\"https:\\\/\\\/secure.gravatar.com\\\/avatar\\\/0cc57a0fb1bd24cabb490a66acf181e4ed7605b0117288c40ebb6f2dcd55a952?s=96&d=mm&r=g\",\"url\":\"https:\\\/\\\/secure.gravatar.com\\\/avatar\\\/0cc57a0fb1bd24cabb490a66acf181e4ed7605b0117288c40ebb6f2dcd55a952?s=96&d=mm&r=g\",\"contentUrl\":\"https:\\\/\\\/secure.gravatar.com\\\/avatar\\\/0cc57a0fb1bd24cabb490a66acf181e4ed7605b0117288c40ebb6f2dcd55a952?s=96&d=mm&r=g\",\"caption\":\"fabio\"},\"url\":\"https:\\\/\\\/cebb.org.br\\\/fr\\\/author\\\/fabio\\\/\"}]}<\/script>\n<!-- \/ Yoast SEO plugin. -->","yoast_head_json":{"title":"O Ensinamento do Buda para o Equil\u00edbrio Pessoal e Social \u2014 Palestra com Lama Padma Samten em Joinville - Centro de Estudos Budistas Bodisatva","robots":{"index":"index","follow":"follow","max-snippet":"max-snippet:-1","max-image-preview":"max-image-preview:large","max-video-preview":"max-video-preview:-1"},"canonical":"https:\/\/cebb.org.br\/fr\/palestra-lama-samten-joinville\/","og_locale":"fr_FR","og_type":"article","og_title":"O Ensinamento do Buda para o Equil\u00edbrio Pessoal e Social \u2014 Palestra com Lama Padma Samten em Joinville - Centro de Estudos Budistas Bodisatva","og_description":"Palestra com Lama Padma Samten em Joinville, dia 30 de abril, 20h.\u00a0","og_url":"https:\/\/cebb.org.br\/fr\/palestra-lama-samten-joinville\/","og_site_name":"Centro de Estudos Budistas Bodisatva","article_publisher":"https:\/\/pt-br.facebook.com\/cebb108","article_published_time":"2024-04-01T18:38:21+00:00","article_modified_time":"2024-09-10T21:00:00+00:00","og_image":[{"width":859,"height":1073,"url":"https:\/\/cebb.org.br\/wp-content\/uploads\/2023\/04\/Lama-Joinville.jpeg","type":"image\/jpeg"}],"author":"fabio","twitter_card":"summary_large_image","twitter_misc":{"\u00c9crit par":"fabio","Dur\u00e9e de lecture estim\u00e9e":"2 minutes"},"schema":{"@context":"https:\/\/schema.org","@graph":[{"@type":"Article","@id":"https:\/\/cebb.org.br\/palestra-lama-samten-joinville\/#article","isPartOf":{"@id":"https:\/\/cebb.org.br\/palestra-lama-samten-joinville\/"},"author":{"name":"fabio","@id":"https:\/\/cebb.org.br\/#\/schema\/person\/fe829f8812ce903aa21193c8d21f502d"},"headline":"O Ensinamento do Buda para o Equil\u00edbrio Pessoal e Social \u2014 Palestra com Lama Padma Samten em Joinville","datePublished":"2024-04-01T18:38:21+00:00","dateModified":"2024-09-10T21:00:00+00:00","mainEntityOfPage":{"@id":"https:\/\/cebb.org.br\/palestra-lama-samten-joinville\/"},"wordCount":443,"commentCount":0,"publisher":{"@id":"https:\/\/cebb.org.br\/#organization"},"image":{"@id":"https:\/\/cebb.org.br\/palestra-lama-samten-joinville\/#primaryimage"},"thumbnailUrl":"https:\/\/cebb.org.br\/wp-content\/uploads\/2023\/04\/Lama-Joinville.jpeg","articleSection":["Agenda do Lama Padma Samten","Eventos Passados"],"inLanguage":"fr-FR","potentialAction":[{"@type":"CommentAction","name":"Comment","target":["https:\/\/cebb.org.br\/palestra-lama-samten-joinville\/#respond"]}]},{"@type":"WebPage","@id":"https:\/\/cebb.org.br\/palestra-lama-samten-joinville\/","url":"https:\/\/cebb.org.br\/palestra-lama-samten-joinville\/","name":"O Ensinamento do Buda para o Equil\u00edbrio Pessoal e Social \u2014 Palestra com Lama Padma Samten em Joinville - Centro de Estudos Budistas Bodisatva","isPartOf":{"@id":"https:\/\/cebb.org.br\/#website"},"primaryImageOfPage":{"@id":"https:\/\/cebb.org.br\/palestra-lama-samten-joinville\/#primaryimage"},"image":{"@id":"https:\/\/cebb.org.br\/palestra-lama-samten-joinville\/#primaryimage"},"thumbnailUrl":"https:\/\/cebb.org.br\/wp-content\/uploads\/2023\/04\/Lama-Joinville.jpeg","datePublished":"2024-04-01T18:38:21+00:00","dateModified":"2024-09-10T21:00:00+00:00","breadcrumb":{"@id":"https:\/\/cebb.org.br\/palestra-lama-samten-joinville\/#breadcrumb"},"inLanguage":"fr-FR","potentialAction":[{"@type":"ReadAction","target":["https:\/\/cebb.org.br\/palestra-lama-samten-joinville\/"]}]},{"@type":"ImageObject","inLanguage":"fr-FR","@id":"https:\/\/cebb.org.br\/palestra-lama-samten-joinville\/#primaryimage","url":"https:\/\/cebb.org.br\/wp-content\/uploads\/2023\/04\/Lama-Joinville.jpeg","contentUrl":"https:\/\/cebb.org.br\/wp-content\/uploads\/2023\/04\/Lama-Joinville.jpeg","width":859,"height":1073},{"@type":"BreadcrumbList","@id":"https:\/\/cebb.org.br\/palestra-lama-samten-joinville\/#breadcrumb","itemListElement":[{"@type":"ListItem","position":1,"name":"Home","item":"https:\/\/cebb.org.br\/"},{"@type":"ListItem","position":2,"name":"O Ensinamento do Buda para o Equil\u00edbrio Pessoal e Social \u2014 Palestra com Lama Padma Samten em Joinville"}]},{"@type":"WebSite","@id":"https:\/\/cebb.org.br\/#website","url":"https:\/\/cebb.org.br\/","name":"Centre d\u2019\u00c9tudes Bouddhistes Bodisatva (CEBB)","description":"Budismo, medita\u00e7\u00e3o e cultura de paz | Lama Padma Samten","publisher":{"@id":"https:\/\/cebb.org.br\/#organization"},"potentialAction":[{"@type":"SearchAction","target":{"@type":"EntryPoint","urlTemplate":"https:\/\/cebb.org.br\/?s={search_term_string}"},"query-input":{"@type":"PropertyValueSpecification","valueRequired":true,"valueName":"search_term_string"}}],"inLanguage":"fr-FR"},{"@type":"Organization","@id":"https:\/\/cebb.org.br\/#organization","name":"Centre d\u2019\u00c9tudes Bouddhistes Bodisatva (CEBB)","url":"https:\/\/cebb.org.br\/","logo":{"@type":"ImageObject","inLanguage":"fr-FR","@id":"https:\/\/cebb.org.br\/#\/schema\/logo\/image\/","url":"http:\/\/18.230.164.79\/wp-content\/uploads\/2011\/03\/logosalvador-peq-e1660064979551.jpg","contentUrl":"http:\/\/18.230.164.79\/wp-content\/uploads\/2011\/03\/logosalvador-peq-e1660064979551.jpg","width":280,"height":231,"caption":"Centro de Estudos Budistas Bodisatva"},"image":{"@id":"https:\/\/cebb.org.br\/#\/schema\/logo\/image\/"},"sameAs":["https:\/\/pt-br.facebook.com\/cebb108","https:\/\/www.instagram.com\/cebbcaminhodomeio\/"]},{"@type":"Person","@id":"https:\/\/cebb.org.br\/#\/schema\/person\/fe829f8812ce903aa21193c8d21f502d","name":"fabio","image":{"@type":"ImageObject","inLanguage":"fr-FR","@id":"https:\/\/secure.gravatar.com\/avatar\/0cc57a0fb1bd24cabb490a66acf181e4ed7605b0117288c40ebb6f2dcd55a952?s=96&d=mm&r=g","url":"https:\/\/secure.gravatar.com\/avatar\/0cc57a0fb1bd24cabb490a66acf181e4ed7605b0117288c40ebb6f2dcd55a952?s=96&d=mm&r=g","contentUrl":"https:\/\/secure.gravatar.com\/avatar\/0cc57a0fb1bd24cabb490a66acf181e4ed7605b0117288c40ebb6f2dcd55a952?s=96&d=mm&r=g","caption":"fabio"},"url":"https:\/\/cebb.org.br\/fr\/author\/fabio\/"}]}},"_links":{"self":[{"href":"https:\/\/cebb.org.br\/fr\/wp-json\/wp\/v2\/posts\/101212","targetHints":{"allow":["GET"]}}],"collection":[{"href":"https:\/\/cebb.org.br\/fr\/wp-json\/wp\/v2\/posts"}],"about":[{"href":"https:\/\/cebb.org.br\/fr\/wp-json\/wp\/v2\/types\/post"}],"author":[{"embeddable":true,"href":"https:\/\/cebb.org.br\/fr\/wp-json\/wp\/v2\/users\/19"}],"replies":[{"embeddable":true,"href":"https:\/\/cebb.org.br\/fr\/wp-json\/wp\/v2\/comments?post=101212"}],"version-history":[{"count":12,"href":"https:\/\/cebb.org.br\/fr\/wp-json\/wp\/v2\/posts\/101212\/revisions"}],"predecessor-version":[{"id":101577,"href":"https:\/\/cebb.org.br\/fr\/wp-json\/wp\/v2\/posts\/101212\/revisions\/101577"}],"wp:featuredmedia":[{"embeddable":true,"href":"https:\/\/cebb.org.br\/fr\/wp-json\/wp\/v2\/media\/101209"}],"wp:attachment":[{"href":"https:\/\/cebb.org.br\/fr\/wp-json\/wp\/v2\/media?parent=101212"}],"wp:term":[{"taxonomy":"category","embeddable":true,"href":"https:\/\/cebb.org.br\/fr\/wp-json\/wp\/v2\/categories?post=101212"},{"taxonomy":"post_tag","embeddable":true,"href":"https:\/\/cebb.org.br\/fr\/wp-json\/wp\/v2\/tags?post=101212"}],"curies":[{"name":"wp","href":"https:\/\/api.w.org\/{rel}","templated":true}]}}