{"id":110603,"date":"2025-01-09T14:22:34","date_gmt":"2025-01-09T17:22:34","guid":{"rendered":"https:\/\/cebb.org.br\/?p=110603"},"modified":"2025-02-25T08:34:51","modified_gmt":"2025-02-25T11:34:51","slug":"o-tesouro-profundo-do-oceano-do-darma-instrucoes-iniciais-e-essenciais-fev-2025","status":"publish","type":"post","link":"https:\/\/cebb.org.br\/fr\/o-tesouro-profundo-do-oceano-do-darma-instrucoes-iniciais-e-essenciais-fev-2025\/","title":{"rendered":"O Tesouro Profundo do Oceano do Darma &#8211; Instru\u00e7\u00f5es iniciais e essenciais | fev 2025"},"content":{"rendered":"<p><strong>Estudo di\u00e1rio com tutor, das 9h \u00e0s 11h (hor\u00e1rio de Bras\u00edlia)<br \/>\nDe 10 a 14 e de 17 a 21 de fevereiro de 2025 \u2013 Presencial e Online<br \/>\nO Tesouro Profundo do Oceano do Darma \u2013 A vis\u00e3o budista para o caminho espiritual: instru\u00e7\u00f5es iniciais e essenciais<\/strong><\/p>\n<p><!--more--><\/p>\n<p>&nbsp;<\/p>\n<p><span style=\"font-weight: 400;\">Encontrar as tradi\u00e7\u00f5es de sabedoria pode ser uma experi\u00eancia muito transformadora. Ao ouvir e vivenciar, mesmo que s\u00f3 um pouquinho, tudo o que essas tradi\u00e7\u00f5es t\u00eam a nos oferecer, \u00e9 comum surgir aquela vontade de ir mais fundo e descobrir ainda mais. N\u00e3o \u00e9 tanto sobre olhar para fora, mas sobre olhar para dentro. No caminho budista, come\u00e7amos a nos conectar com instru\u00e7\u00f5es capazes de transformar nossas vidas e aprendemos como colocar em pr\u00e1tica o que lemos e ouvimos. Neste estudo, vamos explorar os ensinamentos de Trungpa Rinpoche, compartilhados no inspirador <\/span><i><span style=\"font-weight: 400;\">Tesouro Profundo do Oceano do Darma<\/span><\/i><span style=\"font-weight: 400;\">, para entender melhor o que significa trilhar um caminho espiritual e seguir suas instru\u00e7\u00f5es.<\/span><\/p>\n<p>&nbsp;<\/p>\n<p><i><span style=\"font-weight: 400;\">O Tesouro Profundo do Oceano do Darma<\/span><\/i><span style=\"font-weight: 400;\"> \u00e9 uma apresenta\u00e7\u00e3o maravilhosa das palavras do pr\u00f3prio Buda por Ch\u00f6gyam Trungpa Rinpoche naquele que \u00e9, talvez, seu maior legado em termos de ensinamentos budistas. No primeiro volume,<\/span><i><span style=\"font-weight: 400;\"> O Caminho da Libera\u00e7\u00e3o Individual<\/span><\/i><span style=\"font-weight: 400;\">, Trungpa Rinpoche oferece n\u00e3o apenas uma descri\u00e7\u00e3o detalhada dos ensinamentos fundamentais do budismo, como mostra que o Budismo \u00e9 um lugar privilegiado para contemplarmos nossa pr\u00f3pria vida, com todo seu drama e com toda a sua beleza.<\/span><\/p>\n<p>&nbsp;<\/p>\n<p><span style=\"font-weight: 400;\"><strong>*Em setembro de 2024<\/strong>, come\u00e7amos a explorar o livro <\/span><i><span style=\"font-weight: 400;\">O Caminho da Libera\u00e7\u00e3o Individual<\/span><\/i><span style=\"font-weight: 400;\">, que faz parte do primeiro volume da trilogia <\/span><i><span style=\"font-weight: 400;\">O Tesouro Profundo do Oceano do Darma<\/span><\/i><span style=\"font-weight: 400;\">. Durante esses encontros, nos aprofundamos nos ensinamentos de Trungpa Rinpoche sobre o Darma do Buda e como o encontro com um caminho espiritual pode ser transformador. As grava\u00e7\u00f5es destes encontros est\u00e3o dispon\u00edveis aqui:<\/span><a href=\"https:\/\/cebb.org.br\/fr\/tesouro-profundo\/\"> <span style=\"font-weight: 400;\">https:\/\/cebb.org.br\/tesouro-profundo\/<\/span><\/a><span style=\"font-weight: 400;\">.<\/span><\/p>\n<p><span style=\"font-weight: 400;\"><br \/>\n<\/span><span style=\"font-weight: 400;\"> Ao longo deste ano, teremos encontros tem\u00e1ticos mensais para contemplarmos, juntos, os temas que comp\u00f5em a primeira parte dessa obra prima.<\/span><\/p>\n<p>&nbsp;<\/p>\n<p><span style=\"font-weight: 400;\">Em fevereiro, vamos mergulhar em pr\u00e1ticas que nos ajudem a\u00a0 lidar com as neuroses da mente e o caminho para o Ref\u00fagio nas Tr\u00eas Joias.<\/span><\/p>\n<p>&nbsp;<\/p>\n<p><span style=\"font-weight: 400;\">No in\u00edcio de abril, iniciaremos a contempla\u00e7\u00e3o dos ensinamentos de Trungpa Rinpoche sobre medita\u00e7\u00e3o silenciosa, que ser\u00e1 nosso foco de aprofundamento pelos meses de abril, maio e junho (pelo menos!)<\/span><\/p>\n<p>&nbsp;<\/p>\n<p><span style=\"font-weight: 400;\">N\u00e3o \u00e9 necess\u00e1rio ter participado dos encontros anteriores para acompanhar e se beneficiar desses ensinamentos atemporais!<\/span><\/p>\n<p>&nbsp;<\/p>\n<p><span style=\"font-weight: 400;\">CH\u00d6GYAM TRUNGPA foi um grande mestre de medita\u00e7\u00e3o, professor e artista. <\/span><i><span style=\"font-weight: 400;\">O Tesouro Profundo do Oceano do Darma <\/span><\/i><span style=\"font-weight: 400;\">representa sua maior contribui\u00e7\u00e3o para o budismo no Ocidente. O primeiro volume, <\/span><i><span style=\"font-weight: 400;\">O Caminho da Libera\u00e7\u00e3o Individual,<\/span><\/i><span style=\"font-weight: 400;\"> apresenta os ensinamentos fundamentais do budismo.<\/span><\/p>\n<p>&nbsp;<\/p>\n<p><img decoding=\"async\" class=\"wp-image-99782 alignleft\" src=\"https:\/\/cebb.org.br\/wp-content\/uploads\/2024\/01\/Henrique-Lemes-300x300.jpg\" alt=\"\" width=\"161\" height=\"161\" srcset=\"https:\/\/cebb.org.br\/wp-content\/uploads\/2024\/01\/Henrique-Lemes-300x300.jpg 300w, https:\/\/cebb.org.br\/wp-content\/uploads\/2024\/01\/Henrique-Lemes-169x169.jpg 169w, https:\/\/cebb.org.br\/wp-content\/uploads\/2024\/01\/Henrique-Lemes-768x768.jpg 768w, https:\/\/cebb.org.br\/wp-content\/uploads\/2024\/01\/Henrique-Lemes.jpg 900w\" sizes=\"(max-width: 161px) 100vw, 161px\" \/><\/p>\n<p>&nbsp;<\/p>\n<p><strong>Facilitador:<\/strong> Henrique Lemes<\/p>\n<p>Henrique \u00e9 tutor no programa de forma\u00e7\u00e3o de tutores e facilitadores do Darma, sob orienta\u00e7\u00e3o do Lama Padma Samten.<\/p>\n<p>&nbsp;<\/p>\n<p>&nbsp;<\/p>\n<p>&nbsp;<\/p>\n<h3><\/h3>\n<h3>Programa\u00e7\u00e3o do Estudo<\/h3>\n<p><strong>Aten\u00e7\u00e3o: <\/strong>Os hor\u00e1rios e a programa\u00e7\u00e3o do estudo est\u00e3o sujeitos a altera\u00e7\u00f5es<em><br \/>\n<\/em><\/p>\n<p>&nbsp;<\/p>\n<h3>Inscri\u00e7\u00e3o Presencial &#8211; Retiro Aberto no CEBB Caminho do Meio<\/h3>\n<p><span style=\"font-weight: 400;\">O CEBB Caminho do Meio, junto com os estudos de aprofundamento do Lama Padma Samten e de contempla\u00e7\u00f5es fundamentais conduzidos por tutores, est\u00e1 promovendo retiros cont\u00ednuos de car\u00e1ter aberto no CEBB &#8211; Viam\u00e3o\/RS. A rotina do retiro est\u00e1 descrita abaixo, possuindo as tardes com atividades volunt\u00e1rias e tamb\u00e9m com a possibilidade de atividades pessoais (trabalho remoto e projetos).<\/span><\/p>\n<p><strong>5:30 &#8211; 7:00<\/strong> Puja manh\u00e3<br \/>\n<strong>7:00 &#8211; 8:00<\/strong> Caf\u00e9 da manh\u00e3<br \/>\n<strong>9:00 &#8211; 11:00<\/strong> Estudo de aprofundamento<br \/>\n<strong>11:00 &#8211; 13:00<\/strong> Almo\u00e7o e organiza\u00e7\u00e3o da cozinha<br \/>\n<strong>14:00 &#8211; 17:00<\/strong> Atividades:<\/p>\n<blockquote><p><em>Agrofloresta e Instituto Caminho do Meio<br \/>\nManuten\u00e7\u00e3o da cozinha e refeit\u00f3rio<br \/>\nPr\u00e1ticas meditativas e contempla\u00e7\u00e3o<br \/>\nAtividades pessoai<\/em>s<br \/>\n(nos consulte para conversarmos como podemos seguir)<\/p><\/blockquote>\n<p><strong>17:00 &#8211; 18:00<\/strong> Atividade f\u00edsica livre<br \/>\n<strong>18:00 &#8211; 18:45<\/strong> Jantar<br \/>\n<strong>19:00 &#8211; 20:30<\/strong> Puja<\/p>\n<p>&nbsp;<\/p>\n<p>A inscri\u00e7\u00e3o para participar presencialmente desta atividade \u00e9 feita via whatsapp pelo n\u00famero (51) 994118664. Falar com Jo\u00e3o Marcelo.<\/p>\n<p>&nbsp;<\/p>\n<a href=\"https:\/\/wa.link\/vjk3cn\" class=\"su-button su-button-style-default\" style=\"color:#FFFFFF;background-color:#b8190d;border-color:#94140b;border-radius:5px\" target=\"_blank\" rel=\"noopener noreferrer\"><span style=\"color:#FFFFFF;padding:0px 16px;font-size:13px;line-height:26px;border-color:#ce5e56;border-radius:5px;text-shadow:none\"> Fa\u00e7a sua inscri\u00e7\u00e3o PRESENCIAL!<\/span><\/a>\n<p>&nbsp;<\/p>\n<h3>Inscri\u00e7\u00e3o Online e Pr\u00e1tica de Generosidade<\/h3>\n<p>Sua inscri\u00e7\u00e3o e participa\u00e7\u00e3o ONLINE <em>independem de contribui\u00e7\u00e3o financeira.<\/em><\/p>\n<p>Caso aspire e lhe seja poss\u00edvel contribuir, o valor de refer\u00eancia \u00e9 R$550,00. Sua contribui\u00e7\u00e3o apoiar\u00e1 as atividades do CEBB Caminho do Meio.<\/p>\n<p>&nbsp;<\/p>\n<a href=\"https:\/\/caminhodomeio.org.br\/evento\/o-tesouro-profundo-darma-fev-2025\/\" class=\"su-button su-button-style-default\" style=\"color:#FFFFFF;background-color:#b8190d;border-color:#94140b;border-radius:5px\" target=\"_blank\" rel=\"noopener noreferrer\"><span style=\"color:#FFFFFF;padding:0px 16px;font-size:13px;line-height:26px;border-color:#ce5e56;border-radius:5px;text-shadow:none\"> Fa\u00e7a sua inscri\u00e7\u00e3o ON-LINE<\/span><\/a>\n<p>&nbsp;<\/p>\n<p>&nbsp;<\/p>\n<p><em>A pr\u00e1tica da Dana Paramita \u2014 perfei\u00e7\u00e3o da generosidade \u2014 torna poss\u00edvel a continuidade dos ensinamentos desde os tempos do Buda. As seis paramitas \u2013 generosidade, moralidade, paz, energia constante, concentra\u00e7\u00e3o e sabedoria \u2013 inspiram a pr\u00e1tica e s\u00e3o a base geradora e sustentadora dos centros de estudos, medita\u00e7\u00e3o, acolhimento e das iniciativas de educa\u00e7\u00e3o, prote\u00e7\u00e3o ambiental, Terras Puras e Cultura de Paz da Sanga CEBB.<\/em><\/p>\n<p>&nbsp;<\/p>\n<h3>Transmiss\u00e3o ONLINE<\/h3>\n<p>O estudo ocorrer\u00e1 por transmiss\u00e3o online direta do CEBB Caminho do Meio, pelo Zoom e pelo canal Youtube do CEBB. O link para a p\u00e1gina de acompanhamento do estudo, onde ser\u00e3o informados os links de cada per\u00edodo do estudo, ser\u00e1 enviado por um email-resposta ap\u00f3s o envio do formul\u00e1rio de inscri\u00e7\u00e3o. Caso n\u00e3o encontre o email-resposta em sua caixa de entrada, VERIFIQUE NA CAIXA DE SPAM ou em \u201cPROMO\u00c7\u00d5ES\u201d e marque como n\u00e3o-spam (caso esteja no SPAM). Pode ser \u00fatil incluir o endere\u00e7o (cebbcm@gmail.com) na sua lista de contatos.<\/p>\n<p>&nbsp;<\/p>\n<h3>Contato<\/h3>\n<p>cebbcm@gmail.com |<strong> (51) 99799 8184<\/strong> (WhatsApp) (atendimento de segunda a sexta das 13h30 \u00e0s 18h)<br \/>\nOrganiza\u00e7\u00e3o: CEBB Caminho do Meio<\/p>\n<p>&nbsp;<\/p>\n<p><img decoding=\"async\" class=\"alignleft wp-image-97115\" src=\"https:\/\/cebb.org.br\/wp-content\/uploads\/2023\/03\/whasapp-2-1-169x169.jpeg\" alt=\"\" width=\"43\" height=\"43\" srcset=\"https:\/\/cebb.org.br\/wp-content\/uploads\/2023\/03\/whasapp-2-1-169x169.jpeg 169w, https:\/\/cebb.org.br\/wp-content\/uploads\/2023\/03\/whasapp-2-1.jpeg 224w\" sizes=\"(max-width: 43px) 100vw, 43px\" \/><\/p>\n<p><strong>Para receber a divulga\u00e7\u00e3o do CEBB CM por Whatsapp entre no grupo <a href=\"https:\/\/chat.whatsapp.com\/CfarsV8s391Kr8tUja6VE5\" target=\"_blank\" rel=\"noopener\">https:\/\/chat.whatsapp.com\/CfarsV8s391Kr8tUja6VE5<\/a><\/strong> (somente administradores podem enviar msgs)<\/p>\n<p>&nbsp;<\/p>\n<p><strong><img decoding=\"async\" class=\"size-full wp-image-83907 aligncenter\" src=\"https:\/\/cebb.org.br\/wp-content\/uploads\/2021\/05\/linha-com-no-infinto.png\" alt=\"\" width=\"150\" height=\"23\" \/><\/strong><\/p>","protected":false},"excerpt":{"rendered":"<p>Estudo di\u00e1rio com tutor, das 9h \u00e0s 11h (hor\u00e1rio de Bras\u00edlia) De 10 a 14 e de 17 a 21 de fevereiro de 2025 \u2013 Presencial e Online O Tesouro Profundo do Oceano do Darma \u2013 A vis\u00e3o budista para o caminho espiritual: instru\u00e7\u00f5es iniciais e essenciais<\/p>","protected":false},"author":74,"featured_media":110609,"comment_status":"open","ping_status":"open","sticky":false,"template":"","format":"standard","meta":{"footnotes":""},"categories":[377,336,360],"tags":[702],"class_list":["post-110603","post","type-post","status-publish","format-standard","has-post-thumbnail","hentry","category-viamao","category-cursos-com-tutores","category-rs","tag-eventos-passados"],"yoast_head":"<!-- This site is optimized with the Yoast SEO plugin v27.5 - https:\/\/yoast.com\/product\/yoast-seo-wordpress\/ -->\n<title>O Tesouro Profundo do Oceano do Darma - Instru\u00e7\u00f5es iniciais e essenciais | fev 2025 - Centro de Estudos Budistas Bodisatva<\/title>\n<meta name=\"robots\" content=\"index, follow, max-snippet:-1, max-image-preview:large, max-video-preview:-1\" \/>\n<link rel=\"canonical\" href=\"https:\/\/cebb.org.br\/fr\/o-tesouro-profundo-do-oceano-do-darma-instrucoes-iniciais-e-essenciais-fev-2025\/\" \/>\n<meta property=\"og:locale\" content=\"fr_FR\" \/>\n<meta property=\"og:type\" content=\"article\" \/>\n<meta property=\"og:title\" content=\"O Tesouro Profundo do Oceano do Darma - Instru\u00e7\u00f5es iniciais e essenciais | fev 2025 - Centro de Estudos Budistas Bodisatva\" \/>\n<meta property=\"og:description\" content=\"Estudo di\u00e1rio com tutor, das 9h \u00e0s 11h (hor\u00e1rio de Bras\u00edlia) De 10 a 14 e de 17 a 21 de fevereiro de 2025 \u2013 Presencial e Online O Tesouro Profundo do Oceano do Darma \u2013 A vis\u00e3o budista para o caminho espiritual: instru\u00e7\u00f5es iniciais e essenciais\" \/>\n<meta property=\"og:url\" content=\"https:\/\/cebb.org.br\/fr\/o-tesouro-profundo-do-oceano-do-darma-instrucoes-iniciais-e-essenciais-fev-2025\/\" \/>\n<meta property=\"og:site_name\" content=\"Centro de Estudos Budistas Bodisatva\" \/>\n<meta property=\"article:publisher\" content=\"https:\/\/pt-br.facebook.com\/cebb108\" \/>\n<meta property=\"article:published_time\" content=\"2025-01-09T17:22:34+00:00\" \/>\n<meta property=\"article:modified_time\" content=\"2025-02-25T11:34:51+00:00\" \/>\n<meta property=\"og:image\" content=\"https:\/\/cebb.org.br\/wp-content\/uploads\/2025\/01\/CARDS-HENRIQUE-Miniatura-do-YouTube.jpg\" \/>\n\t<meta property=\"og:image:width\" content=\"1280\" \/>\n\t<meta property=\"og:image:height\" content=\"720\" \/>\n\t<meta property=\"og:image:type\" content=\"image\/jpeg\" \/>\n<meta name=\"author\" content=\"Carolina Franchi\" \/>\n<meta name=\"twitter:card\" content=\"summary_large_image\" \/>\n<meta name=\"twitter:label1\" content=\"\u00c9crit par\" \/>\n\t<meta name=\"twitter:data1\" content=\"Carolina Franchi\" \/>\n\t<meta name=\"twitter:label2\" content=\"Dur\u00e9e de lecture estim\u00e9e\" \/>\n\t<meta name=\"twitter:data2\" content=\"6 minutes\" \/>\n<script type=\"application\/ld+json\" class=\"yoast-schema-graph\">{\"@context\":\"https:\\\/\\\/schema.org\",\"@graph\":[{\"@type\":\"Article\",\"@id\":\"https:\\\/\\\/cebb.org.br\\\/o-tesouro-profundo-do-oceano-do-darma-instrucoes-iniciais-e-essenciais-fev-2025\\\/#article\",\"isPartOf\":{\"@id\":\"https:\\\/\\\/cebb.org.br\\\/o-tesouro-profundo-do-oceano-do-darma-instrucoes-iniciais-e-essenciais-fev-2025\\\/\"},\"author\":{\"name\":\"Carolina Franchi\",\"@id\":\"https:\\\/\\\/cebb.org.br\\\/#\\\/schema\\\/person\\\/7719068c01a22c6b51c2cff8bd07317e\"},\"headline\":\"O Tesouro Profundo do Oceano do Darma &#8211; Instru\u00e7\u00f5es iniciais e essenciais | fev 2025\",\"datePublished\":\"2025-01-09T17:22:34+00:00\",\"dateModified\":\"2025-02-25T11:34:51+00:00\",\"mainEntityOfPage\":{\"@id\":\"https:\\\/\\\/cebb.org.br\\\/o-tesouro-profundo-do-oceano-do-darma-instrucoes-iniciais-e-essenciais-fev-2025\\\/\"},\"wordCount\":1006,\"commentCount\":0,\"publisher\":{\"@id\":\"https:\\\/\\\/cebb.org.br\\\/#organization\"},\"image\":{\"@id\":\"https:\\\/\\\/cebb.org.br\\\/o-tesouro-profundo-do-oceano-do-darma-instrucoes-iniciais-e-essenciais-fev-2025\\\/#primaryimage\"},\"thumbnailUrl\":\"https:\\\/\\\/cebb.org.br\\\/wp-content\\\/uploads\\\/2025\\\/01\\\/CARDS-HENRIQUE-Miniatura-do-YouTube.jpg\",\"keywords\":[\"eventos passados\"],\"articleSection\":[\"CEBB Caminho do Meio\",\"Cursos com tutores\",\"RS\"],\"inLanguage\":\"fr-FR\",\"potentialAction\":[{\"@type\":\"CommentAction\",\"name\":\"Comment\",\"target\":[\"https:\\\/\\\/cebb.org.br\\\/o-tesouro-profundo-do-oceano-do-darma-instrucoes-iniciais-e-essenciais-fev-2025\\\/#respond\"]}]},{\"@type\":\"WebPage\",\"@id\":\"https:\\\/\\\/cebb.org.br\\\/o-tesouro-profundo-do-oceano-do-darma-instrucoes-iniciais-e-essenciais-fev-2025\\\/\",\"url\":\"https:\\\/\\\/cebb.org.br\\\/o-tesouro-profundo-do-oceano-do-darma-instrucoes-iniciais-e-essenciais-fev-2025\\\/\",\"name\":\"O Tesouro Profundo do Oceano do Darma - Instru\u00e7\u00f5es iniciais e essenciais | fev 2025 - Centro de Estudos Budistas Bodisatva\",\"isPartOf\":{\"@id\":\"https:\\\/\\\/cebb.org.br\\\/#website\"},\"primaryImageOfPage\":{\"@id\":\"https:\\\/\\\/cebb.org.br\\\/o-tesouro-profundo-do-oceano-do-darma-instrucoes-iniciais-e-essenciais-fev-2025\\\/#primaryimage\"},\"image\":{\"@id\":\"https:\\\/\\\/cebb.org.br\\\/o-tesouro-profundo-do-oceano-do-darma-instrucoes-iniciais-e-essenciais-fev-2025\\\/#primaryimage\"},\"thumbnailUrl\":\"https:\\\/\\\/cebb.org.br\\\/wp-content\\\/uploads\\\/2025\\\/01\\\/CARDS-HENRIQUE-Miniatura-do-YouTube.jpg\",\"datePublished\":\"2025-01-09T17:22:34+00:00\",\"dateModified\":\"2025-02-25T11:34:51+00:00\",\"breadcrumb\":{\"@id\":\"https:\\\/\\\/cebb.org.br\\\/o-tesouro-profundo-do-oceano-do-darma-instrucoes-iniciais-e-essenciais-fev-2025\\\/#breadcrumb\"},\"inLanguage\":\"fr-FR\",\"potentialAction\":[{\"@type\":\"ReadAction\",\"target\":[\"https:\\\/\\\/cebb.org.br\\\/o-tesouro-profundo-do-oceano-do-darma-instrucoes-iniciais-e-essenciais-fev-2025\\\/\"]}]},{\"@type\":\"ImageObject\",\"inLanguage\":\"fr-FR\",\"@id\":\"https:\\\/\\\/cebb.org.br\\\/o-tesouro-profundo-do-oceano-do-darma-instrucoes-iniciais-e-essenciais-fev-2025\\\/#primaryimage\",\"url\":\"https:\\\/\\\/cebb.org.br\\\/wp-content\\\/uploads\\\/2025\\\/01\\\/CARDS-HENRIQUE-Miniatura-do-YouTube.jpg\",\"contentUrl\":\"https:\\\/\\\/cebb.org.br\\\/wp-content\\\/uploads\\\/2025\\\/01\\\/CARDS-HENRIQUE-Miniatura-do-YouTube.jpg\",\"width\":1280,\"height\":720},{\"@type\":\"BreadcrumbList\",\"@id\":\"https:\\\/\\\/cebb.org.br\\\/o-tesouro-profundo-do-oceano-do-darma-instrucoes-iniciais-e-essenciais-fev-2025\\\/#breadcrumb\",\"itemListElement\":[{\"@type\":\"ListItem\",\"position\":1,\"name\":\"Home\",\"item\":\"https:\\\/\\\/cebb.org.br\\\/\"},{\"@type\":\"ListItem\",\"position\":2,\"name\":\"O Tesouro Profundo do Oceano do Darma &#8211; Instru\u00e7\u00f5es iniciais e essenciais | fev 2025\"}]},{\"@type\":\"WebSite\",\"@id\":\"https:\\\/\\\/cebb.org.br\\\/#website\",\"url\":\"https:\\\/\\\/cebb.org.br\\\/\",\"name\":\"Centro de Estudos Budistas Bodisatva\",\"description\":\"Budismo, medita\u00e7\u00e3o e cultura de paz | Lama Padma Samten\",\"publisher\":{\"@id\":\"https:\\\/\\\/cebb.org.br\\\/#organization\"},\"potentialAction\":[{\"@type\":\"SearchAction\",\"target\":{\"@type\":\"EntryPoint\",\"urlTemplate\":\"https:\\\/\\\/cebb.org.br\\\/?s={search_term_string}\"},\"query-input\":{\"@type\":\"PropertyValueSpecification\",\"valueRequired\":true,\"valueName\":\"search_term_string\"}}],\"inLanguage\":\"fr-FR\"},{\"@type\":\"Organization\",\"@id\":\"https:\\\/\\\/cebb.org.br\\\/#organization\",\"name\":\"Centro de Estudos Budistas Bodisatva\",\"url\":\"https:\\\/\\\/cebb.org.br\\\/\",\"logo\":{\"@type\":\"ImageObject\",\"inLanguage\":\"fr-FR\",\"@id\":\"https:\\\/\\\/cebb.org.br\\\/#\\\/schema\\\/logo\\\/image\\\/\",\"url\":\"http:\\\/\\\/18.230.164.79\\\/wp-content\\\/uploads\\\/2011\\\/03\\\/logosalvador-peq-e1660064979551.jpg\",\"contentUrl\":\"http:\\\/\\\/18.230.164.79\\\/wp-content\\\/uploads\\\/2011\\\/03\\\/logosalvador-peq-e1660064979551.jpg\",\"width\":280,\"height\":231,\"caption\":\"Centro de Estudos Budistas Bodisatva\"},\"image\":{\"@id\":\"https:\\\/\\\/cebb.org.br\\\/#\\\/schema\\\/logo\\\/image\\\/\"},\"sameAs\":[\"https:\\\/\\\/pt-br.facebook.com\\\/cebb108\",\"https:\\\/\\\/www.instagram.com\\\/cebbcaminhodomeio\\\/\"]},{\"@type\":\"Person\",\"@id\":\"https:\\\/\\\/cebb.org.br\\\/#\\\/schema\\\/person\\\/7719068c01a22c6b51c2cff8bd07317e\",\"name\":\"Carolina Franchi\",\"image\":{\"@type\":\"ImageObject\",\"inLanguage\":\"fr-FR\",\"@id\":\"https:\\\/\\\/secure.gravatar.com\\\/avatar\\\/3a71cd3cedc8bbef185760e61c47e991f58492b439c18f9ae4dfa93b222d6669?s=96&d=mm&r=g\",\"url\":\"https:\\\/\\\/secure.gravatar.com\\\/avatar\\\/3a71cd3cedc8bbef185760e61c47e991f58492b439c18f9ae4dfa93b222d6669?s=96&d=mm&r=g\",\"contentUrl\":\"https:\\\/\\\/secure.gravatar.com\\\/avatar\\\/3a71cd3cedc8bbef185760e61c47e991f58492b439c18f9ae4dfa93b222d6669?s=96&d=mm&r=g\",\"caption\":\"Carolina Franchi\"},\"url\":\"https:\\\/\\\/cebb.org.br\\\/fr\\\/author\\\/carol-franchi\\\/\"}]}<\/script>\n<!-- \/ Yoast SEO plugin. -->","yoast_head_json":{"title":"O Tesouro Profundo do Oceano do Darma - Instru\u00e7\u00f5es iniciais e essenciais | fev 2025 - Centro de Estudos Budistas Bodisatva","robots":{"index":"index","follow":"follow","max-snippet":"max-snippet:-1","max-image-preview":"max-image-preview:large","max-video-preview":"max-video-preview:-1"},"canonical":"https:\/\/cebb.org.br\/fr\/o-tesouro-profundo-do-oceano-do-darma-instrucoes-iniciais-e-essenciais-fev-2025\/","og_locale":"fr_FR","og_type":"article","og_title":"O Tesouro Profundo do Oceano do Darma - Instru\u00e7\u00f5es iniciais e essenciais | fev 2025 - Centro de Estudos Budistas Bodisatva","og_description":"Estudo di\u00e1rio com tutor, das 9h \u00e0s 11h (hor\u00e1rio de Bras\u00edlia) De 10 a 14 e de 17 a 21 de fevereiro de 2025 \u2013 Presencial e Online O Tesouro Profundo do Oceano do Darma \u2013 A vis\u00e3o budista para o caminho espiritual: instru\u00e7\u00f5es iniciais e essenciais","og_url":"https:\/\/cebb.org.br\/fr\/o-tesouro-profundo-do-oceano-do-darma-instrucoes-iniciais-e-essenciais-fev-2025\/","og_site_name":"Centro de Estudos Budistas Bodisatva","article_publisher":"https:\/\/pt-br.facebook.com\/cebb108","article_published_time":"2025-01-09T17:22:34+00:00","article_modified_time":"2025-02-25T11:34:51+00:00","og_image":[{"width":1280,"height":720,"url":"https:\/\/cebb.org.br\/wp-content\/uploads\/2025\/01\/CARDS-HENRIQUE-Miniatura-do-YouTube.jpg","type":"image\/jpeg"}],"author":"Carolina Franchi","twitter_card":"summary_large_image","twitter_misc":{"\u00c9crit par":"Carolina Franchi","Dur\u00e9e de lecture estim\u00e9e":"6 minutes"},"schema":{"@context":"https:\/\/schema.org","@graph":[{"@type":"Article","@id":"https:\/\/cebb.org.br\/o-tesouro-profundo-do-oceano-do-darma-instrucoes-iniciais-e-essenciais-fev-2025\/#article","isPartOf":{"@id":"https:\/\/cebb.org.br\/o-tesouro-profundo-do-oceano-do-darma-instrucoes-iniciais-e-essenciais-fev-2025\/"},"author":{"name":"Carolina Franchi","@id":"https:\/\/cebb.org.br\/#\/schema\/person\/7719068c01a22c6b51c2cff8bd07317e"},"headline":"O Tesouro Profundo do Oceano do Darma &#8211; Instru\u00e7\u00f5es iniciais e essenciais | fev 2025","datePublished":"2025-01-09T17:22:34+00:00","dateModified":"2025-02-25T11:34:51+00:00","mainEntityOfPage":{"@id":"https:\/\/cebb.org.br\/o-tesouro-profundo-do-oceano-do-darma-instrucoes-iniciais-e-essenciais-fev-2025\/"},"wordCount":1006,"commentCount":0,"publisher":{"@id":"https:\/\/cebb.org.br\/#organization"},"image":{"@id":"https:\/\/cebb.org.br\/o-tesouro-profundo-do-oceano-do-darma-instrucoes-iniciais-e-essenciais-fev-2025\/#primaryimage"},"thumbnailUrl":"https:\/\/cebb.org.br\/wp-content\/uploads\/2025\/01\/CARDS-HENRIQUE-Miniatura-do-YouTube.jpg","keywords":["eventos passados"],"articleSection":["CEBB Caminho do Meio","Cursos com tutores","RS"],"inLanguage":"fr-FR","potentialAction":[{"@type":"CommentAction","name":"Comment","target":["https:\/\/cebb.org.br\/o-tesouro-profundo-do-oceano-do-darma-instrucoes-iniciais-e-essenciais-fev-2025\/#respond"]}]},{"@type":"WebPage","@id":"https:\/\/cebb.org.br\/o-tesouro-profundo-do-oceano-do-darma-instrucoes-iniciais-e-essenciais-fev-2025\/","url":"https:\/\/cebb.org.br\/o-tesouro-profundo-do-oceano-do-darma-instrucoes-iniciais-e-essenciais-fev-2025\/","name":"O Tesouro Profundo do Oceano do Darma - Instru\u00e7\u00f5es iniciais e essenciais | fev 2025 - Centro de Estudos Budistas Bodisatva","isPartOf":{"@id":"https:\/\/cebb.org.br\/#website"},"primaryImageOfPage":{"@id":"https:\/\/cebb.org.br\/o-tesouro-profundo-do-oceano-do-darma-instrucoes-iniciais-e-essenciais-fev-2025\/#primaryimage"},"image":{"@id":"https:\/\/cebb.org.br\/o-tesouro-profundo-do-oceano-do-darma-instrucoes-iniciais-e-essenciais-fev-2025\/#primaryimage"},"thumbnailUrl":"https:\/\/cebb.org.br\/wp-content\/uploads\/2025\/01\/CARDS-HENRIQUE-Miniatura-do-YouTube.jpg","datePublished":"2025-01-09T17:22:34+00:00","dateModified":"2025-02-25T11:34:51+00:00","breadcrumb":{"@id":"https:\/\/cebb.org.br\/o-tesouro-profundo-do-oceano-do-darma-instrucoes-iniciais-e-essenciais-fev-2025\/#breadcrumb"},"inLanguage":"fr-FR","potentialAction":[{"@type":"ReadAction","target":["https:\/\/cebb.org.br\/o-tesouro-profundo-do-oceano-do-darma-instrucoes-iniciais-e-essenciais-fev-2025\/"]}]},{"@type":"ImageObject","inLanguage":"fr-FR","@id":"https:\/\/cebb.org.br\/o-tesouro-profundo-do-oceano-do-darma-instrucoes-iniciais-e-essenciais-fev-2025\/#primaryimage","url":"https:\/\/cebb.org.br\/wp-content\/uploads\/2025\/01\/CARDS-HENRIQUE-Miniatura-do-YouTube.jpg","contentUrl":"https:\/\/cebb.org.br\/wp-content\/uploads\/2025\/01\/CARDS-HENRIQUE-Miniatura-do-YouTube.jpg","width":1280,"height":720},{"@type":"BreadcrumbList","@id":"https:\/\/cebb.org.br\/o-tesouro-profundo-do-oceano-do-darma-instrucoes-iniciais-e-essenciais-fev-2025\/#breadcrumb","itemListElement":[{"@type":"ListItem","position":1,"name":"Home","item":"https:\/\/cebb.org.br\/"},{"@type":"ListItem","position":2,"name":"O Tesouro Profundo do Oceano do Darma &#8211; Instru\u00e7\u00f5es iniciais e essenciais | fev 2025"}]},{"@type":"WebSite","@id":"https:\/\/cebb.org.br\/#website","url":"https:\/\/cebb.org.br\/","name":"Centre d\u2019\u00c9tudes Bouddhistes Bodisatva (CEBB)","description":"Budismo, medita\u00e7\u00e3o e cultura de paz | Lama Padma Samten","publisher":{"@id":"https:\/\/cebb.org.br\/#organization"},"potentialAction":[{"@type":"SearchAction","target":{"@type":"EntryPoint","urlTemplate":"https:\/\/cebb.org.br\/?s={search_term_string}"},"query-input":{"@type":"PropertyValueSpecification","valueRequired":true,"valueName":"search_term_string"}}],"inLanguage":"fr-FR"},{"@type":"Organization","@id":"https:\/\/cebb.org.br\/#organization","name":"Centre d\u2019\u00c9tudes Bouddhistes Bodisatva (CEBB)","url":"https:\/\/cebb.org.br\/","logo":{"@type":"ImageObject","inLanguage":"fr-FR","@id":"https:\/\/cebb.org.br\/#\/schema\/logo\/image\/","url":"http:\/\/18.230.164.79\/wp-content\/uploads\/2011\/03\/logosalvador-peq-e1660064979551.jpg","contentUrl":"http:\/\/18.230.164.79\/wp-content\/uploads\/2011\/03\/logosalvador-peq-e1660064979551.jpg","width":280,"height":231,"caption":"Centro de Estudos Budistas Bodisatva"},"image":{"@id":"https:\/\/cebb.org.br\/#\/schema\/logo\/image\/"},"sameAs":["https:\/\/pt-br.facebook.com\/cebb108","https:\/\/www.instagram.com\/cebbcaminhodomeio\/"]},{"@type":"Person","@id":"https:\/\/cebb.org.br\/#\/schema\/person\/7719068c01a22c6b51c2cff8bd07317e","name":"Carolina Franchi","image":{"@type":"ImageObject","inLanguage":"fr-FR","@id":"https:\/\/secure.gravatar.com\/avatar\/3a71cd3cedc8bbef185760e61c47e991f58492b439c18f9ae4dfa93b222d6669?s=96&d=mm&r=g","url":"https:\/\/secure.gravatar.com\/avatar\/3a71cd3cedc8bbef185760e61c47e991f58492b439c18f9ae4dfa93b222d6669?s=96&d=mm&r=g","contentUrl":"https:\/\/secure.gravatar.com\/avatar\/3a71cd3cedc8bbef185760e61c47e991f58492b439c18f9ae4dfa93b222d6669?s=96&d=mm&r=g","caption":"Carolina Franchi"},"url":"https:\/\/cebb.org.br\/fr\/author\/carol-franchi\/"}]}},"_links":{"self":[{"href":"https:\/\/cebb.org.br\/fr\/wp-json\/wp\/v2\/posts\/110603","targetHints":{"allow":["GET"]}}],"collection":[{"href":"https:\/\/cebb.org.br\/fr\/wp-json\/wp\/v2\/posts"}],"about":[{"href":"https:\/\/cebb.org.br\/fr\/wp-json\/wp\/v2\/types\/post"}],"author":[{"embeddable":true,"href":"https:\/\/cebb.org.br\/fr\/wp-json\/wp\/v2\/users\/74"}],"replies":[{"embeddable":true,"href":"https:\/\/cebb.org.br\/fr\/wp-json\/wp\/v2\/comments?post=110603"}],"version-history":[{"count":10,"href":"https:\/\/cebb.org.br\/fr\/wp-json\/wp\/v2\/posts\/110603\/revisions"}],"predecessor-version":[{"id":111756,"href":"https:\/\/cebb.org.br\/fr\/wp-json\/wp\/v2\/posts\/110603\/revisions\/111756"}],"wp:featuredmedia":[{"embeddable":true,"href":"https:\/\/cebb.org.br\/fr\/wp-json\/wp\/v2\/media\/110609"}],"wp:attachment":[{"href":"https:\/\/cebb.org.br\/fr\/wp-json\/wp\/v2\/media?parent=110603"}],"wp:term":[{"taxonomy":"category","embeddable":true,"href":"https:\/\/cebb.org.br\/fr\/wp-json\/wp\/v2\/categories?post=110603"},{"taxonomy":"post_tag","embeddable":true,"href":"https:\/\/cebb.org.br\/fr\/wp-json\/wp\/v2\/tags?post=110603"}],"curies":[{"name":"wp","href":"https:\/\/api.w.org\/{rel}","templated":true}]}}