{"id":113900,"date":"2025-05-02T16:10:05","date_gmt":"2025-05-02T19:10:05","guid":{"rendered":"https:\/\/cebb.org.br\/?p=113900"},"modified":"2026-04-06T18:49:54","modified_gmt":"2026-04-06T21:49:54","slug":"roda-de-conversa-cebb-bh","status":"publish","type":"post","link":"https:\/\/cebb.org.br\/fr\/roda-de-conversa-cebb-bh\/","title":{"rendered":"Roda de Conversa na Sala do CEBB BH"},"content":{"rendered":"<p><span style=\"color: #3366ff;\"><strong>Roda de conversa<\/strong><\/span><\/p>\n<p><!--more--><\/p>\n<p>&nbsp;<\/p>\n<p>Este ano, teremos v\u00e1rias <strong>Rodas de Conversa<\/strong> sobre temas variados com <strong>convidados especiais<\/strong>! No dia 21\/02, tivemos uma roda sobre Pr\u00e1ticas Espirituais da Medicina Tibetana, com a convidada Renata Guedes. Nosso pr\u00f3ximo evento ser\u00e1:<br \/>\n<strong><br \/>\n<\/strong><\/p>\n<p>. <strong>18\/04 &#8211; Educa\u00e7\u00e3o e Espiritualidade<\/strong><br \/>\nConvidada: Concei\u00e7\u00e3o Clarete Xavier (Teca)<\/p>\n<p>&nbsp;<\/p>\n<hr \/>\n<p><strong><br \/>\nA roda<\/strong><br \/>\nConvidamos toda a sanga para conversar em roda sobre este vasto e fascinante tema da educa\u00e7\u00e3o e sua interse\u00e7\u00e3o com os caminhos da espiritualidade. Nossa convidada trar\u00e1 uma abordagem multidimensional dessa rela\u00e7\u00e3o, pautada no di\u00e1logo com os diversos saberes religiosos. Venha compartilhar sua experi\u00eancia como educador ou como aluno do sistema educacional e de como a espiritualidade poderia interagir nesse contexto.<\/p>\n<p>&nbsp;<\/p>\n<p><strong>Convidada especial<\/strong><br \/>\nConcei\u00e7\u00e3o Clarete Xavier (Teca)<br \/>\nDocente do PROMESTRE\/FaE\/UFMG na linha Educa\u00e7\u00e3o, Ensino e Humanidades. Integra o N\u00facleo de Estudos e Pesquisas do Pensamento Complexo (NEPPCOM) e lidera o grupo de pesquisas Pedagogia da Pr\u00e1tica. Desenvolve pesquisas na \u00e1rea interdisciplinar e transdisciplinar, com interface na Matem\u00e1tica, Psicologia e Educa\u00e7\u00e3o &amp; Espiritualidade.<\/p>\n<p>&nbsp;<\/p>\n<p><img fetchpriority=\"high\" decoding=\"async\" class=\"alignnone size-medium wp-image-121655\" src=\"https:\/\/cebb.org.br\/wp-content\/uploads\/2025\/05\/Foto-Teca-300x231.jpg\" alt=\"\" width=\"300\" height=\"231\" \/><\/p>\n<p>&nbsp;<\/p>\n<p>Modo: <strong>Apenas presencial<\/strong><br \/>\nQuando: <strong>18 de abril, s\u00e1bado, 14h \u00e0s 16h<\/strong><br \/>\nContribui\u00e7\u00e3o: <strong>Livre<\/strong><\/p>\n<p>&nbsp;<\/p>\n<p>Todas as atividades ocorrer\u00e3o na <strong><span style=\"color: #ff0000;\"><a style=\"color: #ff0000;\" href=\"https:\/\/cebb.org.br\/fr\/belo-horizonte-contato\/\">sala do CEBB BH<\/a><\/span><\/strong> \u00e0 <strong>R. Cear\u00e1, 741 &#8211; Sala 208 &#8211; Funcion\u00e1rios<\/strong>.<\/p>\n<p>&nbsp;<\/p>\n<p><span style=\"color: #000000;\"><strong>Para se inscrever, por favor\u2026<\/strong><\/span><\/p>\n<p><span style=\"color: #ff00ff;\"><strong><span style=\"color: #000000;\">Entre para o grupo do evento,<\/span> <a style=\"color: #ff00ff;\" href=\"https:\/\/chat.whatsapp.com\/ELsdnHqSHY0LqUvBci5kGY\">clicando AQUI<\/a>.<\/strong><\/span><br \/>\n<strong>E publique no grupo uma mensagem informando seu nome (e sobrenome) e como soube da atividade.<\/strong><br \/>\nPara contribuir financeiramente com o evento, basta usar o PIX abaixo. N\u00e3o \u00e9 preciso informar sobre a contribui\u00e7\u00e3o. Seu apoio faz girar a roda do Dharma em BH.<\/p>\n<p>&nbsp;<\/p>\n<p><strong>Dados banc\u00e1rios<\/strong><br \/>\nChave PIX: bh@cebb.org.br<br \/>\n(Bco Sicoob, em nome do CEBB BH)<\/p>\n<p>&nbsp;<\/p>\n<p><strong>Mais informa\u00e7\u00f5es<\/strong><br \/>\n(31) 98833-2250 Antonio<br \/>\n(31) 99844-0341 Juliane<br \/>\nbh@cebb.org.br<\/p>\n<p>&nbsp;<\/p>\n<p>&#8212;&#8212;&#8212;&#8212;&#8212;&#8212;&#8212;&#8212;&#8212;-<\/p>","protected":false},"excerpt":{"rendered":"<p>Roda de conversa<\/p>","protected":false},"author":40,"featured_media":113927,"comment_status":"open","ping_status":"open","sticky":false,"template":"","format":"standard","meta":{"footnotes":""},"categories":[654,374,335],"tags":[],"class_list":["post-113900","post","type-post","status-publish","format-standard","has-post-thumbnail","hentry","category-budismo-e-sociedade","category-bh","category-cultura-de-paz"],"yoast_head":"<!-- This site is optimized with the Yoast SEO plugin v27.5 - https:\/\/yoast.com\/product\/yoast-seo-wordpress\/ -->\n<title>Roda de Conversa na Sala do CEBB BH - Centro de Estudos Budistas Bodisatva<\/title>\n<meta name=\"robots\" content=\"index, follow, max-snippet:-1, max-image-preview:large, max-video-preview:-1\" \/>\n<link rel=\"canonical\" href=\"https:\/\/cebb.org.br\/fr\/roda-de-conversa-cebb-bh\/\" \/>\n<meta property=\"og:locale\" content=\"fr_FR\" \/>\n<meta property=\"og:type\" content=\"article\" \/>\n<meta property=\"og:title\" content=\"Roda de Conversa na Sala do CEBB BH - Centro de Estudos Budistas Bodisatva\" \/>\n<meta property=\"og:description\" content=\"Roda de conversa\" \/>\n<meta property=\"og:url\" content=\"https:\/\/cebb.org.br\/fr\/roda-de-conversa-cebb-bh\/\" \/>\n<meta property=\"og:site_name\" content=\"Centro de Estudos Budistas Bodisatva\" \/>\n<meta property=\"article:publisher\" content=\"https:\/\/pt-br.facebook.com\/cebb108\" \/>\n<meta property=\"article:published_time\" content=\"2025-05-02T19:10:05+00:00\" \/>\n<meta property=\"article:modified_time\" content=\"2026-04-06T21:49:54+00:00\" \/>\n<meta property=\"og:image\" content=\"https:\/\/cebb.org.br\/wp-content\/uploads\/2025\/05\/Roda-de-Conversa-Site-1.jpg\" \/>\n\t<meta property=\"og:image:width\" content=\"1920\" \/>\n\t<meta property=\"og:image:height\" content=\"1080\" \/>\n\t<meta property=\"og:image:type\" content=\"image\/jpeg\" \/>\n<meta name=\"author\" content=\"cebbbh\" \/>\n<meta name=\"twitter:card\" content=\"summary_large_image\" \/>\n<meta name=\"twitter:label1\" content=\"\u00c9crit par\" \/>\n\t<meta name=\"twitter:data1\" content=\"cebbbh\" \/>\n\t<meta name=\"twitter:label2\" content=\"Dur\u00e9e de lecture estim\u00e9e\" \/>\n\t<meta name=\"twitter:data2\" content=\"2 minutes\" \/>\n<script type=\"application\/ld+json\" class=\"yoast-schema-graph\">{\"@context\":\"https:\\\/\\\/schema.org\",\"@graph\":[{\"@type\":\"Article\",\"@id\":\"https:\\\/\\\/cebb.org.br\\\/roda-de-conversa-cebb-bh\\\/#article\",\"isPartOf\":{\"@id\":\"https:\\\/\\\/cebb.org.br\\\/roda-de-conversa-cebb-bh\\\/\"},\"author\":{\"name\":\"cebbbh\",\"@id\":\"https:\\\/\\\/cebb.org.br\\\/#\\\/schema\\\/person\\\/c5fd8be3ea6656923b58979ad506101f\"},\"headline\":\"Roda de Conversa na Sala do CEBB BH\",\"datePublished\":\"2025-05-02T19:10:05+00:00\",\"dateModified\":\"2026-04-06T21:49:54+00:00\",\"mainEntityOfPage\":{\"@id\":\"https:\\\/\\\/cebb.org.br\\\/roda-de-conversa-cebb-bh\\\/\"},\"wordCount\":312,\"commentCount\":0,\"publisher\":{\"@id\":\"https:\\\/\\\/cebb.org.br\\\/#organization\"},\"image\":{\"@id\":\"https:\\\/\\\/cebb.org.br\\\/roda-de-conversa-cebb-bh\\\/#primaryimage\"},\"thumbnailUrl\":\"https:\\\/\\\/cebb.org.br\\\/wp-content\\\/uploads\\\/2025\\\/05\\\/Roda-de-Conversa-Site-1.jpg\",\"articleSection\":[\"Budismo e Sociedade\",\"CEBB Belo Horizonte\",\"Cultura de paz\"],\"inLanguage\":\"fr-FR\",\"potentialAction\":[{\"@type\":\"CommentAction\",\"name\":\"Comment\",\"target\":[\"https:\\\/\\\/cebb.org.br\\\/roda-de-conversa-cebb-bh\\\/#respond\"]}]},{\"@type\":\"WebPage\",\"@id\":\"https:\\\/\\\/cebb.org.br\\\/roda-de-conversa-cebb-bh\\\/\",\"url\":\"https:\\\/\\\/cebb.org.br\\\/roda-de-conversa-cebb-bh\\\/\",\"name\":\"Roda de Conversa na Sala do CEBB BH - Centro de Estudos Budistas Bodisatva\",\"isPartOf\":{\"@id\":\"https:\\\/\\\/cebb.org.br\\\/#website\"},\"primaryImageOfPage\":{\"@id\":\"https:\\\/\\\/cebb.org.br\\\/roda-de-conversa-cebb-bh\\\/#primaryimage\"},\"image\":{\"@id\":\"https:\\\/\\\/cebb.org.br\\\/roda-de-conversa-cebb-bh\\\/#primaryimage\"},\"thumbnailUrl\":\"https:\\\/\\\/cebb.org.br\\\/wp-content\\\/uploads\\\/2025\\\/05\\\/Roda-de-Conversa-Site-1.jpg\",\"datePublished\":\"2025-05-02T19:10:05+00:00\",\"dateModified\":\"2026-04-06T21:49:54+00:00\",\"breadcrumb\":{\"@id\":\"https:\\\/\\\/cebb.org.br\\\/roda-de-conversa-cebb-bh\\\/#breadcrumb\"},\"inLanguage\":\"fr-FR\",\"potentialAction\":[{\"@type\":\"ReadAction\",\"target\":[\"https:\\\/\\\/cebb.org.br\\\/roda-de-conversa-cebb-bh\\\/\"]}]},{\"@type\":\"ImageObject\",\"inLanguage\":\"fr-FR\",\"@id\":\"https:\\\/\\\/cebb.org.br\\\/roda-de-conversa-cebb-bh\\\/#primaryimage\",\"url\":\"https:\\\/\\\/cebb.org.br\\\/wp-content\\\/uploads\\\/2025\\\/05\\\/Roda-de-Conversa-Site-1.jpg\",\"contentUrl\":\"https:\\\/\\\/cebb.org.br\\\/wp-content\\\/uploads\\\/2025\\\/05\\\/Roda-de-Conversa-Site-1.jpg\",\"width\":1920,\"height\":1080},{\"@type\":\"BreadcrumbList\",\"@id\":\"https:\\\/\\\/cebb.org.br\\\/roda-de-conversa-cebb-bh\\\/#breadcrumb\",\"itemListElement\":[{\"@type\":\"ListItem\",\"position\":1,\"name\":\"Home\",\"item\":\"https:\\\/\\\/cebb.org.br\\\/\"},{\"@type\":\"ListItem\",\"position\":2,\"name\":\"Roda de Conversa na Sala do CEBB BH\"}]},{\"@type\":\"WebSite\",\"@id\":\"https:\\\/\\\/cebb.org.br\\\/#website\",\"url\":\"https:\\\/\\\/cebb.org.br\\\/\",\"name\":\"Centro de Estudos Budistas Bodisatva\",\"description\":\"Budismo, medita\u00e7\u00e3o e cultura de paz | Lama Padma Samten\",\"publisher\":{\"@id\":\"https:\\\/\\\/cebb.org.br\\\/#organization\"},\"potentialAction\":[{\"@type\":\"SearchAction\",\"target\":{\"@type\":\"EntryPoint\",\"urlTemplate\":\"https:\\\/\\\/cebb.org.br\\\/?s={search_term_string}\"},\"query-input\":{\"@type\":\"PropertyValueSpecification\",\"valueRequired\":true,\"valueName\":\"search_term_string\"}}],\"inLanguage\":\"fr-FR\"},{\"@type\":\"Organization\",\"@id\":\"https:\\\/\\\/cebb.org.br\\\/#organization\",\"name\":\"Centro de Estudos Budistas Bodisatva\",\"url\":\"https:\\\/\\\/cebb.org.br\\\/\",\"logo\":{\"@type\":\"ImageObject\",\"inLanguage\":\"fr-FR\",\"@id\":\"https:\\\/\\\/cebb.org.br\\\/#\\\/schema\\\/logo\\\/image\\\/\",\"url\":\"http:\\\/\\\/18.230.164.79\\\/wp-content\\\/uploads\\\/2011\\\/03\\\/logosalvador-peq-e1660064979551.jpg\",\"contentUrl\":\"http:\\\/\\\/18.230.164.79\\\/wp-content\\\/uploads\\\/2011\\\/03\\\/logosalvador-peq-e1660064979551.jpg\",\"width\":280,\"height\":231,\"caption\":\"Centro de Estudos Budistas Bodisatva\"},\"image\":{\"@id\":\"https:\\\/\\\/cebb.org.br\\\/#\\\/schema\\\/logo\\\/image\\\/\"},\"sameAs\":[\"https:\\\/\\\/pt-br.facebook.com\\\/cebb108\",\"https:\\\/\\\/www.instagram.com\\\/cebbcaminhodomeio\\\/\"]},{\"@type\":\"Person\",\"@id\":\"https:\\\/\\\/cebb.org.br\\\/#\\\/schema\\\/person\\\/c5fd8be3ea6656923b58979ad506101f\",\"name\":\"cebbbh\",\"image\":{\"@type\":\"ImageObject\",\"inLanguage\":\"fr-FR\",\"@id\":\"https:\\\/\\\/secure.gravatar.com\\\/avatar\\\/1fc9ba7064bd0564d750ce917db650c045717f2b04445b19e4d69981a71d55c9?s=96&d=mm&r=g\",\"url\":\"https:\\\/\\\/secure.gravatar.com\\\/avatar\\\/1fc9ba7064bd0564d750ce917db650c045717f2b04445b19e4d69981a71d55c9?s=96&d=mm&r=g\",\"contentUrl\":\"https:\\\/\\\/secure.gravatar.com\\\/avatar\\\/1fc9ba7064bd0564d750ce917db650c045717f2b04445b19e4d69981a71d55c9?s=96&d=mm&r=g\",\"caption\":\"cebbbh\"},\"url\":\"https:\\\/\\\/cebb.org.br\\\/fr\\\/author\\\/cebbbh\\\/\"}]}<\/script>\n<!-- \/ Yoast SEO plugin. -->","yoast_head_json":{"title":"Roda de Conversa na Sala do CEBB BH - Centro de Estudos Budistas Bodisatva","robots":{"index":"index","follow":"follow","max-snippet":"max-snippet:-1","max-image-preview":"max-image-preview:large","max-video-preview":"max-video-preview:-1"},"canonical":"https:\/\/cebb.org.br\/fr\/roda-de-conversa-cebb-bh\/","og_locale":"fr_FR","og_type":"article","og_title":"Roda de Conversa na Sala do CEBB BH - Centro de Estudos Budistas Bodisatva","og_description":"Roda de conversa","og_url":"https:\/\/cebb.org.br\/fr\/roda-de-conversa-cebb-bh\/","og_site_name":"Centro de Estudos Budistas Bodisatva","article_publisher":"https:\/\/pt-br.facebook.com\/cebb108","article_published_time":"2025-05-02T19:10:05+00:00","article_modified_time":"2026-04-06T21:49:54+00:00","og_image":[{"width":1920,"height":1080,"url":"https:\/\/cebb.org.br\/wp-content\/uploads\/2025\/05\/Roda-de-Conversa-Site-1.jpg","type":"image\/jpeg"}],"author":"cebbbh","twitter_card":"summary_large_image","twitter_misc":{"\u00c9crit par":"cebbbh","Dur\u00e9e de lecture estim\u00e9e":"2 minutes"},"schema":{"@context":"https:\/\/schema.org","@graph":[{"@type":"Article","@id":"https:\/\/cebb.org.br\/roda-de-conversa-cebb-bh\/#article","isPartOf":{"@id":"https:\/\/cebb.org.br\/roda-de-conversa-cebb-bh\/"},"author":{"name":"cebbbh","@id":"https:\/\/cebb.org.br\/#\/schema\/person\/c5fd8be3ea6656923b58979ad506101f"},"headline":"Roda de Conversa na Sala do CEBB BH","datePublished":"2025-05-02T19:10:05+00:00","dateModified":"2026-04-06T21:49:54+00:00","mainEntityOfPage":{"@id":"https:\/\/cebb.org.br\/roda-de-conversa-cebb-bh\/"},"wordCount":312,"commentCount":0,"publisher":{"@id":"https:\/\/cebb.org.br\/#organization"},"image":{"@id":"https:\/\/cebb.org.br\/roda-de-conversa-cebb-bh\/#primaryimage"},"thumbnailUrl":"https:\/\/cebb.org.br\/wp-content\/uploads\/2025\/05\/Roda-de-Conversa-Site-1.jpg","articleSection":["Budismo e Sociedade","CEBB Belo Horizonte","Cultura de paz"],"inLanguage":"fr-FR","potentialAction":[{"@type":"CommentAction","name":"Comment","target":["https:\/\/cebb.org.br\/roda-de-conversa-cebb-bh\/#respond"]}]},{"@type":"WebPage","@id":"https:\/\/cebb.org.br\/roda-de-conversa-cebb-bh\/","url":"https:\/\/cebb.org.br\/roda-de-conversa-cebb-bh\/","name":"Roda de Conversa na Sala do CEBB BH - Centro de Estudos Budistas Bodisatva","isPartOf":{"@id":"https:\/\/cebb.org.br\/#website"},"primaryImageOfPage":{"@id":"https:\/\/cebb.org.br\/roda-de-conversa-cebb-bh\/#primaryimage"},"image":{"@id":"https:\/\/cebb.org.br\/roda-de-conversa-cebb-bh\/#primaryimage"},"thumbnailUrl":"https:\/\/cebb.org.br\/wp-content\/uploads\/2025\/05\/Roda-de-Conversa-Site-1.jpg","datePublished":"2025-05-02T19:10:05+00:00","dateModified":"2026-04-06T21:49:54+00:00","breadcrumb":{"@id":"https:\/\/cebb.org.br\/roda-de-conversa-cebb-bh\/#breadcrumb"},"inLanguage":"fr-FR","potentialAction":[{"@type":"ReadAction","target":["https:\/\/cebb.org.br\/roda-de-conversa-cebb-bh\/"]}]},{"@type":"ImageObject","inLanguage":"fr-FR","@id":"https:\/\/cebb.org.br\/roda-de-conversa-cebb-bh\/#primaryimage","url":"https:\/\/cebb.org.br\/wp-content\/uploads\/2025\/05\/Roda-de-Conversa-Site-1.jpg","contentUrl":"https:\/\/cebb.org.br\/wp-content\/uploads\/2025\/05\/Roda-de-Conversa-Site-1.jpg","width":1920,"height":1080},{"@type":"BreadcrumbList","@id":"https:\/\/cebb.org.br\/roda-de-conversa-cebb-bh\/#breadcrumb","itemListElement":[{"@type":"ListItem","position":1,"name":"Home","item":"https:\/\/cebb.org.br\/"},{"@type":"ListItem","position":2,"name":"Roda de Conversa na Sala do CEBB BH"}]},{"@type":"WebSite","@id":"https:\/\/cebb.org.br\/#website","url":"https:\/\/cebb.org.br\/","name":"Centre d\u2019\u00c9tudes Bouddhistes Bodisatva (CEBB)","description":"Budismo, medita\u00e7\u00e3o e cultura de paz | Lama Padma Samten","publisher":{"@id":"https:\/\/cebb.org.br\/#organization"},"potentialAction":[{"@type":"SearchAction","target":{"@type":"EntryPoint","urlTemplate":"https:\/\/cebb.org.br\/?s={search_term_string}"},"query-input":{"@type":"PropertyValueSpecification","valueRequired":true,"valueName":"search_term_string"}}],"inLanguage":"fr-FR"},{"@type":"Organization","@id":"https:\/\/cebb.org.br\/#organization","name":"Centre d\u2019\u00c9tudes Bouddhistes Bodisatva (CEBB)","url":"https:\/\/cebb.org.br\/","logo":{"@type":"ImageObject","inLanguage":"fr-FR","@id":"https:\/\/cebb.org.br\/#\/schema\/logo\/image\/","url":"http:\/\/18.230.164.79\/wp-content\/uploads\/2011\/03\/logosalvador-peq-e1660064979551.jpg","contentUrl":"http:\/\/18.230.164.79\/wp-content\/uploads\/2011\/03\/logosalvador-peq-e1660064979551.jpg","width":280,"height":231,"caption":"Centro de Estudos Budistas Bodisatva"},"image":{"@id":"https:\/\/cebb.org.br\/#\/schema\/logo\/image\/"},"sameAs":["https:\/\/pt-br.facebook.com\/cebb108","https:\/\/www.instagram.com\/cebbcaminhodomeio\/"]},{"@type":"Person","@id":"https:\/\/cebb.org.br\/#\/schema\/person\/c5fd8be3ea6656923b58979ad506101f","name":"cebbbh","image":{"@type":"ImageObject","inLanguage":"fr-FR","@id":"https:\/\/secure.gravatar.com\/avatar\/1fc9ba7064bd0564d750ce917db650c045717f2b04445b19e4d69981a71d55c9?s=96&d=mm&r=g","url":"https:\/\/secure.gravatar.com\/avatar\/1fc9ba7064bd0564d750ce917db650c045717f2b04445b19e4d69981a71d55c9?s=96&d=mm&r=g","contentUrl":"https:\/\/secure.gravatar.com\/avatar\/1fc9ba7064bd0564d750ce917db650c045717f2b04445b19e4d69981a71d55c9?s=96&d=mm&r=g","caption":"cebbbh"},"url":"https:\/\/cebb.org.br\/fr\/author\/cebbbh\/"}]}},"_links":{"self":[{"href":"https:\/\/cebb.org.br\/fr\/wp-json\/wp\/v2\/posts\/113900","targetHints":{"allow":["GET"]}}],"collection":[{"href":"https:\/\/cebb.org.br\/fr\/wp-json\/wp\/v2\/posts"}],"about":[{"href":"https:\/\/cebb.org.br\/fr\/wp-json\/wp\/v2\/types\/post"}],"author":[{"embeddable":true,"href":"https:\/\/cebb.org.br\/fr\/wp-json\/wp\/v2\/users\/40"}],"replies":[{"embeddable":true,"href":"https:\/\/cebb.org.br\/fr\/wp-json\/wp\/v2\/comments?post=113900"}],"version-history":[{"count":47,"href":"https:\/\/cebb.org.br\/fr\/wp-json\/wp\/v2\/posts\/113900\/revisions"}],"predecessor-version":[{"id":121660,"href":"https:\/\/cebb.org.br\/fr\/wp-json\/wp\/v2\/posts\/113900\/revisions\/121660"}],"wp:featuredmedia":[{"embeddable":true,"href":"https:\/\/cebb.org.br\/fr\/wp-json\/wp\/v2\/media\/113927"}],"wp:attachment":[{"href":"https:\/\/cebb.org.br\/fr\/wp-json\/wp\/v2\/media?parent=113900"}],"wp:term":[{"taxonomy":"category","embeddable":true,"href":"https:\/\/cebb.org.br\/fr\/wp-json\/wp\/v2\/categories?post=113900"},{"taxonomy":"post_tag","embeddable":true,"href":"https:\/\/cebb.org.br\/fr\/wp-json\/wp\/v2\/tags?post=113900"}],"curies":[{"name":"wp","href":"https:\/\/api.w.org\/{rel}","templated":true}]}}