{"id":117622,"date":"2025-09-05T09:08:20","date_gmt":"2025-09-05T12:08:20","guid":{"rendered":"https:\/\/cebb.org.br\/?p=117622"},"modified":"2025-09-07T09:52:06","modified_gmt":"2025-09-07T12:52:06","slug":"lama-padma-samten-na-inglaterra-2025","status":"publish","type":"post","link":"https:\/\/cebb.org.br\/fr\/lama-padma-samten-na-inglaterra-2025\/","title":{"rendered":"Lama Padma Samten na Inglaterra (2025)"},"content":{"rendered":"<p>&nbsp;<\/p>\n<p><strong>Du 11 au 13 septembre 2025<\/strong><\/p>\n<h2><strong>Agenda<\/strong><\/h2>\n<h3><strong>11 septembre (jeudi)<\/strong><\/h3>\n<p class=\"translation-block\"><strong>Hor\u00e1rio: <\/strong>18h30 (Hor\u00e1rio de <span class=\"fJY1Ee\">Peterborough, Reino Unido<\/span>)<strong> | <\/strong>14:30 (Hor\u00e1rio de Bras\u00edlia)<strong><br>\r\nLocal: <\/strong><span class=\"a_GcMg font-feature-liga-off font-feature-clig-off font-feature-calt-off text-decoration-none text-strikethrough-none\">Main Street, PE57AF Ailsworth \u2013 <\/span><span class=\"fJY1Ee\">Peterborough<\/span><br>\r\n<strong>Tema: <\/strong><span class=\"a_GcMg font-feature-liga-off font-feature-clig-off font-feature-calt-off text-decoration-none text-strikethrough-none\">Roda de conversa \u201cCrise mundial e caminhos espirituais\u201d<\/span><\/p>\n<p><strong><strong>Pr\u00e9sentiel :<\/strong><\/strong><\/p>\n<ul>\n<li>Para participar presencialmente ou saber mais informa\u00e7\u00f5es, entre em contato com:<br \/>\nRegina +44 7576 578 821\u202c<\/li>\n<li>Contribui\u00e7\u00e3o Volunt\u00e1ria<\/li>\n<\/ul>\n<p>&gt; <strong>Online: <\/strong><a href=\"https:\/\/acaoparamita.com.br\/ensinamentos\/roda-de-conversa-crise-mundial-e-caminhos-espirituais\/\">Inscreva-se aqui!<\/a><br \/>\n(<strong>Aten\u00e7\u00e3o!<\/strong> Se voc\u00ea fora mora fora do Brasil e n\u00e3o tem PIX, entre em contato com <strong>acaoparamita@gmail.com<\/strong> para efetivar a sua inscri\u00e7\u00e3o)<\/p>\n<h3><strong>12 septembre (vendredi)<\/strong><\/h3>\n<p class=\"translation-block\"><strong>Hor\u00e1rio: <\/strong>19h&nbsp; (Hor\u00e1rio de Londres)<strong> | <\/strong>15h (Hor\u00e1rio de Bras\u00edlia)<strong><br>\r\nLocal: <\/strong><span class=\"x1lliihq x1plvlek xryxfnj x1n2onr6 xyejjpt x15dsfln x193iq5w xeuugli x1fj9vlw x13faqbe x1vvkbs x1s928wv xhkezso x1gmr53x x1cpjm7i x1fgarty x1943h6x x1i0vuye xvs91rp x1s688f x5n08af x10wh9bi xpm28yp x8viiok x1o7cslx\" dir=\"auto\"><span class=\"a_GcMg font-feature-liga-off font-feature-clig-off font-feature-calt-off text-decoration-none text-strikethrough-none\">Bezerra de Menezes Spiritist Society \u2013 Mace St. London E2 ORB<\/span> <\/span>(Intagram: <a href=\"https:\/\/www.instagram.com\/bezerra.uk\/\" target=\"_self\">bezerra.uk<\/a>)<br>\r\n<strong>Tema:<\/strong>&nbsp;<span class=\"a_GcMg font-feature-liga-off font-feature-clig-off font-feature-calt-off text-decoration-none text-strikethrough-none\">Palestra \u201cTreinar a mente, libertar o cora\u00e7\u00e3o \u2013 O caminho da transforma\u00e7\u00e3o interior\u201d<\/span><\/p>\n<p><strong><strong>Pr\u00e9sentiel :<\/strong><br \/>\n<\/strong><\/p>\n<ul>\n<li>Pour participer en pr\u00e9sentiel ou pour obtenir plus d'informations, veuillez contacter Renata (Londres) \u2013 renata.pucci@gmail.com<\/li>\n<li>Contribui\u00e7\u00e3o volunt\u00e1ria<\/li>\n<\/ul>\n<p class=\"translation-block\"><strong>&gt; Online: <\/strong>Transmiss\u00e3o online atrav\u00e9s do canal de YouTube:<br>\r\n<a href=\"https:\/\/www.youtube.com\/@bezerrademenezesuk\" target=\"_self\">https:\/\/www.youtube.com\/@bezerrademenezesuk<\/a><\/p>\n<p>&nbsp;<\/p>\n<h3><strong>13 septembre (samedi)<\/strong><\/h3>\n<p class=\"translation-block\"><strong>Hor\u00e1rio: <\/strong>13:30h \u00e0s 16h30 (Hor\u00e1rio de <span class=\"a_GcMg font-feature-liga-off font-feature-clig-off font-feature-calt-off text-decoration-none text-strikethrough-none\">Stamford<\/span>\/UK)<strong> | <\/strong>9h30 \u00e0s 12h30 (Hor\u00e1rio Bras\u00edlia) <strong><br>\r\nLocal: <\/strong><span class=\"a_GcMg font-feature-liga-off font-feature-clig-off font-feature-calt-off text-decoration-none text-strikethrough-none\">Stamford Yoga \u2013 12 Broad Street, Stamford, Lincolnshire PE9 1 PG (stamfordyoga.co.uk <a href=\"https:\/\/www.instagram.com\/stamfordyoga\/\" target=\"_self\">@stamfordyoga)<\/a><\/span><br>\r\n<strong>TEMA: <\/strong><span class=\"a_GcMg font-feature-liga-off font-feature-clig-off font-feature-calt-off text-decoration-none text-strikethrough-none\">Workshop \u201cMedita\u00e7\u00e3o como caminho para uma vida feliz <\/span><span class=\"a_GcMg font-feature-liga-off font-feature-clig-off font-feature-calt-off text-decoration-none text-strikethrough-none\">e equilibrada\u201d<\/span><\/p>\n<p><strong>&gt; Presencial<\/strong><\/p>\n<ul>\n<li>Para participar presencialmente ou saber mais informa\u00e7\u00f5es, entre em contato com:<br \/>\nRegina +44 7576 578 821\u202c<\/li>\n<li><span class=\"a_GcMg font-feature-liga-off font-feature-clig-off font-feature-calt-off text-decoration-none text-strikethrough-none\">Contribution : 45,00 \u00a3<\/span><\/li>\n<\/ul>\n<p><strong>&gt; Online: <\/strong><a href=\"https:\/\/acaoparamita.com.br\/ensinamentos\/workshop-meditacao-como-caminho-para-uma-vida-feliz-e-equilibrada\/\">Inscreva-se aqui!<\/a><br \/>\n(<strong>Aten\u00e7\u00e3o!<\/strong> Se voc\u00ea fora mora fora do Brasil e n\u00e3o tem PIX, entre em contato com <strong>acaoparamita@gmail.com<\/strong> para efetivar a sua inscri\u00e7\u00e3o)<\/p>","protected":false},"excerpt":{"rendered":"<p>De 11 a 13 setembro 2025<\/p>","protected":false},"author":79,"featured_media":117624,"comment_status":"open","ping_status":"open","sticky":false,"template":"","format":"standard","meta":{"footnotes":""},"categories":[365],"tags":[],"class_list":["post-117622","post","type-post","status-publish","format-standard","has-post-thumbnail","hentry","category-agenda"],"yoast_head":"<!-- This site is optimized with the Yoast SEO plugin v27.5 - https:\/\/yoast.com\/product\/yoast-seo-wordpress\/ -->\n<title>Lama Padma Samten na Inglaterra (2025) - Centro de Estudos Budistas Bodisatva<\/title>\n<meta name=\"robots\" content=\"index, follow, max-snippet:-1, max-image-preview:large, max-video-preview:-1\" \/>\n<link rel=\"canonical\" href=\"https:\/\/cebb.org.br\/fr\/lama-padma-samten-na-inglaterra-2025\/\" \/>\n<meta property=\"og:locale\" content=\"fr_FR\" \/>\n<meta property=\"og:type\" content=\"article\" \/>\n<meta property=\"og:title\" content=\"Lama Padma Samten na Inglaterra (2025) - Centro de Estudos Budistas Bodisatva\" \/>\n<meta property=\"og:description\" content=\"De 11 a 13 setembro 2025\" \/>\n<meta property=\"og:url\" content=\"https:\/\/cebb.org.br\/fr\/lama-padma-samten-na-inglaterra-2025\/\" \/>\n<meta property=\"og:site_name\" content=\"Centro de Estudos Budistas Bodisatva\" \/>\n<meta property=\"article:publisher\" content=\"https:\/\/pt-br.facebook.com\/cebb108\" \/>\n<meta property=\"article:published_time\" content=\"2025-09-05T12:08:20+00:00\" \/>\n<meta property=\"article:modified_time\" content=\"2025-09-07T12:52:06+00:00\" \/>\n<meta property=\"og:image\" content=\"https:\/\/cebb.org.br\/wp-content\/uploads\/2025\/09\/53891497048_0c1e1acf63_c.jpg\" \/>\n\t<meta property=\"og:image:width\" content=\"800\" \/>\n\t<meta property=\"og:image:height\" content=\"531\" \/>\n\t<meta property=\"og:image:type\" content=\"image\/jpeg\" \/>\n<meta name=\"author\" content=\"Coletivo Intersomos\" \/>\n<meta name=\"twitter:card\" content=\"summary_large_image\" \/>\n<meta name=\"twitter:label1\" content=\"\u00c9crit par\" \/>\n\t<meta name=\"twitter:data1\" content=\"Coletivo Intersomos\" \/>\n\t<meta name=\"twitter:label2\" content=\"Dur\u00e9e de lecture estim\u00e9e\" \/>\n\t<meta name=\"twitter:data2\" content=\"2 minutes\" \/>\n<script type=\"application\/ld+json\" class=\"yoast-schema-graph\">{\"@context\":\"https:\\\/\\\/schema.org\",\"@graph\":[{\"@type\":\"Article\",\"@id\":\"https:\\\/\\\/cebb.org.br\\\/lama-padma-samten-na-inglaterra-2025\\\/#article\",\"isPartOf\":{\"@id\":\"https:\\\/\\\/cebb.org.br\\\/lama-padma-samten-na-inglaterra-2025\\\/\"},\"author\":{\"name\":\"Coletivo Intersomos\",\"@id\":\"https:\\\/\\\/cebb.org.br\\\/#\\\/schema\\\/person\\\/05a696a76f72d472c540f3d7a905f39c\"},\"headline\":\"Lama Padma Samten na Inglaterra (2025)\",\"datePublished\":\"2025-09-05T12:08:20+00:00\",\"dateModified\":\"2025-09-07T12:52:06+00:00\",\"mainEntityOfPage\":{\"@id\":\"https:\\\/\\\/cebb.org.br\\\/lama-padma-samten-na-inglaterra-2025\\\/\"},\"wordCount\":278,\"commentCount\":0,\"publisher\":{\"@id\":\"https:\\\/\\\/cebb.org.br\\\/#organization\"},\"image\":{\"@id\":\"https:\\\/\\\/cebb.org.br\\\/lama-padma-samten-na-inglaterra-2025\\\/#primaryimage\"},\"thumbnailUrl\":\"https:\\\/\\\/cebb.org.br\\\/wp-content\\\/uploads\\\/2025\\\/09\\\/53891497048_0c1e1acf63_c.jpg\",\"articleSection\":[\"Agenda do Lama Padma Samten\"],\"inLanguage\":\"fr-FR\",\"potentialAction\":[{\"@type\":\"CommentAction\",\"name\":\"Comment\",\"target\":[\"https:\\\/\\\/cebb.org.br\\\/lama-padma-samten-na-inglaterra-2025\\\/#respond\"]}]},{\"@type\":\"WebPage\",\"@id\":\"https:\\\/\\\/cebb.org.br\\\/lama-padma-samten-na-inglaterra-2025\\\/\",\"url\":\"https:\\\/\\\/cebb.org.br\\\/lama-padma-samten-na-inglaterra-2025\\\/\",\"name\":\"Lama Padma Samten na Inglaterra (2025) - Centro de Estudos Budistas Bodisatva\",\"isPartOf\":{\"@id\":\"https:\\\/\\\/cebb.org.br\\\/#website\"},\"primaryImageOfPage\":{\"@id\":\"https:\\\/\\\/cebb.org.br\\\/lama-padma-samten-na-inglaterra-2025\\\/#primaryimage\"},\"image\":{\"@id\":\"https:\\\/\\\/cebb.org.br\\\/lama-padma-samten-na-inglaterra-2025\\\/#primaryimage\"},\"thumbnailUrl\":\"https:\\\/\\\/cebb.org.br\\\/wp-content\\\/uploads\\\/2025\\\/09\\\/53891497048_0c1e1acf63_c.jpg\",\"datePublished\":\"2025-09-05T12:08:20+00:00\",\"dateModified\":\"2025-09-07T12:52:06+00:00\",\"breadcrumb\":{\"@id\":\"https:\\\/\\\/cebb.org.br\\\/lama-padma-samten-na-inglaterra-2025\\\/#breadcrumb\"},\"inLanguage\":\"fr-FR\",\"potentialAction\":[{\"@type\":\"ReadAction\",\"target\":[\"https:\\\/\\\/cebb.org.br\\\/lama-padma-samten-na-inglaterra-2025\\\/\"]}]},{\"@type\":\"ImageObject\",\"inLanguage\":\"fr-FR\",\"@id\":\"https:\\\/\\\/cebb.org.br\\\/lama-padma-samten-na-inglaterra-2025\\\/#primaryimage\",\"url\":\"https:\\\/\\\/cebb.org.br\\\/wp-content\\\/uploads\\\/2025\\\/09\\\/53891497048_0c1e1acf63_c.jpg\",\"contentUrl\":\"https:\\\/\\\/cebb.org.br\\\/wp-content\\\/uploads\\\/2025\\\/09\\\/53891497048_0c1e1acf63_c.jpg\",\"width\":800,\"height\":531},{\"@type\":\"BreadcrumbList\",\"@id\":\"https:\\\/\\\/cebb.org.br\\\/lama-padma-samten-na-inglaterra-2025\\\/#breadcrumb\",\"itemListElement\":[{\"@type\":\"ListItem\",\"position\":1,\"name\":\"Home\",\"item\":\"https:\\\/\\\/cebb.org.br\\\/\"},{\"@type\":\"ListItem\",\"position\":2,\"name\":\"Lama Padma Samten na Inglaterra (2025)\"}]},{\"@type\":\"WebSite\",\"@id\":\"https:\\\/\\\/cebb.org.br\\\/#website\",\"url\":\"https:\\\/\\\/cebb.org.br\\\/\",\"name\":\"Centro de Estudos Budistas Bodisatva\",\"description\":\"Budismo, medita\u00e7\u00e3o e cultura de paz | Lama Padma Samten\",\"publisher\":{\"@id\":\"https:\\\/\\\/cebb.org.br\\\/#organization\"},\"potentialAction\":[{\"@type\":\"SearchAction\",\"target\":{\"@type\":\"EntryPoint\",\"urlTemplate\":\"https:\\\/\\\/cebb.org.br\\\/?s={search_term_string}\"},\"query-input\":{\"@type\":\"PropertyValueSpecification\",\"valueRequired\":true,\"valueName\":\"search_term_string\"}}],\"inLanguage\":\"fr-FR\"},{\"@type\":\"Organization\",\"@id\":\"https:\\\/\\\/cebb.org.br\\\/#organization\",\"name\":\"Centro de Estudos Budistas Bodisatva\",\"url\":\"https:\\\/\\\/cebb.org.br\\\/\",\"logo\":{\"@type\":\"ImageObject\",\"inLanguage\":\"fr-FR\",\"@id\":\"https:\\\/\\\/cebb.org.br\\\/#\\\/schema\\\/logo\\\/image\\\/\",\"url\":\"http:\\\/\\\/18.230.164.79\\\/wp-content\\\/uploads\\\/2011\\\/03\\\/logosalvador-peq-e1660064979551.jpg\",\"contentUrl\":\"http:\\\/\\\/18.230.164.79\\\/wp-content\\\/uploads\\\/2011\\\/03\\\/logosalvador-peq-e1660064979551.jpg\",\"width\":280,\"height\":231,\"caption\":\"Centro de Estudos Budistas Bodisatva\"},\"image\":{\"@id\":\"https:\\\/\\\/cebb.org.br\\\/#\\\/schema\\\/logo\\\/image\\\/\"},\"sameAs\":[\"https:\\\/\\\/pt-br.facebook.com\\\/cebb108\",\"https:\\\/\\\/www.instagram.com\\\/cebbcaminhodomeio\\\/\"]},{\"@type\":\"Person\",\"@id\":\"https:\\\/\\\/cebb.org.br\\\/#\\\/schema\\\/person\\\/05a696a76f72d472c540f3d7a905f39c\",\"name\":\"Coletivo Intersomos\",\"image\":{\"@type\":\"ImageObject\",\"inLanguage\":\"fr-FR\",\"@id\":\"https:\\\/\\\/secure.gravatar.com\\\/avatar\\\/5b3268ebf7c1516b7910dc782a9ef52986a33844353256fce20260189c5f6b83?s=96&d=mm&r=g\",\"url\":\"https:\\\/\\\/secure.gravatar.com\\\/avatar\\\/5b3268ebf7c1516b7910dc782a9ef52986a33844353256fce20260189c5f6b83?s=96&d=mm&r=g\",\"contentUrl\":\"https:\\\/\\\/secure.gravatar.com\\\/avatar\\\/5b3268ebf7c1516b7910dc782a9ef52986a33844353256fce20260189c5f6b83?s=96&d=mm&r=g\",\"caption\":\"Coletivo Intersomos\"},\"url\":\"https:\\\/\\\/cebb.org.br\\\/fr\\\/author\\\/coletivo-intersomos\\\/\"}]}<\/script>\n<!-- \/ Yoast SEO plugin. -->","yoast_head_json":{"title":"Lama Padma Samten na Inglaterra (2025) - Centro de Estudos Budistas Bodisatva","robots":{"index":"index","follow":"follow","max-snippet":"max-snippet:-1","max-image-preview":"max-image-preview:large","max-video-preview":"max-video-preview:-1"},"canonical":"https:\/\/cebb.org.br\/fr\/lama-padma-samten-na-inglaterra-2025\/","og_locale":"fr_FR","og_type":"article","og_title":"Lama Padma Samten na Inglaterra (2025) - Centro de Estudos Budistas Bodisatva","og_description":"De 11 a 13 setembro 2025","og_url":"https:\/\/cebb.org.br\/fr\/lama-padma-samten-na-inglaterra-2025\/","og_site_name":"Centro de Estudos Budistas Bodisatva","article_publisher":"https:\/\/pt-br.facebook.com\/cebb108","article_published_time":"2025-09-05T12:08:20+00:00","article_modified_time":"2025-09-07T12:52:06+00:00","og_image":[{"width":800,"height":531,"url":"https:\/\/cebb.org.br\/wp-content\/uploads\/2025\/09\/53891497048_0c1e1acf63_c.jpg","type":"image\/jpeg"}],"author":"Coletivo Intersomos","twitter_card":"summary_large_image","twitter_misc":{"\u00c9crit par":"Coletivo Intersomos","Dur\u00e9e de lecture estim\u00e9e":"2 minutes"},"schema":{"@context":"https:\/\/schema.org","@graph":[{"@type":"Article","@id":"https:\/\/cebb.org.br\/lama-padma-samten-na-inglaterra-2025\/#article","isPartOf":{"@id":"https:\/\/cebb.org.br\/lama-padma-samten-na-inglaterra-2025\/"},"author":{"name":"Coletivo Intersomos","@id":"https:\/\/cebb.org.br\/#\/schema\/person\/05a696a76f72d472c540f3d7a905f39c"},"headline":"Lama Padma Samten na Inglaterra (2025)","datePublished":"2025-09-05T12:08:20+00:00","dateModified":"2025-09-07T12:52:06+00:00","mainEntityOfPage":{"@id":"https:\/\/cebb.org.br\/lama-padma-samten-na-inglaterra-2025\/"},"wordCount":278,"commentCount":0,"publisher":{"@id":"https:\/\/cebb.org.br\/#organization"},"image":{"@id":"https:\/\/cebb.org.br\/lama-padma-samten-na-inglaterra-2025\/#primaryimage"},"thumbnailUrl":"https:\/\/cebb.org.br\/wp-content\/uploads\/2025\/09\/53891497048_0c1e1acf63_c.jpg","articleSection":["Agenda do Lama Padma Samten"],"inLanguage":"fr-FR","potentialAction":[{"@type":"CommentAction","name":"Comment","target":["https:\/\/cebb.org.br\/lama-padma-samten-na-inglaterra-2025\/#respond"]}]},{"@type":"WebPage","@id":"https:\/\/cebb.org.br\/lama-padma-samten-na-inglaterra-2025\/","url":"https:\/\/cebb.org.br\/lama-padma-samten-na-inglaterra-2025\/","name":"Lama Padma Samten na Inglaterra (2025) - Centro de Estudos Budistas Bodisatva","isPartOf":{"@id":"https:\/\/cebb.org.br\/#website"},"primaryImageOfPage":{"@id":"https:\/\/cebb.org.br\/lama-padma-samten-na-inglaterra-2025\/#primaryimage"},"image":{"@id":"https:\/\/cebb.org.br\/lama-padma-samten-na-inglaterra-2025\/#primaryimage"},"thumbnailUrl":"https:\/\/cebb.org.br\/wp-content\/uploads\/2025\/09\/53891497048_0c1e1acf63_c.jpg","datePublished":"2025-09-05T12:08:20+00:00","dateModified":"2025-09-07T12:52:06+00:00","breadcrumb":{"@id":"https:\/\/cebb.org.br\/lama-padma-samten-na-inglaterra-2025\/#breadcrumb"},"inLanguage":"fr-FR","potentialAction":[{"@type":"ReadAction","target":["https:\/\/cebb.org.br\/lama-padma-samten-na-inglaterra-2025\/"]}]},{"@type":"ImageObject","inLanguage":"fr-FR","@id":"https:\/\/cebb.org.br\/lama-padma-samten-na-inglaterra-2025\/#primaryimage","url":"https:\/\/cebb.org.br\/wp-content\/uploads\/2025\/09\/53891497048_0c1e1acf63_c.jpg","contentUrl":"https:\/\/cebb.org.br\/wp-content\/uploads\/2025\/09\/53891497048_0c1e1acf63_c.jpg","width":800,"height":531},{"@type":"BreadcrumbList","@id":"https:\/\/cebb.org.br\/lama-padma-samten-na-inglaterra-2025\/#breadcrumb","itemListElement":[{"@type":"ListItem","position":1,"name":"Home","item":"https:\/\/cebb.org.br\/"},{"@type":"ListItem","position":2,"name":"Lama Padma Samten na Inglaterra (2025)"}]},{"@type":"WebSite","@id":"https:\/\/cebb.org.br\/#website","url":"https:\/\/cebb.org.br\/","name":"Centre d\u2019\u00c9tudes Bouddhistes Bodisatva (CEBB)","description":"Budismo, medita\u00e7\u00e3o e cultura de paz | Lama Padma Samten","publisher":{"@id":"https:\/\/cebb.org.br\/#organization"},"potentialAction":[{"@type":"SearchAction","target":{"@type":"EntryPoint","urlTemplate":"https:\/\/cebb.org.br\/?s={search_term_string}"},"query-input":{"@type":"PropertyValueSpecification","valueRequired":true,"valueName":"search_term_string"}}],"inLanguage":"fr-FR"},{"@type":"Organization","@id":"https:\/\/cebb.org.br\/#organization","name":"Centre d\u2019\u00c9tudes Bouddhistes Bodisatva (CEBB)","url":"https:\/\/cebb.org.br\/","logo":{"@type":"ImageObject","inLanguage":"fr-FR","@id":"https:\/\/cebb.org.br\/#\/schema\/logo\/image\/","url":"http:\/\/18.230.164.79\/wp-content\/uploads\/2011\/03\/logosalvador-peq-e1660064979551.jpg","contentUrl":"http:\/\/18.230.164.79\/wp-content\/uploads\/2011\/03\/logosalvador-peq-e1660064979551.jpg","width":280,"height":231,"caption":"Centro de Estudos Budistas Bodisatva"},"image":{"@id":"https:\/\/cebb.org.br\/#\/schema\/logo\/image\/"},"sameAs":["https:\/\/pt-br.facebook.com\/cebb108","https:\/\/www.instagram.com\/cebbcaminhodomeio\/"]},{"@type":"Person","@id":"https:\/\/cebb.org.br\/#\/schema\/person\/05a696a76f72d472c540f3d7a905f39c","name":"Coletivo Intersomos","image":{"@type":"ImageObject","inLanguage":"fr-FR","@id":"https:\/\/secure.gravatar.com\/avatar\/5b3268ebf7c1516b7910dc782a9ef52986a33844353256fce20260189c5f6b83?s=96&d=mm&r=g","url":"https:\/\/secure.gravatar.com\/avatar\/5b3268ebf7c1516b7910dc782a9ef52986a33844353256fce20260189c5f6b83?s=96&d=mm&r=g","contentUrl":"https:\/\/secure.gravatar.com\/avatar\/5b3268ebf7c1516b7910dc782a9ef52986a33844353256fce20260189c5f6b83?s=96&d=mm&r=g","caption":"Coletivo Intersomos"},"url":"https:\/\/cebb.org.br\/fr\/author\/coletivo-intersomos\/"}]}},"_links":{"self":[{"href":"https:\/\/cebb.org.br\/fr\/wp-json\/wp\/v2\/posts\/117622","targetHints":{"allow":["GET"]}}],"collection":[{"href":"https:\/\/cebb.org.br\/fr\/wp-json\/wp\/v2\/posts"}],"about":[{"href":"https:\/\/cebb.org.br\/fr\/wp-json\/wp\/v2\/types\/post"}],"author":[{"embeddable":true,"href":"https:\/\/cebb.org.br\/fr\/wp-json\/wp\/v2\/users\/79"}],"replies":[{"embeddable":true,"href":"https:\/\/cebb.org.br\/fr\/wp-json\/wp\/v2\/comments?post=117622"}],"version-history":[{"count":9,"href":"https:\/\/cebb.org.br\/fr\/wp-json\/wp\/v2\/posts\/117622\/revisions"}],"predecessor-version":[{"id":117742,"href":"https:\/\/cebb.org.br\/fr\/wp-json\/wp\/v2\/posts\/117622\/revisions\/117742"}],"wp:featuredmedia":[{"embeddable":true,"href":"https:\/\/cebb.org.br\/fr\/wp-json\/wp\/v2\/media\/117624"}],"wp:attachment":[{"href":"https:\/\/cebb.org.br\/fr\/wp-json\/wp\/v2\/media?parent=117622"}],"wp:term":[{"taxonomy":"category","embeddable":true,"href":"https:\/\/cebb.org.br\/fr\/wp-json\/wp\/v2\/categories?post=117622"},{"taxonomy":"post_tag","embeddable":true,"href":"https:\/\/cebb.org.br\/fr\/wp-json\/wp\/v2\/tags?post=117622"}],"curies":[{"name":"wp","href":"https:\/\/api.w.org\/{rel}","templated":true}]}}