{"id":120399,"date":"2026-01-18T08:44:03","date_gmt":"2026-01-18T11:44:03","guid":{"rendered":"https:\/\/cebb.org.br\/?p=120399"},"modified":"2026-01-20T20:25:52","modified_gmt":"2026-01-20T23:25:52","slug":"carnaval-darmata-2026","status":"publish","type":"post","link":"https:\/\/cebb.org.br\/fr\/carnaval-darmata-2026\/","title":{"rendered":"Retiro de Carnaval 2026 no CEBB Darmata | Brincar o sil\u00eancio: um Carnaval de cora\u00e7\u00e3o sereno e leve!"},"content":{"rendered":"<h2 style=\"color: #8c0000;\">Retiro de Carnaval  &#8211; Brincar o sil\u00eancio: um Carnaval de cora\u00e7\u00e3o sereno e leve!<\/h2>\n<p>Venha brincar um Carnaval tranquilo e leve.<br \/>\nCaminhar em meio \u00e0 natureza, respirar, silenciar.<br \/>\nMeditar, nutrir o corpo com comida simples e saud\u00e1vel, descansar.<br \/>\nContemplar a &#8220;Roda da vida&#8221;.<br \/>\nDeixar o corpo se expressar nas pr\u00e1ticas corporais, na biodanza, na alegria partilhada.<br \/>\nReunir-se ao redor da fogueira, da pausa, do sarau, do sil\u00eancio que acolhe.<br \/>\nNo abra\u00e7o amoroso do CEBB Darmata,<br \/>\nsoltar as m\u00e1scaras da ansiedade, do medo, da tristeza, da agita\u00e7\u00e3o da mente inquieta, da dor e do sofrimento,<br \/>\ne olhar a vida com lucidez, leveza e presen\u00e7a.<br \/>\nAguardamos voc\u00eas!!!<\/p>\n<p>&nbsp;<\/p>\n<h3 style=\"color: #8c0000;\"><strong>Convite ao retiro:<\/strong><\/h3>\n<p>Queridas pessoas &#8211; no Retiro de Carnaval no CEBB Darmata, teremos a oportunidade de vivenciar pr\u00e1ticas de sil\u00eancio, integradas em todas as atividades:<\/p>\n<p>&nbsp;<\/p>\n<li>Meditar\n<li>Caminhadas contemplativas\n<li>Contempla\u00e7\u00e3o dos estudos Budistas\n<li>Partilhas\n<li>Pr\u00e1ticas corporais\n<li>Descansar\n<li>Relaxar\n<li>Se divertir no Sarau Art\u00edstico\n<li>Se soltar nas Viv\u00eancias\n<p>&nbsp;<\/p>\n<h3 style=\"color: #8c0000;\"><strong>Celebra\u00e7\u00f5es:<\/strong><\/h3>\n<p>Ao redor da fogueira, contemplaremos o sil\u00eancio, a fala suave, o canto sutil, mantraremos, dan\u00e7aremos ciranda, aspirando liberar a dor e sofrimento.<br \/>\nMetabavana \u2013 a medita\u00e7\u00e3o do amor universal, ser\u00e1 nossa guia.<br \/>\nCelebraremos com biodanza a plenitude da vida humana preciosa!!!<\/p>\n<p>&nbsp;<\/p>\n<p><img decoding=\"async\" class=\"size-full wp-image-83907 aligncenter\" src=\"https:\/\/cebb.org.br\/wp-content\/uploads\/2021\/05\/linha-com-no-infinto.png\" alt=\"\" width=\"150\" height=\"23\" \/><\/p>\n<p>&nbsp;<\/p>\n<h3 style=\"color: #8c0000;\"><strong>Programa\u00e7\u00e3o:<\/strong><\/h3>\n<p>Check-in: sexta, 13\/02 das 16h \u00e0s 18h<br \/>\nIn\u00edcio: sexta 13\/02 as 19h.<br \/>\nT\u00e9rmino: ter\u00e7a, dia 17\/02 \u00e0s 12h.<\/p>\n<p>&nbsp;<\/p>\n<p><strong>Sexta, 13\/02 <\/strong><\/p>\n<p>16h \u2013 18h: Check-in<br \/>\n18h \u2013 18h45: Jantar<br \/>\n19h \u2013 20h: Puja Prajnaparamita<br \/>\n20h \u2013 21h: Introdu\u00e7\u00e3o<\/p>\n<p>&nbsp;<\/p>\n<p><strong>S\u00e1bado a Segunda, 14\/02 a 16\/02<\/strong><\/p>\n<p>5h30 \u2013 6h: Medita\u00e7\u00e3o Silenciosa<br \/>\n6h \u2013 7h: Puja Chuva de Ben\u00e7\u00e3os<br \/>\n7h \u2013 7h45: Caf\u00e9 da Manh\u00e3<br \/>\n9h \u2013 12h: Instru\u00e7\u00e3o\/pr\u00e1tica no templo<br \/>\n12h \u2013 12h45: Almo\u00e7o<br \/>\n14h \u2013 17h: Instru\u00e7\u00e3o\/pr\u00e1tica no templo<br \/>\n17h \u2013 18h: Atividade f\u00edsica<br \/>\n18h \u2013 18h45: Jantar<br \/>\n19h \u2013 20h: Puja<br \/>\n20h \u2013 21h30: caminhada noturna, fogueira e sarau art\u00edstico.<\/p>\n<p>&nbsp;<\/p>\n<p><strong>Ter\u00e7a, 17\/02 <\/strong><\/p>\n<p>5h30 \u2013 6h: Medita\u00e7\u00e3o Silenciosa<br \/>\n6h \u2013 7h: Puja Chuva de Ben\u00e7\u00e3os<br \/>\n7h \u2013 7h45: Caf\u00e9 da Manh\u00e3<br \/>\n9h \u2013 12h: Instru\u00e7\u00e3o\/pr\u00e1tica no templo<br \/>\n12h \u2013 13h: Almo\u00e7o<\/p>\n<p>&nbsp;<\/p>\n<h3 style=\"color: #8c0000;\"><strong>Facilitador<\/strong><\/h3>\n<p><strong>Jo\u00e3o Petry<\/strong> aluno do Lama Padma Samten e tutor no CEBB, Facilitador de Biodanza. Jo\u00e3o reside no CEBB Darmata, onde acompanha retiros fechados e abertos, oferecendo orienta\u00e7\u00e3o e apoio em pr\u00e1ticas meditativas.<\/p>\n<p>&nbsp;<\/p>\n<h3 style=\"color: #8c0000;\"><strong>Contribui\u00e7\u00f5es e Inscri\u00e7\u00f5es<\/strong><\/h3>\n<p><strong>Contribui\u00e7\u00e3o sugerida (com hospedagem):<\/strong> R$600 ou R$150 por dia. Esse valor inclui todas as atividades e alimenta\u00e7\u00e3o.<br \/>\n<em>*<strong>Se voc\u00ea mora em Timba\u00faba ou arredores e n\u00e3o precisa de hospedagem, mande um email para n\u00f3s.<\/strong><\/em><\/p>\n<p>&nbsp;<\/p>\n<p><a style=\"display: inline-block; background-color: #b8190d; color: #ffffff; font-size: 14px; font-weight: bold; padding: 3px 18px 10px 18px; text-align: center; border-radius: 15px; text-decoration: none; transition: background 0.3s ease-in-out; line-height: 1;\" href=\"https:\/\/forms.gle\/AG2JdAYeddEJQWsNA\" target=\"_blank\" rel=\"noopener\"><br \/>\nClique para fazer sua inscri\u00e7\u00e3o<br \/>\n<\/a><\/p>\n<p>&nbsp;<\/p>\n<p><strong>Sustenta\u00e7\u00e3o das Atividades do CEBB<\/strong><\/p>\n<p>A sustenta\u00e7\u00e3o das atividades do CEBB em todo o Brasil \u00e9 realizada unicamente pelo meio tradicional de sustenta\u00e7\u00e3o das sangas budistas: a doa\u00e7\u00e3o espont\u00e2nea dos seus frequentadores. Ao mesmo tempo, praticamos o princ\u00edpio de que ningu\u00e9m deve deixar de ter acesso ao Darma por limita\u00e7\u00f5es financeiras. Se voc\u00ea quer participar do retiro mas n\u00e3o tem condi\u00e7\u00f5es de cobrir suas despesas, entre em contato conosco (conexaodarmata@gmail.com).<\/p>\n<p>&nbsp;<\/p>\n<h3 style=\"color: #8c0000;\"><strong>Local<\/strong><\/h3>\n<p><strong>CEBB Darmata<\/strong><\/p>\n<p>Mais informa\u00e7\u00f5es de como chegar: <a href=\"https:\/\/cebb.org.br\/fr\/como-chegar-ao-darmata\/\">http:\/\/www.cebb.org.br\/como-chegar-ao-darmata\/<\/a><\/p>\n<p><iframe style=\"border: 0;\" src=\"https:\/\/www.google.com\/maps\/embed?pb=!1m18!1m12!1m3!1d3956.0934667085885!2d-35.31403668545891!3d-7.454911575540852!2m3!1f0!2f0!3f0!3m2!1i1024!2i768!4f13.1!3m3!1m2!1s0x7ac79505b7a9249%3A0x343b724dcefa2852!2sCEBB%20Darmata!5e0!3m2!1spt-BR!2sbr!4v1672685899175!5m2!1spt-BR!2sbr\" width=\"600\" height=\"450\" allowfullscreen=\"allowfullscreen\" data-mce-fragment=\"1\"><\/iframe><\/p>\n<p>&nbsp;<\/p>\n<h3 style=\"color: #8c0000;\"><strong>Mais Informa\u00e7\u00f5es<\/strong><\/h3>\n<p><strong>Refei\u00e7\u00f5es:<\/strong> A alimenta\u00e7\u00e3o na cozinha do CEBB segue a linha vegetariana. O card\u00e1pio \u00e9 especialmente planejado para promover uma sa\u00fade equilibrada e apoiar as pr\u00e1ticas de estudo e medita\u00e7\u00e3o.<\/p>\n<p>&nbsp;<\/p>\n<p><strong>Hospedagem:<\/strong> Possu\u00edmos um dormit\u00f3rio feminino (65 lugares), um dormit\u00f3rio masculino (20 lugares), e o templo \u00e0 noite \u00e9 utilizado como dormit\u00f3rio misto (30 lugares). A divis\u00e3o dos lugares \u00e9 feita por ordem de prioridades (pessoas idosas e com dificuldade de locomo\u00e7\u00e3o) e por ordem de chegada.<\/p>\n<p>&nbsp;<\/p>\n<p><strong>O que voc\u00ea deve trazer:<\/strong> Travesseiro, roupa de cama e banho, guarda-chuva, lanterna, repelente.<\/p>\n<p>&nbsp;<\/p>\n<p><strong>Atividades volunt\u00e1rias:<\/strong> Os participantes dos eventos no CEBB s\u00e3o convidados a praticar atividades de limpeza e organiza\u00e7\u00e3o. As atividades volunt\u00e1rias para manuten\u00e7\u00e3o dos espa\u00e7os durante os eventos fazem parte do treinamento da mente e da energia e contribuem para a realiza\u00e7\u00e3o dos eventos de forma participativa e coletiva.<\/p>\n<p>&nbsp;<\/p>\n<p><strong>Transporte:<\/strong> Cada participante \u00e9 respons\u00e1vel por seu deslocamento ao CEBB Darmata. No entanto, com o intuito de ajudar os participantes, organizamos a lista de caronas solid\u00e1rias. Na semana do retiro, enviamos aos inscritos a lista de pessoas que oferecem carona e as que precisam de carona para que estas possam entrar em contato entre si.<br \/>\nEm caso de algum transtorno psicol\u00f3gico, \u00e9 imprescind\u00edvel o acompanhamento de um familiar no decorrer do retiro.<\/p>\n<p>&nbsp;<\/p>\n<p><strong>Contato:<\/strong> Em caso de d\u00favidas, entre em contato por email: conexaodarmata@gmail.com<\/p>","protected":false},"excerpt":{"rendered":"<p>Retiro de Carnaval &#8211; Brincar o sil\u00eancio: um Carnaval de cora\u00e7\u00e3o sereno e leve! Venha brincar um Carnaval tranquilo e leve. Caminhar em meio \u00e0 natureza, respirar, silenciar. Meditar, nutrir o corpo com comida simples e saud\u00e1vel, descansar. Contemplar a &#8220;Roda da vida&#8221;. Deixar o corpo se expressar nas pr\u00e1ticas corporais, na biodanza, na alegria [&hellip;]<\/p>\n","protected":false},"author":29,"featured_media":120522,"comment_status":"open","ping_status":"open","sticky":false,"template":"","format":"standard","meta":{"footnotes":""},"categories":[382,406,351,356],"tags":[],"class_list":["post-120399","post","type-post","status-publish","format-standard","has-post-thumbnail","hentry","category-darmata","category-recife","category-pe","category-retiro-sanga"],"yoast_head":"<!-- This site is optimized with the Yoast SEO plugin v27.5 - https:\/\/yoast.com\/product\/yoast-seo-wordpress\/ -->\n<title>Retiro de Carnaval 2026 no CEBB Darmata | Brincar o sil\u00eancio: um Carnaval de cora\u00e7\u00e3o sereno e leve! - Centro de Estudos Budistas Bodisatva<\/title>\n<meta name=\"robots\" content=\"index, follow, max-snippet:-1, max-image-preview:large, max-video-preview:-1\" \/>\n<link rel=\"canonical\" href=\"https:\/\/cebb.org.br\/fr\/carnaval-darmata-2026\/\" \/>\n<meta property=\"og:locale\" content=\"fr_FR\" \/>\n<meta property=\"og:type\" content=\"article\" \/>\n<meta property=\"og:title\" content=\"Retiro de Carnaval 2026 no CEBB Darmata | Brincar o sil\u00eancio: um Carnaval de cora\u00e7\u00e3o sereno e leve! - Centro de Estudos Budistas Bodisatva\" \/>\n<meta property=\"og:description\" content=\"Retiro de Carnaval &#8211; Brincar o sil\u00eancio: um Carnaval de cora\u00e7\u00e3o sereno e leve! Venha brincar um Carnaval tranquilo e leve. Caminhar em meio \u00e0 natureza, respirar, silenciar. Meditar, nutrir o corpo com comida simples e saud\u00e1vel, descansar. Contemplar a &#8220;Roda da vida&#8221;. Deixar o corpo se expressar nas pr\u00e1ticas corporais, na biodanza, na alegria [&hellip;]\" \/>\n<meta property=\"og:url\" content=\"https:\/\/cebb.org.br\/fr\/carnaval-darmata-2026\/\" \/>\n<meta property=\"og:site_name\" content=\"Centro de Estudos Budistas Bodisatva\" \/>\n<meta property=\"article:publisher\" content=\"https:\/\/pt-br.facebook.com\/cebb108\" \/>\n<meta property=\"article:published_time\" content=\"2026-01-18T11:44:03+00:00\" \/>\n<meta property=\"article:modified_time\" content=\"2026-01-20T23:25:52+00:00\" \/>\n<meta property=\"og:image\" content=\"https:\/\/cebb.org.br\/wp-content\/uploads\/2026\/01\/SITE-Retiro-de-carnaval-2026-1024x696.png\" \/>\n\t<meta property=\"og:image:width\" content=\"1024\" \/>\n\t<meta property=\"og:image:height\" content=\"696\" \/>\n\t<meta property=\"og:image:type\" content=\"image\/png\" \/>\n<meta name=\"author\" content=\"cebbdarmata\" \/>\n<meta name=\"twitter:card\" content=\"summary_large_image\" \/>\n<meta name=\"twitter:label1\" content=\"\u00c9crit par\" \/>\n\t<meta name=\"twitter:data1\" content=\"cebbdarmata\" \/>\n\t<meta name=\"twitter:label2\" content=\"Dur\u00e9e de lecture estim\u00e9e\" \/>\n\t<meta name=\"twitter:data2\" content=\"5 minutes\" \/>\n<script type=\"application\/ld+json\" class=\"yoast-schema-graph\">{\"@context\":\"https:\\\/\\\/schema.org\",\"@graph\":[{\"@type\":\"Article\",\"@id\":\"https:\\\/\\\/cebb.org.br\\\/carnaval-darmata-2026\\\/#article\",\"isPartOf\":{\"@id\":\"https:\\\/\\\/cebb.org.br\\\/carnaval-darmata-2026\\\/\"},\"author\":{\"name\":\"cebbdarmata\",\"@id\":\"https:\\\/\\\/cebb.org.br\\\/#\\\/schema\\\/person\\\/8c49ccfd22d2001bb5931bfe84ac9ae9\"},\"headline\":\"Retiro de Carnaval 2026 no CEBB Darmata | Brincar o sil\u00eancio: um Carnaval de cora\u00e7\u00e3o sereno e leve!\",\"datePublished\":\"2026-01-18T11:44:03+00:00\",\"dateModified\":\"2026-01-20T23:25:52+00:00\",\"mainEntityOfPage\":{\"@id\":\"https:\\\/\\\/cebb.org.br\\\/carnaval-darmata-2026\\\/\"},\"wordCount\":800,\"commentCount\":0,\"publisher\":{\"@id\":\"https:\\\/\\\/cebb.org.br\\\/#organization\"},\"image\":{\"@id\":\"https:\\\/\\\/cebb.org.br\\\/carnaval-darmata-2026\\\/#primaryimage\"},\"thumbnailUrl\":\"https:\\\/\\\/cebb.org.br\\\/wp-content\\\/uploads\\\/2026\\\/01\\\/SITE-Retiro-de-carnaval-2026.png\",\"articleSection\":[\"CEBB Darmata\",\"CEBB Recife\",\"PE\",\"Retiro\"],\"inLanguage\":\"fr-FR\",\"potentialAction\":[{\"@type\":\"CommentAction\",\"name\":\"Comment\",\"target\":[\"https:\\\/\\\/cebb.org.br\\\/carnaval-darmata-2026\\\/#respond\"]}]},{\"@type\":\"WebPage\",\"@id\":\"https:\\\/\\\/cebb.org.br\\\/carnaval-darmata-2026\\\/\",\"url\":\"https:\\\/\\\/cebb.org.br\\\/carnaval-darmata-2026\\\/\",\"name\":\"Retiro de Carnaval 2026 no CEBB Darmata | Brincar o sil\u00eancio: um Carnaval de cora\u00e7\u00e3o sereno e leve! - Centro de Estudos Budistas Bodisatva\",\"isPartOf\":{\"@id\":\"https:\\\/\\\/cebb.org.br\\\/#website\"},\"primaryImageOfPage\":{\"@id\":\"https:\\\/\\\/cebb.org.br\\\/carnaval-darmata-2026\\\/#primaryimage\"},\"image\":{\"@id\":\"https:\\\/\\\/cebb.org.br\\\/carnaval-darmata-2026\\\/#primaryimage\"},\"thumbnailUrl\":\"https:\\\/\\\/cebb.org.br\\\/wp-content\\\/uploads\\\/2026\\\/01\\\/SITE-Retiro-de-carnaval-2026.png\",\"datePublished\":\"2026-01-18T11:44:03+00:00\",\"dateModified\":\"2026-01-20T23:25:52+00:00\",\"breadcrumb\":{\"@id\":\"https:\\\/\\\/cebb.org.br\\\/carnaval-darmata-2026\\\/#breadcrumb\"},\"inLanguage\":\"fr-FR\",\"potentialAction\":[{\"@type\":\"ReadAction\",\"target\":[\"https:\\\/\\\/cebb.org.br\\\/carnaval-darmata-2026\\\/\"]}]},{\"@type\":\"ImageObject\",\"inLanguage\":\"fr-FR\",\"@id\":\"https:\\\/\\\/cebb.org.br\\\/carnaval-darmata-2026\\\/#primaryimage\",\"url\":\"https:\\\/\\\/cebb.org.br\\\/wp-content\\\/uploads\\\/2026\\\/01\\\/SITE-Retiro-de-carnaval-2026.png\",\"contentUrl\":\"https:\\\/\\\/cebb.org.br\\\/wp-content\\\/uploads\\\/2026\\\/01\\\/SITE-Retiro-de-carnaval-2026.png\",\"width\":2500,\"height\":1700},{\"@type\":\"BreadcrumbList\",\"@id\":\"https:\\\/\\\/cebb.org.br\\\/carnaval-darmata-2026\\\/#breadcrumb\",\"itemListElement\":[{\"@type\":\"ListItem\",\"position\":1,\"name\":\"Home\",\"item\":\"https:\\\/\\\/cebb.org.br\\\/\"},{\"@type\":\"ListItem\",\"position\":2,\"name\":\"Retiro de Carnaval 2026 no CEBB Darmata | Brincar o sil\u00eancio: um Carnaval de cora\u00e7\u00e3o sereno e leve!\"}]},{\"@type\":\"WebSite\",\"@id\":\"https:\\\/\\\/cebb.org.br\\\/#website\",\"url\":\"https:\\\/\\\/cebb.org.br\\\/\",\"name\":\"Centro de Estudos Budistas Bodisatva\",\"description\":\"Budismo, medita\u00e7\u00e3o e cultura de paz | Lama Padma Samten\",\"publisher\":{\"@id\":\"https:\\\/\\\/cebb.org.br\\\/#organization\"},\"potentialAction\":[{\"@type\":\"SearchAction\",\"target\":{\"@type\":\"EntryPoint\",\"urlTemplate\":\"https:\\\/\\\/cebb.org.br\\\/?s={search_term_string}\"},\"query-input\":{\"@type\":\"PropertyValueSpecification\",\"valueRequired\":true,\"valueName\":\"search_term_string\"}}],\"inLanguage\":\"fr-FR\"},{\"@type\":\"Organization\",\"@id\":\"https:\\\/\\\/cebb.org.br\\\/#organization\",\"name\":\"Centro de Estudos Budistas Bodisatva\",\"url\":\"https:\\\/\\\/cebb.org.br\\\/\",\"logo\":{\"@type\":\"ImageObject\",\"inLanguage\":\"fr-FR\",\"@id\":\"https:\\\/\\\/cebb.org.br\\\/#\\\/schema\\\/logo\\\/image\\\/\",\"url\":\"http:\\\/\\\/18.230.164.79\\\/wp-content\\\/uploads\\\/2011\\\/03\\\/logosalvador-peq-e1660064979551.jpg\",\"contentUrl\":\"http:\\\/\\\/18.230.164.79\\\/wp-content\\\/uploads\\\/2011\\\/03\\\/logosalvador-peq-e1660064979551.jpg\",\"width\":280,\"height\":231,\"caption\":\"Centro de Estudos Budistas Bodisatva\"},\"image\":{\"@id\":\"https:\\\/\\\/cebb.org.br\\\/#\\\/schema\\\/logo\\\/image\\\/\"},\"sameAs\":[\"https:\\\/\\\/pt-br.facebook.com\\\/cebb108\",\"https:\\\/\\\/www.instagram.com\\\/cebbcaminhodomeio\\\/\"]},{\"@type\":\"Person\",\"@id\":\"https:\\\/\\\/cebb.org.br\\\/#\\\/schema\\\/person\\\/8c49ccfd22d2001bb5931bfe84ac9ae9\",\"name\":\"cebbdarmata\",\"image\":{\"@type\":\"ImageObject\",\"inLanguage\":\"fr-FR\",\"@id\":\"https:\\\/\\\/secure.gravatar.com\\\/avatar\\\/098f1538ee16b30ab9ef6986e3f6f98ed4f97580107168a3951e259da571c501?s=96&d=mm&r=g\",\"url\":\"https:\\\/\\\/secure.gravatar.com\\\/avatar\\\/098f1538ee16b30ab9ef6986e3f6f98ed4f97580107168a3951e259da571c501?s=96&d=mm&r=g\",\"contentUrl\":\"https:\\\/\\\/secure.gravatar.com\\\/avatar\\\/098f1538ee16b30ab9ef6986e3f6f98ed4f97580107168a3951e259da571c501?s=96&d=mm&r=g\",\"caption\":\"cebbdarmata\"},\"url\":\"https:\\\/\\\/cebb.org.br\\\/fr\\\/author\\\/cebbdarmata\\\/\"}]}<\/script>\n<!-- \/ Yoast SEO plugin. -->","yoast_head_json":{"title":"Retiro de Carnaval 2026 no CEBB Darmata | Brincar o sil\u00eancio: um Carnaval de cora\u00e7\u00e3o sereno e leve! - Centro de Estudos Budistas Bodisatva","robots":{"index":"index","follow":"follow","max-snippet":"max-snippet:-1","max-image-preview":"max-image-preview:large","max-video-preview":"max-video-preview:-1"},"canonical":"https:\/\/cebb.org.br\/fr\/carnaval-darmata-2026\/","og_locale":"fr_FR","og_type":"article","og_title":"Retiro de Carnaval 2026 no CEBB Darmata | Brincar o sil\u00eancio: um Carnaval de cora\u00e7\u00e3o sereno e leve! - Centro de Estudos Budistas Bodisatva","og_description":"Retiro de Carnaval &#8211; Brincar o sil\u00eancio: um Carnaval de cora\u00e7\u00e3o sereno e leve! Venha brincar um Carnaval tranquilo e leve. Caminhar em meio \u00e0 natureza, respirar, silenciar. Meditar, nutrir o corpo com comida simples e saud\u00e1vel, descansar. Contemplar a &#8220;Roda da vida&#8221;. Deixar o corpo se expressar nas pr\u00e1ticas corporais, na biodanza, na alegria [&hellip;]","og_url":"https:\/\/cebb.org.br\/fr\/carnaval-darmata-2026\/","og_site_name":"Centro de Estudos Budistas Bodisatva","article_publisher":"https:\/\/pt-br.facebook.com\/cebb108","article_published_time":"2026-01-18T11:44:03+00:00","article_modified_time":"2026-01-20T23:25:52+00:00","og_image":[{"width":1024,"height":696,"url":"https:\/\/cebb.org.br\/wp-content\/uploads\/2026\/01\/SITE-Retiro-de-carnaval-2026-1024x696.png","type":"image\/png"}],"author":"cebbdarmata","twitter_card":"summary_large_image","twitter_misc":{"\u00c9crit par":"cebbdarmata","Dur\u00e9e de lecture estim\u00e9e":"5 minutes"},"schema":{"@context":"https:\/\/schema.org","@graph":[{"@type":"Article","@id":"https:\/\/cebb.org.br\/carnaval-darmata-2026\/#article","isPartOf":{"@id":"https:\/\/cebb.org.br\/carnaval-darmata-2026\/"},"author":{"name":"cebbdarmata","@id":"https:\/\/cebb.org.br\/#\/schema\/person\/8c49ccfd22d2001bb5931bfe84ac9ae9"},"headline":"Retiro de Carnaval 2026 no CEBB Darmata | Brincar o sil\u00eancio: um Carnaval de cora\u00e7\u00e3o sereno e leve!","datePublished":"2026-01-18T11:44:03+00:00","dateModified":"2026-01-20T23:25:52+00:00","mainEntityOfPage":{"@id":"https:\/\/cebb.org.br\/carnaval-darmata-2026\/"},"wordCount":800,"commentCount":0,"publisher":{"@id":"https:\/\/cebb.org.br\/#organization"},"image":{"@id":"https:\/\/cebb.org.br\/carnaval-darmata-2026\/#primaryimage"},"thumbnailUrl":"https:\/\/cebb.org.br\/wp-content\/uploads\/2026\/01\/SITE-Retiro-de-carnaval-2026.png","articleSection":["CEBB Darmata","CEBB Recife","PE","Retiro"],"inLanguage":"fr-FR","potentialAction":[{"@type":"CommentAction","name":"Comment","target":["https:\/\/cebb.org.br\/carnaval-darmata-2026\/#respond"]}]},{"@type":"WebPage","@id":"https:\/\/cebb.org.br\/carnaval-darmata-2026\/","url":"https:\/\/cebb.org.br\/carnaval-darmata-2026\/","name":"Retiro de Carnaval 2026 no CEBB Darmata | Brincar o sil\u00eancio: um Carnaval de cora\u00e7\u00e3o sereno e leve! - Centro de Estudos Budistas Bodisatva","isPartOf":{"@id":"https:\/\/cebb.org.br\/#website"},"primaryImageOfPage":{"@id":"https:\/\/cebb.org.br\/carnaval-darmata-2026\/#primaryimage"},"image":{"@id":"https:\/\/cebb.org.br\/carnaval-darmata-2026\/#primaryimage"},"thumbnailUrl":"https:\/\/cebb.org.br\/wp-content\/uploads\/2026\/01\/SITE-Retiro-de-carnaval-2026.png","datePublished":"2026-01-18T11:44:03+00:00","dateModified":"2026-01-20T23:25:52+00:00","breadcrumb":{"@id":"https:\/\/cebb.org.br\/carnaval-darmata-2026\/#breadcrumb"},"inLanguage":"fr-FR","potentialAction":[{"@type":"ReadAction","target":["https:\/\/cebb.org.br\/carnaval-darmata-2026\/"]}]},{"@type":"ImageObject","inLanguage":"fr-FR","@id":"https:\/\/cebb.org.br\/carnaval-darmata-2026\/#primaryimage","url":"https:\/\/cebb.org.br\/wp-content\/uploads\/2026\/01\/SITE-Retiro-de-carnaval-2026.png","contentUrl":"https:\/\/cebb.org.br\/wp-content\/uploads\/2026\/01\/SITE-Retiro-de-carnaval-2026.png","width":2500,"height":1700},{"@type":"BreadcrumbList","@id":"https:\/\/cebb.org.br\/carnaval-darmata-2026\/#breadcrumb","itemListElement":[{"@type":"ListItem","position":1,"name":"Home","item":"https:\/\/cebb.org.br\/"},{"@type":"ListItem","position":2,"name":"Retiro de Carnaval 2026 no CEBB Darmata | Brincar o sil\u00eancio: um Carnaval de cora\u00e7\u00e3o sereno e leve!"}]},{"@type":"WebSite","@id":"https:\/\/cebb.org.br\/#website","url":"https:\/\/cebb.org.br\/","name":"Centre d\u2019\u00c9tudes Bouddhistes Bodisatva (CEBB)","description":"Budismo, medita\u00e7\u00e3o e cultura de paz | Lama Padma Samten","publisher":{"@id":"https:\/\/cebb.org.br\/#organization"},"potentialAction":[{"@type":"SearchAction","target":{"@type":"EntryPoint","urlTemplate":"https:\/\/cebb.org.br\/?s={search_term_string}"},"query-input":{"@type":"PropertyValueSpecification","valueRequired":true,"valueName":"search_term_string"}}],"inLanguage":"fr-FR"},{"@type":"Organization","@id":"https:\/\/cebb.org.br\/#organization","name":"Centre d\u2019\u00c9tudes Bouddhistes Bodisatva (CEBB)","url":"https:\/\/cebb.org.br\/","logo":{"@type":"ImageObject","inLanguage":"fr-FR","@id":"https:\/\/cebb.org.br\/#\/schema\/logo\/image\/","url":"http:\/\/18.230.164.79\/wp-content\/uploads\/2011\/03\/logosalvador-peq-e1660064979551.jpg","contentUrl":"http:\/\/18.230.164.79\/wp-content\/uploads\/2011\/03\/logosalvador-peq-e1660064979551.jpg","width":280,"height":231,"caption":"Centro de Estudos Budistas Bodisatva"},"image":{"@id":"https:\/\/cebb.org.br\/#\/schema\/logo\/image\/"},"sameAs":["https:\/\/pt-br.facebook.com\/cebb108","https:\/\/www.instagram.com\/cebbcaminhodomeio\/"]},{"@type":"Person","@id":"https:\/\/cebb.org.br\/#\/schema\/person\/8c49ccfd22d2001bb5931bfe84ac9ae9","name":"cebbdarmata","image":{"@type":"ImageObject","inLanguage":"fr-FR","@id":"https:\/\/secure.gravatar.com\/avatar\/098f1538ee16b30ab9ef6986e3f6f98ed4f97580107168a3951e259da571c501?s=96&d=mm&r=g","url":"https:\/\/secure.gravatar.com\/avatar\/098f1538ee16b30ab9ef6986e3f6f98ed4f97580107168a3951e259da571c501?s=96&d=mm&r=g","contentUrl":"https:\/\/secure.gravatar.com\/avatar\/098f1538ee16b30ab9ef6986e3f6f98ed4f97580107168a3951e259da571c501?s=96&d=mm&r=g","caption":"cebbdarmata"},"url":"https:\/\/cebb.org.br\/fr\/author\/cebbdarmata\/"}]}},"_links":{"self":[{"href":"https:\/\/cebb.org.br\/fr\/wp-json\/wp\/v2\/posts\/120399","targetHints":{"allow":["GET"]}}],"collection":[{"href":"https:\/\/cebb.org.br\/fr\/wp-json\/wp\/v2\/posts"}],"about":[{"href":"https:\/\/cebb.org.br\/fr\/wp-json\/wp\/v2\/types\/post"}],"author":[{"embeddable":true,"href":"https:\/\/cebb.org.br\/fr\/wp-json\/wp\/v2\/users\/29"}],"replies":[{"embeddable":true,"href":"https:\/\/cebb.org.br\/fr\/wp-json\/wp\/v2\/comments?post=120399"}],"version-history":[{"count":18,"href":"https:\/\/cebb.org.br\/fr\/wp-json\/wp\/v2\/posts\/120399\/revisions"}],"predecessor-version":[{"id":120482,"href":"https:\/\/cebb.org.br\/fr\/wp-json\/wp\/v2\/posts\/120399\/revisions\/120482"}],"wp:featuredmedia":[{"embeddable":true,"href":"https:\/\/cebb.org.br\/fr\/wp-json\/wp\/v2\/media\/120522"}],"wp:attachment":[{"href":"https:\/\/cebb.org.br\/fr\/wp-json\/wp\/v2\/media?parent=120399"}],"wp:term":[{"taxonomy":"category","embeddable":true,"href":"https:\/\/cebb.org.br\/fr\/wp-json\/wp\/v2\/categories?post=120399"},{"taxonomy":"post_tag","embeddable":true,"href":"https:\/\/cebb.org.br\/fr\/wp-json\/wp\/v2\/tags?post=120399"}],"curies":[{"name":"wp","href":"https:\/\/api.w.org\/{rel}","templated":true}]}}