{"id":120559,"date":"2026-01-26T15:58:07","date_gmt":"2026-01-26T18:58:07","guid":{"rendered":"https:\/\/cebb.org.br\/?p=120559"},"modified":"2026-03-12T18:27:37","modified_gmt":"2026-03-12T21:27:37","slug":"portas-abertas-sukhavati-fevereiro","status":"publish","type":"post","link":"https:\/\/cebb.org.br\/fr\/portas-abertas-sukhavati-fevereiro\/","title":{"rendered":"Portas Abertas do Centro Budista | Sukhavati"},"content":{"rendered":"<p>Dia<em> 21 de Fevereiro de 2026 no CEBB Sukhavati &#8211; Quatro Barras\/RS<\/em><\/p>\n<p>&nbsp;<\/p>\n<p><!--more--><\/p>\n<p>No s\u00e1bado, 21 de Fevereiro, \u00e0s 14h30, o CEBB Sukhavati abre suas portas para quem deseja conhecer o espa\u00e7o, o templo e um pouco da vis\u00e3o budista que inspira as pr\u00e1ticas e projetos realizados aqui em Quatro Barras.<\/p>\n<p><span style=\"color: #ffffff;\">.<\/span><\/p>\n<p><strong>Programa\u00e7\u00e3o:<\/strong><\/p>\n<p>14h30 \u2014 Apresenta\u00e7\u00e3o do templo e pr\u00e1tica introdut\u00f3ria de medita\u00e7\u00e3o<\/p>\n<p>16h \u2014 Caminhada guiada pelos projetos ambientais e educativos<\/p>\n<p>17h \u2014 Caf\u00e9 compartilhado para confraterniza\u00e7\u00e3o<\/p>\n<p>18h &#8211; Limpeza e Harmoniza\u00e7\u00e3o do Refeit\u00f3rio.<br \/>\nVamos juntos cuidar do lugar que nos acolhe! Todos que puderem ficar alguns minutos a mais s\u00e3o bem-vindos.<\/p>\n<p>&nbsp;<\/p>\n<p><span style=\"color: #ffffff;\">\u00a0 \u00a0 \u00a0 \u00a0 \u00a0 \u00a0 \u00a0 \u00a0 \u00a0 \u00a0 \u00a0 \u00a0 \u00a0 \u00a0 \u00a0 \u00a0 \u00a0 \u00a0 \u00a0 \u00a0 \u00a0 \u00a0 \u00a0 \u00a0 \u00a0 \u00a0 \u00a0 \u00a0 \u00a0 \u00a0 \u00a0 \u00a0 \u00a0 \u00a0 \u00a0 \u00a0 \u00a0 \u00a0 \u00a0 \u00a0 \u00a0 \u00a0 \u00a0 \u00a0 \u00a0 \u00a0 \u00a0 \u00a0 \u00a0 \u00a0 \u00a0 \u00a0 \u00a0 \u00a0 \u00a0 \u00a0 \u00a0 \u00a0 \u00a0 \u00a0 \u00a0 \u00a0 \u00a0 \u00a0 \u00a0 \u00a0 \u00a0 \u00a0 \u00a0 \u00a0 \u00a0 \u00a0 \u00a0 \u00a0 \u00a0 \u00a0 \u00a0 .<\/span><\/p>\n<p><strong>\u2615 Caf\u00e9 Compartilhado:<\/strong><br \/>\nConvidamos todos para um momento de conv\u00edvio ap\u00f3s a caminhada!<br \/>\nNeste momento de tamb\u00e9m vamos celebrar o anivers\u00e1rio do nosso querido mestre Lama Padma Samten.<\/p>\n<p>Cada um pode trazer algo <strong>sem carne<\/strong> para compartilhar, de prefer\u00eancia salgado, para a nossa mesa coletiva.<\/p>\n<p><span style=\"color: #ffffff;\">.<\/span><\/p>\n<p class=\"ds-markdown-paragraph\"><em> Em paralelo ao caf\u00e9, os moradores da comunidade estar\u00e3o realizando um pequeno Bazar no mesmo espa\u00e7o, tornando o momento ainda mais especial para a conviv\u00eancia comunit\u00e1ria.<\/em><\/p>\n<p><span style=\"color: #ffffff;\">.<\/span><\/p>\n<p><strong>\ud83d\udcab Traga sua fam\u00edlia e amigos!<\/strong><br \/>\nEste \u00e9 um programa aberto a todos &#8211; sintam-se \u00e0 vontade para convidar familiares e amigos para viver essa experi\u00eancia conosco!<\/p>\n<p>&nbsp;<\/p>\n<p>Local: Av. Dom Pedro II, 6506 \u2013 Campininha, Quatro Barras\/PR<\/p>\n<p>&nbsp;<\/p>\n<p><strong>N\u00e3o \u00e9 necess\u00e1ria inscri\u00e7\u00e3o pr\u00e9via<\/strong>. Basta vir.<\/p>\n<p>Informa\u00e7\u00f5es: Dora <a href=\"https:\/\/wa.me\/5541998105794\">(41) 99810-5794<\/a> | Lidianne <a href=\"https:\/\/wa.me\/5541999926280\">(41) 99992-6280<\/a><\/p>\n<p>Que muitos seres possam se beneficiar!<\/p>\n<p>&nbsp;<\/p>\n<p><img decoding=\"async\" class=\"alignleft wp-image-97115\" src=\"https:\/\/cebb.org.br\/wp-content\/uploads\/2023\/03\/whasapp-2-1-169x169.jpeg\" alt=\"\" width=\"43\" height=\"43\" srcset=\"https:\/\/cebb.org.br\/wp-content\/uploads\/2023\/03\/whasapp-2-1-169x169.jpeg 169w, https:\/\/cebb.org.br\/wp-content\/uploads\/2023\/03\/whasapp-2-1.jpeg 224w\" sizes=\"(max-width: 43px) 100vw, 43px\" \/><\/p>\n<p><strong>Para receber a divulga\u00e7\u00e3o do CEBB Sukhavati por Whatsapp entre no <a href=\"https:\/\/chat.whatsapp.com\/EdugvQvTZoxKjZQSYT3ie5\">grupo!<\/a><\/strong>\u00a0(somente administradores podem enviar msgs)<\/p>\n<p>&nbsp;<\/p>\n<p><strong><span style=\"color: #000000; font-family: helvetica neue, helvetica, arial, verdana, sans-serif;\" data-darkreader-inline-color=\"\">Ser\u00e1 uma alegria receber voc\u00ea, sua fam\u00edlia e amigas(os) pra praticarmos juntas(os) e dedicarmos essa tarde de s\u00e1bado pra nos reunirmos em sanga \ud83d\ude42<\/span><\/strong><\/p>","protected":false},"excerpt":{"rendered":"<p>Dia 21 de Fevereiro de 2026 no CEBB Sukhavati &#8211; Quatro Barras\/RS &nbsp;<\/p>","protected":false},"author":27,"featured_media":120646,"comment_status":"open","ping_status":"open","sticky":false,"template":"","format":"standard","meta":{"footnotes":""},"categories":[415,341,353],"tags":[],"class_list":["post-120559","post","type-post","status-publish","format-standard","has-post-thumbnail","hentry","category-sukhavati","category-eventos-passados","category-pr"],"yoast_head":"<!-- This site is optimized with the Yoast SEO plugin v27.5 - https:\/\/yoast.com\/product\/yoast-seo-wordpress\/ -->\n<title>Portas Abertas do Centro Budista | Sukhavati - Centro de Estudos Budistas Bodisatva<\/title>\n<meta name=\"description\" content=\"No s\u00e1bado, 21 de Fevereiro, \u00e0s 14h30, o CEBB Sukhavati abre suas portas para quem deseja conhecer o espa\u00e7o, o templo e um pouco da vis\u00e3o budista que inspira as pr\u00e1ticas e projetos realizados aqui em Quatro Barras.\" \/>\n<meta name=\"robots\" content=\"index, follow, max-snippet:-1, max-image-preview:large, max-video-preview:-1\" \/>\n<link rel=\"canonical\" href=\"https:\/\/cebb.org.br\/fr\/portas-abertas-sukhavati-fevereiro\/\" \/>\n<meta property=\"og:locale\" content=\"fr_FR\" \/>\n<meta property=\"og:type\" content=\"article\" \/>\n<meta property=\"og:title\" content=\"Portas Abertas do Centro Budista | Sukhavati - Centro de Estudos Budistas Bodisatva\" \/>\n<meta property=\"og:description\" content=\"No s\u00e1bado, 21 de Fevereiro, \u00e0s 14h30, o CEBB Sukhavati abre suas portas para quem deseja conhecer o espa\u00e7o, o templo e um pouco da vis\u00e3o budista que inspira as pr\u00e1ticas e projetos realizados aqui em Quatro Barras.\" \/>\n<meta property=\"og:url\" content=\"https:\/\/cebb.org.br\/fr\/portas-abertas-sukhavati-fevereiro\/\" \/>\n<meta property=\"og:site_name\" content=\"Centro de Estudos Budistas Bodisatva\" \/>\n<meta property=\"article:publisher\" content=\"https:\/\/pt-br.facebook.com\/cebb108\" \/>\n<meta property=\"article:published_time\" content=\"2026-01-26T18:58:07+00:00\" \/>\n<meta property=\"article:modified_time\" content=\"2026-03-12T21:27:37+00:00\" \/>\n<meta property=\"og:image\" content=\"https:\/\/cebb.org.br\/wp-content\/uploads\/2026\/01\/Insta-Retiro-Setembro-2025-Post-para-Instagram-Miniatura-do-YouTube-4.png\" \/>\n\t<meta property=\"og:image:width\" content=\"1280\" \/>\n\t<meta property=\"og:image:height\" content=\"720\" \/>\n\t<meta property=\"og:image:type\" content=\"image\/png\" \/>\n<meta name=\"author\" content=\"andrefeijo\" \/>\n<meta name=\"twitter:card\" content=\"summary_large_image\" \/>\n<meta name=\"twitter:label1\" content=\"\u00c9crit par\" \/>\n\t<meta name=\"twitter:data1\" content=\"andrefeijo\" \/>\n\t<meta name=\"twitter:label2\" content=\"Dur\u00e9e de lecture estim\u00e9e\" \/>\n\t<meta name=\"twitter:data2\" content=\"2 minutes\" \/>\n<script type=\"application\/ld+json\" class=\"yoast-schema-graph\">{\"@context\":\"https:\\\/\\\/schema.org\",\"@graph\":[{\"@type\":\"Article\",\"@id\":\"https:\\\/\\\/cebb.org.br\\\/portas-abertas-sukhavati-fevereiro\\\/#article\",\"isPartOf\":{\"@id\":\"https:\\\/\\\/cebb.org.br\\\/portas-abertas-sukhavati-fevereiro\\\/\"},\"author\":{\"name\":\"andrefeijo\",\"@id\":\"https:\\\/\\\/cebb.org.br\\\/#\\\/schema\\\/person\\\/2dc22db8f37fb02f54a4463a29d0d833\"},\"headline\":\"Portas Abertas do Centro Budista | Sukhavati\",\"datePublished\":\"2026-01-26T18:58:07+00:00\",\"dateModified\":\"2026-03-12T21:27:37+00:00\",\"mainEntityOfPage\":{\"@id\":\"https:\\\/\\\/cebb.org.br\\\/portas-abertas-sukhavati-fevereiro\\\/\"},\"wordCount\":302,\"commentCount\":0,\"publisher\":{\"@id\":\"https:\\\/\\\/cebb.org.br\\\/#organization\"},\"image\":{\"@id\":\"https:\\\/\\\/cebb.org.br\\\/portas-abertas-sukhavati-fevereiro\\\/#primaryimage\"},\"thumbnailUrl\":\"https:\\\/\\\/cebb.org.br\\\/wp-content\\\/uploads\\\/2026\\\/01\\\/Insta-Retiro-Setembro-2025-Post-para-Instagram-Miniatura-do-YouTube-4.png\",\"articleSection\":[\"CEBB Sukhavati\",\"Eventos Passados\",\"PR\"],\"inLanguage\":\"fr-FR\",\"potentialAction\":[{\"@type\":\"CommentAction\",\"name\":\"Comment\",\"target\":[\"https:\\\/\\\/cebb.org.br\\\/portas-abertas-sukhavati-fevereiro\\\/#respond\"]}]},{\"@type\":\"WebPage\",\"@id\":\"https:\\\/\\\/cebb.org.br\\\/portas-abertas-sukhavati-fevereiro\\\/\",\"url\":\"https:\\\/\\\/cebb.org.br\\\/portas-abertas-sukhavati-fevereiro\\\/\",\"name\":\"Portas Abertas do Centro Budista | Sukhavati - Centro de Estudos Budistas Bodisatva\",\"isPartOf\":{\"@id\":\"https:\\\/\\\/cebb.org.br\\\/#website\"},\"primaryImageOfPage\":{\"@id\":\"https:\\\/\\\/cebb.org.br\\\/portas-abertas-sukhavati-fevereiro\\\/#primaryimage\"},\"image\":{\"@id\":\"https:\\\/\\\/cebb.org.br\\\/portas-abertas-sukhavati-fevereiro\\\/#primaryimage\"},\"thumbnailUrl\":\"https:\\\/\\\/cebb.org.br\\\/wp-content\\\/uploads\\\/2026\\\/01\\\/Insta-Retiro-Setembro-2025-Post-para-Instagram-Miniatura-do-YouTube-4.png\",\"datePublished\":\"2026-01-26T18:58:07+00:00\",\"dateModified\":\"2026-03-12T21:27:37+00:00\",\"description\":\"No s\u00e1bado, 21 de Fevereiro, \u00e0s 14h30, o CEBB Sukhavati abre suas portas para quem deseja conhecer o espa\u00e7o, o templo e um pouco da vis\u00e3o budista que inspira as pr\u00e1ticas e projetos realizados aqui em Quatro Barras.\",\"breadcrumb\":{\"@id\":\"https:\\\/\\\/cebb.org.br\\\/portas-abertas-sukhavati-fevereiro\\\/#breadcrumb\"},\"inLanguage\":\"fr-FR\",\"potentialAction\":[{\"@type\":\"ReadAction\",\"target\":[\"https:\\\/\\\/cebb.org.br\\\/portas-abertas-sukhavati-fevereiro\\\/\"]}]},{\"@type\":\"ImageObject\",\"inLanguage\":\"fr-FR\",\"@id\":\"https:\\\/\\\/cebb.org.br\\\/portas-abertas-sukhavati-fevereiro\\\/#primaryimage\",\"url\":\"https:\\\/\\\/cebb.org.br\\\/wp-content\\\/uploads\\\/2026\\\/01\\\/Insta-Retiro-Setembro-2025-Post-para-Instagram-Miniatura-do-YouTube-4.png\",\"contentUrl\":\"https:\\\/\\\/cebb.org.br\\\/wp-content\\\/uploads\\\/2026\\\/01\\\/Insta-Retiro-Setembro-2025-Post-para-Instagram-Miniatura-do-YouTube-4.png\",\"width\":1280,\"height\":720},{\"@type\":\"BreadcrumbList\",\"@id\":\"https:\\\/\\\/cebb.org.br\\\/portas-abertas-sukhavati-fevereiro\\\/#breadcrumb\",\"itemListElement\":[{\"@type\":\"ListItem\",\"position\":1,\"name\":\"Home\",\"item\":\"https:\\\/\\\/cebb.org.br\\\/\"},{\"@type\":\"ListItem\",\"position\":2,\"name\":\"Portas Abertas do Centro Budista | Sukhavati\"}]},{\"@type\":\"WebSite\",\"@id\":\"https:\\\/\\\/cebb.org.br\\\/#website\",\"url\":\"https:\\\/\\\/cebb.org.br\\\/\",\"name\":\"Centro de Estudos Budistas Bodisatva\",\"description\":\"Budismo, medita\u00e7\u00e3o e cultura de paz | Lama Padma Samten\",\"publisher\":{\"@id\":\"https:\\\/\\\/cebb.org.br\\\/#organization\"},\"potentialAction\":[{\"@type\":\"SearchAction\",\"target\":{\"@type\":\"EntryPoint\",\"urlTemplate\":\"https:\\\/\\\/cebb.org.br\\\/?s={search_term_string}\"},\"query-input\":{\"@type\":\"PropertyValueSpecification\",\"valueRequired\":true,\"valueName\":\"search_term_string\"}}],\"inLanguage\":\"fr-FR\"},{\"@type\":\"Organization\",\"@id\":\"https:\\\/\\\/cebb.org.br\\\/#organization\",\"name\":\"Centro de Estudos Budistas Bodisatva\",\"url\":\"https:\\\/\\\/cebb.org.br\\\/\",\"logo\":{\"@type\":\"ImageObject\",\"inLanguage\":\"fr-FR\",\"@id\":\"https:\\\/\\\/cebb.org.br\\\/#\\\/schema\\\/logo\\\/image\\\/\",\"url\":\"http:\\\/\\\/18.230.164.79\\\/wp-content\\\/uploads\\\/2011\\\/03\\\/logosalvador-peq-e1660064979551.jpg\",\"contentUrl\":\"http:\\\/\\\/18.230.164.79\\\/wp-content\\\/uploads\\\/2011\\\/03\\\/logosalvador-peq-e1660064979551.jpg\",\"width\":280,\"height\":231,\"caption\":\"Centro de Estudos Budistas Bodisatva\"},\"image\":{\"@id\":\"https:\\\/\\\/cebb.org.br\\\/#\\\/schema\\\/logo\\\/image\\\/\"},\"sameAs\":[\"https:\\\/\\\/pt-br.facebook.com\\\/cebb108\",\"https:\\\/\\\/www.instagram.com\\\/cebbcaminhodomeio\\\/\"]},{\"@type\":\"Person\",\"@id\":\"https:\\\/\\\/cebb.org.br\\\/#\\\/schema\\\/person\\\/2dc22db8f37fb02f54a4463a29d0d833\",\"name\":\"andrefeijo\",\"image\":{\"@type\":\"ImageObject\",\"inLanguage\":\"fr-FR\",\"@id\":\"https:\\\/\\\/secure.gravatar.com\\\/avatar\\\/1ee7cb1f8d7ac35730fbd2e2ef68a804b745833ab90cf5b91ac5cb139000c057?s=96&d=mm&r=g\",\"url\":\"https:\\\/\\\/secure.gravatar.com\\\/avatar\\\/1ee7cb1f8d7ac35730fbd2e2ef68a804b745833ab90cf5b91ac5cb139000c057?s=96&d=mm&r=g\",\"contentUrl\":\"https:\\\/\\\/secure.gravatar.com\\\/avatar\\\/1ee7cb1f8d7ac35730fbd2e2ef68a804b745833ab90cf5b91ac5cb139000c057?s=96&d=mm&r=g\",\"caption\":\"andrefeijo\"},\"url\":\"https:\\\/\\\/cebb.org.br\\\/fr\\\/author\\\/andrefeijo\\\/\"}]}<\/script>\n<!-- \/ Yoast SEO plugin. -->","yoast_head_json":{"title":"Portas Abertas do Centro Budista | Sukhavati - Centro de Estudos Budistas Bodisatva","description":"No s\u00e1bado, 21 de Fevereiro, \u00e0s 14h30, o CEBB Sukhavati abre suas portas para quem deseja conhecer o espa\u00e7o, o templo e um pouco da vis\u00e3o budista que inspira as pr\u00e1ticas e projetos realizados aqui em Quatro Barras.","robots":{"index":"index","follow":"follow","max-snippet":"max-snippet:-1","max-image-preview":"max-image-preview:large","max-video-preview":"max-video-preview:-1"},"canonical":"https:\/\/cebb.org.br\/fr\/portas-abertas-sukhavati-fevereiro\/","og_locale":"fr_FR","og_type":"article","og_title":"Portas Abertas do Centro Budista | Sukhavati - Centro de Estudos Budistas Bodisatva","og_description":"No s\u00e1bado, 21 de Fevereiro, \u00e0s 14h30, o CEBB Sukhavati abre suas portas para quem deseja conhecer o espa\u00e7o, o templo e um pouco da vis\u00e3o budista que inspira as pr\u00e1ticas e projetos realizados aqui em Quatro Barras.","og_url":"https:\/\/cebb.org.br\/fr\/portas-abertas-sukhavati-fevereiro\/","og_site_name":"Centro de Estudos Budistas Bodisatva","article_publisher":"https:\/\/pt-br.facebook.com\/cebb108","article_published_time":"2026-01-26T18:58:07+00:00","article_modified_time":"2026-03-12T21:27:37+00:00","og_image":[{"width":1280,"height":720,"url":"https:\/\/cebb.org.br\/wp-content\/uploads\/2026\/01\/Insta-Retiro-Setembro-2025-Post-para-Instagram-Miniatura-do-YouTube-4.png","type":"image\/png"}],"author":"andrefeijo","twitter_card":"summary_large_image","twitter_misc":{"\u00c9crit par":"andrefeijo","Dur\u00e9e de lecture estim\u00e9e":"2 minutes"},"schema":{"@context":"https:\/\/schema.org","@graph":[{"@type":"Article","@id":"https:\/\/cebb.org.br\/portas-abertas-sukhavati-fevereiro\/#article","isPartOf":{"@id":"https:\/\/cebb.org.br\/portas-abertas-sukhavati-fevereiro\/"},"author":{"name":"andrefeijo","@id":"https:\/\/cebb.org.br\/#\/schema\/person\/2dc22db8f37fb02f54a4463a29d0d833"},"headline":"Portas Abertas do Centro Budista | Sukhavati","datePublished":"2026-01-26T18:58:07+00:00","dateModified":"2026-03-12T21:27:37+00:00","mainEntityOfPage":{"@id":"https:\/\/cebb.org.br\/portas-abertas-sukhavati-fevereiro\/"},"wordCount":302,"commentCount":0,"publisher":{"@id":"https:\/\/cebb.org.br\/#organization"},"image":{"@id":"https:\/\/cebb.org.br\/portas-abertas-sukhavati-fevereiro\/#primaryimage"},"thumbnailUrl":"https:\/\/cebb.org.br\/wp-content\/uploads\/2026\/01\/Insta-Retiro-Setembro-2025-Post-para-Instagram-Miniatura-do-YouTube-4.png","articleSection":["CEBB Sukhavati","Eventos Passados","PR"],"inLanguage":"fr-FR","potentialAction":[{"@type":"CommentAction","name":"Comment","target":["https:\/\/cebb.org.br\/portas-abertas-sukhavati-fevereiro\/#respond"]}]},{"@type":"WebPage","@id":"https:\/\/cebb.org.br\/portas-abertas-sukhavati-fevereiro\/","url":"https:\/\/cebb.org.br\/portas-abertas-sukhavati-fevereiro\/","name":"Portas Abertas do Centro Budista | Sukhavati - Centro de Estudos Budistas Bodisatva","isPartOf":{"@id":"https:\/\/cebb.org.br\/#website"},"primaryImageOfPage":{"@id":"https:\/\/cebb.org.br\/portas-abertas-sukhavati-fevereiro\/#primaryimage"},"image":{"@id":"https:\/\/cebb.org.br\/portas-abertas-sukhavati-fevereiro\/#primaryimage"},"thumbnailUrl":"https:\/\/cebb.org.br\/wp-content\/uploads\/2026\/01\/Insta-Retiro-Setembro-2025-Post-para-Instagram-Miniatura-do-YouTube-4.png","datePublished":"2026-01-26T18:58:07+00:00","dateModified":"2026-03-12T21:27:37+00:00","description":"No s\u00e1bado, 21 de Fevereiro, \u00e0s 14h30, o CEBB Sukhavati abre suas portas para quem deseja conhecer o espa\u00e7o, o templo e um pouco da vis\u00e3o budista que inspira as pr\u00e1ticas e projetos realizados aqui em Quatro Barras.","breadcrumb":{"@id":"https:\/\/cebb.org.br\/portas-abertas-sukhavati-fevereiro\/#breadcrumb"},"inLanguage":"fr-FR","potentialAction":[{"@type":"ReadAction","target":["https:\/\/cebb.org.br\/portas-abertas-sukhavati-fevereiro\/"]}]},{"@type":"ImageObject","inLanguage":"fr-FR","@id":"https:\/\/cebb.org.br\/portas-abertas-sukhavati-fevereiro\/#primaryimage","url":"https:\/\/cebb.org.br\/wp-content\/uploads\/2026\/01\/Insta-Retiro-Setembro-2025-Post-para-Instagram-Miniatura-do-YouTube-4.png","contentUrl":"https:\/\/cebb.org.br\/wp-content\/uploads\/2026\/01\/Insta-Retiro-Setembro-2025-Post-para-Instagram-Miniatura-do-YouTube-4.png","width":1280,"height":720},{"@type":"BreadcrumbList","@id":"https:\/\/cebb.org.br\/portas-abertas-sukhavati-fevereiro\/#breadcrumb","itemListElement":[{"@type":"ListItem","position":1,"name":"Home","item":"https:\/\/cebb.org.br\/"},{"@type":"ListItem","position":2,"name":"Portas Abertas do Centro Budista | Sukhavati"}]},{"@type":"WebSite","@id":"https:\/\/cebb.org.br\/#website","url":"https:\/\/cebb.org.br\/","name":"Centre d\u2019\u00c9tudes Bouddhistes Bodisatva (CEBB)","description":"Budismo, medita\u00e7\u00e3o e cultura de paz | Lama Padma Samten","publisher":{"@id":"https:\/\/cebb.org.br\/#organization"},"potentialAction":[{"@type":"SearchAction","target":{"@type":"EntryPoint","urlTemplate":"https:\/\/cebb.org.br\/?s={search_term_string}"},"query-input":{"@type":"PropertyValueSpecification","valueRequired":true,"valueName":"search_term_string"}}],"inLanguage":"fr-FR"},{"@type":"Organization","@id":"https:\/\/cebb.org.br\/#organization","name":"Centre d\u2019\u00c9tudes Bouddhistes Bodisatva (CEBB)","url":"https:\/\/cebb.org.br\/","logo":{"@type":"ImageObject","inLanguage":"fr-FR","@id":"https:\/\/cebb.org.br\/#\/schema\/logo\/image\/","url":"http:\/\/18.230.164.79\/wp-content\/uploads\/2011\/03\/logosalvador-peq-e1660064979551.jpg","contentUrl":"http:\/\/18.230.164.79\/wp-content\/uploads\/2011\/03\/logosalvador-peq-e1660064979551.jpg","width":280,"height":231,"caption":"Centro de Estudos Budistas Bodisatva"},"image":{"@id":"https:\/\/cebb.org.br\/#\/schema\/logo\/image\/"},"sameAs":["https:\/\/pt-br.facebook.com\/cebb108","https:\/\/www.instagram.com\/cebbcaminhodomeio\/"]},{"@type":"Person","@id":"https:\/\/cebb.org.br\/#\/schema\/person\/2dc22db8f37fb02f54a4463a29d0d833","name":"andrefeijo","image":{"@type":"ImageObject","inLanguage":"fr-FR","@id":"https:\/\/secure.gravatar.com\/avatar\/1ee7cb1f8d7ac35730fbd2e2ef68a804b745833ab90cf5b91ac5cb139000c057?s=96&d=mm&r=g","url":"https:\/\/secure.gravatar.com\/avatar\/1ee7cb1f8d7ac35730fbd2e2ef68a804b745833ab90cf5b91ac5cb139000c057?s=96&d=mm&r=g","contentUrl":"https:\/\/secure.gravatar.com\/avatar\/1ee7cb1f8d7ac35730fbd2e2ef68a804b745833ab90cf5b91ac5cb139000c057?s=96&d=mm&r=g","caption":"andrefeijo"},"url":"https:\/\/cebb.org.br\/fr\/author\/andrefeijo\/"}]}},"_links":{"self":[{"href":"https:\/\/cebb.org.br\/fr\/wp-json\/wp\/v2\/posts\/120559","targetHints":{"allow":["GET"]}}],"collection":[{"href":"https:\/\/cebb.org.br\/fr\/wp-json\/wp\/v2\/posts"}],"about":[{"href":"https:\/\/cebb.org.br\/fr\/wp-json\/wp\/v2\/types\/post"}],"author":[{"embeddable":true,"href":"https:\/\/cebb.org.br\/fr\/wp-json\/wp\/v2\/users\/27"}],"replies":[{"embeddable":true,"href":"https:\/\/cebb.org.br\/fr\/wp-json\/wp\/v2\/comments?post=120559"}],"version-history":[{"count":5,"href":"https:\/\/cebb.org.br\/fr\/wp-json\/wp\/v2\/posts\/120559\/revisions"}],"predecessor-version":[{"id":120733,"href":"https:\/\/cebb.org.br\/fr\/wp-json\/wp\/v2\/posts\/120559\/revisions\/120733"}],"wp:featuredmedia":[{"embeddable":true,"href":"https:\/\/cebb.org.br\/fr\/wp-json\/wp\/v2\/media\/120646"}],"wp:attachment":[{"href":"https:\/\/cebb.org.br\/fr\/wp-json\/wp\/v2\/media?parent=120559"}],"wp:term":[{"taxonomy":"category","embeddable":true,"href":"https:\/\/cebb.org.br\/fr\/wp-json\/wp\/v2\/categories?post=120559"},{"taxonomy":"post_tag","embeddable":true,"href":"https:\/\/cebb.org.br\/fr\/wp-json\/wp\/v2\/tags?post=120559"}],"curies":[{"name":"wp","href":"https:\/\/api.w.org\/{rel}","templated":true}]}}